{"id":1952,"date":"2022-10-28T09:28:48","date_gmt":"2022-10-28T09:28:48","guid":{"rendered":"https:\/\/riberasalud.com\/polusa\/?p=1952"},"modified":"2022-10-28T09:28:49","modified_gmt":"2022-10-28T09:28:49","slug":"ribera-polusa-presenta-las-nuevas-unidades-del-dolor-y-el-sueno-en-su-iv-consejo-de-pacientes","status":"publish","type":"post","link":"https:\/\/riberasalud.com\/polusa\/ribera-polusa-presenta-las-nuevas-unidades-del-dolor-y-el-sueno-en-su-iv-consejo-de-pacientes\/","title":{"rendered":"Ribera Polusa presenta las nuevas unidades del Dolor y el Sue\u00f1o en su IV Consejo de Pacientes"},"content":{"rendered":"\n<ul class=\"wp-block-list\"><li>El \u00f3rgano que re\u00fane a representantes del hospital del grupo Ribera en Lugo y a un total de diez asociaciones recoge y analiza las propuestas y necesidades de pacientes con da\u00f1o cerebral, par\u00e1lisis cerebral, p\u00e1rkinson, alzh\u00e9imer, enfermedades renales, diabetes, c\u00e1ncer, esclerosis m\u00faltiple y diversidad funcional intelectual<\/li><li>Alcer, Adil, AECC, Afalu, Alucem, Apalu, Aspace, Aspnais y Cogami son las entidades que forman parte del Consejo de Pacientes, que cumpli\u00f3 un a\u00f1o el pasado verano<\/li><\/ul>\n\n\n\n<p>El&nbsp;<a href=\"https:\/\/riberasalud.com\/polusa\/\">hospital Ribera Polusa<\/a>&nbsp;reuni\u00f3 ayer a su Consejo de Pacientes en la cuarta sesi\u00f3n que celebra este organismo, para presentar las nuevas unidades del Dolor y el Sue\u00f1o del centro sanitario que gestiona el grupo sanitario Ribera en Lugo a las diez asociaciones que lo integran. La&nbsp;<a href=\"https:\/\/riberasalud.com\/polusa\/unidad-del-dolor\/\">Unidad del Dolor<\/a>&nbsp;comenz\u00f3 a pasar consulta hace una semana, con s\u00faperespecialistas en diagn\u00f3sticos complejos y tratamientos muy avanzados; y la del Sue\u00f1o se pondr\u00e1 en marcha en los pr\u00f3ximos d\u00edas.<\/p>\n\n\n\n<p>El consejo de Pacientes del hospital Ribera Polusa cumpli\u00f3 un a\u00f1o el pasado verano y en 16 meses se han celebrado cuatro reuniones con las asociaciones integrantes, con quienes el centro sanitario ha firmado acuerdos para una atenci\u00f3n integral, personalizada y de la m\u00e1xima calidad para&nbsp;personas con da\u00f1o cerebral, par\u00e1lisis cerebral, p\u00e1rkinson, alzh\u00e9imer, enfermedades renales, diabetes, c\u00e1ncer, esclerosis m\u00faltiple y diversidad funcional intelectual, y a sus familias.<\/p>\n\n\n\n<p>La directora de Enfermer\u00eda, Elena Matos, ejerci\u00f3 de anfitriona de un encuentro al que acudieron representantes de&nbsp;<a href=\"https:\/\/www.alcerlugo.org\/\">Alcer<\/a>(Asociaci\u00f3n para la lucha de las enfermedades renales),&nbsp;<a href=\"https:\/\/adacelugo.org\/\">Adace<\/a>&nbsp;(Asociaci\u00f3n Da\u00f1o Cerebral Adquirido),&nbsp;<a href=\"https:\/\/www.somospacientes.com\/adil\/\">Adil<\/a>&nbsp;(Asociaci\u00f3n de Diab\u00e9ticos de Lugo),&nbsp;<a href=\"https:\/\/www.contraelcancer.es\/es\/sobre-nosotros\/donde-estamos\/sede-lugo\">AECC<\/a>&nbsp;(Asociaci\u00f3n Espa\u00f1ola contra el C\u00e1ncer),&nbsp;<a href=\"https:\/\/afalu.org\/\">Afalu<\/a>&nbsp;(Asociaci\u00f3n de Familiares y Enfermos de Alzheimer de Lugo),&nbsp;<a href=\"https:\/\/esclerosismultiplegalicia.org\/ALUCEM_asociacion_lucense_de_esclerose_multiple_es.html\">Alucem<\/a>&nbsp;(Asociaci\u00f3n Lucense de Esclerosis M\u00faltiple,&nbsp;<a href=\"https:\/\/www.paxinasgalegas.es\/apalu-asociacion-parkinson-lugo-554447em.html\">Apalu<\/a>&nbsp;(Asociaci\u00f3n de P\u00e1rkinson de Lugo),&nbsp;<a href=\"https:\/\/aspace.org\/usuarios\/perfil_publico_entidad\/79\">Aspace<\/a>&nbsp;(Asociaci\u00f3n de Par\u00e1lisis Cerebral),&nbsp;<a href=\"http:\/\/www.aspnais.org\/\">Aspnais<\/a>&nbsp;(Asociaci\u00f3n de padres o tutores de personas con discapacidad intelectual de Lugo) y&nbsp;<a href=\"https:\/\/www.cogami.gal\/es_ES\/entidades-miembro\/asociaciones-miembro-directo-de-cogami\/cogami-lugo-federacion-de-asociacions-de-persoas-con-discapacidade-de-lugo\/\">Cogami<\/a>&nbsp;(Federaci\u00f3n de Asociaciones de Personas con Discapacidad de Lugo). La asociaci\u00f3n protagonista en este IV Consejo de Pacientes de Ribera Polusa fue Aspnais.<\/p>\n\n\n\n<p>Adem\u00e1s, por parte del hospital estuvieron presentes tambi\u00e9n los doctores Luis Senra (Medicina Interna) y Jose Manuel Pi\u00f1eiro (Medicina Familiar y Comunitaria). Este \u00faltimo, intervino en el Consejo para destacar la importancia de mantener una relaci\u00f3n fluida entre el hospital y las asociaciones de pacientes, con el fin de atender con la mayor diligencia las necesidades que plantean los representantes de los diferentes colectivos que se atienden en el centro.&nbsp;<\/p>\n\n\n\n<p>Adem\u00e1s, se explic\u00f3 a las asociaciones la apuesta de Ribera Polusa por el voluntariado corporativo, en la l\u00ednea del compromiso de todo el grupo Ribera con la&nbsp;<a href=\"https:\/\/riberasalud.com\/rsc\/\">Responsabilidad Social Corporativa (RSC)<\/a>&nbsp;y se cont\u00f3 la experiencia del equipo de Salud Mental, que recientemente particip\u00f3 en una etapa del Camino de Santiago, de la mano de la asociaci\u00f3n<a href=\"http:\/\/discamino.org\/es\/sample-page\/\">Discamino<\/a>, con quien el grupo sanitario tiene un acuerdo.<\/p>\n","protected":false},"excerpt":{"rendered":"<p>El \u00f3rgano que re\u00fane a representantes del hospital del grupo Ribera en Lugo y a un total de diez asociaciones recoge y analiza las propuestas y necesidades de pacientes con da\u00f1o cerebral, par\u00e1lisis cerebral, p\u00e1rkinson, alzh\u00e9imer, enfermedades renales, diabetes, c\u00e1ncer, esclerosis m\u00faltiple y diversidad funcional intelectual Alcer, Adil, AECC, Afalu, Alucem, Apalu, Aspace, Aspnais y &#8230; <a title=\"Ribera Polusa presenta las nuevas unidades del Dolor y el Sue\u00f1o en su IV Consejo de Pacientes\" class=\"read-more\" href=\"https:\/\/riberasalud.com\/polusa\/ribera-polusa-presenta-las-nuevas-unidades-del-dolor-y-el-sueno-en-su-iv-consejo-de-pacientes\/\" aria-label=\"Leer m\u00e1s sobre Ribera Polusa presenta las nuevas unidades del Dolor y el Sue\u00f1o en su IV Consejo de Pacientes\">Leer m\u00e1s<\/a><\/p>\n","protected":false},"author":2,"featured_media":1953,"comment_status":"closed","ping_status":"open","sticky":false,"template":"","format":"standard","meta":{"_coblocks_attr":"","_coblocks_dimensions":"","_coblocks_responsive_height":"","_coblocks_accordion_ie_support":"","_uag_custom_page_level_css":"","footnotes":""},"categories":[93],"tags":[108,18,50,106,107,105],"class_list":["post-1952","post","type-post","status-publish","format-standard","has-post-thumbnail","hentry","category-unidad-del-dolor","tag-alzheimer","tag-cancer","tag-dano-cerebral","tag-paralisis-cerebral","tag-parkinson","tag-unidad-del-dolor"],"featured_image_urls_v2":{"full":["https:\/\/riberasalud.com\/polusa\/wp-content\/uploads\/2022\/10\/221026-Consejo-de-pacientes-Polusa.jpg",800,533,false],"thumbnail":["https:\/\/riberasalud.com\/polusa\/wp-content\/uploads\/2022\/10\/221026-Consejo-de-pacientes-Polusa-150x150.jpg",150,150,true],"medium":["https:\/\/riberasalud.com\/polusa\/wp-content\/uploads\/2022\/10\/221026-Consejo-de-pacientes-Polusa-300x200.jpg",300,200,true],"medium_large":["https:\/\/riberasalud.com\/polusa\/wp-content\/uploads\/2022\/10\/221026-Consejo-de-pacientes-Polusa-768x512.jpg",768,512,true],"large":["https:\/\/riberasalud.com\/polusa\/wp-content\/uploads\/2022\/10\/221026-Consejo-de-pacientes-Polusa.jpg",800,533,false],"xl":["https:\/\/riberasalud.com\/polusa\/wp-content\/uploads\/2022\/10\/221026-Consejo-de-pacientes-Polusa.jpg",800,533,false],"xxl":["https:\/\/riberasalud.com\/polusa\/wp-content\/uploads\/2022\/10\/221026-Consejo-de-pacientes-Polusa.jpg",800,533,false],"xxxl":["https:\/\/riberasalud.com\/polusa\/wp-content\/uploads\/2022\/10\/221026-Consejo-de-pacientes-Polusa.jpg",800,533,false],"xxxxl":["https:\/\/riberasalud.com\/polusa\/wp-content\/uploads\/2022\/10\/221026-Consejo-de-pacientes-Polusa.jpg",800,533,false],"xxxxxl":["https:\/\/riberasalud.com\/polusa\/wp-content\/uploads\/2022\/10\/221026-Consejo-de-pacientes-Polusa.jpg",800,533,false],"1536x1536":["https:\/\/riberasalud.com\/polusa\/wp-content\/uploads\/2022\/10\/221026-Consejo-de-pacientes-Polusa.jpg",800,533,false],"2048x2048":["https:\/\/riberasalud.com\/polusa\/wp-content\/uploads\/2022\/10\/221026-Consejo-de-pacientes-Polusa.jpg",800,533,false]},"post_excerpt_stackable_v2":"<p>El \u00f3rgano que re\u00fane a representantes del hospital del grupo Ribera en Lugo y a un total de diez asociaciones recoge y analiza las propuestas y necesidades de pacientes con da\u00f1o cerebral, par\u00e1lisis cerebral, p\u00e1rkinson, alzh\u00e9imer, enfermedades renales, diabetes, c\u00e1ncer, esclerosis m\u00faltiple y diversidad funcional intelectualAlcer, Adil, AECC, Afalu, Alucem, Apalu, Aspace, Aspnais y Cogami son las entidades que forman parte del Consejo de Pacientes, que cumpli\u00f3 un a\u00f1o el pasado verano El&nbsp;hospital Ribera Polusa&nbsp;reuni\u00f3 ayer a su Consejo de Pacientes en la cuarta sesi\u00f3n que celebra este organismo, para presentar las nuevas unidades del Dolor y el Sue\u00f1o del&hellip;<\/p>\n","category_list_v2":"<a href=\"https:\/\/riberasalud.com\/polusa\/category\/unidad-del-dolor\/\" rel=\"category tag\">Unidad del Dolor<\/a>","author_info_v2":{"name":"marsanchez","url":"https:\/\/riberasalud.com\/polusa\/author\/marsanchez\/"},"comments_num_v2":"0 comentarios","yoast_head":"<!-- This site is optimized with the Yoast SEO plugin v26.6 - https:\/\/yoast.com\/wordpress\/plugins\/seo\/ -->\n<title>\u25b7 Ribera Polusa presenta las nuevas unidades del Dolor y el Sue\u00f1o en su IV Consejo de Pacientes | Hospital Ribera Polusa<\/title>\n<meta name=\"description\" content=\"lll\u1405 El \u00f3rgano que re\u00fane a representantes del hospital y a asociaciones recoge y analiza las propuestas y necesidades de pacientes \u2705\" \/>\n<meta name=\"robots\" content=\"index, follow, max-snippet:-1, max-image-preview:large, max-video-preview:-1\" \/>\n<link rel=\"canonical\" href=\"https:\/\/riberasalud.com\/polusa\/ribera-polusa-presenta-las-nuevas-unidades-del-dolor-y-el-sueno-en-su-iv-consejo-de-pacientes\/\" \/>\n<meta property=\"og:locale\" content=\"es_ES\" \/>\n<meta property=\"og:type\" content=\"article\" \/>\n<meta property=\"og:title\" content=\"\u25b7 Ribera Polusa presenta las nuevas unidades del Dolor y el Sue\u00f1o en su IV Consejo de Pacientes | Hospital Ribera Polusa\" \/>\n<meta property=\"og:description\" content=\"lll\u1405 El \u00f3rgano que re\u00fane a representantes del hospital y a asociaciones recoge y analiza las propuestas y necesidades de pacientes \u2705\" \/>\n<meta property=\"og:url\" content=\"https:\/\/riberasalud.com\/polusa\/ribera-polusa-presenta-las-nuevas-unidades-del-dolor-y-el-sueno-en-su-iv-consejo-de-pacientes\/\" \/>\n<meta property=\"og:site_name\" content=\"Hospital Ribera Polusa\" \/>\n<meta property=\"article:published_time\" content=\"2022-10-28T09:28:48+00:00\" \/>\n<meta property=\"article:modified_time\" content=\"2022-10-28T09:28:49+00:00\" \/>\n<meta property=\"og:image\" content=\"https:\/\/riberasalud.com\/polusa\/wp-content\/uploads\/2022\/10\/221026-Consejo-de-pacientes-Polusa.jpg\" \/>\n\t<meta property=\"og:image:width\" content=\"800\" \/>\n\t<meta property=\"og:image:height\" content=\"533\" \/>\n\t<meta property=\"og:image:type\" content=\"image\/jpeg\" \/>\n<meta name=\"author\" content=\"marsanchez\" \/>\n<meta name=\"twitter:card\" content=\"summary_large_image\" \/>\n<meta name=\"twitter:label1\" content=\"Escrito por\" \/>\n\t<meta name=\"twitter:data1\" content=\"marsanchez\" \/>\n\t<meta name=\"twitter:label2\" content=\"Tiempo de lectura\" \/>\n\t<meta name=\"twitter:data2\" content=\"3 minutos\" \/>\n<script type=\"application\/ld+json\" class=\"yoast-schema-graph\">{\"@context\":\"https:\/\/schema.org\",\"@graph\":[{\"@type\":\"Article\",\"@id\":\"https:\/\/riberasalud.com\/polusa\/ribera-polusa-presenta-las-nuevas-unidades-del-dolor-y-el-sueno-en-su-iv-consejo-de-pacientes\/#article\",\"isPartOf\":{\"@id\":\"https:\/\/riberasalud.com\/polusa\/ribera-polusa-presenta-las-nuevas-unidades-del-dolor-y-el-sueno-en-su-iv-consejo-de-pacientes\/\"},\"author\":{\"name\":\"marsanchez\",\"@id\":\"https:\/\/riberasalud.com\/polusa\/#\/schema\/person\/a38f9b613e19bf74612664e9f501139b\"},\"headline\":\"Ribera Polusa presenta las nuevas unidades del Dolor y el Sue\u00f1o en su IV Consejo de Pacientes\",\"datePublished\":\"2022-10-28T09:28:48+00:00\",\"dateModified\":\"2022-10-28T09:28:49+00:00\",\"mainEntityOfPage\":{\"@id\":\"https:\/\/riberasalud.com\/polusa\/ribera-polusa-presenta-las-nuevas-unidades-del-dolor-y-el-sueno-en-su-iv-consejo-de-pacientes\/\"},\"wordCount\":557,\"publisher\":{\"@id\":\"https:\/\/riberasalud.com\/polusa\/#organization\"},\"image\":{\"@id\":\"https:\/\/riberasalud.com\/polusa\/ribera-polusa-presenta-las-nuevas-unidades-del-dolor-y-el-sueno-en-su-iv-consejo-de-pacientes\/#primaryimage\"},\"thumbnailUrl\":\"https:\/\/riberasalud.com\/polusa\/wp-content\/uploads\/2022\/10\/221026-Consejo-de-pacientes-Polusa.jpg\",\"keywords\":[\"alzh\u00e9imer\",\"c\u00e1ncer\",\"da\u00f1o cerebral\",\"par\u00e1lisis cerebral\",\"p\u00e1rkinson\",\"unidad del dolor\"],\"articleSection\":[\"Unidad del Dolor\"],\"inLanguage\":\"es\"},{\"@type\":\"WebPage\",\"@id\":\"https:\/\/riberasalud.com\/polusa\/ribera-polusa-presenta-las-nuevas-unidades-del-dolor-y-el-sueno-en-su-iv-consejo-de-pacientes\/\",\"url\":\"https:\/\/riberasalud.com\/polusa\/ribera-polusa-presenta-las-nuevas-unidades-del-dolor-y-el-sueno-en-su-iv-consejo-de-pacientes\/\",\"name\":\"\u25b7 Ribera Polusa presenta las nuevas unidades del Dolor y el Sue\u00f1o en su IV Consejo de Pacientes | Hospital Ribera Polusa\",\"isPartOf\":{\"@id\":\"https:\/\/riberasalud.com\/polusa\/#website\"},\"primaryImageOfPage\":{\"@id\":\"https:\/\/riberasalud.com\/polusa\/ribera-polusa-presenta-las-nuevas-unidades-del-dolor-y-el-sueno-en-su-iv-consejo-de-pacientes\/#primaryimage\"},\"image\":{\"@id\":\"https:\/\/riberasalud.com\/polusa\/ribera-polusa-presenta-las-nuevas-unidades-del-dolor-y-el-sueno-en-su-iv-consejo-de-pacientes\/#primaryimage\"},\"thumbnailUrl\":\"https:\/\/riberasalud.com\/polusa\/wp-content\/uploads\/2022\/10\/221026-Consejo-de-pacientes-Polusa.jpg\",\"datePublished\":\"2022-10-28T09:28:48+00:00\",\"dateModified\":\"2022-10-28T09:28:49+00:00\",\"description\":\"lll\u1405 El \u00f3rgano que re\u00fane a representantes del hospital y a asociaciones recoge y analiza las propuestas y necesidades de pacientes \u2705\",\"breadcrumb\":{\"@id\":\"https:\/\/riberasalud.com\/polusa\/ribera-polusa-presenta-las-nuevas-unidades-del-dolor-y-el-sueno-en-su-iv-consejo-de-pacientes\/#breadcrumb\"},\"inLanguage\":\"es\",\"potentialAction\":[{\"@type\":\"ReadAction\",\"target\":[\"https:\/\/riberasalud.com\/polusa\/ribera-polusa-presenta-las-nuevas-unidades-del-dolor-y-el-sueno-en-su-iv-consejo-de-pacientes\/\"]}]},{\"@type\":\"ImageObject\",\"inLanguage\":\"es\",\"@id\":\"https:\/\/riberasalud.com\/polusa\/ribera-polusa-presenta-las-nuevas-unidades-del-dolor-y-el-sueno-en-su-iv-consejo-de-pacientes\/#primaryimage\",\"url\":\"https:\/\/riberasalud.com\/polusa\/wp-content\/uploads\/2022\/10\/221026-Consejo-de-pacientes-Polusa.jpg\",\"contentUrl\":\"https:\/\/riberasalud.com\/polusa\/wp-content\/uploads\/2022\/10\/221026-Consejo-de-pacientes-Polusa.jpg\",\"width\":800,\"height\":533,\"caption\":\"consejo de pacientes\"},{\"@type\":\"BreadcrumbList\",\"@id\":\"https:\/\/riberasalud.com\/polusa\/ribera-polusa-presenta-las-nuevas-unidades-del-dolor-y-el-sueno-en-su-iv-consejo-de-pacientes\/#breadcrumb\",\"itemListElement\":[{\"@type\":\"ListItem\",\"position\":1,\"name\":\"Portada\",\"item\":\"https:\/\/riberasalud.com\/polusa\/\"},{\"@type\":\"ListItem\",\"position\":2,\"name\":\"Ribera Polusa presenta las nuevas unidades del Dolor y el Sue\u00f1o en su IV Consejo de Pacientes\"}]},{\"@type\":\"WebSite\",\"@id\":\"https:\/\/riberasalud.com\/polusa\/#website\",\"url\":\"https:\/\/riberasalud.com\/polusa\/\",\"name\":\"Hospital Ribera Polusa\",\"description\":\"\",\"publisher\":{\"@id\":\"https:\/\/riberasalud.com\/polusa\/#organization\"},\"potentialAction\":[{\"@type\":\"SearchAction\",\"target\":{\"@type\":\"EntryPoint\",\"urlTemplate\":\"https:\/\/riberasalud.com\/polusa\/?s={search_term_string}\"},\"query-input\":{\"@type\":\"PropertyValueSpecification\",\"valueRequired\":true,\"valueName\":\"search_term_string\"}}],\"inLanguage\":\"es\"},{\"@type\":\"Organization\",\"@id\":\"https:\/\/riberasalud.com\/polusa\/#organization\",\"name\":\"Hospital Ribera Polusa\",\"url\":\"https:\/\/riberasalud.com\/polusa\/\",\"logo\":{\"@type\":\"ImageObject\",\"inLanguage\":\"es\",\"@id\":\"https:\/\/riberasalud.com\/polusa\/#\/schema\/logo\/image\/\",\"url\":\"https:\/\/riberasalud.com\/polusa\/wp-content\/uploads\/2025\/12\/cropped-cropped-Logo-Red-Polusa-300x76-1.png\",\"contentUrl\":\"https:\/\/riberasalud.com\/polusa\/wp-content\/uploads\/2025\/12\/cropped-cropped-Logo-Red-Polusa-300x76-1.png\",\"width\":300,\"height\":76,\"caption\":\"Hospital Ribera Polusa\"},\"image\":{\"@id\":\"https:\/\/riberasalud.com\/polusa\/#\/schema\/logo\/image\/\"}},{\"@type\":\"Person\",\"@id\":\"https:\/\/riberasalud.com\/polusa\/#\/schema\/person\/a38f9b613e19bf74612664e9f501139b\",\"name\":\"marsanchez\",\"image\":{\"@type\":\"ImageObject\",\"inLanguage\":\"es\",\"@id\":\"https:\/\/riberasalud.com\/polusa\/#\/schema\/person\/image\/\",\"url\":\"https:\/\/secure.gravatar.com\/avatar\/9db1181c394bec9505d449c90a21b5363cc35ad9a76f60f11a304b23bb0e8dd4?s=96&d=mm&r=g\",\"contentUrl\":\"https:\/\/secure.gravatar.com\/avatar\/9db1181c394bec9505d449c90a21b5363cc35ad9a76f60f11a304b23bb0e8dd4?s=96&d=mm&r=g\",\"caption\":\"marsanchez\"},\"url\":\"https:\/\/riberasalud.com\/polusa\/author\/marsanchez\/\"}]}<\/script>\n<!-- \/ Yoast SEO plugin. -->","yoast_head_json":{"title":"\u25b7 Ribera Polusa presenta las nuevas unidades del Dolor y el Sue\u00f1o en su IV Consejo de Pacientes | Hospital Ribera Polusa","description":"lll\u1405 El \u00f3rgano que re\u00fane a representantes del hospital y a asociaciones recoge y analiza las propuestas y necesidades de pacientes \u2705","robots":{"index":"index","follow":"follow","max-snippet":"max-snippet:-1","max-image-preview":"max-image-preview:large","max-video-preview":"max-video-preview:-1"},"canonical":"https:\/\/riberasalud.com\/polusa\/ribera-polusa-presenta-las-nuevas-unidades-del-dolor-y-el-sueno-en-su-iv-consejo-de-pacientes\/","og_locale":"es_ES","og_type":"article","og_title":"\u25b7 Ribera Polusa presenta las nuevas unidades del Dolor y el Sue\u00f1o en su IV Consejo de Pacientes | Hospital Ribera Polusa","og_description":"lll\u1405 El \u00f3rgano que re\u00fane a representantes del hospital y a asociaciones recoge y analiza las propuestas y necesidades de pacientes \u2705","og_url":"https:\/\/riberasalud.com\/polusa\/ribera-polusa-presenta-las-nuevas-unidades-del-dolor-y-el-sueno-en-su-iv-consejo-de-pacientes\/","og_site_name":"Hospital Ribera Polusa","article_published_time":"2022-10-28T09:28:48+00:00","article_modified_time":"2022-10-28T09:28:49+00:00","og_image":[{"width":800,"height":533,"url":"https:\/\/riberasalud.com\/polusa\/wp-content\/uploads\/2022\/10\/221026-Consejo-de-pacientes-Polusa.jpg","type":"image\/jpeg"}],"author":"marsanchez","twitter_card":"summary_large_image","twitter_misc":{"Escrito por":"marsanchez","Tiempo de lectura":"3 minutos"},"schema":{"@context":"https:\/\/schema.org","@graph":[{"@type":"Article","@id":"https:\/\/riberasalud.com\/polusa\/ribera-polusa-presenta-las-nuevas-unidades-del-dolor-y-el-sueno-en-su-iv-consejo-de-pacientes\/#article","isPartOf":{"@id":"https:\/\/riberasalud.com\/polusa\/ribera-polusa-presenta-las-nuevas-unidades-del-dolor-y-el-sueno-en-su-iv-consejo-de-pacientes\/"},"author":{"name":"marsanchez","@id":"https:\/\/riberasalud.com\/polusa\/#\/schema\/person\/a38f9b613e19bf74612664e9f501139b"},"headline":"Ribera Polusa presenta las nuevas unidades del Dolor y el Sue\u00f1o en su IV Consejo de Pacientes","datePublished":"2022-10-28T09:28:48+00:00","dateModified":"2022-10-28T09:28:49+00:00","mainEntityOfPage":{"@id":"https:\/\/riberasalud.com\/polusa\/ribera-polusa-presenta-las-nuevas-unidades-del-dolor-y-el-sueno-en-su-iv-consejo-de-pacientes\/"},"wordCount":557,"publisher":{"@id":"https:\/\/riberasalud.com\/polusa\/#organization"},"image":{"@id":"https:\/\/riberasalud.com\/polusa\/ribera-polusa-presenta-las-nuevas-unidades-del-dolor-y-el-sueno-en-su-iv-consejo-de-pacientes\/#primaryimage"},"thumbnailUrl":"https:\/\/riberasalud.com\/polusa\/wp-content\/uploads\/2022\/10\/221026-Consejo-de-pacientes-Polusa.jpg","keywords":["alzh\u00e9imer","c\u00e1ncer","da\u00f1o cerebral","par\u00e1lisis cerebral","p\u00e1rkinson","unidad del dolor"],"articleSection":["Unidad del Dolor"],"inLanguage":"es"},{"@type":"WebPage","@id":"https:\/\/riberasalud.com\/polusa\/ribera-polusa-presenta-las-nuevas-unidades-del-dolor-y-el-sueno-en-su-iv-consejo-de-pacientes\/","url":"https:\/\/riberasalud.com\/polusa\/ribera-polusa-presenta-las-nuevas-unidades-del-dolor-y-el-sueno-en-su-iv-consejo-de-pacientes\/","name":"\u25b7 Ribera Polusa presenta las nuevas unidades del Dolor y el Sue\u00f1o en su IV Consejo de Pacientes | Hospital Ribera Polusa","isPartOf":{"@id":"https:\/\/riberasalud.com\/polusa\/#website"},"primaryImageOfPage":{"@id":"https:\/\/riberasalud.com\/polusa\/ribera-polusa-presenta-las-nuevas-unidades-del-dolor-y-el-sueno-en-su-iv-consejo-de-pacientes\/#primaryimage"},"image":{"@id":"https:\/\/riberasalud.com\/polusa\/ribera-polusa-presenta-las-nuevas-unidades-del-dolor-y-el-sueno-en-su-iv-consejo-de-pacientes\/#primaryimage"},"thumbnailUrl":"https:\/\/riberasalud.com\/polusa\/wp-content\/uploads\/2022\/10\/221026-Consejo-de-pacientes-Polusa.jpg","datePublished":"2022-10-28T09:28:48+00:00","dateModified":"2022-10-28T09:28:49+00:00","description":"lll\u1405 El \u00f3rgano que re\u00fane a representantes del hospital y a asociaciones recoge y analiza las propuestas y necesidades de pacientes \u2705","breadcrumb":{"@id":"https:\/\/riberasalud.com\/polusa\/ribera-polusa-presenta-las-nuevas-unidades-del-dolor-y-el-sueno-en-su-iv-consejo-de-pacientes\/#breadcrumb"},"inLanguage":"es","potentialAction":[{"@type":"ReadAction","target":["https:\/\/riberasalud.com\/polusa\/ribera-polusa-presenta-las-nuevas-unidades-del-dolor-y-el-sueno-en-su-iv-consejo-de-pacientes\/"]}]},{"@type":"ImageObject","inLanguage":"es","@id":"https:\/\/riberasalud.com\/polusa\/ribera-polusa-presenta-las-nuevas-unidades-del-dolor-y-el-sueno-en-su-iv-consejo-de-pacientes\/#primaryimage","url":"https:\/\/riberasalud.com\/polusa\/wp-content\/uploads\/2022\/10\/221026-Consejo-de-pacientes-Polusa.jpg","contentUrl":"https:\/\/riberasalud.com\/polusa\/wp-content\/uploads\/2022\/10\/221026-Consejo-de-pacientes-Polusa.jpg","width":800,"height":533,"caption":"consejo de pacientes"},{"@type":"BreadcrumbList","@id":"https:\/\/riberasalud.com\/polusa\/ribera-polusa-presenta-las-nuevas-unidades-del-dolor-y-el-sueno-en-su-iv-consejo-de-pacientes\/#breadcrumb","itemListElement":[{"@type":"ListItem","position":1,"name":"Portada","item":"https:\/\/riberasalud.com\/polusa\/"},{"@type":"ListItem","position":2,"name":"Ribera Polusa presenta las nuevas unidades del Dolor y el Sue\u00f1o en su IV Consejo de Pacientes"}]},{"@type":"WebSite","@id":"https:\/\/riberasalud.com\/polusa\/#website","url":"https:\/\/riberasalud.com\/polusa\/","name":"Hospital Ribera Polusa","description":"","publisher":{"@id":"https:\/\/riberasalud.com\/polusa\/#organization"},"potentialAction":[{"@type":"SearchAction","target":{"@type":"EntryPoint","urlTemplate":"https:\/\/riberasalud.com\/polusa\/?s={search_term_string}"},"query-input":{"@type":"PropertyValueSpecification","valueRequired":true,"valueName":"search_term_string"}}],"inLanguage":"es"},{"@type":"Organization","@id":"https:\/\/riberasalud.com\/polusa\/#organization","name":"Hospital Ribera Polusa","url":"https:\/\/riberasalud.com\/polusa\/","logo":{"@type":"ImageObject","inLanguage":"es","@id":"https:\/\/riberasalud.com\/polusa\/#\/schema\/logo\/image\/","url":"https:\/\/riberasalud.com\/polusa\/wp-content\/uploads\/2025\/12\/cropped-cropped-Logo-Red-Polusa-300x76-1.png","contentUrl":"https:\/\/riberasalud.com\/polusa\/wp-content\/uploads\/2025\/12\/cropped-cropped-Logo-Red-Polusa-300x76-1.png","width":300,"height":76,"caption":"Hospital Ribera Polusa"},"image":{"@id":"https:\/\/riberasalud.com\/polusa\/#\/schema\/logo\/image\/"}},{"@type":"Person","@id":"https:\/\/riberasalud.com\/polusa\/#\/schema\/person\/a38f9b613e19bf74612664e9f501139b","name":"marsanchez","image":{"@type":"ImageObject","inLanguage":"es","@id":"https:\/\/riberasalud.com\/polusa\/#\/schema\/person\/image\/","url":"https:\/\/secure.gravatar.com\/avatar\/9db1181c394bec9505d449c90a21b5363cc35ad9a76f60f11a304b23bb0e8dd4?s=96&d=mm&r=g","contentUrl":"https:\/\/secure.gravatar.com\/avatar\/9db1181c394bec9505d449c90a21b5363cc35ad9a76f60f11a304b23bb0e8dd4?s=96&d=mm&r=g","caption":"marsanchez"},"url":"https:\/\/riberasalud.com\/polusa\/author\/marsanchez\/"}]}},"pbg_featured_image_src":{"full":["https:\/\/riberasalud.com\/polusa\/wp-content\/uploads\/2022\/10\/221026-Consejo-de-pacientes-Polusa.jpg",800,533,false],"thumbnail":["https:\/\/riberasalud.com\/polusa\/wp-content\/uploads\/2022\/10\/221026-Consejo-de-pacientes-Polusa-150x150.jpg",150,150,true],"medium":["https:\/\/riberasalud.com\/polusa\/wp-content\/uploads\/2022\/10\/221026-Consejo-de-pacientes-Polusa-300x200.jpg",300,200,true],"medium_large":["https:\/\/riberasalud.com\/polusa\/wp-content\/uploads\/2022\/10\/221026-Consejo-de-pacientes-Polusa-768x512.jpg",768,512,true],"large":["https:\/\/riberasalud.com\/polusa\/wp-content\/uploads\/2022\/10\/221026-Consejo-de-pacientes-Polusa.jpg",800,533,false],"xl":["https:\/\/riberasalud.com\/polusa\/wp-content\/uploads\/2022\/10\/221026-Consejo-de-pacientes-Polusa.jpg",800,533,false],"xxl":["https:\/\/riberasalud.com\/polusa\/wp-content\/uploads\/2022\/10\/221026-Consejo-de-pacientes-Polusa.jpg",800,533,false],"xxxl":["https:\/\/riberasalud.com\/polusa\/wp-content\/uploads\/2022\/10\/221026-Consejo-de-pacientes-Polusa.jpg",800,533,false],"xxxxl":["https:\/\/riberasalud.com\/polusa\/wp-content\/uploads\/2022\/10\/221026-Consejo-de-pacientes-Polusa.jpg",800,533,false],"xxxxxl":["https:\/\/riberasalud.com\/polusa\/wp-content\/uploads\/2022\/10\/221026-Consejo-de-pacientes-Polusa.jpg",800,533,false],"1536x1536":["https:\/\/riberasalud.com\/polusa\/wp-content\/uploads\/2022\/10\/221026-Consejo-de-pacientes-Polusa.jpg",800,533,false],"2048x2048":["https:\/\/riberasalud.com\/polusa\/wp-content\/uploads\/2022\/10\/221026-Consejo-de-pacientes-Polusa.jpg",800,533,false]},"pbg_author_info":{"display_name":"marsanchez","author_link":"https:\/\/riberasalud.com\/polusa\/author\/marsanchez\/","author_img":"<img alt='marsanchez' src='https:\/\/secure.gravatar.com\/avatar\/9db1181c394bec9505d449c90a21b5363cc35ad9a76f60f11a304b23bb0e8dd4?s=128&#038;d=mm&#038;r=g' srcset='https:\/\/secure.gravatar.com\/avatar\/9db1181c394bec9505d449c90a21b5363cc35ad9a76f60f11a304b23bb0e8dd4?s=256&#038;d=mm&#038;r=g 2x' class='avatar avatar-128 photo' height='128' width='128' loading='lazy' decoding='async'\/>"},"pbg_comment_info":" No Comments","pbg_excerpt":"El \u00f3rgano que re\u00fane a representantes del hospital del grupo Ribera en Lugo y a un total de diez asociaciones recoge y analiza las propuestas y necesidades de pacientes con da\u00f1o cerebral, par\u00e1lisis cerebral, p\u00e1rkinson, alzh\u00e9imer, enfermedades renales, diabetes, c\u00e1ncer, esclerosis m\u00faltiple y diversidad funcional intelectual Alcer, Adil, AECC, Afalu, Alucem, Apalu, Aspace, Aspnais y&hellip;","uagb_featured_image_src":{"full":["https:\/\/riberasalud.com\/polusa\/wp-content\/uploads\/2022\/10\/221026-Consejo-de-pacientes-Polusa.jpg",800,533,false],"thumbnail":["https:\/\/riberasalud.com\/polusa\/wp-content\/uploads\/2022\/10\/221026-Consejo-de-pacientes-Polusa-150x150.jpg",150,150,true],"medium":["https:\/\/riberasalud.com\/polusa\/wp-content\/uploads\/2022\/10\/221026-Consejo-de-pacientes-Polusa-300x200.jpg",300,200,true],"medium_large":["https:\/\/riberasalud.com\/polusa\/wp-content\/uploads\/2022\/10\/221026-Consejo-de-pacientes-Polusa-768x512.jpg",768,512,true],"large":["https:\/\/riberasalud.com\/polusa\/wp-content\/uploads\/2022\/10\/221026-Consejo-de-pacientes-Polusa.jpg",800,533,false],"xl":["https:\/\/riberasalud.com\/polusa\/wp-content\/uploads\/2022\/10\/221026-Consejo-de-pacientes-Polusa.jpg",800,533,false],"xxl":["https:\/\/riberasalud.com\/polusa\/wp-content\/uploads\/2022\/10\/221026-Consejo-de-pacientes-Polusa.jpg",800,533,false],"xxxl":["https:\/\/riberasalud.com\/polusa\/wp-content\/uploads\/2022\/10\/221026-Consejo-de-pacientes-Polusa.jpg",800,533,false],"xxxxl":["https:\/\/riberasalud.com\/polusa\/wp-content\/uploads\/2022\/10\/221026-Consejo-de-pacientes-Polusa.jpg",800,533,false],"xxxxxl":["https:\/\/riberasalud.com\/polusa\/wp-content\/uploads\/2022\/10\/221026-Consejo-de-pacientes-Polusa.jpg",800,533,false],"1536x1536":["https:\/\/riberasalud.com\/polusa\/wp-content\/uploads\/2022\/10\/221026-Consejo-de-pacientes-Polusa.jpg",800,533,false],"2048x2048":["https:\/\/riberasalud.com\/polusa\/wp-content\/uploads\/2022\/10\/221026-Consejo-de-pacientes-Polusa.jpg",800,533,false]},"uagb_author_info":{"display_name":"marsanchez","author_link":"https:\/\/riberasalud.com\/polusa\/author\/marsanchez\/"},"uagb_comment_info":0,"uagb_excerpt":"El \u00f3rgano que re\u00fane a representantes del hospital del grupo Ribera en Lugo y a un total de diez asociaciones recoge y analiza las propuestas y necesidades de pacientes con da\u00f1o cerebral, par\u00e1lisis cerebral, p\u00e1rkinson, alzh\u00e9imer, enfermedades renales, diabetes, c\u00e1ncer, esclerosis m\u00faltiple y diversidad funcional intelectual Alcer, Adil, AECC, Afalu, Alucem, Apalu, Aspace, Aspnais y&hellip;","_links":{"self":[{"href":"https:\/\/riberasalud.com\/polusa\/wp-json\/wp\/v2\/posts\/1952","targetHints":{"allow":["GET"]}}],"collection":[{"href":"https:\/\/riberasalud.com\/polusa\/wp-json\/wp\/v2\/posts"}],"about":[{"href":"https:\/\/riberasalud.com\/polusa\/wp-json\/wp\/v2\/types\/post"}],"author":[{"embeddable":true,"href":"https:\/\/riberasalud.com\/polusa\/wp-json\/wp\/v2\/users\/2"}],"replies":[{"embeddable":true,"href":"https:\/\/riberasalud.com\/polusa\/wp-json\/wp\/v2\/comments?post=1952"}],"version-history":[{"count":1,"href":"https:\/\/riberasalud.com\/polusa\/wp-json\/wp\/v2\/posts\/1952\/revisions"}],"predecessor-version":[{"id":1954,"href":"https:\/\/riberasalud.com\/polusa\/wp-json\/wp\/v2\/posts\/1952\/revisions\/1954"}],"wp:featuredmedia":[{"embeddable":true,"href":"https:\/\/riberasalud.com\/polusa\/wp-json\/wp\/v2\/media\/1953"}],"wp:attachment":[{"href":"https:\/\/riberasalud.com\/polusa\/wp-json\/wp\/v2\/media?parent=1952"}],"wp:term":[{"taxonomy":"category","embeddable":true,"href":"https:\/\/riberasalud.com\/polusa\/wp-json\/wp\/v2\/categories?post=1952"},{"taxonomy":"post_tag","embeddable":true,"href":"https:\/\/riberasalud.com\/polusa\/wp-json\/wp\/v2\/tags?post=1952"}],"curies":[{"name":"wp","href":"https:\/\/api.w.org\/{rel}","templated":true}]}}