{"id":5198,"date":"2022-06-01T13:55:33","date_gmt":"2022-06-01T13:55:33","guid":{"rendered":"https:\/\/riberasalud.com\/juan-cardona\/?p=5198"},"modified":"2022-06-01T13:55:33","modified_gmt":"2022-06-01T13:55:33","slug":"el-hospital-ribera-juan-cardona-y-alcer-juntos-en-el-dia-mundial-de-la-donacion-de-organos","status":"publish","type":"post","link":"https:\/\/riberasalud.com\/juan-cardona\/2022\/06\/01\/el-hospital-ribera-juan-cardona-y-alcer-juntos-en-el-dia-mundial-de-la-donacion-de-organos\/","title":{"rendered":"El Hospital Ribera Juan Cardona y ALCER juntos en el D\u00eda mundial de la donaci\u00f3n de \u00f3rganos","gt_translate_keys":[{"key":"rendered","format":"text"}]},"content":{"rendered":"\n<ul class=\"wp-block-list\"><li>En 2021 se realizaron en Espa\u00f1a 4781 trasplantes de \u00f3rganos de 1905 personas donantes y 324 trasplantes de donantes vivos.<\/li><li>En Galicia estamos un punto por encima de la tasa de poblaci\u00f3n de donantes por mill\u00f3n de habitantes<\/li><\/ul>\n\n\n\n<p>El gerente del Hospital Ribera Juan Cardona, Francisco Soriano Paredes y Maria Jos\u00e9 Bri\u00f3n vicepresidenta de ALCER un a\u00f1o m\u00e1s juntos en la concienciaci\u00f3n sobre la donaci\u00f3n de \u00f3rganos. \u201cTodas tenemos un gen donante. \u00a1Act\u00edvalo!\u201d es el lema con el que las entidades ALCER reivindican este a\u00f1o el D\u00eda del donante de \u00f3rganos.<\/p>\n\n\n\n<p>Durante el a\u00f1o 2021 se realizaron en Espa\u00f1a 4.781 trasplantes de \u00f3rganos de 1.905 personas donantes y 324 trasplantes de donantes vivos. En Galicia aumenta el n\u00famero de personas donantes de 110 a 112 en lo que llevamos de a\u00f1o 2022; esta cifra est\u00e1 por encima de la tasa de poblaci\u00f3n de donantes por mill\u00f3n de habitantes, se realizaron 298 trasplantes de los cuales 140 fueron de ri\u00f1\u00f3n.<\/p>\n\n\n\n<p>Las entidades Alcer de toda Espa\u00f1a se unen a la celebraci\u00f3n del D\u00eda del Donante de \u00d3rganos con el fin de sensibilizar en que tomando&nbsp;decisiones&nbsp;solidarias y altru\u00edstas sobre&nbsp;nuestro&nbsp;cuerpo&nbsp;hacemos&nbsp;una&nbsp;sociedadmejor&nbsp;y contribu\u00edmos a que muchas&nbsp;personas&nbsp;puedan&nbsp;mantener&nbsp;su&nbsp;proyecto&nbsp;de vida.<\/p>\n\n\n\n<p>Durante toda la ma\u00f1ana, las voluntarias de ALCER Ferrol han estado en el Hospital Ribera Juan Cardona informando y concienciando sobre su labor a las personas que acudieron al centro hospitalario ferrolano. A lo largo de toda la jornada continuar\u00e1n con una extensa programaci\u00f3n de actividades para dar visibilidad a la causa.<\/p>\n","protected":false,"gt_translate_keys":[{"key":"rendered","format":"html"}]},"excerpt":{"rendered":"<p>En 2021 se realizaron en Espa\u00f1a 4781 trasplantes de \u00f3rganos de 1905 personas donantes y 324 trasplantes de donantes vivos. En Galicia estamos un punto por encima de la tasa de poblaci\u00f3n de donantes por mill\u00f3n de habitantes El gerente del Hospital Ribera Juan Cardona, Francisco Soriano Paredes y Maria Jos\u00e9 Bri\u00f3n vicepresidenta de ALCER &#8230; <a title=\"El Hospital Ribera Juan Cardona y ALCER juntos en el D\u00eda mundial de la donaci\u00f3n de \u00f3rganos\" class=\"read-more\" href=\"https:\/\/riberasalud.com\/juan-cardona\/2022\/06\/01\/el-hospital-ribera-juan-cardona-y-alcer-juntos-en-el-dia-mundial-de-la-donacion-de-organos\/\" aria-label=\"Leer m\u00e1s sobre El Hospital Ribera Juan Cardona y ALCER juntos en el D\u00eda mundial de la donaci\u00f3n de \u00f3rganos\">Leer m\u00e1s<\/a><\/p>\n","protected":false,"gt_translate_keys":[{"key":"rendered","format":"html"}]},"author":2,"featured_media":5199,"comment_status":"closed","ping_status":"open","sticky":false,"template":"","format":"standard","meta":{"footnotes":""},"categories":[4],"tags":[19,20,21,22,23],"class_list":["post-5198","post","type-post","status-publish","format-standard","has-post-thumbnail","hentry","category-noticias-del-hospital-juan-cardona","tag-dia-mundial-de-la-donacion-de-organos","tag-donantes","tag-organos","tag-transplante","tag-voluntariado"],"yoast_head":"<!-- This site is optimized with the Yoast SEO plugin v26.6 - https:\/\/yoast.com\/wordpress\/plugins\/seo\/ -->\n<title>El Hospital Ribera Juan Cardona y ALCER juntos en el D\u00eda mundial de la donaci\u00f3n de \u00f3rganos - Hospital Ribera Juan Cardona<\/title>\n<meta name=\"description\" content=\"En 2021 se realizaron en Espa\u00f1a 4781 trasplantes de \u00f3rganos de 1905 personas donantes y 324 trasplantes de donantes vivos.\" \/>\n<meta name=\"robots\" content=\"index, follow, max-snippet:-1, max-image-preview:large, max-video-preview:-1\" \/>\n<link rel=\"canonical\" href=\"https:\/\/riberasalud.com\/juan-cardona\/2022\/06\/01\/el-hospital-ribera-juan-cardona-y-alcer-juntos-en-el-dia-mundial-de-la-donacion-de-organos\/\" \/>\n<meta property=\"og:locale\" content=\"es_ES\" \/>\n<meta property=\"og:type\" content=\"article\" \/>\n<meta property=\"og:title\" content=\"El Hospital Ribera Juan Cardona y ALCER juntos en el D\u00eda mundial de la donaci\u00f3n de \u00f3rganos - Hospital Ribera Juan Cardona\" \/>\n<meta property=\"og:description\" content=\"En 2021 se realizaron en Espa\u00f1a 4781 trasplantes de \u00f3rganos de 1905 personas donantes y 324 trasplantes de donantes vivos.\" \/>\n<meta property=\"og:url\" content=\"https:\/\/riberasalud.com\/juan-cardona\/2022\/06\/01\/el-hospital-ribera-juan-cardona-y-alcer-juntos-en-el-dia-mundial-de-la-donacion-de-organos\/\" \/>\n<meta property=\"og:site_name\" content=\"Hospital Ribera Juan Cardona\" \/>\n<meta property=\"article:published_time\" content=\"2022-06-01T13:55:33+00:00\" \/>\n<meta property=\"og:image\" content=\"https:\/\/riberasalud.com\/juan-cardona\/wp-content\/uploads\/2022\/06\/HRJC-y-ALCER_Dia-donantes-de-organos.jpg\" \/>\n\t<meta property=\"og:image:width\" content=\"800\" \/>\n\t<meta property=\"og:image:height\" content=\"600\" \/>\n\t<meta property=\"og:image:type\" content=\"image\/jpeg\" \/>\n<meta name=\"author\" content=\"marsanchez\" \/>\n<meta name=\"twitter:card\" content=\"summary_large_image\" \/>\n<meta name=\"twitter:label1\" content=\"Escrito por\" \/>\n\t<meta name=\"twitter:data1\" content=\"marsanchez\" \/>\n\t<meta name=\"twitter:label2\" content=\"Tiempo de lectura\" \/>\n\t<meta name=\"twitter:data2\" content=\"2 minutos\" \/>\n<script type=\"application\/ld+json\" class=\"yoast-schema-graph\">{\"@context\":\"https:\/\/schema.org\",\"@graph\":[{\"@type\":\"Article\",\"@id\":\"https:\/\/riberasalud.com\/juan-cardona\/2022\/06\/01\/el-hospital-ribera-juan-cardona-y-alcer-juntos-en-el-dia-mundial-de-la-donacion-de-organos\/#article\",\"isPartOf\":{\"@id\":\"https:\/\/riberasalud.com\/juan-cardona\/2022\/06\/01\/el-hospital-ribera-juan-cardona-y-alcer-juntos-en-el-dia-mundial-de-la-donacion-de-organos\/\"},\"author\":{\"name\":\"marsanchez\",\"@id\":\"https:\/\/riberasalud.com\/juan-cardona\/#\/schema\/person\/69eb756844dead936ba338c32045701c\"},\"headline\":\"El Hospital Ribera Juan Cardona y ALCER juntos en el D\u00eda mundial de la donaci\u00f3n de \u00f3rganos\",\"datePublished\":\"2022-06-01T13:55:33+00:00\",\"mainEntityOfPage\":{\"@id\":\"https:\/\/riberasalud.com\/juan-cardona\/2022\/06\/01\/el-hospital-ribera-juan-cardona-y-alcer-juntos-en-el-dia-mundial-de-la-donacion-de-organos\/\"},\"wordCount\":304,\"publisher\":{\"@id\":\"https:\/\/riberasalud.com\/juan-cardona\/#organization\"},\"image\":{\"@id\":\"https:\/\/riberasalud.com\/juan-cardona\/2022\/06\/01\/el-hospital-ribera-juan-cardona-y-alcer-juntos-en-el-dia-mundial-de-la-donacion-de-organos\/#primaryimage\"},\"thumbnailUrl\":\"https:\/\/riberasalud.com\/juan-cardona\/wp-content\/uploads\/2022\/06\/HRJC-y-ALCER_Dia-donantes-de-organos.jpg\",\"keywords\":[\"d\u00eda mundial de la donaci\u00f3n de organos\",\"donantes\",\"\u00f3rganos\",\"transplante\",\"voluntariado\"],\"articleSection\":[\"Noticias del Hospital Juan Cardona\"],\"inLanguage\":\"es\"},{\"@type\":\"WebPage\",\"@id\":\"https:\/\/riberasalud.com\/juan-cardona\/2022\/06\/01\/el-hospital-ribera-juan-cardona-y-alcer-juntos-en-el-dia-mundial-de-la-donacion-de-organos\/\",\"url\":\"https:\/\/riberasalud.com\/juan-cardona\/2022\/06\/01\/el-hospital-ribera-juan-cardona-y-alcer-juntos-en-el-dia-mundial-de-la-donacion-de-organos\/\",\"name\":\"El Hospital Ribera Juan Cardona y ALCER juntos en el D\u00eda mundial de la donaci\u00f3n de \u00f3rganos - Hospital Ribera Juan Cardona\",\"isPartOf\":{\"@id\":\"https:\/\/riberasalud.com\/juan-cardona\/#website\"},\"primaryImageOfPage\":{\"@id\":\"https:\/\/riberasalud.com\/juan-cardona\/2022\/06\/01\/el-hospital-ribera-juan-cardona-y-alcer-juntos-en-el-dia-mundial-de-la-donacion-de-organos\/#primaryimage\"},\"image\":{\"@id\":\"https:\/\/riberasalud.com\/juan-cardona\/2022\/06\/01\/el-hospital-ribera-juan-cardona-y-alcer-juntos-en-el-dia-mundial-de-la-donacion-de-organos\/#primaryimage\"},\"thumbnailUrl\":\"https:\/\/riberasalud.com\/juan-cardona\/wp-content\/uploads\/2022\/06\/HRJC-y-ALCER_Dia-donantes-de-organos.jpg\",\"datePublished\":\"2022-06-01T13:55:33+00:00\",\"description\":\"En 2021 se realizaron en Espa\u00f1a 4781 trasplantes de \u00f3rganos de 1905 personas donantes y 324 trasplantes de donantes vivos.\",\"breadcrumb\":{\"@id\":\"https:\/\/riberasalud.com\/juan-cardona\/2022\/06\/01\/el-hospital-ribera-juan-cardona-y-alcer-juntos-en-el-dia-mundial-de-la-donacion-de-organos\/#breadcrumb\"},\"inLanguage\":\"es\",\"potentialAction\":[{\"@type\":\"ReadAction\",\"target\":[\"https:\/\/riberasalud.com\/juan-cardona\/2022\/06\/01\/el-hospital-ribera-juan-cardona-y-alcer-juntos-en-el-dia-mundial-de-la-donacion-de-organos\/\"]}]},{\"@type\":\"ImageObject\",\"inLanguage\":\"es\",\"@id\":\"https:\/\/riberasalud.com\/juan-cardona\/2022\/06\/01\/el-hospital-ribera-juan-cardona-y-alcer-juntos-en-el-dia-mundial-de-la-donacion-de-organos\/#primaryimage\",\"url\":\"https:\/\/riberasalud.com\/juan-cardona\/wp-content\/uploads\/2022\/06\/HRJC-y-ALCER_Dia-donantes-de-organos.jpg\",\"contentUrl\":\"https:\/\/riberasalud.com\/juan-cardona\/wp-content\/uploads\/2022\/06\/HRJC-y-ALCER_Dia-donantes-de-organos.jpg\",\"width\":800,\"height\":600,\"caption\":\"donaci\u00f3n de \u00f3rganos\"},{\"@type\":\"BreadcrumbList\",\"@id\":\"https:\/\/riberasalud.com\/juan-cardona\/2022\/06\/01\/el-hospital-ribera-juan-cardona-y-alcer-juntos-en-el-dia-mundial-de-la-donacion-de-organos\/#breadcrumb\",\"itemListElement\":[{\"@type\":\"ListItem\",\"position\":1,\"name\":\"Portada\",\"item\":\"https:\/\/riberasalud.com\/juan-cardona\/\"},{\"@type\":\"ListItem\",\"position\":2,\"name\":\"El Hospital Ribera Juan Cardona y ALCER juntos en el D\u00eda mundial de la donaci\u00f3n de \u00f3rganos\"}]},{\"@type\":\"WebSite\",\"@id\":\"https:\/\/riberasalud.com\/juan-cardona\/#website\",\"url\":\"https:\/\/riberasalud.com\/juan-cardona\/\",\"name\":\"Hospital Ribera Juan Cardona\",\"description\":\"\",\"publisher\":{\"@id\":\"https:\/\/riberasalud.com\/juan-cardona\/#organization\"},\"potentialAction\":[{\"@type\":\"SearchAction\",\"target\":{\"@type\":\"EntryPoint\",\"urlTemplate\":\"https:\/\/riberasalud.com\/juan-cardona\/?s={search_term_string}\"},\"query-input\":{\"@type\":\"PropertyValueSpecification\",\"valueRequired\":true,\"valueName\":\"search_term_string\"}}],\"inLanguage\":\"es\"},{\"@type\":\"Organization\",\"@id\":\"https:\/\/riberasalud.com\/juan-cardona\/#organization\",\"name\":\"Hospital Ribera Juan Cardona\",\"url\":\"https:\/\/riberasalud.com\/juan-cardona\/\",\"logo\":{\"@type\":\"ImageObject\",\"inLanguage\":\"es\",\"@id\":\"https:\/\/riberasalud.com\/juan-cardona\/#\/schema\/logo\/image\/\",\"url\":\"https:\/\/riberasalud.com\/juan-cardona\/wp-content\/uploads\/2025\/01\/Logo-Red-JuanCardona.png\",\"contentUrl\":\"https:\/\/riberasalud.com\/juan-cardona\/wp-content\/uploads\/2025\/01\/Logo-Red-JuanCardona.png\",\"width\":2267,\"height\":495,\"caption\":\"Hospital Ribera Juan Cardona\"},\"image\":{\"@id\":\"https:\/\/riberasalud.com\/juan-cardona\/#\/schema\/logo\/image\/\"}},{\"@type\":\"Person\",\"@id\":\"https:\/\/riberasalud.com\/juan-cardona\/#\/schema\/person\/69eb756844dead936ba338c32045701c\",\"name\":\"marsanchez\",\"image\":{\"@type\":\"ImageObject\",\"inLanguage\":\"es\",\"@id\":\"https:\/\/riberasalud.com\/juan-cardona\/#\/schema\/person\/image\/\",\"url\":\"https:\/\/secure.gravatar.com\/avatar\/0e2ddfa6ca50f038a905865f19439697542e5743a0628f67c9fac9c893b311be?s=96&d=mm&r=g\",\"contentUrl\":\"https:\/\/secure.gravatar.com\/avatar\/0e2ddfa6ca50f038a905865f19439697542e5743a0628f67c9fac9c893b311be?s=96&d=mm&r=g\",\"caption\":\"marsanchez\"},\"url\":\"https:\/\/riberasalud.com\/juan-cardona\/author\/marsanchez\/\"}]}<\/script>\n<!-- \/ Yoast SEO plugin. -->","yoast_head_json":{"title":"El Hospital Ribera Juan Cardona y ALCER juntos en el D\u00eda mundial de la donaci\u00f3n de \u00f3rganos - Hospital Ribera Juan Cardona","description":"En 2021 se realizaron en Espa\u00f1a 4781 trasplantes de \u00f3rganos de 1905 personas donantes y 324 trasplantes de donantes vivos.","robots":{"index":"index","follow":"follow","max-snippet":"max-snippet:-1","max-image-preview":"max-image-preview:large","max-video-preview":"max-video-preview:-1"},"canonical":"https:\/\/riberasalud.com\/juan-cardona\/2022\/06\/01\/el-hospital-ribera-juan-cardona-y-alcer-juntos-en-el-dia-mundial-de-la-donacion-de-organos\/","og_locale":"es_ES","og_type":"article","og_title":"El Hospital Ribera Juan Cardona y ALCER juntos en el D\u00eda mundial de la donaci\u00f3n de \u00f3rganos - Hospital Ribera Juan Cardona","og_description":"En 2021 se realizaron en Espa\u00f1a 4781 trasplantes de \u00f3rganos de 1905 personas donantes y 324 trasplantes de donantes vivos.","og_url":"https:\/\/riberasalud.com\/juan-cardona\/2022\/06\/01\/el-hospital-ribera-juan-cardona-y-alcer-juntos-en-el-dia-mundial-de-la-donacion-de-organos\/","og_site_name":"Hospital Ribera Juan Cardona","article_published_time":"2022-06-01T13:55:33+00:00","og_image":[{"width":800,"height":600,"url":"https:\/\/riberasalud.com\/juan-cardona\/wp-content\/uploads\/2022\/06\/HRJC-y-ALCER_Dia-donantes-de-organos.jpg","type":"image\/jpeg"}],"author":"marsanchez","twitter_card":"summary_large_image","twitter_misc":{"Escrito por":"marsanchez","Tiempo de lectura":"2 minutos"},"schema":{"@context":"https:\/\/schema.org","@graph":[{"@type":"Article","@id":"https:\/\/riberasalud.com\/juan-cardona\/2022\/06\/01\/el-hospital-ribera-juan-cardona-y-alcer-juntos-en-el-dia-mundial-de-la-donacion-de-organos\/#article","isPartOf":{"@id":"https:\/\/riberasalud.com\/juan-cardona\/2022\/06\/01\/el-hospital-ribera-juan-cardona-y-alcer-juntos-en-el-dia-mundial-de-la-donacion-de-organos\/"},"author":{"name":"marsanchez","@id":"https:\/\/riberasalud.com\/juan-cardona\/#\/schema\/person\/69eb756844dead936ba338c32045701c"},"headline":"El Hospital Ribera Juan Cardona y ALCER juntos en el D\u00eda mundial de la donaci\u00f3n de \u00f3rganos","datePublished":"2022-06-01T13:55:33+00:00","mainEntityOfPage":{"@id":"https:\/\/riberasalud.com\/juan-cardona\/2022\/06\/01\/el-hospital-ribera-juan-cardona-y-alcer-juntos-en-el-dia-mundial-de-la-donacion-de-organos\/"},"wordCount":304,"publisher":{"@id":"https:\/\/riberasalud.com\/juan-cardona\/#organization"},"image":{"@id":"https:\/\/riberasalud.com\/juan-cardona\/2022\/06\/01\/el-hospital-ribera-juan-cardona-y-alcer-juntos-en-el-dia-mundial-de-la-donacion-de-organos\/#primaryimage"},"thumbnailUrl":"https:\/\/riberasalud.com\/juan-cardona\/wp-content\/uploads\/2022\/06\/HRJC-y-ALCER_Dia-donantes-de-organos.jpg","keywords":["d\u00eda mundial de la donaci\u00f3n de organos","donantes","\u00f3rganos","transplante","voluntariado"],"articleSection":["Noticias del Hospital Juan Cardona"],"inLanguage":"es"},{"@type":"WebPage","@id":"https:\/\/riberasalud.com\/juan-cardona\/2022\/06\/01\/el-hospital-ribera-juan-cardona-y-alcer-juntos-en-el-dia-mundial-de-la-donacion-de-organos\/","url":"https:\/\/riberasalud.com\/juan-cardona\/2022\/06\/01\/el-hospital-ribera-juan-cardona-y-alcer-juntos-en-el-dia-mundial-de-la-donacion-de-organos\/","name":"El Hospital Ribera Juan Cardona y ALCER juntos en el D\u00eda mundial de la donaci\u00f3n de \u00f3rganos - Hospital Ribera Juan Cardona","isPartOf":{"@id":"https:\/\/riberasalud.com\/juan-cardona\/#website"},"primaryImageOfPage":{"@id":"https:\/\/riberasalud.com\/juan-cardona\/2022\/06\/01\/el-hospital-ribera-juan-cardona-y-alcer-juntos-en-el-dia-mundial-de-la-donacion-de-organos\/#primaryimage"},"image":{"@id":"https:\/\/riberasalud.com\/juan-cardona\/2022\/06\/01\/el-hospital-ribera-juan-cardona-y-alcer-juntos-en-el-dia-mundial-de-la-donacion-de-organos\/#primaryimage"},"thumbnailUrl":"https:\/\/riberasalud.com\/juan-cardona\/wp-content\/uploads\/2022\/06\/HRJC-y-ALCER_Dia-donantes-de-organos.jpg","datePublished":"2022-06-01T13:55:33+00:00","description":"En 2021 se realizaron en Espa\u00f1a 4781 trasplantes de \u00f3rganos de 1905 personas donantes y 324 trasplantes de donantes vivos.","breadcrumb":{"@id":"https:\/\/riberasalud.com\/juan-cardona\/2022\/06\/01\/el-hospital-ribera-juan-cardona-y-alcer-juntos-en-el-dia-mundial-de-la-donacion-de-organos\/#breadcrumb"},"inLanguage":"es","potentialAction":[{"@type":"ReadAction","target":["https:\/\/riberasalud.com\/juan-cardona\/2022\/06\/01\/el-hospital-ribera-juan-cardona-y-alcer-juntos-en-el-dia-mundial-de-la-donacion-de-organos\/"]}]},{"@type":"ImageObject","inLanguage":"es","@id":"https:\/\/riberasalud.com\/juan-cardona\/2022\/06\/01\/el-hospital-ribera-juan-cardona-y-alcer-juntos-en-el-dia-mundial-de-la-donacion-de-organos\/#primaryimage","url":"https:\/\/riberasalud.com\/juan-cardona\/wp-content\/uploads\/2022\/06\/HRJC-y-ALCER_Dia-donantes-de-organos.jpg","contentUrl":"https:\/\/riberasalud.com\/juan-cardona\/wp-content\/uploads\/2022\/06\/HRJC-y-ALCER_Dia-donantes-de-organos.jpg","width":800,"height":600,"caption":"donaci\u00f3n de \u00f3rganos"},{"@type":"BreadcrumbList","@id":"https:\/\/riberasalud.com\/juan-cardona\/2022\/06\/01\/el-hospital-ribera-juan-cardona-y-alcer-juntos-en-el-dia-mundial-de-la-donacion-de-organos\/#breadcrumb","itemListElement":[{"@type":"ListItem","position":1,"name":"Portada","item":"https:\/\/riberasalud.com\/juan-cardona\/"},{"@type":"ListItem","position":2,"name":"El Hospital Ribera Juan Cardona y ALCER juntos en el D\u00eda mundial de la donaci\u00f3n de \u00f3rganos"}]},{"@type":"WebSite","@id":"https:\/\/riberasalud.com\/juan-cardona\/#website","url":"https:\/\/riberasalud.com\/juan-cardona\/","name":"Hospital Ribera Juan Cardona","description":"","publisher":{"@id":"https:\/\/riberasalud.com\/juan-cardona\/#organization"},"potentialAction":[{"@type":"SearchAction","target":{"@type":"EntryPoint","urlTemplate":"https:\/\/riberasalud.com\/juan-cardona\/?s={search_term_string}"},"query-input":{"@type":"PropertyValueSpecification","valueRequired":true,"valueName":"search_term_string"}}],"inLanguage":"es"},{"@type":"Organization","@id":"https:\/\/riberasalud.com\/juan-cardona\/#organization","name":"Hospital Ribera Juan Cardona","url":"https:\/\/riberasalud.com\/juan-cardona\/","logo":{"@type":"ImageObject","inLanguage":"es","@id":"https:\/\/riberasalud.com\/juan-cardona\/#\/schema\/logo\/image\/","url":"https:\/\/riberasalud.com\/juan-cardona\/wp-content\/uploads\/2025\/01\/Logo-Red-JuanCardona.png","contentUrl":"https:\/\/riberasalud.com\/juan-cardona\/wp-content\/uploads\/2025\/01\/Logo-Red-JuanCardona.png","width":2267,"height":495,"caption":"Hospital Ribera Juan Cardona"},"image":{"@id":"https:\/\/riberasalud.com\/juan-cardona\/#\/schema\/logo\/image\/"}},{"@type":"Person","@id":"https:\/\/riberasalud.com\/juan-cardona\/#\/schema\/person\/69eb756844dead936ba338c32045701c","name":"marsanchez","image":{"@type":"ImageObject","inLanguage":"es","@id":"https:\/\/riberasalud.com\/juan-cardona\/#\/schema\/person\/image\/","url":"https:\/\/secure.gravatar.com\/avatar\/0e2ddfa6ca50f038a905865f19439697542e5743a0628f67c9fac9c893b311be?s=96&d=mm&r=g","contentUrl":"https:\/\/secure.gravatar.com\/avatar\/0e2ddfa6ca50f038a905865f19439697542e5743a0628f67c9fac9c893b311be?s=96&d=mm&r=g","caption":"marsanchez"},"url":"https:\/\/riberasalud.com\/juan-cardona\/author\/marsanchez\/"}]}},"gt_translate_keys":[{"key":"link","format":"url"}],"_links":{"self":[{"href":"https:\/\/riberasalud.com\/juan-cardona\/wp-json\/wp\/v2\/posts\/5198","targetHints":{"allow":["GET"]}}],"collection":[{"href":"https:\/\/riberasalud.com\/juan-cardona\/wp-json\/wp\/v2\/posts"}],"about":[{"href":"https:\/\/riberasalud.com\/juan-cardona\/wp-json\/wp\/v2\/types\/post"}],"author":[{"embeddable":true,"href":"https:\/\/riberasalud.com\/juan-cardona\/wp-json\/wp\/v2\/users\/2"}],"replies":[{"embeddable":true,"href":"https:\/\/riberasalud.com\/juan-cardona\/wp-json\/wp\/v2\/comments?post=5198"}],"version-history":[{"count":0,"href":"https:\/\/riberasalud.com\/juan-cardona\/wp-json\/wp\/v2\/posts\/5198\/revisions"}],"wp:featuredmedia":[{"embeddable":true,"href":"https:\/\/riberasalud.com\/juan-cardona\/wp-json\/wp\/v2\/media\/5199"}],"wp:attachment":[{"href":"https:\/\/riberasalud.com\/juan-cardona\/wp-json\/wp\/v2\/media?parent=5198"}],"wp:term":[{"taxonomy":"category","embeddable":true,"href":"https:\/\/riberasalud.com\/juan-cardona\/wp-json\/wp\/v2\/categories?post=5198"},{"taxonomy":"post_tag","embeddable":true,"href":"https:\/\/riberasalud.com\/juan-cardona\/wp-json\/wp\/v2\/tags?post=5198"}],"curies":[{"name":"wp","href":"https:\/\/api.w.org\/{rel}","templated":true}]}}