{"id":3491,"date":"2019-05-16T10:05:36","date_gmt":"2019-05-16T10:05:36","guid":{"rendered":"http:\/\/dweb.pfsgrupo.com\/hospitalcardona\/blog\/2019\/07\/26\/dermatitis-atopica-una-enfermedad-cada-vez-mas-comun\/"},"modified":"2019-05-16T10:05:36","modified_gmt":"2019-05-16T10:05:36","slug":"dermatitis-atopica-una-enfermedad-cada-vez-mas-comun","status":"publish","type":"post","link":"https:\/\/riberasalud.com\/juan-cardona\/2019\/05\/16\/dermatitis-atopica-una-enfermedad-cada-vez-mas-comun\/","title":{"rendered":"Dermatitis at\u00f3pica, una enfermedad cada vez m\u00e1s com\u00fan","gt_translate_keys":[{"key":"rendered","format":"text"}]},"content":{"rendered":"<div class=\"body-container-wrapper\">\n<div class=\"body-container container-fluid\">\n<div class=\"row-fluid-wrapper row-depth-1 row-number-1 \">\n<div class=\"row-fluid \">\n<div class=\"span12 widget-span widget-type-cell custom-home-wrapper cabecera-full-blog\" data-widget-type=\"cell\" data-x=\"0\" data-w=\"12\">\n<div class=\"row-fluid-wrapper row-depth-1 row-number-2 \">\n<div class=\"row-fluid \">\n<div class=\"span12 widget-span widget-type-linked_image \" data-widget-type=\"linked_image\" data-x=\"0\" data-w=\"12\"><\/div>\n<\/div>\n<\/div>\n<\/div>\n<\/div>\n<\/div>\n<div class=\"row-fluid-wrapper row-depth-1 row-number-3 \">\n<div class=\"row-fluid \">\n<div class=\"span12 widget-span widget-type-cell contenido-post-2columnas-blog\" data-widget-type=\"cell\" data-x=\"0\" data-w=\"12\">\n<div class=\"row-fluid-wrapper row-depth-1 row-number-4 \">\n<div class=\"row-fluid \">\n<div class=\"span12 widget-span widget-type-cell page-center caja-contenido-blog\" data-widget-type=\"cell\" data-x=\"0\" data-w=\"12\">\n<div class=\"row-fluid-wrapper row-depth-1 row-number-5 \">\n<div class=\"row-fluid \">\n<div class=\"span8 widget-span widget-type-cell \" data-widget-type=\"cell\" data-x=\"0\" data-w=\"8\">\n<div class=\"row-fluid-wrapper row-depth-1 row-number-6 \">\n<div class=\"row-fluid \">\n<div class=\"span12 widget-span widget-type-blog_content \" data-widget-type=\"blog_content\" data-x=\"0\" data-w=\"12\">\n<div class=\"blog-section\">\n<div class=\"blog-post-wrapper cell-wrapper\">\n<div class=\"section post-header clearfix\">\n<div id=\"hubspot-author_data\" class=\"hubspot-editable\" data-hubspot-form-id=\"author_data\" data-hubspot-name=\"Blog Author\"><span class=\"hs-author-label\">Publicado por <\/span>Hospital Juan Cardona el 16 de mayo de 2019 11:56:46 CEST<\/div>\n<p><!-- AUTOR --><\/p>\n<\/div>\n<div class=\"section post-body\">\n<p>La dermatitis at\u00f3pica es la\u00a0manifestaci\u00f3n en la piel de un proceso de hipersensibilidad general\u00a0en el contexto de una serie de defectos en la formaci\u00f3n de la epidermis motivados en una gran mayor\u00eda de los casos por unas mutaciones gen\u00e9ticas. Se trata de una patolog\u00eda cut\u00e1nea que comienza desde la m\u00e1s tierna infancia y es una verdadera epidemia, de hecho es una de las principales causas de visitas al dermat\u00f3logo.<br \/>\n<!--more--><\/p>\n<p>En un periodo de 30 a\u00f1os, el n\u00famero de casos de\u00a0dermatitis at\u00f3pica\u00a0se ha duplicado o incluso triplicado en los pa\u00edses occidentales. La piel at\u00f3pica es una condici\u00f3n poco conocida e incomprendida, que altera la vida de los ni\u00f1os y de sus padres. Sin embargo, recientes descubrimientos cient\u00edficos han permitido avances hacia la comprensi\u00f3n de esta condici\u00f3n, de manera que el esquema terap\u00e9utico se ha ido modificando desde el nacimiento.<\/p>\n<h4>S\u00edntomas<\/h4>\n<p>Se suelen definir unas fases en la dermatitis at\u00f3pica ya que\u00a0en el lactante es frecuente la afectaci\u00f3n de mejillas y cuero cabelludo\u00a0as\u00ed como pliegue del cuello y posteriormente suele aparece en las zonas de extensi\u00f3n de brazos para luego ser los pliegues de brazos y piernas donde aparece la enfermedad<\/p>\n<p><img loading=\"lazy\" decoding=\"async\" class=\"alignnone size-full wp-image-3617\" src=\"https:\/\/riberasalud.com\/juan-cardona\/wp-content\/uploads\/2019\/07\/dermatitis-atopica.jpg\" alt=\"\" width=\"2516\" height=\"1667\" \/><\/p>\n<p><strong>Aunque\u00a0es m\u00e1s frecuente la dermatitis at\u00f3pica en la infancia\u00a0(hasta un 20% de la poblaci\u00f3n infantil), cada vez son m\u00e1s numerosos los casos de dermatitis at\u00f3pica del adulto con una cl\u00ednica de eccema generalizado<\/strong> que produce una perdida en la calidad de vida muy importante y la necesidad de agresivos tratamientos.<\/p>\n<h4>Causas<\/h4>\n<p>Cuando est\u00e1 extremadamente seca, la piel se vuelve m\u00e1s permeable y ya no cumple su funci\u00f3n \u00a0barrera contra las agresiones externas y los al\u00e9rgenos. No obstante, la\u00a0piel seca\u00a0no se vuelve at\u00f3pica. <strong>La atop\u00eda se desarrolla a partir de condiciones gen\u00e9ticas favorables.<\/strong><\/p>\n<p><strong>Hay estudios que demuestran que si uno de los padres tiene una piel at\u00f3pica, la probabilidad de que el ni\u00f1o tenga la mismas caracter\u00edsticas cut\u00e1neas es del 30% +<\/strong>. Si ambos padres est\u00e1n afectados, la probabilidad es del 70%. M\u00e1s all\u00e1 del factor gen\u00e9tico, la piel at\u00f3pica tambi\u00e9n se relaciona con un sistema inmunol\u00f3gico fuera de control, que funciona de una manera exagerada, creando una intensa inflamaci\u00f3n. Cuando es permeable, la piel permite la entrada de al\u00e9rgenos (\u00e1caros, pelo de animales, polen&#8230;) y algunas bacterias (como el Staphilococus Aereus) que causan reacciones inflamatorias.<\/p>\n<p><img loading=\"lazy\" decoding=\"async\" class=\"size-full wp-image-3621 aligncenter\" src=\"https:\/\/riberasalud.com\/juan-cardona\/wp-content\/uploads\/2019\/07\/piel-atopica.jpg\" alt=\"\" width=\"1140\" height=\"640\" \/><\/p>\n<p>Los al\u00e9rgenos alimentarios (leche de vaca, huevo, &#8230;) tambi\u00e9n est\u00e1n involucrados en el sistema digestivo y desencadenan algunos ataques de eccema. <strong>Otros factores, como los productos qu\u00edmicos<\/strong> aplicados en la piel, el calor o la transpiraci\u00f3n, son irritantes y pueden desencadenar episodios de eccema. Sin embargo, en la gran mayor\u00eda de los casos no existe una alergia alimentaria en ni\u00f1os at\u00f3picos. Las alergias alimentarias se presentan en forma de s\u00edntomas digestivos o signos en la piel y de una \u00abruptura\u00bb en los indicadores de peso y tama\u00f1o.<\/p>\n<h4>Tratamientos<\/h4>\n<p><strong>Los tratamientos son muchos, muy personalizados en cada paciente<\/strong> y que deben acompa\u00f1arse de un apoyo psicol\u00f3gico al paciente e incluso a su familia siendo imprescindible la confianza mutua entre m\u00e9dico y paciente ya que los tratamientos a veces no resultan eficaces y hay que buscar la terapia optima para cada paciente<\/p>\n<p><strong>En primer lugar, se debe mantener una\u00a0piel bien hidratada<\/strong>\u00a0y eso s\u00f3lo se consigue mediante la aplicaci\u00f3n de cremas hidratantes, jabones que no agredan la piel ni sean potencialmente alerg\u00e9nicos. Medidas \u00fatiles en la poblaci\u00f3n infantil ser\u00edan ba\u00f1os cortos incluso con alguna sustancia antis\u00e9ptica ( sulfato de zinc..) en la fase de brote con lo que se consigue calmar la inflamaci\u00f3n cut\u00e1nea. Cuando posteriormente llegamos a una fase de piel seca es cuando al ba\u00f1o se le pueden a\u00f1adir aceites.<\/p>\n<p><img loading=\"lazy\" decoding=\"async\" class=\"size-full wp-image-3618 aligncenter\" src=\"https:\/\/riberasalud.com\/juan-cardona\/wp-content\/uploads\/2019\/07\/dermatitis-atopica-bebe-c_0.jpg\" alt=\"\" width=\"760\" height=\"570\" \/><\/p>\n<p>En la fase aguda es fundamental el <strong>uso de corticoides\u00a0sobre todo t\u00f3picos, pero tambi\u00e9n en ocasiones sist\u00e9micos con control m\u00e9dico.<\/strong> Mejor utilizar corticoides de \u00faltima generaci\u00f3n ya que han demostrado menor absorci\u00f3n y capacidad de producir efectos secundarios. Tambi\u00e9n se usan los inhibidores de la calcineurina (tacrolimus 0,1%, pimecrolimus 1%) pero en las fases agudas suelen escocer por lo que suelen ser m\u00e1s \u00fatiles un poco m\u00e1s tarde, en fases subagudas o cr\u00f3nicas incluso con terapia de mantenimiento con aplicaci\u00f3n de dos d\u00edas por semana, lo que disminuye el n\u00famero de brotes.<\/p>\n<p>La utilizaci\u00f3n de <strong>antihistam\u00ednicos<\/strong>, aunque controvertida, ayuda a disminuir parcialmente el prurito y se pueden mantener muchos meses.\u00a0Las <strong>formas m\u00e1s severas de la enfermedad<\/strong> ser\u00e1n tratadas con radiaci\u00f3n ultravioleta, o inmunosupresores tipo ciclosporina, azatioprina, metotrexate, micofenolatomofetil. Existen investigaciones en curso sobre el uso de f\u00e1rmacos biol\u00f3gicos (omalizumab) en procesos que no responden a los anteriores tratamientos.<\/p>\n<p><!--HubSpot Call-to-Action Code --><span id=\"hs-cta-wrapper-ee3f965c-5c4c-4cbc-a508-acbbde043d60\" class=\"hs-cta-wrapper\"><span id=\"hs-cta-ee3f965c-5c4c-4cbc-a508-acbbde043d60\" class=\"hs-cta-node hs-cta-ee3f965c-5c4c-4cbc-a508-acbbde043d60\"><br \/>\n<\/span><\/span><a href=\"https:\/\/riberasalud.com\/juan-cardona\/servicio-de-dermatologia-en-el-hospital-juan-cardona-0\/\"><img loading=\"lazy\" decoding=\"async\" class=\"alignnone size-full wp-image-3619\" src=\"https:\/\/riberasalud.com\/juan-cardona\/wp-content\/uploads\/2019\/07\/ee3f965c-5c4c-4cbc-a508-acbbde043d60.png\" alt=\"\" width=\"810\" height=\"450\" \/><\/a><br \/>\n<!-- end HubSpot Call-to-Action Code --><\/p>\n<p>&nbsp;<\/p>\n<\/div>\n<\/div>\n<\/div>\n<\/div>\n<\/div>\n<\/div>\n<\/div>\n<\/div>\n<\/div>\n<\/div>\n<\/div>\n<\/div>\n<\/div>\n<\/div>\n<\/div>\n<\/div>\n<\/div>\n","protected":false,"gt_translate_keys":[{"key":"rendered","format":"html"}]},"excerpt":{"rendered":"<p>La dermatitis at\u00f3pica es un proceso de hipersensibilidad de piel que comienza desde la infancia y una de las principales causas de visitas al dermat\u00f3logo.<\/p>\n","protected":false,"gt_translate_keys":[{"key":"rendered","format":"html"}]},"author":1,"featured_media":0,"comment_status":"open","ping_status":"open","sticky":false,"template":"","format":"standard","meta":{"footnotes":""},"categories":[4],"tags":[],"class_list":["post-3491","post","type-post","status-publish","format-standard","hentry","category-noticias-del-hospital-juan-cardona"],"yoast_head":"<!-- This site is optimized with the Yoast SEO plugin v26.6 - https:\/\/yoast.com\/wordpress\/plugins\/seo\/ -->\n<title>Dermatitis at\u00f3pica, una enfermedad cada vez m\u00e1s com\u00fan - Hospital Ribera Juan Cardona<\/title>\n<meta name=\"robots\" content=\"index, follow, max-snippet:-1, max-image-preview:large, max-video-preview:-1\" \/>\n<link rel=\"canonical\" href=\"https:\/\/riberasalud.com\/juan-cardona\/2019\/05\/16\/dermatitis-atopica-una-enfermedad-cada-vez-mas-comun\/\" \/>\n<meta property=\"og:locale\" content=\"es_ES\" \/>\n<meta property=\"og:type\" content=\"article\" \/>\n<meta property=\"og:title\" content=\"Dermatitis at\u00f3pica, una enfermedad cada vez m\u00e1s com\u00fan - Hospital Ribera Juan Cardona\" \/>\n<meta property=\"og:description\" content=\"La dermatitis at\u00f3pica es un proceso de hipersensibilidad de piel que comienza desde la infancia y una de las principales causas de visitas al dermat\u00f3logo.\" \/>\n<meta property=\"og:url\" content=\"https:\/\/riberasalud.com\/juan-cardona\/2019\/05\/16\/dermatitis-atopica-una-enfermedad-cada-vez-mas-comun\/\" \/>\n<meta property=\"og:site_name\" content=\"Hospital Ribera Juan Cardona\" \/>\n<meta property=\"article:published_time\" content=\"2019-05-16T10:05:36+00:00\" \/>\n<meta property=\"og:image\" content=\"https:\/\/riberasalud.com\/juan-cardona\/wp-content\/uploads\/2019\/07\/dermatitis-atopica.jpg\" \/>\n<meta name=\"author\" content=\"jorge@quois.com\" \/>\n<meta name=\"twitter:card\" content=\"summary_large_image\" \/>\n<meta name=\"twitter:label1\" content=\"Escrito por\" \/>\n\t<meta name=\"twitter:data1\" content=\"jorge@quois.com\" \/>\n\t<meta name=\"twitter:label2\" content=\"Tiempo de lectura\" \/>\n\t<meta name=\"twitter:data2\" content=\"4 minutos\" \/>\n<script type=\"application\/ld+json\" class=\"yoast-schema-graph\">{\"@context\":\"https:\/\/schema.org\",\"@graph\":[{\"@type\":\"Article\",\"@id\":\"https:\/\/riberasalud.com\/juan-cardona\/2019\/05\/16\/dermatitis-atopica-una-enfermedad-cada-vez-mas-comun\/#article\",\"isPartOf\":{\"@id\":\"https:\/\/riberasalud.com\/juan-cardona\/2019\/05\/16\/dermatitis-atopica-una-enfermedad-cada-vez-mas-comun\/\"},\"author\":{\"name\":\"jorge@quois.com\",\"@id\":\"https:\/\/riberasalud.com\/juan-cardona\/#\/schema\/person\/888d3b63442ee82bdcc6724645bf2340\"},\"headline\":\"Dermatitis at\u00f3pica, una enfermedad cada vez m\u00e1s com\u00fan\",\"datePublished\":\"2019-05-16T10:05:36+00:00\",\"mainEntityOfPage\":{\"@id\":\"https:\/\/riberasalud.com\/juan-cardona\/2019\/05\/16\/dermatitis-atopica-una-enfermedad-cada-vez-mas-comun\/\"},\"wordCount\":860,\"commentCount\":0,\"publisher\":{\"@id\":\"https:\/\/riberasalud.com\/juan-cardona\/#organization\"},\"image\":{\"@id\":\"https:\/\/riberasalud.com\/juan-cardona\/2019\/05\/16\/dermatitis-atopica-una-enfermedad-cada-vez-mas-comun\/#primaryimage\"},\"thumbnailUrl\":\"https:\/\/riberasalud.com\/juan-cardona\/wp-content\/uploads\/2019\/07\/dermatitis-atopica.jpg\",\"articleSection\":[\"Noticias del Hospital Juan Cardona\"],\"inLanguage\":\"es\",\"potentialAction\":[{\"@type\":\"CommentAction\",\"name\":\"Comment\",\"target\":[\"https:\/\/riberasalud.com\/juan-cardona\/2019\/05\/16\/dermatitis-atopica-una-enfermedad-cada-vez-mas-comun\/#respond\"]}]},{\"@type\":\"WebPage\",\"@id\":\"https:\/\/riberasalud.com\/juan-cardona\/2019\/05\/16\/dermatitis-atopica-una-enfermedad-cada-vez-mas-comun\/\",\"url\":\"https:\/\/riberasalud.com\/juan-cardona\/2019\/05\/16\/dermatitis-atopica-una-enfermedad-cada-vez-mas-comun\/\",\"name\":\"Dermatitis at\u00f3pica, una enfermedad cada vez m\u00e1s com\u00fan - Hospital Ribera Juan Cardona\",\"isPartOf\":{\"@id\":\"https:\/\/riberasalud.com\/juan-cardona\/#website\"},\"primaryImageOfPage\":{\"@id\":\"https:\/\/riberasalud.com\/juan-cardona\/2019\/05\/16\/dermatitis-atopica-una-enfermedad-cada-vez-mas-comun\/#primaryimage\"},\"image\":{\"@id\":\"https:\/\/riberasalud.com\/juan-cardona\/2019\/05\/16\/dermatitis-atopica-una-enfermedad-cada-vez-mas-comun\/#primaryimage\"},\"thumbnailUrl\":\"https:\/\/riberasalud.com\/juan-cardona\/wp-content\/uploads\/2019\/07\/dermatitis-atopica.jpg\",\"datePublished\":\"2019-05-16T10:05:36+00:00\",\"breadcrumb\":{\"@id\":\"https:\/\/riberasalud.com\/juan-cardona\/2019\/05\/16\/dermatitis-atopica-una-enfermedad-cada-vez-mas-comun\/#breadcrumb\"},\"inLanguage\":\"es\",\"potentialAction\":[{\"@type\":\"ReadAction\",\"target\":[\"https:\/\/riberasalud.com\/juan-cardona\/2019\/05\/16\/dermatitis-atopica-una-enfermedad-cada-vez-mas-comun\/\"]}]},{\"@type\":\"ImageObject\",\"inLanguage\":\"es\",\"@id\":\"https:\/\/riberasalud.com\/juan-cardona\/2019\/05\/16\/dermatitis-atopica-una-enfermedad-cada-vez-mas-comun\/#primaryimage\",\"url\":\"https:\/\/riberasalud.com\/juan-cardona\/wp-content\/uploads\/2019\/07\/dermatitis-atopica.jpg\",\"contentUrl\":\"https:\/\/riberasalud.com\/juan-cardona\/wp-content\/uploads\/2019\/07\/dermatitis-atopica.jpg\"},{\"@type\":\"BreadcrumbList\",\"@id\":\"https:\/\/riberasalud.com\/juan-cardona\/2019\/05\/16\/dermatitis-atopica-una-enfermedad-cada-vez-mas-comun\/#breadcrumb\",\"itemListElement\":[{\"@type\":\"ListItem\",\"position\":1,\"name\":\"Portada\",\"item\":\"https:\/\/riberasalud.com\/juan-cardona\/\"},{\"@type\":\"ListItem\",\"position\":2,\"name\":\"Dermatitis at\u00f3pica, una enfermedad cada vez m\u00e1s com\u00fan\"}]},{\"@type\":\"WebSite\",\"@id\":\"https:\/\/riberasalud.com\/juan-cardona\/#website\",\"url\":\"https:\/\/riberasalud.com\/juan-cardona\/\",\"name\":\"Hospital Ribera Juan Cardona\",\"description\":\"\",\"publisher\":{\"@id\":\"https:\/\/riberasalud.com\/juan-cardona\/#organization\"},\"potentialAction\":[{\"@type\":\"SearchAction\",\"target\":{\"@type\":\"EntryPoint\",\"urlTemplate\":\"https:\/\/riberasalud.com\/juan-cardona\/?s={search_term_string}\"},\"query-input\":{\"@type\":\"PropertyValueSpecification\",\"valueRequired\":true,\"valueName\":\"search_term_string\"}}],\"inLanguage\":\"es\"},{\"@type\":\"Organization\",\"@id\":\"https:\/\/riberasalud.com\/juan-cardona\/#organization\",\"name\":\"Hospital Ribera Juan Cardona\",\"url\":\"https:\/\/riberasalud.com\/juan-cardona\/\",\"logo\":{\"@type\":\"ImageObject\",\"inLanguage\":\"es\",\"@id\":\"https:\/\/riberasalud.com\/juan-cardona\/#\/schema\/logo\/image\/\",\"url\":\"https:\/\/riberasalud.com\/juan-cardona\/wp-content\/uploads\/2025\/01\/Logo-Red-JuanCardona.png\",\"contentUrl\":\"https:\/\/riberasalud.com\/juan-cardona\/wp-content\/uploads\/2025\/01\/Logo-Red-JuanCardona.png\",\"width\":2267,\"height\":495,\"caption\":\"Hospital Ribera Juan Cardona\"},\"image\":{\"@id\":\"https:\/\/riberasalud.com\/juan-cardona\/#\/schema\/logo\/image\/\"}},{\"@type\":\"Person\",\"@id\":\"https:\/\/riberasalud.com\/juan-cardona\/#\/schema\/person\/888d3b63442ee82bdcc6724645bf2340\",\"name\":\"jorge@quois.com\",\"image\":{\"@type\":\"ImageObject\",\"inLanguage\":\"es\",\"@id\":\"https:\/\/riberasalud.com\/juan-cardona\/#\/schema\/person\/image\/\",\"url\":\"https:\/\/secure.gravatar.com\/avatar\/bca8cccf11ce6757dcdec6ce293d120c16d33c83aeb423357cce3f49f3abae94?s=96&d=mm&r=g\",\"contentUrl\":\"https:\/\/secure.gravatar.com\/avatar\/bca8cccf11ce6757dcdec6ce293d120c16d33c83aeb423357cce3f49f3abae94?s=96&d=mm&r=g\",\"caption\":\"jorge@quois.com\"},\"sameAs\":[\"https:\/\/riberasalud.com\/juan-cardonaaux\"],\"url\":\"https:\/\/riberasalud.com\/juan-cardona\/author\/jorgequois-com\/\"}]}<\/script>\n<!-- \/ Yoast SEO plugin. -->","yoast_head_json":{"title":"Dermatitis at\u00f3pica, una enfermedad cada vez m\u00e1s com\u00fan - Hospital Ribera Juan Cardona","robots":{"index":"index","follow":"follow","max-snippet":"max-snippet:-1","max-image-preview":"max-image-preview:large","max-video-preview":"max-video-preview:-1"},"canonical":"https:\/\/riberasalud.com\/juan-cardona\/2019\/05\/16\/dermatitis-atopica-una-enfermedad-cada-vez-mas-comun\/","og_locale":"es_ES","og_type":"article","og_title":"Dermatitis at\u00f3pica, una enfermedad cada vez m\u00e1s com\u00fan - Hospital Ribera Juan Cardona","og_description":"La dermatitis at\u00f3pica es un proceso de hipersensibilidad de piel que comienza desde la infancia y una de las principales causas de visitas al dermat\u00f3logo.","og_url":"https:\/\/riberasalud.com\/juan-cardona\/2019\/05\/16\/dermatitis-atopica-una-enfermedad-cada-vez-mas-comun\/","og_site_name":"Hospital Ribera Juan Cardona","article_published_time":"2019-05-16T10:05:36+00:00","og_image":[{"url":"https:\/\/riberasalud.com\/juan-cardona\/wp-content\/uploads\/2019\/07\/dermatitis-atopica.jpg","type":"","width":"","height":""}],"author":"jorge@quois.com","twitter_card":"summary_large_image","twitter_misc":{"Escrito por":"jorge@quois.com","Tiempo de lectura":"4 minutos"},"schema":{"@context":"https:\/\/schema.org","@graph":[{"@type":"Article","@id":"https:\/\/riberasalud.com\/juan-cardona\/2019\/05\/16\/dermatitis-atopica-una-enfermedad-cada-vez-mas-comun\/#article","isPartOf":{"@id":"https:\/\/riberasalud.com\/juan-cardona\/2019\/05\/16\/dermatitis-atopica-una-enfermedad-cada-vez-mas-comun\/"},"author":{"name":"jorge@quois.com","@id":"https:\/\/riberasalud.com\/juan-cardona\/#\/schema\/person\/888d3b63442ee82bdcc6724645bf2340"},"headline":"Dermatitis at\u00f3pica, una enfermedad cada vez m\u00e1s com\u00fan","datePublished":"2019-05-16T10:05:36+00:00","mainEntityOfPage":{"@id":"https:\/\/riberasalud.com\/juan-cardona\/2019\/05\/16\/dermatitis-atopica-una-enfermedad-cada-vez-mas-comun\/"},"wordCount":860,"commentCount":0,"publisher":{"@id":"https:\/\/riberasalud.com\/juan-cardona\/#organization"},"image":{"@id":"https:\/\/riberasalud.com\/juan-cardona\/2019\/05\/16\/dermatitis-atopica-una-enfermedad-cada-vez-mas-comun\/#primaryimage"},"thumbnailUrl":"https:\/\/riberasalud.com\/juan-cardona\/wp-content\/uploads\/2019\/07\/dermatitis-atopica.jpg","articleSection":["Noticias del Hospital Juan Cardona"],"inLanguage":"es","potentialAction":[{"@type":"CommentAction","name":"Comment","target":["https:\/\/riberasalud.com\/juan-cardona\/2019\/05\/16\/dermatitis-atopica-una-enfermedad-cada-vez-mas-comun\/#respond"]}]},{"@type":"WebPage","@id":"https:\/\/riberasalud.com\/juan-cardona\/2019\/05\/16\/dermatitis-atopica-una-enfermedad-cada-vez-mas-comun\/","url":"https:\/\/riberasalud.com\/juan-cardona\/2019\/05\/16\/dermatitis-atopica-una-enfermedad-cada-vez-mas-comun\/","name":"Dermatitis at\u00f3pica, una enfermedad cada vez m\u00e1s com\u00fan - Hospital Ribera Juan Cardona","isPartOf":{"@id":"https:\/\/riberasalud.com\/juan-cardona\/#website"},"primaryImageOfPage":{"@id":"https:\/\/riberasalud.com\/juan-cardona\/2019\/05\/16\/dermatitis-atopica-una-enfermedad-cada-vez-mas-comun\/#primaryimage"},"image":{"@id":"https:\/\/riberasalud.com\/juan-cardona\/2019\/05\/16\/dermatitis-atopica-una-enfermedad-cada-vez-mas-comun\/#primaryimage"},"thumbnailUrl":"https:\/\/riberasalud.com\/juan-cardona\/wp-content\/uploads\/2019\/07\/dermatitis-atopica.jpg","datePublished":"2019-05-16T10:05:36+00:00","breadcrumb":{"@id":"https:\/\/riberasalud.com\/juan-cardona\/2019\/05\/16\/dermatitis-atopica-una-enfermedad-cada-vez-mas-comun\/#breadcrumb"},"inLanguage":"es","potentialAction":[{"@type":"ReadAction","target":["https:\/\/riberasalud.com\/juan-cardona\/2019\/05\/16\/dermatitis-atopica-una-enfermedad-cada-vez-mas-comun\/"]}]},{"@type":"ImageObject","inLanguage":"es","@id":"https:\/\/riberasalud.com\/juan-cardona\/2019\/05\/16\/dermatitis-atopica-una-enfermedad-cada-vez-mas-comun\/#primaryimage","url":"https:\/\/riberasalud.com\/juan-cardona\/wp-content\/uploads\/2019\/07\/dermatitis-atopica.jpg","contentUrl":"https:\/\/riberasalud.com\/juan-cardona\/wp-content\/uploads\/2019\/07\/dermatitis-atopica.jpg"},{"@type":"BreadcrumbList","@id":"https:\/\/riberasalud.com\/juan-cardona\/2019\/05\/16\/dermatitis-atopica-una-enfermedad-cada-vez-mas-comun\/#breadcrumb","itemListElement":[{"@type":"ListItem","position":1,"name":"Portada","item":"https:\/\/riberasalud.com\/juan-cardona\/"},{"@type":"ListItem","position":2,"name":"Dermatitis at\u00f3pica, una enfermedad cada vez m\u00e1s com\u00fan"}]},{"@type":"WebSite","@id":"https:\/\/riberasalud.com\/juan-cardona\/#website","url":"https:\/\/riberasalud.com\/juan-cardona\/","name":"Hospital Ribera Juan Cardona","description":"","publisher":{"@id":"https:\/\/riberasalud.com\/juan-cardona\/#organization"},"potentialAction":[{"@type":"SearchAction","target":{"@type":"EntryPoint","urlTemplate":"https:\/\/riberasalud.com\/juan-cardona\/?s={search_term_string}"},"query-input":{"@type":"PropertyValueSpecification","valueRequired":true,"valueName":"search_term_string"}}],"inLanguage":"es"},{"@type":"Organization","@id":"https:\/\/riberasalud.com\/juan-cardona\/#organization","name":"Hospital Ribera Juan Cardona","url":"https:\/\/riberasalud.com\/juan-cardona\/","logo":{"@type":"ImageObject","inLanguage":"es","@id":"https:\/\/riberasalud.com\/juan-cardona\/#\/schema\/logo\/image\/","url":"https:\/\/riberasalud.com\/juan-cardona\/wp-content\/uploads\/2025\/01\/Logo-Red-JuanCardona.png","contentUrl":"https:\/\/riberasalud.com\/juan-cardona\/wp-content\/uploads\/2025\/01\/Logo-Red-JuanCardona.png","width":2267,"height":495,"caption":"Hospital Ribera Juan Cardona"},"image":{"@id":"https:\/\/riberasalud.com\/juan-cardona\/#\/schema\/logo\/image\/"}},{"@type":"Person","@id":"https:\/\/riberasalud.com\/juan-cardona\/#\/schema\/person\/888d3b63442ee82bdcc6724645bf2340","name":"jorge@quois.com","image":{"@type":"ImageObject","inLanguage":"es","@id":"https:\/\/riberasalud.com\/juan-cardona\/#\/schema\/person\/image\/","url":"https:\/\/secure.gravatar.com\/avatar\/bca8cccf11ce6757dcdec6ce293d120c16d33c83aeb423357cce3f49f3abae94?s=96&d=mm&r=g","contentUrl":"https:\/\/secure.gravatar.com\/avatar\/bca8cccf11ce6757dcdec6ce293d120c16d33c83aeb423357cce3f49f3abae94?s=96&d=mm&r=g","caption":"jorge@quois.com"},"sameAs":["https:\/\/riberasalud.com\/juan-cardonaaux"],"url":"https:\/\/riberasalud.com\/juan-cardona\/author\/jorgequois-com\/"}]}},"gt_translate_keys":[{"key":"link","format":"url"}],"_links":{"self":[{"href":"https:\/\/riberasalud.com\/juan-cardona\/wp-json\/wp\/v2\/posts\/3491","targetHints":{"allow":["GET"]}}],"collection":[{"href":"https:\/\/riberasalud.com\/juan-cardona\/wp-json\/wp\/v2\/posts"}],"about":[{"href":"https:\/\/riberasalud.com\/juan-cardona\/wp-json\/wp\/v2\/types\/post"}],"author":[{"embeddable":true,"href":"https:\/\/riberasalud.com\/juan-cardona\/wp-json\/wp\/v2\/users\/1"}],"replies":[{"embeddable":true,"href":"https:\/\/riberasalud.com\/juan-cardona\/wp-json\/wp\/v2\/comments?post=3491"}],"version-history":[{"count":0,"href":"https:\/\/riberasalud.com\/juan-cardona\/wp-json\/wp\/v2\/posts\/3491\/revisions"}],"wp:attachment":[{"href":"https:\/\/riberasalud.com\/juan-cardona\/wp-json\/wp\/v2\/media?parent=3491"}],"wp:term":[{"taxonomy":"category","embeddable":true,"href":"https:\/\/riberasalud.com\/juan-cardona\/wp-json\/wp\/v2\/categories?post=3491"},{"taxonomy":"post_tag","embeddable":true,"href":"https:\/\/riberasalud.com\/juan-cardona\/wp-json\/wp\/v2\/tags?post=3491"}],"curies":[{"name":"wp","href":"https:\/\/api.w.org\/{rel}","templated":true}]}}