{"id":3445,"date":"2017-11-01T10:05:37","date_gmt":"2017-11-01T10:05:37","guid":{"rendered":"http:\/\/dweb.pfsgrupo.com\/hospitalcardona\/blog\/2019\/07\/26\/dolores-en-el-pecho-que-no-tienen-que-ver-con-un-ataque-al-corazon\/"},"modified":"2017-11-01T10:05:37","modified_gmt":"2017-11-01T10:05:37","slug":"dolores-en-el-pecho-que-no-tienen-que-ver-con-un-ataque-al-corazon","status":"publish","type":"post","link":"https:\/\/riberasalud.com\/juan-cardona\/2017\/11\/01\/dolores-en-el-pecho-que-no-tienen-que-ver-con-un-ataque-al-corazon\/","title":{"rendered":"Dolores en el pecho que no tienen que ver con un ataque al coraz\u00f3n","gt_translate_keys":[{"key":"rendered","format":"text"}]},"content":{"rendered":"<div class=\"body-container-wrapper\">\n<div class=\"body-container container-fluid\">\n<div class=\"row-fluid-wrapper row-depth-1 row-number-3 \">\n<div class=\"row-fluid \">\n<div class=\"span12 widget-span widget-type-cell contenido-post-2columnas-blog\" data-widget-type=\"cell\" data-x=\"0\" data-w=\"12\">\n<div class=\"row-fluid-wrapper row-depth-1 row-number-4 \">\n<div class=\"row-fluid \">\n<div class=\"span12 widget-span widget-type-cell page-center caja-contenido-blog\" data-widget-type=\"cell\" data-x=\"0\" data-w=\"12\">\n<div class=\"row-fluid-wrapper row-depth-1 row-number-5 \">\n<div class=\"row-fluid \">\n<div class=\"span8 widget-span widget-type-cell \" data-widget-type=\"cell\" data-x=\"0\" data-w=\"8\">\n<div class=\"row-fluid-wrapper row-depth-1 row-number-6 \">\n<div class=\"row-fluid \">\n<div class=\"span12 widget-span widget-type-blog_content \" data-widget-type=\"blog_content\" data-x=\"0\" data-w=\"12\">\n<div class=\"blog-section\">\n<div class=\"blog-post-wrapper cell-wrapper\">\n<div class=\"section post-header clearfix\">\n<p><!-- TITULAR --><\/p>\n<div id=\"hubspot-author_data\" class=\"hubspot-editable\" data-hubspot-form-id=\"author_data\" data-hubspot-name=\"Blog Author\"><!-- AUTOR --><span class=\"hs-author-label\">Publicado por <\/span>Hospital Juan Cardona el 1 de noviembre de 2017 11:01:00 CET<\/div>\n<p><!-- AUTOR --><\/p>\n<\/div>\n<div class=\"section post-body\">\n<div id=\"topic-summary\" class=\"syndicate\">\n<p>Tener dolores en el pecho puede asustar, pero no significa que usted tenga <a href=\"https:\/\/riberasalud.com\/juan-cardona\/5-recomendaciones-para-prevenir-enfermedades-cardiovasculares\/\" target=\"_blank\" rel=\"noopener noreferrer\">problemas cardionvasculares<\/a> relacionados con un ataque al coraz\u00f3n. Hay muchas otras razones.<\/p>\n<\/div>\n<p>El dolor tor\u00e1cico es una molestia o dolor que se siente en alg\u00fan punto a lo largo de la parte frontal del cuerpo entre el cuello y el abdomen superior.<br \/>\n<!--more--><\/p>\n<p><img loading=\"lazy\" decoding=\"async\" class=\"size-full wp-image-3639 aligncenter\" src=\"https:\/\/riberasalud.com\/juan-cardona\/wp-content\/uploads\/2019\/07\/dolores-en-el-pecho-1.jpg\" alt=\"\" width=\"898\" height=\"449\" \/><\/p>\n<p>Muchas personas que experimentan dolor tor\u00e1cico sienten temor de un <a href=\"https:\/\/riberasalud.com\/juan-cardona\/5-recomendaciones-para-prevenir-enfermedades-cardiovasculares\/\" target=\"_blank\" rel=\"noopener noreferrer\">ataque card\u00edaco<\/a>. Sin embargo, hay muchas causas posibles de dolor tor\u00e1cico. Algunas causas no son peligrosas para la salud, mientras que otras son serias y en algunos casos potencialmente mortales.<\/p>\n<p>Cualquier \u00f3rgano o tejido en el t\u00f3rax puede ser el origen del dolor, incluso el coraz\u00f3n, los pulmones, el es\u00f3fago, los m\u00fasculos, las costillas, los tendones o los nervios. El dolor tambi\u00e9n se puede propagar hacia el t\u00f3rax desde el cuello, el abdomen y la espalda.<\/p>\n<p><!--HubSpot Call-to-Action Code --><span id=\"hs-cta-wrapper-437a09e9-b7f7-4f68-a08b-ddcc988eb664\" class=\"hs-cta-wrapper\"><span id=\"hs-cta-437a09e9-b7f7-4f68-a08b-ddcc988eb664\" class=\"hs-cta-node hs-cta-437a09e9-b7f7-4f68-a08b-ddcc988eb664\"><br \/>\n<\/span><\/span><a href=\"https:\/\/riberasalud.com\/juan-cardona\/cardiologia\/\"><img loading=\"lazy\" decoding=\"async\" class=\" wp-image-3640 aligncenter\" src=\"https:\/\/riberasalud.com\/juan-cardona\/wp-content\/uploads\/2019\/07\/437a09e9-b7f7-4f68-a08b-ddcc988eb664-1.png\" alt=\"\" width=\"1030\" height=\"572\" \/><\/a><br \/>\n<!-- end HubSpot Call-to-Action Code --><\/p>\n<h3><span style=\"letter-spacing: 0.05em; background-color: transparent;\">Otros problemas del coraz\u00f3n como la <\/span>angina<\/h3>\n<p>La angina o angina de pecho es un <strong>dolor transitorio o una sensaci\u00f3n de presi\u00f3n<\/strong> que se produce cuando el coraz\u00f3n no recibe suficiente sangre rica en ox\u00edgeno. Esta demanda de ox\u00edgeno es provocada <strong>en situaciones que implican un esfuerzo<\/strong> (ejercicio f\u00edsico, en temperaturas extremas, despu\u00e9s de comidas pesadas o emociones).<\/p>\n<p>El dolor se presenta en el centro del pecho e irradia con frecuencia al cuello y al brazo izquierdo.\u00a0<span style=\"letter-spacing: 0.05em; background-color: transparent;\">Suele durar unos minutos y el coraz\u00f3n no sufre un da\u00f1o permanente como en el caso del infarto.<\/span><\/p>\n<h3>Ataques de p\u00e1nico<\/h3>\n<p>Los niveles altos de estr\u00e9s, ansiedad o depresi\u00f3n <strong>producen dolores constantes en la zona cercana al coraz\u00f3n.<\/strong><\/p>\n<p>Estos suelen ser m\u00e1s f\u00e1ciles de identificar que en otros casos, aunque algunas veces son tan fuertes que se pueden confundir con una patolog\u00eda m\u00e1s grave.<\/p>\n<p>Suelen darse de forma repentina y pueden venir acompa\u00f1ados con <strong>una sensaci\u00f3n de presi\u00f3n y punzadas.<\/strong><\/p>\n<p>En este caso se sit\u00faan en el centro del pecho, debido a que es en esta zona y en la boca del est\u00f3mago donde\u00a0<strong>se forman los nudos relacionados con las emociones.<\/strong><\/p>\n<h3>Problemas digestivos como acidez o enfermedades del es\u00f3fago<\/h3>\n<p>El reflujo \u00e1cido es una condici\u00f3n muy com\u00fan en la poblaci\u00f3n, ya que <strong>alrededor del 7% lo padece varias veces a la semana.\u00a0<\/strong><span style=\"letter-spacing: 0.05em; background-color: transparent;\">Se produce cuando hay un desbalance entre los factores agresores y los defensivos de la mucosa esof\u00e1gica, el cual permite que incremente la acidez.<\/span><\/p>\n<p>Consiste en una sensaci\u00f3n de quemaz\u00f3n o dolor a la altura\u00a0del estern\u00f3n, la cual <strong>aumenta tras ingerir comidas demasiado copiosas o abundantes.\u00a0<\/strong><span style=\"letter-spacing: 0.05em; background-color: transparent;\">Tambi\u00e9n se puede presentar\u00a0un sabor agrio en la boca, dificultades para tragar y un fuerte dolor tor\u00e1cico.<\/span><\/p>\n<p>De hecho, es una de las causas m\u00e1s frecuentes de dolor en el pecho no card\u00edaco, y muchas veces<strong> se confunde\u00a0con el que se produce con un infarto agudo de miocardio. <\/strong><\/p>\n<h3><span style=\"color: #00e9ff;\"><strong>Enfermedades de los pulmones, como neumon\u00eda, pleures\u00eda o embolismo pulmonar<\/strong><\/span><\/h3>\n<p>Problemas pulmonares que pueden causar dolor tor\u00e1cico:<\/p>\n<ul>\n<li>Un co\u00e1gulo de sangre en el pulm\u00f3n (embolia pulmonar).<br \/>\nEs una obstrucci\u00f3n de una arteria en los pulmones ya sea por grasa, aire, co\u00e1gulo sangu\u00edneo o c\u00e9lulas tumorales.<\/li>\n<li>Colapso del pulm\u00f3n (neumot\u00f3rax).<br \/>\nEl colapso pulmonar ocurre cuando el aire escapa del pulm\u00f3n. El aire luego llena el espacio por fuera del pulm\u00f3n, entre este y la pared tor\u00e1cica. Esta acumulaci\u00f3n de aire ejerce presi\u00f3n sobre el pulm\u00f3n, as\u00ed que este no se puede expandir tanto como lo hace normalmente cuando usted inspira.<\/li>\n<li><a href=\"https:\/\/riberasalud.com\/juan-cardona\/pruebas-diagnosticas-de-neumologia\/\" target=\"_blank\" rel=\"noopener noreferrer\">Neumon\u00eda.<\/a><br \/>\nCausa dolor agudo en el pecho que a menudo empeora cuando usted tose o toma una respiraci\u00f3n profunda.La inflamaci\u00f3n del revestimiento alrededor del pulm\u00f3n (pleures\u00eda) puede causar dolor tor\u00e1cico que generalmente se siente agudo y que a menudo empeora cuando usted tose o toma una respiraci\u00f3n profunda.<\/li>\n<\/ul>\n<h3>Costocondritis: una inflamaci\u00f3n de las articulaciones del pecho<\/h3>\n<p><span style=\"letter-spacing: 0.05em; background-color: transparent;\">Todas las costillas excepto las \u00faltimas 2 est\u00e1n conectadas al estern\u00f3n por un cart\u00edlago. Este cart\u00edlago puede inflamarse y causar dolor. Esta afecci\u00f3n se conoce como costocondritis. Esta es una causa com\u00fan de <\/span>dolor tor\u00e1cico<span style=\"letter-spacing: 0.05em; background-color: transparent;\">.<\/span><\/p>\n<p>A menudo no hay una causa conocida para la costocondritis. Pero puede ser causada por:<\/p>\n<ul>\n<li>Lesi\u00f3n tor\u00e1cica<\/li>\n<li>Ejercicio vigoroso y levantamiento de objetos pesados<\/li>\n<li>Infecciones virales, como infecciones respiratorias<\/li>\n<li>Esfuerzo por toser<\/li>\n<li>Infecciones tras cirug\u00edas o a causa del uso de f\u00e1rmacos por v\u00eda intravenosa<\/li>\n<li>Algunos tipos de artritis<\/li>\n<\/ul>\n<p>El s\u00edntoma m\u00e1s com\u00fan de costocondritis es dolor y sensibilidad en el t\u00f3rax. Usted puede sentir:<\/p>\n<ul>\n<li>Dolor punzante en la parte frontal de su pared tor\u00e1cica, que puede trasladarse a su espalda o est\u00f3mago<\/li>\n<li>Aumento del dolor cuando respira hondo o cuando tose<\/li>\n<li>Sensibilidad cuando presiona la zona en la que la costilla se une al estern\u00f3n<\/li>\n<li>Menos dolor cuando deja de moverse o cuando respira r\u00e1pidamente<\/li>\n<\/ul>\n<section>\n<div class=\"section\"><\/div>\n<\/section>\n<h2><strong>Ante un dolor en el pecho, consulte siempre<\/strong><\/h2>\n<p><span style=\"letter-spacing: 0.05em; background-color: transparent;\">Llame a emergencias m\u00e9dicas al 112 o al 061en caso de que sientas de repente un <\/span><strong style=\"letter-spacing: 0.05em; background-color: transparent;\">dolor opresivo<\/strong><span style=\"letter-spacing: 0.05em; background-color: transparent;\">, que te comprime fuertemente en el pecho. Si este dolor se propaga a la mand\u00edbula, el brazo izquierdo o entre los om\u00f3platos. Si aparecen n\u00e1useas, mareos, sudor fr\u00edo, coraz\u00f3n acelerado falta de aire.<\/span><\/p>\n<p><span style=\"letter-spacing: 0.05em; background-color: transparent;\"><br \/>\n<!--HubSpot Call-to-Action Code --><span id=\"hs-cta-wrapper-d73e3e84-c0ed-4db2-a040-37ebe0a18e2b\" class=\"hs-cta-wrapper\"><span id=\"hs-cta-d73e3e84-c0ed-4db2-a040-37ebe0a18e2b\" class=\"hs-cta-node hs-cta-d73e3e84-c0ed-4db2-a040-37ebe0a18e2b\"><br \/>\n<\/span><\/span><a href=\"https:\/\/riberasalud.com\/juan-cardona\/urgencias\/\"><img loading=\"lazy\" decoding=\"async\" class=\"size-full wp-image-3633 aligncenter\" src=\"https:\/\/riberasalud.com\/juan-cardona\/wp-content\/uploads\/2019\/07\/d73e3e84-c0ed-4db2-a040-37ebe0a18e2b.jpg\" alt=\"\" width=\"1200\" height=\"733\" \/><\/a><br \/>\n<!-- end HubSpot Call-to-Action Code --><\/span><\/p>\n<\/div>\n<\/div>\n<\/div>\n<\/div>\n<\/div>\n<\/div>\n<\/div>\n<\/div>\n<\/div>\n<\/div>\n<\/div>\n<\/div>\n<\/div>\n<\/div>\n<\/div>\n<\/div>\n<\/div>\n<p>&nbsp;<\/p>\n","protected":false,"gt_translate_keys":[{"key":"rendered","format":"html"}]},"excerpt":{"rendered":"<p>Le explicamos algunas causas para los dolores en el pecho que no tienen porqu\u00e9 estar relacionadas con problemas cardiacos, pero s\u00ed causan dolor tor\u00e1cico.<\/p>\n","protected":false,"gt_translate_keys":[{"key":"rendered","format":"html"}]},"author":1,"featured_media":0,"comment_status":"open","ping_status":"open","sticky":false,"template":"","format":"standard","meta":{"footnotes":""},"categories":[4],"tags":[],"class_list":["post-3445","post","type-post","status-publish","format-standard","hentry","category-noticias-del-hospital-juan-cardona"],"yoast_head":"<!-- This site is optimized with the Yoast SEO plugin v26.6 - https:\/\/yoast.com\/wordpress\/plugins\/seo\/ -->\n<title>Dolores en el pecho que no tienen que ver con un ataque al coraz\u00f3n - Hospital Ribera Juan Cardona<\/title>\n<meta name=\"robots\" content=\"index, follow, max-snippet:-1, max-image-preview:large, max-video-preview:-1\" \/>\n<link rel=\"canonical\" href=\"https:\/\/riberasalud.com\/juan-cardona\/2017\/11\/01\/dolores-en-el-pecho-que-no-tienen-que-ver-con-un-ataque-al-corazon\/\" \/>\n<meta property=\"og:locale\" content=\"es_ES\" \/>\n<meta property=\"og:type\" content=\"article\" \/>\n<meta property=\"og:title\" content=\"Dolores en el pecho que no tienen que ver con un ataque al coraz\u00f3n - Hospital Ribera Juan Cardona\" \/>\n<meta property=\"og:description\" content=\"Le explicamos algunas causas para los dolores en el pecho que no tienen porqu\u00e9 estar relacionadas con problemas cardiacos, pero s\u00ed causan dolor tor\u00e1cico.\" \/>\n<meta property=\"og:url\" content=\"https:\/\/riberasalud.com\/juan-cardona\/2017\/11\/01\/dolores-en-el-pecho-que-no-tienen-que-ver-con-un-ataque-al-corazon\/\" \/>\n<meta property=\"og:site_name\" content=\"Hospital Ribera Juan Cardona\" \/>\n<meta property=\"article:published_time\" content=\"2017-11-01T10:05:37+00:00\" \/>\n<meta property=\"og:image\" content=\"https:\/\/riberasalud.com\/juan-cardona\/wp-content\/uploads\/2019\/07\/dolores-en-el-pecho-1.jpg\" \/>\n<meta name=\"author\" content=\"jorge@quois.com\" \/>\n<meta name=\"twitter:card\" content=\"summary_large_image\" \/>\n<meta name=\"twitter:label1\" content=\"Escrito por\" \/>\n\t<meta name=\"twitter:data1\" content=\"jorge@quois.com\" \/>\n\t<meta name=\"twitter:label2\" content=\"Tiempo de lectura\" \/>\n\t<meta name=\"twitter:data2\" content=\"5 minutos\" \/>\n<script type=\"application\/ld+json\" class=\"yoast-schema-graph\">{\"@context\":\"https:\/\/schema.org\",\"@graph\":[{\"@type\":\"Article\",\"@id\":\"https:\/\/riberasalud.com\/juan-cardona\/2017\/11\/01\/dolores-en-el-pecho-que-no-tienen-que-ver-con-un-ataque-al-corazon\/#article\",\"isPartOf\":{\"@id\":\"https:\/\/riberasalud.com\/juan-cardona\/2017\/11\/01\/dolores-en-el-pecho-que-no-tienen-que-ver-con-un-ataque-al-corazon\/\"},\"author\":{\"name\":\"jorge@quois.com\",\"@id\":\"https:\/\/riberasalud.com\/juan-cardona\/#\/schema\/person\/888d3b63442ee82bdcc6724645bf2340\"},\"headline\":\"Dolores en el pecho que no tienen que ver con un ataque al coraz\u00f3n\",\"datePublished\":\"2017-11-01T10:05:37+00:00\",\"mainEntityOfPage\":{\"@id\":\"https:\/\/riberasalud.com\/juan-cardona\/2017\/11\/01\/dolores-en-el-pecho-que-no-tienen-que-ver-con-un-ataque-al-corazon\/\"},\"wordCount\":945,\"commentCount\":0,\"publisher\":{\"@id\":\"https:\/\/riberasalud.com\/juan-cardona\/#organization\"},\"image\":{\"@id\":\"https:\/\/riberasalud.com\/juan-cardona\/2017\/11\/01\/dolores-en-el-pecho-que-no-tienen-que-ver-con-un-ataque-al-corazon\/#primaryimage\"},\"thumbnailUrl\":\"https:\/\/riberasalud.com\/juan-cardona\/wp-content\/uploads\/2019\/07\/dolores-en-el-pecho-1.jpg\",\"articleSection\":[\"Noticias del Hospital Juan Cardona\"],\"inLanguage\":\"es\",\"potentialAction\":[{\"@type\":\"CommentAction\",\"name\":\"Comment\",\"target\":[\"https:\/\/riberasalud.com\/juan-cardona\/2017\/11\/01\/dolores-en-el-pecho-que-no-tienen-que-ver-con-un-ataque-al-corazon\/#respond\"]}]},{\"@type\":\"WebPage\",\"@id\":\"https:\/\/riberasalud.com\/juan-cardona\/2017\/11\/01\/dolores-en-el-pecho-que-no-tienen-que-ver-con-un-ataque-al-corazon\/\",\"url\":\"https:\/\/riberasalud.com\/juan-cardona\/2017\/11\/01\/dolores-en-el-pecho-que-no-tienen-que-ver-con-un-ataque-al-corazon\/\",\"name\":\"Dolores en el pecho que no tienen que ver con un ataque al coraz\u00f3n - Hospital Ribera Juan Cardona\",\"isPartOf\":{\"@id\":\"https:\/\/riberasalud.com\/juan-cardona\/#website\"},\"primaryImageOfPage\":{\"@id\":\"https:\/\/riberasalud.com\/juan-cardona\/2017\/11\/01\/dolores-en-el-pecho-que-no-tienen-que-ver-con-un-ataque-al-corazon\/#primaryimage\"},\"image\":{\"@id\":\"https:\/\/riberasalud.com\/juan-cardona\/2017\/11\/01\/dolores-en-el-pecho-que-no-tienen-que-ver-con-un-ataque-al-corazon\/#primaryimage\"},\"thumbnailUrl\":\"https:\/\/riberasalud.com\/juan-cardona\/wp-content\/uploads\/2019\/07\/dolores-en-el-pecho-1.jpg\",\"datePublished\":\"2017-11-01T10:05:37+00:00\",\"breadcrumb\":{\"@id\":\"https:\/\/riberasalud.com\/juan-cardona\/2017\/11\/01\/dolores-en-el-pecho-que-no-tienen-que-ver-con-un-ataque-al-corazon\/#breadcrumb\"},\"inLanguage\":\"es\",\"potentialAction\":[{\"@type\":\"ReadAction\",\"target\":[\"https:\/\/riberasalud.com\/juan-cardona\/2017\/11\/01\/dolores-en-el-pecho-que-no-tienen-que-ver-con-un-ataque-al-corazon\/\"]}]},{\"@type\":\"ImageObject\",\"inLanguage\":\"es\",\"@id\":\"https:\/\/riberasalud.com\/juan-cardona\/2017\/11\/01\/dolores-en-el-pecho-que-no-tienen-que-ver-con-un-ataque-al-corazon\/#primaryimage\",\"url\":\"https:\/\/riberasalud.com\/juan-cardona\/wp-content\/uploads\/2019\/07\/dolores-en-el-pecho-1.jpg\",\"contentUrl\":\"https:\/\/riberasalud.com\/juan-cardona\/wp-content\/uploads\/2019\/07\/dolores-en-el-pecho-1.jpg\"},{\"@type\":\"BreadcrumbList\",\"@id\":\"https:\/\/riberasalud.com\/juan-cardona\/2017\/11\/01\/dolores-en-el-pecho-que-no-tienen-que-ver-con-un-ataque-al-corazon\/#breadcrumb\",\"itemListElement\":[{\"@type\":\"ListItem\",\"position\":1,\"name\":\"Portada\",\"item\":\"https:\/\/riberasalud.com\/juan-cardona\/\"},{\"@type\":\"ListItem\",\"position\":2,\"name\":\"Dolores en el pecho que no tienen que ver con un ataque al coraz\u00f3n\"}]},{\"@type\":\"WebSite\",\"@id\":\"https:\/\/riberasalud.com\/juan-cardona\/#website\",\"url\":\"https:\/\/riberasalud.com\/juan-cardona\/\",\"name\":\"Hospital Ribera Juan Cardona\",\"description\":\"\",\"publisher\":{\"@id\":\"https:\/\/riberasalud.com\/juan-cardona\/#organization\"},\"potentialAction\":[{\"@type\":\"SearchAction\",\"target\":{\"@type\":\"EntryPoint\",\"urlTemplate\":\"https:\/\/riberasalud.com\/juan-cardona\/?s={search_term_string}\"},\"query-input\":{\"@type\":\"PropertyValueSpecification\",\"valueRequired\":true,\"valueName\":\"search_term_string\"}}],\"inLanguage\":\"es\"},{\"@type\":\"Organization\",\"@id\":\"https:\/\/riberasalud.com\/juan-cardona\/#organization\",\"name\":\"Hospital Ribera Juan Cardona\",\"url\":\"https:\/\/riberasalud.com\/juan-cardona\/\",\"logo\":{\"@type\":\"ImageObject\",\"inLanguage\":\"es\",\"@id\":\"https:\/\/riberasalud.com\/juan-cardona\/#\/schema\/logo\/image\/\",\"url\":\"https:\/\/riberasalud.com\/juan-cardona\/wp-content\/uploads\/2025\/01\/Logo-Red-JuanCardona.png\",\"contentUrl\":\"https:\/\/riberasalud.com\/juan-cardona\/wp-content\/uploads\/2025\/01\/Logo-Red-JuanCardona.png\",\"width\":2267,\"height\":495,\"caption\":\"Hospital Ribera Juan Cardona\"},\"image\":{\"@id\":\"https:\/\/riberasalud.com\/juan-cardona\/#\/schema\/logo\/image\/\"}},{\"@type\":\"Person\",\"@id\":\"https:\/\/riberasalud.com\/juan-cardona\/#\/schema\/person\/888d3b63442ee82bdcc6724645bf2340\",\"name\":\"jorge@quois.com\",\"image\":{\"@type\":\"ImageObject\",\"inLanguage\":\"es\",\"@id\":\"https:\/\/riberasalud.com\/juan-cardona\/#\/schema\/person\/image\/\",\"url\":\"https:\/\/secure.gravatar.com\/avatar\/bca8cccf11ce6757dcdec6ce293d120c16d33c83aeb423357cce3f49f3abae94?s=96&d=mm&r=g\",\"contentUrl\":\"https:\/\/secure.gravatar.com\/avatar\/bca8cccf11ce6757dcdec6ce293d120c16d33c83aeb423357cce3f49f3abae94?s=96&d=mm&r=g\",\"caption\":\"jorge@quois.com\"},\"sameAs\":[\"https:\/\/riberasalud.com\/juan-cardonaaux\"],\"url\":\"https:\/\/riberasalud.com\/juan-cardona\/author\/jorgequois-com\/\"}]}<\/script>\n<!-- \/ Yoast SEO plugin. -->","yoast_head_json":{"title":"Dolores en el pecho que no tienen que ver con un ataque al coraz\u00f3n - Hospital Ribera Juan Cardona","robots":{"index":"index","follow":"follow","max-snippet":"max-snippet:-1","max-image-preview":"max-image-preview:large","max-video-preview":"max-video-preview:-1"},"canonical":"https:\/\/riberasalud.com\/juan-cardona\/2017\/11\/01\/dolores-en-el-pecho-que-no-tienen-que-ver-con-un-ataque-al-corazon\/","og_locale":"es_ES","og_type":"article","og_title":"Dolores en el pecho que no tienen que ver con un ataque al coraz\u00f3n - Hospital Ribera Juan Cardona","og_description":"Le explicamos algunas causas para los dolores en el pecho que no tienen porqu\u00e9 estar relacionadas con problemas cardiacos, pero s\u00ed causan dolor tor\u00e1cico.","og_url":"https:\/\/riberasalud.com\/juan-cardona\/2017\/11\/01\/dolores-en-el-pecho-que-no-tienen-que-ver-con-un-ataque-al-corazon\/","og_site_name":"Hospital Ribera Juan Cardona","article_published_time":"2017-11-01T10:05:37+00:00","og_image":[{"url":"https:\/\/riberasalud.com\/juan-cardona\/wp-content\/uploads\/2019\/07\/dolores-en-el-pecho-1.jpg","type":"","width":"","height":""}],"author":"jorge@quois.com","twitter_card":"summary_large_image","twitter_misc":{"Escrito por":"jorge@quois.com","Tiempo de lectura":"5 minutos"},"schema":{"@context":"https:\/\/schema.org","@graph":[{"@type":"Article","@id":"https:\/\/riberasalud.com\/juan-cardona\/2017\/11\/01\/dolores-en-el-pecho-que-no-tienen-que-ver-con-un-ataque-al-corazon\/#article","isPartOf":{"@id":"https:\/\/riberasalud.com\/juan-cardona\/2017\/11\/01\/dolores-en-el-pecho-que-no-tienen-que-ver-con-un-ataque-al-corazon\/"},"author":{"name":"jorge@quois.com","@id":"https:\/\/riberasalud.com\/juan-cardona\/#\/schema\/person\/888d3b63442ee82bdcc6724645bf2340"},"headline":"Dolores en el pecho que no tienen que ver con un ataque al coraz\u00f3n","datePublished":"2017-11-01T10:05:37+00:00","mainEntityOfPage":{"@id":"https:\/\/riberasalud.com\/juan-cardona\/2017\/11\/01\/dolores-en-el-pecho-que-no-tienen-que-ver-con-un-ataque-al-corazon\/"},"wordCount":945,"commentCount":0,"publisher":{"@id":"https:\/\/riberasalud.com\/juan-cardona\/#organization"},"image":{"@id":"https:\/\/riberasalud.com\/juan-cardona\/2017\/11\/01\/dolores-en-el-pecho-que-no-tienen-que-ver-con-un-ataque-al-corazon\/#primaryimage"},"thumbnailUrl":"https:\/\/riberasalud.com\/juan-cardona\/wp-content\/uploads\/2019\/07\/dolores-en-el-pecho-1.jpg","articleSection":["Noticias del Hospital Juan Cardona"],"inLanguage":"es","potentialAction":[{"@type":"CommentAction","name":"Comment","target":["https:\/\/riberasalud.com\/juan-cardona\/2017\/11\/01\/dolores-en-el-pecho-que-no-tienen-que-ver-con-un-ataque-al-corazon\/#respond"]}]},{"@type":"WebPage","@id":"https:\/\/riberasalud.com\/juan-cardona\/2017\/11\/01\/dolores-en-el-pecho-que-no-tienen-que-ver-con-un-ataque-al-corazon\/","url":"https:\/\/riberasalud.com\/juan-cardona\/2017\/11\/01\/dolores-en-el-pecho-que-no-tienen-que-ver-con-un-ataque-al-corazon\/","name":"Dolores en el pecho que no tienen que ver con un ataque al coraz\u00f3n - Hospital Ribera Juan Cardona","isPartOf":{"@id":"https:\/\/riberasalud.com\/juan-cardona\/#website"},"primaryImageOfPage":{"@id":"https:\/\/riberasalud.com\/juan-cardona\/2017\/11\/01\/dolores-en-el-pecho-que-no-tienen-que-ver-con-un-ataque-al-corazon\/#primaryimage"},"image":{"@id":"https:\/\/riberasalud.com\/juan-cardona\/2017\/11\/01\/dolores-en-el-pecho-que-no-tienen-que-ver-con-un-ataque-al-corazon\/#primaryimage"},"thumbnailUrl":"https:\/\/riberasalud.com\/juan-cardona\/wp-content\/uploads\/2019\/07\/dolores-en-el-pecho-1.jpg","datePublished":"2017-11-01T10:05:37+00:00","breadcrumb":{"@id":"https:\/\/riberasalud.com\/juan-cardona\/2017\/11\/01\/dolores-en-el-pecho-que-no-tienen-que-ver-con-un-ataque-al-corazon\/#breadcrumb"},"inLanguage":"es","potentialAction":[{"@type":"ReadAction","target":["https:\/\/riberasalud.com\/juan-cardona\/2017\/11\/01\/dolores-en-el-pecho-que-no-tienen-que-ver-con-un-ataque-al-corazon\/"]}]},{"@type":"ImageObject","inLanguage":"es","@id":"https:\/\/riberasalud.com\/juan-cardona\/2017\/11\/01\/dolores-en-el-pecho-que-no-tienen-que-ver-con-un-ataque-al-corazon\/#primaryimage","url":"https:\/\/riberasalud.com\/juan-cardona\/wp-content\/uploads\/2019\/07\/dolores-en-el-pecho-1.jpg","contentUrl":"https:\/\/riberasalud.com\/juan-cardona\/wp-content\/uploads\/2019\/07\/dolores-en-el-pecho-1.jpg"},{"@type":"BreadcrumbList","@id":"https:\/\/riberasalud.com\/juan-cardona\/2017\/11\/01\/dolores-en-el-pecho-que-no-tienen-que-ver-con-un-ataque-al-corazon\/#breadcrumb","itemListElement":[{"@type":"ListItem","position":1,"name":"Portada","item":"https:\/\/riberasalud.com\/juan-cardona\/"},{"@type":"ListItem","position":2,"name":"Dolores en el pecho que no tienen que ver con un ataque al coraz\u00f3n"}]},{"@type":"WebSite","@id":"https:\/\/riberasalud.com\/juan-cardona\/#website","url":"https:\/\/riberasalud.com\/juan-cardona\/","name":"Hospital Ribera Juan Cardona","description":"","publisher":{"@id":"https:\/\/riberasalud.com\/juan-cardona\/#organization"},"potentialAction":[{"@type":"SearchAction","target":{"@type":"EntryPoint","urlTemplate":"https:\/\/riberasalud.com\/juan-cardona\/?s={search_term_string}"},"query-input":{"@type":"PropertyValueSpecification","valueRequired":true,"valueName":"search_term_string"}}],"inLanguage":"es"},{"@type":"Organization","@id":"https:\/\/riberasalud.com\/juan-cardona\/#organization","name":"Hospital Ribera Juan Cardona","url":"https:\/\/riberasalud.com\/juan-cardona\/","logo":{"@type":"ImageObject","inLanguage":"es","@id":"https:\/\/riberasalud.com\/juan-cardona\/#\/schema\/logo\/image\/","url":"https:\/\/riberasalud.com\/juan-cardona\/wp-content\/uploads\/2025\/01\/Logo-Red-JuanCardona.png","contentUrl":"https:\/\/riberasalud.com\/juan-cardona\/wp-content\/uploads\/2025\/01\/Logo-Red-JuanCardona.png","width":2267,"height":495,"caption":"Hospital Ribera Juan Cardona"},"image":{"@id":"https:\/\/riberasalud.com\/juan-cardona\/#\/schema\/logo\/image\/"}},{"@type":"Person","@id":"https:\/\/riberasalud.com\/juan-cardona\/#\/schema\/person\/888d3b63442ee82bdcc6724645bf2340","name":"jorge@quois.com","image":{"@type":"ImageObject","inLanguage":"es","@id":"https:\/\/riberasalud.com\/juan-cardona\/#\/schema\/person\/image\/","url":"https:\/\/secure.gravatar.com\/avatar\/bca8cccf11ce6757dcdec6ce293d120c16d33c83aeb423357cce3f49f3abae94?s=96&d=mm&r=g","contentUrl":"https:\/\/secure.gravatar.com\/avatar\/bca8cccf11ce6757dcdec6ce293d120c16d33c83aeb423357cce3f49f3abae94?s=96&d=mm&r=g","caption":"jorge@quois.com"},"sameAs":["https:\/\/riberasalud.com\/juan-cardonaaux"],"url":"https:\/\/riberasalud.com\/juan-cardona\/author\/jorgequois-com\/"}]}},"gt_translate_keys":[{"key":"link","format":"url"}],"_links":{"self":[{"href":"https:\/\/riberasalud.com\/juan-cardona\/wp-json\/wp\/v2\/posts\/3445","targetHints":{"allow":["GET"]}}],"collection":[{"href":"https:\/\/riberasalud.com\/juan-cardona\/wp-json\/wp\/v2\/posts"}],"about":[{"href":"https:\/\/riberasalud.com\/juan-cardona\/wp-json\/wp\/v2\/types\/post"}],"author":[{"embeddable":true,"href":"https:\/\/riberasalud.com\/juan-cardona\/wp-json\/wp\/v2\/users\/1"}],"replies":[{"embeddable":true,"href":"https:\/\/riberasalud.com\/juan-cardona\/wp-json\/wp\/v2\/comments?post=3445"}],"version-history":[{"count":0,"href":"https:\/\/riberasalud.com\/juan-cardona\/wp-json\/wp\/v2\/posts\/3445\/revisions"}],"wp:attachment":[{"href":"https:\/\/riberasalud.com\/juan-cardona\/wp-json\/wp\/v2\/media?parent=3445"}],"wp:term":[{"taxonomy":"category","embeddable":true,"href":"https:\/\/riberasalud.com\/juan-cardona\/wp-json\/wp\/v2\/categories?post=3445"},{"taxonomy":"post_tag","embeddable":true,"href":"https:\/\/riberasalud.com\/juan-cardona\/wp-json\/wp\/v2\/tags?post=3445"}],"curies":[{"name":"wp","href":"https:\/\/api.w.org\/{rel}","templated":true}]}}