{"id":8735,"date":"2024-11-27T09:00:30","date_gmt":"2024-11-27T09:00:30","guid":{"rendered":"https:\/\/riberasalud.com\/hospital-de-molina\/?p=8735"},"modified":"2024-11-28T09:11:45","modified_gmt":"2024-11-28T09:11:45","slug":"la-viii-edicion-del-foro-comsalud-reafirma-la-necesidad-de-mantener-una-buena-rutina-de-sueno-para-conservar-una-buena-salud","status":"publish","type":"post","link":"https:\/\/riberasalud.com\/hospital-de-molina\/la-viii-edicion-del-foro-comsalud-reafirma-la-necesidad-de-mantener-una-buena-rutina-de-sueno-para-conservar-una-buena-salud\/","title":{"rendered":"La VIII edici\u00f3n del Foro ComSalud reafirma la necesidad de mantener una buena rutina de sue\u00f1o para conservar una buena salud"},"content":{"rendered":"\n<ul class=\"wp-block-list\">\n<li>El evento, organizado por Ribera Hospital de Molina y el Colegio Oficial de Periodistas de Murcia, concentr\u00f3 ayer en el Real Casino de Murcia a profesionales y pacientes para abordar los trastornos del sue\u00f1o<\/li>\n\n\n\n<li>En el foro estuvo presente la Alianza por el Sue\u00f1o, una plataforma de trabajo colaborativa que re\u00fane a m\u00e1s de 40 organizaciones que promueven la salud del sue\u00f1o<\/li>\n<\/ul>\n\n\n\n<p>Con gran participaci\u00f3n y \u00e9xito, <a href=\"https:\/\/www.hospitaldemolina.com\">Ribera Hospital de Molina<\/a> y el Colegio Oficial de Periodistas de Murcia, celebraron ayer su esperado Foro de comunicaci\u00f3n y Salud #ComSalud con una edici\u00f3n centrada en Salud y Sue\u00f1o. Un evento orientado a concienciar sobre la importancia del sue\u00f1o en la salud y fomentar h\u00e1bitos de vida saludables entre la comunidad. La jornada reuni\u00f3 a expertos de diferentes \u00e1reas, pacientes y ciudadanos interesados en aprender sobre el sue\u00f1o y su impacto en el bienestar f\u00edsico y mental.<\/p>\n\n\n<div class=\"wp-block-image\">\n<figure class=\"aligncenter size-full\"><img loading=\"lazy\" decoding=\"async\" width=\"800\" height=\"533\" src=\"https:\/\/riberasalud.com\/hospital-de-molina\/wp-content\/uploads\/2024\/11\/El-VIII-Foro-ComSalud-Ribera-Hospital-de-Molina-1.jpg\" alt=\"Foro Comsalud\" class=\"wp-image-8740\" srcset=\"https:\/\/riberasalud.com\/hospital-de-molina\/wp-content\/uploads\/2024\/11\/El-VIII-Foro-ComSalud-Ribera-Hospital-de-Molina-1.jpg 800w, https:\/\/riberasalud.com\/hospital-de-molina\/wp-content\/uploads\/2024\/11\/El-VIII-Foro-ComSalud-Ribera-Hospital-de-Molina-1-300x200.jpg 300w, https:\/\/riberasalud.com\/hospital-de-molina\/wp-content\/uploads\/2024\/11\/El-VIII-Foro-ComSalud-Ribera-Hospital-de-Molina-1-768x512.jpg 768w\" sizes=\"auto, (max-width: 800px) 100vw, 800px\" \/><\/figure>\n<\/div>\n\n\n<p>El foro cont\u00f3 con ponencias a cargo de m\u00e9dicos especialistas, psic\u00f3logos, y otros profesionales de la salud, como D. Juan Pablo L\u00f3pez Caballero, psic\u00f3logo del grupo sanitario Ribera, el Dr. Jos\u00e9 Jes\u00fas Flores Ruiz, neur\u00f3logo del grupo sanitario Ribera, D\u00aa. Isabel Mar\u00eda Contreras Cano, vicepresidenta de la Asociaci\u00f3n Murciana de Rehabilitaci\u00f3n Psicosocial, y D. Pedro Gabriel Gil Espallardo, farmac\u00e9utico comunitario en Molina de Segura.<\/p>\n\n\n\n<p>Durante la jornada abordaron temas clave como los trastornos del sue\u00f1o, la higiene del sue\u00f1o, el impacto del estr\u00e9s en la calidad del descanso y las t\u00e9cnicas para mejorar la calidad del descanso. La participaci\u00f3n de los asistentes, quienes compartieron sus experiencias y plantearon preguntas, enriqueci\u00f3 el evento y destac\u00f3 la relevancia de estos temas en la vida cotidiana.<\/p>\n\n\n<div class=\"wp-block-image\">\n<figure class=\"aligncenter size-full\"><img loading=\"lazy\" decoding=\"async\" width=\"800\" height=\"533\" src=\"https:\/\/riberasalud.com\/hospital-de-molina\/wp-content\/uploads\/2024\/11\/VIII-edicion-del-Foro-ComSalud-Ribera-Hospital-de-Molina-1.jpg\" alt=\"Foro Comsalud\" class=\"wp-image-8739\" srcset=\"https:\/\/riberasalud.com\/hospital-de-molina\/wp-content\/uploads\/2024\/11\/VIII-edicion-del-Foro-ComSalud-Ribera-Hospital-de-Molina-1.jpg 800w, https:\/\/riberasalud.com\/hospital-de-molina\/wp-content\/uploads\/2024\/11\/VIII-edicion-del-Foro-ComSalud-Ribera-Hospital-de-Molina-1-300x200.jpg 300w, https:\/\/riberasalud.com\/hospital-de-molina\/wp-content\/uploads\/2024\/11\/VIII-edicion-del-Foro-ComSalud-Ribera-Hospital-de-Molina-1-768x512.jpg 768w\" sizes=\"auto, (max-width: 800px) 100vw, 800px\" \/><\/figure>\n<\/div>\n\n\n<p>\u201cLa calidad del sue\u00f1o es fundamental para mantener una buena salud general, y desde Ribera Hospital de Molina queremos sensibilizar a la poblaci\u00f3n sobre los riesgos de los trastornos del sue\u00f1o no tratados y proporcionar herramientas \u00fatiles para su manejo\u201d, destac\u00f3 <strong>D. Pedro Hern\u00e1ndez, Gerente del hospital<\/strong>, quien tambi\u00e9n expres\u00f3 su satisfacci\u00f3n por la acogida del evento.<\/p>\n\n\n\n<p>En la jornada particip\u00f3 la Alianza por el sue\u00f1o a trav\u00e9s de una microponencia por parte de Juan Carlos Rueda, presidente de la Asociaci\u00f3n Espa\u00f1ola de Especialistas en Medicina del Trabajo y responsable del Servicio M\u00e9dico de Vitaly en SABIC.&nbsp; Rueda explic\u00f3 que \u201cEl sue\u00f1o saludable es una necesidad biol\u00f3gica vital que permite restablecer las funciones fisiol\u00f3gicas y psicol\u00f3gicas b\u00e1sicas para lograr una vida plena. Un sue\u00f1o de calidad es fundamental para la funcionalidad diurna y para la salud en el trabajo.\u201d &nbsp;La Alianza por el sue\u00f1o trabaja con el objetivo y compromiso de mejorar la prevenci\u00f3n y la atenci\u00f3n de calidad de los trastornos del sue\u00f1o.<\/p>\n\n\n<div class=\"wp-block-image\">\n<figure class=\"aligncenter size-full\"><img loading=\"lazy\" decoding=\"async\" width=\"800\" height=\"533\" src=\"https:\/\/riberasalud.com\/hospital-de-molina\/wp-content\/uploads\/2024\/11\/VIII-Foro-ComSalud-Ribera-Hospital-de-Molina-Colegio-oficial-periodistas-Murcia-1.jpg\" alt=\"Foro Comsalud\" class=\"wp-image-8737\" srcset=\"https:\/\/riberasalud.com\/hospital-de-molina\/wp-content\/uploads\/2024\/11\/VIII-Foro-ComSalud-Ribera-Hospital-de-Molina-Colegio-oficial-periodistas-Murcia-1.jpg 800w, https:\/\/riberasalud.com\/hospital-de-molina\/wp-content\/uploads\/2024\/11\/VIII-Foro-ComSalud-Ribera-Hospital-de-Molina-Colegio-oficial-periodistas-Murcia-1-300x200.jpg 300w, https:\/\/riberasalud.com\/hospital-de-molina\/wp-content\/uploads\/2024\/11\/VIII-Foro-ComSalud-Ribera-Hospital-de-Molina-Colegio-oficial-periodistas-Murcia-1-768x512.jpg 768w\" sizes=\"auto, (max-width: 800px) 100vw, 800px\" \/><\/figure>\n<\/div>\n\n\n<p>El sue\u00f1o constituye uno de los pilares fundamentales de la salud y el bienestar, y debe ser un objetivo en la promoci\u00f3n de la salud. Un sue\u00f1o de calidad es esencial para el desarrollo cognitivo, emocional, cardio metab\u00f3lico, neurol\u00f3gico, f\u00edsico y mental de todas las personas, y por tanto todo lo que aportemos desde la salud en los entornos laborales contribuir\u00e1 a mejorarlo. Los trastornos de sue\u00f1o tienen consecuencias negativas graves en aquellos que los padecen, impactando directamente en su actividad diurna, en su salud, en su trabajo y sus relaciones personales.<\/p>\n\n\n\n<p>El Foro, presentado y moderado por D. Nacho G\u00f3mez, editor jefe de informativos de La 7RM, fue inaugurado por el director general de Planificaci\u00f3n, Farmacia e Investigaci\u00f3n Sanitaria de la Consejer\u00eda de Salud de la Regi\u00f3n de Murcia, D. Jes\u00fas Ca\u00f1avate Gea; el director gerente de Ribera Hospital de Molina, D. Pedro Hern\u00e1ndez Jim\u00e9nez; y el decano del Colegio de Periodistas de la Regi\u00f3n de Murcia y presidente de la Fundaci\u00f3n de la Asociaci\u00f3n de la Prensa, D. Miguel Massotti Manzanares.<\/p>\n\n\n<div class=\"wp-block-image\">\n<figure class=\"aligncenter size-full\"><img loading=\"lazy\" decoding=\"async\" width=\"800\" height=\"533\" src=\"https:\/\/riberasalud.com\/hospital-de-molina\/wp-content\/uploads\/2024\/11\/VIII-Foro-ComSalud-Ribera-Hospital-de-Molina-1.jpg\" alt=\"Foro Comsalud\" class=\"wp-image-8736\" srcset=\"https:\/\/riberasalud.com\/hospital-de-molina\/wp-content\/uploads\/2024\/11\/VIII-Foro-ComSalud-Ribera-Hospital-de-Molina-1.jpg 800w, https:\/\/riberasalud.com\/hospital-de-molina\/wp-content\/uploads\/2024\/11\/VIII-Foro-ComSalud-Ribera-Hospital-de-Molina-1-300x200.jpg 300w, https:\/\/riberasalud.com\/hospital-de-molina\/wp-content\/uploads\/2024\/11\/VIII-Foro-ComSalud-Ribera-Hospital-de-Molina-1-768x512.jpg 768w\" sizes=\"auto, (max-width: 800px) 100vw, 800px\" \/><\/figure>\n<\/div>\n\n\n<p>Con este encuentro, Ribera Hospital de Molina reafirma su compromiso por promover la salud integral de sus pacientes y la comunidad. La entidad ya est\u00e1 planificando futuras ediciones, que ampliar\u00e1n las tem\u00e1ticas y buscar\u00e1n integrar nuevos avances en el campo de la salud del sue\u00f1o.<\/p>\n\n\n\n<p><\/p>\n","protected":false},"excerpt":{"rendered":"<p>Con gran participaci\u00f3n y \u00e9xito, Ribera Hospital de Molina y el Colegio Oficial de Periodistas de Murcia, celebraron ayer su esperado Foro de comunicaci\u00f3n y Salud #ComSalud con una edici\u00f3n centrada en Salud y Sue\u00f1o. Un evento orientado a concienciar sobre la importancia del sue\u00f1o en la salud y fomentar h\u00e1bitos de vida saludables entre &#8230; <a title=\"La VIII edici\u00f3n del Foro ComSalud reafirma la necesidad de mantener una buena rutina de sue\u00f1o para conservar una buena salud\" class=\"read-more\" href=\"https:\/\/riberasalud.com\/hospital-de-molina\/la-viii-edicion-del-foro-comsalud-reafirma-la-necesidad-de-mantener-una-buena-rutina-de-sueno-para-conservar-una-buena-salud\/\" aria-label=\"Leer m\u00e1s sobre La VIII edici\u00f3n del Foro ComSalud reafirma la necesidad de mantener una buena rutina de sue\u00f1o para conservar una buena salud\">Leer m\u00e1s<\/a><\/p>\n","protected":false},"author":8,"featured_media":8738,"comment_status":"closed","ping_status":"open","sticky":false,"template":"","format":"standard","meta":{"_uag_custom_page_level_css":"","_mi_skip_tracking":false,"footnotes":""},"categories":[654,723,615],"tags":[553,612,502,36,48,725,724,14],"class_list":["post-8735","post","type-post","status-publish","format-standard","has-post-thumbnail","hentry","category-consejos-de-salud","category-evento","category-jornadas","tag-bienestar","tag-foro","tag-foro-comsalud","tag-pacientes","tag-profesionales","tag-promocion-de-la-salud","tag-rutina-de-sueno","tag-salud"],"yoast_head":"<!-- This site is optimized with the Yoast SEO plugin v26.6 - https:\/\/yoast.com\/wordpress\/plugins\/seo\/ -->\n<title>La VIII edici\u00f3n del Foro ComSalud reafirma la necesidad de mantener una buena rutina de sue\u00f1o para conservar una buena salud - Hospital de Molina<\/title>\n<meta name=\"description\" content=\"Ribera Hospital de Molina y el Colegio Oficial de Periodistas de Murcia, celebraron su Foro #ComSalud con una edici\u00f3n sobre Salud y Sue\u00f1o.\" \/>\n<meta name=\"robots\" content=\"index, follow, max-snippet:-1, max-image-preview:large, max-video-preview:-1\" \/>\n<link rel=\"canonical\" href=\"https:\/\/riberasalud.com\/hospital-de-molina\/la-viii-edicion-del-foro-comsalud-reafirma-la-necesidad-de-mantener-una-buena-rutina-de-sueno-para-conservar-una-buena-salud\/\" \/>\n<meta property=\"og:locale\" content=\"es_ES\" \/>\n<meta property=\"og:type\" content=\"article\" \/>\n<meta property=\"og:title\" content=\"La VIII edici\u00f3n del Foro ComSalud reafirma la necesidad de mantener una buena rutina de sue\u00f1o para conservar una buena salud - Hospital de Molina\" \/>\n<meta property=\"og:description\" content=\"Ribera Hospital de Molina y el Colegio Oficial de Periodistas de Murcia, celebraron su Foro #ComSalud con una edici\u00f3n sobre Salud y Sue\u00f1o.\" \/>\n<meta property=\"og:url\" content=\"https:\/\/riberasalud.com\/hospital-de-molina\/la-viii-edicion-del-foro-comsalud-reafirma-la-necesidad-de-mantener-una-buena-rutina-de-sueno-para-conservar-una-buena-salud\/\" \/>\n<meta property=\"og:site_name\" content=\"Hospital de Molina\" \/>\n<meta property=\"article:published_time\" content=\"2024-11-27T09:00:30+00:00\" \/>\n<meta property=\"article:modified_time\" content=\"2024-11-28T09:11:45+00:00\" \/>\n<meta property=\"og:image\" content=\"https:\/\/riberasalud.com\/hospital-de-molina\/wp-content\/uploads\/2024\/11\/La-VIII-edicion-del-Foro-ComSalud-Ribera-Hospital-de-Molina-1.jpg\" \/>\n\t<meta property=\"og:image:width\" content=\"800\" \/>\n\t<meta property=\"og:image:height\" content=\"533\" \/>\n\t<meta property=\"og:image:type\" content=\"image\/jpeg\" \/>\n<meta name=\"author\" content=\"mgisbert\" \/>\n<meta name=\"twitter:card\" content=\"summary_large_image\" \/>\n<meta name=\"twitter:label1\" content=\"Escrito por\" \/>\n\t<meta name=\"twitter:data1\" content=\"mgisbert\" \/>\n\t<meta name=\"twitter:label2\" content=\"Tiempo de lectura\" \/>\n\t<meta name=\"twitter:data2\" content=\"4 minutos\" \/>\n<script type=\"application\/ld+json\" class=\"yoast-schema-graph\">{\"@context\":\"https:\/\/schema.org\",\"@graph\":[{\"@type\":\"Article\",\"@id\":\"https:\/\/riberasalud.com\/hospital-de-molina\/la-viii-edicion-del-foro-comsalud-reafirma-la-necesidad-de-mantener-una-buena-rutina-de-sueno-para-conservar-una-buena-salud\/#article\",\"isPartOf\":{\"@id\":\"https:\/\/riberasalud.com\/hospital-de-molina\/la-viii-edicion-del-foro-comsalud-reafirma-la-necesidad-de-mantener-una-buena-rutina-de-sueno-para-conservar-una-buena-salud\/\"},\"author\":{\"name\":\"mgisbert\",\"@id\":\"https:\/\/riberasalud.com\/hospital-de-molina\/#\/schema\/person\/90be933ab26f6d57a2031d536ad72553\"},\"headline\":\"La VIII edici\u00f3n del Foro ComSalud reafirma la necesidad de mantener una buena rutina de sue\u00f1o para conservar una buena salud\",\"datePublished\":\"2024-11-27T09:00:30+00:00\",\"dateModified\":\"2024-11-28T09:11:45+00:00\",\"mainEntityOfPage\":{\"@id\":\"https:\/\/riberasalud.com\/hospital-de-molina\/la-viii-edicion-del-foro-comsalud-reafirma-la-necesidad-de-mantener-una-buena-rutina-de-sueno-para-conservar-una-buena-salud\/\"},\"wordCount\":746,\"publisher\":{\"@id\":\"https:\/\/riberasalud.com\/hospital-de-molina\/#organization\"},\"image\":{\"@id\":\"https:\/\/riberasalud.com\/hospital-de-molina\/la-viii-edicion-del-foro-comsalud-reafirma-la-necesidad-de-mantener-una-buena-rutina-de-sueno-para-conservar-una-buena-salud\/#primaryimage\"},\"thumbnailUrl\":\"https:\/\/riberasalud.com\/hospital-de-molina\/wp-content\/uploads\/2024\/11\/La-VIII-edicion-del-Foro-ComSalud-Ribera-Hospital-de-Molina-1.jpg\",\"keywords\":[\"bienestar\",\"foro\",\"Foro ComSalud\",\"pacientes\",\"profesionales\",\"promoci\u00f3n de la salud\",\"rutina de sue\u00f1o\",\"salud\"],\"articleSection\":[\"Consejos de salud\",\"Evento\",\"Jornadas\"],\"inLanguage\":\"es\"},{\"@type\":\"WebPage\",\"@id\":\"https:\/\/riberasalud.com\/hospital-de-molina\/la-viii-edicion-del-foro-comsalud-reafirma-la-necesidad-de-mantener-una-buena-rutina-de-sueno-para-conservar-una-buena-salud\/\",\"url\":\"https:\/\/riberasalud.com\/hospital-de-molina\/la-viii-edicion-del-foro-comsalud-reafirma-la-necesidad-de-mantener-una-buena-rutina-de-sueno-para-conservar-una-buena-salud\/\",\"name\":\"La VIII edici\u00f3n del Foro ComSalud reafirma la necesidad de mantener una buena rutina de sue\u00f1o para conservar una buena salud - Hospital de Molina\",\"isPartOf\":{\"@id\":\"https:\/\/riberasalud.com\/hospital-de-molina\/#website\"},\"primaryImageOfPage\":{\"@id\":\"https:\/\/riberasalud.com\/hospital-de-molina\/la-viii-edicion-del-foro-comsalud-reafirma-la-necesidad-de-mantener-una-buena-rutina-de-sueno-para-conservar-una-buena-salud\/#primaryimage\"},\"image\":{\"@id\":\"https:\/\/riberasalud.com\/hospital-de-molina\/la-viii-edicion-del-foro-comsalud-reafirma-la-necesidad-de-mantener-una-buena-rutina-de-sueno-para-conservar-una-buena-salud\/#primaryimage\"},\"thumbnailUrl\":\"https:\/\/riberasalud.com\/hospital-de-molina\/wp-content\/uploads\/2024\/11\/La-VIII-edicion-del-Foro-ComSalud-Ribera-Hospital-de-Molina-1.jpg\",\"datePublished\":\"2024-11-27T09:00:30+00:00\",\"dateModified\":\"2024-11-28T09:11:45+00:00\",\"description\":\"Ribera Hospital de Molina y el Colegio Oficial de Periodistas de Murcia, celebraron su Foro #ComSalud con una edici\u00f3n sobre Salud y Sue\u00f1o.\",\"breadcrumb\":{\"@id\":\"https:\/\/riberasalud.com\/hospital-de-molina\/la-viii-edicion-del-foro-comsalud-reafirma-la-necesidad-de-mantener-una-buena-rutina-de-sueno-para-conservar-una-buena-salud\/#breadcrumb\"},\"inLanguage\":\"es\",\"potentialAction\":[{\"@type\":\"ReadAction\",\"target\":[\"https:\/\/riberasalud.com\/hospital-de-molina\/la-viii-edicion-del-foro-comsalud-reafirma-la-necesidad-de-mantener-una-buena-rutina-de-sueno-para-conservar-una-buena-salud\/\"]}]},{\"@type\":\"ImageObject\",\"inLanguage\":\"es\",\"@id\":\"https:\/\/riberasalud.com\/hospital-de-molina\/la-viii-edicion-del-foro-comsalud-reafirma-la-necesidad-de-mantener-una-buena-rutina-de-sueno-para-conservar-una-buena-salud\/#primaryimage\",\"url\":\"https:\/\/riberasalud.com\/hospital-de-molina\/wp-content\/uploads\/2024\/11\/La-VIII-edicion-del-Foro-ComSalud-Ribera-Hospital-de-Molina-1.jpg\",\"contentUrl\":\"https:\/\/riberasalud.com\/hospital-de-molina\/wp-content\/uploads\/2024\/11\/La-VIII-edicion-del-Foro-ComSalud-Ribera-Hospital-de-Molina-1.jpg\",\"width\":800,\"height\":533,\"caption\":\"Foro Comsalud\"},{\"@type\":\"BreadcrumbList\",\"@id\":\"https:\/\/riberasalud.com\/hospital-de-molina\/la-viii-edicion-del-foro-comsalud-reafirma-la-necesidad-de-mantener-una-buena-rutina-de-sueno-para-conservar-una-buena-salud\/#breadcrumb\",\"itemListElement\":[{\"@type\":\"ListItem\",\"position\":1,\"name\":\"Portada\",\"item\":\"https:\/\/riberasalud.com\/hospital-de-molina\/\"},{\"@type\":\"ListItem\",\"position\":2,\"name\":\"La VIII edici\u00f3n del Foro ComSalud reafirma la necesidad de mantener una buena rutina de sue\u00f1o para conservar una buena salud\"}]},{\"@type\":\"WebSite\",\"@id\":\"https:\/\/riberasalud.com\/hospital-de-molina\/#website\",\"url\":\"https:\/\/riberasalud.com\/hospital-de-molina\/\",\"name\":\"Hospital de Molina\",\"description\":\"\",\"publisher\":{\"@id\":\"https:\/\/riberasalud.com\/hospital-de-molina\/#organization\"},\"potentialAction\":[{\"@type\":\"SearchAction\",\"target\":{\"@type\":\"EntryPoint\",\"urlTemplate\":\"https:\/\/riberasalud.com\/hospital-de-molina\/?s={search_term_string}\"},\"query-input\":{\"@type\":\"PropertyValueSpecification\",\"valueRequired\":true,\"valueName\":\"search_term_string\"}}],\"inLanguage\":\"es\"},{\"@type\":\"Organization\",\"@id\":\"https:\/\/riberasalud.com\/hospital-de-molina\/#organization\",\"name\":\"Hospital de Molina\",\"url\":\"https:\/\/riberasalud.com\/hospital-de-molina\/\",\"logo\":{\"@type\":\"ImageObject\",\"inLanguage\":\"es\",\"@id\":\"https:\/\/riberasalud.com\/hospital-de-molina\/#\/schema\/logo\/image\/\",\"url\":\"https:\/\/riberasalud.com\/hospital-de-molina\/wp-content\/uploads\/2023\/01\/cropped-Logo-Red-DeMolina-bigtz7.png\",\"contentUrl\":\"https:\/\/riberasalud.com\/hospital-de-molina\/wp-content\/uploads\/2023\/01\/cropped-Logo-Red-DeMolina-bigtz7.png\",\"width\":300,\"height\":72,\"caption\":\"Hospital de Molina\"},\"image\":{\"@id\":\"https:\/\/riberasalud.com\/hospital-de-molina\/#\/schema\/logo\/image\/\"}},{\"@type\":\"Person\",\"@id\":\"https:\/\/riberasalud.com\/hospital-de-molina\/#\/schema\/person\/90be933ab26f6d57a2031d536ad72553\",\"name\":\"mgisbert\",\"image\":{\"@type\":\"ImageObject\",\"inLanguage\":\"es\",\"@id\":\"https:\/\/riberasalud.com\/hospital-de-molina\/#\/schema\/person\/image\/\",\"url\":\"https:\/\/secure.gravatar.com\/avatar\/c6ea6b4565349d6805f473ae19ae5bac4a1d79f67166bb8197a599cdc8f997a0?s=96&d=mm&r=g\",\"contentUrl\":\"https:\/\/secure.gravatar.com\/avatar\/c6ea6b4565349d6805f473ae19ae5bac4a1d79f67166bb8197a599cdc8f997a0?s=96&d=mm&r=g\",\"caption\":\"mgisbert\"},\"url\":\"https:\/\/riberasalud.com\/hospital-de-molina\/author\/mgisbert\/\"}]}<\/script>\n<!-- \/ Yoast SEO plugin. -->","yoast_head_json":{"title":"La VIII edici\u00f3n del Foro ComSalud reafirma la necesidad de mantener una buena rutina de sue\u00f1o para conservar una buena salud - Hospital de Molina","description":"Ribera Hospital de Molina y el Colegio Oficial de Periodistas de Murcia, celebraron su Foro #ComSalud con una edici\u00f3n sobre Salud y Sue\u00f1o.","robots":{"index":"index","follow":"follow","max-snippet":"max-snippet:-1","max-image-preview":"max-image-preview:large","max-video-preview":"max-video-preview:-1"},"canonical":"https:\/\/riberasalud.com\/hospital-de-molina\/la-viii-edicion-del-foro-comsalud-reafirma-la-necesidad-de-mantener-una-buena-rutina-de-sueno-para-conservar-una-buena-salud\/","og_locale":"es_ES","og_type":"article","og_title":"La VIII edici\u00f3n del Foro ComSalud reafirma la necesidad de mantener una buena rutina de sue\u00f1o para conservar una buena salud - Hospital de Molina","og_description":"Ribera Hospital de Molina y el Colegio Oficial de Periodistas de Murcia, celebraron su Foro #ComSalud con una edici\u00f3n sobre Salud y Sue\u00f1o.","og_url":"https:\/\/riberasalud.com\/hospital-de-molina\/la-viii-edicion-del-foro-comsalud-reafirma-la-necesidad-de-mantener-una-buena-rutina-de-sueno-para-conservar-una-buena-salud\/","og_site_name":"Hospital de Molina","article_published_time":"2024-11-27T09:00:30+00:00","article_modified_time":"2024-11-28T09:11:45+00:00","og_image":[{"width":800,"height":533,"url":"https:\/\/riberasalud.com\/hospital-de-molina\/wp-content\/uploads\/2024\/11\/La-VIII-edicion-del-Foro-ComSalud-Ribera-Hospital-de-Molina-1.jpg","type":"image\/jpeg"}],"author":"mgisbert","twitter_card":"summary_large_image","twitter_misc":{"Escrito por":"mgisbert","Tiempo de lectura":"4 minutos"},"schema":{"@context":"https:\/\/schema.org","@graph":[{"@type":"Article","@id":"https:\/\/riberasalud.com\/hospital-de-molina\/la-viii-edicion-del-foro-comsalud-reafirma-la-necesidad-de-mantener-una-buena-rutina-de-sueno-para-conservar-una-buena-salud\/#article","isPartOf":{"@id":"https:\/\/riberasalud.com\/hospital-de-molina\/la-viii-edicion-del-foro-comsalud-reafirma-la-necesidad-de-mantener-una-buena-rutina-de-sueno-para-conservar-una-buena-salud\/"},"author":{"name":"mgisbert","@id":"https:\/\/riberasalud.com\/hospital-de-molina\/#\/schema\/person\/90be933ab26f6d57a2031d536ad72553"},"headline":"La VIII edici\u00f3n del Foro ComSalud reafirma la necesidad de mantener una buena rutina de sue\u00f1o para conservar una buena salud","datePublished":"2024-11-27T09:00:30+00:00","dateModified":"2024-11-28T09:11:45+00:00","mainEntityOfPage":{"@id":"https:\/\/riberasalud.com\/hospital-de-molina\/la-viii-edicion-del-foro-comsalud-reafirma-la-necesidad-de-mantener-una-buena-rutina-de-sueno-para-conservar-una-buena-salud\/"},"wordCount":746,"publisher":{"@id":"https:\/\/riberasalud.com\/hospital-de-molina\/#organization"},"image":{"@id":"https:\/\/riberasalud.com\/hospital-de-molina\/la-viii-edicion-del-foro-comsalud-reafirma-la-necesidad-de-mantener-una-buena-rutina-de-sueno-para-conservar-una-buena-salud\/#primaryimage"},"thumbnailUrl":"https:\/\/riberasalud.com\/hospital-de-molina\/wp-content\/uploads\/2024\/11\/La-VIII-edicion-del-Foro-ComSalud-Ribera-Hospital-de-Molina-1.jpg","keywords":["bienestar","foro","Foro ComSalud","pacientes","profesionales","promoci\u00f3n de la salud","rutina de sue\u00f1o","salud"],"articleSection":["Consejos de salud","Evento","Jornadas"],"inLanguage":"es"},{"@type":"WebPage","@id":"https:\/\/riberasalud.com\/hospital-de-molina\/la-viii-edicion-del-foro-comsalud-reafirma-la-necesidad-de-mantener-una-buena-rutina-de-sueno-para-conservar-una-buena-salud\/","url":"https:\/\/riberasalud.com\/hospital-de-molina\/la-viii-edicion-del-foro-comsalud-reafirma-la-necesidad-de-mantener-una-buena-rutina-de-sueno-para-conservar-una-buena-salud\/","name":"La VIII edici\u00f3n del Foro ComSalud reafirma la necesidad de mantener una buena rutina de sue\u00f1o para conservar una buena salud - Hospital de Molina","isPartOf":{"@id":"https:\/\/riberasalud.com\/hospital-de-molina\/#website"},"primaryImageOfPage":{"@id":"https:\/\/riberasalud.com\/hospital-de-molina\/la-viii-edicion-del-foro-comsalud-reafirma-la-necesidad-de-mantener-una-buena-rutina-de-sueno-para-conservar-una-buena-salud\/#primaryimage"},"image":{"@id":"https:\/\/riberasalud.com\/hospital-de-molina\/la-viii-edicion-del-foro-comsalud-reafirma-la-necesidad-de-mantener-una-buena-rutina-de-sueno-para-conservar-una-buena-salud\/#primaryimage"},"thumbnailUrl":"https:\/\/riberasalud.com\/hospital-de-molina\/wp-content\/uploads\/2024\/11\/La-VIII-edicion-del-Foro-ComSalud-Ribera-Hospital-de-Molina-1.jpg","datePublished":"2024-11-27T09:00:30+00:00","dateModified":"2024-11-28T09:11:45+00:00","description":"Ribera Hospital de Molina y el Colegio Oficial de Periodistas de Murcia, celebraron su Foro #ComSalud con una edici\u00f3n sobre Salud y Sue\u00f1o.","breadcrumb":{"@id":"https:\/\/riberasalud.com\/hospital-de-molina\/la-viii-edicion-del-foro-comsalud-reafirma-la-necesidad-de-mantener-una-buena-rutina-de-sueno-para-conservar-una-buena-salud\/#breadcrumb"},"inLanguage":"es","potentialAction":[{"@type":"ReadAction","target":["https:\/\/riberasalud.com\/hospital-de-molina\/la-viii-edicion-del-foro-comsalud-reafirma-la-necesidad-de-mantener-una-buena-rutina-de-sueno-para-conservar-una-buena-salud\/"]}]},{"@type":"ImageObject","inLanguage":"es","@id":"https:\/\/riberasalud.com\/hospital-de-molina\/la-viii-edicion-del-foro-comsalud-reafirma-la-necesidad-de-mantener-una-buena-rutina-de-sueno-para-conservar-una-buena-salud\/#primaryimage","url":"https:\/\/riberasalud.com\/hospital-de-molina\/wp-content\/uploads\/2024\/11\/La-VIII-edicion-del-Foro-ComSalud-Ribera-Hospital-de-Molina-1.jpg","contentUrl":"https:\/\/riberasalud.com\/hospital-de-molina\/wp-content\/uploads\/2024\/11\/La-VIII-edicion-del-Foro-ComSalud-Ribera-Hospital-de-Molina-1.jpg","width":800,"height":533,"caption":"Foro Comsalud"},{"@type":"BreadcrumbList","@id":"https:\/\/riberasalud.com\/hospital-de-molina\/la-viii-edicion-del-foro-comsalud-reafirma-la-necesidad-de-mantener-una-buena-rutina-de-sueno-para-conservar-una-buena-salud\/#breadcrumb","itemListElement":[{"@type":"ListItem","position":1,"name":"Portada","item":"https:\/\/riberasalud.com\/hospital-de-molina\/"},{"@type":"ListItem","position":2,"name":"La VIII edici\u00f3n del Foro ComSalud reafirma la necesidad de mantener una buena rutina de sue\u00f1o para conservar una buena salud"}]},{"@type":"WebSite","@id":"https:\/\/riberasalud.com\/hospital-de-molina\/#website","url":"https:\/\/riberasalud.com\/hospital-de-molina\/","name":"Hospital de Molina","description":"","publisher":{"@id":"https:\/\/riberasalud.com\/hospital-de-molina\/#organization"},"potentialAction":[{"@type":"SearchAction","target":{"@type":"EntryPoint","urlTemplate":"https:\/\/riberasalud.com\/hospital-de-molina\/?s={search_term_string}"},"query-input":{"@type":"PropertyValueSpecification","valueRequired":true,"valueName":"search_term_string"}}],"inLanguage":"es"},{"@type":"Organization","@id":"https:\/\/riberasalud.com\/hospital-de-molina\/#organization","name":"Hospital de Molina","url":"https:\/\/riberasalud.com\/hospital-de-molina\/","logo":{"@type":"ImageObject","inLanguage":"es","@id":"https:\/\/riberasalud.com\/hospital-de-molina\/#\/schema\/logo\/image\/","url":"https:\/\/riberasalud.com\/hospital-de-molina\/wp-content\/uploads\/2023\/01\/cropped-Logo-Red-DeMolina-bigtz7.png","contentUrl":"https:\/\/riberasalud.com\/hospital-de-molina\/wp-content\/uploads\/2023\/01\/cropped-Logo-Red-DeMolina-bigtz7.png","width":300,"height":72,"caption":"Hospital de Molina"},"image":{"@id":"https:\/\/riberasalud.com\/hospital-de-molina\/#\/schema\/logo\/image\/"}},{"@type":"Person","@id":"https:\/\/riberasalud.com\/hospital-de-molina\/#\/schema\/person\/90be933ab26f6d57a2031d536ad72553","name":"mgisbert","image":{"@type":"ImageObject","inLanguage":"es","@id":"https:\/\/riberasalud.com\/hospital-de-molina\/#\/schema\/person\/image\/","url":"https:\/\/secure.gravatar.com\/avatar\/c6ea6b4565349d6805f473ae19ae5bac4a1d79f67166bb8197a599cdc8f997a0?s=96&d=mm&r=g","contentUrl":"https:\/\/secure.gravatar.com\/avatar\/c6ea6b4565349d6805f473ae19ae5bac4a1d79f67166bb8197a599cdc8f997a0?s=96&d=mm&r=g","caption":"mgisbert"},"url":"https:\/\/riberasalud.com\/hospital-de-molina\/author\/mgisbert\/"}]}},"uagb_featured_image_src":{"full":["https:\/\/riberasalud.com\/hospital-de-molina\/wp-content\/uploads\/2024\/11\/La-VIII-edicion-del-Foro-ComSalud-Ribera-Hospital-de-Molina-1.jpg",800,533,false],"thumbnail":["https:\/\/riberasalud.com\/hospital-de-molina\/wp-content\/uploads\/2024\/11\/La-VIII-edicion-del-Foro-ComSalud-Ribera-Hospital-de-Molina-1-150x150.jpg",150,150,true],"medium":["https:\/\/riberasalud.com\/hospital-de-molina\/wp-content\/uploads\/2024\/11\/La-VIII-edicion-del-Foro-ComSalud-Ribera-Hospital-de-Molina-1-300x200.jpg",300,200,true],"medium_large":["https:\/\/riberasalud.com\/hospital-de-molina\/wp-content\/uploads\/2024\/11\/La-VIII-edicion-del-Foro-ComSalud-Ribera-Hospital-de-Molina-1-768x512.jpg",768,512,true],"large":["https:\/\/riberasalud.com\/hospital-de-molina\/wp-content\/uploads\/2024\/11\/La-VIII-edicion-del-Foro-ComSalud-Ribera-Hospital-de-Molina-1.jpg",800,533,false],"1536x1536":["https:\/\/riberasalud.com\/hospital-de-molina\/wp-content\/uploads\/2024\/11\/La-VIII-edicion-del-Foro-ComSalud-Ribera-Hospital-de-Molina-1.jpg",800,533,false],"2048x2048":["https:\/\/riberasalud.com\/hospital-de-molina\/wp-content\/uploads\/2024\/11\/La-VIII-edicion-del-Foro-ComSalud-Ribera-Hospital-de-Molina-1.jpg",800,533,false]},"uagb_author_info":{"display_name":"mgisbert","author_link":"https:\/\/riberasalud.com\/hospital-de-molina\/author\/mgisbert\/"},"uagb_comment_info":0,"uagb_excerpt":"Con gran participaci\u00f3n y \u00e9xito, Ribera Hospital de Molina y el Colegio Oficial de Periodistas de Murcia, celebraron ayer su esperado Foro de comunicaci\u00f3n y Salud #ComSalud con una edici\u00f3n centrada en Salud y Sue\u00f1o. Un evento orientado a concienciar sobre la importancia del sue\u00f1o en la salud y fomentar h\u00e1bitos de vida saludables entre&hellip;","_links":{"self":[{"href":"https:\/\/riberasalud.com\/hospital-de-molina\/wp-json\/wp\/v2\/posts\/8735","targetHints":{"allow":["GET"]}}],"collection":[{"href":"https:\/\/riberasalud.com\/hospital-de-molina\/wp-json\/wp\/v2\/posts"}],"about":[{"href":"https:\/\/riberasalud.com\/hospital-de-molina\/wp-json\/wp\/v2\/types\/post"}],"author":[{"embeddable":true,"href":"https:\/\/riberasalud.com\/hospital-de-molina\/wp-json\/wp\/v2\/users\/8"}],"replies":[{"embeddable":true,"href":"https:\/\/riberasalud.com\/hospital-de-molina\/wp-json\/wp\/v2\/comments?post=8735"}],"version-history":[{"count":1,"href":"https:\/\/riberasalud.com\/hospital-de-molina\/wp-json\/wp\/v2\/posts\/8735\/revisions"}],"predecessor-version":[{"id":8741,"href":"https:\/\/riberasalud.com\/hospital-de-molina\/wp-json\/wp\/v2\/posts\/8735\/revisions\/8741"}],"wp:featuredmedia":[{"embeddable":true,"href":"https:\/\/riberasalud.com\/hospital-de-molina\/wp-json\/wp\/v2\/media\/8738"}],"wp:attachment":[{"href":"https:\/\/riberasalud.com\/hospital-de-molina\/wp-json\/wp\/v2\/media?parent=8735"}],"wp:term":[{"taxonomy":"category","embeddable":true,"href":"https:\/\/riberasalud.com\/hospital-de-molina\/wp-json\/wp\/v2\/categories?post=8735"},{"taxonomy":"post_tag","embeddable":true,"href":"https:\/\/riberasalud.com\/hospital-de-molina\/wp-json\/wp\/v2\/tags?post=8735"}],"curies":[{"name":"wp","href":"https:\/\/api.w.org\/{rel}","templated":true}]}}