{"id":8609,"date":"2024-03-27T14:59:32","date_gmt":"2024-03-27T14:59:32","guid":{"rendered":"https:\/\/riberasalud.com\/hospital-de-molina\/?p=8609"},"modified":"2024-03-27T15:03:52","modified_gmt":"2024-03-27T15:03:52","slug":"ribera-hospital-de-molina-comprometido-con-la-plena-inclusion-laboral-de-sus-profesionales","status":"publish","type":"post","link":"https:\/\/riberasalud.com\/hospital-de-molina\/ribera-hospital-de-molina-comprometido-con-la-plena-inclusion-laboral-de-sus-profesionales\/","title":{"rendered":"Ribera Hospital de Molina, comprometido con la plena inclusi\u00f3n laboral de sus profesionales"},"content":{"rendered":"\n<ul class=\"wp-block-list\">\n<li>Ribera es una organizaci\u00f3n responsable que trabaja para mejorar la salud y el bienestar de las personas<\/li>\n\n\n\n<li>Enrique Aguilar, t\u00e9cnico de farmacia y asociado de ASTRADE, ha firmado un contrato indefinido con la organizaci\u00f3n tras un tiempo en pr\u00e1cticas<\/li>\n<\/ul>\n\n\n\n<p><strong>Molina de Segura, 27 de marzo de 2024<\/strong><strong>&nbsp;&#8211;<\/strong><strong>.<\/strong>&nbsp;&nbsp;<a href=\"https:\/\/protect2.fireeye.com\/v1\/url?k=31323334-501d5122-3135aa27-454445555731-5c17e6b5a9f869f8&amp;q=1&amp;e=078ec7ef-a543-4634-b6a4-7495f2ac2c6b&amp;u=https%3A%2F%2Fhospitaldemolina.es%2F\" target=\"_blank\" rel=\"noreferrer noopener\">Ribera Hospital de Molina<\/a>,&nbsp; gestionado por el grupo sanitario&nbsp;<a href=\"https:\/\/www.riberasalud.com\/\" target=\"_blank\" rel=\"noreferrer noopener\">Ribera<\/a>, cuenta con un convenio de colaboraci\u00f3n con la asociaci\u00f3n de atenci\u00f3n de personas con trastorno del desarrollo de la Regi\u00f3n de Murcia, ASTRADE, a trav\u00e9s del cual ofrece oportunidades laborales a sus asociados. El centro cuenta con un auxiliar de farmacia que comenz\u00f3 a trabajar en pr\u00e1cticas a trav\u00e9s de este convenio enmarcado en el programa de empleo con apoyo concedido por el servicio regional de empleo y formaci\u00f3n. Esta semana, la Direcci\u00f3n de Personas ha decidido hacer indefinido a Enrique Aguilar, cumpliendo as\u00ed el sue\u00f1o del profesional de ASTRADE.<\/p>\n\n\n\n<p>\u201cLas empresas debemos hacer un esfuerzo por tener una pol\u00edtica socialmente responsable de inclusi\u00f3n para favorecer el acceso de las personas con discapacidad a las organizaciones, En Ribera La igualdad de oportunidades y la gesti\u00f3n de la diversidad est\u00e1n incluidas en nuestra gesti\u00f3n como elementos clave, asumiendo compromisos en esta materia que gu\u00eden el comportamiento de todas las personas que conforman nuestro equipo humano\u201d, ha comentado Maru Amor\u00f3s, Directora de Personas.<\/p>\n\n\n\n<p>Las personas con discapacidad integran uno de los colectivos con mayor riesgo de exclusi\u00f3n a la hora de acceder a un empleo, y tambi\u00e9n son los que sufren una brecha salarial m\u00e1s importante. Fuera de los Centros Especiales de Empleo, las personas con discapacidad tienen aut\u00e9nticos problemas para encontrar un empleo pese a las ayudas p\u00fablicas, sobre todo teniendo en cuenta la complicada situaci\u00f3n econ\u00f3mica que tenemos en nuestro pa\u00eds y el elevado porcentaje desempleados entre la poblaci\u00f3n en edad de trabajar en Espa\u00f1a.<\/p>\n\n\n\n<p>Ribera es una organizaci\u00f3n responsable que trabaja para mejorar la salud y el bienestar de las personas, transformando la atenci\u00f3n sanitaria, con un modelo que aporta valor a la sociedad y contribuye a la sostenibilidad del sistema, a trav\u00e9s de la innovaci\u00f3n y la excelencia asistencial.<\/p>\n\n\n\n<figure class=\"wp-block-audio\"><audio controls src=\"https:\/\/riberasalud.com\/hospital-de-molina\/wp-content\/uploads\/2024\/03\/Maru-Amoros_-Directora-de-personas-en-Ribera-Hospital-de-Molina.mp3\"><\/audio><\/figure>\n","protected":false},"excerpt":{"rendered":"<p>Molina de Segura, 27 de marzo de 2024&nbsp;&#8211;.&nbsp;&nbsp;Ribera Hospital de Molina,&nbsp; gestionado por el grupo sanitario&nbsp;Ribera, cuenta con un convenio de colaboraci\u00f3n con la asociaci\u00f3n de atenci\u00f3n de personas con trastorno del desarrollo de la Regi\u00f3n de Murcia, ASTRADE, a trav\u00e9s del cual ofrece oportunidades laborales a sus asociados. El centro cuenta con un auxiliar &#8230; <a title=\"Ribera Hospital de Molina, comprometido con la plena inclusi\u00f3n laboral de sus profesionales\" class=\"read-more\" href=\"https:\/\/riberasalud.com\/hospital-de-molina\/ribera-hospital-de-molina-comprometido-con-la-plena-inclusion-laboral-de-sus-profesionales\/\" aria-label=\"Leer m\u00e1s sobre Ribera Hospital de Molina, comprometido con la plena inclusi\u00f3n laboral de sus profesionales\">Leer m\u00e1s<\/a><\/p>\n","protected":false},"author":1,"featured_media":8610,"comment_status":"closed","ping_status":"open","sticky":false,"template":"","format":"standard","meta":{"_uag_custom_page_level_css":"","_mi_skip_tracking":false,"footnotes":""},"categories":[590],"tags":[],"class_list":["post-8609","post","type-post","status-publish","format-standard","has-post-thumbnail","hentry","category-responsabilidad-social"],"yoast_head":"<!-- This site is optimized with the Yoast SEO plugin v26.6 - https:\/\/yoast.com\/wordpress\/plugins\/seo\/ -->\n<title>Ribera Hospital de Molina, comprometido con la plena inclusi\u00f3n laboral de sus profesionales - Hospital de Molina<\/title>\n<meta name=\"robots\" content=\"index, follow, max-snippet:-1, max-image-preview:large, max-video-preview:-1\" \/>\n<link rel=\"canonical\" href=\"https:\/\/riberasalud.com\/hospital-de-molina\/ribera-hospital-de-molina-comprometido-con-la-plena-inclusion-laboral-de-sus-profesionales\/\" \/>\n<meta property=\"og:locale\" content=\"es_ES\" \/>\n<meta property=\"og:type\" content=\"article\" \/>\n<meta property=\"og:title\" content=\"Ribera Hospital de Molina, comprometido con la plena inclusi\u00f3n laboral de sus profesionales - Hospital de Molina\" \/>\n<meta property=\"og:description\" content=\"Molina de Segura, 27 de marzo de 2024&nbsp;&#8211;.&nbsp;&nbsp;Ribera Hospital de Molina,&nbsp; gestionado por el grupo sanitario&nbsp;Ribera, cuenta con un convenio de colaboraci\u00f3n con la asociaci\u00f3n de atenci\u00f3n de personas con trastorno del desarrollo de la Regi\u00f3n de Murcia, ASTRADE, a trav\u00e9s del cual ofrece oportunidades laborales a sus asociados. El centro cuenta con un auxiliar ... Leer m\u00e1s\" \/>\n<meta property=\"og:url\" content=\"https:\/\/riberasalud.com\/hospital-de-molina\/ribera-hospital-de-molina-comprometido-con-la-plena-inclusion-laboral-de-sus-profesionales\/\" \/>\n<meta property=\"og:site_name\" content=\"Hospital de Molina\" \/>\n<meta property=\"article:published_time\" content=\"2024-03-27T14:59:32+00:00\" \/>\n<meta property=\"article:modified_time\" content=\"2024-03-27T15:03:52+00:00\" \/>\n<meta property=\"og:image\" content=\"https:\/\/riberasalud.com\/hospital-de-molina\/wp-content\/uploads\/2024\/03\/foto-astrade-3-scaled.jpg\" \/>\n\t<meta property=\"og:image:width\" content=\"2560\" \/>\n\t<meta property=\"og:image:height\" content=\"1707\" \/>\n\t<meta property=\"og:image:type\" content=\"image\/jpeg\" \/>\n<meta name=\"author\" content=\"jorge@quois.com\" \/>\n<meta name=\"twitter:card\" content=\"summary_large_image\" \/>\n<meta name=\"twitter:label1\" content=\"Escrito por\" \/>\n\t<meta name=\"twitter:data1\" content=\"jorge@quois.com\" \/>\n\t<meta name=\"twitter:label2\" content=\"Tiempo de lectura\" \/>\n\t<meta name=\"twitter:data2\" content=\"2 minutos\" \/>\n<script type=\"application\/ld+json\" class=\"yoast-schema-graph\">{\"@context\":\"https:\/\/schema.org\",\"@graph\":[{\"@type\":\"Article\",\"@id\":\"https:\/\/riberasalud.com\/hospital-de-molina\/ribera-hospital-de-molina-comprometido-con-la-plena-inclusion-laboral-de-sus-profesionales\/#article\",\"isPartOf\":{\"@id\":\"https:\/\/riberasalud.com\/hospital-de-molina\/ribera-hospital-de-molina-comprometido-con-la-plena-inclusion-laboral-de-sus-profesionales\/\"},\"author\":{\"name\":\"jorge@quois.com\",\"@id\":\"https:\/\/riberasalud.com\/hospital-de-molina\/#\/schema\/person\/3e7349d578c78b03e89a55c48819fdb8\"},\"headline\":\"Ribera Hospital de Molina, comprometido con la plena inclusi\u00f3n laboral de sus profesionales\",\"datePublished\":\"2024-03-27T14:59:32+00:00\",\"dateModified\":\"2024-03-27T15:03:52+00:00\",\"mainEntityOfPage\":{\"@id\":\"https:\/\/riberasalud.com\/hospital-de-molina\/ribera-hospital-de-molina-comprometido-con-la-plena-inclusion-laboral-de-sus-profesionales\/\"},\"wordCount\":401,\"publisher\":{\"@id\":\"https:\/\/riberasalud.com\/hospital-de-molina\/#organization\"},\"image\":{\"@id\":\"https:\/\/riberasalud.com\/hospital-de-molina\/ribera-hospital-de-molina-comprometido-con-la-plena-inclusion-laboral-de-sus-profesionales\/#primaryimage\"},\"thumbnailUrl\":\"https:\/\/riberasalud.com\/hospital-de-molina\/wp-content\/uploads\/2024\/03\/foto-astrade-3-scaled.jpg\",\"articleSection\":[\"Responsabilidad Social\"],\"inLanguage\":\"es\"},{\"@type\":\"WebPage\",\"@id\":\"https:\/\/riberasalud.com\/hospital-de-molina\/ribera-hospital-de-molina-comprometido-con-la-plena-inclusion-laboral-de-sus-profesionales\/\",\"url\":\"https:\/\/riberasalud.com\/hospital-de-molina\/ribera-hospital-de-molina-comprometido-con-la-plena-inclusion-laboral-de-sus-profesionales\/\",\"name\":\"Ribera Hospital de Molina, comprometido con la plena inclusi\u00f3n laboral de sus profesionales - Hospital de Molina\",\"isPartOf\":{\"@id\":\"https:\/\/riberasalud.com\/hospital-de-molina\/#website\"},\"primaryImageOfPage\":{\"@id\":\"https:\/\/riberasalud.com\/hospital-de-molina\/ribera-hospital-de-molina-comprometido-con-la-plena-inclusion-laboral-de-sus-profesionales\/#primaryimage\"},\"image\":{\"@id\":\"https:\/\/riberasalud.com\/hospital-de-molina\/ribera-hospital-de-molina-comprometido-con-la-plena-inclusion-laboral-de-sus-profesionales\/#primaryimage\"},\"thumbnailUrl\":\"https:\/\/riberasalud.com\/hospital-de-molina\/wp-content\/uploads\/2024\/03\/foto-astrade-3-scaled.jpg\",\"datePublished\":\"2024-03-27T14:59:32+00:00\",\"dateModified\":\"2024-03-27T15:03:52+00:00\",\"breadcrumb\":{\"@id\":\"https:\/\/riberasalud.com\/hospital-de-molina\/ribera-hospital-de-molina-comprometido-con-la-plena-inclusion-laboral-de-sus-profesionales\/#breadcrumb\"},\"inLanguage\":\"es\",\"potentialAction\":[{\"@type\":\"ReadAction\",\"target\":[\"https:\/\/riberasalud.com\/hospital-de-molina\/ribera-hospital-de-molina-comprometido-con-la-plena-inclusion-laboral-de-sus-profesionales\/\"]}]},{\"@type\":\"ImageObject\",\"inLanguage\":\"es\",\"@id\":\"https:\/\/riberasalud.com\/hospital-de-molina\/ribera-hospital-de-molina-comprometido-con-la-plena-inclusion-laboral-de-sus-profesionales\/#primaryimage\",\"url\":\"https:\/\/riberasalud.com\/hospital-de-molina\/wp-content\/uploads\/2024\/03\/foto-astrade-3-scaled.jpg\",\"contentUrl\":\"https:\/\/riberasalud.com\/hospital-de-molina\/wp-content\/uploads\/2024\/03\/foto-astrade-3-scaled.jpg\",\"width\":2560,\"height\":1707},{\"@type\":\"BreadcrumbList\",\"@id\":\"https:\/\/riberasalud.com\/hospital-de-molina\/ribera-hospital-de-molina-comprometido-con-la-plena-inclusion-laboral-de-sus-profesionales\/#breadcrumb\",\"itemListElement\":[{\"@type\":\"ListItem\",\"position\":1,\"name\":\"Portada\",\"item\":\"https:\/\/riberasalud.com\/hospital-de-molina\/\"},{\"@type\":\"ListItem\",\"position\":2,\"name\":\"Ribera Hospital de Molina, comprometido con la plena inclusi\u00f3n laboral de sus profesionales\"}]},{\"@type\":\"WebSite\",\"@id\":\"https:\/\/riberasalud.com\/hospital-de-molina\/#website\",\"url\":\"https:\/\/riberasalud.com\/hospital-de-molina\/\",\"name\":\"Hospital de Molina\",\"description\":\"\",\"publisher\":{\"@id\":\"https:\/\/riberasalud.com\/hospital-de-molina\/#organization\"},\"potentialAction\":[{\"@type\":\"SearchAction\",\"target\":{\"@type\":\"EntryPoint\",\"urlTemplate\":\"https:\/\/riberasalud.com\/hospital-de-molina\/?s={search_term_string}\"},\"query-input\":{\"@type\":\"PropertyValueSpecification\",\"valueRequired\":true,\"valueName\":\"search_term_string\"}}],\"inLanguage\":\"es\"},{\"@type\":\"Organization\",\"@id\":\"https:\/\/riberasalud.com\/hospital-de-molina\/#organization\",\"name\":\"Hospital de Molina\",\"url\":\"https:\/\/riberasalud.com\/hospital-de-molina\/\",\"logo\":{\"@type\":\"ImageObject\",\"inLanguage\":\"es\",\"@id\":\"https:\/\/riberasalud.com\/hospital-de-molina\/#\/schema\/logo\/image\/\",\"url\":\"https:\/\/riberasalud.com\/hospital-de-molina\/wp-content\/uploads\/2023\/01\/cropped-Logo-Red-DeMolina-bigtz7.png\",\"contentUrl\":\"https:\/\/riberasalud.com\/hospital-de-molina\/wp-content\/uploads\/2023\/01\/cropped-Logo-Red-DeMolina-bigtz7.png\",\"width\":300,\"height\":72,\"caption\":\"Hospital de Molina\"},\"image\":{\"@id\":\"https:\/\/riberasalud.com\/hospital-de-molina\/#\/schema\/logo\/image\/\"}},{\"@type\":\"Person\",\"@id\":\"https:\/\/riberasalud.com\/hospital-de-molina\/#\/schema\/person\/3e7349d578c78b03e89a55c48819fdb8\",\"name\":\"jorge@quois.com\",\"image\":{\"@type\":\"ImageObject\",\"inLanguage\":\"es\",\"@id\":\"https:\/\/riberasalud.com\/hospital-de-molina\/#\/schema\/person\/image\/\",\"url\":\"https:\/\/secure.gravatar.com\/avatar\/bca8cccf11ce6757dcdec6ce293d120c16d33c83aeb423357cce3f49f3abae94?s=96&d=mm&r=g\",\"contentUrl\":\"https:\/\/secure.gravatar.com\/avatar\/bca8cccf11ce6757dcdec6ce293d120c16d33c83aeb423357cce3f49f3abae94?s=96&d=mm&r=g\",\"caption\":\"jorge@quois.com\"},\"sameAs\":[\"https:\/\/riberasalud.com\/hospital-de-molina\"],\"url\":\"https:\/\/riberasalud.com\/hospital-de-molina\/author\/jorgequois-com\/\"}]}<\/script>\n<!-- \/ Yoast SEO plugin. -->","yoast_head_json":{"title":"Ribera Hospital de Molina, comprometido con la plena inclusi\u00f3n laboral de sus profesionales - Hospital de Molina","robots":{"index":"index","follow":"follow","max-snippet":"max-snippet:-1","max-image-preview":"max-image-preview:large","max-video-preview":"max-video-preview:-1"},"canonical":"https:\/\/riberasalud.com\/hospital-de-molina\/ribera-hospital-de-molina-comprometido-con-la-plena-inclusion-laboral-de-sus-profesionales\/","og_locale":"es_ES","og_type":"article","og_title":"Ribera Hospital de Molina, comprometido con la plena inclusi\u00f3n laboral de sus profesionales - Hospital de Molina","og_description":"Molina de Segura, 27 de marzo de 2024&nbsp;&#8211;.&nbsp;&nbsp;Ribera Hospital de Molina,&nbsp; gestionado por el grupo sanitario&nbsp;Ribera, cuenta con un convenio de colaboraci\u00f3n con la asociaci\u00f3n de atenci\u00f3n de personas con trastorno del desarrollo de la Regi\u00f3n de Murcia, ASTRADE, a trav\u00e9s del cual ofrece oportunidades laborales a sus asociados. El centro cuenta con un auxiliar ... Leer m\u00e1s","og_url":"https:\/\/riberasalud.com\/hospital-de-molina\/ribera-hospital-de-molina-comprometido-con-la-plena-inclusion-laboral-de-sus-profesionales\/","og_site_name":"Hospital de Molina","article_published_time":"2024-03-27T14:59:32+00:00","article_modified_time":"2024-03-27T15:03:52+00:00","og_image":[{"width":2560,"height":1707,"url":"https:\/\/riberasalud.com\/hospital-de-molina\/wp-content\/uploads\/2024\/03\/foto-astrade-3-scaled.jpg","type":"image\/jpeg"}],"author":"jorge@quois.com","twitter_card":"summary_large_image","twitter_misc":{"Escrito por":"jorge@quois.com","Tiempo de lectura":"2 minutos"},"schema":{"@context":"https:\/\/schema.org","@graph":[{"@type":"Article","@id":"https:\/\/riberasalud.com\/hospital-de-molina\/ribera-hospital-de-molina-comprometido-con-la-plena-inclusion-laboral-de-sus-profesionales\/#article","isPartOf":{"@id":"https:\/\/riberasalud.com\/hospital-de-molina\/ribera-hospital-de-molina-comprometido-con-la-plena-inclusion-laboral-de-sus-profesionales\/"},"author":{"name":"jorge@quois.com","@id":"https:\/\/riberasalud.com\/hospital-de-molina\/#\/schema\/person\/3e7349d578c78b03e89a55c48819fdb8"},"headline":"Ribera Hospital de Molina, comprometido con la plena inclusi\u00f3n laboral de sus profesionales","datePublished":"2024-03-27T14:59:32+00:00","dateModified":"2024-03-27T15:03:52+00:00","mainEntityOfPage":{"@id":"https:\/\/riberasalud.com\/hospital-de-molina\/ribera-hospital-de-molina-comprometido-con-la-plena-inclusion-laboral-de-sus-profesionales\/"},"wordCount":401,"publisher":{"@id":"https:\/\/riberasalud.com\/hospital-de-molina\/#organization"},"image":{"@id":"https:\/\/riberasalud.com\/hospital-de-molina\/ribera-hospital-de-molina-comprometido-con-la-plena-inclusion-laboral-de-sus-profesionales\/#primaryimage"},"thumbnailUrl":"https:\/\/riberasalud.com\/hospital-de-molina\/wp-content\/uploads\/2024\/03\/foto-astrade-3-scaled.jpg","articleSection":["Responsabilidad Social"],"inLanguage":"es"},{"@type":"WebPage","@id":"https:\/\/riberasalud.com\/hospital-de-molina\/ribera-hospital-de-molina-comprometido-con-la-plena-inclusion-laboral-de-sus-profesionales\/","url":"https:\/\/riberasalud.com\/hospital-de-molina\/ribera-hospital-de-molina-comprometido-con-la-plena-inclusion-laboral-de-sus-profesionales\/","name":"Ribera Hospital de Molina, comprometido con la plena inclusi\u00f3n laboral de sus profesionales - Hospital de Molina","isPartOf":{"@id":"https:\/\/riberasalud.com\/hospital-de-molina\/#website"},"primaryImageOfPage":{"@id":"https:\/\/riberasalud.com\/hospital-de-molina\/ribera-hospital-de-molina-comprometido-con-la-plena-inclusion-laboral-de-sus-profesionales\/#primaryimage"},"image":{"@id":"https:\/\/riberasalud.com\/hospital-de-molina\/ribera-hospital-de-molina-comprometido-con-la-plena-inclusion-laboral-de-sus-profesionales\/#primaryimage"},"thumbnailUrl":"https:\/\/riberasalud.com\/hospital-de-molina\/wp-content\/uploads\/2024\/03\/foto-astrade-3-scaled.jpg","datePublished":"2024-03-27T14:59:32+00:00","dateModified":"2024-03-27T15:03:52+00:00","breadcrumb":{"@id":"https:\/\/riberasalud.com\/hospital-de-molina\/ribera-hospital-de-molina-comprometido-con-la-plena-inclusion-laboral-de-sus-profesionales\/#breadcrumb"},"inLanguage":"es","potentialAction":[{"@type":"ReadAction","target":["https:\/\/riberasalud.com\/hospital-de-molina\/ribera-hospital-de-molina-comprometido-con-la-plena-inclusion-laboral-de-sus-profesionales\/"]}]},{"@type":"ImageObject","inLanguage":"es","@id":"https:\/\/riberasalud.com\/hospital-de-molina\/ribera-hospital-de-molina-comprometido-con-la-plena-inclusion-laboral-de-sus-profesionales\/#primaryimage","url":"https:\/\/riberasalud.com\/hospital-de-molina\/wp-content\/uploads\/2024\/03\/foto-astrade-3-scaled.jpg","contentUrl":"https:\/\/riberasalud.com\/hospital-de-molina\/wp-content\/uploads\/2024\/03\/foto-astrade-3-scaled.jpg","width":2560,"height":1707},{"@type":"BreadcrumbList","@id":"https:\/\/riberasalud.com\/hospital-de-molina\/ribera-hospital-de-molina-comprometido-con-la-plena-inclusion-laboral-de-sus-profesionales\/#breadcrumb","itemListElement":[{"@type":"ListItem","position":1,"name":"Portada","item":"https:\/\/riberasalud.com\/hospital-de-molina\/"},{"@type":"ListItem","position":2,"name":"Ribera Hospital de Molina, comprometido con la plena inclusi\u00f3n laboral de sus profesionales"}]},{"@type":"WebSite","@id":"https:\/\/riberasalud.com\/hospital-de-molina\/#website","url":"https:\/\/riberasalud.com\/hospital-de-molina\/","name":"Hospital de Molina","description":"","publisher":{"@id":"https:\/\/riberasalud.com\/hospital-de-molina\/#organization"},"potentialAction":[{"@type":"SearchAction","target":{"@type":"EntryPoint","urlTemplate":"https:\/\/riberasalud.com\/hospital-de-molina\/?s={search_term_string}"},"query-input":{"@type":"PropertyValueSpecification","valueRequired":true,"valueName":"search_term_string"}}],"inLanguage":"es"},{"@type":"Organization","@id":"https:\/\/riberasalud.com\/hospital-de-molina\/#organization","name":"Hospital de Molina","url":"https:\/\/riberasalud.com\/hospital-de-molina\/","logo":{"@type":"ImageObject","inLanguage":"es","@id":"https:\/\/riberasalud.com\/hospital-de-molina\/#\/schema\/logo\/image\/","url":"https:\/\/riberasalud.com\/hospital-de-molina\/wp-content\/uploads\/2023\/01\/cropped-Logo-Red-DeMolina-bigtz7.png","contentUrl":"https:\/\/riberasalud.com\/hospital-de-molina\/wp-content\/uploads\/2023\/01\/cropped-Logo-Red-DeMolina-bigtz7.png","width":300,"height":72,"caption":"Hospital de Molina"},"image":{"@id":"https:\/\/riberasalud.com\/hospital-de-molina\/#\/schema\/logo\/image\/"}},{"@type":"Person","@id":"https:\/\/riberasalud.com\/hospital-de-molina\/#\/schema\/person\/3e7349d578c78b03e89a55c48819fdb8","name":"jorge@quois.com","image":{"@type":"ImageObject","inLanguage":"es","@id":"https:\/\/riberasalud.com\/hospital-de-molina\/#\/schema\/person\/image\/","url":"https:\/\/secure.gravatar.com\/avatar\/bca8cccf11ce6757dcdec6ce293d120c16d33c83aeb423357cce3f49f3abae94?s=96&d=mm&r=g","contentUrl":"https:\/\/secure.gravatar.com\/avatar\/bca8cccf11ce6757dcdec6ce293d120c16d33c83aeb423357cce3f49f3abae94?s=96&d=mm&r=g","caption":"jorge@quois.com"},"sameAs":["https:\/\/riberasalud.com\/hospital-de-molina"],"url":"https:\/\/riberasalud.com\/hospital-de-molina\/author\/jorgequois-com\/"}]}},"uagb_featured_image_src":{"full":["https:\/\/riberasalud.com\/hospital-de-molina\/wp-content\/uploads\/2024\/03\/foto-astrade-3-scaled.jpg",2560,1707,false],"thumbnail":["https:\/\/riberasalud.com\/hospital-de-molina\/wp-content\/uploads\/2024\/03\/foto-astrade-3-150x150.jpg",150,150,true],"medium":["https:\/\/riberasalud.com\/hospital-de-molina\/wp-content\/uploads\/2024\/03\/foto-astrade-3-300x200.jpg",300,200,true],"medium_large":["https:\/\/riberasalud.com\/hospital-de-molina\/wp-content\/uploads\/2024\/03\/foto-astrade-3-768x512.jpg",768,512,true],"large":["https:\/\/riberasalud.com\/hospital-de-molina\/wp-content\/uploads\/2024\/03\/foto-astrade-3-1024x683.jpg",1024,683,true],"1536x1536":["https:\/\/riberasalud.com\/hospital-de-molina\/wp-content\/uploads\/2024\/03\/foto-astrade-3-1536x1024.jpg",1536,1024,true],"2048x2048":["https:\/\/riberasalud.com\/hospital-de-molina\/wp-content\/uploads\/2024\/03\/foto-astrade-3-2048x1365.jpg",2048,1365,true]},"uagb_author_info":{"display_name":"jorge@quois.com","author_link":"https:\/\/riberasalud.com\/hospital-de-molina\/author\/jorgequois-com\/"},"uagb_comment_info":0,"uagb_excerpt":"Molina de Segura, 27 de marzo de 2024&nbsp;&#8211;.&nbsp;&nbsp;Ribera Hospital de Molina,&nbsp; gestionado por el grupo sanitario&nbsp;Ribera, cuenta con un convenio de colaboraci\u00f3n con la asociaci\u00f3n de atenci\u00f3n de personas con trastorno del desarrollo de la Regi\u00f3n de Murcia, ASTRADE, a trav\u00e9s del cual ofrece oportunidades laborales a sus asociados. El centro cuenta con un auxiliar&hellip;","_links":{"self":[{"href":"https:\/\/riberasalud.com\/hospital-de-molina\/wp-json\/wp\/v2\/posts\/8609","targetHints":{"allow":["GET"]}}],"collection":[{"href":"https:\/\/riberasalud.com\/hospital-de-molina\/wp-json\/wp\/v2\/posts"}],"about":[{"href":"https:\/\/riberasalud.com\/hospital-de-molina\/wp-json\/wp\/v2\/types\/post"}],"author":[{"embeddable":true,"href":"https:\/\/riberasalud.com\/hospital-de-molina\/wp-json\/wp\/v2\/users\/1"}],"replies":[{"embeddable":true,"href":"https:\/\/riberasalud.com\/hospital-de-molina\/wp-json\/wp\/v2\/comments?post=8609"}],"version-history":[{"count":3,"href":"https:\/\/riberasalud.com\/hospital-de-molina\/wp-json\/wp\/v2\/posts\/8609\/revisions"}],"predecessor-version":[{"id":8614,"href":"https:\/\/riberasalud.com\/hospital-de-molina\/wp-json\/wp\/v2\/posts\/8609\/revisions\/8614"}],"wp:featuredmedia":[{"embeddable":true,"href":"https:\/\/riberasalud.com\/hospital-de-molina\/wp-json\/wp\/v2\/media\/8610"}],"wp:attachment":[{"href":"https:\/\/riberasalud.com\/hospital-de-molina\/wp-json\/wp\/v2\/media?parent=8609"}],"wp:term":[{"taxonomy":"category","embeddable":true,"href":"https:\/\/riberasalud.com\/hospital-de-molina\/wp-json\/wp\/v2\/categories?post=8609"},{"taxonomy":"post_tag","embeddable":true,"href":"https:\/\/riberasalud.com\/hospital-de-molina\/wp-json\/wp\/v2\/tags?post=8609"}],"curies":[{"name":"wp","href":"https:\/\/api.w.org\/{rel}","templated":true}]}}