{"id":8586,"date":"2024-03-04T14:25:22","date_gmt":"2024-03-04T14:25:22","guid":{"rendered":"https:\/\/riberasalud.com\/hospital-de-molina\/?p=8586"},"modified":"2024-03-04T14:25:23","modified_gmt":"2024-03-04T14:25:23","slug":"ribera-hospital-de-molina-realizara-chequeos-medicos-a-los-ciudadanos-en-la-feria-de-la-salud","status":"publish","type":"post","link":"https:\/\/riberasalud.com\/hospital-de-molina\/ribera-hospital-de-molina-realizara-chequeos-medicos-a-los-ciudadanos-en-la-feria-de-la-salud\/","title":{"rendered":"Ribera Hospital de Molina realizar\u00e1 chequeos m\u00e9dicos a los ciudadanos en la Feria de la Salud"},"content":{"rendered":"\n<ul class=\"wp-block-list\">\n<li>Pedro Hern\u00e1ndez Jim\u00e9nez, Gerente del hospital, ha destacado en rueda de prensa de presentaci\u00f3n de la Semana de la Salud y Deporte, la colaboraci\u00f3n de profesionales en las charlas y talleres de promoci\u00f3n de la salud<\/li>\n<\/ul>\n\n\n\n<p><strong>Molina de Segura, 4 de marzo de 2024<\/strong><strong> &#8211;<\/strong><strong>.<\/strong> Molina de Segura celebra su tradicional Semana de la Salud, Educaci\u00f3n y Deporte, promovida por el Ayuntamiento de Molina de Segura, <a href=\"https:\/\/hospitaldemolina.es\/\">Ribera Hospital de Molina<\/a> y los centros de salud del municipio, con jornadas gastron\u00f3micas de comida saludable, conferencia, talleres y exhibiciones.<\/p>\n\n\n\n<p>En este contexto, profesionales sanitarios de Ribera Hospital de Molina realizar\u00e1n chequeos m\u00e9dicos gratuitos a todo aquel ciudadano que se acerque a la Feria de la Salud el jueves y viernes en horario de ma\u00f1ana y tarde. Este a\u00f1o, como novedad, la Feria de la Salud se instalar\u00e1 en la Plaza de Europa del municipio. \u201cEn el marco de la Feria de la Salud, en el stand del hospital fomentaremos la mejora de la salud de toda la ciudadan\u00eda, a trav\u00e9s de reconocimientos sanitarios y consejos saludables\u201d, comenta el Dr. Pedro Hern\u00e1ndez, Gerente del hospital.<\/p>\n\n\n\n<p>Del 4 al 9 de marzo, la ciudad acoge la XVI Semana de la Salud, Educaci\u00f3n y Deporte con un programa repleto de actividades. En el acto de presentaci\u00f3n, celebrado esta ma\u00f1ana en el Sal\u00f3n de Plenos del Consistorio molinense \u2013 con la presencia del Alcalde de Molina de Segura, Jos\u00e9 \u00c1ngel Alfonso Hern\u00e1ndez, el Concejal de Deporte y Salud, Carlos Perell\u00f3 Garay, y la Concejala de Educaci\u00f3n, Mar\u00eda Hern\u00e1ndez Avil\u00e9s-, el Gerente de Ribera Hospital de Molina, Pedro Hern\u00e1ndez Jim\u00e9nez, ha destacado que \u201cun a\u00f1o m\u00e1s, colaboramos en la celebraci\u00f3n de la Semana de la Salud, Educaci\u00f3n y Deporte de nuestro municipio, con el \u00e1nimo de divulgar h\u00e1bitos saludables, promocionar la salud y prevenir patolog\u00edas\u201d.<\/p>\n\n\n\n<p>\u201cDurante los pr\u00f3ximos d\u00edas, incidiremos particularmente en la salud de los m\u00e1s j\u00f3venes, a los que nuestro personal sanitario se dirigir\u00e1 para ofrecerles la informaci\u00f3n y los recursos suficientes con el objetivo de que adquieran h\u00e1bitos saludables en sus relaciones con los dem\u00e1s, previniendo enfermedades, contagios y adicciones. Adem\u00e1s, nuestros profesionales ofrecer\u00e1n algunas recomendaciones para cuidar y fortalecer la mente de la poblaci\u00f3n joven\u201d.<\/p>\n","protected":false},"excerpt":{"rendered":"<p>Molina de Segura, 4 de marzo de 2024 &#8211;. Molina de Segura celebra su tradicional Semana de la Salud, Educaci\u00f3n y Deporte, promovida por el Ayuntamiento de Molina de Segura, Ribera Hospital de Molina y los centros de salud del municipio, con jornadas gastron\u00f3micas de comida saludable, conferencia, talleres y exhibiciones. En este contexto, profesionales &#8230; <a title=\"Ribera Hospital de Molina realizar\u00e1 chequeos m\u00e9dicos a los ciudadanos en la Feria de la Salud\" class=\"read-more\" href=\"https:\/\/riberasalud.com\/hospital-de-molina\/ribera-hospital-de-molina-realizara-chequeos-medicos-a-los-ciudadanos-en-la-feria-de-la-salud\/\" aria-label=\"Leer m\u00e1s sobre Ribera Hospital de Molina realizar\u00e1 chequeos m\u00e9dicos a los ciudadanos en la Feria de la Salud\">Leer m\u00e1s<\/a><\/p>\n","protected":false},"author":1,"featured_media":8587,"comment_status":"closed","ping_status":"open","sticky":false,"template":"","format":"standard","meta":{"_uag_custom_page_level_css":"","_mi_skip_tracking":false,"footnotes":""},"categories":[47],"tags":[],"class_list":["post-8586","post","type-post","status-publish","format-standard","has-post-thumbnail","hentry","category-noticias"],"yoast_head":"<!-- This site is optimized with the Yoast SEO plugin v26.6 - https:\/\/yoast.com\/wordpress\/plugins\/seo\/ -->\n<title>Ribera Hospital de Molina realizar\u00e1 chequeos m\u00e9dicos a los ciudadanos en la Feria de la Salud - Hospital de Molina<\/title>\n<meta name=\"robots\" content=\"index, follow, max-snippet:-1, max-image-preview:large, max-video-preview:-1\" \/>\n<link rel=\"canonical\" href=\"https:\/\/riberasalud.com\/hospital-de-molina\/ribera-hospital-de-molina-realizara-chequeos-medicos-a-los-ciudadanos-en-la-feria-de-la-salud\/\" \/>\n<meta property=\"og:locale\" content=\"es_ES\" \/>\n<meta property=\"og:type\" content=\"article\" \/>\n<meta property=\"og:title\" content=\"Ribera Hospital de Molina realizar\u00e1 chequeos m\u00e9dicos a los ciudadanos en la Feria de la Salud - Hospital de Molina\" \/>\n<meta property=\"og:description\" content=\"Molina de Segura, 4 de marzo de 2024 &#8211;. Molina de Segura celebra su tradicional Semana de la Salud, Educaci\u00f3n y Deporte, promovida por el Ayuntamiento de Molina de Segura, Ribera Hospital de Molina y los centros de salud del municipio, con jornadas gastron\u00f3micas de comida saludable, conferencia, talleres y exhibiciones. En este contexto, profesionales ... Leer m\u00e1s\" \/>\n<meta property=\"og:url\" content=\"https:\/\/riberasalud.com\/hospital-de-molina\/ribera-hospital-de-molina-realizara-chequeos-medicos-a-los-ciudadanos-en-la-feria-de-la-salud\/\" \/>\n<meta property=\"og:site_name\" content=\"Hospital de Molina\" \/>\n<meta property=\"article:published_time\" content=\"2024-03-04T14:25:22+00:00\" \/>\n<meta property=\"article:modified_time\" content=\"2024-03-04T14:25:23+00:00\" \/>\n<meta property=\"og:image\" content=\"https:\/\/riberasalud.com\/hospital-de-molina\/wp-content\/uploads\/2024\/03\/Presentacion-Semana-de-la-Salud.jpeg\" \/>\n\t<meta property=\"og:image:width\" content=\"1600\" \/>\n\t<meta property=\"og:image:height\" content=\"949\" \/>\n\t<meta property=\"og:image:type\" content=\"image\/jpeg\" \/>\n<meta name=\"author\" content=\"jorge@quois.com\" \/>\n<meta name=\"twitter:card\" content=\"summary_large_image\" \/>\n<meta name=\"twitter:label1\" content=\"Escrito por\" \/>\n\t<meta name=\"twitter:data1\" content=\"jorge@quois.com\" \/>\n\t<meta name=\"twitter:label2\" content=\"Tiempo de lectura\" \/>\n\t<meta name=\"twitter:data2\" content=\"2 minutos\" \/>\n<script type=\"application\/ld+json\" class=\"yoast-schema-graph\">{\"@context\":\"https:\/\/schema.org\",\"@graph\":[{\"@type\":\"Article\",\"@id\":\"https:\/\/riberasalud.com\/hospital-de-molina\/ribera-hospital-de-molina-realizara-chequeos-medicos-a-los-ciudadanos-en-la-feria-de-la-salud\/#article\",\"isPartOf\":{\"@id\":\"https:\/\/riberasalud.com\/hospital-de-molina\/ribera-hospital-de-molina-realizara-chequeos-medicos-a-los-ciudadanos-en-la-feria-de-la-salud\/\"},\"author\":{\"name\":\"jorge@quois.com\",\"@id\":\"https:\/\/riberasalud.com\/hospital-de-molina\/#\/schema\/person\/3e7349d578c78b03e89a55c48819fdb8\"},\"headline\":\"Ribera Hospital de Molina realizar\u00e1 chequeos m\u00e9dicos a los ciudadanos en la Feria de la Salud\",\"datePublished\":\"2024-03-04T14:25:22+00:00\",\"dateModified\":\"2024-03-04T14:25:23+00:00\",\"mainEntityOfPage\":{\"@id\":\"https:\/\/riberasalud.com\/hospital-de-molina\/ribera-hospital-de-molina-realizara-chequeos-medicos-a-los-ciudadanos-en-la-feria-de-la-salud\/\"},\"wordCount\":415,\"publisher\":{\"@id\":\"https:\/\/riberasalud.com\/hospital-de-molina\/#organization\"},\"image\":{\"@id\":\"https:\/\/riberasalud.com\/hospital-de-molina\/ribera-hospital-de-molina-realizara-chequeos-medicos-a-los-ciudadanos-en-la-feria-de-la-salud\/#primaryimage\"},\"thumbnailUrl\":\"https:\/\/riberasalud.com\/hospital-de-molina\/wp-content\/uploads\/2024\/03\/Presentacion-Semana-de-la-Salud.jpeg\",\"articleSection\":[\"Noticias\"],\"inLanguage\":\"es\"},{\"@type\":\"WebPage\",\"@id\":\"https:\/\/riberasalud.com\/hospital-de-molina\/ribera-hospital-de-molina-realizara-chequeos-medicos-a-los-ciudadanos-en-la-feria-de-la-salud\/\",\"url\":\"https:\/\/riberasalud.com\/hospital-de-molina\/ribera-hospital-de-molina-realizara-chequeos-medicos-a-los-ciudadanos-en-la-feria-de-la-salud\/\",\"name\":\"Ribera Hospital de Molina realizar\u00e1 chequeos m\u00e9dicos a los ciudadanos en la Feria de la Salud - Hospital de Molina\",\"isPartOf\":{\"@id\":\"https:\/\/riberasalud.com\/hospital-de-molina\/#website\"},\"primaryImageOfPage\":{\"@id\":\"https:\/\/riberasalud.com\/hospital-de-molina\/ribera-hospital-de-molina-realizara-chequeos-medicos-a-los-ciudadanos-en-la-feria-de-la-salud\/#primaryimage\"},\"image\":{\"@id\":\"https:\/\/riberasalud.com\/hospital-de-molina\/ribera-hospital-de-molina-realizara-chequeos-medicos-a-los-ciudadanos-en-la-feria-de-la-salud\/#primaryimage\"},\"thumbnailUrl\":\"https:\/\/riberasalud.com\/hospital-de-molina\/wp-content\/uploads\/2024\/03\/Presentacion-Semana-de-la-Salud.jpeg\",\"datePublished\":\"2024-03-04T14:25:22+00:00\",\"dateModified\":\"2024-03-04T14:25:23+00:00\",\"breadcrumb\":{\"@id\":\"https:\/\/riberasalud.com\/hospital-de-molina\/ribera-hospital-de-molina-realizara-chequeos-medicos-a-los-ciudadanos-en-la-feria-de-la-salud\/#breadcrumb\"},\"inLanguage\":\"es\",\"potentialAction\":[{\"@type\":\"ReadAction\",\"target\":[\"https:\/\/riberasalud.com\/hospital-de-molina\/ribera-hospital-de-molina-realizara-chequeos-medicos-a-los-ciudadanos-en-la-feria-de-la-salud\/\"]}]},{\"@type\":\"ImageObject\",\"inLanguage\":\"es\",\"@id\":\"https:\/\/riberasalud.com\/hospital-de-molina\/ribera-hospital-de-molina-realizara-chequeos-medicos-a-los-ciudadanos-en-la-feria-de-la-salud\/#primaryimage\",\"url\":\"https:\/\/riberasalud.com\/hospital-de-molina\/wp-content\/uploads\/2024\/03\/Presentacion-Semana-de-la-Salud.jpeg\",\"contentUrl\":\"https:\/\/riberasalud.com\/hospital-de-molina\/wp-content\/uploads\/2024\/03\/Presentacion-Semana-de-la-Salud.jpeg\",\"width\":1600,\"height\":949},{\"@type\":\"BreadcrumbList\",\"@id\":\"https:\/\/riberasalud.com\/hospital-de-molina\/ribera-hospital-de-molina-realizara-chequeos-medicos-a-los-ciudadanos-en-la-feria-de-la-salud\/#breadcrumb\",\"itemListElement\":[{\"@type\":\"ListItem\",\"position\":1,\"name\":\"Portada\",\"item\":\"https:\/\/riberasalud.com\/hospital-de-molina\/\"},{\"@type\":\"ListItem\",\"position\":2,\"name\":\"Ribera Hospital de Molina realizar\u00e1 chequeos m\u00e9dicos a los ciudadanos en la Feria de la Salud\"}]},{\"@type\":\"WebSite\",\"@id\":\"https:\/\/riberasalud.com\/hospital-de-molina\/#website\",\"url\":\"https:\/\/riberasalud.com\/hospital-de-molina\/\",\"name\":\"Hospital de Molina\",\"description\":\"\",\"publisher\":{\"@id\":\"https:\/\/riberasalud.com\/hospital-de-molina\/#organization\"},\"potentialAction\":[{\"@type\":\"SearchAction\",\"target\":{\"@type\":\"EntryPoint\",\"urlTemplate\":\"https:\/\/riberasalud.com\/hospital-de-molina\/?s={search_term_string}\"},\"query-input\":{\"@type\":\"PropertyValueSpecification\",\"valueRequired\":true,\"valueName\":\"search_term_string\"}}],\"inLanguage\":\"es\"},{\"@type\":\"Organization\",\"@id\":\"https:\/\/riberasalud.com\/hospital-de-molina\/#organization\",\"name\":\"Hospital de Molina\",\"url\":\"https:\/\/riberasalud.com\/hospital-de-molina\/\",\"logo\":{\"@type\":\"ImageObject\",\"inLanguage\":\"es\",\"@id\":\"https:\/\/riberasalud.com\/hospital-de-molina\/#\/schema\/logo\/image\/\",\"url\":\"https:\/\/riberasalud.com\/hospital-de-molina\/wp-content\/uploads\/2023\/01\/cropped-Logo-Red-DeMolina-bigtz7.png\",\"contentUrl\":\"https:\/\/riberasalud.com\/hospital-de-molina\/wp-content\/uploads\/2023\/01\/cropped-Logo-Red-DeMolina-bigtz7.png\",\"width\":300,\"height\":72,\"caption\":\"Hospital de Molina\"},\"image\":{\"@id\":\"https:\/\/riberasalud.com\/hospital-de-molina\/#\/schema\/logo\/image\/\"}},{\"@type\":\"Person\",\"@id\":\"https:\/\/riberasalud.com\/hospital-de-molina\/#\/schema\/person\/3e7349d578c78b03e89a55c48819fdb8\",\"name\":\"jorge@quois.com\",\"image\":{\"@type\":\"ImageObject\",\"inLanguage\":\"es\",\"@id\":\"https:\/\/riberasalud.com\/hospital-de-molina\/#\/schema\/person\/image\/\",\"url\":\"https:\/\/secure.gravatar.com\/avatar\/bca8cccf11ce6757dcdec6ce293d120c16d33c83aeb423357cce3f49f3abae94?s=96&d=mm&r=g\",\"contentUrl\":\"https:\/\/secure.gravatar.com\/avatar\/bca8cccf11ce6757dcdec6ce293d120c16d33c83aeb423357cce3f49f3abae94?s=96&d=mm&r=g\",\"caption\":\"jorge@quois.com\"},\"sameAs\":[\"https:\/\/riberasalud.com\/hospital-de-molina\"],\"url\":\"https:\/\/riberasalud.com\/hospital-de-molina\/author\/jorgequois-com\/\"}]}<\/script>\n<!-- \/ Yoast SEO plugin. -->","yoast_head_json":{"title":"Ribera Hospital de Molina realizar\u00e1 chequeos m\u00e9dicos a los ciudadanos en la Feria de la Salud - Hospital de Molina","robots":{"index":"index","follow":"follow","max-snippet":"max-snippet:-1","max-image-preview":"max-image-preview:large","max-video-preview":"max-video-preview:-1"},"canonical":"https:\/\/riberasalud.com\/hospital-de-molina\/ribera-hospital-de-molina-realizara-chequeos-medicos-a-los-ciudadanos-en-la-feria-de-la-salud\/","og_locale":"es_ES","og_type":"article","og_title":"Ribera Hospital de Molina realizar\u00e1 chequeos m\u00e9dicos a los ciudadanos en la Feria de la Salud - Hospital de Molina","og_description":"Molina de Segura, 4 de marzo de 2024 &#8211;. Molina de Segura celebra su tradicional Semana de la Salud, Educaci\u00f3n y Deporte, promovida por el Ayuntamiento de Molina de Segura, Ribera Hospital de Molina y los centros de salud del municipio, con jornadas gastron\u00f3micas de comida saludable, conferencia, talleres y exhibiciones. En este contexto, profesionales ... Leer m\u00e1s","og_url":"https:\/\/riberasalud.com\/hospital-de-molina\/ribera-hospital-de-molina-realizara-chequeos-medicos-a-los-ciudadanos-en-la-feria-de-la-salud\/","og_site_name":"Hospital de Molina","article_published_time":"2024-03-04T14:25:22+00:00","article_modified_time":"2024-03-04T14:25:23+00:00","og_image":[{"width":1600,"height":949,"url":"https:\/\/riberasalud.com\/hospital-de-molina\/wp-content\/uploads\/2024\/03\/Presentacion-Semana-de-la-Salud.jpeg","type":"image\/jpeg"}],"author":"jorge@quois.com","twitter_card":"summary_large_image","twitter_misc":{"Escrito por":"jorge@quois.com","Tiempo de lectura":"2 minutos"},"schema":{"@context":"https:\/\/schema.org","@graph":[{"@type":"Article","@id":"https:\/\/riberasalud.com\/hospital-de-molina\/ribera-hospital-de-molina-realizara-chequeos-medicos-a-los-ciudadanos-en-la-feria-de-la-salud\/#article","isPartOf":{"@id":"https:\/\/riberasalud.com\/hospital-de-molina\/ribera-hospital-de-molina-realizara-chequeos-medicos-a-los-ciudadanos-en-la-feria-de-la-salud\/"},"author":{"name":"jorge@quois.com","@id":"https:\/\/riberasalud.com\/hospital-de-molina\/#\/schema\/person\/3e7349d578c78b03e89a55c48819fdb8"},"headline":"Ribera Hospital de Molina realizar\u00e1 chequeos m\u00e9dicos a los ciudadanos en la Feria de la Salud","datePublished":"2024-03-04T14:25:22+00:00","dateModified":"2024-03-04T14:25:23+00:00","mainEntityOfPage":{"@id":"https:\/\/riberasalud.com\/hospital-de-molina\/ribera-hospital-de-molina-realizara-chequeos-medicos-a-los-ciudadanos-en-la-feria-de-la-salud\/"},"wordCount":415,"publisher":{"@id":"https:\/\/riberasalud.com\/hospital-de-molina\/#organization"},"image":{"@id":"https:\/\/riberasalud.com\/hospital-de-molina\/ribera-hospital-de-molina-realizara-chequeos-medicos-a-los-ciudadanos-en-la-feria-de-la-salud\/#primaryimage"},"thumbnailUrl":"https:\/\/riberasalud.com\/hospital-de-molina\/wp-content\/uploads\/2024\/03\/Presentacion-Semana-de-la-Salud.jpeg","articleSection":["Noticias"],"inLanguage":"es"},{"@type":"WebPage","@id":"https:\/\/riberasalud.com\/hospital-de-molina\/ribera-hospital-de-molina-realizara-chequeos-medicos-a-los-ciudadanos-en-la-feria-de-la-salud\/","url":"https:\/\/riberasalud.com\/hospital-de-molina\/ribera-hospital-de-molina-realizara-chequeos-medicos-a-los-ciudadanos-en-la-feria-de-la-salud\/","name":"Ribera Hospital de Molina realizar\u00e1 chequeos m\u00e9dicos a los ciudadanos en la Feria de la Salud - Hospital de Molina","isPartOf":{"@id":"https:\/\/riberasalud.com\/hospital-de-molina\/#website"},"primaryImageOfPage":{"@id":"https:\/\/riberasalud.com\/hospital-de-molina\/ribera-hospital-de-molina-realizara-chequeos-medicos-a-los-ciudadanos-en-la-feria-de-la-salud\/#primaryimage"},"image":{"@id":"https:\/\/riberasalud.com\/hospital-de-molina\/ribera-hospital-de-molina-realizara-chequeos-medicos-a-los-ciudadanos-en-la-feria-de-la-salud\/#primaryimage"},"thumbnailUrl":"https:\/\/riberasalud.com\/hospital-de-molina\/wp-content\/uploads\/2024\/03\/Presentacion-Semana-de-la-Salud.jpeg","datePublished":"2024-03-04T14:25:22+00:00","dateModified":"2024-03-04T14:25:23+00:00","breadcrumb":{"@id":"https:\/\/riberasalud.com\/hospital-de-molina\/ribera-hospital-de-molina-realizara-chequeos-medicos-a-los-ciudadanos-en-la-feria-de-la-salud\/#breadcrumb"},"inLanguage":"es","potentialAction":[{"@type":"ReadAction","target":["https:\/\/riberasalud.com\/hospital-de-molina\/ribera-hospital-de-molina-realizara-chequeos-medicos-a-los-ciudadanos-en-la-feria-de-la-salud\/"]}]},{"@type":"ImageObject","inLanguage":"es","@id":"https:\/\/riberasalud.com\/hospital-de-molina\/ribera-hospital-de-molina-realizara-chequeos-medicos-a-los-ciudadanos-en-la-feria-de-la-salud\/#primaryimage","url":"https:\/\/riberasalud.com\/hospital-de-molina\/wp-content\/uploads\/2024\/03\/Presentacion-Semana-de-la-Salud.jpeg","contentUrl":"https:\/\/riberasalud.com\/hospital-de-molina\/wp-content\/uploads\/2024\/03\/Presentacion-Semana-de-la-Salud.jpeg","width":1600,"height":949},{"@type":"BreadcrumbList","@id":"https:\/\/riberasalud.com\/hospital-de-molina\/ribera-hospital-de-molina-realizara-chequeos-medicos-a-los-ciudadanos-en-la-feria-de-la-salud\/#breadcrumb","itemListElement":[{"@type":"ListItem","position":1,"name":"Portada","item":"https:\/\/riberasalud.com\/hospital-de-molina\/"},{"@type":"ListItem","position":2,"name":"Ribera Hospital de Molina realizar\u00e1 chequeos m\u00e9dicos a los ciudadanos en la Feria de la Salud"}]},{"@type":"WebSite","@id":"https:\/\/riberasalud.com\/hospital-de-molina\/#website","url":"https:\/\/riberasalud.com\/hospital-de-molina\/","name":"Hospital de Molina","description":"","publisher":{"@id":"https:\/\/riberasalud.com\/hospital-de-molina\/#organization"},"potentialAction":[{"@type":"SearchAction","target":{"@type":"EntryPoint","urlTemplate":"https:\/\/riberasalud.com\/hospital-de-molina\/?s={search_term_string}"},"query-input":{"@type":"PropertyValueSpecification","valueRequired":true,"valueName":"search_term_string"}}],"inLanguage":"es"},{"@type":"Organization","@id":"https:\/\/riberasalud.com\/hospital-de-molina\/#organization","name":"Hospital de Molina","url":"https:\/\/riberasalud.com\/hospital-de-molina\/","logo":{"@type":"ImageObject","inLanguage":"es","@id":"https:\/\/riberasalud.com\/hospital-de-molina\/#\/schema\/logo\/image\/","url":"https:\/\/riberasalud.com\/hospital-de-molina\/wp-content\/uploads\/2023\/01\/cropped-Logo-Red-DeMolina-bigtz7.png","contentUrl":"https:\/\/riberasalud.com\/hospital-de-molina\/wp-content\/uploads\/2023\/01\/cropped-Logo-Red-DeMolina-bigtz7.png","width":300,"height":72,"caption":"Hospital de Molina"},"image":{"@id":"https:\/\/riberasalud.com\/hospital-de-molina\/#\/schema\/logo\/image\/"}},{"@type":"Person","@id":"https:\/\/riberasalud.com\/hospital-de-molina\/#\/schema\/person\/3e7349d578c78b03e89a55c48819fdb8","name":"jorge@quois.com","image":{"@type":"ImageObject","inLanguage":"es","@id":"https:\/\/riberasalud.com\/hospital-de-molina\/#\/schema\/person\/image\/","url":"https:\/\/secure.gravatar.com\/avatar\/bca8cccf11ce6757dcdec6ce293d120c16d33c83aeb423357cce3f49f3abae94?s=96&d=mm&r=g","contentUrl":"https:\/\/secure.gravatar.com\/avatar\/bca8cccf11ce6757dcdec6ce293d120c16d33c83aeb423357cce3f49f3abae94?s=96&d=mm&r=g","caption":"jorge@quois.com"},"sameAs":["https:\/\/riberasalud.com\/hospital-de-molina"],"url":"https:\/\/riberasalud.com\/hospital-de-molina\/author\/jorgequois-com\/"}]}},"uagb_featured_image_src":{"full":["https:\/\/riberasalud.com\/hospital-de-molina\/wp-content\/uploads\/2024\/03\/Presentacion-Semana-de-la-Salud.jpeg",1600,949,false],"thumbnail":["https:\/\/riberasalud.com\/hospital-de-molina\/wp-content\/uploads\/2024\/03\/Presentacion-Semana-de-la-Salud-150x150.jpeg",150,150,true],"medium":["https:\/\/riberasalud.com\/hospital-de-molina\/wp-content\/uploads\/2024\/03\/Presentacion-Semana-de-la-Salud-300x178.jpeg",300,178,true],"medium_large":["https:\/\/riberasalud.com\/hospital-de-molina\/wp-content\/uploads\/2024\/03\/Presentacion-Semana-de-la-Salud-768x456.jpeg",768,456,true],"large":["https:\/\/riberasalud.com\/hospital-de-molina\/wp-content\/uploads\/2024\/03\/Presentacion-Semana-de-la-Salud-1024x607.jpeg",1024,607,true],"1536x1536":["https:\/\/riberasalud.com\/hospital-de-molina\/wp-content\/uploads\/2024\/03\/Presentacion-Semana-de-la-Salud-1536x911.jpeg",1536,911,true],"2048x2048":["https:\/\/riberasalud.com\/hospital-de-molina\/wp-content\/uploads\/2024\/03\/Presentacion-Semana-de-la-Salud.jpeg",1600,949,false]},"uagb_author_info":{"display_name":"jorge@quois.com","author_link":"https:\/\/riberasalud.com\/hospital-de-molina\/author\/jorgequois-com\/"},"uagb_comment_info":0,"uagb_excerpt":"Molina de Segura, 4 de marzo de 2024 &#8211;. Molina de Segura celebra su tradicional Semana de la Salud, Educaci\u00f3n y Deporte, promovida por el Ayuntamiento de Molina de Segura, Ribera Hospital de Molina y los centros de salud del municipio, con jornadas gastron\u00f3micas de comida saludable, conferencia, talleres y exhibiciones. En este contexto, profesionales&hellip;","_links":{"self":[{"href":"https:\/\/riberasalud.com\/hospital-de-molina\/wp-json\/wp\/v2\/posts\/8586","targetHints":{"allow":["GET"]}}],"collection":[{"href":"https:\/\/riberasalud.com\/hospital-de-molina\/wp-json\/wp\/v2\/posts"}],"about":[{"href":"https:\/\/riberasalud.com\/hospital-de-molina\/wp-json\/wp\/v2\/types\/post"}],"author":[{"embeddable":true,"href":"https:\/\/riberasalud.com\/hospital-de-molina\/wp-json\/wp\/v2\/users\/1"}],"replies":[{"embeddable":true,"href":"https:\/\/riberasalud.com\/hospital-de-molina\/wp-json\/wp\/v2\/comments?post=8586"}],"version-history":[{"count":1,"href":"https:\/\/riberasalud.com\/hospital-de-molina\/wp-json\/wp\/v2\/posts\/8586\/revisions"}],"predecessor-version":[{"id":8588,"href":"https:\/\/riberasalud.com\/hospital-de-molina\/wp-json\/wp\/v2\/posts\/8586\/revisions\/8588"}],"wp:featuredmedia":[{"embeddable":true,"href":"https:\/\/riberasalud.com\/hospital-de-molina\/wp-json\/wp\/v2\/media\/8587"}],"wp:attachment":[{"href":"https:\/\/riberasalud.com\/hospital-de-molina\/wp-json\/wp\/v2\/media?parent=8586"}],"wp:term":[{"taxonomy":"category","embeddable":true,"href":"https:\/\/riberasalud.com\/hospital-de-molina\/wp-json\/wp\/v2\/categories?post=8586"},{"taxonomy":"post_tag","embeddable":true,"href":"https:\/\/riberasalud.com\/hospital-de-molina\/wp-json\/wp\/v2\/tags?post=8586"}],"curies":[{"name":"wp","href":"https:\/\/api.w.org\/{rel}","templated":true}]}}