{"id":682,"date":"2019-10-08T11:33:06","date_gmt":"2019-10-08T11:33:06","guid":{"rendered":"http:\/\/www.hospitaldemolina.es\/blog\/?p=665"},"modified":"2023-10-25T06:34:28","modified_gmt":"2023-10-25T06:34:28","slug":"mitos-en-traumatologia-general","status":"publish","type":"post","link":"https:\/\/riberasalud.com\/hospital-de-molina\/mitos-en-traumatologia-general\/","title":{"rendered":"Mitos en traumatolog\u00eda general"},"content":{"rendered":"<p><strong>Mi hija tiene \u201cdolores de crecimiento\u201d<\/strong><br \/>\nEl crecimiento no duele. Lo que si que es cierto es que hay determinadas patolog\u00eda que son propias del hueso en crecimiento. Tras un estudio cl\u00ednico y radiol\u00f3gico si lo precisa podremos determinar cual es la causa del dolor \u00f3seo o articular del ni\u00f1o en crecimiento. La mayor\u00eda de estas patolog\u00eda son banales y solo precisan observaci\u00f3n y tratamiento sintom\u00e1tico en algunos casos.<\/p>\n<p><strong>He heredado la artrosis de mi madre y abuela<\/strong><br \/>\nLas causas de la artrosis son multifactoriales e incluyen: edad, peso, actividad, estilo de vida, traumatismos, deformidades en los miembros. La herencia es un factor m\u00e1s que predispone a padecer la artrosis, pero ni mucho menos el m\u00e1s importante.<\/p>\n<p><strong>Las agujetas se producen por la acumulaci\u00f3n de \u00e1cido l\u00e1ctico<\/strong><br \/>\nCon toda seguridad las agujetas son la lesi\u00f3n muscular m\u00e1s frecuente, se caracterizan por su falta de gravedad, porque son auto limitadas y permiten volver a la pr\u00e1ctica deportiva en un periodo corto de tiempo. Su nombre se debe a la creencia de que su causa son la acumulaci\u00f3n de \u00e1cido l\u00e1ctico en el interior de m\u00fasculo en forma de \u201cagujas\u201d produciendo el caracter\u00edstico dolor. Tambi\u00e9n<br \/>\nesa creencia ha provocado errores en su prevenci\u00f3n y tratamiento. Actualmente en la comunidad cient\u00edfica se conocen como dolor muscular de aparici\u00f3n tard\u00eda en ingl\u00e9s DOMS y se define como la sensaci\u00f3n de incomodidad o dolor en los m\u00fasculos que aparece entre las 12-24 horas despu\u00e9s del ejercicio aumentado de manera gradual hasta alcanzar el m\u00e1ximo a los dos d\u00edas y desaparecer en el cuarto. Este cuadro es de origen multifactorial y no solo como se cre\u00eda hasta<br \/>\nahora por la acumulaci\u00f3n de \u00e1cido l\u00e1ctico. Aparece tanto en personas que inician una actividad deportiva como en deportistas experimentados. Para prevenir las agujetas no sirven para nada los cl\u00e1sicos remedios de beber agua con az\u00facar o similares. Algunos dicen que las agujetas son parte<br \/>\ndel proceso de adaptaci\u00f3n al entrenamiento, por lo tanto seg\u00fan ellos hablar de prevenirlas no es correcto, pueden ser parte normal del ejercicio, pero hay unos pasos que se pueden seguir para reducir el dolor causado por la actividad f\u00edsica: calentamiento correcto, hacer ejercicio de manera regular, t\u00e9cnica deportiva, intensidad progresiva, correcta hidrataci\u00f3n, estiramientos al final de la<br \/>\nlesi\u00f3n, masaje superficial y descanso adecuado. Como tratamiento si las molestias son muy importantes se puede usar: reposo, hielo y masaje. Solo en casos muy severos se prescribir\u00e1<br \/>\nalg\u00fan tipo de medicaci\u00f3n oral o t\u00f3pica.<\/p>\n<p><strong>Tengo dolor de huesos por la osteoporosis<\/strong><br \/>\nLa osteoporosis es una enfermedad del hueso por reducci\u00f3n de la masa \u00f3sea que aumenta el riesgo de fracturas. El hueso se vuelve m\u00e1s poroso, aumentando el n\u00famero y el tama\u00f1o de las cavidades que existen en su interior. De esta manera los huesos se hacen m\u00e1s fr\u00e1giles, resistenpeor los golpes y se rompen con mayor facilidad. Es muy frecuente escuchar en personas<br \/>\nmayores: \u201cestoy fatal de los huesos, me duelen todos porque tengo artrosis y osteoporosis\u201d. Para la artrosis es cierto, su frecuencia a partir de los 65 a\u00f1os es muy alta y desde luego produce dolor articular. En cambio la reducci\u00f3n de la masa \u00f3sea no duele, ni provoca ning\u00fan s\u00edntoma, de hecho se le suele llamar la enfermedad silenciosa. De echo el primer signo de la osteoporosis suele ser<br \/>\nla fractura de cadera, mu\u00f1eca u hombro. Por esto es tan importante el diagn\u00f3stico precoz y la prevenci\u00f3n. Mantener una alimentaci\u00f3n adecuada con aporte de calcio y vitamina D, la actividad f\u00edsica y tomar algo es sol es muy importante para estos pacientes.<\/p>\n","protected":false},"excerpt":{"rendered":"<p>Mi hija tiene \u201cdolores de crecimiento\u201d El crecimiento no duele. Lo que si que es cierto es que hay determinadas patolog\u00eda que son propias del hueso en crecimiento. Tras un estudio cl\u00ednico y radiol\u00f3gico si lo precisa podremos determinar cual es la causa del dolor \u00f3seo o articular del ni\u00f1o en crecimiento. La mayor\u00eda de &#8230; <a title=\"Mitos en traumatolog\u00eda general\" class=\"read-more\" href=\"https:\/\/riberasalud.com\/hospital-de-molina\/mitos-en-traumatologia-general\/\" aria-label=\"Leer m\u00e1s sobre Mitos en traumatolog\u00eda general\">Leer m\u00e1s<\/a><\/p>\n","protected":false},"author":3,"featured_media":765,"comment_status":"closed","ping_status":"open","sticky":false,"template":"","format":"standard","meta":{"_uag_custom_page_level_css":"","_mi_skip_tracking":false,"footnotes":""},"categories":[4,51],"tags":[],"class_list":["post-682","post","type-post","status-publish","format-standard","has-post-thumbnail","hentry","category-blog","category-traumatologia-y-cirugia-ortopedica"],"yoast_head":"<!-- This site is optimized with the Yoast SEO plugin v26.6 - https:\/\/yoast.com\/wordpress\/plugins\/seo\/ -->\n<title>Mitos en traumatolog\u00eda general - Hospital de Molina<\/title>\n<meta name=\"robots\" content=\"index, follow, max-snippet:-1, max-image-preview:large, max-video-preview:-1\" \/>\n<link rel=\"canonical\" href=\"https:\/\/riberasalud.com\/hospital-de-molina\/mitos-en-traumatologia-general\/\" \/>\n<meta property=\"og:locale\" content=\"es_ES\" \/>\n<meta property=\"og:type\" content=\"article\" \/>\n<meta property=\"og:title\" content=\"Mitos en traumatolog\u00eda general - Hospital de Molina\" \/>\n<meta property=\"og:description\" content=\"Mi hija tiene \u201cdolores de crecimiento\u201d El crecimiento no duele. Lo que si que es cierto es que hay determinadas patolog\u00eda que son propias del hueso en crecimiento. Tras un estudio cl\u00ednico y radiol\u00f3gico si lo precisa podremos determinar cual es la causa del dolor \u00f3seo o articular del ni\u00f1o en crecimiento. La mayor\u00eda de ... Leer m\u00e1s\" \/>\n<meta property=\"og:url\" content=\"https:\/\/riberasalud.com\/hospital-de-molina\/mitos-en-traumatologia-general\/\" \/>\n<meta property=\"og:site_name\" content=\"Hospital de Molina\" \/>\n<meta property=\"article:published_time\" content=\"2019-10-08T11:33:06+00:00\" \/>\n<meta property=\"article:modified_time\" content=\"2023-10-25T06:34:28+00:00\" \/>\n<meta property=\"og:image\" content=\"https:\/\/riberasalud.com\/hospital-de-molina\/wp-content\/uploads\/2019\/10\/mitos-traumatologia.jpg\" \/>\n\t<meta property=\"og:image:width\" content=\"849\" \/>\n\t<meta property=\"og:image:height\" content=\"565\" \/>\n\t<meta property=\"og:image:type\" content=\"image\/jpeg\" \/>\n<meta name=\"author\" content=\"hmolina\" \/>\n<meta name=\"twitter:card\" content=\"summary_large_image\" \/>\n<meta name=\"twitter:label1\" content=\"Escrito por\" \/>\n\t<meta name=\"twitter:data1\" content=\"hmolina\" \/>\n\t<meta name=\"twitter:label2\" content=\"Tiempo de lectura\" \/>\n\t<meta name=\"twitter:data2\" content=\"3 minutos\" \/>\n<script type=\"application\/ld+json\" class=\"yoast-schema-graph\">{\"@context\":\"https:\/\/schema.org\",\"@graph\":[{\"@type\":\"Article\",\"@id\":\"https:\/\/riberasalud.com\/hospital-de-molina\/mitos-en-traumatologia-general\/#article\",\"isPartOf\":{\"@id\":\"https:\/\/riberasalud.com\/hospital-de-molina\/mitos-en-traumatologia-general\/\"},\"author\":{\"name\":\"hmolina\",\"@id\":\"https:\/\/riberasalud.com\/hospital-de-molina\/#\/schema\/person\/37d58effcbf02f32328940089f254419\"},\"headline\":\"Mitos en traumatolog\u00eda general\",\"datePublished\":\"2019-10-08T11:33:06+00:00\",\"dateModified\":\"2023-10-25T06:34:28+00:00\",\"mainEntityOfPage\":{\"@id\":\"https:\/\/riberasalud.com\/hospital-de-molina\/mitos-en-traumatologia-general\/\"},\"wordCount\":654,\"publisher\":{\"@id\":\"https:\/\/riberasalud.com\/hospital-de-molina\/#organization\"},\"image\":{\"@id\":\"https:\/\/riberasalud.com\/hospital-de-molina\/mitos-en-traumatologia-general\/#primaryimage\"},\"thumbnailUrl\":\"https:\/\/riberasalud.com\/hospital-de-molina\/wp-content\/uploads\/2019\/10\/mitos-traumatologia.jpg\",\"articleSection\":[\"Blog\",\"Traumatolog\u00eda y Cirug\u00eda Ortop\u00e9dica\"],\"inLanguage\":\"es\"},{\"@type\":\"WebPage\",\"@id\":\"https:\/\/riberasalud.com\/hospital-de-molina\/mitos-en-traumatologia-general\/\",\"url\":\"https:\/\/riberasalud.com\/hospital-de-molina\/mitos-en-traumatologia-general\/\",\"name\":\"Mitos en traumatolog\u00eda general - Hospital de Molina\",\"isPartOf\":{\"@id\":\"https:\/\/riberasalud.com\/hospital-de-molina\/#website\"},\"primaryImageOfPage\":{\"@id\":\"https:\/\/riberasalud.com\/hospital-de-molina\/mitos-en-traumatologia-general\/#primaryimage\"},\"image\":{\"@id\":\"https:\/\/riberasalud.com\/hospital-de-molina\/mitos-en-traumatologia-general\/#primaryimage\"},\"thumbnailUrl\":\"https:\/\/riberasalud.com\/hospital-de-molina\/wp-content\/uploads\/2019\/10\/mitos-traumatologia.jpg\",\"datePublished\":\"2019-10-08T11:33:06+00:00\",\"dateModified\":\"2023-10-25T06:34:28+00:00\",\"breadcrumb\":{\"@id\":\"https:\/\/riberasalud.com\/hospital-de-molina\/mitos-en-traumatologia-general\/#breadcrumb\"},\"inLanguage\":\"es\",\"potentialAction\":[{\"@type\":\"ReadAction\",\"target\":[\"https:\/\/riberasalud.com\/hospital-de-molina\/mitos-en-traumatologia-general\/\"]}]},{\"@type\":\"ImageObject\",\"inLanguage\":\"es\",\"@id\":\"https:\/\/riberasalud.com\/hospital-de-molina\/mitos-en-traumatologia-general\/#primaryimage\",\"url\":\"https:\/\/riberasalud.com\/hospital-de-molina\/wp-content\/uploads\/2019\/10\/mitos-traumatologia.jpg\",\"contentUrl\":\"https:\/\/riberasalud.com\/hospital-de-molina\/wp-content\/uploads\/2019\/10\/mitos-traumatologia.jpg\",\"width\":849,\"height\":565},{\"@type\":\"BreadcrumbList\",\"@id\":\"https:\/\/riberasalud.com\/hospital-de-molina\/mitos-en-traumatologia-general\/#breadcrumb\",\"itemListElement\":[{\"@type\":\"ListItem\",\"position\":1,\"name\":\"Portada\",\"item\":\"https:\/\/riberasalud.com\/hospital-de-molina\/\"},{\"@type\":\"ListItem\",\"position\":2,\"name\":\"Mitos en traumatolog\u00eda general\"}]},{\"@type\":\"WebSite\",\"@id\":\"https:\/\/riberasalud.com\/hospital-de-molina\/#website\",\"url\":\"https:\/\/riberasalud.com\/hospital-de-molina\/\",\"name\":\"Hospital de Molina\",\"description\":\"\",\"publisher\":{\"@id\":\"https:\/\/riberasalud.com\/hospital-de-molina\/#organization\"},\"potentialAction\":[{\"@type\":\"SearchAction\",\"target\":{\"@type\":\"EntryPoint\",\"urlTemplate\":\"https:\/\/riberasalud.com\/hospital-de-molina\/?s={search_term_string}\"},\"query-input\":{\"@type\":\"PropertyValueSpecification\",\"valueRequired\":true,\"valueName\":\"search_term_string\"}}],\"inLanguage\":\"es\"},{\"@type\":\"Organization\",\"@id\":\"https:\/\/riberasalud.com\/hospital-de-molina\/#organization\",\"name\":\"Hospital de Molina\",\"url\":\"https:\/\/riberasalud.com\/hospital-de-molina\/\",\"logo\":{\"@type\":\"ImageObject\",\"inLanguage\":\"es\",\"@id\":\"https:\/\/riberasalud.com\/hospital-de-molina\/#\/schema\/logo\/image\/\",\"url\":\"https:\/\/riberasalud.com\/hospital-de-molina\/wp-content\/uploads\/2023\/01\/cropped-Logo-Red-DeMolina-bigtz7.png\",\"contentUrl\":\"https:\/\/riberasalud.com\/hospital-de-molina\/wp-content\/uploads\/2023\/01\/cropped-Logo-Red-DeMolina-bigtz7.png\",\"width\":300,\"height\":72,\"caption\":\"Hospital de Molina\"},\"image\":{\"@id\":\"https:\/\/riberasalud.com\/hospital-de-molina\/#\/schema\/logo\/image\/\"}},{\"@type\":\"Person\",\"@id\":\"https:\/\/riberasalud.com\/hospital-de-molina\/#\/schema\/person\/37d58effcbf02f32328940089f254419\",\"name\":\"hmolina\",\"image\":{\"@type\":\"ImageObject\",\"inLanguage\":\"es\",\"@id\":\"https:\/\/riberasalud.com\/hospital-de-molina\/#\/schema\/person\/image\/\",\"url\":\"https:\/\/secure.gravatar.com\/avatar\/9db1181c394bec9505d449c90a21b5363cc35ad9a76f60f11a304b23bb0e8dd4?s=96&d=mm&r=g\",\"contentUrl\":\"https:\/\/secure.gravatar.com\/avatar\/9db1181c394bec9505d449c90a21b5363cc35ad9a76f60f11a304b23bb0e8dd4?s=96&d=mm&r=g\",\"caption\":\"hmolina\"},\"url\":\"https:\/\/riberasalud.com\/hospital-de-molina\/author\/hmolina\/\"}]}<\/script>\n<!-- \/ Yoast SEO plugin. -->","yoast_head_json":{"title":"Mitos en traumatolog\u00eda general - Hospital de Molina","robots":{"index":"index","follow":"follow","max-snippet":"max-snippet:-1","max-image-preview":"max-image-preview:large","max-video-preview":"max-video-preview:-1"},"canonical":"https:\/\/riberasalud.com\/hospital-de-molina\/mitos-en-traumatologia-general\/","og_locale":"es_ES","og_type":"article","og_title":"Mitos en traumatolog\u00eda general - Hospital de Molina","og_description":"Mi hija tiene \u201cdolores de crecimiento\u201d El crecimiento no duele. Lo que si que es cierto es que hay determinadas patolog\u00eda que son propias del hueso en crecimiento. Tras un estudio cl\u00ednico y radiol\u00f3gico si lo precisa podremos determinar cual es la causa del dolor \u00f3seo o articular del ni\u00f1o en crecimiento. La mayor\u00eda de ... Leer m\u00e1s","og_url":"https:\/\/riberasalud.com\/hospital-de-molina\/mitos-en-traumatologia-general\/","og_site_name":"Hospital de Molina","article_published_time":"2019-10-08T11:33:06+00:00","article_modified_time":"2023-10-25T06:34:28+00:00","og_image":[{"width":849,"height":565,"url":"https:\/\/riberasalud.com\/hospital-de-molina\/wp-content\/uploads\/2019\/10\/mitos-traumatologia.jpg","type":"image\/jpeg"}],"author":"hmolina","twitter_card":"summary_large_image","twitter_misc":{"Escrito por":"hmolina","Tiempo de lectura":"3 minutos"},"schema":{"@context":"https:\/\/schema.org","@graph":[{"@type":"Article","@id":"https:\/\/riberasalud.com\/hospital-de-molina\/mitos-en-traumatologia-general\/#article","isPartOf":{"@id":"https:\/\/riberasalud.com\/hospital-de-molina\/mitos-en-traumatologia-general\/"},"author":{"name":"hmolina","@id":"https:\/\/riberasalud.com\/hospital-de-molina\/#\/schema\/person\/37d58effcbf02f32328940089f254419"},"headline":"Mitos en traumatolog\u00eda general","datePublished":"2019-10-08T11:33:06+00:00","dateModified":"2023-10-25T06:34:28+00:00","mainEntityOfPage":{"@id":"https:\/\/riberasalud.com\/hospital-de-molina\/mitos-en-traumatologia-general\/"},"wordCount":654,"publisher":{"@id":"https:\/\/riberasalud.com\/hospital-de-molina\/#organization"},"image":{"@id":"https:\/\/riberasalud.com\/hospital-de-molina\/mitos-en-traumatologia-general\/#primaryimage"},"thumbnailUrl":"https:\/\/riberasalud.com\/hospital-de-molina\/wp-content\/uploads\/2019\/10\/mitos-traumatologia.jpg","articleSection":["Blog","Traumatolog\u00eda y Cirug\u00eda Ortop\u00e9dica"],"inLanguage":"es"},{"@type":"WebPage","@id":"https:\/\/riberasalud.com\/hospital-de-molina\/mitos-en-traumatologia-general\/","url":"https:\/\/riberasalud.com\/hospital-de-molina\/mitos-en-traumatologia-general\/","name":"Mitos en traumatolog\u00eda general - Hospital de Molina","isPartOf":{"@id":"https:\/\/riberasalud.com\/hospital-de-molina\/#website"},"primaryImageOfPage":{"@id":"https:\/\/riberasalud.com\/hospital-de-molina\/mitos-en-traumatologia-general\/#primaryimage"},"image":{"@id":"https:\/\/riberasalud.com\/hospital-de-molina\/mitos-en-traumatologia-general\/#primaryimage"},"thumbnailUrl":"https:\/\/riberasalud.com\/hospital-de-molina\/wp-content\/uploads\/2019\/10\/mitos-traumatologia.jpg","datePublished":"2019-10-08T11:33:06+00:00","dateModified":"2023-10-25T06:34:28+00:00","breadcrumb":{"@id":"https:\/\/riberasalud.com\/hospital-de-molina\/mitos-en-traumatologia-general\/#breadcrumb"},"inLanguage":"es","potentialAction":[{"@type":"ReadAction","target":["https:\/\/riberasalud.com\/hospital-de-molina\/mitos-en-traumatologia-general\/"]}]},{"@type":"ImageObject","inLanguage":"es","@id":"https:\/\/riberasalud.com\/hospital-de-molina\/mitos-en-traumatologia-general\/#primaryimage","url":"https:\/\/riberasalud.com\/hospital-de-molina\/wp-content\/uploads\/2019\/10\/mitos-traumatologia.jpg","contentUrl":"https:\/\/riberasalud.com\/hospital-de-molina\/wp-content\/uploads\/2019\/10\/mitos-traumatologia.jpg","width":849,"height":565},{"@type":"BreadcrumbList","@id":"https:\/\/riberasalud.com\/hospital-de-molina\/mitos-en-traumatologia-general\/#breadcrumb","itemListElement":[{"@type":"ListItem","position":1,"name":"Portada","item":"https:\/\/riberasalud.com\/hospital-de-molina\/"},{"@type":"ListItem","position":2,"name":"Mitos en traumatolog\u00eda general"}]},{"@type":"WebSite","@id":"https:\/\/riberasalud.com\/hospital-de-molina\/#website","url":"https:\/\/riberasalud.com\/hospital-de-molina\/","name":"Hospital de Molina","description":"","publisher":{"@id":"https:\/\/riberasalud.com\/hospital-de-molina\/#organization"},"potentialAction":[{"@type":"SearchAction","target":{"@type":"EntryPoint","urlTemplate":"https:\/\/riberasalud.com\/hospital-de-molina\/?s={search_term_string}"},"query-input":{"@type":"PropertyValueSpecification","valueRequired":true,"valueName":"search_term_string"}}],"inLanguage":"es"},{"@type":"Organization","@id":"https:\/\/riberasalud.com\/hospital-de-molina\/#organization","name":"Hospital de Molina","url":"https:\/\/riberasalud.com\/hospital-de-molina\/","logo":{"@type":"ImageObject","inLanguage":"es","@id":"https:\/\/riberasalud.com\/hospital-de-molina\/#\/schema\/logo\/image\/","url":"https:\/\/riberasalud.com\/hospital-de-molina\/wp-content\/uploads\/2023\/01\/cropped-Logo-Red-DeMolina-bigtz7.png","contentUrl":"https:\/\/riberasalud.com\/hospital-de-molina\/wp-content\/uploads\/2023\/01\/cropped-Logo-Red-DeMolina-bigtz7.png","width":300,"height":72,"caption":"Hospital de Molina"},"image":{"@id":"https:\/\/riberasalud.com\/hospital-de-molina\/#\/schema\/logo\/image\/"}},{"@type":"Person","@id":"https:\/\/riberasalud.com\/hospital-de-molina\/#\/schema\/person\/37d58effcbf02f32328940089f254419","name":"hmolina","image":{"@type":"ImageObject","inLanguage":"es","@id":"https:\/\/riberasalud.com\/hospital-de-molina\/#\/schema\/person\/image\/","url":"https:\/\/secure.gravatar.com\/avatar\/9db1181c394bec9505d449c90a21b5363cc35ad9a76f60f11a304b23bb0e8dd4?s=96&d=mm&r=g","contentUrl":"https:\/\/secure.gravatar.com\/avatar\/9db1181c394bec9505d449c90a21b5363cc35ad9a76f60f11a304b23bb0e8dd4?s=96&d=mm&r=g","caption":"hmolina"},"url":"https:\/\/riberasalud.com\/hospital-de-molina\/author\/hmolina\/"}]}},"uagb_featured_image_src":{"full":["https:\/\/riberasalud.com\/hospital-de-molina\/wp-content\/uploads\/2019\/10\/mitos-traumatologia.jpg",849,565,false],"thumbnail":["https:\/\/riberasalud.com\/hospital-de-molina\/wp-content\/uploads\/2019\/10\/mitos-traumatologia-150x150.jpg",150,150,true],"medium":["https:\/\/riberasalud.com\/hospital-de-molina\/wp-content\/uploads\/2019\/10\/mitos-traumatologia-300x200.jpg",300,200,true],"medium_large":["https:\/\/riberasalud.com\/hospital-de-molina\/wp-content\/uploads\/2019\/10\/mitos-traumatologia-768x511.jpg",768,511,true],"large":["https:\/\/riberasalud.com\/hospital-de-molina\/wp-content\/uploads\/2019\/10\/mitos-traumatologia.jpg",849,565,false],"1536x1536":["https:\/\/riberasalud.com\/hospital-de-molina\/wp-content\/uploads\/2019\/10\/mitos-traumatologia.jpg",849,565,false],"2048x2048":["https:\/\/riberasalud.com\/hospital-de-molina\/wp-content\/uploads\/2019\/10\/mitos-traumatologia.jpg",849,565,false]},"uagb_author_info":{"display_name":"hmolina","author_link":"https:\/\/riberasalud.com\/hospital-de-molina\/author\/hmolina\/"},"uagb_comment_info":0,"uagb_excerpt":"Mi hija tiene \u201cdolores de crecimiento\u201d El crecimiento no duele. Lo que si que es cierto es que hay determinadas patolog\u00eda que son propias del hueso en crecimiento. Tras un estudio cl\u00ednico y radiol\u00f3gico si lo precisa podremos determinar cual es la causa del dolor \u00f3seo o articular del ni\u00f1o en crecimiento. La mayor\u00eda de&hellip;","_links":{"self":[{"href":"https:\/\/riberasalud.com\/hospital-de-molina\/wp-json\/wp\/v2\/posts\/682","targetHints":{"allow":["GET"]}}],"collection":[{"href":"https:\/\/riberasalud.com\/hospital-de-molina\/wp-json\/wp\/v2\/posts"}],"about":[{"href":"https:\/\/riberasalud.com\/hospital-de-molina\/wp-json\/wp\/v2\/types\/post"}],"author":[{"embeddable":true,"href":"https:\/\/riberasalud.com\/hospital-de-molina\/wp-json\/wp\/v2\/users\/3"}],"replies":[{"embeddable":true,"href":"https:\/\/riberasalud.com\/hospital-de-molina\/wp-json\/wp\/v2\/comments?post=682"}],"version-history":[{"count":1,"href":"https:\/\/riberasalud.com\/hospital-de-molina\/wp-json\/wp\/v2\/posts\/682\/revisions"}],"predecessor-version":[{"id":8172,"href":"https:\/\/riberasalud.com\/hospital-de-molina\/wp-json\/wp\/v2\/posts\/682\/revisions\/8172"}],"wp:featuredmedia":[{"embeddable":true,"href":"https:\/\/riberasalud.com\/hospital-de-molina\/wp-json\/wp\/v2\/media\/765"}],"wp:attachment":[{"href":"https:\/\/riberasalud.com\/hospital-de-molina\/wp-json\/wp\/v2\/media?parent=682"}],"wp:term":[{"taxonomy":"category","embeddable":true,"href":"https:\/\/riberasalud.com\/hospital-de-molina\/wp-json\/wp\/v2\/categories?post=682"},{"taxonomy":"post_tag","embeddable":true,"href":"https:\/\/riberasalud.com\/hospital-de-molina\/wp-json\/wp\/v2\/tags?post=682"}],"curies":[{"name":"wp","href":"https:\/\/api.w.org\/{rel}","templated":true}]}}