{"id":5198,"date":"2021-10-05T08:16:48","date_gmt":"2021-10-05T06:16:48","guid":{"rendered":"https:\/\/hospitaldemolina.es\/?p=5198"},"modified":"2023-10-25T06:34:05","modified_gmt":"2023-10-25T06:34:05","slug":"ribera-hospital-de-molina-traslada-al-presidente-de-la-asamblea-de-murcia-su-proyecto-y-compromiso-con-la-region","status":"publish","type":"post","link":"https:\/\/riberasalud.com\/hospital-de-molina\/ribera-hospital-de-molina-traslada-al-presidente-de-la-asamblea-de-murcia-su-proyecto-y-compromiso-con-la-region\/","title":{"rendered":"Ribera Hospital de Molina traslada al presidente de la Asamblea de Murcia su proyecto y compromiso con la regi\u00f3n"},"content":{"rendered":"\n<ul class=\"wp-block-list\"><li>La presentaci\u00f3n del grupo sanitario Ribera, su modelo de salud responsable y su compromiso con la responsabilidad social corporativa han centrado esta visita institucional<\/li><\/ul>\n\n\n\n<p>Molina de Segura<strong>, 4 de octubre<\/strong> de 2021 -.<a href=\"https:\/\/www.riberasalud.com\/\"> <\/a>El Presidente de la Asamblea Regional, Alberto Castillo, ha recibido esta ma\u00f1ana al director-gerente de <a href=\"https:\/\/hospitaldemolina.es\/\">Ribera Hospital de Molina<\/a>, Pedro Hern\u00e1ndez Jim\u00e9nez, y al director asistencial corporativo del <a href=\"https:\/\/www.riberasalud.com\/\">grupo sanitario Ribera<\/a>, Carlos Catal\u00e1n.<\/p>\n\n\n\n<figure class=\"wp-block-image size-large\"><img decoding=\"async\" src=\"https:\/\/hospitaldemolina.es\/wp-content\/uploads\/2021\/10\/Visita-RHM-Pte-AR-1-min-1024x768.jpg\" alt=\"\" class=\"wp-image-5203\"\/><\/figure>\n\n\n\n<p>Se trata de una visita institucional en la que los directivos del grupo sanitario han dado a conocer a la m\u00e1xima autoridad del parlamento murciano el Grupo Ribera, que el pasado mes de julio firm\u00f3 la adquisici\u00f3n de la totalidad del accionariado del centro hospitalario de referencia, ubicado en Molina de Segura, y que es su primer proyecto en la Regi\u00f3n de Murcia.<\/p>\n\n\n\n<figure class=\"wp-block-image size-large\"><img decoding=\"async\" src=\"https:\/\/hospitaldemolina.es\/wp-content\/uploads\/2021\/10\/Visita-RHM-Pte-AR-2-min-1024x768.jpg\" alt=\"\" class=\"wp-image-5204\"\/><\/figure>\n\n\n\n<p>Proyecto que les permite, en palabras de Catal\u00e1n, \u201cseguir contribuyendo a una sanidad excelente y sostenible, para afrontar los retos sanitarios que son globales y que se han agravado con la pandemia\u201d.<\/p>\n\n\n\n<p>En el mismo sentido se ha pronunciado Hern\u00e1ndez Jim\u00e9nez, quien ha destacado el compromiso con la humanizaci\u00f3n y la sostenibilidad, explicitados en los Informes de Sostenibilidad tanto de grupo, como de Ribera Hospital de Molina, que han entregado al Presidente de la Asamblea Regional: \u201cRibera Hospital de Molina contin\u00faa asumiendo como propios los retos que plantea la Agenda 2030, integrando los Objetivos de Desarrollo Sostenible (ODS) en su estrategia organizacional, estableciendo un compromiso cada vez m\u00e1s amplio con la mayor\u00eda de los ODS. Todo ello enmarcado en el compromiso con la responsabilidad social corporativa del grupo sanitario Ribera y su modelo, nuestro modelo, de salud responsable\u201d.<\/p>\n\n\n\n<p><strong>Sobre grupo Ribera<\/strong><\/p>\n\n\n\n<p>Ribera es un grupo empresarial proveedor de servicios sanitarios p\u00fablicos y privados, que desde 1997 trabaja por la salud y el bienestar de la poblaci\u00f3n. Su accionista principal con un 90% es el grupo Centene Corporation, una de las principales aseguradoras estadounidenses, incluida en la lista Fortune 50, que cuenta con m\u00e1s de 30 a\u00f1os de experiencia en la colaboraci\u00f3n con gobiernos estatales en Estados Unidos desarrollando principalmente programas de Medicare y Medicaid. El grupo bancario espa\u00f1ol Banco Sabadell, es el otro accionista con un 10%.<\/p>\n\n\n\n<p>En Espa\u00f1a, Ribera est\u00e1 presente en 5 comunidades aut\u00f3nomas, gestiona 10 hospitales, 3 de ellos universitarios y 62 centros de salud, adem\u00e1s de otros proyectos en Europa y Latinoam\u00e9rica. Durante m\u00e1s de 20 a\u00f1os ha desarrollado un modelo de colaboraci\u00f3n p\u00fablico privada que se estudia como caso de \u00e9xito en importantes universidades como Berkeley y Harvard Business School. El grupo cuenta adem\u00e1s con una Escuela Universitaria de Enfermer\u00eda y Centro de Estudios de Formaci\u00f3n Profesional sanitaria, una divisi\u00f3n tecnol\u00f3gica Futurs, una divisi\u00f3n de Laboratorio Ribera Lab, y una central de compras Ribera b2b, entre otros proyectos.<\/p>\n\n\n\n<p>Su modelo de salud responsable basado en las \u00ab5Ps\u00bb: medicina personalizada, predictiva, preventiva, poblacional y participativa, responde a su compromiso con la sociedad para seguir aportando valor y soluciones innovadoras que permitan hacer frente a los retos sanitarios globales, acorde a los Objetivos de Desarrollo Sostenible de la Agenda 2030.<\/p>\n","protected":false},"excerpt":{"rendered":"<p>La presentaci\u00f3n del grupo sanitario Ribera, su modelo de salud responsable y su compromiso con la responsabilidad social corporativa han centrado esta visita institucional Molina de Segura, 4 de octubre de 2021 -. El Presidente de la Asamblea Regional, Alberto Castillo, ha recibido esta ma\u00f1ana al director-gerente de Ribera Hospital de Molina, Pedro Hern\u00e1ndez Jim\u00e9nez, &#8230; <a title=\"Ribera Hospital de Molina traslada al presidente de la Asamblea de Murcia su proyecto y compromiso con la regi\u00f3n\" class=\"read-more\" href=\"https:\/\/riberasalud.com\/hospital-de-molina\/ribera-hospital-de-molina-traslada-al-presidente-de-la-asamblea-de-murcia-su-proyecto-y-compromiso-con-la-region\/\" aria-label=\"Leer m\u00e1s sobre Ribera Hospital de Molina traslada al presidente de la Asamblea de Murcia su proyecto y compromiso con la regi\u00f3n\">Leer m\u00e1s<\/a><\/p>\n","protected":false},"author":3,"featured_media":5204,"comment_status":"closed","ping_status":"open","sticky":false,"template":"","format":"standard","meta":{"_uag_custom_page_level_css":"","_mi_skip_tracking":false,"footnotes":""},"categories":[47,1],"tags":[39,480,270,41,481,482,324,45,38,24,46,483],"class_list":["post-5198","post","type-post","status-publish","format-standard","has-post-thumbnail","hentry","category-noticias","category-sin-categoria","tag-agenda-2030","tag-asamblea-regional-de-murcia","tag-asistencia","tag-compromiso","tag-einf","tag-grupo-ribera","tag-informe-de-sostenibilidad","tag-ods","tag-ribera-hospital-de-molina","tag-rsc","tag-sostenibilidad","tag-visita-institucional"],"yoast_head":"<!-- This site is optimized with the Yoast SEO plugin v26.6 - https:\/\/yoast.com\/wordpress\/plugins\/seo\/ -->\n<title>Ribera Hospital de Molina traslada al presidente de la Asamblea de Murcia su proyecto y compromiso con la regi\u00f3n - Hospital de Molina<\/title>\n<meta name=\"robots\" content=\"index, follow, max-snippet:-1, max-image-preview:large, max-video-preview:-1\" \/>\n<link rel=\"canonical\" href=\"https:\/\/riberasalud.com\/hospital-de-molina\/ribera-hospital-de-molina-traslada-al-presidente-de-la-asamblea-de-murcia-su-proyecto-y-compromiso-con-la-region\/\" \/>\n<meta property=\"og:locale\" content=\"es_ES\" \/>\n<meta property=\"og:type\" content=\"article\" \/>\n<meta property=\"og:title\" content=\"Ribera Hospital de Molina traslada al presidente de la Asamblea de Murcia su proyecto y compromiso con la regi\u00f3n - Hospital de Molina\" \/>\n<meta property=\"og:description\" content=\"La presentaci\u00f3n del grupo sanitario Ribera, su modelo de salud responsable y su compromiso con la responsabilidad social corporativa han centrado esta visita institucional Molina de Segura, 4 de octubre de 2021 -. El Presidente de la Asamblea Regional, Alberto Castillo, ha recibido esta ma\u00f1ana al director-gerente de Ribera Hospital de Molina, Pedro Hern\u00e1ndez Jim\u00e9nez, ... Leer m\u00e1s\" \/>\n<meta property=\"og:url\" content=\"https:\/\/riberasalud.com\/hospital-de-molina\/ribera-hospital-de-molina-traslada-al-presidente-de-la-asamblea-de-murcia-su-proyecto-y-compromiso-con-la-region\/\" \/>\n<meta property=\"og:site_name\" content=\"Hospital de Molina\" \/>\n<meta property=\"article:published_time\" content=\"2021-10-05T06:16:48+00:00\" \/>\n<meta property=\"article:modified_time\" content=\"2023-10-25T06:34:05+00:00\" \/>\n<meta property=\"og:image\" content=\"https:\/\/riberasalud.com\/hospital-de-molina\/wp-content\/uploads\/2021\/10\/Visita-RHM-Pte-AR-2-min-scaled-1.jpg\" \/>\n\t<meta property=\"og:image:width\" content=\"2560\" \/>\n\t<meta property=\"og:image:height\" content=\"1920\" \/>\n\t<meta property=\"og:image:type\" content=\"image\/jpeg\" \/>\n<meta name=\"author\" content=\"hmolina\" \/>\n<meta name=\"twitter:card\" content=\"summary_large_image\" \/>\n<meta name=\"twitter:label1\" content=\"Escrito por\" \/>\n\t<meta name=\"twitter:data1\" content=\"hmolina\" \/>\n\t<meta name=\"twitter:label2\" content=\"Tiempo de lectura\" \/>\n\t<meta name=\"twitter:data2\" content=\"3 minutos\" \/>\n<script type=\"application\/ld+json\" class=\"yoast-schema-graph\">{\"@context\":\"https:\/\/schema.org\",\"@graph\":[{\"@type\":\"Article\",\"@id\":\"https:\/\/riberasalud.com\/hospital-de-molina\/ribera-hospital-de-molina-traslada-al-presidente-de-la-asamblea-de-murcia-su-proyecto-y-compromiso-con-la-region\/#article\",\"isPartOf\":{\"@id\":\"https:\/\/riberasalud.com\/hospital-de-molina\/ribera-hospital-de-molina-traslada-al-presidente-de-la-asamblea-de-murcia-su-proyecto-y-compromiso-con-la-region\/\"},\"author\":{\"name\":\"hmolina\",\"@id\":\"https:\/\/riberasalud.com\/hospital-de-molina\/#\/schema\/person\/37d58effcbf02f32328940089f254419\"},\"headline\":\"Ribera Hospital de Molina traslada al presidente de la Asamblea de Murcia su proyecto y compromiso con la regi\u00f3n\",\"datePublished\":\"2021-10-05T06:16:48+00:00\",\"dateModified\":\"2023-10-25T06:34:05+00:00\",\"mainEntityOfPage\":{\"@id\":\"https:\/\/riberasalud.com\/hospital-de-molina\/ribera-hospital-de-molina-traslada-al-presidente-de-la-asamblea-de-murcia-su-proyecto-y-compromiso-con-la-region\/\"},\"wordCount\":544,\"publisher\":{\"@id\":\"https:\/\/riberasalud.com\/hospital-de-molina\/#organization\"},\"image\":{\"@id\":\"https:\/\/riberasalud.com\/hospital-de-molina\/ribera-hospital-de-molina-traslada-al-presidente-de-la-asamblea-de-murcia-su-proyecto-y-compromiso-con-la-region\/#primaryimage\"},\"thumbnailUrl\":\"https:\/\/riberasalud.com\/hospital-de-molina\/wp-content\/uploads\/2021\/10\/Visita-RHM-Pte-AR-2-min-scaled-1.jpg\",\"keywords\":[\"Agenda 2030\",\"Asamblea Regional de Murcia\",\"asistencia\",\"Compromiso\",\"EINF\",\"Grupo Ribera\",\"Informe de Sostenibilidad\",\"ODS\",\"Ribera Hospital de Molina\",\"RSC\",\"Sostenibilidad\",\"Visita Institucional\"],\"articleSection\":[\"Noticias\"],\"inLanguage\":\"es\"},{\"@type\":\"WebPage\",\"@id\":\"https:\/\/riberasalud.com\/hospital-de-molina\/ribera-hospital-de-molina-traslada-al-presidente-de-la-asamblea-de-murcia-su-proyecto-y-compromiso-con-la-region\/\",\"url\":\"https:\/\/riberasalud.com\/hospital-de-molina\/ribera-hospital-de-molina-traslada-al-presidente-de-la-asamblea-de-murcia-su-proyecto-y-compromiso-con-la-region\/\",\"name\":\"Ribera Hospital de Molina traslada al presidente de la Asamblea de Murcia su proyecto y compromiso con la regi\u00f3n - Hospital de Molina\",\"isPartOf\":{\"@id\":\"https:\/\/riberasalud.com\/hospital-de-molina\/#website\"},\"primaryImageOfPage\":{\"@id\":\"https:\/\/riberasalud.com\/hospital-de-molina\/ribera-hospital-de-molina-traslada-al-presidente-de-la-asamblea-de-murcia-su-proyecto-y-compromiso-con-la-region\/#primaryimage\"},\"image\":{\"@id\":\"https:\/\/riberasalud.com\/hospital-de-molina\/ribera-hospital-de-molina-traslada-al-presidente-de-la-asamblea-de-murcia-su-proyecto-y-compromiso-con-la-region\/#primaryimage\"},\"thumbnailUrl\":\"https:\/\/riberasalud.com\/hospital-de-molina\/wp-content\/uploads\/2021\/10\/Visita-RHM-Pte-AR-2-min-scaled-1.jpg\",\"datePublished\":\"2021-10-05T06:16:48+00:00\",\"dateModified\":\"2023-10-25T06:34:05+00:00\",\"breadcrumb\":{\"@id\":\"https:\/\/riberasalud.com\/hospital-de-molina\/ribera-hospital-de-molina-traslada-al-presidente-de-la-asamblea-de-murcia-su-proyecto-y-compromiso-con-la-region\/#breadcrumb\"},\"inLanguage\":\"es\",\"potentialAction\":[{\"@type\":\"ReadAction\",\"target\":[\"https:\/\/riberasalud.com\/hospital-de-molina\/ribera-hospital-de-molina-traslada-al-presidente-de-la-asamblea-de-murcia-su-proyecto-y-compromiso-con-la-region\/\"]}]},{\"@type\":\"ImageObject\",\"inLanguage\":\"es\",\"@id\":\"https:\/\/riberasalud.com\/hospital-de-molina\/ribera-hospital-de-molina-traslada-al-presidente-de-la-asamblea-de-murcia-su-proyecto-y-compromiso-con-la-region\/#primaryimage\",\"url\":\"https:\/\/riberasalud.com\/hospital-de-molina\/wp-content\/uploads\/2021\/10\/Visita-RHM-Pte-AR-2-min-scaled-1.jpg\",\"contentUrl\":\"https:\/\/riberasalud.com\/hospital-de-molina\/wp-content\/uploads\/2021\/10\/Visita-RHM-Pte-AR-2-min-scaled-1.jpg\",\"width\":2560,\"height\":1920},{\"@type\":\"BreadcrumbList\",\"@id\":\"https:\/\/riberasalud.com\/hospital-de-molina\/ribera-hospital-de-molina-traslada-al-presidente-de-la-asamblea-de-murcia-su-proyecto-y-compromiso-con-la-region\/#breadcrumb\",\"itemListElement\":[{\"@type\":\"ListItem\",\"position\":1,\"name\":\"Portada\",\"item\":\"https:\/\/riberasalud.com\/hospital-de-molina\/\"},{\"@type\":\"ListItem\",\"position\":2,\"name\":\"Ribera Hospital de Molina traslada al presidente de la Asamblea de Murcia su proyecto y compromiso con la regi\u00f3n\"}]},{\"@type\":\"WebSite\",\"@id\":\"https:\/\/riberasalud.com\/hospital-de-molina\/#website\",\"url\":\"https:\/\/riberasalud.com\/hospital-de-molina\/\",\"name\":\"Hospital de Molina\",\"description\":\"\",\"publisher\":{\"@id\":\"https:\/\/riberasalud.com\/hospital-de-molina\/#organization\"},\"potentialAction\":[{\"@type\":\"SearchAction\",\"target\":{\"@type\":\"EntryPoint\",\"urlTemplate\":\"https:\/\/riberasalud.com\/hospital-de-molina\/?s={search_term_string}\"},\"query-input\":{\"@type\":\"PropertyValueSpecification\",\"valueRequired\":true,\"valueName\":\"search_term_string\"}}],\"inLanguage\":\"es\"},{\"@type\":\"Organization\",\"@id\":\"https:\/\/riberasalud.com\/hospital-de-molina\/#organization\",\"name\":\"Hospital de Molina\",\"url\":\"https:\/\/riberasalud.com\/hospital-de-molina\/\",\"logo\":{\"@type\":\"ImageObject\",\"inLanguage\":\"es\",\"@id\":\"https:\/\/riberasalud.com\/hospital-de-molina\/#\/schema\/logo\/image\/\",\"url\":\"https:\/\/riberasalud.com\/hospital-de-molina\/wp-content\/uploads\/2023\/01\/cropped-Logo-Red-DeMolina-bigtz7.png\",\"contentUrl\":\"https:\/\/riberasalud.com\/hospital-de-molina\/wp-content\/uploads\/2023\/01\/cropped-Logo-Red-DeMolina-bigtz7.png\",\"width\":300,\"height\":72,\"caption\":\"Hospital de Molina\"},\"image\":{\"@id\":\"https:\/\/riberasalud.com\/hospital-de-molina\/#\/schema\/logo\/image\/\"}},{\"@type\":\"Person\",\"@id\":\"https:\/\/riberasalud.com\/hospital-de-molina\/#\/schema\/person\/37d58effcbf02f32328940089f254419\",\"name\":\"hmolina\",\"image\":{\"@type\":\"ImageObject\",\"inLanguage\":\"es\",\"@id\":\"https:\/\/riberasalud.com\/hospital-de-molina\/#\/schema\/person\/image\/\",\"url\":\"https:\/\/secure.gravatar.com\/avatar\/9db1181c394bec9505d449c90a21b5363cc35ad9a76f60f11a304b23bb0e8dd4?s=96&d=mm&r=g\",\"contentUrl\":\"https:\/\/secure.gravatar.com\/avatar\/9db1181c394bec9505d449c90a21b5363cc35ad9a76f60f11a304b23bb0e8dd4?s=96&d=mm&r=g\",\"caption\":\"hmolina\"},\"url\":\"https:\/\/riberasalud.com\/hospital-de-molina\/author\/hmolina\/\"}]}<\/script>\n<!-- \/ Yoast SEO plugin. -->","yoast_head_json":{"title":"Ribera Hospital de Molina traslada al presidente de la Asamblea de Murcia su proyecto y compromiso con la regi\u00f3n - Hospital de Molina","robots":{"index":"index","follow":"follow","max-snippet":"max-snippet:-1","max-image-preview":"max-image-preview:large","max-video-preview":"max-video-preview:-1"},"canonical":"https:\/\/riberasalud.com\/hospital-de-molina\/ribera-hospital-de-molina-traslada-al-presidente-de-la-asamblea-de-murcia-su-proyecto-y-compromiso-con-la-region\/","og_locale":"es_ES","og_type":"article","og_title":"Ribera Hospital de Molina traslada al presidente de la Asamblea de Murcia su proyecto y compromiso con la regi\u00f3n - Hospital de Molina","og_description":"La presentaci\u00f3n del grupo sanitario Ribera, su modelo de salud responsable y su compromiso con la responsabilidad social corporativa han centrado esta visita institucional Molina de Segura, 4 de octubre de 2021 -. El Presidente de la Asamblea Regional, Alberto Castillo, ha recibido esta ma\u00f1ana al director-gerente de Ribera Hospital de Molina, Pedro Hern\u00e1ndez Jim\u00e9nez, ... Leer m\u00e1s","og_url":"https:\/\/riberasalud.com\/hospital-de-molina\/ribera-hospital-de-molina-traslada-al-presidente-de-la-asamblea-de-murcia-su-proyecto-y-compromiso-con-la-region\/","og_site_name":"Hospital de Molina","article_published_time":"2021-10-05T06:16:48+00:00","article_modified_time":"2023-10-25T06:34:05+00:00","og_image":[{"width":2560,"height":1920,"url":"https:\/\/riberasalud.com\/hospital-de-molina\/wp-content\/uploads\/2021\/10\/Visita-RHM-Pte-AR-2-min-scaled-1.jpg","type":"image\/jpeg"}],"author":"hmolina","twitter_card":"summary_large_image","twitter_misc":{"Escrito por":"hmolina","Tiempo de lectura":"3 minutos"},"schema":{"@context":"https:\/\/schema.org","@graph":[{"@type":"Article","@id":"https:\/\/riberasalud.com\/hospital-de-molina\/ribera-hospital-de-molina-traslada-al-presidente-de-la-asamblea-de-murcia-su-proyecto-y-compromiso-con-la-region\/#article","isPartOf":{"@id":"https:\/\/riberasalud.com\/hospital-de-molina\/ribera-hospital-de-molina-traslada-al-presidente-de-la-asamblea-de-murcia-su-proyecto-y-compromiso-con-la-region\/"},"author":{"name":"hmolina","@id":"https:\/\/riberasalud.com\/hospital-de-molina\/#\/schema\/person\/37d58effcbf02f32328940089f254419"},"headline":"Ribera Hospital de Molina traslada al presidente de la Asamblea de Murcia su proyecto y compromiso con la regi\u00f3n","datePublished":"2021-10-05T06:16:48+00:00","dateModified":"2023-10-25T06:34:05+00:00","mainEntityOfPage":{"@id":"https:\/\/riberasalud.com\/hospital-de-molina\/ribera-hospital-de-molina-traslada-al-presidente-de-la-asamblea-de-murcia-su-proyecto-y-compromiso-con-la-region\/"},"wordCount":544,"publisher":{"@id":"https:\/\/riberasalud.com\/hospital-de-molina\/#organization"},"image":{"@id":"https:\/\/riberasalud.com\/hospital-de-molina\/ribera-hospital-de-molina-traslada-al-presidente-de-la-asamblea-de-murcia-su-proyecto-y-compromiso-con-la-region\/#primaryimage"},"thumbnailUrl":"https:\/\/riberasalud.com\/hospital-de-molina\/wp-content\/uploads\/2021\/10\/Visita-RHM-Pte-AR-2-min-scaled-1.jpg","keywords":["Agenda 2030","Asamblea Regional de Murcia","asistencia","Compromiso","EINF","Grupo Ribera","Informe de Sostenibilidad","ODS","Ribera Hospital de Molina","RSC","Sostenibilidad","Visita Institucional"],"articleSection":["Noticias"],"inLanguage":"es"},{"@type":"WebPage","@id":"https:\/\/riberasalud.com\/hospital-de-molina\/ribera-hospital-de-molina-traslada-al-presidente-de-la-asamblea-de-murcia-su-proyecto-y-compromiso-con-la-region\/","url":"https:\/\/riberasalud.com\/hospital-de-molina\/ribera-hospital-de-molina-traslada-al-presidente-de-la-asamblea-de-murcia-su-proyecto-y-compromiso-con-la-region\/","name":"Ribera Hospital de Molina traslada al presidente de la Asamblea de Murcia su proyecto y compromiso con la regi\u00f3n - Hospital de Molina","isPartOf":{"@id":"https:\/\/riberasalud.com\/hospital-de-molina\/#website"},"primaryImageOfPage":{"@id":"https:\/\/riberasalud.com\/hospital-de-molina\/ribera-hospital-de-molina-traslada-al-presidente-de-la-asamblea-de-murcia-su-proyecto-y-compromiso-con-la-region\/#primaryimage"},"image":{"@id":"https:\/\/riberasalud.com\/hospital-de-molina\/ribera-hospital-de-molina-traslada-al-presidente-de-la-asamblea-de-murcia-su-proyecto-y-compromiso-con-la-region\/#primaryimage"},"thumbnailUrl":"https:\/\/riberasalud.com\/hospital-de-molina\/wp-content\/uploads\/2021\/10\/Visita-RHM-Pte-AR-2-min-scaled-1.jpg","datePublished":"2021-10-05T06:16:48+00:00","dateModified":"2023-10-25T06:34:05+00:00","breadcrumb":{"@id":"https:\/\/riberasalud.com\/hospital-de-molina\/ribera-hospital-de-molina-traslada-al-presidente-de-la-asamblea-de-murcia-su-proyecto-y-compromiso-con-la-region\/#breadcrumb"},"inLanguage":"es","potentialAction":[{"@type":"ReadAction","target":["https:\/\/riberasalud.com\/hospital-de-molina\/ribera-hospital-de-molina-traslada-al-presidente-de-la-asamblea-de-murcia-su-proyecto-y-compromiso-con-la-region\/"]}]},{"@type":"ImageObject","inLanguage":"es","@id":"https:\/\/riberasalud.com\/hospital-de-molina\/ribera-hospital-de-molina-traslada-al-presidente-de-la-asamblea-de-murcia-su-proyecto-y-compromiso-con-la-region\/#primaryimage","url":"https:\/\/riberasalud.com\/hospital-de-molina\/wp-content\/uploads\/2021\/10\/Visita-RHM-Pte-AR-2-min-scaled-1.jpg","contentUrl":"https:\/\/riberasalud.com\/hospital-de-molina\/wp-content\/uploads\/2021\/10\/Visita-RHM-Pte-AR-2-min-scaled-1.jpg","width":2560,"height":1920},{"@type":"BreadcrumbList","@id":"https:\/\/riberasalud.com\/hospital-de-molina\/ribera-hospital-de-molina-traslada-al-presidente-de-la-asamblea-de-murcia-su-proyecto-y-compromiso-con-la-region\/#breadcrumb","itemListElement":[{"@type":"ListItem","position":1,"name":"Portada","item":"https:\/\/riberasalud.com\/hospital-de-molina\/"},{"@type":"ListItem","position":2,"name":"Ribera Hospital de Molina traslada al presidente de la Asamblea de Murcia su proyecto y compromiso con la regi\u00f3n"}]},{"@type":"WebSite","@id":"https:\/\/riberasalud.com\/hospital-de-molina\/#website","url":"https:\/\/riberasalud.com\/hospital-de-molina\/","name":"Hospital de Molina","description":"","publisher":{"@id":"https:\/\/riberasalud.com\/hospital-de-molina\/#organization"},"potentialAction":[{"@type":"SearchAction","target":{"@type":"EntryPoint","urlTemplate":"https:\/\/riberasalud.com\/hospital-de-molina\/?s={search_term_string}"},"query-input":{"@type":"PropertyValueSpecification","valueRequired":true,"valueName":"search_term_string"}}],"inLanguage":"es"},{"@type":"Organization","@id":"https:\/\/riberasalud.com\/hospital-de-molina\/#organization","name":"Hospital de Molina","url":"https:\/\/riberasalud.com\/hospital-de-molina\/","logo":{"@type":"ImageObject","inLanguage":"es","@id":"https:\/\/riberasalud.com\/hospital-de-molina\/#\/schema\/logo\/image\/","url":"https:\/\/riberasalud.com\/hospital-de-molina\/wp-content\/uploads\/2023\/01\/cropped-Logo-Red-DeMolina-bigtz7.png","contentUrl":"https:\/\/riberasalud.com\/hospital-de-molina\/wp-content\/uploads\/2023\/01\/cropped-Logo-Red-DeMolina-bigtz7.png","width":300,"height":72,"caption":"Hospital de Molina"},"image":{"@id":"https:\/\/riberasalud.com\/hospital-de-molina\/#\/schema\/logo\/image\/"}},{"@type":"Person","@id":"https:\/\/riberasalud.com\/hospital-de-molina\/#\/schema\/person\/37d58effcbf02f32328940089f254419","name":"hmolina","image":{"@type":"ImageObject","inLanguage":"es","@id":"https:\/\/riberasalud.com\/hospital-de-molina\/#\/schema\/person\/image\/","url":"https:\/\/secure.gravatar.com\/avatar\/9db1181c394bec9505d449c90a21b5363cc35ad9a76f60f11a304b23bb0e8dd4?s=96&d=mm&r=g","contentUrl":"https:\/\/secure.gravatar.com\/avatar\/9db1181c394bec9505d449c90a21b5363cc35ad9a76f60f11a304b23bb0e8dd4?s=96&d=mm&r=g","caption":"hmolina"},"url":"https:\/\/riberasalud.com\/hospital-de-molina\/author\/hmolina\/"}]}},"uagb_featured_image_src":{"full":["https:\/\/riberasalud.com\/hospital-de-molina\/wp-content\/uploads\/2021\/10\/Visita-RHM-Pte-AR-2-min-scaled-1.jpg",2560,1920,false],"thumbnail":["https:\/\/riberasalud.com\/hospital-de-molina\/wp-content\/uploads\/2021\/10\/Visita-RHM-Pte-AR-2-min-scaled-1-150x150.jpg",150,150,true],"medium":["https:\/\/riberasalud.com\/hospital-de-molina\/wp-content\/uploads\/2021\/10\/Visita-RHM-Pte-AR-2-min-scaled-1-300x225.jpg",300,225,true],"medium_large":["https:\/\/riberasalud.com\/hospital-de-molina\/wp-content\/uploads\/2021\/10\/Visita-RHM-Pte-AR-2-min-scaled-1-768x576.jpg",768,576,true],"large":["https:\/\/riberasalud.com\/hospital-de-molina\/wp-content\/uploads\/2021\/10\/Visita-RHM-Pte-AR-2-min-scaled-1-1024x768.jpg",1024,768,true],"1536x1536":["https:\/\/riberasalud.com\/hospital-de-molina\/wp-content\/uploads\/2021\/10\/Visita-RHM-Pte-AR-2-min-scaled-1-1536x1152.jpg",1536,1152,true],"2048x2048":["https:\/\/riberasalud.com\/hospital-de-molina\/wp-content\/uploads\/2021\/10\/Visita-RHM-Pte-AR-2-min-scaled-1-2048x1536.jpg",2048,1536,true]},"uagb_author_info":{"display_name":"hmolina","author_link":"https:\/\/riberasalud.com\/hospital-de-molina\/author\/hmolina\/"},"uagb_comment_info":0,"uagb_excerpt":"La presentaci\u00f3n del grupo sanitario Ribera, su modelo de salud responsable y su compromiso con la responsabilidad social corporativa han centrado esta visita institucional Molina de Segura, 4 de octubre de 2021 -. El Presidente de la Asamblea Regional, Alberto Castillo, ha recibido esta ma\u00f1ana al director-gerente de Ribera Hospital de Molina, Pedro Hern\u00e1ndez Jim\u00e9nez,&hellip;","_links":{"self":[{"href":"https:\/\/riberasalud.com\/hospital-de-molina\/wp-json\/wp\/v2\/posts\/5198","targetHints":{"allow":["GET"]}}],"collection":[{"href":"https:\/\/riberasalud.com\/hospital-de-molina\/wp-json\/wp\/v2\/posts"}],"about":[{"href":"https:\/\/riberasalud.com\/hospital-de-molina\/wp-json\/wp\/v2\/types\/post"}],"author":[{"embeddable":true,"href":"https:\/\/riberasalud.com\/hospital-de-molina\/wp-json\/wp\/v2\/users\/3"}],"replies":[{"embeddable":true,"href":"https:\/\/riberasalud.com\/hospital-de-molina\/wp-json\/wp\/v2\/comments?post=5198"}],"version-history":[{"count":1,"href":"https:\/\/riberasalud.com\/hospital-de-molina\/wp-json\/wp\/v2\/posts\/5198\/revisions"}],"predecessor-version":[{"id":8072,"href":"https:\/\/riberasalud.com\/hospital-de-molina\/wp-json\/wp\/v2\/posts\/5198\/revisions\/8072"}],"wp:featuredmedia":[{"embeddable":true,"href":"https:\/\/riberasalud.com\/hospital-de-molina\/wp-json\/wp\/v2\/media\/5204"}],"wp:attachment":[{"href":"https:\/\/riberasalud.com\/hospital-de-molina\/wp-json\/wp\/v2\/media?parent=5198"}],"wp:term":[{"taxonomy":"category","embeddable":true,"href":"https:\/\/riberasalud.com\/hospital-de-molina\/wp-json\/wp\/v2\/categories?post=5198"},{"taxonomy":"post_tag","embeddable":true,"href":"https:\/\/riberasalud.com\/hospital-de-molina\/wp-json\/wp\/v2\/tags?post=5198"}],"curies":[{"name":"wp","href":"https:\/\/api.w.org\/{rel}","templated":true}]}}