{"id":5141,"date":"2021-09-07T09:22:36","date_gmt":"2021-09-07T07:22:36","guid":{"rendered":"https:\/\/hospitaldemolina.es\/?p=5141"},"modified":"2023-10-25T06:34:05","modified_gmt":"2023-10-25T06:34:05","slug":"la-fisioterapia-actua-sobre-las-alteraciones-fisicas-cardiorrespiratorias-y-osteomusculares-producidas-por-la-covid-persistente","status":"publish","type":"post","link":"https:\/\/riberasalud.com\/hospital-de-molina\/la-fisioterapia-actua-sobre-las-alteraciones-fisicas-cardiorrespiratorias-y-osteomusculares-producidas-por-la-covid-persistente\/","title":{"rendered":"La fisioterapia act\u00faa sobre las alteraciones f\u00edsicas, cardiorrespiratorias y osteomusculares producidas por la COVID persistente"},"content":{"rendered":"\n<ul class=\"wp-block-list\"><li>La fisioterapia es clave para atender a los pacientes de COVID19 y abordar las secuelas de esta enfermedad<\/li><\/ul>\n\n\n\n<ul class=\"wp-block-list\"><li>El objetivo de la rehabilitaci\u00f3n de la COVID persistente es fomentar la autonom\u00eda e independencia de los pacientes, as\u00ed como su mejora an\u00edmica<\/li><\/ul>\n\n\n\n<p>Molina de Segura<strong>, 7 de septiembre<\/strong> de 2021 -.<a href=\"https:\/\/www.riberasalud.com\/\"> <\/a>Pacientes con s\u00edndrome de fragilidad, dolor, cicatrices, fatiga, encefalopat\u00eda, falta de concentraci\u00f3n, fibrosis, disnea, debilidad muscular, sarcopenia, contracturas, retracciones, osteonecrosis, miopat\u00edas, polineuropat\u00edas\u2026 \u00c9stas son algunas de las secuelas que presentan pacientes que han padecido la COVID19 y que contin\u00faan mostrando semanas o meses despu\u00e9s de la infecci\u00f3n inicial. &nbsp;<\/p>\n\n\n\n<figure class=\"wp-block-image size-large\"><img loading=\"lazy\" decoding=\"async\" width=\"1024\" height=\"563\" src=\"https:\/\/riberasalud.com\/hospital-de-molina\/wp-content\/uploads\/2021\/09\/Fisio2-min-1024x563.jpg\" alt=\"\" class=\"wp-image-5143\" srcset=\"https:\/\/riberasalud.com\/hospital-de-molina\/wp-content\/uploads\/2021\/09\/Fisio2-min-1024x563.jpg 1024w, https:\/\/riberasalud.com\/hospital-de-molina\/wp-content\/uploads\/2021\/09\/Fisio2-min-300x165.jpg 300w, https:\/\/riberasalud.com\/hospital-de-molina\/wp-content\/uploads\/2021\/09\/Fisio2-min-768x422.jpg 768w, https:\/\/riberasalud.com\/hospital-de-molina\/wp-content\/uploads\/2021\/09\/Fisio2-min.jpg 1180w\" sizes=\"auto, (max-width: 1024px) 100vw, 1024px\" \/><\/figure>\n\n\n\n<p>La COVID19 ha cambiado el papel de la fisioterapia, que se ha revelado clave para atender a los pacientes con esta enfermedad y sus secuelas. As\u00ed se pone de manifiesto en el D\u00eda Mundial de la Fisioterapia que se celebra ma\u00f1ana 8 de septiembre y que gira en torno a la COVID persistente y la rehabilitaci\u00f3n.<\/p>\n\n\n\n<figure class=\"wp-block-image size-large\"><img loading=\"lazy\" decoding=\"async\" width=\"1024\" height=\"572\" src=\"https:\/\/riberasalud.com\/hospital-de-molina\/wp-content\/uploads\/2021\/09\/ANA-DASI-2021-min-1024x572.png\" alt=\"\" class=\"wp-image-5142\" srcset=\"https:\/\/riberasalud.com\/hospital-de-molina\/wp-content\/uploads\/2021\/09\/ANA-DASI-2021-min-1024x572.png 1024w, https:\/\/riberasalud.com\/hospital-de-molina\/wp-content\/uploads\/2021\/09\/ANA-DASI-2021-min-300x168.png 300w, https:\/\/riberasalud.com\/hospital-de-molina\/wp-content\/uploads\/2021\/09\/ANA-DASI-2021-min-768x429.png 768w, https:\/\/riberasalud.com\/hospital-de-molina\/wp-content\/uploads\/2021\/09\/ANA-DASI-2021-min.png 1110w\" sizes=\"auto, (max-width: 1024px) 100vw, 1024px\" \/><\/figure>\n\n\n\n<p>En este sentido, la responsable del Servicio de Fisioterapia de <a href=\"https:\/\/hospitaldemolina.es\/\">Ribera Hospital de Molina<\/a>, gestionado por <a href=\"https:\/\/www.riberasalud.com\/\">grupo sanitario Ribera<\/a>, Ana M\u00aa Das\u00ed Espinosa explica que \u201cla fisioterapia act\u00faa sobre las alteraciones f\u00edsicas, cardiorrespiratorias y osteomusculares, teniendo en cuenta las secuelas y d\u00e9ficits que padezca cada paciente. Debemos tener en cuenta que, por ahora, se desconoce por qu\u00e9 aparecen estas secuelas y qu\u00e9 pacientes se ven m\u00e1s afectados. De hecho, su aparici\u00f3n no est\u00e1 relacionada directamente con la gravedad de la enfermedad, aunque podemos decir que aquellas personas de m\u00e1s edad, con patolog\u00edas previas a la infecci\u00f3n, las hospitalizadas y las que han estado en las UCIS con largos periodos de ventilaci\u00f3n mec\u00e1nica, son las m\u00e1s propensas a padecerlas\u201d.<\/p>\n\n\n\n<p>Las secuelas de la COVID19 pueden aparecer tambi\u00e9n despu\u00e9s de un tiempo pasada la infecci\u00f3n inicial, fluctuar, persistir y empeorar con el esfuerzo f\u00edsico o mental, e incluso provocar limitaciones importantes en las actividades de la vida diaria.<\/p>\n\n\n\n<p>Por eso, afirma Das\u00ed Espinosa, es fundamental para estos pacientes realizar un programa de ejercicios f\u00edsicos estructurado y constante, realista y con objetivos alcanzables, junto con un programa de fisioterapia respiratoria, que les permita \u201crecuperar la masa, flexibilidad y fuerza muscular general; reducir las miopat\u00edas, artropat\u00edas y polineuropat\u00edas asociadas a la degeneraci\u00f3n de las fibras musculares; mejorar la funcionalidad respiratoria, reeducar los patrones respiratorios y la eficiencia cardiaca; reducir la disnea, la fatiga y la astenia; recuperar las reservas fisiol\u00f3gicas del organismo; mejorar la propiocepci\u00f3n, la coordinaci\u00f3n y el equilibrio; y restablecer la tolerancia al esfuerzo en el desempe\u00f1o de las actividades de la vida diaria\u201d.<\/p>\n\n\n\n<p>La especialista de Ribera Hospital de Molina afirma que, con estos beneficios terap\u00e9uticos, los pacientes ser\u00e1n m\u00e1s aut\u00f3nomos, fomentando la independencia y haciendo que mejoren an\u00edmicamente de manera significativa.<\/p>\n\n\n\n<figure class=\"wp-block-embed is-type-video is-provider-youtube wp-block-embed-youtube wp-embed-aspect-16-9 wp-has-aspect-ratio\"><div class=\"wp-block-embed__wrapper\">\n<iframe loading=\"lazy\" title=\"\u00bfQu\u00e9 es el COVID persistente? Secuelas y rehabilitaci\u00f3n\" width=\"1200\" height=\"675\" src=\"https:\/\/www.youtube.com\/embed\/2wlG2QqYi1g?feature=oembed\" frameborder=\"0\" allow=\"accelerometer; autoplay; clipboard-write; encrypted-media; gyroscope; picture-in-picture; web-share\" allowfullscreen><\/iframe>\n<\/div><\/figure>\n","protected":false},"excerpt":{"rendered":"<p>La fisioterapia es clave para atender a los pacientes de COVID19 y abordar las secuelas de esta enfermedad El objetivo de la rehabilitaci\u00f3n de la COVID persistente es fomentar la autonom\u00eda e independencia de los pacientes, as\u00ed como su mejora an\u00edmica Molina de Segura, 7 de septiembre de 2021 -. Pacientes con s\u00edndrome de fragilidad, &#8230; <a title=\"La fisioterapia act\u00faa sobre las alteraciones f\u00edsicas, cardiorrespiratorias y osteomusculares producidas por la COVID persistente\" class=\"read-more\" href=\"https:\/\/riberasalud.com\/hospital-de-molina\/la-fisioterapia-actua-sobre-las-alteraciones-fisicas-cardiorrespiratorias-y-osteomusculares-producidas-por-la-covid-persistente\/\" aria-label=\"Leer m\u00e1s sobre La fisioterapia act\u00faa sobre las alteraciones f\u00edsicas, cardiorrespiratorias y osteomusculares producidas por la COVID persistente\">Leer m\u00e1s<\/a><\/p>\n","protected":false},"author":3,"featured_media":5143,"comment_status":"closed","ping_status":"open","sticky":false,"template":"","format":"standard","meta":{"_uag_custom_page_level_css":"","_mi_skip_tracking":false,"footnotes":""},"categories":[47],"tags":[467,361,113,468,38,14,15],"class_list":["post-5141","post","type-post","status-publish","format-standard","has-post-thumbnail","hentry","category-noticias","tag-covid-persistente","tag-covid19","tag-fisioterapia","tag-rehabilitacion","tag-ribera-hospital-de-molina","tag-salud","tag-sanidad"],"yoast_head":"<!-- This site is optimized with the Yoast SEO plugin v26.6 - https:\/\/yoast.com\/wordpress\/plugins\/seo\/ -->\n<title>La fisioterapia act\u00faa sobre las alteraciones f\u00edsicas, cardiorrespiratorias y osteomusculares producidas por la COVID persistente - Hospital de Molina<\/title>\n<meta name=\"robots\" content=\"index, follow, max-snippet:-1, max-image-preview:large, max-video-preview:-1\" \/>\n<link rel=\"canonical\" href=\"https:\/\/riberasalud.com\/hospital-de-molina\/la-fisioterapia-actua-sobre-las-alteraciones-fisicas-cardiorrespiratorias-y-osteomusculares-producidas-por-la-covid-persistente\/\" \/>\n<meta property=\"og:locale\" content=\"es_ES\" \/>\n<meta property=\"og:type\" content=\"article\" \/>\n<meta property=\"og:title\" content=\"La fisioterapia act\u00faa sobre las alteraciones f\u00edsicas, cardiorrespiratorias y osteomusculares producidas por la COVID persistente - Hospital de Molina\" \/>\n<meta property=\"og:description\" content=\"La fisioterapia es clave para atender a los pacientes de COVID19 y abordar las secuelas de esta enfermedad El objetivo de la rehabilitaci\u00f3n de la COVID persistente es fomentar la autonom\u00eda e independencia de los pacientes, as\u00ed como su mejora an\u00edmica Molina de Segura, 7 de septiembre de 2021 -. Pacientes con s\u00edndrome de fragilidad, ... Leer m\u00e1s\" \/>\n<meta property=\"og:url\" content=\"https:\/\/riberasalud.com\/hospital-de-molina\/la-fisioterapia-actua-sobre-las-alteraciones-fisicas-cardiorrespiratorias-y-osteomusculares-producidas-por-la-covid-persistente\/\" \/>\n<meta property=\"og:site_name\" content=\"Hospital de Molina\" \/>\n<meta property=\"article:published_time\" content=\"2021-09-07T07:22:36+00:00\" \/>\n<meta property=\"article:modified_time\" content=\"2023-10-25T06:34:05+00:00\" \/>\n<meta property=\"og:image\" content=\"https:\/\/riberasalud.com\/hospital-de-molina\/wp-content\/uploads\/2021\/09\/Fisio2-min.jpg\" \/>\n\t<meta property=\"og:image:width\" content=\"1180\" \/>\n\t<meta property=\"og:image:height\" content=\"649\" \/>\n\t<meta property=\"og:image:type\" content=\"image\/jpeg\" \/>\n<meta name=\"author\" content=\"hmolina\" \/>\n<meta name=\"twitter:card\" content=\"summary_large_image\" \/>\n<meta name=\"twitter:label1\" content=\"Escrito por\" \/>\n\t<meta name=\"twitter:data1\" content=\"hmolina\" \/>\n\t<meta name=\"twitter:label2\" content=\"Tiempo de lectura\" \/>\n\t<meta name=\"twitter:data2\" content=\"2 minutos\" \/>\n<script type=\"application\/ld+json\" class=\"yoast-schema-graph\">{\"@context\":\"https:\/\/schema.org\",\"@graph\":[{\"@type\":\"Article\",\"@id\":\"https:\/\/riberasalud.com\/hospital-de-molina\/la-fisioterapia-actua-sobre-las-alteraciones-fisicas-cardiorrespiratorias-y-osteomusculares-producidas-por-la-covid-persistente\/#article\",\"isPartOf\":{\"@id\":\"https:\/\/riberasalud.com\/hospital-de-molina\/la-fisioterapia-actua-sobre-las-alteraciones-fisicas-cardiorrespiratorias-y-osteomusculares-producidas-por-la-covid-persistente\/\"},\"author\":{\"name\":\"hmolina\",\"@id\":\"https:\/\/riberasalud.com\/hospital-de-molina\/#\/schema\/person\/37d58effcbf02f32328940089f254419\"},\"headline\":\"La fisioterapia act\u00faa sobre las alteraciones f\u00edsicas, cardiorrespiratorias y osteomusculares producidas por la COVID persistente\",\"datePublished\":\"2021-09-07T07:22:36+00:00\",\"dateModified\":\"2023-10-25T06:34:05+00:00\",\"mainEntityOfPage\":{\"@id\":\"https:\/\/riberasalud.com\/hospital-de-molina\/la-fisioterapia-actua-sobre-las-alteraciones-fisicas-cardiorrespiratorias-y-osteomusculares-producidas-por-la-covid-persistente\/\"},\"wordCount\":509,\"publisher\":{\"@id\":\"https:\/\/riberasalud.com\/hospital-de-molina\/#organization\"},\"image\":{\"@id\":\"https:\/\/riberasalud.com\/hospital-de-molina\/la-fisioterapia-actua-sobre-las-alteraciones-fisicas-cardiorrespiratorias-y-osteomusculares-producidas-por-la-covid-persistente\/#primaryimage\"},\"thumbnailUrl\":\"https:\/\/riberasalud.com\/hospital-de-molina\/wp-content\/uploads\/2021\/09\/Fisio2-min.jpg\",\"keywords\":[\"Covid Persistente\",\"COVID19\",\"fisioterapia\",\"Rehabilitaci\u00f3n\",\"Ribera Hospital de Molina\",\"salud\",\"sanidad\"],\"articleSection\":[\"Noticias\"],\"inLanguage\":\"es\"},{\"@type\":\"WebPage\",\"@id\":\"https:\/\/riberasalud.com\/hospital-de-molina\/la-fisioterapia-actua-sobre-las-alteraciones-fisicas-cardiorrespiratorias-y-osteomusculares-producidas-por-la-covid-persistente\/\",\"url\":\"https:\/\/riberasalud.com\/hospital-de-molina\/la-fisioterapia-actua-sobre-las-alteraciones-fisicas-cardiorrespiratorias-y-osteomusculares-producidas-por-la-covid-persistente\/\",\"name\":\"La fisioterapia act\u00faa sobre las alteraciones f\u00edsicas, cardiorrespiratorias y osteomusculares producidas por la COVID persistente - Hospital de Molina\",\"isPartOf\":{\"@id\":\"https:\/\/riberasalud.com\/hospital-de-molina\/#website\"},\"primaryImageOfPage\":{\"@id\":\"https:\/\/riberasalud.com\/hospital-de-molina\/la-fisioterapia-actua-sobre-las-alteraciones-fisicas-cardiorrespiratorias-y-osteomusculares-producidas-por-la-covid-persistente\/#primaryimage\"},\"image\":{\"@id\":\"https:\/\/riberasalud.com\/hospital-de-molina\/la-fisioterapia-actua-sobre-las-alteraciones-fisicas-cardiorrespiratorias-y-osteomusculares-producidas-por-la-covid-persistente\/#primaryimage\"},\"thumbnailUrl\":\"https:\/\/riberasalud.com\/hospital-de-molina\/wp-content\/uploads\/2021\/09\/Fisio2-min.jpg\",\"datePublished\":\"2021-09-07T07:22:36+00:00\",\"dateModified\":\"2023-10-25T06:34:05+00:00\",\"breadcrumb\":{\"@id\":\"https:\/\/riberasalud.com\/hospital-de-molina\/la-fisioterapia-actua-sobre-las-alteraciones-fisicas-cardiorrespiratorias-y-osteomusculares-producidas-por-la-covid-persistente\/#breadcrumb\"},\"inLanguage\":\"es\",\"potentialAction\":[{\"@type\":\"ReadAction\",\"target\":[\"https:\/\/riberasalud.com\/hospital-de-molina\/la-fisioterapia-actua-sobre-las-alteraciones-fisicas-cardiorrespiratorias-y-osteomusculares-producidas-por-la-covid-persistente\/\"]}]},{\"@type\":\"ImageObject\",\"inLanguage\":\"es\",\"@id\":\"https:\/\/riberasalud.com\/hospital-de-molina\/la-fisioterapia-actua-sobre-las-alteraciones-fisicas-cardiorrespiratorias-y-osteomusculares-producidas-por-la-covid-persistente\/#primaryimage\",\"url\":\"https:\/\/riberasalud.com\/hospital-de-molina\/wp-content\/uploads\/2021\/09\/Fisio2-min.jpg\",\"contentUrl\":\"https:\/\/riberasalud.com\/hospital-de-molina\/wp-content\/uploads\/2021\/09\/Fisio2-min.jpg\",\"width\":1180,\"height\":649},{\"@type\":\"BreadcrumbList\",\"@id\":\"https:\/\/riberasalud.com\/hospital-de-molina\/la-fisioterapia-actua-sobre-las-alteraciones-fisicas-cardiorrespiratorias-y-osteomusculares-producidas-por-la-covid-persistente\/#breadcrumb\",\"itemListElement\":[{\"@type\":\"ListItem\",\"position\":1,\"name\":\"Portada\",\"item\":\"https:\/\/riberasalud.com\/hospital-de-molina\/\"},{\"@type\":\"ListItem\",\"position\":2,\"name\":\"La fisioterapia act\u00faa sobre las alteraciones f\u00edsicas, cardiorrespiratorias y osteomusculares producidas por la COVID persistente\"}]},{\"@type\":\"WebSite\",\"@id\":\"https:\/\/riberasalud.com\/hospital-de-molina\/#website\",\"url\":\"https:\/\/riberasalud.com\/hospital-de-molina\/\",\"name\":\"Hospital de Molina\",\"description\":\"\",\"publisher\":{\"@id\":\"https:\/\/riberasalud.com\/hospital-de-molina\/#organization\"},\"potentialAction\":[{\"@type\":\"SearchAction\",\"target\":{\"@type\":\"EntryPoint\",\"urlTemplate\":\"https:\/\/riberasalud.com\/hospital-de-molina\/?s={search_term_string}\"},\"query-input\":{\"@type\":\"PropertyValueSpecification\",\"valueRequired\":true,\"valueName\":\"search_term_string\"}}],\"inLanguage\":\"es\"},{\"@type\":\"Organization\",\"@id\":\"https:\/\/riberasalud.com\/hospital-de-molina\/#organization\",\"name\":\"Hospital de Molina\",\"url\":\"https:\/\/riberasalud.com\/hospital-de-molina\/\",\"logo\":{\"@type\":\"ImageObject\",\"inLanguage\":\"es\",\"@id\":\"https:\/\/riberasalud.com\/hospital-de-molina\/#\/schema\/logo\/image\/\",\"url\":\"https:\/\/riberasalud.com\/hospital-de-molina\/wp-content\/uploads\/2023\/01\/cropped-Logo-Red-DeMolina-bigtz7.png\",\"contentUrl\":\"https:\/\/riberasalud.com\/hospital-de-molina\/wp-content\/uploads\/2023\/01\/cropped-Logo-Red-DeMolina-bigtz7.png\",\"width\":300,\"height\":72,\"caption\":\"Hospital de Molina\"},\"image\":{\"@id\":\"https:\/\/riberasalud.com\/hospital-de-molina\/#\/schema\/logo\/image\/\"}},{\"@type\":\"Person\",\"@id\":\"https:\/\/riberasalud.com\/hospital-de-molina\/#\/schema\/person\/37d58effcbf02f32328940089f254419\",\"name\":\"hmolina\",\"image\":{\"@type\":\"ImageObject\",\"inLanguage\":\"es\",\"@id\":\"https:\/\/riberasalud.com\/hospital-de-molina\/#\/schema\/person\/image\/\",\"url\":\"https:\/\/secure.gravatar.com\/avatar\/9db1181c394bec9505d449c90a21b5363cc35ad9a76f60f11a304b23bb0e8dd4?s=96&d=mm&r=g\",\"contentUrl\":\"https:\/\/secure.gravatar.com\/avatar\/9db1181c394bec9505d449c90a21b5363cc35ad9a76f60f11a304b23bb0e8dd4?s=96&d=mm&r=g\",\"caption\":\"hmolina\"},\"url\":\"https:\/\/riberasalud.com\/hospital-de-molina\/author\/hmolina\/\"}]}<\/script>\n<!-- \/ Yoast SEO plugin. -->","yoast_head_json":{"title":"La fisioterapia act\u00faa sobre las alteraciones f\u00edsicas, cardiorrespiratorias y osteomusculares producidas por la COVID persistente - Hospital de Molina","robots":{"index":"index","follow":"follow","max-snippet":"max-snippet:-1","max-image-preview":"max-image-preview:large","max-video-preview":"max-video-preview:-1"},"canonical":"https:\/\/riberasalud.com\/hospital-de-molina\/la-fisioterapia-actua-sobre-las-alteraciones-fisicas-cardiorrespiratorias-y-osteomusculares-producidas-por-la-covid-persistente\/","og_locale":"es_ES","og_type":"article","og_title":"La fisioterapia act\u00faa sobre las alteraciones f\u00edsicas, cardiorrespiratorias y osteomusculares producidas por la COVID persistente - Hospital de Molina","og_description":"La fisioterapia es clave para atender a los pacientes de COVID19 y abordar las secuelas de esta enfermedad El objetivo de la rehabilitaci\u00f3n de la COVID persistente es fomentar la autonom\u00eda e independencia de los pacientes, as\u00ed como su mejora an\u00edmica Molina de Segura, 7 de septiembre de 2021 -. Pacientes con s\u00edndrome de fragilidad, ... Leer m\u00e1s","og_url":"https:\/\/riberasalud.com\/hospital-de-molina\/la-fisioterapia-actua-sobre-las-alteraciones-fisicas-cardiorrespiratorias-y-osteomusculares-producidas-por-la-covid-persistente\/","og_site_name":"Hospital de Molina","article_published_time":"2021-09-07T07:22:36+00:00","article_modified_time":"2023-10-25T06:34:05+00:00","og_image":[{"width":1180,"height":649,"url":"https:\/\/riberasalud.com\/hospital-de-molina\/wp-content\/uploads\/2021\/09\/Fisio2-min.jpg","type":"image\/jpeg"}],"author":"hmolina","twitter_card":"summary_large_image","twitter_misc":{"Escrito por":"hmolina","Tiempo de lectura":"2 minutos"},"schema":{"@context":"https:\/\/schema.org","@graph":[{"@type":"Article","@id":"https:\/\/riberasalud.com\/hospital-de-molina\/la-fisioterapia-actua-sobre-las-alteraciones-fisicas-cardiorrespiratorias-y-osteomusculares-producidas-por-la-covid-persistente\/#article","isPartOf":{"@id":"https:\/\/riberasalud.com\/hospital-de-molina\/la-fisioterapia-actua-sobre-las-alteraciones-fisicas-cardiorrespiratorias-y-osteomusculares-producidas-por-la-covid-persistente\/"},"author":{"name":"hmolina","@id":"https:\/\/riberasalud.com\/hospital-de-molina\/#\/schema\/person\/37d58effcbf02f32328940089f254419"},"headline":"La fisioterapia act\u00faa sobre las alteraciones f\u00edsicas, cardiorrespiratorias y osteomusculares producidas por la COVID persistente","datePublished":"2021-09-07T07:22:36+00:00","dateModified":"2023-10-25T06:34:05+00:00","mainEntityOfPage":{"@id":"https:\/\/riberasalud.com\/hospital-de-molina\/la-fisioterapia-actua-sobre-las-alteraciones-fisicas-cardiorrespiratorias-y-osteomusculares-producidas-por-la-covid-persistente\/"},"wordCount":509,"publisher":{"@id":"https:\/\/riberasalud.com\/hospital-de-molina\/#organization"},"image":{"@id":"https:\/\/riberasalud.com\/hospital-de-molina\/la-fisioterapia-actua-sobre-las-alteraciones-fisicas-cardiorrespiratorias-y-osteomusculares-producidas-por-la-covid-persistente\/#primaryimage"},"thumbnailUrl":"https:\/\/riberasalud.com\/hospital-de-molina\/wp-content\/uploads\/2021\/09\/Fisio2-min.jpg","keywords":["Covid Persistente","COVID19","fisioterapia","Rehabilitaci\u00f3n","Ribera Hospital de Molina","salud","sanidad"],"articleSection":["Noticias"],"inLanguage":"es"},{"@type":"WebPage","@id":"https:\/\/riberasalud.com\/hospital-de-molina\/la-fisioterapia-actua-sobre-las-alteraciones-fisicas-cardiorrespiratorias-y-osteomusculares-producidas-por-la-covid-persistente\/","url":"https:\/\/riberasalud.com\/hospital-de-molina\/la-fisioterapia-actua-sobre-las-alteraciones-fisicas-cardiorrespiratorias-y-osteomusculares-producidas-por-la-covid-persistente\/","name":"La fisioterapia act\u00faa sobre las alteraciones f\u00edsicas, cardiorrespiratorias y osteomusculares producidas por la COVID persistente - Hospital de Molina","isPartOf":{"@id":"https:\/\/riberasalud.com\/hospital-de-molina\/#website"},"primaryImageOfPage":{"@id":"https:\/\/riberasalud.com\/hospital-de-molina\/la-fisioterapia-actua-sobre-las-alteraciones-fisicas-cardiorrespiratorias-y-osteomusculares-producidas-por-la-covid-persistente\/#primaryimage"},"image":{"@id":"https:\/\/riberasalud.com\/hospital-de-molina\/la-fisioterapia-actua-sobre-las-alteraciones-fisicas-cardiorrespiratorias-y-osteomusculares-producidas-por-la-covid-persistente\/#primaryimage"},"thumbnailUrl":"https:\/\/riberasalud.com\/hospital-de-molina\/wp-content\/uploads\/2021\/09\/Fisio2-min.jpg","datePublished":"2021-09-07T07:22:36+00:00","dateModified":"2023-10-25T06:34:05+00:00","breadcrumb":{"@id":"https:\/\/riberasalud.com\/hospital-de-molina\/la-fisioterapia-actua-sobre-las-alteraciones-fisicas-cardiorrespiratorias-y-osteomusculares-producidas-por-la-covid-persistente\/#breadcrumb"},"inLanguage":"es","potentialAction":[{"@type":"ReadAction","target":["https:\/\/riberasalud.com\/hospital-de-molina\/la-fisioterapia-actua-sobre-las-alteraciones-fisicas-cardiorrespiratorias-y-osteomusculares-producidas-por-la-covid-persistente\/"]}]},{"@type":"ImageObject","inLanguage":"es","@id":"https:\/\/riberasalud.com\/hospital-de-molina\/la-fisioterapia-actua-sobre-las-alteraciones-fisicas-cardiorrespiratorias-y-osteomusculares-producidas-por-la-covid-persistente\/#primaryimage","url":"https:\/\/riberasalud.com\/hospital-de-molina\/wp-content\/uploads\/2021\/09\/Fisio2-min.jpg","contentUrl":"https:\/\/riberasalud.com\/hospital-de-molina\/wp-content\/uploads\/2021\/09\/Fisio2-min.jpg","width":1180,"height":649},{"@type":"BreadcrumbList","@id":"https:\/\/riberasalud.com\/hospital-de-molina\/la-fisioterapia-actua-sobre-las-alteraciones-fisicas-cardiorrespiratorias-y-osteomusculares-producidas-por-la-covid-persistente\/#breadcrumb","itemListElement":[{"@type":"ListItem","position":1,"name":"Portada","item":"https:\/\/riberasalud.com\/hospital-de-molina\/"},{"@type":"ListItem","position":2,"name":"La fisioterapia act\u00faa sobre las alteraciones f\u00edsicas, cardiorrespiratorias y osteomusculares producidas por la COVID persistente"}]},{"@type":"WebSite","@id":"https:\/\/riberasalud.com\/hospital-de-molina\/#website","url":"https:\/\/riberasalud.com\/hospital-de-molina\/","name":"Hospital de Molina","description":"","publisher":{"@id":"https:\/\/riberasalud.com\/hospital-de-molina\/#organization"},"potentialAction":[{"@type":"SearchAction","target":{"@type":"EntryPoint","urlTemplate":"https:\/\/riberasalud.com\/hospital-de-molina\/?s={search_term_string}"},"query-input":{"@type":"PropertyValueSpecification","valueRequired":true,"valueName":"search_term_string"}}],"inLanguage":"es"},{"@type":"Organization","@id":"https:\/\/riberasalud.com\/hospital-de-molina\/#organization","name":"Hospital de Molina","url":"https:\/\/riberasalud.com\/hospital-de-molina\/","logo":{"@type":"ImageObject","inLanguage":"es","@id":"https:\/\/riberasalud.com\/hospital-de-molina\/#\/schema\/logo\/image\/","url":"https:\/\/riberasalud.com\/hospital-de-molina\/wp-content\/uploads\/2023\/01\/cropped-Logo-Red-DeMolina-bigtz7.png","contentUrl":"https:\/\/riberasalud.com\/hospital-de-molina\/wp-content\/uploads\/2023\/01\/cropped-Logo-Red-DeMolina-bigtz7.png","width":300,"height":72,"caption":"Hospital de Molina"},"image":{"@id":"https:\/\/riberasalud.com\/hospital-de-molina\/#\/schema\/logo\/image\/"}},{"@type":"Person","@id":"https:\/\/riberasalud.com\/hospital-de-molina\/#\/schema\/person\/37d58effcbf02f32328940089f254419","name":"hmolina","image":{"@type":"ImageObject","inLanguage":"es","@id":"https:\/\/riberasalud.com\/hospital-de-molina\/#\/schema\/person\/image\/","url":"https:\/\/secure.gravatar.com\/avatar\/9db1181c394bec9505d449c90a21b5363cc35ad9a76f60f11a304b23bb0e8dd4?s=96&d=mm&r=g","contentUrl":"https:\/\/secure.gravatar.com\/avatar\/9db1181c394bec9505d449c90a21b5363cc35ad9a76f60f11a304b23bb0e8dd4?s=96&d=mm&r=g","caption":"hmolina"},"url":"https:\/\/riberasalud.com\/hospital-de-molina\/author\/hmolina\/"}]}},"uagb_featured_image_src":{"full":["https:\/\/riberasalud.com\/hospital-de-molina\/wp-content\/uploads\/2021\/09\/Fisio2-min.jpg",1180,649,false],"thumbnail":["https:\/\/riberasalud.com\/hospital-de-molina\/wp-content\/uploads\/2021\/09\/Fisio2-min-150x150.jpg",150,150,true],"medium":["https:\/\/riberasalud.com\/hospital-de-molina\/wp-content\/uploads\/2021\/09\/Fisio2-min-300x165.jpg",300,165,true],"medium_large":["https:\/\/riberasalud.com\/hospital-de-molina\/wp-content\/uploads\/2021\/09\/Fisio2-min-768x422.jpg",768,422,true],"large":["https:\/\/riberasalud.com\/hospital-de-molina\/wp-content\/uploads\/2021\/09\/Fisio2-min-1024x563.jpg",1024,563,true],"1536x1536":["https:\/\/riberasalud.com\/hospital-de-molina\/wp-content\/uploads\/2021\/09\/Fisio2-min.jpg",1180,649,false],"2048x2048":["https:\/\/riberasalud.com\/hospital-de-molina\/wp-content\/uploads\/2021\/09\/Fisio2-min.jpg",1180,649,false]},"uagb_author_info":{"display_name":"hmolina","author_link":"https:\/\/riberasalud.com\/hospital-de-molina\/author\/hmolina\/"},"uagb_comment_info":0,"uagb_excerpt":"La fisioterapia es clave para atender a los pacientes de COVID19 y abordar las secuelas de esta enfermedad El objetivo de la rehabilitaci\u00f3n de la COVID persistente es fomentar la autonom\u00eda e independencia de los pacientes, as\u00ed como su mejora an\u00edmica Molina de Segura, 7 de septiembre de 2021 -. Pacientes con s\u00edndrome de fragilidad,&hellip;","_links":{"self":[{"href":"https:\/\/riberasalud.com\/hospital-de-molina\/wp-json\/wp\/v2\/posts\/5141","targetHints":{"allow":["GET"]}}],"collection":[{"href":"https:\/\/riberasalud.com\/hospital-de-molina\/wp-json\/wp\/v2\/posts"}],"about":[{"href":"https:\/\/riberasalud.com\/hospital-de-molina\/wp-json\/wp\/v2\/types\/post"}],"author":[{"embeddable":true,"href":"https:\/\/riberasalud.com\/hospital-de-molina\/wp-json\/wp\/v2\/users\/3"}],"replies":[{"embeddable":true,"href":"https:\/\/riberasalud.com\/hospital-de-molina\/wp-json\/wp\/v2\/comments?post=5141"}],"version-history":[{"count":1,"href":"https:\/\/riberasalud.com\/hospital-de-molina\/wp-json\/wp\/v2\/posts\/5141\/revisions"}],"predecessor-version":[{"id":8077,"href":"https:\/\/riberasalud.com\/hospital-de-molina\/wp-json\/wp\/v2\/posts\/5141\/revisions\/8077"}],"wp:featuredmedia":[{"embeddable":true,"href":"https:\/\/riberasalud.com\/hospital-de-molina\/wp-json\/wp\/v2\/media\/5143"}],"wp:attachment":[{"href":"https:\/\/riberasalud.com\/hospital-de-molina\/wp-json\/wp\/v2\/media?parent=5141"}],"wp:term":[{"taxonomy":"category","embeddable":true,"href":"https:\/\/riberasalud.com\/hospital-de-molina\/wp-json\/wp\/v2\/categories?post=5141"},{"taxonomy":"post_tag","embeddable":true,"href":"https:\/\/riberasalud.com\/hospital-de-molina\/wp-json\/wp\/v2\/tags?post=5141"}],"curies":[{"name":"wp","href":"https:\/\/api.w.org\/{rel}","templated":true}]}}