{"id":5110,"date":"2021-08-03T10:58:29","date_gmt":"2021-08-03T08:58:29","guid":{"rendered":"https:\/\/hospitaldemolina.es\/?p=5110"},"modified":"2023-10-25T06:34:06","modified_gmt":"2023-10-25T06:34:06","slug":"pedro-hernandez-jimenez-en-enfermedades-infecciosas-no-hay-un-100-de-inmunidad","status":"publish","type":"post","link":"https:\/\/riberasalud.com\/hospital-de-molina\/pedro-hernandez-jimenez-en-enfermedades-infecciosas-no-hay-un-100-de-inmunidad\/","title":{"rendered":"Pedro Hern\u00e1ndez Jim\u00e9nez: \u201cEn enfermedades infecciosas no hay un 100% de inmunidad\u201d"},"content":{"rendered":"\n<ul class=\"wp-block-list\"><li>El director gerente de Ribera Hospital de Molina ha explicado que las personas que han pasado el coronavirus y las que han sido vacunadas pueden volver a contraer la enfermedad<\/li><li>\u00a0El uso correcto de la mascarilla, el lavado de manos y la distancia social, junto con la vacuna, contin\u00faan siendo las medidas de protecci\u00f3n frente a esta quinta ola<\/li><\/ul>\n\n\n\n<p>La quinta ola est\u00e1 demostrando que nadie es inmune al coronavirus, ni siquiera los m\u00e1s j\u00f3venes, de hecho, el perfil\u00a0de los contagiados en la Regi\u00f3n de Murcia en esta quinta ola de pandemia responde a personas j\u00f3venes de entre 20-40 a\u00f1os. Mientras que son las personas de entre 40-80 a\u00f1os los que presentan s\u00edntomas m\u00e1s agudos y requieren de ingreso hospitalario, incluso de UCI.\u00a0<\/p>\n\n\n\n<p>\u201cSe est\u00e1n dando casos de personas que han pasado la enfermedad, pero no han adquirido la inmunidad suficiente como para no volver a reinfectarse. Y tambi\u00e9n se dan casos de personas vacunadas, incluso con la pauta completa, que terminan contagi\u00e1ndose. Pero eso no significa que las vacunas no sirvan. De hecho, se est\u00e1 demostrando que son v\u00e1lidas porque el n\u00famero de personas vacunadas contagiadas es muy peque\u00f1o. Pero s\u00ed debemos tener en cuenta que en enfermedades infecciosas no hay un 100% de inmunidad\u201d, explica Pedro Hern\u00e1ndez Jim\u00e9nez, director gerente de&nbsp;<a href=\"https:\/\/hospitaldemolina.es\/\">Ribera Hospital de Molina<\/a>, gestionado por el&nbsp;<a href=\"https:\/\/www.riberasalud.com\/\">grupo sanitario Ribera<\/a>, y miembro del comit\u00e9 t\u00e9cnico-cient\u00edfico de seguimiento del COVID-19 en Molina de Segura.<\/p>\n\n\n\n<p>Hern\u00e1ndez Jim\u00e9nez insiste en que las personas vacunadas que hayan dado positivo en coronavirus tambi\u00e9n pueden contagiar. Por eso es importante que sigan respetando las medidas de prevenci\u00f3n: confinarse hasta que tengan una PCR negativa, usar mascarilla, lavado de manos, distancia de seguridad, reducir al m\u00e1ximo los contactos, etc. Y si el contagio se produce entre la primera y la segunda dosis de la vacuna, el protocolo establece la interrupci\u00f3n de la vacunaci\u00f3n, adopci\u00f3n de todas las medidas de prevenci\u00f3n y retomar la vacunaci\u00f3n una vez transcurridos 6 meses desde que se tenga una PCR negativa.<\/p>\n\n\n\n<p>En algunos casos, estos contagios se est\u00e1n produciendo por variantes del virus SARS-CoV-2, y los s\u00edntomas siguen siendo los mismos: sintomatolog\u00eda respiratoria y de aparato digestivo, lo que se traduce en diarrea, v\u00f3mitos, n\u00e1useas, tos, fiebre, disnea, etc.<\/p>\n\n\n\n<p>Por otra parte, se ha detectado una presencia cada vez m\u00e1s notable del llamado \u201cCovid persistente\u201d, es decir, pacientes que manifiestan s\u00edntomas del Covid incluso meses despu\u00e9s de haber sufrido la infecci\u00f3n. Tal y como se\u00f1ala el director gerente de Ribera Hospital de Molina, \u201cno se sabe muy bien a qu\u00e9 se debe. Puede ser por autoinmunidad, es decir, nuestro organismo contin\u00faa generando anticuerpos que reaccionan frente a nuestro propio organismo; por correlaci\u00f3n con otros virus concomitantes como el virus de EPSTEIN-BARR, el citomegalovirus u otros; etc.\u201d.<\/p>\n\n\n\n<p>Pedro Hern\u00e1ndez Jim\u00e9nez apela a la responsabilidad individual para seguir respetando las medidas de protecci\u00f3n frente al coronavirus: uso adecuado y correcto de la mascarilla, lavado de manos y distancia social.<\/p>\n","protected":false},"excerpt":{"rendered":"<p>El director gerente de Ribera Hospital de Molina ha explicado que las personas que han pasado el coronavirus y las que han sido vacunadas pueden volver a contraer la enfermedad \u00a0El uso correcto de la mascarilla, el lavado de manos y la distancia social, junto con la vacuna, contin\u00faan siendo las medidas de protecci\u00f3n frente &#8230; <a title=\"Pedro Hern\u00e1ndez Jim\u00e9nez: \u201cEn enfermedades infecciosas no hay un 100% de inmunidad\u201d\" class=\"read-more\" href=\"https:\/\/riberasalud.com\/hospital-de-molina\/pedro-hernandez-jimenez-en-enfermedades-infecciosas-no-hay-un-100-de-inmunidad\/\" aria-label=\"Leer m\u00e1s sobre Pedro Hern\u00e1ndez Jim\u00e9nez: \u201cEn enfermedades infecciosas no hay un 100% de inmunidad\u201d\">Leer m\u00e1s<\/a><\/p>\n","protected":false},"author":3,"featured_media":5111,"comment_status":"closed","ping_status":"open","sticky":false,"template":"","format":"standard","meta":{"_uag_custom_page_level_css":"","_mi_skip_tracking":false,"footnotes":""},"categories":[47],"tags":[291,457,458],"class_list":["post-5110","post","type-post","status-publish","format-standard","has-post-thumbnail","hentry","category-noticias","tag-coronavirus","tag-enfermedades","tag-inmunidad"],"yoast_head":"<!-- This site is optimized with the Yoast SEO plugin v26.6 - https:\/\/yoast.com\/wordpress\/plugins\/seo\/ -->\n<title>Pedro Hern\u00e1ndez Jim\u00e9nez: \u201cEn enfermedades infecciosas no hay un 100% de inmunidad\u201d - Hospital de Molina<\/title>\n<meta name=\"robots\" content=\"index, follow, max-snippet:-1, max-image-preview:large, max-video-preview:-1\" \/>\n<link rel=\"canonical\" href=\"https:\/\/riberasalud.com\/hospital-de-molina\/pedro-hernandez-jimenez-en-enfermedades-infecciosas-no-hay-un-100-de-inmunidad\/\" \/>\n<meta property=\"og:locale\" content=\"es_ES\" \/>\n<meta property=\"og:type\" content=\"article\" \/>\n<meta property=\"og:title\" content=\"Pedro Hern\u00e1ndez Jim\u00e9nez: \u201cEn enfermedades infecciosas no hay un 100% de inmunidad\u201d - Hospital de Molina\" \/>\n<meta property=\"og:description\" content=\"El director gerente de Ribera Hospital de Molina ha explicado que las personas que han pasado el coronavirus y las que han sido vacunadas pueden volver a contraer la enfermedad \u00a0El uso correcto de la mascarilla, el lavado de manos y la distancia social, junto con la vacuna, contin\u00faan siendo las medidas de protecci\u00f3n frente ... Leer m\u00e1s\" \/>\n<meta property=\"og:url\" content=\"https:\/\/riberasalud.com\/hospital-de-molina\/pedro-hernandez-jimenez-en-enfermedades-infecciosas-no-hay-un-100-de-inmunidad\/\" \/>\n<meta property=\"og:site_name\" content=\"Hospital de Molina\" \/>\n<meta property=\"article:published_time\" content=\"2021-08-03T08:58:29+00:00\" \/>\n<meta property=\"article:modified_time\" content=\"2023-10-25T06:34:06+00:00\" \/>\n<meta property=\"og:image\" content=\"https:\/\/riberasalud.com\/hospital-de-molina\/wp-content\/uploads\/2021\/08\/Grupo-sanitario-Ribera.jpg\" \/>\n\t<meta property=\"og:image:width\" content=\"800\" \/>\n\t<meta property=\"og:image:height\" content=\"533\" \/>\n\t<meta property=\"og:image:type\" content=\"image\/jpeg\" \/>\n<meta name=\"author\" content=\"hmolina\" \/>\n<meta name=\"twitter:card\" content=\"summary_large_image\" \/>\n<meta name=\"twitter:label1\" content=\"Escrito por\" \/>\n\t<meta name=\"twitter:data1\" content=\"hmolina\" \/>\n\t<meta name=\"twitter:label2\" content=\"Tiempo de lectura\" \/>\n\t<meta name=\"twitter:data2\" content=\"3 minutos\" \/>\n<script type=\"application\/ld+json\" class=\"yoast-schema-graph\">{\"@context\":\"https:\/\/schema.org\",\"@graph\":[{\"@type\":\"Article\",\"@id\":\"https:\/\/riberasalud.com\/hospital-de-molina\/pedro-hernandez-jimenez-en-enfermedades-infecciosas-no-hay-un-100-de-inmunidad\/#article\",\"isPartOf\":{\"@id\":\"https:\/\/riberasalud.com\/hospital-de-molina\/pedro-hernandez-jimenez-en-enfermedades-infecciosas-no-hay-un-100-de-inmunidad\/\"},\"author\":{\"name\":\"hmolina\",\"@id\":\"https:\/\/riberasalud.com\/hospital-de-molina\/#\/schema\/person\/37d58effcbf02f32328940089f254419\"},\"headline\":\"Pedro Hern\u00e1ndez Jim\u00e9nez: \u201cEn enfermedades infecciosas no hay un 100% de inmunidad\u201d\",\"datePublished\":\"2021-08-03T08:58:29+00:00\",\"dateModified\":\"2023-10-25T06:34:06+00:00\",\"mainEntityOfPage\":{\"@id\":\"https:\/\/riberasalud.com\/hospital-de-molina\/pedro-hernandez-jimenez-en-enfermedades-infecciosas-no-hay-un-100-de-inmunidad\/\"},\"wordCount\":547,\"publisher\":{\"@id\":\"https:\/\/riberasalud.com\/hospital-de-molina\/#organization\"},\"image\":{\"@id\":\"https:\/\/riberasalud.com\/hospital-de-molina\/pedro-hernandez-jimenez-en-enfermedades-infecciosas-no-hay-un-100-de-inmunidad\/#primaryimage\"},\"thumbnailUrl\":\"https:\/\/riberasalud.com\/hospital-de-molina\/wp-content\/uploads\/2021\/08\/Grupo-sanitario-Ribera.jpg\",\"keywords\":[\"coronavirus\",\"enfermedades\",\"inmunidad\"],\"articleSection\":[\"Noticias\"],\"inLanguage\":\"es\"},{\"@type\":\"WebPage\",\"@id\":\"https:\/\/riberasalud.com\/hospital-de-molina\/pedro-hernandez-jimenez-en-enfermedades-infecciosas-no-hay-un-100-de-inmunidad\/\",\"url\":\"https:\/\/riberasalud.com\/hospital-de-molina\/pedro-hernandez-jimenez-en-enfermedades-infecciosas-no-hay-un-100-de-inmunidad\/\",\"name\":\"Pedro Hern\u00e1ndez Jim\u00e9nez: \u201cEn enfermedades infecciosas no hay un 100% de inmunidad\u201d - Hospital de Molina\",\"isPartOf\":{\"@id\":\"https:\/\/riberasalud.com\/hospital-de-molina\/#website\"},\"primaryImageOfPage\":{\"@id\":\"https:\/\/riberasalud.com\/hospital-de-molina\/pedro-hernandez-jimenez-en-enfermedades-infecciosas-no-hay-un-100-de-inmunidad\/#primaryimage\"},\"image\":{\"@id\":\"https:\/\/riberasalud.com\/hospital-de-molina\/pedro-hernandez-jimenez-en-enfermedades-infecciosas-no-hay-un-100-de-inmunidad\/#primaryimage\"},\"thumbnailUrl\":\"https:\/\/riberasalud.com\/hospital-de-molina\/wp-content\/uploads\/2021\/08\/Grupo-sanitario-Ribera.jpg\",\"datePublished\":\"2021-08-03T08:58:29+00:00\",\"dateModified\":\"2023-10-25T06:34:06+00:00\",\"breadcrumb\":{\"@id\":\"https:\/\/riberasalud.com\/hospital-de-molina\/pedro-hernandez-jimenez-en-enfermedades-infecciosas-no-hay-un-100-de-inmunidad\/#breadcrumb\"},\"inLanguage\":\"es\",\"potentialAction\":[{\"@type\":\"ReadAction\",\"target\":[\"https:\/\/riberasalud.com\/hospital-de-molina\/pedro-hernandez-jimenez-en-enfermedades-infecciosas-no-hay-un-100-de-inmunidad\/\"]}]},{\"@type\":\"ImageObject\",\"inLanguage\":\"es\",\"@id\":\"https:\/\/riberasalud.com\/hospital-de-molina\/pedro-hernandez-jimenez-en-enfermedades-infecciosas-no-hay-un-100-de-inmunidad\/#primaryimage\",\"url\":\"https:\/\/riberasalud.com\/hospital-de-molina\/wp-content\/uploads\/2021\/08\/Grupo-sanitario-Ribera.jpg\",\"contentUrl\":\"https:\/\/riberasalud.com\/hospital-de-molina\/wp-content\/uploads\/2021\/08\/Grupo-sanitario-Ribera.jpg\",\"width\":800,\"height\":533,\"caption\":\"enfermedades\"},{\"@type\":\"BreadcrumbList\",\"@id\":\"https:\/\/riberasalud.com\/hospital-de-molina\/pedro-hernandez-jimenez-en-enfermedades-infecciosas-no-hay-un-100-de-inmunidad\/#breadcrumb\",\"itemListElement\":[{\"@type\":\"ListItem\",\"position\":1,\"name\":\"Portada\",\"item\":\"https:\/\/riberasalud.com\/hospital-de-molina\/\"},{\"@type\":\"ListItem\",\"position\":2,\"name\":\"Pedro Hern\u00e1ndez Jim\u00e9nez: \u201cEn enfermedades infecciosas no hay un 100% de inmunidad\u201d\"}]},{\"@type\":\"WebSite\",\"@id\":\"https:\/\/riberasalud.com\/hospital-de-molina\/#website\",\"url\":\"https:\/\/riberasalud.com\/hospital-de-molina\/\",\"name\":\"Hospital de Molina\",\"description\":\"\",\"publisher\":{\"@id\":\"https:\/\/riberasalud.com\/hospital-de-molina\/#organization\"},\"potentialAction\":[{\"@type\":\"SearchAction\",\"target\":{\"@type\":\"EntryPoint\",\"urlTemplate\":\"https:\/\/riberasalud.com\/hospital-de-molina\/?s={search_term_string}\"},\"query-input\":{\"@type\":\"PropertyValueSpecification\",\"valueRequired\":true,\"valueName\":\"search_term_string\"}}],\"inLanguage\":\"es\"},{\"@type\":\"Organization\",\"@id\":\"https:\/\/riberasalud.com\/hospital-de-molina\/#organization\",\"name\":\"Hospital de Molina\",\"url\":\"https:\/\/riberasalud.com\/hospital-de-molina\/\",\"logo\":{\"@type\":\"ImageObject\",\"inLanguage\":\"es\",\"@id\":\"https:\/\/riberasalud.com\/hospital-de-molina\/#\/schema\/logo\/image\/\",\"url\":\"https:\/\/riberasalud.com\/hospital-de-molina\/wp-content\/uploads\/2023\/01\/cropped-Logo-Red-DeMolina-bigtz7.png\",\"contentUrl\":\"https:\/\/riberasalud.com\/hospital-de-molina\/wp-content\/uploads\/2023\/01\/cropped-Logo-Red-DeMolina-bigtz7.png\",\"width\":300,\"height\":72,\"caption\":\"Hospital de Molina\"},\"image\":{\"@id\":\"https:\/\/riberasalud.com\/hospital-de-molina\/#\/schema\/logo\/image\/\"}},{\"@type\":\"Person\",\"@id\":\"https:\/\/riberasalud.com\/hospital-de-molina\/#\/schema\/person\/37d58effcbf02f32328940089f254419\",\"name\":\"hmolina\",\"image\":{\"@type\":\"ImageObject\",\"inLanguage\":\"es\",\"@id\":\"https:\/\/riberasalud.com\/hospital-de-molina\/#\/schema\/person\/image\/\",\"url\":\"https:\/\/secure.gravatar.com\/avatar\/9db1181c394bec9505d449c90a21b5363cc35ad9a76f60f11a304b23bb0e8dd4?s=96&d=mm&r=g\",\"contentUrl\":\"https:\/\/secure.gravatar.com\/avatar\/9db1181c394bec9505d449c90a21b5363cc35ad9a76f60f11a304b23bb0e8dd4?s=96&d=mm&r=g\",\"caption\":\"hmolina\"},\"url\":\"https:\/\/riberasalud.com\/hospital-de-molina\/author\/hmolina\/\"}]}<\/script>\n<!-- \/ Yoast SEO plugin. -->","yoast_head_json":{"title":"Pedro Hern\u00e1ndez Jim\u00e9nez: \u201cEn enfermedades infecciosas no hay un 100% de inmunidad\u201d - Hospital de Molina","robots":{"index":"index","follow":"follow","max-snippet":"max-snippet:-1","max-image-preview":"max-image-preview:large","max-video-preview":"max-video-preview:-1"},"canonical":"https:\/\/riberasalud.com\/hospital-de-molina\/pedro-hernandez-jimenez-en-enfermedades-infecciosas-no-hay-un-100-de-inmunidad\/","og_locale":"es_ES","og_type":"article","og_title":"Pedro Hern\u00e1ndez Jim\u00e9nez: \u201cEn enfermedades infecciosas no hay un 100% de inmunidad\u201d - Hospital de Molina","og_description":"El director gerente de Ribera Hospital de Molina ha explicado que las personas que han pasado el coronavirus y las que han sido vacunadas pueden volver a contraer la enfermedad \u00a0El uso correcto de la mascarilla, el lavado de manos y la distancia social, junto con la vacuna, contin\u00faan siendo las medidas de protecci\u00f3n frente ... Leer m\u00e1s","og_url":"https:\/\/riberasalud.com\/hospital-de-molina\/pedro-hernandez-jimenez-en-enfermedades-infecciosas-no-hay-un-100-de-inmunidad\/","og_site_name":"Hospital de Molina","article_published_time":"2021-08-03T08:58:29+00:00","article_modified_time":"2023-10-25T06:34:06+00:00","og_image":[{"width":800,"height":533,"url":"https:\/\/riberasalud.com\/hospital-de-molina\/wp-content\/uploads\/2021\/08\/Grupo-sanitario-Ribera.jpg","type":"image\/jpeg"}],"author":"hmolina","twitter_card":"summary_large_image","twitter_misc":{"Escrito por":"hmolina","Tiempo de lectura":"3 minutos"},"schema":{"@context":"https:\/\/schema.org","@graph":[{"@type":"Article","@id":"https:\/\/riberasalud.com\/hospital-de-molina\/pedro-hernandez-jimenez-en-enfermedades-infecciosas-no-hay-un-100-de-inmunidad\/#article","isPartOf":{"@id":"https:\/\/riberasalud.com\/hospital-de-molina\/pedro-hernandez-jimenez-en-enfermedades-infecciosas-no-hay-un-100-de-inmunidad\/"},"author":{"name":"hmolina","@id":"https:\/\/riberasalud.com\/hospital-de-molina\/#\/schema\/person\/37d58effcbf02f32328940089f254419"},"headline":"Pedro Hern\u00e1ndez Jim\u00e9nez: \u201cEn enfermedades infecciosas no hay un 100% de inmunidad\u201d","datePublished":"2021-08-03T08:58:29+00:00","dateModified":"2023-10-25T06:34:06+00:00","mainEntityOfPage":{"@id":"https:\/\/riberasalud.com\/hospital-de-molina\/pedro-hernandez-jimenez-en-enfermedades-infecciosas-no-hay-un-100-de-inmunidad\/"},"wordCount":547,"publisher":{"@id":"https:\/\/riberasalud.com\/hospital-de-molina\/#organization"},"image":{"@id":"https:\/\/riberasalud.com\/hospital-de-molina\/pedro-hernandez-jimenez-en-enfermedades-infecciosas-no-hay-un-100-de-inmunidad\/#primaryimage"},"thumbnailUrl":"https:\/\/riberasalud.com\/hospital-de-molina\/wp-content\/uploads\/2021\/08\/Grupo-sanitario-Ribera.jpg","keywords":["coronavirus","enfermedades","inmunidad"],"articleSection":["Noticias"],"inLanguage":"es"},{"@type":"WebPage","@id":"https:\/\/riberasalud.com\/hospital-de-molina\/pedro-hernandez-jimenez-en-enfermedades-infecciosas-no-hay-un-100-de-inmunidad\/","url":"https:\/\/riberasalud.com\/hospital-de-molina\/pedro-hernandez-jimenez-en-enfermedades-infecciosas-no-hay-un-100-de-inmunidad\/","name":"Pedro Hern\u00e1ndez Jim\u00e9nez: \u201cEn enfermedades infecciosas no hay un 100% de inmunidad\u201d - Hospital de Molina","isPartOf":{"@id":"https:\/\/riberasalud.com\/hospital-de-molina\/#website"},"primaryImageOfPage":{"@id":"https:\/\/riberasalud.com\/hospital-de-molina\/pedro-hernandez-jimenez-en-enfermedades-infecciosas-no-hay-un-100-de-inmunidad\/#primaryimage"},"image":{"@id":"https:\/\/riberasalud.com\/hospital-de-molina\/pedro-hernandez-jimenez-en-enfermedades-infecciosas-no-hay-un-100-de-inmunidad\/#primaryimage"},"thumbnailUrl":"https:\/\/riberasalud.com\/hospital-de-molina\/wp-content\/uploads\/2021\/08\/Grupo-sanitario-Ribera.jpg","datePublished":"2021-08-03T08:58:29+00:00","dateModified":"2023-10-25T06:34:06+00:00","breadcrumb":{"@id":"https:\/\/riberasalud.com\/hospital-de-molina\/pedro-hernandez-jimenez-en-enfermedades-infecciosas-no-hay-un-100-de-inmunidad\/#breadcrumb"},"inLanguage":"es","potentialAction":[{"@type":"ReadAction","target":["https:\/\/riberasalud.com\/hospital-de-molina\/pedro-hernandez-jimenez-en-enfermedades-infecciosas-no-hay-un-100-de-inmunidad\/"]}]},{"@type":"ImageObject","inLanguage":"es","@id":"https:\/\/riberasalud.com\/hospital-de-molina\/pedro-hernandez-jimenez-en-enfermedades-infecciosas-no-hay-un-100-de-inmunidad\/#primaryimage","url":"https:\/\/riberasalud.com\/hospital-de-molina\/wp-content\/uploads\/2021\/08\/Grupo-sanitario-Ribera.jpg","contentUrl":"https:\/\/riberasalud.com\/hospital-de-molina\/wp-content\/uploads\/2021\/08\/Grupo-sanitario-Ribera.jpg","width":800,"height":533,"caption":"enfermedades"},{"@type":"BreadcrumbList","@id":"https:\/\/riberasalud.com\/hospital-de-molina\/pedro-hernandez-jimenez-en-enfermedades-infecciosas-no-hay-un-100-de-inmunidad\/#breadcrumb","itemListElement":[{"@type":"ListItem","position":1,"name":"Portada","item":"https:\/\/riberasalud.com\/hospital-de-molina\/"},{"@type":"ListItem","position":2,"name":"Pedro Hern\u00e1ndez Jim\u00e9nez: \u201cEn enfermedades infecciosas no hay un 100% de inmunidad\u201d"}]},{"@type":"WebSite","@id":"https:\/\/riberasalud.com\/hospital-de-molina\/#website","url":"https:\/\/riberasalud.com\/hospital-de-molina\/","name":"Hospital de Molina","description":"","publisher":{"@id":"https:\/\/riberasalud.com\/hospital-de-molina\/#organization"},"potentialAction":[{"@type":"SearchAction","target":{"@type":"EntryPoint","urlTemplate":"https:\/\/riberasalud.com\/hospital-de-molina\/?s={search_term_string}"},"query-input":{"@type":"PropertyValueSpecification","valueRequired":true,"valueName":"search_term_string"}}],"inLanguage":"es"},{"@type":"Organization","@id":"https:\/\/riberasalud.com\/hospital-de-molina\/#organization","name":"Hospital de Molina","url":"https:\/\/riberasalud.com\/hospital-de-molina\/","logo":{"@type":"ImageObject","inLanguage":"es","@id":"https:\/\/riberasalud.com\/hospital-de-molina\/#\/schema\/logo\/image\/","url":"https:\/\/riberasalud.com\/hospital-de-molina\/wp-content\/uploads\/2023\/01\/cropped-Logo-Red-DeMolina-bigtz7.png","contentUrl":"https:\/\/riberasalud.com\/hospital-de-molina\/wp-content\/uploads\/2023\/01\/cropped-Logo-Red-DeMolina-bigtz7.png","width":300,"height":72,"caption":"Hospital de Molina"},"image":{"@id":"https:\/\/riberasalud.com\/hospital-de-molina\/#\/schema\/logo\/image\/"}},{"@type":"Person","@id":"https:\/\/riberasalud.com\/hospital-de-molina\/#\/schema\/person\/37d58effcbf02f32328940089f254419","name":"hmolina","image":{"@type":"ImageObject","inLanguage":"es","@id":"https:\/\/riberasalud.com\/hospital-de-molina\/#\/schema\/person\/image\/","url":"https:\/\/secure.gravatar.com\/avatar\/9db1181c394bec9505d449c90a21b5363cc35ad9a76f60f11a304b23bb0e8dd4?s=96&d=mm&r=g","contentUrl":"https:\/\/secure.gravatar.com\/avatar\/9db1181c394bec9505d449c90a21b5363cc35ad9a76f60f11a304b23bb0e8dd4?s=96&d=mm&r=g","caption":"hmolina"},"url":"https:\/\/riberasalud.com\/hospital-de-molina\/author\/hmolina\/"}]}},"uagb_featured_image_src":{"full":["https:\/\/riberasalud.com\/hospital-de-molina\/wp-content\/uploads\/2021\/08\/Grupo-sanitario-Ribera.jpg",800,533,false],"thumbnail":["https:\/\/riberasalud.com\/hospital-de-molina\/wp-content\/uploads\/2021\/08\/Grupo-sanitario-Ribera-150x150.jpg",150,150,true],"medium":["https:\/\/riberasalud.com\/hospital-de-molina\/wp-content\/uploads\/2021\/08\/Grupo-sanitario-Ribera-300x200.jpg",300,200,true],"medium_large":["https:\/\/riberasalud.com\/hospital-de-molina\/wp-content\/uploads\/2021\/08\/Grupo-sanitario-Ribera-768x512.jpg",768,512,true],"large":["https:\/\/riberasalud.com\/hospital-de-molina\/wp-content\/uploads\/2021\/08\/Grupo-sanitario-Ribera.jpg",800,533,false],"1536x1536":["https:\/\/riberasalud.com\/hospital-de-molina\/wp-content\/uploads\/2021\/08\/Grupo-sanitario-Ribera.jpg",800,533,false],"2048x2048":["https:\/\/riberasalud.com\/hospital-de-molina\/wp-content\/uploads\/2021\/08\/Grupo-sanitario-Ribera.jpg",800,533,false]},"uagb_author_info":{"display_name":"hmolina","author_link":"https:\/\/riberasalud.com\/hospital-de-molina\/author\/hmolina\/"},"uagb_comment_info":0,"uagb_excerpt":"El director gerente de Ribera Hospital de Molina ha explicado que las personas que han pasado el coronavirus y las que han sido vacunadas pueden volver a contraer la enfermedad \u00a0El uso correcto de la mascarilla, el lavado de manos y la distancia social, junto con la vacuna, contin\u00faan siendo las medidas de protecci\u00f3n frente&hellip;","_links":{"self":[{"href":"https:\/\/riberasalud.com\/hospital-de-molina\/wp-json\/wp\/v2\/posts\/5110","targetHints":{"allow":["GET"]}}],"collection":[{"href":"https:\/\/riberasalud.com\/hospital-de-molina\/wp-json\/wp\/v2\/posts"}],"about":[{"href":"https:\/\/riberasalud.com\/hospital-de-molina\/wp-json\/wp\/v2\/types\/post"}],"author":[{"embeddable":true,"href":"https:\/\/riberasalud.com\/hospital-de-molina\/wp-json\/wp\/v2\/users\/3"}],"replies":[{"embeddable":true,"href":"https:\/\/riberasalud.com\/hospital-de-molina\/wp-json\/wp\/v2\/comments?post=5110"}],"version-history":[{"count":1,"href":"https:\/\/riberasalud.com\/hospital-de-molina\/wp-json\/wp\/v2\/posts\/5110\/revisions"}],"predecessor-version":[{"id":8080,"href":"https:\/\/riberasalud.com\/hospital-de-molina\/wp-json\/wp\/v2\/posts\/5110\/revisions\/8080"}],"wp:featuredmedia":[{"embeddable":true,"href":"https:\/\/riberasalud.com\/hospital-de-molina\/wp-json\/wp\/v2\/media\/5111"}],"wp:attachment":[{"href":"https:\/\/riberasalud.com\/hospital-de-molina\/wp-json\/wp\/v2\/media?parent=5110"}],"wp:term":[{"taxonomy":"category","embeddable":true,"href":"https:\/\/riberasalud.com\/hospital-de-molina\/wp-json\/wp\/v2\/categories?post=5110"},{"taxonomy":"post_tag","embeddable":true,"href":"https:\/\/riberasalud.com\/hospital-de-molina\/wp-json\/wp\/v2\/tags?post=5110"}],"curies":[{"name":"wp","href":"https:\/\/api.w.org\/{rel}","templated":true}]}}