{"id":4980,"date":"2021-05-04T10:44:23","date_gmt":"2021-05-04T08:44:23","guid":{"rendered":"https:\/\/hospitaldemolina.es\/?p=4980"},"modified":"2023-10-25T06:34:08","modified_gmt":"2023-10-25T06:34:08","slug":"el-hospital-de-molina-comprometido-con-la-integracion-laboral-de-la-diversidad","status":"publish","type":"post","link":"https:\/\/riberasalud.com\/hospital-de-molina\/el-hospital-de-molina-comprometido-con-la-integracion-laboral-de-la-diversidad\/","title":{"rendered":"El Hospital de Molina, comprometido con la integraci\u00f3n laboral de la diversidad"},"content":{"rendered":"\n<p><strong>4 mayo 2021.-<\/strong> En su compromiso con la gesti\u00f3n de la diversidad y su integraci\u00f3n laboral, el <strong>Hospital de Molina<\/strong> ha recibido esta ma\u00f1ana la visita de varias alumnas universitarias que, actualmente est\u00e1n desarrollando sus pr\u00e1cticas formativas en el departamento de recursos humanos en la <strong>Plataforma de Inmigraci\u00f3n de Molina de Segura<\/strong>.<\/p>\n\n\n\n<figure class=\"wp-block-image size-large\"><img decoding=\"async\" src=\"https:\/\/hospitaldemolina.es\/wp-content\/uploads\/2021\/05\/21-05-04-HM-Vista-alumnas-RRHH-Plataforma-Inmigracion-min-1024x768.jpg\" alt=\"\" class=\"wp-image-4982\"\/><\/figure>\n\n\n\n<p>Durante la visita, estas alumnas de origen ucraniano, marroqu\u00ed, ecuatoriano y espa\u00f1ol, y estudiantes de Relaciones Laborales de las Universidades Rey Juan Carlos y la Universidad de Murcia, han conocido de la mano del Director de Recursos Humanos del Hospital de Molina, Juan Pedro Fern\u00e1ndez Rubio, la estructura y funciones del Departamento de Recursos Humanos del centro hospitalario, as\u00ed como sus \u00e1reas de Asesor\u00eda Laboral, Formaci\u00f3n y Prevenci\u00f3n de Riesgos Laborales.<\/p>\n\n\n\n<p>Fern\u00e1ndez Rubio ha destacado que, como Departamento transversal que es, \u201cRecursos Humanos es el encargado de trasladar el plan estrat\u00e9gico a todo el personal de la organizaci\u00f3n, de garantizar que lo conozcan y de canalizar los esfuerzos de todas las \u00e1reas del centro hospitalario para la consecuci\u00f3n de los objetivos estrat\u00e9gicos. Pero fundamentalmente, es el Departamento que se encarga de la gesti\u00f3n de equipos y del liderazgo\u201d.<\/p>\n\n\n\n<p>Esta visita se enmarca dentro de las distintas acciones de Responsabilidad Social Corporativa del Hospital de Molina, concretamente en su estrategia social de apoyo a la diversidad, apostando por su integraci\u00f3n laboral y por la formaci\u00f3n de profesionales en distintas \u00e1reas relacionadas con el \u00e1mbito sanitario. Y forma parte del programa de la Plataforma de Inmigraci\u00f3n de Molina de Segura de visitas a empresas de diferentes sectores profesionales, dirigidas a completar la formaci\u00f3n pr\u00e1ctica de estas alumnas.<\/p>\n","protected":false},"excerpt":{"rendered":"<p>4 mayo 2021.- En su compromiso con la gesti\u00f3n de la diversidad y su integraci\u00f3n laboral, el Hospital de Molina ha recibido esta ma\u00f1ana la visita de varias alumnas universitarias que, actualmente est\u00e1n desarrollando sus pr\u00e1cticas formativas en el departamento de recursos humanos en la Plataforma de Inmigraci\u00f3n de Molina de Segura. Durante la visita, &#8230; <a title=\"El Hospital de Molina, comprometido con la integraci\u00f3n laboral de la diversidad\" class=\"read-more\" href=\"https:\/\/riberasalud.com\/hospital-de-molina\/el-hospital-de-molina-comprometido-con-la-integracion-laboral-de-la-diversidad\/\" aria-label=\"Leer m\u00e1s sobre El Hospital de Molina, comprometido con la integraci\u00f3n laboral de la diversidad\">Leer m\u00e1s<\/a><\/p>\n","protected":false},"author":3,"featured_media":4982,"comment_status":"closed","ping_status":"open","sticky":false,"template":"","format":"standard","meta":{"_uag_custom_page_level_css":"","_mi_skip_tracking":false,"footnotes":""},"categories":[7],"tags":[355,358,440,8,441,442,15],"class_list":["post-4980","post","type-post","status-publish","format-standard","has-post-thumbnail","hentry","category-hemeroteca","tag-diversidad","tag-gestion-de-la-diversidad","tag-gestion-del-talento","tag-hospital-de-molina","tag-plataforma-inmigracion","tag-rrhh","tag-sanidad"],"yoast_head":"<!-- This site is optimized with the Yoast SEO plugin v26.6 - https:\/\/yoast.com\/wordpress\/plugins\/seo\/ -->\n<title>El Hospital de Molina, comprometido con la integraci\u00f3n laboral de la diversidad - Hospital de Molina<\/title>\n<meta name=\"robots\" content=\"index, follow, max-snippet:-1, max-image-preview:large, max-video-preview:-1\" \/>\n<link rel=\"canonical\" href=\"https:\/\/riberasalud.com\/hospital-de-molina\/el-hospital-de-molina-comprometido-con-la-integracion-laboral-de-la-diversidad\/\" \/>\n<meta property=\"og:locale\" content=\"es_ES\" \/>\n<meta property=\"og:type\" content=\"article\" \/>\n<meta property=\"og:title\" content=\"El Hospital de Molina, comprometido con la integraci\u00f3n laboral de la diversidad - Hospital de Molina\" \/>\n<meta property=\"og:description\" content=\"4 mayo 2021.- En su compromiso con la gesti\u00f3n de la diversidad y su integraci\u00f3n laboral, el Hospital de Molina ha recibido esta ma\u00f1ana la visita de varias alumnas universitarias que, actualmente est\u00e1n desarrollando sus pr\u00e1cticas formativas en el departamento de recursos humanos en la Plataforma de Inmigraci\u00f3n de Molina de Segura. Durante la visita, ... Leer m\u00e1s\" \/>\n<meta property=\"og:url\" content=\"https:\/\/riberasalud.com\/hospital-de-molina\/el-hospital-de-molina-comprometido-con-la-integracion-laboral-de-la-diversidad\/\" \/>\n<meta property=\"og:site_name\" content=\"Hospital de Molina\" \/>\n<meta property=\"article:published_time\" content=\"2021-05-04T08:44:23+00:00\" \/>\n<meta property=\"article:modified_time\" content=\"2023-10-25T06:34:08+00:00\" \/>\n<meta property=\"og:image\" content=\"https:\/\/riberasalud.com\/hospital-de-molina\/wp-content\/uploads\/2021\/05\/21-05-04-HM-Vista-alumnas-RRHH-Plataforma-Inmigracion-min-scaled-1.jpg\" \/>\n\t<meta property=\"og:image:width\" content=\"2560\" \/>\n\t<meta property=\"og:image:height\" content=\"1920\" \/>\n\t<meta property=\"og:image:type\" content=\"image\/jpeg\" \/>\n<meta name=\"author\" content=\"hmolina\" \/>\n<meta name=\"twitter:card\" content=\"summary_large_image\" \/>\n<meta name=\"twitter:label1\" content=\"Escrito por\" \/>\n\t<meta name=\"twitter:data1\" content=\"hmolina\" \/>\n\t<meta name=\"twitter:label2\" content=\"Tiempo de lectura\" \/>\n\t<meta name=\"twitter:data2\" content=\"1 minuto\" \/>\n<script type=\"application\/ld+json\" class=\"yoast-schema-graph\">{\"@context\":\"https:\/\/schema.org\",\"@graph\":[{\"@type\":\"Article\",\"@id\":\"https:\/\/riberasalud.com\/hospital-de-molina\/el-hospital-de-molina-comprometido-con-la-integracion-laboral-de-la-diversidad\/#article\",\"isPartOf\":{\"@id\":\"https:\/\/riberasalud.com\/hospital-de-molina\/el-hospital-de-molina-comprometido-con-la-integracion-laboral-de-la-diversidad\/\"},\"author\":{\"name\":\"hmolina\",\"@id\":\"https:\/\/riberasalud.com\/hospital-de-molina\/#\/schema\/person\/37d58effcbf02f32328940089f254419\"},\"headline\":\"El Hospital de Molina, comprometido con la integraci\u00f3n laboral de la diversidad\",\"datePublished\":\"2021-05-04T08:44:23+00:00\",\"dateModified\":\"2023-10-25T06:34:08+00:00\",\"mainEntityOfPage\":{\"@id\":\"https:\/\/riberasalud.com\/hospital-de-molina\/el-hospital-de-molina-comprometido-con-la-integracion-laboral-de-la-diversidad\/\"},\"wordCount\":301,\"publisher\":{\"@id\":\"https:\/\/riberasalud.com\/hospital-de-molina\/#organization\"},\"image\":{\"@id\":\"https:\/\/riberasalud.com\/hospital-de-molina\/el-hospital-de-molina-comprometido-con-la-integracion-laboral-de-la-diversidad\/#primaryimage\"},\"thumbnailUrl\":\"https:\/\/riberasalud.com\/hospital-de-molina\/wp-content\/uploads\/2021\/05\/21-05-04-HM-Vista-alumnas-RRHH-Plataforma-Inmigracion-min-scaled-1.jpg\",\"keywords\":[\"Diversidad\",\"Gesti\u00f3n de la Diversidad\",\"Gesti\u00f3n del talento\",\"Hospital de molina\",\"Plataforma inmigraci\u00f3n\",\"RRHH\",\"sanidad\"],\"articleSection\":[\"Hemeroteca\"],\"inLanguage\":\"es\"},{\"@type\":\"WebPage\",\"@id\":\"https:\/\/riberasalud.com\/hospital-de-molina\/el-hospital-de-molina-comprometido-con-la-integracion-laboral-de-la-diversidad\/\",\"url\":\"https:\/\/riberasalud.com\/hospital-de-molina\/el-hospital-de-molina-comprometido-con-la-integracion-laboral-de-la-diversidad\/\",\"name\":\"El Hospital de Molina, comprometido con la integraci\u00f3n laboral de la diversidad - Hospital de Molina\",\"isPartOf\":{\"@id\":\"https:\/\/riberasalud.com\/hospital-de-molina\/#website\"},\"primaryImageOfPage\":{\"@id\":\"https:\/\/riberasalud.com\/hospital-de-molina\/el-hospital-de-molina-comprometido-con-la-integracion-laboral-de-la-diversidad\/#primaryimage\"},\"image\":{\"@id\":\"https:\/\/riberasalud.com\/hospital-de-molina\/el-hospital-de-molina-comprometido-con-la-integracion-laboral-de-la-diversidad\/#primaryimage\"},\"thumbnailUrl\":\"https:\/\/riberasalud.com\/hospital-de-molina\/wp-content\/uploads\/2021\/05\/21-05-04-HM-Vista-alumnas-RRHH-Plataforma-Inmigracion-min-scaled-1.jpg\",\"datePublished\":\"2021-05-04T08:44:23+00:00\",\"dateModified\":\"2023-10-25T06:34:08+00:00\",\"breadcrumb\":{\"@id\":\"https:\/\/riberasalud.com\/hospital-de-molina\/el-hospital-de-molina-comprometido-con-la-integracion-laboral-de-la-diversidad\/#breadcrumb\"},\"inLanguage\":\"es\",\"potentialAction\":[{\"@type\":\"ReadAction\",\"target\":[\"https:\/\/riberasalud.com\/hospital-de-molina\/el-hospital-de-molina-comprometido-con-la-integracion-laboral-de-la-diversidad\/\"]}]},{\"@type\":\"ImageObject\",\"inLanguage\":\"es\",\"@id\":\"https:\/\/riberasalud.com\/hospital-de-molina\/el-hospital-de-molina-comprometido-con-la-integracion-laboral-de-la-diversidad\/#primaryimage\",\"url\":\"https:\/\/riberasalud.com\/hospital-de-molina\/wp-content\/uploads\/2021\/05\/21-05-04-HM-Vista-alumnas-RRHH-Plataforma-Inmigracion-min-scaled-1.jpg\",\"contentUrl\":\"https:\/\/riberasalud.com\/hospital-de-molina\/wp-content\/uploads\/2021\/05\/21-05-04-HM-Vista-alumnas-RRHH-Plataforma-Inmigracion-min-scaled-1.jpg\",\"width\":2560,\"height\":1920},{\"@type\":\"BreadcrumbList\",\"@id\":\"https:\/\/riberasalud.com\/hospital-de-molina\/el-hospital-de-molina-comprometido-con-la-integracion-laboral-de-la-diversidad\/#breadcrumb\",\"itemListElement\":[{\"@type\":\"ListItem\",\"position\":1,\"name\":\"Portada\",\"item\":\"https:\/\/riberasalud.com\/hospital-de-molina\/\"},{\"@type\":\"ListItem\",\"position\":2,\"name\":\"El Hospital de Molina, comprometido con la integraci\u00f3n laboral de la diversidad\"}]},{\"@type\":\"WebSite\",\"@id\":\"https:\/\/riberasalud.com\/hospital-de-molina\/#website\",\"url\":\"https:\/\/riberasalud.com\/hospital-de-molina\/\",\"name\":\"Hospital de Molina\",\"description\":\"\",\"publisher\":{\"@id\":\"https:\/\/riberasalud.com\/hospital-de-molina\/#organization\"},\"potentialAction\":[{\"@type\":\"SearchAction\",\"target\":{\"@type\":\"EntryPoint\",\"urlTemplate\":\"https:\/\/riberasalud.com\/hospital-de-molina\/?s={search_term_string}\"},\"query-input\":{\"@type\":\"PropertyValueSpecification\",\"valueRequired\":true,\"valueName\":\"search_term_string\"}}],\"inLanguage\":\"es\"},{\"@type\":\"Organization\",\"@id\":\"https:\/\/riberasalud.com\/hospital-de-molina\/#organization\",\"name\":\"Hospital de Molina\",\"url\":\"https:\/\/riberasalud.com\/hospital-de-molina\/\",\"logo\":{\"@type\":\"ImageObject\",\"inLanguage\":\"es\",\"@id\":\"https:\/\/riberasalud.com\/hospital-de-molina\/#\/schema\/logo\/image\/\",\"url\":\"https:\/\/riberasalud.com\/hospital-de-molina\/wp-content\/uploads\/2023\/01\/cropped-Logo-Red-DeMolina-bigtz7.png\",\"contentUrl\":\"https:\/\/riberasalud.com\/hospital-de-molina\/wp-content\/uploads\/2023\/01\/cropped-Logo-Red-DeMolina-bigtz7.png\",\"width\":300,\"height\":72,\"caption\":\"Hospital de Molina\"},\"image\":{\"@id\":\"https:\/\/riberasalud.com\/hospital-de-molina\/#\/schema\/logo\/image\/\"}},{\"@type\":\"Person\",\"@id\":\"https:\/\/riberasalud.com\/hospital-de-molina\/#\/schema\/person\/37d58effcbf02f32328940089f254419\",\"name\":\"hmolina\",\"image\":{\"@type\":\"ImageObject\",\"inLanguage\":\"es\",\"@id\":\"https:\/\/riberasalud.com\/hospital-de-molina\/#\/schema\/person\/image\/\",\"url\":\"https:\/\/secure.gravatar.com\/avatar\/9db1181c394bec9505d449c90a21b5363cc35ad9a76f60f11a304b23bb0e8dd4?s=96&d=mm&r=g\",\"contentUrl\":\"https:\/\/secure.gravatar.com\/avatar\/9db1181c394bec9505d449c90a21b5363cc35ad9a76f60f11a304b23bb0e8dd4?s=96&d=mm&r=g\",\"caption\":\"hmolina\"},\"url\":\"https:\/\/riberasalud.com\/hospital-de-molina\/author\/hmolina\/\"}]}<\/script>\n<!-- \/ Yoast SEO plugin. -->","yoast_head_json":{"title":"El Hospital de Molina, comprometido con la integraci\u00f3n laboral de la diversidad - Hospital de Molina","robots":{"index":"index","follow":"follow","max-snippet":"max-snippet:-1","max-image-preview":"max-image-preview:large","max-video-preview":"max-video-preview:-1"},"canonical":"https:\/\/riberasalud.com\/hospital-de-molina\/el-hospital-de-molina-comprometido-con-la-integracion-laboral-de-la-diversidad\/","og_locale":"es_ES","og_type":"article","og_title":"El Hospital de Molina, comprometido con la integraci\u00f3n laboral de la diversidad - Hospital de Molina","og_description":"4 mayo 2021.- En su compromiso con la gesti\u00f3n de la diversidad y su integraci\u00f3n laboral, el Hospital de Molina ha recibido esta ma\u00f1ana la visita de varias alumnas universitarias que, actualmente est\u00e1n desarrollando sus pr\u00e1cticas formativas en el departamento de recursos humanos en la Plataforma de Inmigraci\u00f3n de Molina de Segura. Durante la visita, ... Leer m\u00e1s","og_url":"https:\/\/riberasalud.com\/hospital-de-molina\/el-hospital-de-molina-comprometido-con-la-integracion-laboral-de-la-diversidad\/","og_site_name":"Hospital de Molina","article_published_time":"2021-05-04T08:44:23+00:00","article_modified_time":"2023-10-25T06:34:08+00:00","og_image":[{"width":2560,"height":1920,"url":"https:\/\/riberasalud.com\/hospital-de-molina\/wp-content\/uploads\/2021\/05\/21-05-04-HM-Vista-alumnas-RRHH-Plataforma-Inmigracion-min-scaled-1.jpg","type":"image\/jpeg"}],"author":"hmolina","twitter_card":"summary_large_image","twitter_misc":{"Escrito por":"hmolina","Tiempo de lectura":"1 minuto"},"schema":{"@context":"https:\/\/schema.org","@graph":[{"@type":"Article","@id":"https:\/\/riberasalud.com\/hospital-de-molina\/el-hospital-de-molina-comprometido-con-la-integracion-laboral-de-la-diversidad\/#article","isPartOf":{"@id":"https:\/\/riberasalud.com\/hospital-de-molina\/el-hospital-de-molina-comprometido-con-la-integracion-laboral-de-la-diversidad\/"},"author":{"name":"hmolina","@id":"https:\/\/riberasalud.com\/hospital-de-molina\/#\/schema\/person\/37d58effcbf02f32328940089f254419"},"headline":"El Hospital de Molina, comprometido con la integraci\u00f3n laboral de la diversidad","datePublished":"2021-05-04T08:44:23+00:00","dateModified":"2023-10-25T06:34:08+00:00","mainEntityOfPage":{"@id":"https:\/\/riberasalud.com\/hospital-de-molina\/el-hospital-de-molina-comprometido-con-la-integracion-laboral-de-la-diversidad\/"},"wordCount":301,"publisher":{"@id":"https:\/\/riberasalud.com\/hospital-de-molina\/#organization"},"image":{"@id":"https:\/\/riberasalud.com\/hospital-de-molina\/el-hospital-de-molina-comprometido-con-la-integracion-laboral-de-la-diversidad\/#primaryimage"},"thumbnailUrl":"https:\/\/riberasalud.com\/hospital-de-molina\/wp-content\/uploads\/2021\/05\/21-05-04-HM-Vista-alumnas-RRHH-Plataforma-Inmigracion-min-scaled-1.jpg","keywords":["Diversidad","Gesti\u00f3n de la Diversidad","Gesti\u00f3n del talento","Hospital de molina","Plataforma inmigraci\u00f3n","RRHH","sanidad"],"articleSection":["Hemeroteca"],"inLanguage":"es"},{"@type":"WebPage","@id":"https:\/\/riberasalud.com\/hospital-de-molina\/el-hospital-de-molina-comprometido-con-la-integracion-laboral-de-la-diversidad\/","url":"https:\/\/riberasalud.com\/hospital-de-molina\/el-hospital-de-molina-comprometido-con-la-integracion-laboral-de-la-diversidad\/","name":"El Hospital de Molina, comprometido con la integraci\u00f3n laboral de la diversidad - Hospital de Molina","isPartOf":{"@id":"https:\/\/riberasalud.com\/hospital-de-molina\/#website"},"primaryImageOfPage":{"@id":"https:\/\/riberasalud.com\/hospital-de-molina\/el-hospital-de-molina-comprometido-con-la-integracion-laboral-de-la-diversidad\/#primaryimage"},"image":{"@id":"https:\/\/riberasalud.com\/hospital-de-molina\/el-hospital-de-molina-comprometido-con-la-integracion-laboral-de-la-diversidad\/#primaryimage"},"thumbnailUrl":"https:\/\/riberasalud.com\/hospital-de-molina\/wp-content\/uploads\/2021\/05\/21-05-04-HM-Vista-alumnas-RRHH-Plataforma-Inmigracion-min-scaled-1.jpg","datePublished":"2021-05-04T08:44:23+00:00","dateModified":"2023-10-25T06:34:08+00:00","breadcrumb":{"@id":"https:\/\/riberasalud.com\/hospital-de-molina\/el-hospital-de-molina-comprometido-con-la-integracion-laboral-de-la-diversidad\/#breadcrumb"},"inLanguage":"es","potentialAction":[{"@type":"ReadAction","target":["https:\/\/riberasalud.com\/hospital-de-molina\/el-hospital-de-molina-comprometido-con-la-integracion-laboral-de-la-diversidad\/"]}]},{"@type":"ImageObject","inLanguage":"es","@id":"https:\/\/riberasalud.com\/hospital-de-molina\/el-hospital-de-molina-comprometido-con-la-integracion-laboral-de-la-diversidad\/#primaryimage","url":"https:\/\/riberasalud.com\/hospital-de-molina\/wp-content\/uploads\/2021\/05\/21-05-04-HM-Vista-alumnas-RRHH-Plataforma-Inmigracion-min-scaled-1.jpg","contentUrl":"https:\/\/riberasalud.com\/hospital-de-molina\/wp-content\/uploads\/2021\/05\/21-05-04-HM-Vista-alumnas-RRHH-Plataforma-Inmigracion-min-scaled-1.jpg","width":2560,"height":1920},{"@type":"BreadcrumbList","@id":"https:\/\/riberasalud.com\/hospital-de-molina\/el-hospital-de-molina-comprometido-con-la-integracion-laboral-de-la-diversidad\/#breadcrumb","itemListElement":[{"@type":"ListItem","position":1,"name":"Portada","item":"https:\/\/riberasalud.com\/hospital-de-molina\/"},{"@type":"ListItem","position":2,"name":"El Hospital de Molina, comprometido con la integraci\u00f3n laboral de la diversidad"}]},{"@type":"WebSite","@id":"https:\/\/riberasalud.com\/hospital-de-molina\/#website","url":"https:\/\/riberasalud.com\/hospital-de-molina\/","name":"Hospital de Molina","description":"","publisher":{"@id":"https:\/\/riberasalud.com\/hospital-de-molina\/#organization"},"potentialAction":[{"@type":"SearchAction","target":{"@type":"EntryPoint","urlTemplate":"https:\/\/riberasalud.com\/hospital-de-molina\/?s={search_term_string}"},"query-input":{"@type":"PropertyValueSpecification","valueRequired":true,"valueName":"search_term_string"}}],"inLanguage":"es"},{"@type":"Organization","@id":"https:\/\/riberasalud.com\/hospital-de-molina\/#organization","name":"Hospital de Molina","url":"https:\/\/riberasalud.com\/hospital-de-molina\/","logo":{"@type":"ImageObject","inLanguage":"es","@id":"https:\/\/riberasalud.com\/hospital-de-molina\/#\/schema\/logo\/image\/","url":"https:\/\/riberasalud.com\/hospital-de-molina\/wp-content\/uploads\/2023\/01\/cropped-Logo-Red-DeMolina-bigtz7.png","contentUrl":"https:\/\/riberasalud.com\/hospital-de-molina\/wp-content\/uploads\/2023\/01\/cropped-Logo-Red-DeMolina-bigtz7.png","width":300,"height":72,"caption":"Hospital de Molina"},"image":{"@id":"https:\/\/riberasalud.com\/hospital-de-molina\/#\/schema\/logo\/image\/"}},{"@type":"Person","@id":"https:\/\/riberasalud.com\/hospital-de-molina\/#\/schema\/person\/37d58effcbf02f32328940089f254419","name":"hmolina","image":{"@type":"ImageObject","inLanguage":"es","@id":"https:\/\/riberasalud.com\/hospital-de-molina\/#\/schema\/person\/image\/","url":"https:\/\/secure.gravatar.com\/avatar\/9db1181c394bec9505d449c90a21b5363cc35ad9a76f60f11a304b23bb0e8dd4?s=96&d=mm&r=g","contentUrl":"https:\/\/secure.gravatar.com\/avatar\/9db1181c394bec9505d449c90a21b5363cc35ad9a76f60f11a304b23bb0e8dd4?s=96&d=mm&r=g","caption":"hmolina"},"url":"https:\/\/riberasalud.com\/hospital-de-molina\/author\/hmolina\/"}]}},"uagb_featured_image_src":{"full":["https:\/\/riberasalud.com\/hospital-de-molina\/wp-content\/uploads\/2021\/05\/21-05-04-HM-Vista-alumnas-RRHH-Plataforma-Inmigracion-min-scaled-1.jpg",2560,1920,false],"thumbnail":["https:\/\/riberasalud.com\/hospital-de-molina\/wp-content\/uploads\/2021\/05\/21-05-04-HM-Vista-alumnas-RRHH-Plataforma-Inmigracion-min-scaled-1-150x150.jpg",150,150,true],"medium":["https:\/\/riberasalud.com\/hospital-de-molina\/wp-content\/uploads\/2021\/05\/21-05-04-HM-Vista-alumnas-RRHH-Plataforma-Inmigracion-min-scaled-1-300x225.jpg",300,225,true],"medium_large":["https:\/\/riberasalud.com\/hospital-de-molina\/wp-content\/uploads\/2021\/05\/21-05-04-HM-Vista-alumnas-RRHH-Plataforma-Inmigracion-min-scaled-1-768x576.jpg",768,576,true],"large":["https:\/\/riberasalud.com\/hospital-de-molina\/wp-content\/uploads\/2021\/05\/21-05-04-HM-Vista-alumnas-RRHH-Plataforma-Inmigracion-min-scaled-1-1024x768.jpg",1024,768,true],"1536x1536":["https:\/\/riberasalud.com\/hospital-de-molina\/wp-content\/uploads\/2021\/05\/21-05-04-HM-Vista-alumnas-RRHH-Plataforma-Inmigracion-min-scaled-1-1536x1152.jpg",1536,1152,true],"2048x2048":["https:\/\/riberasalud.com\/hospital-de-molina\/wp-content\/uploads\/2021\/05\/21-05-04-HM-Vista-alumnas-RRHH-Plataforma-Inmigracion-min-scaled-1-2048x1536.jpg",2048,1536,true]},"uagb_author_info":{"display_name":"hmolina","author_link":"https:\/\/riberasalud.com\/hospital-de-molina\/author\/hmolina\/"},"uagb_comment_info":0,"uagb_excerpt":"4 mayo 2021.- En su compromiso con la gesti\u00f3n de la diversidad y su integraci\u00f3n laboral, el Hospital de Molina ha recibido esta ma\u00f1ana la visita de varias alumnas universitarias que, actualmente est\u00e1n desarrollando sus pr\u00e1cticas formativas en el departamento de recursos humanos en la Plataforma de Inmigraci\u00f3n de Molina de Segura. Durante la visita,&hellip;","_links":{"self":[{"href":"https:\/\/riberasalud.com\/hospital-de-molina\/wp-json\/wp\/v2\/posts\/4980","targetHints":{"allow":["GET"]}}],"collection":[{"href":"https:\/\/riberasalud.com\/hospital-de-molina\/wp-json\/wp\/v2\/posts"}],"about":[{"href":"https:\/\/riberasalud.com\/hospital-de-molina\/wp-json\/wp\/v2\/types\/post"}],"author":[{"embeddable":true,"href":"https:\/\/riberasalud.com\/hospital-de-molina\/wp-json\/wp\/v2\/users\/3"}],"replies":[{"embeddable":true,"href":"https:\/\/riberasalud.com\/hospital-de-molina\/wp-json\/wp\/v2\/comments?post=4980"}],"version-history":[{"count":1,"href":"https:\/\/riberasalud.com\/hospital-de-molina\/wp-json\/wp\/v2\/posts\/4980\/revisions"}],"predecessor-version":[{"id":8091,"href":"https:\/\/riberasalud.com\/hospital-de-molina\/wp-json\/wp\/v2\/posts\/4980\/revisions\/8091"}],"wp:featuredmedia":[{"embeddable":true,"href":"https:\/\/riberasalud.com\/hospital-de-molina\/wp-json\/wp\/v2\/media\/4982"}],"wp:attachment":[{"href":"https:\/\/riberasalud.com\/hospital-de-molina\/wp-json\/wp\/v2\/media?parent=4980"}],"wp:term":[{"taxonomy":"category","embeddable":true,"href":"https:\/\/riberasalud.com\/hospital-de-molina\/wp-json\/wp\/v2\/categories?post=4980"},{"taxonomy":"post_tag","embeddable":true,"href":"https:\/\/riberasalud.com\/hospital-de-molina\/wp-json\/wp\/v2\/tags?post=4980"}],"curies":[{"name":"wp","href":"https:\/\/api.w.org\/{rel}","templated":true}]}}