{"id":4962,"date":"2021-04-21T12:55:03","date_gmt":"2021-04-21T10:55:03","guid":{"rendered":"https:\/\/hospitaldemolina.es\/?p=4962"},"modified":"2023-10-25T06:34:08","modified_gmt":"2023-10-25T06:34:08","slug":"el-hospital-de-molina-participa-en-la-vi-jornada-de-calidad-en-el-sector-sanitario-organizada-por-aspe","status":"publish","type":"post","link":"https:\/\/riberasalud.com\/hospital-de-molina\/el-hospital-de-molina-participa-en-la-vi-jornada-de-calidad-en-el-sector-sanitario-organizada-por-aspe\/","title":{"rendered":"El Hospital de Molina participa en la VI Jornada de Calidad en el Sector Sanitario, organizada por ASPE"},"content":{"rendered":"\n<p><strong>21 abril 2021.-<\/strong> La importancia de los sistemas de calidad implantados en los Hospitales para seguir ofreciendo una asistencia excelente durante la pandemia. \u00c9ste es el tema que ha centrado la VI Jornada de Calidad en el Sector Sanitario, organizada la Alianza de la Sanidad Privada Espa\u00f1ola (ASPE), en la que el <strong>Gerente del Hospital de Molina y Presidente de la Comisi\u00f3n de Calidad de ASPE, Pedro Hern\u00e1ndez Jim\u00e9nez<\/strong>, ha resaltado que \u201ca pesar de que hemos vivido situaciones con escasez de profesionales y medios, gracias a la protocolizaci\u00f3n y el seguimiento de los procedimientos de seguridad del paciente estamos consiguiendo contener y ayudar a vencer esta pandemia\u201d.<\/p>\n\n\n\n<figure class=\"wp-block-image size-large\"><img loading=\"lazy\" decoding=\"async\" width=\"1024\" height=\"523\" src=\"https:\/\/riberasalud.com\/hospital-de-molina\/wp-content\/uploads\/2021\/04\/Pedro-Hernandez-Jimenez-1-1024x523.png\" alt=\"\" class=\"wp-image-4964\" srcset=\"https:\/\/riberasalud.com\/hospital-de-molina\/wp-content\/uploads\/2021\/04\/Pedro-Hernandez-Jimenez-1-1024x523.png 1024w, https:\/\/riberasalud.com\/hospital-de-molina\/wp-content\/uploads\/2021\/04\/Pedro-Hernandez-Jimenez-1-300x153.png 300w, https:\/\/riberasalud.com\/hospital-de-molina\/wp-content\/uploads\/2021\/04\/Pedro-Hernandez-Jimenez-1-768x392.png 768w, https:\/\/riberasalud.com\/hospital-de-molina\/wp-content\/uploads\/2021\/04\/Pedro-Hernandez-Jimenez-1.png 1366w\" sizes=\"auto, (max-width: 1024px) 100vw, 1024px\" \/><\/figure>\n\n\n\n<p>Es el caso de los protocolos de calidad y seguridad mantenidos por el <strong>Hospital de Molina<\/strong>, en sus distintos servicios, como, por ejemplo, el de <strong>Mantenimiento<\/strong>. <strong>Su responsable<\/strong>, <strong>Gin\u00e9s Gim\u00e9nez<\/strong>, ha explicado durante la Jornada que, en relaci\u00f3n con el personal del Servicio, se establecieron dos grupos de trabajo en turnos alternos, para no coincidir, a los que se les dot\u00f3 de herramientas individualizadas para evitar compartirlas. Tambi\u00e9n se foment\u00f3 el trabajo en espacios independientes, ventilados y sin contacto con pacientes COVID. Con respecto a los t\u00e9cnicos externos, se llev\u00f3 a cabo un registro exhaustivo de las personas que acced\u00edan al hospital, siempre avisando con antelaci\u00f3n: nombre completo, DNI, d\u00eda hora, trabajos a realizar, lugar donde se realizaban, etc.<\/p>\n\n\n\n<figure class=\"wp-block-image size-large\"><img loading=\"lazy\" decoding=\"async\" width=\"1024\" height=\"527\" src=\"https:\/\/riberasalud.com\/hospital-de-molina\/wp-content\/uploads\/2021\/04\/Gines-Gimenez-3-1024x527.png\" alt=\"\" class=\"wp-image-4965\" srcset=\"https:\/\/riberasalud.com\/hospital-de-molina\/wp-content\/uploads\/2021\/04\/Gines-Gimenez-3-1024x527.png 1024w, https:\/\/riberasalud.com\/hospital-de-molina\/wp-content\/uploads\/2021\/04\/Gines-Gimenez-3-300x154.png 300w, https:\/\/riberasalud.com\/hospital-de-molina\/wp-content\/uploads\/2021\/04\/Gines-Gimenez-3-768x395.png 768w, https:\/\/riberasalud.com\/hospital-de-molina\/wp-content\/uploads\/2021\/04\/Gines-Gimenez-3.png 1366w\" sizes=\"auto, (max-width: 1024px) 100vw, 1024px\" \/><\/figure>\n\n\n\n<p>En cuanto a los equipamientos de electromedicina, Gim\u00e9nez ha incidido en \u201cla especial importancia que desde el centro hospitalario le dimos a los equipos cr\u00edticos desde la perspectiva COVID &#8211; respiradores, monitores de constantes vitales, pulsiox\u00edmetros\u2026 -, garantizando el suministro de repuestos especiales (bater\u00edas, cables, etc.) y realizando un mantenimiento preventivo extraordinario a cada uno de estos equipos\u201d. Respecto a las instalaciones, a\u00f1ade, \u201cdebido a la propagaci\u00f3n del virus a trav\u00e9s de micropart\u00edculas en suspensi\u00f3n o aerosoles, centramos, principalmente, nuestra actuaci\u00f3n sobre la instalaci\u00f3n de ventilaci\u00f3n, mediante el incremento de los caudales de ventilaci\u00f3n, la ventilaci\u00f3n natural a trav\u00e9s de la apertura de ventanas y el trabajo en modo <em>todo aire exterior<\/em>, cerrando compuertas de recirculaci\u00f3n de aire\u201d.<\/p>\n\n\n\n<p>Gin\u00e9s Gim\u00e9nez ha destacado, como retos a los que el Hospital de Molina se ha enfrentado, la definici\u00f3n de actuaciones prioritarias en el \u00e1rea de Mantenimiento y el trabajo en equipo, tanto con Direcci\u00f3n, como con responsables de otros Servicios Hospitalario.<\/p>\n","protected":false},"excerpt":{"rendered":"<p>21 abril 2021.- La importancia de los sistemas de calidad implantados en los Hospitales para seguir ofreciendo una asistencia excelente durante la pandemia. \u00c9ste es el tema que ha centrado la VI Jornada de Calidad en el Sector Sanitario, organizada la Alianza de la Sanidad Privada Espa\u00f1ola (ASPE), en la que el Gerente del Hospital &#8230; <a title=\"El Hospital de Molina participa en la VI Jornada de Calidad en el Sector Sanitario, organizada por ASPE\" class=\"read-more\" href=\"https:\/\/riberasalud.com\/hospital-de-molina\/el-hospital-de-molina-participa-en-la-vi-jornada-de-calidad-en-el-sector-sanitario-organizada-por-aspe\/\" aria-label=\"Leer m\u00e1s sobre El Hospital de Molina participa en la VI Jornada de Calidad en el Sector Sanitario, organizada por ASPE\">Leer m\u00e1s<\/a><\/p>\n","protected":false},"author":3,"featured_media":4966,"comment_status":"closed","ping_status":"open","sticky":false,"template":"","format":"standard","meta":{"_uag_custom_page_level_css":"","_mi_skip_tracking":false,"footnotes":""},"categories":[7],"tags":[236,439,278,292,8,11,14,15],"class_list":["post-4962","post","type-post","status-publish","format-standard","has-post-thumbnail","hentry","category-hemeroteca","tag-asistencia-sanitaria","tag-aspe","tag-calidad","tag-covid-19","tag-hospital-de-molina","tag-jornada","tag-salud","tag-sanidad"],"yoast_head":"<!-- This site is optimized with the Yoast SEO plugin v26.6 - https:\/\/yoast.com\/wordpress\/plugins\/seo\/ -->\n<title>El Hospital de Molina participa en la VI Jornada de Calidad en el Sector Sanitario, organizada por ASPE - Hospital de Molina<\/title>\n<meta name=\"robots\" content=\"index, follow, max-snippet:-1, max-image-preview:large, max-video-preview:-1\" \/>\n<link rel=\"canonical\" href=\"https:\/\/riberasalud.com\/hospital-de-molina\/el-hospital-de-molina-participa-en-la-vi-jornada-de-calidad-en-el-sector-sanitario-organizada-por-aspe\/\" \/>\n<meta property=\"og:locale\" content=\"es_ES\" \/>\n<meta property=\"og:type\" content=\"article\" \/>\n<meta property=\"og:title\" content=\"El Hospital de Molina participa en la VI Jornada de Calidad en el Sector Sanitario, organizada por ASPE - Hospital de Molina\" \/>\n<meta property=\"og:description\" content=\"21 abril 2021.- La importancia de los sistemas de calidad implantados en los Hospitales para seguir ofreciendo una asistencia excelente durante la pandemia. \u00c9ste es el tema que ha centrado la VI Jornada de Calidad en el Sector Sanitario, organizada la Alianza de la Sanidad Privada Espa\u00f1ola (ASPE), en la que el Gerente del Hospital ... Leer m\u00e1s\" \/>\n<meta property=\"og:url\" content=\"https:\/\/riberasalud.com\/hospital-de-molina\/el-hospital-de-molina-participa-en-la-vi-jornada-de-calidad-en-el-sector-sanitario-organizada-por-aspe\/\" \/>\n<meta property=\"og:site_name\" content=\"Hospital de Molina\" \/>\n<meta property=\"article:published_time\" content=\"2021-04-21T10:55:03+00:00\" \/>\n<meta property=\"article:modified_time\" content=\"2023-10-25T06:34:08+00:00\" \/>\n<meta property=\"og:image\" content=\"https:\/\/riberasalud.com\/hospital-de-molina\/wp-content\/uploads\/2021\/04\/ASPE.jpg\" \/>\n\t<meta property=\"og:image:width\" content=\"611\" \/>\n\t<meta property=\"og:image:height\" content=\"403\" \/>\n\t<meta property=\"og:image:type\" content=\"image\/jpeg\" \/>\n<meta name=\"author\" content=\"hmolina\" \/>\n<meta name=\"twitter:card\" content=\"summary_large_image\" \/>\n<meta name=\"twitter:label1\" content=\"Escrito por\" \/>\n\t<meta name=\"twitter:data1\" content=\"hmolina\" \/>\n\t<meta name=\"twitter:label2\" content=\"Tiempo de lectura\" \/>\n\t<meta name=\"twitter:data2\" content=\"2 minutos\" \/>\n<script type=\"application\/ld+json\" class=\"yoast-schema-graph\">{\"@context\":\"https:\/\/schema.org\",\"@graph\":[{\"@type\":\"Article\",\"@id\":\"https:\/\/riberasalud.com\/hospital-de-molina\/el-hospital-de-molina-participa-en-la-vi-jornada-de-calidad-en-el-sector-sanitario-organizada-por-aspe\/#article\",\"isPartOf\":{\"@id\":\"https:\/\/riberasalud.com\/hospital-de-molina\/el-hospital-de-molina-participa-en-la-vi-jornada-de-calidad-en-el-sector-sanitario-organizada-por-aspe\/\"},\"author\":{\"name\":\"hmolina\",\"@id\":\"https:\/\/riberasalud.com\/hospital-de-molina\/#\/schema\/person\/37d58effcbf02f32328940089f254419\"},\"headline\":\"El Hospital de Molina participa en la VI Jornada de Calidad en el Sector Sanitario, organizada por ASPE\",\"datePublished\":\"2021-04-21T10:55:03+00:00\",\"dateModified\":\"2023-10-25T06:34:08+00:00\",\"mainEntityOfPage\":{\"@id\":\"https:\/\/riberasalud.com\/hospital-de-molina\/el-hospital-de-molina-participa-en-la-vi-jornada-de-calidad-en-el-sector-sanitario-organizada-por-aspe\/\"},\"wordCount\":436,\"publisher\":{\"@id\":\"https:\/\/riberasalud.com\/hospital-de-molina\/#organization\"},\"image\":{\"@id\":\"https:\/\/riberasalud.com\/hospital-de-molina\/el-hospital-de-molina-participa-en-la-vi-jornada-de-calidad-en-el-sector-sanitario-organizada-por-aspe\/#primaryimage\"},\"thumbnailUrl\":\"https:\/\/riberasalud.com\/hospital-de-molina\/wp-content\/uploads\/2021\/04\/ASPE.jpg\",\"keywords\":[\"Asistencia sanitaria\",\"ASPE\",\"calidad\",\"covid-19\",\"Hospital de molina\",\"Jornada\",\"salud\",\"sanidad\"],\"articleSection\":[\"Hemeroteca\"],\"inLanguage\":\"es\"},{\"@type\":\"WebPage\",\"@id\":\"https:\/\/riberasalud.com\/hospital-de-molina\/el-hospital-de-molina-participa-en-la-vi-jornada-de-calidad-en-el-sector-sanitario-organizada-por-aspe\/\",\"url\":\"https:\/\/riberasalud.com\/hospital-de-molina\/el-hospital-de-molina-participa-en-la-vi-jornada-de-calidad-en-el-sector-sanitario-organizada-por-aspe\/\",\"name\":\"El Hospital de Molina participa en la VI Jornada de Calidad en el Sector Sanitario, organizada por ASPE - Hospital de Molina\",\"isPartOf\":{\"@id\":\"https:\/\/riberasalud.com\/hospital-de-molina\/#website\"},\"primaryImageOfPage\":{\"@id\":\"https:\/\/riberasalud.com\/hospital-de-molina\/el-hospital-de-molina-participa-en-la-vi-jornada-de-calidad-en-el-sector-sanitario-organizada-por-aspe\/#primaryimage\"},\"image\":{\"@id\":\"https:\/\/riberasalud.com\/hospital-de-molina\/el-hospital-de-molina-participa-en-la-vi-jornada-de-calidad-en-el-sector-sanitario-organizada-por-aspe\/#primaryimage\"},\"thumbnailUrl\":\"https:\/\/riberasalud.com\/hospital-de-molina\/wp-content\/uploads\/2021\/04\/ASPE.jpg\",\"datePublished\":\"2021-04-21T10:55:03+00:00\",\"dateModified\":\"2023-10-25T06:34:08+00:00\",\"breadcrumb\":{\"@id\":\"https:\/\/riberasalud.com\/hospital-de-molina\/el-hospital-de-molina-participa-en-la-vi-jornada-de-calidad-en-el-sector-sanitario-organizada-por-aspe\/#breadcrumb\"},\"inLanguage\":\"es\",\"potentialAction\":[{\"@type\":\"ReadAction\",\"target\":[\"https:\/\/riberasalud.com\/hospital-de-molina\/el-hospital-de-molina-participa-en-la-vi-jornada-de-calidad-en-el-sector-sanitario-organizada-por-aspe\/\"]}]},{\"@type\":\"ImageObject\",\"inLanguage\":\"es\",\"@id\":\"https:\/\/riberasalud.com\/hospital-de-molina\/el-hospital-de-molina-participa-en-la-vi-jornada-de-calidad-en-el-sector-sanitario-organizada-por-aspe\/#primaryimage\",\"url\":\"https:\/\/riberasalud.com\/hospital-de-molina\/wp-content\/uploads\/2021\/04\/ASPE.jpg\",\"contentUrl\":\"https:\/\/riberasalud.com\/hospital-de-molina\/wp-content\/uploads\/2021\/04\/ASPE.jpg\",\"width\":611,\"height\":403},{\"@type\":\"BreadcrumbList\",\"@id\":\"https:\/\/riberasalud.com\/hospital-de-molina\/el-hospital-de-molina-participa-en-la-vi-jornada-de-calidad-en-el-sector-sanitario-organizada-por-aspe\/#breadcrumb\",\"itemListElement\":[{\"@type\":\"ListItem\",\"position\":1,\"name\":\"Portada\",\"item\":\"https:\/\/riberasalud.com\/hospital-de-molina\/\"},{\"@type\":\"ListItem\",\"position\":2,\"name\":\"El Hospital de Molina participa en la VI Jornada de Calidad en el Sector Sanitario, organizada por ASPE\"}]},{\"@type\":\"WebSite\",\"@id\":\"https:\/\/riberasalud.com\/hospital-de-molina\/#website\",\"url\":\"https:\/\/riberasalud.com\/hospital-de-molina\/\",\"name\":\"Hospital de Molina\",\"description\":\"\",\"publisher\":{\"@id\":\"https:\/\/riberasalud.com\/hospital-de-molina\/#organization\"},\"potentialAction\":[{\"@type\":\"SearchAction\",\"target\":{\"@type\":\"EntryPoint\",\"urlTemplate\":\"https:\/\/riberasalud.com\/hospital-de-molina\/?s={search_term_string}\"},\"query-input\":{\"@type\":\"PropertyValueSpecification\",\"valueRequired\":true,\"valueName\":\"search_term_string\"}}],\"inLanguage\":\"es\"},{\"@type\":\"Organization\",\"@id\":\"https:\/\/riberasalud.com\/hospital-de-molina\/#organization\",\"name\":\"Hospital de Molina\",\"url\":\"https:\/\/riberasalud.com\/hospital-de-molina\/\",\"logo\":{\"@type\":\"ImageObject\",\"inLanguage\":\"es\",\"@id\":\"https:\/\/riberasalud.com\/hospital-de-molina\/#\/schema\/logo\/image\/\",\"url\":\"https:\/\/riberasalud.com\/hospital-de-molina\/wp-content\/uploads\/2023\/01\/cropped-Logo-Red-DeMolina-bigtz7.png\",\"contentUrl\":\"https:\/\/riberasalud.com\/hospital-de-molina\/wp-content\/uploads\/2023\/01\/cropped-Logo-Red-DeMolina-bigtz7.png\",\"width\":300,\"height\":72,\"caption\":\"Hospital de Molina\"},\"image\":{\"@id\":\"https:\/\/riberasalud.com\/hospital-de-molina\/#\/schema\/logo\/image\/\"}},{\"@type\":\"Person\",\"@id\":\"https:\/\/riberasalud.com\/hospital-de-molina\/#\/schema\/person\/37d58effcbf02f32328940089f254419\",\"name\":\"hmolina\",\"image\":{\"@type\":\"ImageObject\",\"inLanguage\":\"es\",\"@id\":\"https:\/\/riberasalud.com\/hospital-de-molina\/#\/schema\/person\/image\/\",\"url\":\"https:\/\/secure.gravatar.com\/avatar\/9db1181c394bec9505d449c90a21b5363cc35ad9a76f60f11a304b23bb0e8dd4?s=96&d=mm&r=g\",\"contentUrl\":\"https:\/\/secure.gravatar.com\/avatar\/9db1181c394bec9505d449c90a21b5363cc35ad9a76f60f11a304b23bb0e8dd4?s=96&d=mm&r=g\",\"caption\":\"hmolina\"},\"url\":\"https:\/\/riberasalud.com\/hospital-de-molina\/author\/hmolina\/\"}]}<\/script>\n<!-- \/ Yoast SEO plugin. -->","yoast_head_json":{"title":"El Hospital de Molina participa en la VI Jornada de Calidad en el Sector Sanitario, organizada por ASPE - Hospital de Molina","robots":{"index":"index","follow":"follow","max-snippet":"max-snippet:-1","max-image-preview":"max-image-preview:large","max-video-preview":"max-video-preview:-1"},"canonical":"https:\/\/riberasalud.com\/hospital-de-molina\/el-hospital-de-molina-participa-en-la-vi-jornada-de-calidad-en-el-sector-sanitario-organizada-por-aspe\/","og_locale":"es_ES","og_type":"article","og_title":"El Hospital de Molina participa en la VI Jornada de Calidad en el Sector Sanitario, organizada por ASPE - Hospital de Molina","og_description":"21 abril 2021.- La importancia de los sistemas de calidad implantados en los Hospitales para seguir ofreciendo una asistencia excelente durante la pandemia. \u00c9ste es el tema que ha centrado la VI Jornada de Calidad en el Sector Sanitario, organizada la Alianza de la Sanidad Privada Espa\u00f1ola (ASPE), en la que el Gerente del Hospital ... Leer m\u00e1s","og_url":"https:\/\/riberasalud.com\/hospital-de-molina\/el-hospital-de-molina-participa-en-la-vi-jornada-de-calidad-en-el-sector-sanitario-organizada-por-aspe\/","og_site_name":"Hospital de Molina","article_published_time":"2021-04-21T10:55:03+00:00","article_modified_time":"2023-10-25T06:34:08+00:00","og_image":[{"width":611,"height":403,"url":"https:\/\/riberasalud.com\/hospital-de-molina\/wp-content\/uploads\/2021\/04\/ASPE.jpg","type":"image\/jpeg"}],"author":"hmolina","twitter_card":"summary_large_image","twitter_misc":{"Escrito por":"hmolina","Tiempo de lectura":"2 minutos"},"schema":{"@context":"https:\/\/schema.org","@graph":[{"@type":"Article","@id":"https:\/\/riberasalud.com\/hospital-de-molina\/el-hospital-de-molina-participa-en-la-vi-jornada-de-calidad-en-el-sector-sanitario-organizada-por-aspe\/#article","isPartOf":{"@id":"https:\/\/riberasalud.com\/hospital-de-molina\/el-hospital-de-molina-participa-en-la-vi-jornada-de-calidad-en-el-sector-sanitario-organizada-por-aspe\/"},"author":{"name":"hmolina","@id":"https:\/\/riberasalud.com\/hospital-de-molina\/#\/schema\/person\/37d58effcbf02f32328940089f254419"},"headline":"El Hospital de Molina participa en la VI Jornada de Calidad en el Sector Sanitario, organizada por ASPE","datePublished":"2021-04-21T10:55:03+00:00","dateModified":"2023-10-25T06:34:08+00:00","mainEntityOfPage":{"@id":"https:\/\/riberasalud.com\/hospital-de-molina\/el-hospital-de-molina-participa-en-la-vi-jornada-de-calidad-en-el-sector-sanitario-organizada-por-aspe\/"},"wordCount":436,"publisher":{"@id":"https:\/\/riberasalud.com\/hospital-de-molina\/#organization"},"image":{"@id":"https:\/\/riberasalud.com\/hospital-de-molina\/el-hospital-de-molina-participa-en-la-vi-jornada-de-calidad-en-el-sector-sanitario-organizada-por-aspe\/#primaryimage"},"thumbnailUrl":"https:\/\/riberasalud.com\/hospital-de-molina\/wp-content\/uploads\/2021\/04\/ASPE.jpg","keywords":["Asistencia sanitaria","ASPE","calidad","covid-19","Hospital de molina","Jornada","salud","sanidad"],"articleSection":["Hemeroteca"],"inLanguage":"es"},{"@type":"WebPage","@id":"https:\/\/riberasalud.com\/hospital-de-molina\/el-hospital-de-molina-participa-en-la-vi-jornada-de-calidad-en-el-sector-sanitario-organizada-por-aspe\/","url":"https:\/\/riberasalud.com\/hospital-de-molina\/el-hospital-de-molina-participa-en-la-vi-jornada-de-calidad-en-el-sector-sanitario-organizada-por-aspe\/","name":"El Hospital de Molina participa en la VI Jornada de Calidad en el Sector Sanitario, organizada por ASPE - Hospital de Molina","isPartOf":{"@id":"https:\/\/riberasalud.com\/hospital-de-molina\/#website"},"primaryImageOfPage":{"@id":"https:\/\/riberasalud.com\/hospital-de-molina\/el-hospital-de-molina-participa-en-la-vi-jornada-de-calidad-en-el-sector-sanitario-organizada-por-aspe\/#primaryimage"},"image":{"@id":"https:\/\/riberasalud.com\/hospital-de-molina\/el-hospital-de-molina-participa-en-la-vi-jornada-de-calidad-en-el-sector-sanitario-organizada-por-aspe\/#primaryimage"},"thumbnailUrl":"https:\/\/riberasalud.com\/hospital-de-molina\/wp-content\/uploads\/2021\/04\/ASPE.jpg","datePublished":"2021-04-21T10:55:03+00:00","dateModified":"2023-10-25T06:34:08+00:00","breadcrumb":{"@id":"https:\/\/riberasalud.com\/hospital-de-molina\/el-hospital-de-molina-participa-en-la-vi-jornada-de-calidad-en-el-sector-sanitario-organizada-por-aspe\/#breadcrumb"},"inLanguage":"es","potentialAction":[{"@type":"ReadAction","target":["https:\/\/riberasalud.com\/hospital-de-molina\/el-hospital-de-molina-participa-en-la-vi-jornada-de-calidad-en-el-sector-sanitario-organizada-por-aspe\/"]}]},{"@type":"ImageObject","inLanguage":"es","@id":"https:\/\/riberasalud.com\/hospital-de-molina\/el-hospital-de-molina-participa-en-la-vi-jornada-de-calidad-en-el-sector-sanitario-organizada-por-aspe\/#primaryimage","url":"https:\/\/riberasalud.com\/hospital-de-molina\/wp-content\/uploads\/2021\/04\/ASPE.jpg","contentUrl":"https:\/\/riberasalud.com\/hospital-de-molina\/wp-content\/uploads\/2021\/04\/ASPE.jpg","width":611,"height":403},{"@type":"BreadcrumbList","@id":"https:\/\/riberasalud.com\/hospital-de-molina\/el-hospital-de-molina-participa-en-la-vi-jornada-de-calidad-en-el-sector-sanitario-organizada-por-aspe\/#breadcrumb","itemListElement":[{"@type":"ListItem","position":1,"name":"Portada","item":"https:\/\/riberasalud.com\/hospital-de-molina\/"},{"@type":"ListItem","position":2,"name":"El Hospital de Molina participa en la VI Jornada de Calidad en el Sector Sanitario, organizada por ASPE"}]},{"@type":"WebSite","@id":"https:\/\/riberasalud.com\/hospital-de-molina\/#website","url":"https:\/\/riberasalud.com\/hospital-de-molina\/","name":"Hospital de Molina","description":"","publisher":{"@id":"https:\/\/riberasalud.com\/hospital-de-molina\/#organization"},"potentialAction":[{"@type":"SearchAction","target":{"@type":"EntryPoint","urlTemplate":"https:\/\/riberasalud.com\/hospital-de-molina\/?s={search_term_string}"},"query-input":{"@type":"PropertyValueSpecification","valueRequired":true,"valueName":"search_term_string"}}],"inLanguage":"es"},{"@type":"Organization","@id":"https:\/\/riberasalud.com\/hospital-de-molina\/#organization","name":"Hospital de Molina","url":"https:\/\/riberasalud.com\/hospital-de-molina\/","logo":{"@type":"ImageObject","inLanguage":"es","@id":"https:\/\/riberasalud.com\/hospital-de-molina\/#\/schema\/logo\/image\/","url":"https:\/\/riberasalud.com\/hospital-de-molina\/wp-content\/uploads\/2023\/01\/cropped-Logo-Red-DeMolina-bigtz7.png","contentUrl":"https:\/\/riberasalud.com\/hospital-de-molina\/wp-content\/uploads\/2023\/01\/cropped-Logo-Red-DeMolina-bigtz7.png","width":300,"height":72,"caption":"Hospital de Molina"},"image":{"@id":"https:\/\/riberasalud.com\/hospital-de-molina\/#\/schema\/logo\/image\/"}},{"@type":"Person","@id":"https:\/\/riberasalud.com\/hospital-de-molina\/#\/schema\/person\/37d58effcbf02f32328940089f254419","name":"hmolina","image":{"@type":"ImageObject","inLanguage":"es","@id":"https:\/\/riberasalud.com\/hospital-de-molina\/#\/schema\/person\/image\/","url":"https:\/\/secure.gravatar.com\/avatar\/9db1181c394bec9505d449c90a21b5363cc35ad9a76f60f11a304b23bb0e8dd4?s=96&d=mm&r=g","contentUrl":"https:\/\/secure.gravatar.com\/avatar\/9db1181c394bec9505d449c90a21b5363cc35ad9a76f60f11a304b23bb0e8dd4?s=96&d=mm&r=g","caption":"hmolina"},"url":"https:\/\/riberasalud.com\/hospital-de-molina\/author\/hmolina\/"}]}},"uagb_featured_image_src":{"full":["https:\/\/riberasalud.com\/hospital-de-molina\/wp-content\/uploads\/2021\/04\/ASPE.jpg",611,403,false],"thumbnail":["https:\/\/riberasalud.com\/hospital-de-molina\/wp-content\/uploads\/2021\/04\/ASPE-150x150.jpg",150,150,true],"medium":["https:\/\/riberasalud.com\/hospital-de-molina\/wp-content\/uploads\/2021\/04\/ASPE-300x198.jpg",300,198,true],"medium_large":["https:\/\/riberasalud.com\/hospital-de-molina\/wp-content\/uploads\/2021\/04\/ASPE.jpg",611,403,false],"large":["https:\/\/riberasalud.com\/hospital-de-molina\/wp-content\/uploads\/2021\/04\/ASPE.jpg",611,403,false],"1536x1536":["https:\/\/riberasalud.com\/hospital-de-molina\/wp-content\/uploads\/2021\/04\/ASPE.jpg",611,403,false],"2048x2048":["https:\/\/riberasalud.com\/hospital-de-molina\/wp-content\/uploads\/2021\/04\/ASPE.jpg",611,403,false]},"uagb_author_info":{"display_name":"hmolina","author_link":"https:\/\/riberasalud.com\/hospital-de-molina\/author\/hmolina\/"},"uagb_comment_info":0,"uagb_excerpt":"21 abril 2021.- La importancia de los sistemas de calidad implantados en los Hospitales para seguir ofreciendo una asistencia excelente durante la pandemia. \u00c9ste es el tema que ha centrado la VI Jornada de Calidad en el Sector Sanitario, organizada la Alianza de la Sanidad Privada Espa\u00f1ola (ASPE), en la que el Gerente del Hospital&hellip;","_links":{"self":[{"href":"https:\/\/riberasalud.com\/hospital-de-molina\/wp-json\/wp\/v2\/posts\/4962","targetHints":{"allow":["GET"]}}],"collection":[{"href":"https:\/\/riberasalud.com\/hospital-de-molina\/wp-json\/wp\/v2\/posts"}],"about":[{"href":"https:\/\/riberasalud.com\/hospital-de-molina\/wp-json\/wp\/v2\/types\/post"}],"author":[{"embeddable":true,"href":"https:\/\/riberasalud.com\/hospital-de-molina\/wp-json\/wp\/v2\/users\/3"}],"replies":[{"embeddable":true,"href":"https:\/\/riberasalud.com\/hospital-de-molina\/wp-json\/wp\/v2\/comments?post=4962"}],"version-history":[{"count":1,"href":"https:\/\/riberasalud.com\/hospital-de-molina\/wp-json\/wp\/v2\/posts\/4962\/revisions"}],"predecessor-version":[{"id":8092,"href":"https:\/\/riberasalud.com\/hospital-de-molina\/wp-json\/wp\/v2\/posts\/4962\/revisions\/8092"}],"wp:featuredmedia":[{"embeddable":true,"href":"https:\/\/riberasalud.com\/hospital-de-molina\/wp-json\/wp\/v2\/media\/4966"}],"wp:attachment":[{"href":"https:\/\/riberasalud.com\/hospital-de-molina\/wp-json\/wp\/v2\/media?parent=4962"}],"wp:term":[{"taxonomy":"category","embeddable":true,"href":"https:\/\/riberasalud.com\/hospital-de-molina\/wp-json\/wp\/v2\/categories?post=4962"},{"taxonomy":"post_tag","embeddable":true,"href":"https:\/\/riberasalud.com\/hospital-de-molina\/wp-json\/wp\/v2\/tags?post=4962"}],"curies":[{"name":"wp","href":"https:\/\/api.w.org\/{rel}","templated":true}]}}