{"id":2279,"date":"2014-02-19T12:57:56","date_gmt":"2014-02-19T11:57:56","guid":{"rendered":"https:\/\/www.hospitaldemolina.es\/4-de-febrero-dia-mundial-contra-el-cancer-3\/"},"modified":"2023-10-25T06:39:54","modified_gmt":"2023-10-25T06:39:54","slug":"4-de-febrero-dia-mundial-contra-el-cancer-3","status":"publish","type":"post","link":"https:\/\/riberasalud.com\/hospital-de-molina\/4-de-febrero-dia-mundial-contra-el-cancer-3\/","title":{"rendered":"4 de febrero: D\u00eda Mundial Contra el C\u00e1ncer"},"content":{"rendered":"<p>4 febrero 2014.- Asociado al envejecimiento, el c\u00e1ncer es una enfermedad que en Espa\u00f1a, donde una de cada seis personas es mayor de 65 a\u00f1os, aumenta a\u00f1o tras a\u00f1o. Afortunadamente, seg\u00fan indica la Sociedad Espa\u00f1ola de Oncolog\u00eda M\u00e9dica (SEOM), tambi\u00e9n se incrementa la supervivencia y la calidad de vida de los pacientes. La predicci\u00f3n de incidencia de c\u00e1ncer en Espa\u00f1a para 2015 es de 227.076 nuevos casos. Aunque la mortalidad contin\u00faa en una tendencia decreciente (13% entre 1990 y 2011).<\/p>\n<p><img decoding=\"async\" src=\"https:\/\/riberasalud.com\/hospital-de-molina\/wp-content\/uploads\/2020\/05\/lazo20rosa.jpg\" style=\"height:140px; width: auto;\"><\/p>\n<p>Con motivo de la celebraci\u00f3n hoy, 4 de febrero, del D\u00eda Mundial Contra el C\u00e1ncer, el <strong>Director-Gerente del Hospital de Molina, Pedro Hern\u00e1ndez Jim\u00e9nez<\/strong>, recuerda la gran labor que cada d\u00eda realizan todos los profesionales sanitarios que, en su d\u00eda a d\u00eda, luchan por prevenir, diagnosticar, curar e investigar para derrotar definitivamente el c\u00e1ncer: \u201cEllos desde su dedicaci\u00f3n y abnegaci\u00f3n son nuestra gran esperanza para conseguir vencer a esta enfermedad. Desde nuestro Hospital, con nuestro trabajo diario en pro de la salud de los habitantes de la Vega Media, aportamos nuestro granito de arena, sobre todo en el \u00e1rea preventiva, para ir ganando esta batalla contra el c\u00e1ncer\u201d.<\/p>\n<p>El c\u00e1ncer colorrectal es el m\u00e1s frecuente en la poblaci\u00f3n espa\u00f1ola, mientras que el de pr\u00f3stata es el primero en hombres y el de mama en mujeres. Los dos \u00faltimos con \u00edndices de supervivencia cada vez mayores.<\/p>\n<p>En la prevenci\u00f3n contra el c\u00e1ncer, el <strong>Servicio de Imagen Diagn\u00f3stica del Hospital de Molina <\/strong>realiza mamograf\u00edas y ecograf\u00edas mamarias a la poblaci\u00f3n susceptible de padecer esta patolog\u00eda, y recomienda la realizaci\u00f3n de tests para la prevenci\u00f3n de neoplasias digestivas, dirigidos por los <strong>Servicios de Medicina Interna y Endoscopia Digestiva<\/strong> del centro hospitalario.<\/p>\n<p>.<\/p>\n","protected":false},"excerpt":{"rendered":"<p>4 febrero 2014.- Asociado al envejecimiento, el c\u00e1ncer es una enfermedad que en Espa\u00f1a, donde una de cada seis personas es mayor de 65 a\u00f1os, aumenta a\u00f1o tras a\u00f1o. Afortunadamente, seg\u00fan indica la Sociedad Espa\u00f1ola de Oncolog\u00eda M\u00e9dica (SEOM), tambi\u00e9n se incrementa la supervivencia y la calidad de vida de los pacientes. La predicci\u00f3n de &#8230; <a title=\"4 de febrero: D\u00eda Mundial Contra el C\u00e1ncer\" class=\"read-more\" href=\"https:\/\/riberasalud.com\/hospital-de-molina\/4-de-febrero-dia-mundial-contra-el-cancer-3\/\" aria-label=\"Leer m\u00e1s sobre 4 de febrero: D\u00eda Mundial Contra el C\u00e1ncer\">Leer m\u00e1s<\/a><\/p>\n","protected":false},"author":3,"featured_media":0,"comment_status":"closed","ping_status":"open","sticky":false,"template":"","format":"standard","meta":{"_uag_custom_page_level_css":"","_mi_skip_tracking":false,"footnotes":""},"categories":[7],"tags":[],"class_list":["post-2279","post","type-post","status-publish","format-standard","hentry","category-hemeroteca"],"yoast_head":"<!-- This site is optimized with the Yoast SEO plugin v26.6 - https:\/\/yoast.com\/wordpress\/plugins\/seo\/ -->\n<title>4 de febrero: D\u00eda Mundial Contra el C\u00e1ncer - Hospital de Molina<\/title>\n<meta name=\"robots\" content=\"index, follow, max-snippet:-1, max-image-preview:large, max-video-preview:-1\" \/>\n<link rel=\"canonical\" href=\"https:\/\/riberasalud.com\/hospital-de-molina\/4-de-febrero-dia-mundial-contra-el-cancer-3\/\" \/>\n<meta property=\"og:locale\" content=\"es_ES\" \/>\n<meta property=\"og:type\" content=\"article\" \/>\n<meta property=\"og:title\" content=\"4 de febrero: D\u00eda Mundial Contra el C\u00e1ncer - Hospital de Molina\" \/>\n<meta property=\"og:description\" content=\"4 febrero 2014.- Asociado al envejecimiento, el c\u00e1ncer es una enfermedad que en Espa\u00f1a, donde una de cada seis personas es mayor de 65 a\u00f1os, aumenta a\u00f1o tras a\u00f1o. Afortunadamente, seg\u00fan indica la Sociedad Espa\u00f1ola de Oncolog\u00eda M\u00e9dica (SEOM), tambi\u00e9n se incrementa la supervivencia y la calidad de vida de los pacientes. La predicci\u00f3n de ... Leer m\u00e1s\" \/>\n<meta property=\"og:url\" content=\"https:\/\/riberasalud.com\/hospital-de-molina\/4-de-febrero-dia-mundial-contra-el-cancer-3\/\" \/>\n<meta property=\"og:site_name\" content=\"Hospital de Molina\" \/>\n<meta property=\"article:published_time\" content=\"2014-02-19T11:57:56+00:00\" \/>\n<meta property=\"article:modified_time\" content=\"2023-10-25T06:39:54+00:00\" \/>\n<meta property=\"og:image\" content=\"https:\/\/riberasalud.com\/hospital-de-molina\/wp-content\/uploads\/2020\/05\/lazo20rosa.jpg\" \/>\n<meta name=\"author\" content=\"hmolina\" \/>\n<meta name=\"twitter:card\" content=\"summary_large_image\" \/>\n<meta name=\"twitter:label1\" content=\"Escrito por\" \/>\n\t<meta name=\"twitter:data1\" content=\"hmolina\" \/>\n\t<meta name=\"twitter:label2\" content=\"Tiempo de lectura\" \/>\n\t<meta name=\"twitter:data2\" content=\"2 minutos\" \/>\n<script type=\"application\/ld+json\" class=\"yoast-schema-graph\">{\"@context\":\"https:\/\/schema.org\",\"@graph\":[{\"@type\":\"Article\",\"@id\":\"https:\/\/riberasalud.com\/hospital-de-molina\/4-de-febrero-dia-mundial-contra-el-cancer-3\/#article\",\"isPartOf\":{\"@id\":\"https:\/\/riberasalud.com\/hospital-de-molina\/4-de-febrero-dia-mundial-contra-el-cancer-3\/\"},\"author\":{\"name\":\"hmolina\",\"@id\":\"https:\/\/riberasalud.com\/hospital-de-molina\/#\/schema\/person\/37d58effcbf02f32328940089f254419\"},\"headline\":\"4 de febrero: D\u00eda Mundial Contra el C\u00e1ncer\",\"datePublished\":\"2014-02-19T11:57:56+00:00\",\"dateModified\":\"2023-10-25T06:39:54+00:00\",\"mainEntityOfPage\":{\"@id\":\"https:\/\/riberasalud.com\/hospital-de-molina\/4-de-febrero-dia-mundial-contra-el-cancer-3\/\"},\"wordCount\":319,\"publisher\":{\"@id\":\"https:\/\/riberasalud.com\/hospital-de-molina\/#organization\"},\"image\":{\"@id\":\"https:\/\/riberasalud.com\/hospital-de-molina\/4-de-febrero-dia-mundial-contra-el-cancer-3\/#primaryimage\"},\"thumbnailUrl\":\"https:\/\/riberasalud.com\/hospital-de-molina\/wp-content\/uploads\/2020\/05\/lazo20rosa.jpg\",\"articleSection\":[\"Hemeroteca\"],\"inLanguage\":\"es\"},{\"@type\":\"WebPage\",\"@id\":\"https:\/\/riberasalud.com\/hospital-de-molina\/4-de-febrero-dia-mundial-contra-el-cancer-3\/\",\"url\":\"https:\/\/riberasalud.com\/hospital-de-molina\/4-de-febrero-dia-mundial-contra-el-cancer-3\/\",\"name\":\"4 de febrero: D\u00eda Mundial Contra el C\u00e1ncer - Hospital de Molina\",\"isPartOf\":{\"@id\":\"https:\/\/riberasalud.com\/hospital-de-molina\/#website\"},\"primaryImageOfPage\":{\"@id\":\"https:\/\/riberasalud.com\/hospital-de-molina\/4-de-febrero-dia-mundial-contra-el-cancer-3\/#primaryimage\"},\"image\":{\"@id\":\"https:\/\/riberasalud.com\/hospital-de-molina\/4-de-febrero-dia-mundial-contra-el-cancer-3\/#primaryimage\"},\"thumbnailUrl\":\"https:\/\/riberasalud.com\/hospital-de-molina\/wp-content\/uploads\/2020\/05\/lazo20rosa.jpg\",\"datePublished\":\"2014-02-19T11:57:56+00:00\",\"dateModified\":\"2023-10-25T06:39:54+00:00\",\"breadcrumb\":{\"@id\":\"https:\/\/riberasalud.com\/hospital-de-molina\/4-de-febrero-dia-mundial-contra-el-cancer-3\/#breadcrumb\"},\"inLanguage\":\"es\",\"potentialAction\":[{\"@type\":\"ReadAction\",\"target\":[\"https:\/\/riberasalud.com\/hospital-de-molina\/4-de-febrero-dia-mundial-contra-el-cancer-3\/\"]}]},{\"@type\":\"ImageObject\",\"inLanguage\":\"es\",\"@id\":\"https:\/\/riberasalud.com\/hospital-de-molina\/4-de-febrero-dia-mundial-contra-el-cancer-3\/#primaryimage\",\"url\":\"https:\/\/riberasalud.com\/hospital-de-molina\/wp-content\/uploads\/2020\/05\/lazo20rosa.jpg\",\"contentUrl\":\"https:\/\/riberasalud.com\/hospital-de-molina\/wp-content\/uploads\/2020\/05\/lazo20rosa.jpg\",\"width\":439,\"height\":663},{\"@type\":\"BreadcrumbList\",\"@id\":\"https:\/\/riberasalud.com\/hospital-de-molina\/4-de-febrero-dia-mundial-contra-el-cancer-3\/#breadcrumb\",\"itemListElement\":[{\"@type\":\"ListItem\",\"position\":1,\"name\":\"Portada\",\"item\":\"https:\/\/riberasalud.com\/hospital-de-molina\/\"},{\"@type\":\"ListItem\",\"position\":2,\"name\":\"4 de febrero: D\u00eda Mundial Contra el C\u00e1ncer\"}]},{\"@type\":\"WebSite\",\"@id\":\"https:\/\/riberasalud.com\/hospital-de-molina\/#website\",\"url\":\"https:\/\/riberasalud.com\/hospital-de-molina\/\",\"name\":\"Hospital de Molina\",\"description\":\"\",\"publisher\":{\"@id\":\"https:\/\/riberasalud.com\/hospital-de-molina\/#organization\"},\"potentialAction\":[{\"@type\":\"SearchAction\",\"target\":{\"@type\":\"EntryPoint\",\"urlTemplate\":\"https:\/\/riberasalud.com\/hospital-de-molina\/?s={search_term_string}\"},\"query-input\":{\"@type\":\"PropertyValueSpecification\",\"valueRequired\":true,\"valueName\":\"search_term_string\"}}],\"inLanguage\":\"es\"},{\"@type\":\"Organization\",\"@id\":\"https:\/\/riberasalud.com\/hospital-de-molina\/#organization\",\"name\":\"Hospital de Molina\",\"url\":\"https:\/\/riberasalud.com\/hospital-de-molina\/\",\"logo\":{\"@type\":\"ImageObject\",\"inLanguage\":\"es\",\"@id\":\"https:\/\/riberasalud.com\/hospital-de-molina\/#\/schema\/logo\/image\/\",\"url\":\"https:\/\/riberasalud.com\/hospital-de-molina\/wp-content\/uploads\/2023\/01\/cropped-Logo-Red-DeMolina-bigtz7.png\",\"contentUrl\":\"https:\/\/riberasalud.com\/hospital-de-molina\/wp-content\/uploads\/2023\/01\/cropped-Logo-Red-DeMolina-bigtz7.png\",\"width\":300,\"height\":72,\"caption\":\"Hospital de Molina\"},\"image\":{\"@id\":\"https:\/\/riberasalud.com\/hospital-de-molina\/#\/schema\/logo\/image\/\"}},{\"@type\":\"Person\",\"@id\":\"https:\/\/riberasalud.com\/hospital-de-molina\/#\/schema\/person\/37d58effcbf02f32328940089f254419\",\"name\":\"hmolina\",\"image\":{\"@type\":\"ImageObject\",\"inLanguage\":\"es\",\"@id\":\"https:\/\/riberasalud.com\/hospital-de-molina\/#\/schema\/person\/image\/\",\"url\":\"https:\/\/secure.gravatar.com\/avatar\/9db1181c394bec9505d449c90a21b5363cc35ad9a76f60f11a304b23bb0e8dd4?s=96&d=mm&r=g\",\"contentUrl\":\"https:\/\/secure.gravatar.com\/avatar\/9db1181c394bec9505d449c90a21b5363cc35ad9a76f60f11a304b23bb0e8dd4?s=96&d=mm&r=g\",\"caption\":\"hmolina\"},\"url\":\"https:\/\/riberasalud.com\/hospital-de-molina\/author\/hmolina\/\"}]}<\/script>\n<!-- \/ Yoast SEO plugin. -->","yoast_head_json":{"title":"4 de febrero: D\u00eda Mundial Contra el C\u00e1ncer - Hospital de Molina","robots":{"index":"index","follow":"follow","max-snippet":"max-snippet:-1","max-image-preview":"max-image-preview:large","max-video-preview":"max-video-preview:-1"},"canonical":"https:\/\/riberasalud.com\/hospital-de-molina\/4-de-febrero-dia-mundial-contra-el-cancer-3\/","og_locale":"es_ES","og_type":"article","og_title":"4 de febrero: D\u00eda Mundial Contra el C\u00e1ncer - Hospital de Molina","og_description":"4 febrero 2014.- Asociado al envejecimiento, el c\u00e1ncer es una enfermedad que en Espa\u00f1a, donde una de cada seis personas es mayor de 65 a\u00f1os, aumenta a\u00f1o tras a\u00f1o. Afortunadamente, seg\u00fan indica la Sociedad Espa\u00f1ola de Oncolog\u00eda M\u00e9dica (SEOM), tambi\u00e9n se incrementa la supervivencia y la calidad de vida de los pacientes. La predicci\u00f3n de ... Leer m\u00e1s","og_url":"https:\/\/riberasalud.com\/hospital-de-molina\/4-de-febrero-dia-mundial-contra-el-cancer-3\/","og_site_name":"Hospital de Molina","article_published_time":"2014-02-19T11:57:56+00:00","article_modified_time":"2023-10-25T06:39:54+00:00","og_image":[{"url":"https:\/\/riberasalud.com\/hospital-de-molina\/wp-content\/uploads\/2020\/05\/lazo20rosa.jpg","type":"","width":"","height":""}],"author":"hmolina","twitter_card":"summary_large_image","twitter_misc":{"Escrito por":"hmolina","Tiempo de lectura":"2 minutos"},"schema":{"@context":"https:\/\/schema.org","@graph":[{"@type":"Article","@id":"https:\/\/riberasalud.com\/hospital-de-molina\/4-de-febrero-dia-mundial-contra-el-cancer-3\/#article","isPartOf":{"@id":"https:\/\/riberasalud.com\/hospital-de-molina\/4-de-febrero-dia-mundial-contra-el-cancer-3\/"},"author":{"name":"hmolina","@id":"https:\/\/riberasalud.com\/hospital-de-molina\/#\/schema\/person\/37d58effcbf02f32328940089f254419"},"headline":"4 de febrero: D\u00eda Mundial Contra el C\u00e1ncer","datePublished":"2014-02-19T11:57:56+00:00","dateModified":"2023-10-25T06:39:54+00:00","mainEntityOfPage":{"@id":"https:\/\/riberasalud.com\/hospital-de-molina\/4-de-febrero-dia-mundial-contra-el-cancer-3\/"},"wordCount":319,"publisher":{"@id":"https:\/\/riberasalud.com\/hospital-de-molina\/#organization"},"image":{"@id":"https:\/\/riberasalud.com\/hospital-de-molina\/4-de-febrero-dia-mundial-contra-el-cancer-3\/#primaryimage"},"thumbnailUrl":"https:\/\/riberasalud.com\/hospital-de-molina\/wp-content\/uploads\/2020\/05\/lazo20rosa.jpg","articleSection":["Hemeroteca"],"inLanguage":"es"},{"@type":"WebPage","@id":"https:\/\/riberasalud.com\/hospital-de-molina\/4-de-febrero-dia-mundial-contra-el-cancer-3\/","url":"https:\/\/riberasalud.com\/hospital-de-molina\/4-de-febrero-dia-mundial-contra-el-cancer-3\/","name":"4 de febrero: D\u00eda Mundial Contra el C\u00e1ncer - Hospital de Molina","isPartOf":{"@id":"https:\/\/riberasalud.com\/hospital-de-molina\/#website"},"primaryImageOfPage":{"@id":"https:\/\/riberasalud.com\/hospital-de-molina\/4-de-febrero-dia-mundial-contra-el-cancer-3\/#primaryimage"},"image":{"@id":"https:\/\/riberasalud.com\/hospital-de-molina\/4-de-febrero-dia-mundial-contra-el-cancer-3\/#primaryimage"},"thumbnailUrl":"https:\/\/riberasalud.com\/hospital-de-molina\/wp-content\/uploads\/2020\/05\/lazo20rosa.jpg","datePublished":"2014-02-19T11:57:56+00:00","dateModified":"2023-10-25T06:39:54+00:00","breadcrumb":{"@id":"https:\/\/riberasalud.com\/hospital-de-molina\/4-de-febrero-dia-mundial-contra-el-cancer-3\/#breadcrumb"},"inLanguage":"es","potentialAction":[{"@type":"ReadAction","target":["https:\/\/riberasalud.com\/hospital-de-molina\/4-de-febrero-dia-mundial-contra-el-cancer-3\/"]}]},{"@type":"ImageObject","inLanguage":"es","@id":"https:\/\/riberasalud.com\/hospital-de-molina\/4-de-febrero-dia-mundial-contra-el-cancer-3\/#primaryimage","url":"https:\/\/riberasalud.com\/hospital-de-molina\/wp-content\/uploads\/2020\/05\/lazo20rosa.jpg","contentUrl":"https:\/\/riberasalud.com\/hospital-de-molina\/wp-content\/uploads\/2020\/05\/lazo20rosa.jpg","width":439,"height":663},{"@type":"BreadcrumbList","@id":"https:\/\/riberasalud.com\/hospital-de-molina\/4-de-febrero-dia-mundial-contra-el-cancer-3\/#breadcrumb","itemListElement":[{"@type":"ListItem","position":1,"name":"Portada","item":"https:\/\/riberasalud.com\/hospital-de-molina\/"},{"@type":"ListItem","position":2,"name":"4 de febrero: D\u00eda Mundial Contra el C\u00e1ncer"}]},{"@type":"WebSite","@id":"https:\/\/riberasalud.com\/hospital-de-molina\/#website","url":"https:\/\/riberasalud.com\/hospital-de-molina\/","name":"Hospital de Molina","description":"","publisher":{"@id":"https:\/\/riberasalud.com\/hospital-de-molina\/#organization"},"potentialAction":[{"@type":"SearchAction","target":{"@type":"EntryPoint","urlTemplate":"https:\/\/riberasalud.com\/hospital-de-molina\/?s={search_term_string}"},"query-input":{"@type":"PropertyValueSpecification","valueRequired":true,"valueName":"search_term_string"}}],"inLanguage":"es"},{"@type":"Organization","@id":"https:\/\/riberasalud.com\/hospital-de-molina\/#organization","name":"Hospital de Molina","url":"https:\/\/riberasalud.com\/hospital-de-molina\/","logo":{"@type":"ImageObject","inLanguage":"es","@id":"https:\/\/riberasalud.com\/hospital-de-molina\/#\/schema\/logo\/image\/","url":"https:\/\/riberasalud.com\/hospital-de-molina\/wp-content\/uploads\/2023\/01\/cropped-Logo-Red-DeMolina-bigtz7.png","contentUrl":"https:\/\/riberasalud.com\/hospital-de-molina\/wp-content\/uploads\/2023\/01\/cropped-Logo-Red-DeMolina-bigtz7.png","width":300,"height":72,"caption":"Hospital de Molina"},"image":{"@id":"https:\/\/riberasalud.com\/hospital-de-molina\/#\/schema\/logo\/image\/"}},{"@type":"Person","@id":"https:\/\/riberasalud.com\/hospital-de-molina\/#\/schema\/person\/37d58effcbf02f32328940089f254419","name":"hmolina","image":{"@type":"ImageObject","inLanguage":"es","@id":"https:\/\/riberasalud.com\/hospital-de-molina\/#\/schema\/person\/image\/","url":"https:\/\/secure.gravatar.com\/avatar\/9db1181c394bec9505d449c90a21b5363cc35ad9a76f60f11a304b23bb0e8dd4?s=96&d=mm&r=g","contentUrl":"https:\/\/secure.gravatar.com\/avatar\/9db1181c394bec9505d449c90a21b5363cc35ad9a76f60f11a304b23bb0e8dd4?s=96&d=mm&r=g","caption":"hmolina"},"url":"https:\/\/riberasalud.com\/hospital-de-molina\/author\/hmolina\/"}]}},"uagb_featured_image_src":{"full":false,"thumbnail":false,"medium":false,"medium_large":false,"large":false,"1536x1536":false,"2048x2048":false},"uagb_author_info":{"display_name":"hmolina","author_link":"https:\/\/riberasalud.com\/hospital-de-molina\/author\/hmolina\/"},"uagb_comment_info":0,"uagb_excerpt":"4 febrero 2014.- Asociado al envejecimiento, el c\u00e1ncer es una enfermedad que en Espa\u00f1a, donde una de cada seis personas es mayor de 65 a\u00f1os, aumenta a\u00f1o tras a\u00f1o. Afortunadamente, seg\u00fan indica la Sociedad Espa\u00f1ola de Oncolog\u00eda M\u00e9dica (SEOM), tambi\u00e9n se incrementa la supervivencia y la calidad de vida de los pacientes. La predicci\u00f3n de&hellip;","_links":{"self":[{"href":"https:\/\/riberasalud.com\/hospital-de-molina\/wp-json\/wp\/v2\/posts\/2279","targetHints":{"allow":["GET"]}}],"collection":[{"href":"https:\/\/riberasalud.com\/hospital-de-molina\/wp-json\/wp\/v2\/posts"}],"about":[{"href":"https:\/\/riberasalud.com\/hospital-de-molina\/wp-json\/wp\/v2\/types\/post"}],"author":[{"embeddable":true,"href":"https:\/\/riberasalud.com\/hospital-de-molina\/wp-json\/wp\/v2\/users\/3"}],"replies":[{"embeddable":true,"href":"https:\/\/riberasalud.com\/hospital-de-molina\/wp-json\/wp\/v2\/comments?post=2279"}],"version-history":[{"count":1,"href":"https:\/\/riberasalud.com\/hospital-de-molina\/wp-json\/wp\/v2\/posts\/2279\/revisions"}],"predecessor-version":[{"id":8456,"href":"https:\/\/riberasalud.com\/hospital-de-molina\/wp-json\/wp\/v2\/posts\/2279\/revisions\/8456"}],"wp:attachment":[{"href":"https:\/\/riberasalud.com\/hospital-de-molina\/wp-json\/wp\/v2\/media?parent=2279"}],"wp:term":[{"taxonomy":"category","embeddable":true,"href":"https:\/\/riberasalud.com\/hospital-de-molina\/wp-json\/wp\/v2\/categories?post=2279"},{"taxonomy":"post_tag","embeddable":true,"href":"https:\/\/riberasalud.com\/hospital-de-molina\/wp-json\/wp\/v2\/tags?post=2279"}],"curies":[{"name":"wp","href":"https:\/\/api.w.org\/{rel}","templated":true}]}}