{"id":2273,"date":"2012-02-21T17:16:27","date_gmt":"2012-02-21T16:16:27","guid":{"rendered":"https:\/\/www.hospitaldemolina.es\/el-delegado-del-gobierno-de-la-region-de-murcia-y-el-alcalde-de-molina-de-segura-visitan-el-hospital-de-molina\/"},"modified":"2023-10-25T06:40:25","modified_gmt":"2023-10-25T06:40:25","slug":"el-delegado-del-gobierno-de-la-region-de-murcia-y-el-alcalde-de-molina-de-segura-visitan-el-hospital-de-molina","status":"publish","type":"post","link":"https:\/\/riberasalud.com\/hospital-de-molina\/el-delegado-del-gobierno-de-la-region-de-murcia-y-el-alcalde-de-molina-de-segura-visitan-el-hospital-de-molina\/","title":{"rendered":"El Delegado del Gobierno de la Regi\u00f3n de Murcia y el Alcalde de Molina de Segura visitan el Hospital de Molina"},"content":{"rendered":"<p>21 febrero 2012.- El Hospital de Molina ha recibido la visita institucional del Delegado del Gobierno en la Regi\u00f3n de Murcia, Joaqu\u00edn Bascu\u00f1ana, acompa\u00f1ado del Alcalde de Molina de Segura, Eduardo Contreras Linares.<\/p>\n<p>Durante su visita, y junto al Director-Gerente del Hospital de Molina, Pedro Hern\u00e1ndez Jim\u00e9nez, el Consejero Delegado de Terapias M\u00e9dicas S.L., Domingo Mench\u00f3n, y el Director M\u00e9dico del Hospital, Eduardo Rodr\u00edguez de la Vega, el Delegado del Gobierno ha conocido de primera mano las instalaciones del propio centro hospitalario y la prestaci\u00f3n de pruebas diagn\u00f3sticas y de servicios en quince especialidades m\u00e9dicas, como ginecolog\u00eda, pediatr\u00eda, psicolog\u00eda, pediatr\u00eda, neurolog\u00eda, fisioterapia, etc.<\/p>\n<p>Con su actividad sanitaria, el Hospital de Molina atiende las necesidades m\u00e9dicas de una poblaci\u00f3n superior a 120.000 habitantes de la Comarca de la Vega Media.<\/p>\n<p>El Hospital de Molina es el hospital m\u00e1s premiado en su tama\u00f1o de la Regi\u00f3n de Murcia, con seis premios TOP 20 para la excelencia en Gesti\u00f3n Hospitalaria en la categor\u00eda de Hospitales Generales Peque\u00f1os, al que suma otro concedido en 2009 en su \u00e1rea de Traumatolog\u00eda.<\/p>\n<p>Enlaces Relacionados:<\/p>\n<p><a href=\"http:\/\/www.seap.minhap.gob.es\/ministerio\/delegaciones_gobierno\/delegaciones\/murcia.html\">Delegaci\u00f3n del Gobierno en la Regi\u00f3n de Murcia<\/a><\/p>\n","protected":false},"excerpt":{"rendered":"<p>21 febrero 2012.- El Hospital de Molina ha recibido la visita institucional del Delegado del Gobierno en la Regi\u00f3n de Murcia, Joaqu\u00edn Bascu\u00f1ana, acompa\u00f1ado del Alcalde de Molina de Segura, Eduardo Contreras Linares. Durante su visita, y junto al Director-Gerente del Hospital de Molina, Pedro Hern\u00e1ndez Jim\u00e9nez, el Consejero Delegado de Terapias M\u00e9dicas S.L., Domingo &#8230; <a title=\"El Delegado del Gobierno de la Regi\u00f3n de Murcia y el Alcalde de Molina de Segura visitan el Hospital de Molina\" class=\"read-more\" href=\"https:\/\/riberasalud.com\/hospital-de-molina\/el-delegado-del-gobierno-de-la-region-de-murcia-y-el-alcalde-de-molina-de-segura-visitan-el-hospital-de-molina\/\" aria-label=\"Leer m\u00e1s sobre El Delegado del Gobierno de la Regi\u00f3n de Murcia y el Alcalde de Molina de Segura visitan el Hospital de Molina\">Leer m\u00e1s<\/a><\/p>\n","protected":false},"author":3,"featured_media":0,"comment_status":"closed","ping_status":"open","sticky":false,"template":"","format":"standard","meta":{"_uag_custom_page_level_css":"","_mi_skip_tracking":false,"footnotes":""},"categories":[7],"tags":[],"class_list":["post-2273","post","type-post","status-publish","format-standard","hentry","category-hemeroteca"],"yoast_head":"<!-- This site is optimized with the Yoast SEO plugin v26.6 - https:\/\/yoast.com\/wordpress\/plugins\/seo\/ -->\n<title>El Delegado del Gobierno de la Regi\u00f3n de Murcia y el Alcalde de Molina de Segura visitan el Hospital de Molina - Hospital de Molina<\/title>\n<meta name=\"robots\" content=\"index, follow, max-snippet:-1, max-image-preview:large, max-video-preview:-1\" \/>\n<link rel=\"canonical\" href=\"https:\/\/riberasalud.com\/hospital-de-molina\/el-delegado-del-gobierno-de-la-region-de-murcia-y-el-alcalde-de-molina-de-segura-visitan-el-hospital-de-molina\/\" \/>\n<meta property=\"og:locale\" content=\"es_ES\" \/>\n<meta property=\"og:type\" content=\"article\" \/>\n<meta property=\"og:title\" content=\"El Delegado del Gobierno de la Regi\u00f3n de Murcia y el Alcalde de Molina de Segura visitan el Hospital de Molina - Hospital de Molina\" \/>\n<meta property=\"og:description\" content=\"21 febrero 2012.- El Hospital de Molina ha recibido la visita institucional del Delegado del Gobierno en la Regi\u00f3n de Murcia, Joaqu\u00edn Bascu\u00f1ana, acompa\u00f1ado del Alcalde de Molina de Segura, Eduardo Contreras Linares. Durante su visita, y junto al Director-Gerente del Hospital de Molina, Pedro Hern\u00e1ndez Jim\u00e9nez, el Consejero Delegado de Terapias M\u00e9dicas S.L., Domingo ... Leer m\u00e1s\" \/>\n<meta property=\"og:url\" content=\"https:\/\/riberasalud.com\/hospital-de-molina\/el-delegado-del-gobierno-de-la-region-de-murcia-y-el-alcalde-de-molina-de-segura-visitan-el-hospital-de-molina\/\" \/>\n<meta property=\"og:site_name\" content=\"Hospital de Molina\" \/>\n<meta property=\"article:published_time\" content=\"2012-02-21T16:16:27+00:00\" \/>\n<meta property=\"article:modified_time\" content=\"2023-10-25T06:40:25+00:00\" \/>\n<meta name=\"author\" content=\"hmolina\" \/>\n<meta name=\"twitter:card\" content=\"summary_large_image\" \/>\n<meta name=\"twitter:label1\" content=\"Escrito por\" \/>\n\t<meta name=\"twitter:data1\" content=\"hmolina\" \/>\n<script type=\"application\/ld+json\" class=\"yoast-schema-graph\">{\"@context\":\"https:\/\/schema.org\",\"@graph\":[{\"@type\":\"Article\",\"@id\":\"https:\/\/riberasalud.com\/hospital-de-molina\/el-delegado-del-gobierno-de-la-region-de-murcia-y-el-alcalde-de-molina-de-segura-visitan-el-hospital-de-molina\/#article\",\"isPartOf\":{\"@id\":\"https:\/\/riberasalud.com\/hospital-de-molina\/el-delegado-del-gobierno-de-la-region-de-murcia-y-el-alcalde-de-molina-de-segura-visitan-el-hospital-de-molina\/\"},\"author\":{\"name\":\"hmolina\",\"@id\":\"https:\/\/riberasalud.com\/hospital-de-molina\/#\/schema\/person\/37d58effcbf02f32328940089f254419\"},\"headline\":\"El Delegado del Gobierno de la Regi\u00f3n de Murcia y el Alcalde de Molina de Segura visitan el Hospital de Molina\",\"datePublished\":\"2012-02-21T16:16:27+00:00\",\"dateModified\":\"2023-10-25T06:40:25+00:00\",\"mainEntityOfPage\":{\"@id\":\"https:\/\/riberasalud.com\/hospital-de-molina\/el-delegado-del-gobierno-de-la-region-de-murcia-y-el-alcalde-de-molina-de-segura-visitan-el-hospital-de-molina\/\"},\"wordCount\":234,\"publisher\":{\"@id\":\"https:\/\/riberasalud.com\/hospital-de-molina\/#organization\"},\"articleSection\":[\"Hemeroteca\"],\"inLanguage\":\"es\"},{\"@type\":\"WebPage\",\"@id\":\"https:\/\/riberasalud.com\/hospital-de-molina\/el-delegado-del-gobierno-de-la-region-de-murcia-y-el-alcalde-de-molina-de-segura-visitan-el-hospital-de-molina\/\",\"url\":\"https:\/\/riberasalud.com\/hospital-de-molina\/el-delegado-del-gobierno-de-la-region-de-murcia-y-el-alcalde-de-molina-de-segura-visitan-el-hospital-de-molina\/\",\"name\":\"El Delegado del Gobierno de la Regi\u00f3n de Murcia y el Alcalde de Molina de Segura visitan el Hospital de Molina - Hospital de Molina\",\"isPartOf\":{\"@id\":\"https:\/\/riberasalud.com\/hospital-de-molina\/#website\"},\"datePublished\":\"2012-02-21T16:16:27+00:00\",\"dateModified\":\"2023-10-25T06:40:25+00:00\",\"breadcrumb\":{\"@id\":\"https:\/\/riberasalud.com\/hospital-de-molina\/el-delegado-del-gobierno-de-la-region-de-murcia-y-el-alcalde-de-molina-de-segura-visitan-el-hospital-de-molina\/#breadcrumb\"},\"inLanguage\":\"es\",\"potentialAction\":[{\"@type\":\"ReadAction\",\"target\":[\"https:\/\/riberasalud.com\/hospital-de-molina\/el-delegado-del-gobierno-de-la-region-de-murcia-y-el-alcalde-de-molina-de-segura-visitan-el-hospital-de-molina\/\"]}]},{\"@type\":\"BreadcrumbList\",\"@id\":\"https:\/\/riberasalud.com\/hospital-de-molina\/el-delegado-del-gobierno-de-la-region-de-murcia-y-el-alcalde-de-molina-de-segura-visitan-el-hospital-de-molina\/#breadcrumb\",\"itemListElement\":[{\"@type\":\"ListItem\",\"position\":1,\"name\":\"Portada\",\"item\":\"https:\/\/riberasalud.com\/hospital-de-molina\/\"},{\"@type\":\"ListItem\",\"position\":2,\"name\":\"El Delegado del Gobierno de la Regi\u00f3n de Murcia y el Alcalde de Molina de Segura visitan el Hospital de Molina\"}]},{\"@type\":\"WebSite\",\"@id\":\"https:\/\/riberasalud.com\/hospital-de-molina\/#website\",\"url\":\"https:\/\/riberasalud.com\/hospital-de-molina\/\",\"name\":\"Hospital de Molina\",\"description\":\"\",\"publisher\":{\"@id\":\"https:\/\/riberasalud.com\/hospital-de-molina\/#organization\"},\"potentialAction\":[{\"@type\":\"SearchAction\",\"target\":{\"@type\":\"EntryPoint\",\"urlTemplate\":\"https:\/\/riberasalud.com\/hospital-de-molina\/?s={search_term_string}\"},\"query-input\":{\"@type\":\"PropertyValueSpecification\",\"valueRequired\":true,\"valueName\":\"search_term_string\"}}],\"inLanguage\":\"es\"},{\"@type\":\"Organization\",\"@id\":\"https:\/\/riberasalud.com\/hospital-de-molina\/#organization\",\"name\":\"Hospital de Molina\",\"url\":\"https:\/\/riberasalud.com\/hospital-de-molina\/\",\"logo\":{\"@type\":\"ImageObject\",\"inLanguage\":\"es\",\"@id\":\"https:\/\/riberasalud.com\/hospital-de-molina\/#\/schema\/logo\/image\/\",\"url\":\"https:\/\/riberasalud.com\/hospital-de-molina\/wp-content\/uploads\/2023\/01\/cropped-Logo-Red-DeMolina-bigtz7.png\",\"contentUrl\":\"https:\/\/riberasalud.com\/hospital-de-molina\/wp-content\/uploads\/2023\/01\/cropped-Logo-Red-DeMolina-bigtz7.png\",\"width\":300,\"height\":72,\"caption\":\"Hospital de Molina\"},\"image\":{\"@id\":\"https:\/\/riberasalud.com\/hospital-de-molina\/#\/schema\/logo\/image\/\"}},{\"@type\":\"Person\",\"@id\":\"https:\/\/riberasalud.com\/hospital-de-molina\/#\/schema\/person\/37d58effcbf02f32328940089f254419\",\"name\":\"hmolina\",\"image\":{\"@type\":\"ImageObject\",\"inLanguage\":\"es\",\"@id\":\"https:\/\/riberasalud.com\/hospital-de-molina\/#\/schema\/person\/image\/\",\"url\":\"https:\/\/secure.gravatar.com\/avatar\/9db1181c394bec9505d449c90a21b5363cc35ad9a76f60f11a304b23bb0e8dd4?s=96&d=mm&r=g\",\"contentUrl\":\"https:\/\/secure.gravatar.com\/avatar\/9db1181c394bec9505d449c90a21b5363cc35ad9a76f60f11a304b23bb0e8dd4?s=96&d=mm&r=g\",\"caption\":\"hmolina\"},\"url\":\"https:\/\/riberasalud.com\/hospital-de-molina\/author\/hmolina\/\"}]}<\/script>\n<!-- \/ Yoast SEO plugin. -->","yoast_head_json":{"title":"El Delegado del Gobierno de la Regi\u00f3n de Murcia y el Alcalde de Molina de Segura visitan el Hospital de Molina - Hospital de Molina","robots":{"index":"index","follow":"follow","max-snippet":"max-snippet:-1","max-image-preview":"max-image-preview:large","max-video-preview":"max-video-preview:-1"},"canonical":"https:\/\/riberasalud.com\/hospital-de-molina\/el-delegado-del-gobierno-de-la-region-de-murcia-y-el-alcalde-de-molina-de-segura-visitan-el-hospital-de-molina\/","og_locale":"es_ES","og_type":"article","og_title":"El Delegado del Gobierno de la Regi\u00f3n de Murcia y el Alcalde de Molina de Segura visitan el Hospital de Molina - Hospital de Molina","og_description":"21 febrero 2012.- El Hospital de Molina ha recibido la visita institucional del Delegado del Gobierno en la Regi\u00f3n de Murcia, Joaqu\u00edn Bascu\u00f1ana, acompa\u00f1ado del Alcalde de Molina de Segura, Eduardo Contreras Linares. Durante su visita, y junto al Director-Gerente del Hospital de Molina, Pedro Hern\u00e1ndez Jim\u00e9nez, el Consejero Delegado de Terapias M\u00e9dicas S.L., Domingo ... Leer m\u00e1s","og_url":"https:\/\/riberasalud.com\/hospital-de-molina\/el-delegado-del-gobierno-de-la-region-de-murcia-y-el-alcalde-de-molina-de-segura-visitan-el-hospital-de-molina\/","og_site_name":"Hospital de Molina","article_published_time":"2012-02-21T16:16:27+00:00","article_modified_time":"2023-10-25T06:40:25+00:00","author":"hmolina","twitter_card":"summary_large_image","twitter_misc":{"Escrito por":"hmolina"},"schema":{"@context":"https:\/\/schema.org","@graph":[{"@type":"Article","@id":"https:\/\/riberasalud.com\/hospital-de-molina\/el-delegado-del-gobierno-de-la-region-de-murcia-y-el-alcalde-de-molina-de-segura-visitan-el-hospital-de-molina\/#article","isPartOf":{"@id":"https:\/\/riberasalud.com\/hospital-de-molina\/el-delegado-del-gobierno-de-la-region-de-murcia-y-el-alcalde-de-molina-de-segura-visitan-el-hospital-de-molina\/"},"author":{"name":"hmolina","@id":"https:\/\/riberasalud.com\/hospital-de-molina\/#\/schema\/person\/37d58effcbf02f32328940089f254419"},"headline":"El Delegado del Gobierno de la Regi\u00f3n de Murcia y el Alcalde de Molina de Segura visitan el Hospital de Molina","datePublished":"2012-02-21T16:16:27+00:00","dateModified":"2023-10-25T06:40:25+00:00","mainEntityOfPage":{"@id":"https:\/\/riberasalud.com\/hospital-de-molina\/el-delegado-del-gobierno-de-la-region-de-murcia-y-el-alcalde-de-molina-de-segura-visitan-el-hospital-de-molina\/"},"wordCount":234,"publisher":{"@id":"https:\/\/riberasalud.com\/hospital-de-molina\/#organization"},"articleSection":["Hemeroteca"],"inLanguage":"es"},{"@type":"WebPage","@id":"https:\/\/riberasalud.com\/hospital-de-molina\/el-delegado-del-gobierno-de-la-region-de-murcia-y-el-alcalde-de-molina-de-segura-visitan-el-hospital-de-molina\/","url":"https:\/\/riberasalud.com\/hospital-de-molina\/el-delegado-del-gobierno-de-la-region-de-murcia-y-el-alcalde-de-molina-de-segura-visitan-el-hospital-de-molina\/","name":"El Delegado del Gobierno de la Regi\u00f3n de Murcia y el Alcalde de Molina de Segura visitan el Hospital de Molina - Hospital de Molina","isPartOf":{"@id":"https:\/\/riberasalud.com\/hospital-de-molina\/#website"},"datePublished":"2012-02-21T16:16:27+00:00","dateModified":"2023-10-25T06:40:25+00:00","breadcrumb":{"@id":"https:\/\/riberasalud.com\/hospital-de-molina\/el-delegado-del-gobierno-de-la-region-de-murcia-y-el-alcalde-de-molina-de-segura-visitan-el-hospital-de-molina\/#breadcrumb"},"inLanguage":"es","potentialAction":[{"@type":"ReadAction","target":["https:\/\/riberasalud.com\/hospital-de-molina\/el-delegado-del-gobierno-de-la-region-de-murcia-y-el-alcalde-de-molina-de-segura-visitan-el-hospital-de-molina\/"]}]},{"@type":"BreadcrumbList","@id":"https:\/\/riberasalud.com\/hospital-de-molina\/el-delegado-del-gobierno-de-la-region-de-murcia-y-el-alcalde-de-molina-de-segura-visitan-el-hospital-de-molina\/#breadcrumb","itemListElement":[{"@type":"ListItem","position":1,"name":"Portada","item":"https:\/\/riberasalud.com\/hospital-de-molina\/"},{"@type":"ListItem","position":2,"name":"El Delegado del Gobierno de la Regi\u00f3n de Murcia y el Alcalde de Molina de Segura visitan el Hospital de Molina"}]},{"@type":"WebSite","@id":"https:\/\/riberasalud.com\/hospital-de-molina\/#website","url":"https:\/\/riberasalud.com\/hospital-de-molina\/","name":"Hospital de Molina","description":"","publisher":{"@id":"https:\/\/riberasalud.com\/hospital-de-molina\/#organization"},"potentialAction":[{"@type":"SearchAction","target":{"@type":"EntryPoint","urlTemplate":"https:\/\/riberasalud.com\/hospital-de-molina\/?s={search_term_string}"},"query-input":{"@type":"PropertyValueSpecification","valueRequired":true,"valueName":"search_term_string"}}],"inLanguage":"es"},{"@type":"Organization","@id":"https:\/\/riberasalud.com\/hospital-de-molina\/#organization","name":"Hospital de Molina","url":"https:\/\/riberasalud.com\/hospital-de-molina\/","logo":{"@type":"ImageObject","inLanguage":"es","@id":"https:\/\/riberasalud.com\/hospital-de-molina\/#\/schema\/logo\/image\/","url":"https:\/\/riberasalud.com\/hospital-de-molina\/wp-content\/uploads\/2023\/01\/cropped-Logo-Red-DeMolina-bigtz7.png","contentUrl":"https:\/\/riberasalud.com\/hospital-de-molina\/wp-content\/uploads\/2023\/01\/cropped-Logo-Red-DeMolina-bigtz7.png","width":300,"height":72,"caption":"Hospital de Molina"},"image":{"@id":"https:\/\/riberasalud.com\/hospital-de-molina\/#\/schema\/logo\/image\/"}},{"@type":"Person","@id":"https:\/\/riberasalud.com\/hospital-de-molina\/#\/schema\/person\/37d58effcbf02f32328940089f254419","name":"hmolina","image":{"@type":"ImageObject","inLanguage":"es","@id":"https:\/\/riberasalud.com\/hospital-de-molina\/#\/schema\/person\/image\/","url":"https:\/\/secure.gravatar.com\/avatar\/9db1181c394bec9505d449c90a21b5363cc35ad9a76f60f11a304b23bb0e8dd4?s=96&d=mm&r=g","contentUrl":"https:\/\/secure.gravatar.com\/avatar\/9db1181c394bec9505d449c90a21b5363cc35ad9a76f60f11a304b23bb0e8dd4?s=96&d=mm&r=g","caption":"hmolina"},"url":"https:\/\/riberasalud.com\/hospital-de-molina\/author\/hmolina\/"}]}},"uagb_featured_image_src":{"full":false,"thumbnail":false,"medium":false,"medium_large":false,"large":false,"1536x1536":false,"2048x2048":false},"uagb_author_info":{"display_name":"hmolina","author_link":"https:\/\/riberasalud.com\/hospital-de-molina\/author\/hmolina\/"},"uagb_comment_info":0,"uagb_excerpt":"21 febrero 2012.- El Hospital de Molina ha recibido la visita institucional del Delegado del Gobierno en la Regi\u00f3n de Murcia, Joaqu\u00edn Bascu\u00f1ana, acompa\u00f1ado del Alcalde de Molina de Segura, Eduardo Contreras Linares. Durante su visita, y junto al Director-Gerente del Hospital de Molina, Pedro Hern\u00e1ndez Jim\u00e9nez, el Consejero Delegado de Terapias M\u00e9dicas S.L., Domingo&hellip;","_links":{"self":[{"href":"https:\/\/riberasalud.com\/hospital-de-molina\/wp-json\/wp\/v2\/posts\/2273","targetHints":{"allow":["GET"]}}],"collection":[{"href":"https:\/\/riberasalud.com\/hospital-de-molina\/wp-json\/wp\/v2\/posts"}],"about":[{"href":"https:\/\/riberasalud.com\/hospital-de-molina\/wp-json\/wp\/v2\/types\/post"}],"author":[{"embeddable":true,"href":"https:\/\/riberasalud.com\/hospital-de-molina\/wp-json\/wp\/v2\/users\/3"}],"replies":[{"embeddable":true,"href":"https:\/\/riberasalud.com\/hospital-de-molina\/wp-json\/wp\/v2\/comments?post=2273"}],"version-history":[{"count":1,"href":"https:\/\/riberasalud.com\/hospital-de-molina\/wp-json\/wp\/v2\/posts\/2273\/revisions"}],"predecessor-version":[{"id":7648,"href":"https:\/\/riberasalud.com\/hospital-de-molina\/wp-json\/wp\/v2\/posts\/2273\/revisions\/7648"}],"wp:attachment":[{"href":"https:\/\/riberasalud.com\/hospital-de-molina\/wp-json\/wp\/v2\/media?parent=2273"}],"wp:term":[{"taxonomy":"category","embeddable":true,"href":"https:\/\/riberasalud.com\/hospital-de-molina\/wp-json\/wp\/v2\/categories?post=2273"},{"taxonomy":"post_tag","embeddable":true,"href":"https:\/\/riberasalud.com\/hospital-de-molina\/wp-json\/wp\/v2\/tags?post=2273"}],"curies":[{"name":"wp","href":"https:\/\/api.w.org\/{rel}","templated":true}]}}