{"id":2272,"date":"2012-02-27T17:14:12","date_gmt":"2012-02-27T16:14:12","guid":{"rendered":"https:\/\/www.hospitaldemolina.es\/el-hospital-de-molina-se-une-al-dia-nacional-del-trasplante\/"},"modified":"2023-10-25T06:40:25","modified_gmt":"2023-10-25T06:40:25","slug":"el-hospital-de-molina-se-une-al-dia-nacional-del-trasplante","status":"publish","type":"post","link":"https:\/\/riberasalud.com\/hospital-de-molina\/el-hospital-de-molina-se-une-al-dia-nacional-del-trasplante\/","title":{"rendered":"El Hospital de Molina se une al D\u00eda Nacional del Trasplante"},"content":{"rendered":"<p>27 febrero 2012.- Con motivo de la celebraci\u00f3n hoy del D\u00eda Nacional del Trasplante, el Hospital de Molina se suma a la labor de concienciaci\u00f3n de la importancia de donar \u00f3rganos y tejidos, porque \u201cDonar \u00f3rganos es donar vida\u201d.<\/p>\n<p><img decoding=\"async\" src=\"https:\/\/hospitaldemolina.es\/wp-content\/uploads\/2020\/05\/HM20-20Fachada_2.jpg\" style=\"height:140px; width: auto;\"><\/p>\n<p>Seg\u00fan el Director-Gerente del Hospital de Molina, Pedro Hern\u00e1ndez Jim\u00e9nez, \u201choy m\u00e1s que nunca, todos \u2013 tanto los profesionales sanitarios como la poblaci\u00f3n en general &#8211; tenemos que concienciarnos de la importancia de la donaci\u00f3n, porque afortunadamente ahora los trasplantes de \u00f3rganos y tejidos so cada vez m\u00e1s eficientes\u201d.<\/p>\n<p>As\u00ed lo revelan los datos emitidos por la Organizaci\u00f3n Nacional del Trasplante (ONT), seg\u00fan los cuales Espa\u00f1a bati\u00f3 su propio r\u00e9cord en 2011 con 4.218 transplantes realizados, lo que supone 445 enfermos trasplantados m\u00e1s que el a\u00f1o anterior. En la Regi\u00f3n de Murcia, los datos son tambi\u00e9n alentadores, pasando de 45 a 57 enfermos trasplantados. Esto es posible gracias a la generosidad de muchas personas y familias que, incluso en momentos muy dif\u00edciles, adoptan la decisi\u00f3n de donar sus propios \u00f3rganos o los de sus familiares. Su solidaridad da vida.<\/p>\n<p>Enlaces Relacionados:<\/p>\n","protected":false},"excerpt":{"rendered":"<p>27 febrero 2012.- Con motivo de la celebraci\u00f3n hoy del D\u00eda Nacional del Trasplante, el Hospital de Molina se suma a la labor de concienciaci\u00f3n de la importancia de donar \u00f3rganos y tejidos, porque \u201cDonar \u00f3rganos es donar vida\u201d. Seg\u00fan el Director-Gerente del Hospital de Molina, Pedro Hern\u00e1ndez Jim\u00e9nez, \u201choy m\u00e1s que nunca, todos \u2013 &#8230; <a title=\"El Hospital de Molina se une al D\u00eda Nacional del Trasplante\" class=\"read-more\" href=\"https:\/\/riberasalud.com\/hospital-de-molina\/el-hospital-de-molina-se-une-al-dia-nacional-del-trasplante\/\" aria-label=\"Leer m\u00e1s sobre El Hospital de Molina se une al D\u00eda Nacional del Trasplante\">Leer m\u00e1s<\/a><\/p>\n","protected":false},"author":3,"featured_media":0,"comment_status":"closed","ping_status":"open","sticky":false,"template":"","format":"standard","meta":{"_uag_custom_page_level_css":"","_mi_skip_tracking":false,"footnotes":""},"categories":[7],"tags":[],"class_list":["post-2272","post","type-post","status-publish","format-standard","hentry","category-hemeroteca"],"yoast_head":"<!-- This site is optimized with the Yoast SEO plugin v26.6 - https:\/\/yoast.com\/wordpress\/plugins\/seo\/ -->\n<title>El Hospital de Molina se une al D\u00eda Nacional del Trasplante - Hospital de Molina<\/title>\n<meta name=\"robots\" content=\"index, follow, max-snippet:-1, max-image-preview:large, max-video-preview:-1\" \/>\n<link rel=\"canonical\" href=\"https:\/\/riberasalud.com\/hospital-de-molina\/el-hospital-de-molina-se-une-al-dia-nacional-del-trasplante\/\" \/>\n<meta property=\"og:locale\" content=\"es_ES\" \/>\n<meta property=\"og:type\" content=\"article\" \/>\n<meta property=\"og:title\" content=\"El Hospital de Molina se une al D\u00eda Nacional del Trasplante - Hospital de Molina\" \/>\n<meta property=\"og:description\" content=\"27 febrero 2012.- Con motivo de la celebraci\u00f3n hoy del D\u00eda Nacional del Trasplante, el Hospital de Molina se suma a la labor de concienciaci\u00f3n de la importancia de donar \u00f3rganos y tejidos, porque \u201cDonar \u00f3rganos es donar vida\u201d. Seg\u00fan el Director-Gerente del Hospital de Molina, Pedro Hern\u00e1ndez Jim\u00e9nez, \u201choy m\u00e1s que nunca, todos \u2013 ... Leer m\u00e1s\" \/>\n<meta property=\"og:url\" content=\"https:\/\/riberasalud.com\/hospital-de-molina\/el-hospital-de-molina-se-une-al-dia-nacional-del-trasplante\/\" \/>\n<meta property=\"og:site_name\" content=\"Hospital de Molina\" \/>\n<meta property=\"article:published_time\" content=\"2012-02-27T16:14:12+00:00\" \/>\n<meta property=\"article:modified_time\" content=\"2023-10-25T06:40:25+00:00\" \/>\n<meta property=\"og:image\" content=\"https:\/\/hospitaldemolina.es\/wp-content\/uploads\/2020\/05\/HM20-20Fachada_2.jpg\" \/>\n<meta name=\"author\" content=\"hmolina\" \/>\n<meta name=\"twitter:card\" content=\"summary_large_image\" \/>\n<meta name=\"twitter:label1\" content=\"Escrito por\" \/>\n\t<meta name=\"twitter:data1\" content=\"hmolina\" \/>\n\t<meta name=\"twitter:label2\" content=\"Tiempo de lectura\" \/>\n\t<meta name=\"twitter:data2\" content=\"1 minuto\" \/>\n<script type=\"application\/ld+json\" class=\"yoast-schema-graph\">{\"@context\":\"https:\/\/schema.org\",\"@graph\":[{\"@type\":\"Article\",\"@id\":\"https:\/\/riberasalud.com\/hospital-de-molina\/el-hospital-de-molina-se-une-al-dia-nacional-del-trasplante\/#article\",\"isPartOf\":{\"@id\":\"https:\/\/riberasalud.com\/hospital-de-molina\/el-hospital-de-molina-se-une-al-dia-nacional-del-trasplante\/\"},\"author\":{\"name\":\"hmolina\",\"@id\":\"https:\/\/riberasalud.com\/hospital-de-molina\/#\/schema\/person\/37d58effcbf02f32328940089f254419\"},\"headline\":\"El Hospital de Molina se une al D\u00eda Nacional del Trasplante\",\"datePublished\":\"2012-02-27T16:14:12+00:00\",\"dateModified\":\"2023-10-25T06:40:25+00:00\",\"mainEntityOfPage\":{\"@id\":\"https:\/\/riberasalud.com\/hospital-de-molina\/el-hospital-de-molina-se-une-al-dia-nacional-del-trasplante\/\"},\"wordCount\":205,\"publisher\":{\"@id\":\"https:\/\/riberasalud.com\/hospital-de-molina\/#organization\"},\"image\":{\"@id\":\"https:\/\/riberasalud.com\/hospital-de-molina\/el-hospital-de-molina-se-une-al-dia-nacional-del-trasplante\/#primaryimage\"},\"thumbnailUrl\":\"https:\/\/hospitaldemolina.es\/wp-content\/uploads\/2020\/05\/HM20-20Fachada_2.jpg\",\"articleSection\":[\"Hemeroteca\"],\"inLanguage\":\"es\"},{\"@type\":\"WebPage\",\"@id\":\"https:\/\/riberasalud.com\/hospital-de-molina\/el-hospital-de-molina-se-une-al-dia-nacional-del-trasplante\/\",\"url\":\"https:\/\/riberasalud.com\/hospital-de-molina\/el-hospital-de-molina-se-une-al-dia-nacional-del-trasplante\/\",\"name\":\"El Hospital de Molina se une al D\u00eda Nacional del Trasplante - Hospital de Molina\",\"isPartOf\":{\"@id\":\"https:\/\/riberasalud.com\/hospital-de-molina\/#website\"},\"primaryImageOfPage\":{\"@id\":\"https:\/\/riberasalud.com\/hospital-de-molina\/el-hospital-de-molina-se-une-al-dia-nacional-del-trasplante\/#primaryimage\"},\"image\":{\"@id\":\"https:\/\/riberasalud.com\/hospital-de-molina\/el-hospital-de-molina-se-une-al-dia-nacional-del-trasplante\/#primaryimage\"},\"thumbnailUrl\":\"https:\/\/hospitaldemolina.es\/wp-content\/uploads\/2020\/05\/HM20-20Fachada_2.jpg\",\"datePublished\":\"2012-02-27T16:14:12+00:00\",\"dateModified\":\"2023-10-25T06:40:25+00:00\",\"breadcrumb\":{\"@id\":\"https:\/\/riberasalud.com\/hospital-de-molina\/el-hospital-de-molina-se-une-al-dia-nacional-del-trasplante\/#breadcrumb\"},\"inLanguage\":\"es\",\"potentialAction\":[{\"@type\":\"ReadAction\",\"target\":[\"https:\/\/riberasalud.com\/hospital-de-molina\/el-hospital-de-molina-se-une-al-dia-nacional-del-trasplante\/\"]}]},{\"@type\":\"ImageObject\",\"inLanguage\":\"es\",\"@id\":\"https:\/\/riberasalud.com\/hospital-de-molina\/el-hospital-de-molina-se-une-al-dia-nacional-del-trasplante\/#primaryimage\",\"url\":\"https:\/\/hospitaldemolina.es\/wp-content\/uploads\/2020\/05\/HM20-20Fachada_2.jpg\",\"contentUrl\":\"https:\/\/hospitaldemolina.es\/wp-content\/uploads\/2020\/05\/HM20-20Fachada_2.jpg\"},{\"@type\":\"BreadcrumbList\",\"@id\":\"https:\/\/riberasalud.com\/hospital-de-molina\/el-hospital-de-molina-se-une-al-dia-nacional-del-trasplante\/#breadcrumb\",\"itemListElement\":[{\"@type\":\"ListItem\",\"position\":1,\"name\":\"Portada\",\"item\":\"https:\/\/riberasalud.com\/hospital-de-molina\/\"},{\"@type\":\"ListItem\",\"position\":2,\"name\":\"El Hospital de Molina se une al D\u00eda Nacional del Trasplante\"}]},{\"@type\":\"WebSite\",\"@id\":\"https:\/\/riberasalud.com\/hospital-de-molina\/#website\",\"url\":\"https:\/\/riberasalud.com\/hospital-de-molina\/\",\"name\":\"Hospital de Molina\",\"description\":\"\",\"publisher\":{\"@id\":\"https:\/\/riberasalud.com\/hospital-de-molina\/#organization\"},\"potentialAction\":[{\"@type\":\"SearchAction\",\"target\":{\"@type\":\"EntryPoint\",\"urlTemplate\":\"https:\/\/riberasalud.com\/hospital-de-molina\/?s={search_term_string}\"},\"query-input\":{\"@type\":\"PropertyValueSpecification\",\"valueRequired\":true,\"valueName\":\"search_term_string\"}}],\"inLanguage\":\"es\"},{\"@type\":\"Organization\",\"@id\":\"https:\/\/riberasalud.com\/hospital-de-molina\/#organization\",\"name\":\"Hospital de Molina\",\"url\":\"https:\/\/riberasalud.com\/hospital-de-molina\/\",\"logo\":{\"@type\":\"ImageObject\",\"inLanguage\":\"es\",\"@id\":\"https:\/\/riberasalud.com\/hospital-de-molina\/#\/schema\/logo\/image\/\",\"url\":\"https:\/\/riberasalud.com\/hospital-de-molina\/wp-content\/uploads\/2023\/01\/cropped-Logo-Red-DeMolina-bigtz7.png\",\"contentUrl\":\"https:\/\/riberasalud.com\/hospital-de-molina\/wp-content\/uploads\/2023\/01\/cropped-Logo-Red-DeMolina-bigtz7.png\",\"width\":300,\"height\":72,\"caption\":\"Hospital de Molina\"},\"image\":{\"@id\":\"https:\/\/riberasalud.com\/hospital-de-molina\/#\/schema\/logo\/image\/\"}},{\"@type\":\"Person\",\"@id\":\"https:\/\/riberasalud.com\/hospital-de-molina\/#\/schema\/person\/37d58effcbf02f32328940089f254419\",\"name\":\"hmolina\",\"image\":{\"@type\":\"ImageObject\",\"inLanguage\":\"es\",\"@id\":\"https:\/\/riberasalud.com\/hospital-de-molina\/#\/schema\/person\/image\/\",\"url\":\"https:\/\/secure.gravatar.com\/avatar\/9db1181c394bec9505d449c90a21b5363cc35ad9a76f60f11a304b23bb0e8dd4?s=96&d=mm&r=g\",\"contentUrl\":\"https:\/\/secure.gravatar.com\/avatar\/9db1181c394bec9505d449c90a21b5363cc35ad9a76f60f11a304b23bb0e8dd4?s=96&d=mm&r=g\",\"caption\":\"hmolina\"},\"url\":\"https:\/\/riberasalud.com\/hospital-de-molina\/author\/hmolina\/\"}]}<\/script>\n<!-- \/ Yoast SEO plugin. -->","yoast_head_json":{"title":"El Hospital de Molina se une al D\u00eda Nacional del Trasplante - Hospital de Molina","robots":{"index":"index","follow":"follow","max-snippet":"max-snippet:-1","max-image-preview":"max-image-preview:large","max-video-preview":"max-video-preview:-1"},"canonical":"https:\/\/riberasalud.com\/hospital-de-molina\/el-hospital-de-molina-se-une-al-dia-nacional-del-trasplante\/","og_locale":"es_ES","og_type":"article","og_title":"El Hospital de Molina se une al D\u00eda Nacional del Trasplante - Hospital de Molina","og_description":"27 febrero 2012.- Con motivo de la celebraci\u00f3n hoy del D\u00eda Nacional del Trasplante, el Hospital de Molina se suma a la labor de concienciaci\u00f3n de la importancia de donar \u00f3rganos y tejidos, porque \u201cDonar \u00f3rganos es donar vida\u201d. Seg\u00fan el Director-Gerente del Hospital de Molina, Pedro Hern\u00e1ndez Jim\u00e9nez, \u201choy m\u00e1s que nunca, todos \u2013 ... Leer m\u00e1s","og_url":"https:\/\/riberasalud.com\/hospital-de-molina\/el-hospital-de-molina-se-une-al-dia-nacional-del-trasplante\/","og_site_name":"Hospital de Molina","article_published_time":"2012-02-27T16:14:12+00:00","article_modified_time":"2023-10-25T06:40:25+00:00","og_image":[{"url":"https:\/\/hospitaldemolina.es\/wp-content\/uploads\/2020\/05\/HM20-20Fachada_2.jpg","type":"","width":"","height":""}],"author":"hmolina","twitter_card":"summary_large_image","twitter_misc":{"Escrito por":"hmolina","Tiempo de lectura":"1 minuto"},"schema":{"@context":"https:\/\/schema.org","@graph":[{"@type":"Article","@id":"https:\/\/riberasalud.com\/hospital-de-molina\/el-hospital-de-molina-se-une-al-dia-nacional-del-trasplante\/#article","isPartOf":{"@id":"https:\/\/riberasalud.com\/hospital-de-molina\/el-hospital-de-molina-se-une-al-dia-nacional-del-trasplante\/"},"author":{"name":"hmolina","@id":"https:\/\/riberasalud.com\/hospital-de-molina\/#\/schema\/person\/37d58effcbf02f32328940089f254419"},"headline":"El Hospital de Molina se une al D\u00eda Nacional del Trasplante","datePublished":"2012-02-27T16:14:12+00:00","dateModified":"2023-10-25T06:40:25+00:00","mainEntityOfPage":{"@id":"https:\/\/riberasalud.com\/hospital-de-molina\/el-hospital-de-molina-se-une-al-dia-nacional-del-trasplante\/"},"wordCount":205,"publisher":{"@id":"https:\/\/riberasalud.com\/hospital-de-molina\/#organization"},"image":{"@id":"https:\/\/riberasalud.com\/hospital-de-molina\/el-hospital-de-molina-se-une-al-dia-nacional-del-trasplante\/#primaryimage"},"thumbnailUrl":"https:\/\/hospitaldemolina.es\/wp-content\/uploads\/2020\/05\/HM20-20Fachada_2.jpg","articleSection":["Hemeroteca"],"inLanguage":"es"},{"@type":"WebPage","@id":"https:\/\/riberasalud.com\/hospital-de-molina\/el-hospital-de-molina-se-une-al-dia-nacional-del-trasplante\/","url":"https:\/\/riberasalud.com\/hospital-de-molina\/el-hospital-de-molina-se-une-al-dia-nacional-del-trasplante\/","name":"El Hospital de Molina se une al D\u00eda Nacional del Trasplante - Hospital de Molina","isPartOf":{"@id":"https:\/\/riberasalud.com\/hospital-de-molina\/#website"},"primaryImageOfPage":{"@id":"https:\/\/riberasalud.com\/hospital-de-molina\/el-hospital-de-molina-se-une-al-dia-nacional-del-trasplante\/#primaryimage"},"image":{"@id":"https:\/\/riberasalud.com\/hospital-de-molina\/el-hospital-de-molina-se-une-al-dia-nacional-del-trasplante\/#primaryimage"},"thumbnailUrl":"https:\/\/hospitaldemolina.es\/wp-content\/uploads\/2020\/05\/HM20-20Fachada_2.jpg","datePublished":"2012-02-27T16:14:12+00:00","dateModified":"2023-10-25T06:40:25+00:00","breadcrumb":{"@id":"https:\/\/riberasalud.com\/hospital-de-molina\/el-hospital-de-molina-se-une-al-dia-nacional-del-trasplante\/#breadcrumb"},"inLanguage":"es","potentialAction":[{"@type":"ReadAction","target":["https:\/\/riberasalud.com\/hospital-de-molina\/el-hospital-de-molina-se-une-al-dia-nacional-del-trasplante\/"]}]},{"@type":"ImageObject","inLanguage":"es","@id":"https:\/\/riberasalud.com\/hospital-de-molina\/el-hospital-de-molina-se-une-al-dia-nacional-del-trasplante\/#primaryimage","url":"https:\/\/hospitaldemolina.es\/wp-content\/uploads\/2020\/05\/HM20-20Fachada_2.jpg","contentUrl":"https:\/\/hospitaldemolina.es\/wp-content\/uploads\/2020\/05\/HM20-20Fachada_2.jpg"},{"@type":"BreadcrumbList","@id":"https:\/\/riberasalud.com\/hospital-de-molina\/el-hospital-de-molina-se-une-al-dia-nacional-del-trasplante\/#breadcrumb","itemListElement":[{"@type":"ListItem","position":1,"name":"Portada","item":"https:\/\/riberasalud.com\/hospital-de-molina\/"},{"@type":"ListItem","position":2,"name":"El Hospital de Molina se une al D\u00eda Nacional del Trasplante"}]},{"@type":"WebSite","@id":"https:\/\/riberasalud.com\/hospital-de-molina\/#website","url":"https:\/\/riberasalud.com\/hospital-de-molina\/","name":"Hospital de Molina","description":"","publisher":{"@id":"https:\/\/riberasalud.com\/hospital-de-molina\/#organization"},"potentialAction":[{"@type":"SearchAction","target":{"@type":"EntryPoint","urlTemplate":"https:\/\/riberasalud.com\/hospital-de-molina\/?s={search_term_string}"},"query-input":{"@type":"PropertyValueSpecification","valueRequired":true,"valueName":"search_term_string"}}],"inLanguage":"es"},{"@type":"Organization","@id":"https:\/\/riberasalud.com\/hospital-de-molina\/#organization","name":"Hospital de Molina","url":"https:\/\/riberasalud.com\/hospital-de-molina\/","logo":{"@type":"ImageObject","inLanguage":"es","@id":"https:\/\/riberasalud.com\/hospital-de-molina\/#\/schema\/logo\/image\/","url":"https:\/\/riberasalud.com\/hospital-de-molina\/wp-content\/uploads\/2023\/01\/cropped-Logo-Red-DeMolina-bigtz7.png","contentUrl":"https:\/\/riberasalud.com\/hospital-de-molina\/wp-content\/uploads\/2023\/01\/cropped-Logo-Red-DeMolina-bigtz7.png","width":300,"height":72,"caption":"Hospital de Molina"},"image":{"@id":"https:\/\/riberasalud.com\/hospital-de-molina\/#\/schema\/logo\/image\/"}},{"@type":"Person","@id":"https:\/\/riberasalud.com\/hospital-de-molina\/#\/schema\/person\/37d58effcbf02f32328940089f254419","name":"hmolina","image":{"@type":"ImageObject","inLanguage":"es","@id":"https:\/\/riberasalud.com\/hospital-de-molina\/#\/schema\/person\/image\/","url":"https:\/\/secure.gravatar.com\/avatar\/9db1181c394bec9505d449c90a21b5363cc35ad9a76f60f11a304b23bb0e8dd4?s=96&d=mm&r=g","contentUrl":"https:\/\/secure.gravatar.com\/avatar\/9db1181c394bec9505d449c90a21b5363cc35ad9a76f60f11a304b23bb0e8dd4?s=96&d=mm&r=g","caption":"hmolina"},"url":"https:\/\/riberasalud.com\/hospital-de-molina\/author\/hmolina\/"}]}},"uagb_featured_image_src":{"full":false,"thumbnail":false,"medium":false,"medium_large":false,"large":false,"1536x1536":false,"2048x2048":false},"uagb_author_info":{"display_name":"hmolina","author_link":"https:\/\/riberasalud.com\/hospital-de-molina\/author\/hmolina\/"},"uagb_comment_info":0,"uagb_excerpt":"27 febrero 2012.- Con motivo de la celebraci\u00f3n hoy del D\u00eda Nacional del Trasplante, el Hospital de Molina se suma a la labor de concienciaci\u00f3n de la importancia de donar \u00f3rganos y tejidos, porque \u201cDonar \u00f3rganos es donar vida\u201d. Seg\u00fan el Director-Gerente del Hospital de Molina, Pedro Hern\u00e1ndez Jim\u00e9nez, \u201choy m\u00e1s que nunca, todos \u2013&hellip;","_links":{"self":[{"href":"https:\/\/riberasalud.com\/hospital-de-molina\/wp-json\/wp\/v2\/posts\/2272","targetHints":{"allow":["GET"]}}],"collection":[{"href":"https:\/\/riberasalud.com\/hospital-de-molina\/wp-json\/wp\/v2\/posts"}],"about":[{"href":"https:\/\/riberasalud.com\/hospital-de-molina\/wp-json\/wp\/v2\/types\/post"}],"author":[{"embeddable":true,"href":"https:\/\/riberasalud.com\/hospital-de-molina\/wp-json\/wp\/v2\/users\/3"}],"replies":[{"embeddable":true,"href":"https:\/\/riberasalud.com\/hospital-de-molina\/wp-json\/wp\/v2\/comments?post=2272"}],"version-history":[{"count":1,"href":"https:\/\/riberasalud.com\/hospital-de-molina\/wp-json\/wp\/v2\/posts\/2272\/revisions"}],"predecessor-version":[{"id":8507,"href":"https:\/\/riberasalud.com\/hospital-de-molina\/wp-json\/wp\/v2\/posts\/2272\/revisions\/8507"}],"wp:attachment":[{"href":"https:\/\/riberasalud.com\/hospital-de-molina\/wp-json\/wp\/v2\/media?parent=2272"}],"wp:term":[{"taxonomy":"category","embeddable":true,"href":"https:\/\/riberasalud.com\/hospital-de-molina\/wp-json\/wp\/v2\/categories?post=2272"},{"taxonomy":"post_tag","embeddable":true,"href":"https:\/\/riberasalud.com\/hospital-de-molina\/wp-json\/wp\/v2\/tags?post=2272"}],"curies":[{"name":"wp","href":"https:\/\/api.w.org\/{rel}","templated":true}]}}