{"id":2264,"date":"2012-05-21T17:52:33","date_gmt":"2012-05-21T15:52:33","guid":{"rendered":"https:\/\/www.hospitaldemolina.es\/el-hospital-de-molina-colabora-en-la-vigilancia-de-la-salud-del-personal-del-ayuntamiento-molinense\/"},"modified":"2023-10-25T06:40:21","modified_gmt":"2023-10-25T06:40:21","slug":"el-hospital-de-molina-colabora-en-la-vigilancia-de-la-salud-del-personal-del-ayuntamiento-molinense","status":"publish","type":"post","link":"https:\/\/riberasalud.com\/hospital-de-molina\/el-hospital-de-molina-colabora-en-la-vigilancia-de-la-salud-del-personal-del-ayuntamiento-molinense\/","title":{"rendered":"El Hospital de Molina colabora en la vigilancia de la salud del personal del Ayuntamiento molinense"},"content":{"rendered":"<p>21 mayo 2012.- El <strong>Hospital de Molina<\/strong> y <strong>el Ayuntamiento de Molina de Segura<\/strong> vuelven a colaborar en la vigilancia de la salud del personal municipal del Consistorio molinense.<\/p>\n<p><img decoding=\"async\" src=\"https:\/\/hospitaldemolina.es\/wp-content\/uploads\/2020\/05\/Ayto.jpg\" style=\"height:140px; width: auto;\"><\/p>\n<p>Seg\u00fan el Director-Gerente del Hospital de Molina, Pedro Hern\u00e1ndez Jim\u00e9nez, \u201csomos el Hospital de esta ciudad y, por tanto, estamos al servicio de las necesidades asistenciales de las instituciones p\u00fablicas de la localidad. En este caso, la realizaci\u00f3n de reconocimientos m\u00e9dicos a los trabajadores y trabajadoras del Ayuntamiento de Molina de Segura junto al Servicio de Prevenci\u00f3n del propio Consistorio, supone un paso m\u00e1s en nuestro deseo de mejorar la salud de nuestra poblaci\u00f3n\u201d.<\/p>\n<p>En virtud de esta colaboraci\u00f3n, durante los pr\u00f3ximo quince d\u00edas, se realizar\u00e1n m\u00e1s de quinientos reconocimientos m\u00e9dicos en las instalaciones del centro hospitalario.<\/p>\n<p>Enlaces Relacionados:<\/p>\n<p><a href=\"http:\/\/portal.molinadesegura.es\/\">Ayuntamiento de Molina de Segura<\/a><\/p>\n","protected":false},"excerpt":{"rendered":"<p>21 mayo 2012.- El Hospital de Molina y el Ayuntamiento de Molina de Segura vuelven a colaborar en la vigilancia de la salud del personal municipal del Consistorio molinense. Seg\u00fan el Director-Gerente del Hospital de Molina, Pedro Hern\u00e1ndez Jim\u00e9nez, \u201csomos el Hospital de esta ciudad y, por tanto, estamos al servicio de las necesidades asistenciales &#8230; <a title=\"El Hospital de Molina colabora en la vigilancia de la salud del personal del Ayuntamiento molinense\" class=\"read-more\" href=\"https:\/\/riberasalud.com\/hospital-de-molina\/el-hospital-de-molina-colabora-en-la-vigilancia-de-la-salud-del-personal-del-ayuntamiento-molinense\/\" aria-label=\"Leer m\u00e1s sobre El Hospital de Molina colabora en la vigilancia de la salud del personal del Ayuntamiento molinense\">Leer m\u00e1s<\/a><\/p>\n","protected":false},"author":3,"featured_media":0,"comment_status":"closed","ping_status":"open","sticky":false,"template":"","format":"standard","meta":{"_uag_custom_page_level_css":"","_mi_skip_tracking":false,"footnotes":""},"categories":[7],"tags":[],"class_list":["post-2264","post","type-post","status-publish","format-standard","hentry","category-hemeroteca"],"yoast_head":"<!-- This site is optimized with the Yoast SEO plugin v26.6 - https:\/\/yoast.com\/wordpress\/plugins\/seo\/ -->\n<title>El Hospital de Molina colabora en la vigilancia de la salud del personal del Ayuntamiento molinense - Hospital de Molina<\/title>\n<meta name=\"robots\" content=\"index, follow, max-snippet:-1, max-image-preview:large, max-video-preview:-1\" \/>\n<link rel=\"canonical\" href=\"https:\/\/riberasalud.com\/hospital-de-molina\/el-hospital-de-molina-colabora-en-la-vigilancia-de-la-salud-del-personal-del-ayuntamiento-molinense\/\" \/>\n<meta property=\"og:locale\" content=\"es_ES\" \/>\n<meta property=\"og:type\" content=\"article\" \/>\n<meta property=\"og:title\" content=\"El Hospital de Molina colabora en la vigilancia de la salud del personal del Ayuntamiento molinense - Hospital de Molina\" \/>\n<meta property=\"og:description\" content=\"21 mayo 2012.- El Hospital de Molina y el Ayuntamiento de Molina de Segura vuelven a colaborar en la vigilancia de la salud del personal municipal del Consistorio molinense. Seg\u00fan el Director-Gerente del Hospital de Molina, Pedro Hern\u00e1ndez Jim\u00e9nez, \u201csomos el Hospital de esta ciudad y, por tanto, estamos al servicio de las necesidades asistenciales ... Leer m\u00e1s\" \/>\n<meta property=\"og:url\" content=\"https:\/\/riberasalud.com\/hospital-de-molina\/el-hospital-de-molina-colabora-en-la-vigilancia-de-la-salud-del-personal-del-ayuntamiento-molinense\/\" \/>\n<meta property=\"og:site_name\" content=\"Hospital de Molina\" \/>\n<meta property=\"article:published_time\" content=\"2012-05-21T15:52:33+00:00\" \/>\n<meta property=\"article:modified_time\" content=\"2023-10-25T06:40:21+00:00\" \/>\n<meta property=\"og:image\" content=\"https:\/\/hospitaldemolina.es\/wp-content\/uploads\/2020\/05\/Ayto.jpg\" \/>\n<meta name=\"author\" content=\"hmolina\" \/>\n<meta name=\"twitter:card\" content=\"summary_large_image\" \/>\n<meta name=\"twitter:label1\" content=\"Escrito por\" \/>\n\t<meta name=\"twitter:data1\" content=\"hmolina\" \/>\n\t<meta name=\"twitter:label2\" content=\"Tiempo de lectura\" \/>\n\t<meta name=\"twitter:data2\" content=\"1 minuto\" \/>\n<script type=\"application\/ld+json\" class=\"yoast-schema-graph\">{\"@context\":\"https:\/\/schema.org\",\"@graph\":[{\"@type\":\"Article\",\"@id\":\"https:\/\/riberasalud.com\/hospital-de-molina\/el-hospital-de-molina-colabora-en-la-vigilancia-de-la-salud-del-personal-del-ayuntamiento-molinense\/#article\",\"isPartOf\":{\"@id\":\"https:\/\/riberasalud.com\/hospital-de-molina\/el-hospital-de-molina-colabora-en-la-vigilancia-de-la-salud-del-personal-del-ayuntamiento-molinense\/\"},\"author\":{\"name\":\"hmolina\",\"@id\":\"https:\/\/riberasalud.com\/hospital-de-molina\/#\/schema\/person\/37d58effcbf02f32328940089f254419\"},\"headline\":\"El Hospital de Molina colabora en la vigilancia de la salud del personal del Ayuntamiento molinense\",\"datePublished\":\"2012-05-21T15:52:33+00:00\",\"dateModified\":\"2023-10-25T06:40:21+00:00\",\"mainEntityOfPage\":{\"@id\":\"https:\/\/riberasalud.com\/hospital-de-molina\/el-hospital-de-molina-colabora-en-la-vigilancia-de-la-salud-del-personal-del-ayuntamiento-molinense\/\"},\"wordCount\":163,\"publisher\":{\"@id\":\"https:\/\/riberasalud.com\/hospital-de-molina\/#organization\"},\"image\":{\"@id\":\"https:\/\/riberasalud.com\/hospital-de-molina\/el-hospital-de-molina-colabora-en-la-vigilancia-de-la-salud-del-personal-del-ayuntamiento-molinense\/#primaryimage\"},\"thumbnailUrl\":\"https:\/\/hospitaldemolina.es\/wp-content\/uploads\/2020\/05\/Ayto.jpg\",\"articleSection\":[\"Hemeroteca\"],\"inLanguage\":\"es\"},{\"@type\":\"WebPage\",\"@id\":\"https:\/\/riberasalud.com\/hospital-de-molina\/el-hospital-de-molina-colabora-en-la-vigilancia-de-la-salud-del-personal-del-ayuntamiento-molinense\/\",\"url\":\"https:\/\/riberasalud.com\/hospital-de-molina\/el-hospital-de-molina-colabora-en-la-vigilancia-de-la-salud-del-personal-del-ayuntamiento-molinense\/\",\"name\":\"El Hospital de Molina colabora en la vigilancia de la salud del personal del Ayuntamiento molinense - Hospital de Molina\",\"isPartOf\":{\"@id\":\"https:\/\/riberasalud.com\/hospital-de-molina\/#website\"},\"primaryImageOfPage\":{\"@id\":\"https:\/\/riberasalud.com\/hospital-de-molina\/el-hospital-de-molina-colabora-en-la-vigilancia-de-la-salud-del-personal-del-ayuntamiento-molinense\/#primaryimage\"},\"image\":{\"@id\":\"https:\/\/riberasalud.com\/hospital-de-molina\/el-hospital-de-molina-colabora-en-la-vigilancia-de-la-salud-del-personal-del-ayuntamiento-molinense\/#primaryimage\"},\"thumbnailUrl\":\"https:\/\/hospitaldemolina.es\/wp-content\/uploads\/2020\/05\/Ayto.jpg\",\"datePublished\":\"2012-05-21T15:52:33+00:00\",\"dateModified\":\"2023-10-25T06:40:21+00:00\",\"breadcrumb\":{\"@id\":\"https:\/\/riberasalud.com\/hospital-de-molina\/el-hospital-de-molina-colabora-en-la-vigilancia-de-la-salud-del-personal-del-ayuntamiento-molinense\/#breadcrumb\"},\"inLanguage\":\"es\",\"potentialAction\":[{\"@type\":\"ReadAction\",\"target\":[\"https:\/\/riberasalud.com\/hospital-de-molina\/el-hospital-de-molina-colabora-en-la-vigilancia-de-la-salud-del-personal-del-ayuntamiento-molinense\/\"]}]},{\"@type\":\"ImageObject\",\"inLanguage\":\"es\",\"@id\":\"https:\/\/riberasalud.com\/hospital-de-molina\/el-hospital-de-molina-colabora-en-la-vigilancia-de-la-salud-del-personal-del-ayuntamiento-molinense\/#primaryimage\",\"url\":\"https:\/\/hospitaldemolina.es\/wp-content\/uploads\/2020\/05\/Ayto.jpg\",\"contentUrl\":\"https:\/\/hospitaldemolina.es\/wp-content\/uploads\/2020\/05\/Ayto.jpg\"},{\"@type\":\"BreadcrumbList\",\"@id\":\"https:\/\/riberasalud.com\/hospital-de-molina\/el-hospital-de-molina-colabora-en-la-vigilancia-de-la-salud-del-personal-del-ayuntamiento-molinense\/#breadcrumb\",\"itemListElement\":[{\"@type\":\"ListItem\",\"position\":1,\"name\":\"Portada\",\"item\":\"https:\/\/riberasalud.com\/hospital-de-molina\/\"},{\"@type\":\"ListItem\",\"position\":2,\"name\":\"El Hospital de Molina colabora en la vigilancia de la salud del personal del Ayuntamiento molinense\"}]},{\"@type\":\"WebSite\",\"@id\":\"https:\/\/riberasalud.com\/hospital-de-molina\/#website\",\"url\":\"https:\/\/riberasalud.com\/hospital-de-molina\/\",\"name\":\"Hospital de Molina\",\"description\":\"\",\"publisher\":{\"@id\":\"https:\/\/riberasalud.com\/hospital-de-molina\/#organization\"},\"potentialAction\":[{\"@type\":\"SearchAction\",\"target\":{\"@type\":\"EntryPoint\",\"urlTemplate\":\"https:\/\/riberasalud.com\/hospital-de-molina\/?s={search_term_string}\"},\"query-input\":{\"@type\":\"PropertyValueSpecification\",\"valueRequired\":true,\"valueName\":\"search_term_string\"}}],\"inLanguage\":\"es\"},{\"@type\":\"Organization\",\"@id\":\"https:\/\/riberasalud.com\/hospital-de-molina\/#organization\",\"name\":\"Hospital de Molina\",\"url\":\"https:\/\/riberasalud.com\/hospital-de-molina\/\",\"logo\":{\"@type\":\"ImageObject\",\"inLanguage\":\"es\",\"@id\":\"https:\/\/riberasalud.com\/hospital-de-molina\/#\/schema\/logo\/image\/\",\"url\":\"https:\/\/riberasalud.com\/hospital-de-molina\/wp-content\/uploads\/2023\/01\/cropped-Logo-Red-DeMolina-bigtz7.png\",\"contentUrl\":\"https:\/\/riberasalud.com\/hospital-de-molina\/wp-content\/uploads\/2023\/01\/cropped-Logo-Red-DeMolina-bigtz7.png\",\"width\":300,\"height\":72,\"caption\":\"Hospital de Molina\"},\"image\":{\"@id\":\"https:\/\/riberasalud.com\/hospital-de-molina\/#\/schema\/logo\/image\/\"}},{\"@type\":\"Person\",\"@id\":\"https:\/\/riberasalud.com\/hospital-de-molina\/#\/schema\/person\/37d58effcbf02f32328940089f254419\",\"name\":\"hmolina\",\"image\":{\"@type\":\"ImageObject\",\"inLanguage\":\"es\",\"@id\":\"https:\/\/riberasalud.com\/hospital-de-molina\/#\/schema\/person\/image\/\",\"url\":\"https:\/\/secure.gravatar.com\/avatar\/9db1181c394bec9505d449c90a21b5363cc35ad9a76f60f11a304b23bb0e8dd4?s=96&d=mm&r=g\",\"contentUrl\":\"https:\/\/secure.gravatar.com\/avatar\/9db1181c394bec9505d449c90a21b5363cc35ad9a76f60f11a304b23bb0e8dd4?s=96&d=mm&r=g\",\"caption\":\"hmolina\"},\"url\":\"https:\/\/riberasalud.com\/hospital-de-molina\/author\/hmolina\/\"}]}<\/script>\n<!-- \/ Yoast SEO plugin. -->","yoast_head_json":{"title":"El Hospital de Molina colabora en la vigilancia de la salud del personal del Ayuntamiento molinense - Hospital de Molina","robots":{"index":"index","follow":"follow","max-snippet":"max-snippet:-1","max-image-preview":"max-image-preview:large","max-video-preview":"max-video-preview:-1"},"canonical":"https:\/\/riberasalud.com\/hospital-de-molina\/el-hospital-de-molina-colabora-en-la-vigilancia-de-la-salud-del-personal-del-ayuntamiento-molinense\/","og_locale":"es_ES","og_type":"article","og_title":"El Hospital de Molina colabora en la vigilancia de la salud del personal del Ayuntamiento molinense - Hospital de Molina","og_description":"21 mayo 2012.- El Hospital de Molina y el Ayuntamiento de Molina de Segura vuelven a colaborar en la vigilancia de la salud del personal municipal del Consistorio molinense. Seg\u00fan el Director-Gerente del Hospital de Molina, Pedro Hern\u00e1ndez Jim\u00e9nez, \u201csomos el Hospital de esta ciudad y, por tanto, estamos al servicio de las necesidades asistenciales ... Leer m\u00e1s","og_url":"https:\/\/riberasalud.com\/hospital-de-molina\/el-hospital-de-molina-colabora-en-la-vigilancia-de-la-salud-del-personal-del-ayuntamiento-molinense\/","og_site_name":"Hospital de Molina","article_published_time":"2012-05-21T15:52:33+00:00","article_modified_time":"2023-10-25T06:40:21+00:00","og_image":[{"url":"https:\/\/hospitaldemolina.es\/wp-content\/uploads\/2020\/05\/Ayto.jpg","type":"","width":"","height":""}],"author":"hmolina","twitter_card":"summary_large_image","twitter_misc":{"Escrito por":"hmolina","Tiempo de lectura":"1 minuto"},"schema":{"@context":"https:\/\/schema.org","@graph":[{"@type":"Article","@id":"https:\/\/riberasalud.com\/hospital-de-molina\/el-hospital-de-molina-colabora-en-la-vigilancia-de-la-salud-del-personal-del-ayuntamiento-molinense\/#article","isPartOf":{"@id":"https:\/\/riberasalud.com\/hospital-de-molina\/el-hospital-de-molina-colabora-en-la-vigilancia-de-la-salud-del-personal-del-ayuntamiento-molinense\/"},"author":{"name":"hmolina","@id":"https:\/\/riberasalud.com\/hospital-de-molina\/#\/schema\/person\/37d58effcbf02f32328940089f254419"},"headline":"El Hospital de Molina colabora en la vigilancia de la salud del personal del Ayuntamiento molinense","datePublished":"2012-05-21T15:52:33+00:00","dateModified":"2023-10-25T06:40:21+00:00","mainEntityOfPage":{"@id":"https:\/\/riberasalud.com\/hospital-de-molina\/el-hospital-de-molina-colabora-en-la-vigilancia-de-la-salud-del-personal-del-ayuntamiento-molinense\/"},"wordCount":163,"publisher":{"@id":"https:\/\/riberasalud.com\/hospital-de-molina\/#organization"},"image":{"@id":"https:\/\/riberasalud.com\/hospital-de-molina\/el-hospital-de-molina-colabora-en-la-vigilancia-de-la-salud-del-personal-del-ayuntamiento-molinense\/#primaryimage"},"thumbnailUrl":"https:\/\/hospitaldemolina.es\/wp-content\/uploads\/2020\/05\/Ayto.jpg","articleSection":["Hemeroteca"],"inLanguage":"es"},{"@type":"WebPage","@id":"https:\/\/riberasalud.com\/hospital-de-molina\/el-hospital-de-molina-colabora-en-la-vigilancia-de-la-salud-del-personal-del-ayuntamiento-molinense\/","url":"https:\/\/riberasalud.com\/hospital-de-molina\/el-hospital-de-molina-colabora-en-la-vigilancia-de-la-salud-del-personal-del-ayuntamiento-molinense\/","name":"El Hospital de Molina colabora en la vigilancia de la salud del personal del Ayuntamiento molinense - Hospital de Molina","isPartOf":{"@id":"https:\/\/riberasalud.com\/hospital-de-molina\/#website"},"primaryImageOfPage":{"@id":"https:\/\/riberasalud.com\/hospital-de-molina\/el-hospital-de-molina-colabora-en-la-vigilancia-de-la-salud-del-personal-del-ayuntamiento-molinense\/#primaryimage"},"image":{"@id":"https:\/\/riberasalud.com\/hospital-de-molina\/el-hospital-de-molina-colabora-en-la-vigilancia-de-la-salud-del-personal-del-ayuntamiento-molinense\/#primaryimage"},"thumbnailUrl":"https:\/\/hospitaldemolina.es\/wp-content\/uploads\/2020\/05\/Ayto.jpg","datePublished":"2012-05-21T15:52:33+00:00","dateModified":"2023-10-25T06:40:21+00:00","breadcrumb":{"@id":"https:\/\/riberasalud.com\/hospital-de-molina\/el-hospital-de-molina-colabora-en-la-vigilancia-de-la-salud-del-personal-del-ayuntamiento-molinense\/#breadcrumb"},"inLanguage":"es","potentialAction":[{"@type":"ReadAction","target":["https:\/\/riberasalud.com\/hospital-de-molina\/el-hospital-de-molina-colabora-en-la-vigilancia-de-la-salud-del-personal-del-ayuntamiento-molinense\/"]}]},{"@type":"ImageObject","inLanguage":"es","@id":"https:\/\/riberasalud.com\/hospital-de-molina\/el-hospital-de-molina-colabora-en-la-vigilancia-de-la-salud-del-personal-del-ayuntamiento-molinense\/#primaryimage","url":"https:\/\/hospitaldemolina.es\/wp-content\/uploads\/2020\/05\/Ayto.jpg","contentUrl":"https:\/\/hospitaldemolina.es\/wp-content\/uploads\/2020\/05\/Ayto.jpg"},{"@type":"BreadcrumbList","@id":"https:\/\/riberasalud.com\/hospital-de-molina\/el-hospital-de-molina-colabora-en-la-vigilancia-de-la-salud-del-personal-del-ayuntamiento-molinense\/#breadcrumb","itemListElement":[{"@type":"ListItem","position":1,"name":"Portada","item":"https:\/\/riberasalud.com\/hospital-de-molina\/"},{"@type":"ListItem","position":2,"name":"El Hospital de Molina colabora en la vigilancia de la salud del personal del Ayuntamiento molinense"}]},{"@type":"WebSite","@id":"https:\/\/riberasalud.com\/hospital-de-molina\/#website","url":"https:\/\/riberasalud.com\/hospital-de-molina\/","name":"Hospital de Molina","description":"","publisher":{"@id":"https:\/\/riberasalud.com\/hospital-de-molina\/#organization"},"potentialAction":[{"@type":"SearchAction","target":{"@type":"EntryPoint","urlTemplate":"https:\/\/riberasalud.com\/hospital-de-molina\/?s={search_term_string}"},"query-input":{"@type":"PropertyValueSpecification","valueRequired":true,"valueName":"search_term_string"}}],"inLanguage":"es"},{"@type":"Organization","@id":"https:\/\/riberasalud.com\/hospital-de-molina\/#organization","name":"Hospital de Molina","url":"https:\/\/riberasalud.com\/hospital-de-molina\/","logo":{"@type":"ImageObject","inLanguage":"es","@id":"https:\/\/riberasalud.com\/hospital-de-molina\/#\/schema\/logo\/image\/","url":"https:\/\/riberasalud.com\/hospital-de-molina\/wp-content\/uploads\/2023\/01\/cropped-Logo-Red-DeMolina-bigtz7.png","contentUrl":"https:\/\/riberasalud.com\/hospital-de-molina\/wp-content\/uploads\/2023\/01\/cropped-Logo-Red-DeMolina-bigtz7.png","width":300,"height":72,"caption":"Hospital de Molina"},"image":{"@id":"https:\/\/riberasalud.com\/hospital-de-molina\/#\/schema\/logo\/image\/"}},{"@type":"Person","@id":"https:\/\/riberasalud.com\/hospital-de-molina\/#\/schema\/person\/37d58effcbf02f32328940089f254419","name":"hmolina","image":{"@type":"ImageObject","inLanguage":"es","@id":"https:\/\/riberasalud.com\/hospital-de-molina\/#\/schema\/person\/image\/","url":"https:\/\/secure.gravatar.com\/avatar\/9db1181c394bec9505d449c90a21b5363cc35ad9a76f60f11a304b23bb0e8dd4?s=96&d=mm&r=g","contentUrl":"https:\/\/secure.gravatar.com\/avatar\/9db1181c394bec9505d449c90a21b5363cc35ad9a76f60f11a304b23bb0e8dd4?s=96&d=mm&r=g","caption":"hmolina"},"url":"https:\/\/riberasalud.com\/hospital-de-molina\/author\/hmolina\/"}]}},"uagb_featured_image_src":{"full":false,"thumbnail":false,"medium":false,"medium_large":false,"large":false,"1536x1536":false,"2048x2048":false},"uagb_author_info":{"display_name":"hmolina","author_link":"https:\/\/riberasalud.com\/hospital-de-molina\/author\/hmolina\/"},"uagb_comment_info":0,"uagb_excerpt":"21 mayo 2012.- El Hospital de Molina y el Ayuntamiento de Molina de Segura vuelven a colaborar en la vigilancia de la salud del personal municipal del Consistorio molinense. Seg\u00fan el Director-Gerente del Hospital de Molina, Pedro Hern\u00e1ndez Jim\u00e9nez, \u201csomos el Hospital de esta ciudad y, por tanto, estamos al servicio de las necesidades asistenciales&hellip;","_links":{"self":[{"href":"https:\/\/riberasalud.com\/hospital-de-molina\/wp-json\/wp\/v2\/posts\/2264","targetHints":{"allow":["GET"]}}],"collection":[{"href":"https:\/\/riberasalud.com\/hospital-de-molina\/wp-json\/wp\/v2\/posts"}],"about":[{"href":"https:\/\/riberasalud.com\/hospital-de-molina\/wp-json\/wp\/v2\/types\/post"}],"author":[{"embeddable":true,"href":"https:\/\/riberasalud.com\/hospital-de-molina\/wp-json\/wp\/v2\/users\/3"}],"replies":[{"embeddable":true,"href":"https:\/\/riberasalud.com\/hospital-de-molina\/wp-json\/wp\/v2\/comments?post=2264"}],"version-history":[{"count":1,"href":"https:\/\/riberasalud.com\/hospital-de-molina\/wp-json\/wp\/v2\/posts\/2264\/revisions"}],"predecessor-version":[{"id":8506,"href":"https:\/\/riberasalud.com\/hospital-de-molina\/wp-json\/wp\/v2\/posts\/2264\/revisions\/8506"}],"wp:attachment":[{"href":"https:\/\/riberasalud.com\/hospital-de-molina\/wp-json\/wp\/v2\/media?parent=2264"}],"wp:term":[{"taxonomy":"category","embeddable":true,"href":"https:\/\/riberasalud.com\/hospital-de-molina\/wp-json\/wp\/v2\/categories?post=2264"},{"taxonomy":"post_tag","embeddable":true,"href":"https:\/\/riberasalud.com\/hospital-de-molina\/wp-json\/wp\/v2\/tags?post=2264"}],"curies":[{"name":"wp","href":"https:\/\/api.w.org\/{rel}","templated":true}]}}