{"id":2242,"date":"2013-04-15T20:12:53","date_gmt":"2013-04-15T18:12:53","guid":{"rendered":"https:\/\/www.hospitaldemolina.es\/comienza-la-vii-semana-de-la-salud-de-molina-de-segura-con-la-colaboracion-del-hospital-de-molina\/"},"modified":"2023-10-25T06:40:10","modified_gmt":"2023-10-25T06:40:10","slug":"comienza-la-vii-semana-de-la-salud-de-molina-de-segura-con-la-colaboracion-del-hospital-de-molina","status":"publish","type":"post","link":"https:\/\/riberasalud.com\/hospital-de-molina\/comienza-la-vii-semana-de-la-salud-de-molina-de-segura-con-la-colaboracion-del-hospital-de-molina\/","title":{"rendered":"Comienza la VII Semana de la Salud de Molina de Segura con la colaboraci\u00f3n del Hospital de Molina"},"content":{"rendered":"<p>15 abril 2013.- La <strong>VII Semana de la Salud<\/strong>, promovida por el <strong>Ayuntamiento de Molina de Segura<\/strong>, el <strong>Hospital de Molina<\/strong>, la <strong>Fundaci\u00f3n de Estudios M\u00e9dicos de Molina de Segura (FEM)<\/strong> y los <strong>centros de salud del municipio<\/strong>, comienza hoy, tras su presentaci\u00f3n en rueda de prensa celebrada esta ma\u00f1ana en el Sal\u00f3n de Plenos del Consistorio molinense.<\/p>\n<p><img decoding=\"async\" src=\"https:\/\/hospitaldemolina.es\/wp-content\/uploads\/2020\/05\/13-04-1520-20Hospital20Molina20-20Presentacion20VII20Semana20Salud-Foto2.jpg\" style=\"height:140px; width: auto;\"><\/p>\n<p>El Director-Gerente del Hospital de Molina, Pedro Hern\u00e1ndez Jim\u00e9nez, ha explicado que \u201cla Semana de la Salud de Molina no es un acto m\u00e1s en la agenda de esta ciudad, sino que es el momento crucial en el que todos los ciudadanos tenemos la oportunidad de adquirir herramientas que nos ayuden unos a otros a mejorar nuestro estado de salud. Es el momento en el que vemos todo lo que podemos hacer entre organizaciones sanitarias, sociosanitarias y sociales por mejorar y fomentar la salud de Molina de Segura\u201d.<\/p>\n<p>Junto a Pedro Hern\u00e1ndez Jim\u00e9nez, tambi\u00e9n han estado presentes en el acto el Alcalde de Molina de Segura, Eduardo Contreras Linares, el Concejal de Sanidad, Jos\u00e9 Antonio Carbonell Contreras, y los coordinadores de los Centro de Salud del municipio, Emilio Macan\u00e1s P\u00e9rez, y Juan Francisco Men\u00e1rguez Puche.<\/p>\n<p>A lo largo de los pr\u00f3ximos siete d\u00edas, y bajo el hilo conductor \u201cMejorando juntos la salud de Molina\u201d se suceder\u00e1n conferencias, charlas, talleres nutricionales, jornadas gastron\u00f3micas de comida saludable y tambi\u00e9n la Feria de la Salud. Su inauguraci\u00f3n tendr\u00e1 lugar el pr\u00f3ximo jueves 18 de abril, junto con la entrega del III Premio Dr. Francisco Guirado en reconocimiento de aquellos profesionales, personas y asociaciones del mundo de la sanidad que hayan destacado por su labor en beneficio del municipio de Molina de Segura.<\/p>\n<p>Durante la Feria, como en ediciones anteriores, el Hospital de Molina realizar\u00e1 distintos reconocimientos m\u00e9dicos &#8211; tensi\u00f3n arterial y colesterol, valoraci\u00f3n general del estado de salud, revisiones dentales, tratamiento del dolor cr\u00f3nico, consejos nutriciones, etc. \u2013 y ofrecer\u00e1 consejos saludables a todos los ciudadanos que pasen por su stand.<\/p>\n<p>Enlaces Relacionados:<\/p>\n","protected":false},"excerpt":{"rendered":"<p>15 abril 2013.- La VII Semana de la Salud, promovida por el Ayuntamiento de Molina de Segura, el Hospital de Molina, la Fundaci\u00f3n de Estudios M\u00e9dicos de Molina de Segura (FEM) y los centros de salud del municipio, comienza hoy, tras su presentaci\u00f3n en rueda de prensa celebrada esta ma\u00f1ana en el Sal\u00f3n de Plenos &#8230; <a title=\"Comienza la VII Semana de la Salud de Molina de Segura con la colaboraci\u00f3n del Hospital de Molina\" class=\"read-more\" href=\"https:\/\/riberasalud.com\/hospital-de-molina\/comienza-la-vii-semana-de-la-salud-de-molina-de-segura-con-la-colaboracion-del-hospital-de-molina\/\" aria-label=\"Leer m\u00e1s sobre Comienza la VII Semana de la Salud de Molina de Segura con la colaboraci\u00f3n del Hospital de Molina\">Leer m\u00e1s<\/a><\/p>\n","protected":false},"author":3,"featured_media":0,"comment_status":"closed","ping_status":"open","sticky":false,"template":"","format":"standard","meta":{"_uag_custom_page_level_css":"","_mi_skip_tracking":false,"footnotes":""},"categories":[7],"tags":[],"class_list":["post-2242","post","type-post","status-publish","format-standard","hentry","category-hemeroteca"],"yoast_head":"<!-- This site is optimized with the Yoast SEO plugin v26.6 - https:\/\/yoast.com\/wordpress\/plugins\/seo\/ -->\n<title>Comienza la VII Semana de la Salud de Molina de Segura con la colaboraci\u00f3n del Hospital de Molina - Hospital de Molina<\/title>\n<meta name=\"robots\" content=\"index, follow, max-snippet:-1, max-image-preview:large, max-video-preview:-1\" \/>\n<link rel=\"canonical\" href=\"https:\/\/riberasalud.com\/hospital-de-molina\/comienza-la-vii-semana-de-la-salud-de-molina-de-segura-con-la-colaboracion-del-hospital-de-molina\/\" \/>\n<meta property=\"og:locale\" content=\"es_ES\" \/>\n<meta property=\"og:type\" content=\"article\" \/>\n<meta property=\"og:title\" content=\"Comienza la VII Semana de la Salud de Molina de Segura con la colaboraci\u00f3n del Hospital de Molina - Hospital de Molina\" \/>\n<meta property=\"og:description\" content=\"15 abril 2013.- La VII Semana de la Salud, promovida por el Ayuntamiento de Molina de Segura, el Hospital de Molina, la Fundaci\u00f3n de Estudios M\u00e9dicos de Molina de Segura (FEM) y los centros de salud del municipio, comienza hoy, tras su presentaci\u00f3n en rueda de prensa celebrada esta ma\u00f1ana en el Sal\u00f3n de Plenos ... Leer m\u00e1s\" \/>\n<meta property=\"og:url\" content=\"https:\/\/riberasalud.com\/hospital-de-molina\/comienza-la-vii-semana-de-la-salud-de-molina-de-segura-con-la-colaboracion-del-hospital-de-molina\/\" \/>\n<meta property=\"og:site_name\" content=\"Hospital de Molina\" \/>\n<meta property=\"article:published_time\" content=\"2013-04-15T18:12:53+00:00\" \/>\n<meta property=\"article:modified_time\" content=\"2023-10-25T06:40:10+00:00\" \/>\n<meta property=\"og:image\" content=\"https:\/\/hospitaldemolina.es\/wp-content\/uploads\/2020\/05\/13-04-1520-20Hospital20Molina20-20Presentacion20VII20Semana20Salud-Foto2.jpg\" \/>\n<meta name=\"author\" content=\"hmolina\" \/>\n<meta name=\"twitter:card\" content=\"summary_large_image\" \/>\n<meta name=\"twitter:label1\" content=\"Escrito por\" \/>\n\t<meta name=\"twitter:data1\" content=\"hmolina\" \/>\n\t<meta name=\"twitter:label2\" content=\"Tiempo de lectura\" \/>\n\t<meta name=\"twitter:data2\" content=\"2 minutos\" \/>\n<script type=\"application\/ld+json\" class=\"yoast-schema-graph\">{\"@context\":\"https:\/\/schema.org\",\"@graph\":[{\"@type\":\"Article\",\"@id\":\"https:\/\/riberasalud.com\/hospital-de-molina\/comienza-la-vii-semana-de-la-salud-de-molina-de-segura-con-la-colaboracion-del-hospital-de-molina\/#article\",\"isPartOf\":{\"@id\":\"https:\/\/riberasalud.com\/hospital-de-molina\/comienza-la-vii-semana-de-la-salud-de-molina-de-segura-con-la-colaboracion-del-hospital-de-molina\/\"},\"author\":{\"name\":\"hmolina\",\"@id\":\"https:\/\/riberasalud.com\/hospital-de-molina\/#\/schema\/person\/37d58effcbf02f32328940089f254419\"},\"headline\":\"Comienza la VII Semana de la Salud de Molina de Segura con la colaboraci\u00f3n del Hospital de Molina\",\"datePublished\":\"2013-04-15T18:12:53+00:00\",\"dateModified\":\"2023-10-25T06:40:10+00:00\",\"mainEntityOfPage\":{\"@id\":\"https:\/\/riberasalud.com\/hospital-de-molina\/comienza-la-vii-semana-de-la-salud-de-molina-de-segura-con-la-colaboracion-del-hospital-de-molina\/\"},\"wordCount\":369,\"publisher\":{\"@id\":\"https:\/\/riberasalud.com\/hospital-de-molina\/#organization\"},\"image\":{\"@id\":\"https:\/\/riberasalud.com\/hospital-de-molina\/comienza-la-vii-semana-de-la-salud-de-molina-de-segura-con-la-colaboracion-del-hospital-de-molina\/#primaryimage\"},\"thumbnailUrl\":\"https:\/\/hospitaldemolina.es\/wp-content\/uploads\/2020\/05\/13-04-1520-20Hospital20Molina20-20Presentacion20VII20Semana20Salud-Foto2.jpg\",\"articleSection\":[\"Hemeroteca\"],\"inLanguage\":\"es\"},{\"@type\":\"WebPage\",\"@id\":\"https:\/\/riberasalud.com\/hospital-de-molina\/comienza-la-vii-semana-de-la-salud-de-molina-de-segura-con-la-colaboracion-del-hospital-de-molina\/\",\"url\":\"https:\/\/riberasalud.com\/hospital-de-molina\/comienza-la-vii-semana-de-la-salud-de-molina-de-segura-con-la-colaboracion-del-hospital-de-molina\/\",\"name\":\"Comienza la VII Semana de la Salud de Molina de Segura con la colaboraci\u00f3n del Hospital de Molina - Hospital de Molina\",\"isPartOf\":{\"@id\":\"https:\/\/riberasalud.com\/hospital-de-molina\/#website\"},\"primaryImageOfPage\":{\"@id\":\"https:\/\/riberasalud.com\/hospital-de-molina\/comienza-la-vii-semana-de-la-salud-de-molina-de-segura-con-la-colaboracion-del-hospital-de-molina\/#primaryimage\"},\"image\":{\"@id\":\"https:\/\/riberasalud.com\/hospital-de-molina\/comienza-la-vii-semana-de-la-salud-de-molina-de-segura-con-la-colaboracion-del-hospital-de-molina\/#primaryimage\"},\"thumbnailUrl\":\"https:\/\/hospitaldemolina.es\/wp-content\/uploads\/2020\/05\/13-04-1520-20Hospital20Molina20-20Presentacion20VII20Semana20Salud-Foto2.jpg\",\"datePublished\":\"2013-04-15T18:12:53+00:00\",\"dateModified\":\"2023-10-25T06:40:10+00:00\",\"breadcrumb\":{\"@id\":\"https:\/\/riberasalud.com\/hospital-de-molina\/comienza-la-vii-semana-de-la-salud-de-molina-de-segura-con-la-colaboracion-del-hospital-de-molina\/#breadcrumb\"},\"inLanguage\":\"es\",\"potentialAction\":[{\"@type\":\"ReadAction\",\"target\":[\"https:\/\/riberasalud.com\/hospital-de-molina\/comienza-la-vii-semana-de-la-salud-de-molina-de-segura-con-la-colaboracion-del-hospital-de-molina\/\"]}]},{\"@type\":\"ImageObject\",\"inLanguage\":\"es\",\"@id\":\"https:\/\/riberasalud.com\/hospital-de-molina\/comienza-la-vii-semana-de-la-salud-de-molina-de-segura-con-la-colaboracion-del-hospital-de-molina\/#primaryimage\",\"url\":\"https:\/\/hospitaldemolina.es\/wp-content\/uploads\/2020\/05\/13-04-1520-20Hospital20Molina20-20Presentacion20VII20Semana20Salud-Foto2.jpg\",\"contentUrl\":\"https:\/\/hospitaldemolina.es\/wp-content\/uploads\/2020\/05\/13-04-1520-20Hospital20Molina20-20Presentacion20VII20Semana20Salud-Foto2.jpg\"},{\"@type\":\"BreadcrumbList\",\"@id\":\"https:\/\/riberasalud.com\/hospital-de-molina\/comienza-la-vii-semana-de-la-salud-de-molina-de-segura-con-la-colaboracion-del-hospital-de-molina\/#breadcrumb\",\"itemListElement\":[{\"@type\":\"ListItem\",\"position\":1,\"name\":\"Portada\",\"item\":\"https:\/\/riberasalud.com\/hospital-de-molina\/\"},{\"@type\":\"ListItem\",\"position\":2,\"name\":\"Comienza la VII Semana de la Salud de Molina de Segura con la colaboraci\u00f3n del Hospital de Molina\"}]},{\"@type\":\"WebSite\",\"@id\":\"https:\/\/riberasalud.com\/hospital-de-molina\/#website\",\"url\":\"https:\/\/riberasalud.com\/hospital-de-molina\/\",\"name\":\"Hospital de Molina\",\"description\":\"\",\"publisher\":{\"@id\":\"https:\/\/riberasalud.com\/hospital-de-molina\/#organization\"},\"potentialAction\":[{\"@type\":\"SearchAction\",\"target\":{\"@type\":\"EntryPoint\",\"urlTemplate\":\"https:\/\/riberasalud.com\/hospital-de-molina\/?s={search_term_string}\"},\"query-input\":{\"@type\":\"PropertyValueSpecification\",\"valueRequired\":true,\"valueName\":\"search_term_string\"}}],\"inLanguage\":\"es\"},{\"@type\":\"Organization\",\"@id\":\"https:\/\/riberasalud.com\/hospital-de-molina\/#organization\",\"name\":\"Hospital de Molina\",\"url\":\"https:\/\/riberasalud.com\/hospital-de-molina\/\",\"logo\":{\"@type\":\"ImageObject\",\"inLanguage\":\"es\",\"@id\":\"https:\/\/riberasalud.com\/hospital-de-molina\/#\/schema\/logo\/image\/\",\"url\":\"https:\/\/riberasalud.com\/hospital-de-molina\/wp-content\/uploads\/2023\/01\/cropped-Logo-Red-DeMolina-bigtz7.png\",\"contentUrl\":\"https:\/\/riberasalud.com\/hospital-de-molina\/wp-content\/uploads\/2023\/01\/cropped-Logo-Red-DeMolina-bigtz7.png\",\"width\":300,\"height\":72,\"caption\":\"Hospital de Molina\"},\"image\":{\"@id\":\"https:\/\/riberasalud.com\/hospital-de-molina\/#\/schema\/logo\/image\/\"}},{\"@type\":\"Person\",\"@id\":\"https:\/\/riberasalud.com\/hospital-de-molina\/#\/schema\/person\/37d58effcbf02f32328940089f254419\",\"name\":\"hmolina\",\"image\":{\"@type\":\"ImageObject\",\"inLanguage\":\"es\",\"@id\":\"https:\/\/riberasalud.com\/hospital-de-molina\/#\/schema\/person\/image\/\",\"url\":\"https:\/\/secure.gravatar.com\/avatar\/9db1181c394bec9505d449c90a21b5363cc35ad9a76f60f11a304b23bb0e8dd4?s=96&d=mm&r=g\",\"contentUrl\":\"https:\/\/secure.gravatar.com\/avatar\/9db1181c394bec9505d449c90a21b5363cc35ad9a76f60f11a304b23bb0e8dd4?s=96&d=mm&r=g\",\"caption\":\"hmolina\"},\"url\":\"https:\/\/riberasalud.com\/hospital-de-molina\/author\/hmolina\/\"}]}<\/script>\n<!-- \/ Yoast SEO plugin. -->","yoast_head_json":{"title":"Comienza la VII Semana de la Salud de Molina de Segura con la colaboraci\u00f3n del Hospital de Molina - Hospital de Molina","robots":{"index":"index","follow":"follow","max-snippet":"max-snippet:-1","max-image-preview":"max-image-preview:large","max-video-preview":"max-video-preview:-1"},"canonical":"https:\/\/riberasalud.com\/hospital-de-molina\/comienza-la-vii-semana-de-la-salud-de-molina-de-segura-con-la-colaboracion-del-hospital-de-molina\/","og_locale":"es_ES","og_type":"article","og_title":"Comienza la VII Semana de la Salud de Molina de Segura con la colaboraci\u00f3n del Hospital de Molina - Hospital de Molina","og_description":"15 abril 2013.- La VII Semana de la Salud, promovida por el Ayuntamiento de Molina de Segura, el Hospital de Molina, la Fundaci\u00f3n de Estudios M\u00e9dicos de Molina de Segura (FEM) y los centros de salud del municipio, comienza hoy, tras su presentaci\u00f3n en rueda de prensa celebrada esta ma\u00f1ana en el Sal\u00f3n de Plenos ... Leer m\u00e1s","og_url":"https:\/\/riberasalud.com\/hospital-de-molina\/comienza-la-vii-semana-de-la-salud-de-molina-de-segura-con-la-colaboracion-del-hospital-de-molina\/","og_site_name":"Hospital de Molina","article_published_time":"2013-04-15T18:12:53+00:00","article_modified_time":"2023-10-25T06:40:10+00:00","og_image":[{"url":"https:\/\/hospitaldemolina.es\/wp-content\/uploads\/2020\/05\/13-04-1520-20Hospital20Molina20-20Presentacion20VII20Semana20Salud-Foto2.jpg","type":"","width":"","height":""}],"author":"hmolina","twitter_card":"summary_large_image","twitter_misc":{"Escrito por":"hmolina","Tiempo de lectura":"2 minutos"},"schema":{"@context":"https:\/\/schema.org","@graph":[{"@type":"Article","@id":"https:\/\/riberasalud.com\/hospital-de-molina\/comienza-la-vii-semana-de-la-salud-de-molina-de-segura-con-la-colaboracion-del-hospital-de-molina\/#article","isPartOf":{"@id":"https:\/\/riberasalud.com\/hospital-de-molina\/comienza-la-vii-semana-de-la-salud-de-molina-de-segura-con-la-colaboracion-del-hospital-de-molina\/"},"author":{"name":"hmolina","@id":"https:\/\/riberasalud.com\/hospital-de-molina\/#\/schema\/person\/37d58effcbf02f32328940089f254419"},"headline":"Comienza la VII Semana de la Salud de Molina de Segura con la colaboraci\u00f3n del Hospital de Molina","datePublished":"2013-04-15T18:12:53+00:00","dateModified":"2023-10-25T06:40:10+00:00","mainEntityOfPage":{"@id":"https:\/\/riberasalud.com\/hospital-de-molina\/comienza-la-vii-semana-de-la-salud-de-molina-de-segura-con-la-colaboracion-del-hospital-de-molina\/"},"wordCount":369,"publisher":{"@id":"https:\/\/riberasalud.com\/hospital-de-molina\/#organization"},"image":{"@id":"https:\/\/riberasalud.com\/hospital-de-molina\/comienza-la-vii-semana-de-la-salud-de-molina-de-segura-con-la-colaboracion-del-hospital-de-molina\/#primaryimage"},"thumbnailUrl":"https:\/\/hospitaldemolina.es\/wp-content\/uploads\/2020\/05\/13-04-1520-20Hospital20Molina20-20Presentacion20VII20Semana20Salud-Foto2.jpg","articleSection":["Hemeroteca"],"inLanguage":"es"},{"@type":"WebPage","@id":"https:\/\/riberasalud.com\/hospital-de-molina\/comienza-la-vii-semana-de-la-salud-de-molina-de-segura-con-la-colaboracion-del-hospital-de-molina\/","url":"https:\/\/riberasalud.com\/hospital-de-molina\/comienza-la-vii-semana-de-la-salud-de-molina-de-segura-con-la-colaboracion-del-hospital-de-molina\/","name":"Comienza la VII Semana de la Salud de Molina de Segura con la colaboraci\u00f3n del Hospital de Molina - Hospital de Molina","isPartOf":{"@id":"https:\/\/riberasalud.com\/hospital-de-molina\/#website"},"primaryImageOfPage":{"@id":"https:\/\/riberasalud.com\/hospital-de-molina\/comienza-la-vii-semana-de-la-salud-de-molina-de-segura-con-la-colaboracion-del-hospital-de-molina\/#primaryimage"},"image":{"@id":"https:\/\/riberasalud.com\/hospital-de-molina\/comienza-la-vii-semana-de-la-salud-de-molina-de-segura-con-la-colaboracion-del-hospital-de-molina\/#primaryimage"},"thumbnailUrl":"https:\/\/hospitaldemolina.es\/wp-content\/uploads\/2020\/05\/13-04-1520-20Hospital20Molina20-20Presentacion20VII20Semana20Salud-Foto2.jpg","datePublished":"2013-04-15T18:12:53+00:00","dateModified":"2023-10-25T06:40:10+00:00","breadcrumb":{"@id":"https:\/\/riberasalud.com\/hospital-de-molina\/comienza-la-vii-semana-de-la-salud-de-molina-de-segura-con-la-colaboracion-del-hospital-de-molina\/#breadcrumb"},"inLanguage":"es","potentialAction":[{"@type":"ReadAction","target":["https:\/\/riberasalud.com\/hospital-de-molina\/comienza-la-vii-semana-de-la-salud-de-molina-de-segura-con-la-colaboracion-del-hospital-de-molina\/"]}]},{"@type":"ImageObject","inLanguage":"es","@id":"https:\/\/riberasalud.com\/hospital-de-molina\/comienza-la-vii-semana-de-la-salud-de-molina-de-segura-con-la-colaboracion-del-hospital-de-molina\/#primaryimage","url":"https:\/\/hospitaldemolina.es\/wp-content\/uploads\/2020\/05\/13-04-1520-20Hospital20Molina20-20Presentacion20VII20Semana20Salud-Foto2.jpg","contentUrl":"https:\/\/hospitaldemolina.es\/wp-content\/uploads\/2020\/05\/13-04-1520-20Hospital20Molina20-20Presentacion20VII20Semana20Salud-Foto2.jpg"},{"@type":"BreadcrumbList","@id":"https:\/\/riberasalud.com\/hospital-de-molina\/comienza-la-vii-semana-de-la-salud-de-molina-de-segura-con-la-colaboracion-del-hospital-de-molina\/#breadcrumb","itemListElement":[{"@type":"ListItem","position":1,"name":"Portada","item":"https:\/\/riberasalud.com\/hospital-de-molina\/"},{"@type":"ListItem","position":2,"name":"Comienza la VII Semana de la Salud de Molina de Segura con la colaboraci\u00f3n del Hospital de Molina"}]},{"@type":"WebSite","@id":"https:\/\/riberasalud.com\/hospital-de-molina\/#website","url":"https:\/\/riberasalud.com\/hospital-de-molina\/","name":"Hospital de Molina","description":"","publisher":{"@id":"https:\/\/riberasalud.com\/hospital-de-molina\/#organization"},"potentialAction":[{"@type":"SearchAction","target":{"@type":"EntryPoint","urlTemplate":"https:\/\/riberasalud.com\/hospital-de-molina\/?s={search_term_string}"},"query-input":{"@type":"PropertyValueSpecification","valueRequired":true,"valueName":"search_term_string"}}],"inLanguage":"es"},{"@type":"Organization","@id":"https:\/\/riberasalud.com\/hospital-de-molina\/#organization","name":"Hospital de Molina","url":"https:\/\/riberasalud.com\/hospital-de-molina\/","logo":{"@type":"ImageObject","inLanguage":"es","@id":"https:\/\/riberasalud.com\/hospital-de-molina\/#\/schema\/logo\/image\/","url":"https:\/\/riberasalud.com\/hospital-de-molina\/wp-content\/uploads\/2023\/01\/cropped-Logo-Red-DeMolina-bigtz7.png","contentUrl":"https:\/\/riberasalud.com\/hospital-de-molina\/wp-content\/uploads\/2023\/01\/cropped-Logo-Red-DeMolina-bigtz7.png","width":300,"height":72,"caption":"Hospital de Molina"},"image":{"@id":"https:\/\/riberasalud.com\/hospital-de-molina\/#\/schema\/logo\/image\/"}},{"@type":"Person","@id":"https:\/\/riberasalud.com\/hospital-de-molina\/#\/schema\/person\/37d58effcbf02f32328940089f254419","name":"hmolina","image":{"@type":"ImageObject","inLanguage":"es","@id":"https:\/\/riberasalud.com\/hospital-de-molina\/#\/schema\/person\/image\/","url":"https:\/\/secure.gravatar.com\/avatar\/9db1181c394bec9505d449c90a21b5363cc35ad9a76f60f11a304b23bb0e8dd4?s=96&d=mm&r=g","contentUrl":"https:\/\/secure.gravatar.com\/avatar\/9db1181c394bec9505d449c90a21b5363cc35ad9a76f60f11a304b23bb0e8dd4?s=96&d=mm&r=g","caption":"hmolina"},"url":"https:\/\/riberasalud.com\/hospital-de-molina\/author\/hmolina\/"}]}},"uagb_featured_image_src":{"full":false,"thumbnail":false,"medium":false,"medium_large":false,"large":false,"1536x1536":false,"2048x2048":false},"uagb_author_info":{"display_name":"hmolina","author_link":"https:\/\/riberasalud.com\/hospital-de-molina\/author\/hmolina\/"},"uagb_comment_info":0,"uagb_excerpt":"15 abril 2013.- La VII Semana de la Salud, promovida por el Ayuntamiento de Molina de Segura, el Hospital de Molina, la Fundaci\u00f3n de Estudios M\u00e9dicos de Molina de Segura (FEM) y los centros de salud del municipio, comienza hoy, tras su presentaci\u00f3n en rueda de prensa celebrada esta ma\u00f1ana en el Sal\u00f3n de Plenos&hellip;","_links":{"self":[{"href":"https:\/\/riberasalud.com\/hospital-de-molina\/wp-json\/wp\/v2\/posts\/2242","targetHints":{"allow":["GET"]}}],"collection":[{"href":"https:\/\/riberasalud.com\/hospital-de-molina\/wp-json\/wp\/v2\/posts"}],"about":[{"href":"https:\/\/riberasalud.com\/hospital-de-molina\/wp-json\/wp\/v2\/types\/post"}],"author":[{"embeddable":true,"href":"https:\/\/riberasalud.com\/hospital-de-molina\/wp-json\/wp\/v2\/users\/3"}],"replies":[{"embeddable":true,"href":"https:\/\/riberasalud.com\/hospital-de-molina\/wp-json\/wp\/v2\/comments?post=2242"}],"version-history":[{"count":1,"href":"https:\/\/riberasalud.com\/hospital-de-molina\/wp-json\/wp\/v2\/posts\/2242\/revisions"}],"predecessor-version":[{"id":8488,"href":"https:\/\/riberasalud.com\/hospital-de-molina\/wp-json\/wp\/v2\/posts\/2242\/revisions\/8488"}],"wp:attachment":[{"href":"https:\/\/riberasalud.com\/hospital-de-molina\/wp-json\/wp\/v2\/media?parent=2242"}],"wp:term":[{"taxonomy":"category","embeddable":true,"href":"https:\/\/riberasalud.com\/hospital-de-molina\/wp-json\/wp\/v2\/categories?post=2242"},{"taxonomy":"post_tag","embeddable":true,"href":"https:\/\/riberasalud.com\/hospital-de-molina\/wp-json\/wp\/v2\/tags?post=2242"}],"curies":[{"name":"wp","href":"https:\/\/api.w.org\/{rel}","templated":true}]}}