{"id":2239,"date":"2013-03-31T20:08:02","date_gmt":"2013-03-31T18:08:02","guid":{"rendered":"https:\/\/www.hospitaldemolina.es\/el-hospital-de-molina-presenta-la-semana-del-hospital-y-recibe-un-reconocimiento-institucional-del-ayuntamiento-de-molina-de-segura\/"},"modified":"2023-10-25T06:40:10","modified_gmt":"2023-10-25T06:40:10","slug":"el-hospital-de-molina-presenta-la-semana-del-hospital-y-recibe-un-reconocimiento-institucional-del-ayuntamiento-de-molina-de-segura","status":"publish","type":"post","link":"https:\/\/riberasalud.com\/hospital-de-molina\/el-hospital-de-molina-presenta-la-semana-del-hospital-y-recibe-un-reconocimiento-institucional-del-ayuntamiento-de-molina-de-segura\/","title":{"rendered":"El Hospital de Molina presenta la \u201cSemana del Hospital\u201d y recibe  un reconocimiento institucional  del Ayuntamiento de Molina de Segura"},"content":{"rendered":"<p>31 mayo 2013.- El <strong>Hospital de Molina<\/strong> ha presentado hoy viernes 31 de mayo la \u201c<strong>Semana del Hospital<\/strong>\u201d. Un conjunto de actividades divulgativas de la salud, con las que el Centro Hospitalario quiere celebrar su decimotercer aniversario.<\/p>\n<p><img decoding=\"async\" src=\"https:\/\/hospitaldemolina.es\/wp-content\/uploads\/2020\/05\/13-05-3120-20Reconocimiento20Institucional20Ayto20al20HM20y20Presentacion20Semana20del20Hospital20-20Foto1.jpg\" style=\"height:140px; width: auto;\"> <img decoding=\"async\" src=\"https:\/\/hospitaldemolina.es\/wp-content\/uploads\/2020\/05\/13-05-3120-20Reconocimiento20Institucional20Ayto20al20HM20y20Presentacion20Semana20del20Hospital20-20Foto3.jpg\" style=\"height:140px; width: auto;\"><\/p>\n<p>Bajo el t\u00edtulo \u201c<strong>Comprometidos con los ciudadanos<\/strong>\u201d, durante la primera semana de junio se desarrollar\u00e1n:<\/p>\n<p>Taller nutricional: \u201cRecomendaciones para la prevenci\u00f3n de obesidad en el S\u00edndrome de Down\u201d.<br \/>\nCharlas-Coloquios: \u201cEl voluntariado en los Hospitales\u201d, dirigidas a estudiantes de Educaci\u00f3n Secundaria y Formaci\u00f3n Profesional y a los  ciudadanos en general.<br \/>\nSeminario: \u201cRedes sociales para organizaciones socio-sanitarias\u201d.<br \/>\nConferencia: \u201cLesiones deportivas\u201d.<br \/>\nCharla-Cine f\u00f3rum: \u201cCirug\u00eda solidaria\u201d.<br \/>\nCharla-Coloquio: \u201cDolores cr\u00f3nicos en mujeres\u201d.<br \/>\nTaller de Primeros Auxilios para alumnos de Primaria.<\/p>\n<p>En palabras del <strong>Director-Gerente del Hospital de Molina, Pedro Hern\u00e1ndez Jim\u00e9nez<\/strong>, \u201cla Semana del Hospital es un paso m\u00e1s en nuestro compromiso con los ciudadanos. Nace como una iniciativa que aspira a que mejoremos como centro y mejoremos en nuestro compromiso con la sociedad. Invito a todos los ciudadanos a participar de nuestras actividades\u201d.<\/p>\n<p>En el mismo acto, el Hospital de Molina ha recibido un <strong>reconocimiento institucional del Ayuntamiento de Molina de Segura<\/strong>, por obtener el primer puesto en la calificaci\u00f3n de los mejores hospitales de Espa\u00f1a en su categor\u00eda.<\/p>\n<p>Presidido por el Alcalde de Molina de Segura, en el acto han estado presentes el Consejero Delegado del Hospital de Molina, Domingo Mench\u00f3n, el Director-Gerente del Hospital de Molina, Pedro Hern\u00e1ndez Jim\u00e9nez, y el Concejal de Sanidad del Ayuntamiento, Jos\u00e9 Antonio Carbonell Contreras.<\/p>\n<p>En palabras de Pedro Hern\u00e1ndez Jim\u00e9nez, \u201cun a\u00f1o m\u00e1s nos sentimos muy agradecidos de que el Ayuntamiento de Molina de Segura, en representaci\u00f3n de la ciudadan\u00eda, reconozca nuestra labor asistencial que, como no puede ser de otra manera, busca siempre mejorar la salud de los habitantes de Molina de Segura con unos par\u00e1metros de calidad bien contrastados y reconocidos a nivel nacional y concretados en la consecuci\u00f3n del s\u00e9ptimo Top 20 a la gesti\u00f3n global del hospital en la \u00faltima edici\u00f3n celebrada\u201d.<\/p>\n<p>Enlaces Relacionados:<\/p>\n","protected":false},"excerpt":{"rendered":"<p>31 mayo 2013.- El Hospital de Molina ha presentado hoy viernes 31 de mayo la \u201cSemana del Hospital\u201d. Un conjunto de actividades divulgativas de la salud, con las que el Centro Hospitalario quiere celebrar su decimotercer aniversario. Bajo el t\u00edtulo \u201cComprometidos con los ciudadanos\u201d, durante la primera semana de junio se desarrollar\u00e1n: Taller nutricional: \u201cRecomendaciones &#8230; <a title=\"El Hospital de Molina presenta la \u201cSemana del Hospital\u201d y recibe  un reconocimiento institucional  del Ayuntamiento de Molina de Segura\" class=\"read-more\" href=\"https:\/\/riberasalud.com\/hospital-de-molina\/el-hospital-de-molina-presenta-la-semana-del-hospital-y-recibe-un-reconocimiento-institucional-del-ayuntamiento-de-molina-de-segura\/\" aria-label=\"Leer m\u00e1s sobre El Hospital de Molina presenta la \u201cSemana del Hospital\u201d y recibe  un reconocimiento institucional  del Ayuntamiento de Molina de Segura\">Leer m\u00e1s<\/a><\/p>\n","protected":false},"author":3,"featured_media":0,"comment_status":"closed","ping_status":"open","sticky":false,"template":"","format":"standard","meta":{"_uag_custom_page_level_css":"","_mi_skip_tracking":false,"footnotes":""},"categories":[7],"tags":[],"class_list":["post-2239","post","type-post","status-publish","format-standard","hentry","category-hemeroteca"],"yoast_head":"<!-- This site is optimized with the Yoast SEO plugin v26.6 - https:\/\/yoast.com\/wordpress\/plugins\/seo\/ -->\n<title>El Hospital de Molina presenta la \u201cSemana del Hospital\u201d y recibe un reconocimiento institucional del Ayuntamiento de Molina de Segura - Hospital de Molina<\/title>\n<meta name=\"robots\" content=\"index, follow, max-snippet:-1, max-image-preview:large, max-video-preview:-1\" \/>\n<link rel=\"canonical\" href=\"https:\/\/riberasalud.com\/hospital-de-molina\/el-hospital-de-molina-presenta-la-semana-del-hospital-y-recibe-un-reconocimiento-institucional-del-ayuntamiento-de-molina-de-segura\/\" \/>\n<meta property=\"og:locale\" content=\"es_ES\" \/>\n<meta property=\"og:type\" content=\"article\" \/>\n<meta property=\"og:title\" content=\"El Hospital de Molina presenta la \u201cSemana del Hospital\u201d y recibe un reconocimiento institucional del Ayuntamiento de Molina de Segura - Hospital de Molina\" \/>\n<meta property=\"og:description\" content=\"31 mayo 2013.- El Hospital de Molina ha presentado hoy viernes 31 de mayo la \u201cSemana del Hospital\u201d. Un conjunto de actividades divulgativas de la salud, con las que el Centro Hospitalario quiere celebrar su decimotercer aniversario. Bajo el t\u00edtulo \u201cComprometidos con los ciudadanos\u201d, durante la primera semana de junio se desarrollar\u00e1n: Taller nutricional: \u201cRecomendaciones ... Leer m\u00e1s\" \/>\n<meta property=\"og:url\" content=\"https:\/\/riberasalud.com\/hospital-de-molina\/el-hospital-de-molina-presenta-la-semana-del-hospital-y-recibe-un-reconocimiento-institucional-del-ayuntamiento-de-molina-de-segura\/\" \/>\n<meta property=\"og:site_name\" content=\"Hospital de Molina\" \/>\n<meta property=\"article:published_time\" content=\"2013-03-31T18:08:02+00:00\" \/>\n<meta property=\"article:modified_time\" content=\"2023-10-25T06:40:10+00:00\" \/>\n<meta property=\"og:image\" content=\"https:\/\/hospitaldemolina.es\/wp-content\/uploads\/2020\/05\/13-05-3120-20Reconocimiento20Institucional20Ayto20al20HM20y20Presentacion20Semana20del20Hospital20-20Foto1.jpg\" \/>\n<meta name=\"author\" content=\"hmolina\" \/>\n<meta name=\"twitter:card\" content=\"summary_large_image\" \/>\n<meta name=\"twitter:label1\" content=\"Escrito por\" \/>\n\t<meta name=\"twitter:data1\" content=\"hmolina\" \/>\n\t<meta name=\"twitter:label2\" content=\"Tiempo de lectura\" \/>\n\t<meta name=\"twitter:data2\" content=\"2 minutos\" \/>\n<script type=\"application\/ld+json\" class=\"yoast-schema-graph\">{\"@context\":\"https:\/\/schema.org\",\"@graph\":[{\"@type\":\"Article\",\"@id\":\"https:\/\/riberasalud.com\/hospital-de-molina\/el-hospital-de-molina-presenta-la-semana-del-hospital-y-recibe-un-reconocimiento-institucional-del-ayuntamiento-de-molina-de-segura\/#article\",\"isPartOf\":{\"@id\":\"https:\/\/riberasalud.com\/hospital-de-molina\/el-hospital-de-molina-presenta-la-semana-del-hospital-y-recibe-un-reconocimiento-institucional-del-ayuntamiento-de-molina-de-segura\/\"},\"author\":{\"name\":\"hmolina\",\"@id\":\"https:\/\/riberasalud.com\/hospital-de-molina\/#\/schema\/person\/37d58effcbf02f32328940089f254419\"},\"headline\":\"El Hospital de Molina presenta la \u201cSemana del Hospital\u201d y recibe un reconocimiento institucional del Ayuntamiento de Molina de Segura\",\"datePublished\":\"2013-03-31T18:08:02+00:00\",\"dateModified\":\"2023-10-25T06:40:10+00:00\",\"mainEntityOfPage\":{\"@id\":\"https:\/\/riberasalud.com\/hospital-de-molina\/el-hospital-de-molina-presenta-la-semana-del-hospital-y-recibe-un-reconocimiento-institucional-del-ayuntamiento-de-molina-de-segura\/\"},\"wordCount\":375,\"publisher\":{\"@id\":\"https:\/\/riberasalud.com\/hospital-de-molina\/#organization\"},\"image\":{\"@id\":\"https:\/\/riberasalud.com\/hospital-de-molina\/el-hospital-de-molina-presenta-la-semana-del-hospital-y-recibe-un-reconocimiento-institucional-del-ayuntamiento-de-molina-de-segura\/#primaryimage\"},\"thumbnailUrl\":\"https:\/\/hospitaldemolina.es\/wp-content\/uploads\/2020\/05\/13-05-3120-20Reconocimiento20Institucional20Ayto20al20HM20y20Presentacion20Semana20del20Hospital20-20Foto1.jpg\",\"articleSection\":[\"Hemeroteca\"],\"inLanguage\":\"es\"},{\"@type\":\"WebPage\",\"@id\":\"https:\/\/riberasalud.com\/hospital-de-molina\/el-hospital-de-molina-presenta-la-semana-del-hospital-y-recibe-un-reconocimiento-institucional-del-ayuntamiento-de-molina-de-segura\/\",\"url\":\"https:\/\/riberasalud.com\/hospital-de-molina\/el-hospital-de-molina-presenta-la-semana-del-hospital-y-recibe-un-reconocimiento-institucional-del-ayuntamiento-de-molina-de-segura\/\",\"name\":\"El Hospital de Molina presenta la \u201cSemana del Hospital\u201d y recibe un reconocimiento institucional del Ayuntamiento de Molina de Segura - Hospital de Molina\",\"isPartOf\":{\"@id\":\"https:\/\/riberasalud.com\/hospital-de-molina\/#website\"},\"primaryImageOfPage\":{\"@id\":\"https:\/\/riberasalud.com\/hospital-de-molina\/el-hospital-de-molina-presenta-la-semana-del-hospital-y-recibe-un-reconocimiento-institucional-del-ayuntamiento-de-molina-de-segura\/#primaryimage\"},\"image\":{\"@id\":\"https:\/\/riberasalud.com\/hospital-de-molina\/el-hospital-de-molina-presenta-la-semana-del-hospital-y-recibe-un-reconocimiento-institucional-del-ayuntamiento-de-molina-de-segura\/#primaryimage\"},\"thumbnailUrl\":\"https:\/\/hospitaldemolina.es\/wp-content\/uploads\/2020\/05\/13-05-3120-20Reconocimiento20Institucional20Ayto20al20HM20y20Presentacion20Semana20del20Hospital20-20Foto1.jpg\",\"datePublished\":\"2013-03-31T18:08:02+00:00\",\"dateModified\":\"2023-10-25T06:40:10+00:00\",\"breadcrumb\":{\"@id\":\"https:\/\/riberasalud.com\/hospital-de-molina\/el-hospital-de-molina-presenta-la-semana-del-hospital-y-recibe-un-reconocimiento-institucional-del-ayuntamiento-de-molina-de-segura\/#breadcrumb\"},\"inLanguage\":\"es\",\"potentialAction\":[{\"@type\":\"ReadAction\",\"target\":[\"https:\/\/riberasalud.com\/hospital-de-molina\/el-hospital-de-molina-presenta-la-semana-del-hospital-y-recibe-un-reconocimiento-institucional-del-ayuntamiento-de-molina-de-segura\/\"]}]},{\"@type\":\"ImageObject\",\"inLanguage\":\"es\",\"@id\":\"https:\/\/riberasalud.com\/hospital-de-molina\/el-hospital-de-molina-presenta-la-semana-del-hospital-y-recibe-un-reconocimiento-institucional-del-ayuntamiento-de-molina-de-segura\/#primaryimage\",\"url\":\"https:\/\/hospitaldemolina.es\/wp-content\/uploads\/2020\/05\/13-05-3120-20Reconocimiento20Institucional20Ayto20al20HM20y20Presentacion20Semana20del20Hospital20-20Foto1.jpg\",\"contentUrl\":\"https:\/\/hospitaldemolina.es\/wp-content\/uploads\/2020\/05\/13-05-3120-20Reconocimiento20Institucional20Ayto20al20HM20y20Presentacion20Semana20del20Hospital20-20Foto1.jpg\"},{\"@type\":\"BreadcrumbList\",\"@id\":\"https:\/\/riberasalud.com\/hospital-de-molina\/el-hospital-de-molina-presenta-la-semana-del-hospital-y-recibe-un-reconocimiento-institucional-del-ayuntamiento-de-molina-de-segura\/#breadcrumb\",\"itemListElement\":[{\"@type\":\"ListItem\",\"position\":1,\"name\":\"Portada\",\"item\":\"https:\/\/riberasalud.com\/hospital-de-molina\/\"},{\"@type\":\"ListItem\",\"position\":2,\"name\":\"El Hospital de Molina presenta la \u201cSemana del Hospital\u201d y recibe un reconocimiento institucional del Ayuntamiento de Molina de Segura\"}]},{\"@type\":\"WebSite\",\"@id\":\"https:\/\/riberasalud.com\/hospital-de-molina\/#website\",\"url\":\"https:\/\/riberasalud.com\/hospital-de-molina\/\",\"name\":\"Hospital de Molina\",\"description\":\"\",\"publisher\":{\"@id\":\"https:\/\/riberasalud.com\/hospital-de-molina\/#organization\"},\"potentialAction\":[{\"@type\":\"SearchAction\",\"target\":{\"@type\":\"EntryPoint\",\"urlTemplate\":\"https:\/\/riberasalud.com\/hospital-de-molina\/?s={search_term_string}\"},\"query-input\":{\"@type\":\"PropertyValueSpecification\",\"valueRequired\":true,\"valueName\":\"search_term_string\"}}],\"inLanguage\":\"es\"},{\"@type\":\"Organization\",\"@id\":\"https:\/\/riberasalud.com\/hospital-de-molina\/#organization\",\"name\":\"Hospital de Molina\",\"url\":\"https:\/\/riberasalud.com\/hospital-de-molina\/\",\"logo\":{\"@type\":\"ImageObject\",\"inLanguage\":\"es\",\"@id\":\"https:\/\/riberasalud.com\/hospital-de-molina\/#\/schema\/logo\/image\/\",\"url\":\"https:\/\/riberasalud.com\/hospital-de-molina\/wp-content\/uploads\/2023\/01\/cropped-Logo-Red-DeMolina-bigtz7.png\",\"contentUrl\":\"https:\/\/riberasalud.com\/hospital-de-molina\/wp-content\/uploads\/2023\/01\/cropped-Logo-Red-DeMolina-bigtz7.png\",\"width\":300,\"height\":72,\"caption\":\"Hospital de Molina\"},\"image\":{\"@id\":\"https:\/\/riberasalud.com\/hospital-de-molina\/#\/schema\/logo\/image\/\"}},{\"@type\":\"Person\",\"@id\":\"https:\/\/riberasalud.com\/hospital-de-molina\/#\/schema\/person\/37d58effcbf02f32328940089f254419\",\"name\":\"hmolina\",\"image\":{\"@type\":\"ImageObject\",\"inLanguage\":\"es\",\"@id\":\"https:\/\/riberasalud.com\/hospital-de-molina\/#\/schema\/person\/image\/\",\"url\":\"https:\/\/secure.gravatar.com\/avatar\/9db1181c394bec9505d449c90a21b5363cc35ad9a76f60f11a304b23bb0e8dd4?s=96&d=mm&r=g\",\"contentUrl\":\"https:\/\/secure.gravatar.com\/avatar\/9db1181c394bec9505d449c90a21b5363cc35ad9a76f60f11a304b23bb0e8dd4?s=96&d=mm&r=g\",\"caption\":\"hmolina\"},\"url\":\"https:\/\/riberasalud.com\/hospital-de-molina\/author\/hmolina\/\"}]}<\/script>\n<!-- \/ Yoast SEO plugin. -->","yoast_head_json":{"title":"El Hospital de Molina presenta la \u201cSemana del Hospital\u201d y recibe un reconocimiento institucional del Ayuntamiento de Molina de Segura - Hospital de Molina","robots":{"index":"index","follow":"follow","max-snippet":"max-snippet:-1","max-image-preview":"max-image-preview:large","max-video-preview":"max-video-preview:-1"},"canonical":"https:\/\/riberasalud.com\/hospital-de-molina\/el-hospital-de-molina-presenta-la-semana-del-hospital-y-recibe-un-reconocimiento-institucional-del-ayuntamiento-de-molina-de-segura\/","og_locale":"es_ES","og_type":"article","og_title":"El Hospital de Molina presenta la \u201cSemana del Hospital\u201d y recibe un reconocimiento institucional del Ayuntamiento de Molina de Segura - Hospital de Molina","og_description":"31 mayo 2013.- El Hospital de Molina ha presentado hoy viernes 31 de mayo la \u201cSemana del Hospital\u201d. Un conjunto de actividades divulgativas de la salud, con las que el Centro Hospitalario quiere celebrar su decimotercer aniversario. Bajo el t\u00edtulo \u201cComprometidos con los ciudadanos\u201d, durante la primera semana de junio se desarrollar\u00e1n: Taller nutricional: \u201cRecomendaciones ... Leer m\u00e1s","og_url":"https:\/\/riberasalud.com\/hospital-de-molina\/el-hospital-de-molina-presenta-la-semana-del-hospital-y-recibe-un-reconocimiento-institucional-del-ayuntamiento-de-molina-de-segura\/","og_site_name":"Hospital de Molina","article_published_time":"2013-03-31T18:08:02+00:00","article_modified_time":"2023-10-25T06:40:10+00:00","og_image":[{"url":"https:\/\/hospitaldemolina.es\/wp-content\/uploads\/2020\/05\/13-05-3120-20Reconocimiento20Institucional20Ayto20al20HM20y20Presentacion20Semana20del20Hospital20-20Foto1.jpg","type":"","width":"","height":""}],"author":"hmolina","twitter_card":"summary_large_image","twitter_misc":{"Escrito por":"hmolina","Tiempo de lectura":"2 minutos"},"schema":{"@context":"https:\/\/schema.org","@graph":[{"@type":"Article","@id":"https:\/\/riberasalud.com\/hospital-de-molina\/el-hospital-de-molina-presenta-la-semana-del-hospital-y-recibe-un-reconocimiento-institucional-del-ayuntamiento-de-molina-de-segura\/#article","isPartOf":{"@id":"https:\/\/riberasalud.com\/hospital-de-molina\/el-hospital-de-molina-presenta-la-semana-del-hospital-y-recibe-un-reconocimiento-institucional-del-ayuntamiento-de-molina-de-segura\/"},"author":{"name":"hmolina","@id":"https:\/\/riberasalud.com\/hospital-de-molina\/#\/schema\/person\/37d58effcbf02f32328940089f254419"},"headline":"El Hospital de Molina presenta la \u201cSemana del Hospital\u201d y recibe un reconocimiento institucional del Ayuntamiento de Molina de Segura","datePublished":"2013-03-31T18:08:02+00:00","dateModified":"2023-10-25T06:40:10+00:00","mainEntityOfPage":{"@id":"https:\/\/riberasalud.com\/hospital-de-molina\/el-hospital-de-molina-presenta-la-semana-del-hospital-y-recibe-un-reconocimiento-institucional-del-ayuntamiento-de-molina-de-segura\/"},"wordCount":375,"publisher":{"@id":"https:\/\/riberasalud.com\/hospital-de-molina\/#organization"},"image":{"@id":"https:\/\/riberasalud.com\/hospital-de-molina\/el-hospital-de-molina-presenta-la-semana-del-hospital-y-recibe-un-reconocimiento-institucional-del-ayuntamiento-de-molina-de-segura\/#primaryimage"},"thumbnailUrl":"https:\/\/hospitaldemolina.es\/wp-content\/uploads\/2020\/05\/13-05-3120-20Reconocimiento20Institucional20Ayto20al20HM20y20Presentacion20Semana20del20Hospital20-20Foto1.jpg","articleSection":["Hemeroteca"],"inLanguage":"es"},{"@type":"WebPage","@id":"https:\/\/riberasalud.com\/hospital-de-molina\/el-hospital-de-molina-presenta-la-semana-del-hospital-y-recibe-un-reconocimiento-institucional-del-ayuntamiento-de-molina-de-segura\/","url":"https:\/\/riberasalud.com\/hospital-de-molina\/el-hospital-de-molina-presenta-la-semana-del-hospital-y-recibe-un-reconocimiento-institucional-del-ayuntamiento-de-molina-de-segura\/","name":"El Hospital de Molina presenta la \u201cSemana del Hospital\u201d y recibe un reconocimiento institucional del Ayuntamiento de Molina de Segura - Hospital de Molina","isPartOf":{"@id":"https:\/\/riberasalud.com\/hospital-de-molina\/#website"},"primaryImageOfPage":{"@id":"https:\/\/riberasalud.com\/hospital-de-molina\/el-hospital-de-molina-presenta-la-semana-del-hospital-y-recibe-un-reconocimiento-institucional-del-ayuntamiento-de-molina-de-segura\/#primaryimage"},"image":{"@id":"https:\/\/riberasalud.com\/hospital-de-molina\/el-hospital-de-molina-presenta-la-semana-del-hospital-y-recibe-un-reconocimiento-institucional-del-ayuntamiento-de-molina-de-segura\/#primaryimage"},"thumbnailUrl":"https:\/\/hospitaldemolina.es\/wp-content\/uploads\/2020\/05\/13-05-3120-20Reconocimiento20Institucional20Ayto20al20HM20y20Presentacion20Semana20del20Hospital20-20Foto1.jpg","datePublished":"2013-03-31T18:08:02+00:00","dateModified":"2023-10-25T06:40:10+00:00","breadcrumb":{"@id":"https:\/\/riberasalud.com\/hospital-de-molina\/el-hospital-de-molina-presenta-la-semana-del-hospital-y-recibe-un-reconocimiento-institucional-del-ayuntamiento-de-molina-de-segura\/#breadcrumb"},"inLanguage":"es","potentialAction":[{"@type":"ReadAction","target":["https:\/\/riberasalud.com\/hospital-de-molina\/el-hospital-de-molina-presenta-la-semana-del-hospital-y-recibe-un-reconocimiento-institucional-del-ayuntamiento-de-molina-de-segura\/"]}]},{"@type":"ImageObject","inLanguage":"es","@id":"https:\/\/riberasalud.com\/hospital-de-molina\/el-hospital-de-molina-presenta-la-semana-del-hospital-y-recibe-un-reconocimiento-institucional-del-ayuntamiento-de-molina-de-segura\/#primaryimage","url":"https:\/\/hospitaldemolina.es\/wp-content\/uploads\/2020\/05\/13-05-3120-20Reconocimiento20Institucional20Ayto20al20HM20y20Presentacion20Semana20del20Hospital20-20Foto1.jpg","contentUrl":"https:\/\/hospitaldemolina.es\/wp-content\/uploads\/2020\/05\/13-05-3120-20Reconocimiento20Institucional20Ayto20al20HM20y20Presentacion20Semana20del20Hospital20-20Foto1.jpg"},{"@type":"BreadcrumbList","@id":"https:\/\/riberasalud.com\/hospital-de-molina\/el-hospital-de-molina-presenta-la-semana-del-hospital-y-recibe-un-reconocimiento-institucional-del-ayuntamiento-de-molina-de-segura\/#breadcrumb","itemListElement":[{"@type":"ListItem","position":1,"name":"Portada","item":"https:\/\/riberasalud.com\/hospital-de-molina\/"},{"@type":"ListItem","position":2,"name":"El Hospital de Molina presenta la \u201cSemana del Hospital\u201d y recibe un reconocimiento institucional del Ayuntamiento de Molina de Segura"}]},{"@type":"WebSite","@id":"https:\/\/riberasalud.com\/hospital-de-molina\/#website","url":"https:\/\/riberasalud.com\/hospital-de-molina\/","name":"Hospital de Molina","description":"","publisher":{"@id":"https:\/\/riberasalud.com\/hospital-de-molina\/#organization"},"potentialAction":[{"@type":"SearchAction","target":{"@type":"EntryPoint","urlTemplate":"https:\/\/riberasalud.com\/hospital-de-molina\/?s={search_term_string}"},"query-input":{"@type":"PropertyValueSpecification","valueRequired":true,"valueName":"search_term_string"}}],"inLanguage":"es"},{"@type":"Organization","@id":"https:\/\/riberasalud.com\/hospital-de-molina\/#organization","name":"Hospital de Molina","url":"https:\/\/riberasalud.com\/hospital-de-molina\/","logo":{"@type":"ImageObject","inLanguage":"es","@id":"https:\/\/riberasalud.com\/hospital-de-molina\/#\/schema\/logo\/image\/","url":"https:\/\/riberasalud.com\/hospital-de-molina\/wp-content\/uploads\/2023\/01\/cropped-Logo-Red-DeMolina-bigtz7.png","contentUrl":"https:\/\/riberasalud.com\/hospital-de-molina\/wp-content\/uploads\/2023\/01\/cropped-Logo-Red-DeMolina-bigtz7.png","width":300,"height":72,"caption":"Hospital de Molina"},"image":{"@id":"https:\/\/riberasalud.com\/hospital-de-molina\/#\/schema\/logo\/image\/"}},{"@type":"Person","@id":"https:\/\/riberasalud.com\/hospital-de-molina\/#\/schema\/person\/37d58effcbf02f32328940089f254419","name":"hmolina","image":{"@type":"ImageObject","inLanguage":"es","@id":"https:\/\/riberasalud.com\/hospital-de-molina\/#\/schema\/person\/image\/","url":"https:\/\/secure.gravatar.com\/avatar\/9db1181c394bec9505d449c90a21b5363cc35ad9a76f60f11a304b23bb0e8dd4?s=96&d=mm&r=g","contentUrl":"https:\/\/secure.gravatar.com\/avatar\/9db1181c394bec9505d449c90a21b5363cc35ad9a76f60f11a304b23bb0e8dd4?s=96&d=mm&r=g","caption":"hmolina"},"url":"https:\/\/riberasalud.com\/hospital-de-molina\/author\/hmolina\/"}]}},"uagb_featured_image_src":{"full":false,"thumbnail":false,"medium":false,"medium_large":false,"large":false,"1536x1536":false,"2048x2048":false},"uagb_author_info":{"display_name":"hmolina","author_link":"https:\/\/riberasalud.com\/hospital-de-molina\/author\/hmolina\/"},"uagb_comment_info":0,"uagb_excerpt":"31 mayo 2013.- El Hospital de Molina ha presentado hoy viernes 31 de mayo la \u201cSemana del Hospital\u201d. Un conjunto de actividades divulgativas de la salud, con las que el Centro Hospitalario quiere celebrar su decimotercer aniversario. Bajo el t\u00edtulo \u201cComprometidos con los ciudadanos\u201d, durante la primera semana de junio se desarrollar\u00e1n: Taller nutricional: \u201cRecomendaciones&hellip;","_links":{"self":[{"href":"https:\/\/riberasalud.com\/hospital-de-molina\/wp-json\/wp\/v2\/posts\/2239","targetHints":{"allow":["GET"]}}],"collection":[{"href":"https:\/\/riberasalud.com\/hospital-de-molina\/wp-json\/wp\/v2\/posts"}],"about":[{"href":"https:\/\/riberasalud.com\/hospital-de-molina\/wp-json\/wp\/v2\/types\/post"}],"author":[{"embeddable":true,"href":"https:\/\/riberasalud.com\/hospital-de-molina\/wp-json\/wp\/v2\/users\/3"}],"replies":[{"embeddable":true,"href":"https:\/\/riberasalud.com\/hospital-de-molina\/wp-json\/wp\/v2\/comments?post=2239"}],"version-history":[{"count":1,"href":"https:\/\/riberasalud.com\/hospital-de-molina\/wp-json\/wp\/v2\/posts\/2239\/revisions"}],"predecessor-version":[{"id":8489,"href":"https:\/\/riberasalud.com\/hospital-de-molina\/wp-json\/wp\/v2\/posts\/2239\/revisions\/8489"}],"wp:attachment":[{"href":"https:\/\/riberasalud.com\/hospital-de-molina\/wp-json\/wp\/v2\/media?parent=2239"}],"wp:term":[{"taxonomy":"category","embeddable":true,"href":"https:\/\/riberasalud.com\/hospital-de-molina\/wp-json\/wp\/v2\/categories?post=2239"},{"taxonomy":"post_tag","embeddable":true,"href":"https:\/\/riberasalud.com\/hospital-de-molina\/wp-json\/wp\/v2\/tags?post=2239"}],"curies":[{"name":"wp","href":"https:\/\/api.w.org\/{rel}","templated":true}]}}