{"id":2200,"date":"2014-05-29T10:25:43","date_gmt":"2014-05-29T08:25:43","guid":{"rendered":"https:\/\/www.hospitaldemolina.es\/semana-del-hospital-cuidados-del-recien-nacido-2\/"},"modified":"2023-10-25T06:39:46","modified_gmt":"2023-10-25T06:39:46","slug":"semana-del-hospital-cuidados-del-recien-nacido-2","status":"publish","type":"post","link":"https:\/\/riberasalud.com\/hospital-de-molina\/semana-del-hospital-cuidados-del-recien-nacido-2\/","title":{"rendered":"SEMANA DEL HOSPITAL: Cuidados del reci\u00e9n nacido"},"content":{"rendered":"<p>28 mayo 2014.- El Hospital de Molina contin\u00faa su SEMANA DEL HOSPITAL con una charla sobre \u201cCuidados del reci\u00e9n nacido\u201d, impartida esta tarde por el Pediatra del Hospital de Molina, Dr. P\u00edo D\u00f3lera Almaida, y la nutricionista del Centro Hospitalario e instructora de porteo, Rebeca Pastor Valero, en el sal\u00f3n de actos del Hospital.<\/p>\n<p class=\"rtecenter\"><img decoding=\"async\" src=\"https:\/\/hospitaldemolina.es\/wp-content\/uploads\/2020\/05\/14-05-2820-20Semana20HM20-20Charla20Pediatria20-20Foto204.jpg\" style=\"height:140px; width: auto;\"> <img decoding=\"async\" src=\"https:\/\/hospitaldemolina.es\/wp-content\/uploads\/2020\/05\/14-05-2820-20Semana20HM20-20Charla20Pediatria20-20Foto209.jpg\" style=\"height:140px; width: auto;\"><\/p>\n<p>Durante la misma, el Dr. D\u00f3lera Almaida ha explicado los factores que influyen en la salud de un reci\u00e9n nacido, sus cuidados en el paritorio y durante los d\u00edas de hospitalizaci\u00f3n, as\u00ed como la preparaci\u00f3n del alta del reci\u00e9n nacido sano con cuidados y consejos a los padres. El porteo, como una manera de aumentar el v\u00ednculo afectivo con los hijos y cubrir su necesidad de protecci\u00f3n, tambi\u00e9n se ha explicado a todos los asistentes. Con esta conferencia del Servicio de Pediatr\u00eda del Hospital de Molina, el Centro Hospitalario contin\u00faa con su programaci\u00f3n de la SEMANA DEL HOSPITAL, con la que conmemora su decimocuarto aniversario.<\/p>\n<p>Enlaces Relacionados:<\/p>\n","protected":false},"excerpt":{"rendered":"<p>28 mayo 2014.- El Hospital de Molina contin\u00faa su SEMANA DEL HOSPITAL con una charla sobre \u201cCuidados del reci\u00e9n nacido\u201d, impartida esta tarde por el Pediatra del Hospital de Molina, Dr. P\u00edo D\u00f3lera Almaida, y la nutricionista del Centro Hospitalario e instructora de porteo, Rebeca Pastor Valero, en el sal\u00f3n de actos del Hospital. Durante &#8230; <a title=\"SEMANA DEL HOSPITAL: Cuidados del reci\u00e9n nacido\" class=\"read-more\" href=\"https:\/\/riberasalud.com\/hospital-de-molina\/semana-del-hospital-cuidados-del-recien-nacido-2\/\" aria-label=\"Leer m\u00e1s sobre SEMANA DEL HOSPITAL: Cuidados del reci\u00e9n nacido\">Leer m\u00e1s<\/a><\/p>\n","protected":false},"author":3,"featured_media":0,"comment_status":"closed","ping_status":"open","sticky":false,"template":"","format":"standard","meta":{"_uag_custom_page_level_css":"","_mi_skip_tracking":false,"footnotes":""},"categories":[7],"tags":[],"class_list":["post-2200","post","type-post","status-publish","format-standard","hentry","category-hemeroteca"],"yoast_head":"<!-- This site is optimized with the Yoast SEO plugin v26.6 - https:\/\/yoast.com\/wordpress\/plugins\/seo\/ -->\n<title>SEMANA DEL HOSPITAL: Cuidados del reci\u00e9n nacido - Hospital de Molina<\/title>\n<meta name=\"robots\" content=\"index, follow, max-snippet:-1, max-image-preview:large, max-video-preview:-1\" \/>\n<link rel=\"canonical\" href=\"https:\/\/riberasalud.com\/hospital-de-molina\/semana-del-hospital-cuidados-del-recien-nacido-2\/\" \/>\n<meta property=\"og:locale\" content=\"es_ES\" \/>\n<meta property=\"og:type\" content=\"article\" \/>\n<meta property=\"og:title\" content=\"SEMANA DEL HOSPITAL: Cuidados del reci\u00e9n nacido - Hospital de Molina\" \/>\n<meta property=\"og:description\" content=\"28 mayo 2014.- El Hospital de Molina contin\u00faa su SEMANA DEL HOSPITAL con una charla sobre \u201cCuidados del reci\u00e9n nacido\u201d, impartida esta tarde por el Pediatra del Hospital de Molina, Dr. P\u00edo D\u00f3lera Almaida, y la nutricionista del Centro Hospitalario e instructora de porteo, Rebeca Pastor Valero, en el sal\u00f3n de actos del Hospital. Durante ... Leer m\u00e1s\" \/>\n<meta property=\"og:url\" content=\"https:\/\/riberasalud.com\/hospital-de-molina\/semana-del-hospital-cuidados-del-recien-nacido-2\/\" \/>\n<meta property=\"og:site_name\" content=\"Hospital de Molina\" \/>\n<meta property=\"article:published_time\" content=\"2014-05-29T08:25:43+00:00\" \/>\n<meta property=\"article:modified_time\" content=\"2023-10-25T06:39:46+00:00\" \/>\n<meta property=\"og:image\" content=\"https:\/\/hospitaldemolina.es\/wp-content\/uploads\/2020\/05\/14-05-2820-20Semana20HM20-20Charla20Pediatria20-20Foto204.jpg\" \/>\n<meta name=\"author\" content=\"hmolina\" \/>\n<meta name=\"twitter:card\" content=\"summary_large_image\" \/>\n<meta name=\"twitter:label1\" content=\"Escrito por\" \/>\n\t<meta name=\"twitter:data1\" content=\"hmolina\" \/>\n\t<meta name=\"twitter:label2\" content=\"Tiempo de lectura\" \/>\n\t<meta name=\"twitter:data2\" content=\"1 minuto\" \/>\n<script type=\"application\/ld+json\" class=\"yoast-schema-graph\">{\"@context\":\"https:\/\/schema.org\",\"@graph\":[{\"@type\":\"Article\",\"@id\":\"https:\/\/riberasalud.com\/hospital-de-molina\/semana-del-hospital-cuidados-del-recien-nacido-2\/#article\",\"isPartOf\":{\"@id\":\"https:\/\/riberasalud.com\/hospital-de-molina\/semana-del-hospital-cuidados-del-recien-nacido-2\/\"},\"author\":{\"name\":\"hmolina\",\"@id\":\"https:\/\/riberasalud.com\/hospital-de-molina\/#\/schema\/person\/37d58effcbf02f32328940089f254419\"},\"headline\":\"SEMANA DEL HOSPITAL: Cuidados del reci\u00e9n nacido\",\"datePublished\":\"2014-05-29T08:25:43+00:00\",\"dateModified\":\"2023-10-25T06:39:46+00:00\",\"mainEntityOfPage\":{\"@id\":\"https:\/\/riberasalud.com\/hospital-de-molina\/semana-del-hospital-cuidados-del-recien-nacido-2\/\"},\"wordCount\":185,\"publisher\":{\"@id\":\"https:\/\/riberasalud.com\/hospital-de-molina\/#organization\"},\"image\":{\"@id\":\"https:\/\/riberasalud.com\/hospital-de-molina\/semana-del-hospital-cuidados-del-recien-nacido-2\/#primaryimage\"},\"thumbnailUrl\":\"https:\/\/hospitaldemolina.es\/wp-content\/uploads\/2020\/05\/14-05-2820-20Semana20HM20-20Charla20Pediatria20-20Foto204.jpg\",\"articleSection\":[\"Hemeroteca\"],\"inLanguage\":\"es\"},{\"@type\":\"WebPage\",\"@id\":\"https:\/\/riberasalud.com\/hospital-de-molina\/semana-del-hospital-cuidados-del-recien-nacido-2\/\",\"url\":\"https:\/\/riberasalud.com\/hospital-de-molina\/semana-del-hospital-cuidados-del-recien-nacido-2\/\",\"name\":\"SEMANA DEL HOSPITAL: Cuidados del reci\u00e9n nacido - Hospital de Molina\",\"isPartOf\":{\"@id\":\"https:\/\/riberasalud.com\/hospital-de-molina\/#website\"},\"primaryImageOfPage\":{\"@id\":\"https:\/\/riberasalud.com\/hospital-de-molina\/semana-del-hospital-cuidados-del-recien-nacido-2\/#primaryimage\"},\"image\":{\"@id\":\"https:\/\/riberasalud.com\/hospital-de-molina\/semana-del-hospital-cuidados-del-recien-nacido-2\/#primaryimage\"},\"thumbnailUrl\":\"https:\/\/hospitaldemolina.es\/wp-content\/uploads\/2020\/05\/14-05-2820-20Semana20HM20-20Charla20Pediatria20-20Foto204.jpg\",\"datePublished\":\"2014-05-29T08:25:43+00:00\",\"dateModified\":\"2023-10-25T06:39:46+00:00\",\"breadcrumb\":{\"@id\":\"https:\/\/riberasalud.com\/hospital-de-molina\/semana-del-hospital-cuidados-del-recien-nacido-2\/#breadcrumb\"},\"inLanguage\":\"es\",\"potentialAction\":[{\"@type\":\"ReadAction\",\"target\":[\"https:\/\/riberasalud.com\/hospital-de-molina\/semana-del-hospital-cuidados-del-recien-nacido-2\/\"]}]},{\"@type\":\"ImageObject\",\"inLanguage\":\"es\",\"@id\":\"https:\/\/riberasalud.com\/hospital-de-molina\/semana-del-hospital-cuidados-del-recien-nacido-2\/#primaryimage\",\"url\":\"https:\/\/hospitaldemolina.es\/wp-content\/uploads\/2020\/05\/14-05-2820-20Semana20HM20-20Charla20Pediatria20-20Foto204.jpg\",\"contentUrl\":\"https:\/\/hospitaldemolina.es\/wp-content\/uploads\/2020\/05\/14-05-2820-20Semana20HM20-20Charla20Pediatria20-20Foto204.jpg\"},{\"@type\":\"BreadcrumbList\",\"@id\":\"https:\/\/riberasalud.com\/hospital-de-molina\/semana-del-hospital-cuidados-del-recien-nacido-2\/#breadcrumb\",\"itemListElement\":[{\"@type\":\"ListItem\",\"position\":1,\"name\":\"Portada\",\"item\":\"https:\/\/riberasalud.com\/hospital-de-molina\/\"},{\"@type\":\"ListItem\",\"position\":2,\"name\":\"SEMANA DEL HOSPITAL: Cuidados del reci\u00e9n nacido\"}]},{\"@type\":\"WebSite\",\"@id\":\"https:\/\/riberasalud.com\/hospital-de-molina\/#website\",\"url\":\"https:\/\/riberasalud.com\/hospital-de-molina\/\",\"name\":\"Hospital de Molina\",\"description\":\"\",\"publisher\":{\"@id\":\"https:\/\/riberasalud.com\/hospital-de-molina\/#organization\"},\"potentialAction\":[{\"@type\":\"SearchAction\",\"target\":{\"@type\":\"EntryPoint\",\"urlTemplate\":\"https:\/\/riberasalud.com\/hospital-de-molina\/?s={search_term_string}\"},\"query-input\":{\"@type\":\"PropertyValueSpecification\",\"valueRequired\":true,\"valueName\":\"search_term_string\"}}],\"inLanguage\":\"es\"},{\"@type\":\"Organization\",\"@id\":\"https:\/\/riberasalud.com\/hospital-de-molina\/#organization\",\"name\":\"Hospital de Molina\",\"url\":\"https:\/\/riberasalud.com\/hospital-de-molina\/\",\"logo\":{\"@type\":\"ImageObject\",\"inLanguage\":\"es\",\"@id\":\"https:\/\/riberasalud.com\/hospital-de-molina\/#\/schema\/logo\/image\/\",\"url\":\"https:\/\/riberasalud.com\/hospital-de-molina\/wp-content\/uploads\/2023\/01\/cropped-Logo-Red-DeMolina-bigtz7.png\",\"contentUrl\":\"https:\/\/riberasalud.com\/hospital-de-molina\/wp-content\/uploads\/2023\/01\/cropped-Logo-Red-DeMolina-bigtz7.png\",\"width\":300,\"height\":72,\"caption\":\"Hospital de Molina\"},\"image\":{\"@id\":\"https:\/\/riberasalud.com\/hospital-de-molina\/#\/schema\/logo\/image\/\"}},{\"@type\":\"Person\",\"@id\":\"https:\/\/riberasalud.com\/hospital-de-molina\/#\/schema\/person\/37d58effcbf02f32328940089f254419\",\"name\":\"hmolina\",\"image\":{\"@type\":\"ImageObject\",\"inLanguage\":\"es\",\"@id\":\"https:\/\/riberasalud.com\/hospital-de-molina\/#\/schema\/person\/image\/\",\"url\":\"https:\/\/secure.gravatar.com\/avatar\/9db1181c394bec9505d449c90a21b5363cc35ad9a76f60f11a304b23bb0e8dd4?s=96&d=mm&r=g\",\"contentUrl\":\"https:\/\/secure.gravatar.com\/avatar\/9db1181c394bec9505d449c90a21b5363cc35ad9a76f60f11a304b23bb0e8dd4?s=96&d=mm&r=g\",\"caption\":\"hmolina\"},\"url\":\"https:\/\/riberasalud.com\/hospital-de-molina\/author\/hmolina\/\"}]}<\/script>\n<!-- \/ Yoast SEO plugin. -->","yoast_head_json":{"title":"SEMANA DEL HOSPITAL: Cuidados del reci\u00e9n nacido - Hospital de Molina","robots":{"index":"index","follow":"follow","max-snippet":"max-snippet:-1","max-image-preview":"max-image-preview:large","max-video-preview":"max-video-preview:-1"},"canonical":"https:\/\/riberasalud.com\/hospital-de-molina\/semana-del-hospital-cuidados-del-recien-nacido-2\/","og_locale":"es_ES","og_type":"article","og_title":"SEMANA DEL HOSPITAL: Cuidados del reci\u00e9n nacido - Hospital de Molina","og_description":"28 mayo 2014.- El Hospital de Molina contin\u00faa su SEMANA DEL HOSPITAL con una charla sobre \u201cCuidados del reci\u00e9n nacido\u201d, impartida esta tarde por el Pediatra del Hospital de Molina, Dr. P\u00edo D\u00f3lera Almaida, y la nutricionista del Centro Hospitalario e instructora de porteo, Rebeca Pastor Valero, en el sal\u00f3n de actos del Hospital. Durante ... Leer m\u00e1s","og_url":"https:\/\/riberasalud.com\/hospital-de-molina\/semana-del-hospital-cuidados-del-recien-nacido-2\/","og_site_name":"Hospital de Molina","article_published_time":"2014-05-29T08:25:43+00:00","article_modified_time":"2023-10-25T06:39:46+00:00","og_image":[{"url":"https:\/\/hospitaldemolina.es\/wp-content\/uploads\/2020\/05\/14-05-2820-20Semana20HM20-20Charla20Pediatria20-20Foto204.jpg","type":"","width":"","height":""}],"author":"hmolina","twitter_card":"summary_large_image","twitter_misc":{"Escrito por":"hmolina","Tiempo de lectura":"1 minuto"},"schema":{"@context":"https:\/\/schema.org","@graph":[{"@type":"Article","@id":"https:\/\/riberasalud.com\/hospital-de-molina\/semana-del-hospital-cuidados-del-recien-nacido-2\/#article","isPartOf":{"@id":"https:\/\/riberasalud.com\/hospital-de-molina\/semana-del-hospital-cuidados-del-recien-nacido-2\/"},"author":{"name":"hmolina","@id":"https:\/\/riberasalud.com\/hospital-de-molina\/#\/schema\/person\/37d58effcbf02f32328940089f254419"},"headline":"SEMANA DEL HOSPITAL: Cuidados del reci\u00e9n nacido","datePublished":"2014-05-29T08:25:43+00:00","dateModified":"2023-10-25T06:39:46+00:00","mainEntityOfPage":{"@id":"https:\/\/riberasalud.com\/hospital-de-molina\/semana-del-hospital-cuidados-del-recien-nacido-2\/"},"wordCount":185,"publisher":{"@id":"https:\/\/riberasalud.com\/hospital-de-molina\/#organization"},"image":{"@id":"https:\/\/riberasalud.com\/hospital-de-molina\/semana-del-hospital-cuidados-del-recien-nacido-2\/#primaryimage"},"thumbnailUrl":"https:\/\/hospitaldemolina.es\/wp-content\/uploads\/2020\/05\/14-05-2820-20Semana20HM20-20Charla20Pediatria20-20Foto204.jpg","articleSection":["Hemeroteca"],"inLanguage":"es"},{"@type":"WebPage","@id":"https:\/\/riberasalud.com\/hospital-de-molina\/semana-del-hospital-cuidados-del-recien-nacido-2\/","url":"https:\/\/riberasalud.com\/hospital-de-molina\/semana-del-hospital-cuidados-del-recien-nacido-2\/","name":"SEMANA DEL HOSPITAL: Cuidados del reci\u00e9n nacido - Hospital de Molina","isPartOf":{"@id":"https:\/\/riberasalud.com\/hospital-de-molina\/#website"},"primaryImageOfPage":{"@id":"https:\/\/riberasalud.com\/hospital-de-molina\/semana-del-hospital-cuidados-del-recien-nacido-2\/#primaryimage"},"image":{"@id":"https:\/\/riberasalud.com\/hospital-de-molina\/semana-del-hospital-cuidados-del-recien-nacido-2\/#primaryimage"},"thumbnailUrl":"https:\/\/hospitaldemolina.es\/wp-content\/uploads\/2020\/05\/14-05-2820-20Semana20HM20-20Charla20Pediatria20-20Foto204.jpg","datePublished":"2014-05-29T08:25:43+00:00","dateModified":"2023-10-25T06:39:46+00:00","breadcrumb":{"@id":"https:\/\/riberasalud.com\/hospital-de-molina\/semana-del-hospital-cuidados-del-recien-nacido-2\/#breadcrumb"},"inLanguage":"es","potentialAction":[{"@type":"ReadAction","target":["https:\/\/riberasalud.com\/hospital-de-molina\/semana-del-hospital-cuidados-del-recien-nacido-2\/"]}]},{"@type":"ImageObject","inLanguage":"es","@id":"https:\/\/riberasalud.com\/hospital-de-molina\/semana-del-hospital-cuidados-del-recien-nacido-2\/#primaryimage","url":"https:\/\/hospitaldemolina.es\/wp-content\/uploads\/2020\/05\/14-05-2820-20Semana20HM20-20Charla20Pediatria20-20Foto204.jpg","contentUrl":"https:\/\/hospitaldemolina.es\/wp-content\/uploads\/2020\/05\/14-05-2820-20Semana20HM20-20Charla20Pediatria20-20Foto204.jpg"},{"@type":"BreadcrumbList","@id":"https:\/\/riberasalud.com\/hospital-de-molina\/semana-del-hospital-cuidados-del-recien-nacido-2\/#breadcrumb","itemListElement":[{"@type":"ListItem","position":1,"name":"Portada","item":"https:\/\/riberasalud.com\/hospital-de-molina\/"},{"@type":"ListItem","position":2,"name":"SEMANA DEL HOSPITAL: Cuidados del reci\u00e9n nacido"}]},{"@type":"WebSite","@id":"https:\/\/riberasalud.com\/hospital-de-molina\/#website","url":"https:\/\/riberasalud.com\/hospital-de-molina\/","name":"Hospital de Molina","description":"","publisher":{"@id":"https:\/\/riberasalud.com\/hospital-de-molina\/#organization"},"potentialAction":[{"@type":"SearchAction","target":{"@type":"EntryPoint","urlTemplate":"https:\/\/riberasalud.com\/hospital-de-molina\/?s={search_term_string}"},"query-input":{"@type":"PropertyValueSpecification","valueRequired":true,"valueName":"search_term_string"}}],"inLanguage":"es"},{"@type":"Organization","@id":"https:\/\/riberasalud.com\/hospital-de-molina\/#organization","name":"Hospital de Molina","url":"https:\/\/riberasalud.com\/hospital-de-molina\/","logo":{"@type":"ImageObject","inLanguage":"es","@id":"https:\/\/riberasalud.com\/hospital-de-molina\/#\/schema\/logo\/image\/","url":"https:\/\/riberasalud.com\/hospital-de-molina\/wp-content\/uploads\/2023\/01\/cropped-Logo-Red-DeMolina-bigtz7.png","contentUrl":"https:\/\/riberasalud.com\/hospital-de-molina\/wp-content\/uploads\/2023\/01\/cropped-Logo-Red-DeMolina-bigtz7.png","width":300,"height":72,"caption":"Hospital de Molina"},"image":{"@id":"https:\/\/riberasalud.com\/hospital-de-molina\/#\/schema\/logo\/image\/"}},{"@type":"Person","@id":"https:\/\/riberasalud.com\/hospital-de-molina\/#\/schema\/person\/37d58effcbf02f32328940089f254419","name":"hmolina","image":{"@type":"ImageObject","inLanguage":"es","@id":"https:\/\/riberasalud.com\/hospital-de-molina\/#\/schema\/person\/image\/","url":"https:\/\/secure.gravatar.com\/avatar\/9db1181c394bec9505d449c90a21b5363cc35ad9a76f60f11a304b23bb0e8dd4?s=96&d=mm&r=g","contentUrl":"https:\/\/secure.gravatar.com\/avatar\/9db1181c394bec9505d449c90a21b5363cc35ad9a76f60f11a304b23bb0e8dd4?s=96&d=mm&r=g","caption":"hmolina"},"url":"https:\/\/riberasalud.com\/hospital-de-molina\/author\/hmolina\/"}]}},"uagb_featured_image_src":{"full":false,"thumbnail":false,"medium":false,"medium_large":false,"large":false,"1536x1536":false,"2048x2048":false},"uagb_author_info":{"display_name":"hmolina","author_link":"https:\/\/riberasalud.com\/hospital-de-molina\/author\/hmolina\/"},"uagb_comment_info":0,"uagb_excerpt":"28 mayo 2014.- El Hospital de Molina contin\u00faa su SEMANA DEL HOSPITAL con una charla sobre \u201cCuidados del reci\u00e9n nacido\u201d, impartida esta tarde por el Pediatra del Hospital de Molina, Dr. P\u00edo D\u00f3lera Almaida, y la nutricionista del Centro Hospitalario e instructora de porteo, Rebeca Pastor Valero, en el sal\u00f3n de actos del Hospital. Durante&hellip;","_links":{"self":[{"href":"https:\/\/riberasalud.com\/hospital-de-molina\/wp-json\/wp\/v2\/posts\/2200","targetHints":{"allow":["GET"]}}],"collection":[{"href":"https:\/\/riberasalud.com\/hospital-de-molina\/wp-json\/wp\/v2\/posts"}],"about":[{"href":"https:\/\/riberasalud.com\/hospital-de-molina\/wp-json\/wp\/v2\/types\/post"}],"author":[{"embeddable":true,"href":"https:\/\/riberasalud.com\/hospital-de-molina\/wp-json\/wp\/v2\/users\/3"}],"replies":[{"embeddable":true,"href":"https:\/\/riberasalud.com\/hospital-de-molina\/wp-json\/wp\/v2\/comments?post=2200"}],"version-history":[{"count":1,"href":"https:\/\/riberasalud.com\/hospital-de-molina\/wp-json\/wp\/v2\/posts\/2200\/revisions"}],"predecessor-version":[{"id":8439,"href":"https:\/\/riberasalud.com\/hospital-de-molina\/wp-json\/wp\/v2\/posts\/2200\/revisions\/8439"}],"wp:attachment":[{"href":"https:\/\/riberasalud.com\/hospital-de-molina\/wp-json\/wp\/v2\/media?parent=2200"}],"wp:term":[{"taxonomy":"category","embeddable":true,"href":"https:\/\/riberasalud.com\/hospital-de-molina\/wp-json\/wp\/v2\/categories?post=2200"},{"taxonomy":"post_tag","embeddable":true,"href":"https:\/\/riberasalud.com\/hospital-de-molina\/wp-json\/wp\/v2\/tags?post=2200"}],"curies":[{"name":"wp","href":"https:\/\/api.w.org\/{rel}","templated":true}]}}