{"id":2185,"date":"2014-10-02T09:58:25","date_gmt":"2014-10-02T07:58:25","guid":{"rendered":"https:\/\/www.hospitaldemolina.es\/el-hospital-de-molina-premio-asemol-empresario-del-ano\/"},"modified":"2023-10-25T06:39:27","modified_gmt":"2023-10-25T06:39:27","slug":"el-hospital-de-molina-premio-asemol-empresario-del-ano","status":"publish","type":"post","link":"https:\/\/riberasalud.com\/hospital-de-molina\/el-hospital-de-molina-premio-asemol-empresario-del-ano\/","title":{"rendered":"El Hospital de Molina, Premio ASEMOL \u00abEmpresario del A\u00f1o\u00bb"},"content":{"rendered":"<p>1 octubre 2014.- El Hospital de Molina ha sido galardonado con el Premio \u00abEmpresario del A\u00f1o\u00bb, que concede la Asociaci\u00f3n de Empresarios y Comerciantes de la Vega Media (ASEMOL), durante su tradicional gala anual, con la que ha conmemorado su quinto aniversario. Con este premio, ASEMOL valora el firme compromiso del Hospital de Molina con la creaci\u00f3n de empleo y su apuesta por el tejido productivo del entorno.<\/p>\n<p><img decoding=\"async\" src=\"https:\/\/riberasalud.com\/hospital-de-molina\/wp-content\/uploads\/2020\/05\/14-09-2620-20HM20-20V20Gala20ASEMOL20Premios20-20Foto203.jpg\" style=\"height:140px; width: auto;\">   <img decoding=\"async\" src=\"https:\/\/riberasalud.com\/hospital-de-molina\/wp-content\/uploads\/2020\/05\/14-09-2620-20HM20-20V20Gala20ASEMOL20Premios20-20Foto204.jpg\" style=\"height:140px; width: auto;\">   <img decoding=\"async\" src=\"https:\/\/riberasalud.com\/hospital-de-molina\/wp-content\/uploads\/2020\/05\/14-09-2620-20HM20-20V20Gala20ASEMOL20Premios20-20Foto205.jpg\" style=\"height:140px; width: auto;\">   <img decoding=\"async\" src=\"https:\/\/riberasalud.com\/hospital-de-molina\/wp-content\/uploads\/2020\/05\/14-09-2620-20HM20-20V20Gala20ASEMOL20Premios20-20Foto201.jpg\" style=\"height:140px; width: auto;\"><\/p>\n<p>Pedro Hern\u00e1ndez Jim\u00e9nez, Director-Gerente del Centro Hospitalario, ha recalcado el compromiso que el Hospital de Molina mantiene desde hace 14 a\u00f1os con los ciudadanos de la Comarca de la Vega media: \u201cun compromiso basado en la prestaci\u00f3n de una asistencia sanitaria de calidad y de excelencia, en la promoci\u00f3n y divulgaci\u00f3n de la salud, en la igualdad efectiva, en la integraci\u00f3n laboral y la atenci\u00f3n de las personas discapacitadas y en el respeto con el medio ambiente. El cumplimiento de este compromiso es posible gracias al equipo humano que hay detr\u00e1s de m\u00ed y que conforma toda la plantilla del Hospital de Molina, sin los que hoy no tendr\u00edamos \u00e9ste ni otros reconocimientos. Gracias a todos ellos\u201d.<\/p>\n<p>Desde su constituci\u00f3n en el a\u00f1o 2009, ASEMOL premia todos los a\u00f1os a aquellas personalidades, entidades e instituciones de la comarca que m\u00e1s se han significado durante el a\u00f1o en curso en potenciaci\u00f3n e innovaci\u00f3n del tejido productivo, en la defensa del medio ambiente y en la generaci\u00f3n y desarrollo econ\u00f3mico sostenible.<\/p>\n<p>Enlaces Relacionados:<\/p>\n<p><a href=\"http:\/\/www.asemol.org\/\">ASEMOL<\/a><\/p>\n<p><a href=\"http:\/\/murciaeconomia.com\/not\/29018\/los-responsables-del-hospital-de-molina-empresarios-del-ano-en-la-vega-media\" style=\"line-height: 1.2em;\">\u00abLos responsables del hospital de Molina, &#8216;empresarios del a\u00f1o&#8217; en la Vega Media\u00bb<\/a><\/p>\n<p><a href=\"http:\/\/www.laverdad.es\/murcia\/comarcas\/201409\/27\/asemol-entrega-premios-empresariales-20140927013723-v.html\">ASEMOL entrega sus premios empresariales<\/a><\/p>\n","protected":false},"excerpt":{"rendered":"<p>1 octubre 2014.- El Hospital de Molina ha sido galardonado con el Premio \u00abEmpresario del A\u00f1o\u00bb, que concede la Asociaci\u00f3n de Empresarios y Comerciantes de la Vega Media (ASEMOL), durante su tradicional gala anual, con la que ha conmemorado su quinto aniversario. Con este premio, ASEMOL valora el firme compromiso del Hospital de Molina con &#8230; <a title=\"El Hospital de Molina, Premio ASEMOL \u00abEmpresario del A\u00f1o\u00bb\" class=\"read-more\" href=\"https:\/\/riberasalud.com\/hospital-de-molina\/el-hospital-de-molina-premio-asemol-empresario-del-ano\/\" aria-label=\"Leer m\u00e1s sobre El Hospital de Molina, Premio ASEMOL \u00abEmpresario del A\u00f1o\u00bb\">Leer m\u00e1s<\/a><\/p>\n","protected":false},"author":3,"featured_media":0,"comment_status":"closed","ping_status":"open","sticky":false,"template":"","format":"standard","meta":{"_uag_custom_page_level_css":"","_mi_skip_tracking":false,"footnotes":""},"categories":[7],"tags":[],"class_list":["post-2185","post","type-post","status-publish","format-standard","hentry","category-hemeroteca"],"yoast_head":"<!-- This site is optimized with the Yoast SEO plugin v26.6 - https:\/\/yoast.com\/wordpress\/plugins\/seo\/ -->\n<title>El Hospital de Molina, Premio ASEMOL &quot;Empresario del A\u00f1o&quot; - Hospital de Molina<\/title>\n<meta name=\"robots\" content=\"index, follow, max-snippet:-1, max-image-preview:large, max-video-preview:-1\" \/>\n<link rel=\"canonical\" href=\"https:\/\/riberasalud.com\/hospital-de-molina\/el-hospital-de-molina-premio-asemol-empresario-del-ano\/\" \/>\n<meta property=\"og:locale\" content=\"es_ES\" \/>\n<meta property=\"og:type\" content=\"article\" \/>\n<meta property=\"og:title\" content=\"El Hospital de Molina, Premio ASEMOL &quot;Empresario del A\u00f1o&quot; - Hospital de Molina\" \/>\n<meta property=\"og:description\" content=\"1 octubre 2014.- El Hospital de Molina ha sido galardonado con el Premio \u00abEmpresario del A\u00f1o\u00bb, que concede la Asociaci\u00f3n de Empresarios y Comerciantes de la Vega Media (ASEMOL), durante su tradicional gala anual, con la que ha conmemorado su quinto aniversario. Con este premio, ASEMOL valora el firme compromiso del Hospital de Molina con ... Leer m\u00e1s\" \/>\n<meta property=\"og:url\" content=\"https:\/\/riberasalud.com\/hospital-de-molina\/el-hospital-de-molina-premio-asemol-empresario-del-ano\/\" \/>\n<meta property=\"og:site_name\" content=\"Hospital de Molina\" \/>\n<meta property=\"article:published_time\" content=\"2014-10-02T07:58:25+00:00\" \/>\n<meta property=\"article:modified_time\" content=\"2023-10-25T06:39:27+00:00\" \/>\n<meta property=\"og:image\" content=\"https:\/\/riberasalud.com\/hospital-de-molina\/wp-content\/uploads\/2020\/05\/14-09-2620-20HM20-20V20Gala20ASEMOL20Premios20-20Foto203.jpg\" \/>\n<meta name=\"author\" content=\"hmolina\" \/>\n<meta name=\"twitter:card\" content=\"summary_large_image\" \/>\n<meta name=\"twitter:label1\" content=\"Escrito por\" \/>\n\t<meta name=\"twitter:data1\" content=\"hmolina\" \/>\n\t<meta name=\"twitter:label2\" content=\"Tiempo de lectura\" \/>\n\t<meta name=\"twitter:data2\" content=\"1 minuto\" \/>\n<script type=\"application\/ld+json\" class=\"yoast-schema-graph\">{\"@context\":\"https:\/\/schema.org\",\"@graph\":[{\"@type\":\"Article\",\"@id\":\"https:\/\/riberasalud.com\/hospital-de-molina\/el-hospital-de-molina-premio-asemol-empresario-del-ano\/#article\",\"isPartOf\":{\"@id\":\"https:\/\/riberasalud.com\/hospital-de-molina\/el-hospital-de-molina-premio-asemol-empresario-del-ano\/\"},\"author\":{\"name\":\"hmolina\",\"@id\":\"https:\/\/riberasalud.com\/hospital-de-molina\/#\/schema\/person\/37d58effcbf02f32328940089f254419\"},\"headline\":\"El Hospital de Molina, Premio ASEMOL \u00abEmpresario del A\u00f1o\u00bb\",\"datePublished\":\"2014-10-02T07:58:25+00:00\",\"dateModified\":\"2023-10-25T06:39:27+00:00\",\"mainEntityOfPage\":{\"@id\":\"https:\/\/riberasalud.com\/hospital-de-molina\/el-hospital-de-molina-premio-asemol-empresario-del-ano\/\"},\"wordCount\":288,\"publisher\":{\"@id\":\"https:\/\/riberasalud.com\/hospital-de-molina\/#organization\"},\"image\":{\"@id\":\"https:\/\/riberasalud.com\/hospital-de-molina\/el-hospital-de-molina-premio-asemol-empresario-del-ano\/#primaryimage\"},\"thumbnailUrl\":\"https:\/\/riberasalud.com\/hospital-de-molina\/wp-content\/uploads\/2020\/05\/14-09-2620-20HM20-20V20Gala20ASEMOL20Premios20-20Foto203.jpg\",\"articleSection\":[\"Hemeroteca\"],\"inLanguage\":\"es\"},{\"@type\":\"WebPage\",\"@id\":\"https:\/\/riberasalud.com\/hospital-de-molina\/el-hospital-de-molina-premio-asemol-empresario-del-ano\/\",\"url\":\"https:\/\/riberasalud.com\/hospital-de-molina\/el-hospital-de-molina-premio-asemol-empresario-del-ano\/\",\"name\":\"El Hospital de Molina, Premio ASEMOL \\\"Empresario del A\u00f1o\\\" - Hospital de Molina\",\"isPartOf\":{\"@id\":\"https:\/\/riberasalud.com\/hospital-de-molina\/#website\"},\"primaryImageOfPage\":{\"@id\":\"https:\/\/riberasalud.com\/hospital-de-molina\/el-hospital-de-molina-premio-asemol-empresario-del-ano\/#primaryimage\"},\"image\":{\"@id\":\"https:\/\/riberasalud.com\/hospital-de-molina\/el-hospital-de-molina-premio-asemol-empresario-del-ano\/#primaryimage\"},\"thumbnailUrl\":\"https:\/\/riberasalud.com\/hospital-de-molina\/wp-content\/uploads\/2020\/05\/14-09-2620-20HM20-20V20Gala20ASEMOL20Premios20-20Foto203.jpg\",\"datePublished\":\"2014-10-02T07:58:25+00:00\",\"dateModified\":\"2023-10-25T06:39:27+00:00\",\"breadcrumb\":{\"@id\":\"https:\/\/riberasalud.com\/hospital-de-molina\/el-hospital-de-molina-premio-asemol-empresario-del-ano\/#breadcrumb\"},\"inLanguage\":\"es\",\"potentialAction\":[{\"@type\":\"ReadAction\",\"target\":[\"https:\/\/riberasalud.com\/hospital-de-molina\/el-hospital-de-molina-premio-asemol-empresario-del-ano\/\"]}]},{\"@type\":\"ImageObject\",\"inLanguage\":\"es\",\"@id\":\"https:\/\/riberasalud.com\/hospital-de-molina\/el-hospital-de-molina-premio-asemol-empresario-del-ano\/#primaryimage\",\"url\":\"https:\/\/riberasalud.com\/hospital-de-molina\/wp-content\/uploads\/2020\/05\/14-09-2620-20HM20-20V20Gala20ASEMOL20Premios20-20Foto203.jpg\",\"contentUrl\":\"https:\/\/riberasalud.com\/hospital-de-molina\/wp-content\/uploads\/2020\/05\/14-09-2620-20HM20-20V20Gala20ASEMOL20Premios20-20Foto203.jpg\",\"width\":600,\"height\":399},{\"@type\":\"BreadcrumbList\",\"@id\":\"https:\/\/riberasalud.com\/hospital-de-molina\/el-hospital-de-molina-premio-asemol-empresario-del-ano\/#breadcrumb\",\"itemListElement\":[{\"@type\":\"ListItem\",\"position\":1,\"name\":\"Portada\",\"item\":\"https:\/\/riberasalud.com\/hospital-de-molina\/\"},{\"@type\":\"ListItem\",\"position\":2,\"name\":\"El Hospital de Molina, Premio ASEMOL \u00abEmpresario del A\u00f1o\u00bb\"}]},{\"@type\":\"WebSite\",\"@id\":\"https:\/\/riberasalud.com\/hospital-de-molina\/#website\",\"url\":\"https:\/\/riberasalud.com\/hospital-de-molina\/\",\"name\":\"Hospital de Molina\",\"description\":\"\",\"publisher\":{\"@id\":\"https:\/\/riberasalud.com\/hospital-de-molina\/#organization\"},\"potentialAction\":[{\"@type\":\"SearchAction\",\"target\":{\"@type\":\"EntryPoint\",\"urlTemplate\":\"https:\/\/riberasalud.com\/hospital-de-molina\/?s={search_term_string}\"},\"query-input\":{\"@type\":\"PropertyValueSpecification\",\"valueRequired\":true,\"valueName\":\"search_term_string\"}}],\"inLanguage\":\"es\"},{\"@type\":\"Organization\",\"@id\":\"https:\/\/riberasalud.com\/hospital-de-molina\/#organization\",\"name\":\"Hospital de Molina\",\"url\":\"https:\/\/riberasalud.com\/hospital-de-molina\/\",\"logo\":{\"@type\":\"ImageObject\",\"inLanguage\":\"es\",\"@id\":\"https:\/\/riberasalud.com\/hospital-de-molina\/#\/schema\/logo\/image\/\",\"url\":\"https:\/\/riberasalud.com\/hospital-de-molina\/wp-content\/uploads\/2023\/01\/cropped-Logo-Red-DeMolina-bigtz7.png\",\"contentUrl\":\"https:\/\/riberasalud.com\/hospital-de-molina\/wp-content\/uploads\/2023\/01\/cropped-Logo-Red-DeMolina-bigtz7.png\",\"width\":300,\"height\":72,\"caption\":\"Hospital de Molina\"},\"image\":{\"@id\":\"https:\/\/riberasalud.com\/hospital-de-molina\/#\/schema\/logo\/image\/\"}},{\"@type\":\"Person\",\"@id\":\"https:\/\/riberasalud.com\/hospital-de-molina\/#\/schema\/person\/37d58effcbf02f32328940089f254419\",\"name\":\"hmolina\",\"image\":{\"@type\":\"ImageObject\",\"inLanguage\":\"es\",\"@id\":\"https:\/\/riberasalud.com\/hospital-de-molina\/#\/schema\/person\/image\/\",\"url\":\"https:\/\/secure.gravatar.com\/avatar\/9db1181c394bec9505d449c90a21b5363cc35ad9a76f60f11a304b23bb0e8dd4?s=96&d=mm&r=g\",\"contentUrl\":\"https:\/\/secure.gravatar.com\/avatar\/9db1181c394bec9505d449c90a21b5363cc35ad9a76f60f11a304b23bb0e8dd4?s=96&d=mm&r=g\",\"caption\":\"hmolina\"},\"url\":\"https:\/\/riberasalud.com\/hospital-de-molina\/author\/hmolina\/\"}]}<\/script>\n<!-- \/ Yoast SEO plugin. -->","yoast_head_json":{"title":"El Hospital de Molina, Premio ASEMOL \"Empresario del A\u00f1o\" - Hospital de Molina","robots":{"index":"index","follow":"follow","max-snippet":"max-snippet:-1","max-image-preview":"max-image-preview:large","max-video-preview":"max-video-preview:-1"},"canonical":"https:\/\/riberasalud.com\/hospital-de-molina\/el-hospital-de-molina-premio-asemol-empresario-del-ano\/","og_locale":"es_ES","og_type":"article","og_title":"El Hospital de Molina, Premio ASEMOL \"Empresario del A\u00f1o\" - Hospital de Molina","og_description":"1 octubre 2014.- El Hospital de Molina ha sido galardonado con el Premio \u00abEmpresario del A\u00f1o\u00bb, que concede la Asociaci\u00f3n de Empresarios y Comerciantes de la Vega Media (ASEMOL), durante su tradicional gala anual, con la que ha conmemorado su quinto aniversario. Con este premio, ASEMOL valora el firme compromiso del Hospital de Molina con ... Leer m\u00e1s","og_url":"https:\/\/riberasalud.com\/hospital-de-molina\/el-hospital-de-molina-premio-asemol-empresario-del-ano\/","og_site_name":"Hospital de Molina","article_published_time":"2014-10-02T07:58:25+00:00","article_modified_time":"2023-10-25T06:39:27+00:00","og_image":[{"url":"https:\/\/riberasalud.com\/hospital-de-molina\/wp-content\/uploads\/2020\/05\/14-09-2620-20HM20-20V20Gala20ASEMOL20Premios20-20Foto203.jpg","type":"","width":"","height":""}],"author":"hmolina","twitter_card":"summary_large_image","twitter_misc":{"Escrito por":"hmolina","Tiempo de lectura":"1 minuto"},"schema":{"@context":"https:\/\/schema.org","@graph":[{"@type":"Article","@id":"https:\/\/riberasalud.com\/hospital-de-molina\/el-hospital-de-molina-premio-asemol-empresario-del-ano\/#article","isPartOf":{"@id":"https:\/\/riberasalud.com\/hospital-de-molina\/el-hospital-de-molina-premio-asemol-empresario-del-ano\/"},"author":{"name":"hmolina","@id":"https:\/\/riberasalud.com\/hospital-de-molina\/#\/schema\/person\/37d58effcbf02f32328940089f254419"},"headline":"El Hospital de Molina, Premio ASEMOL \u00abEmpresario del A\u00f1o\u00bb","datePublished":"2014-10-02T07:58:25+00:00","dateModified":"2023-10-25T06:39:27+00:00","mainEntityOfPage":{"@id":"https:\/\/riberasalud.com\/hospital-de-molina\/el-hospital-de-molina-premio-asemol-empresario-del-ano\/"},"wordCount":288,"publisher":{"@id":"https:\/\/riberasalud.com\/hospital-de-molina\/#organization"},"image":{"@id":"https:\/\/riberasalud.com\/hospital-de-molina\/el-hospital-de-molina-premio-asemol-empresario-del-ano\/#primaryimage"},"thumbnailUrl":"https:\/\/riberasalud.com\/hospital-de-molina\/wp-content\/uploads\/2020\/05\/14-09-2620-20HM20-20V20Gala20ASEMOL20Premios20-20Foto203.jpg","articleSection":["Hemeroteca"],"inLanguage":"es"},{"@type":"WebPage","@id":"https:\/\/riberasalud.com\/hospital-de-molina\/el-hospital-de-molina-premio-asemol-empresario-del-ano\/","url":"https:\/\/riberasalud.com\/hospital-de-molina\/el-hospital-de-molina-premio-asemol-empresario-del-ano\/","name":"El Hospital de Molina, Premio ASEMOL \"Empresario del A\u00f1o\" - Hospital de Molina","isPartOf":{"@id":"https:\/\/riberasalud.com\/hospital-de-molina\/#website"},"primaryImageOfPage":{"@id":"https:\/\/riberasalud.com\/hospital-de-molina\/el-hospital-de-molina-premio-asemol-empresario-del-ano\/#primaryimage"},"image":{"@id":"https:\/\/riberasalud.com\/hospital-de-molina\/el-hospital-de-molina-premio-asemol-empresario-del-ano\/#primaryimage"},"thumbnailUrl":"https:\/\/riberasalud.com\/hospital-de-molina\/wp-content\/uploads\/2020\/05\/14-09-2620-20HM20-20V20Gala20ASEMOL20Premios20-20Foto203.jpg","datePublished":"2014-10-02T07:58:25+00:00","dateModified":"2023-10-25T06:39:27+00:00","breadcrumb":{"@id":"https:\/\/riberasalud.com\/hospital-de-molina\/el-hospital-de-molina-premio-asemol-empresario-del-ano\/#breadcrumb"},"inLanguage":"es","potentialAction":[{"@type":"ReadAction","target":["https:\/\/riberasalud.com\/hospital-de-molina\/el-hospital-de-molina-premio-asemol-empresario-del-ano\/"]}]},{"@type":"ImageObject","inLanguage":"es","@id":"https:\/\/riberasalud.com\/hospital-de-molina\/el-hospital-de-molina-premio-asemol-empresario-del-ano\/#primaryimage","url":"https:\/\/riberasalud.com\/hospital-de-molina\/wp-content\/uploads\/2020\/05\/14-09-2620-20HM20-20V20Gala20ASEMOL20Premios20-20Foto203.jpg","contentUrl":"https:\/\/riberasalud.com\/hospital-de-molina\/wp-content\/uploads\/2020\/05\/14-09-2620-20HM20-20V20Gala20ASEMOL20Premios20-20Foto203.jpg","width":600,"height":399},{"@type":"BreadcrumbList","@id":"https:\/\/riberasalud.com\/hospital-de-molina\/el-hospital-de-molina-premio-asemol-empresario-del-ano\/#breadcrumb","itemListElement":[{"@type":"ListItem","position":1,"name":"Portada","item":"https:\/\/riberasalud.com\/hospital-de-molina\/"},{"@type":"ListItem","position":2,"name":"El Hospital de Molina, Premio ASEMOL \u00abEmpresario del A\u00f1o\u00bb"}]},{"@type":"WebSite","@id":"https:\/\/riberasalud.com\/hospital-de-molina\/#website","url":"https:\/\/riberasalud.com\/hospital-de-molina\/","name":"Hospital de Molina","description":"","publisher":{"@id":"https:\/\/riberasalud.com\/hospital-de-molina\/#organization"},"potentialAction":[{"@type":"SearchAction","target":{"@type":"EntryPoint","urlTemplate":"https:\/\/riberasalud.com\/hospital-de-molina\/?s={search_term_string}"},"query-input":{"@type":"PropertyValueSpecification","valueRequired":true,"valueName":"search_term_string"}}],"inLanguage":"es"},{"@type":"Organization","@id":"https:\/\/riberasalud.com\/hospital-de-molina\/#organization","name":"Hospital de Molina","url":"https:\/\/riberasalud.com\/hospital-de-molina\/","logo":{"@type":"ImageObject","inLanguage":"es","@id":"https:\/\/riberasalud.com\/hospital-de-molina\/#\/schema\/logo\/image\/","url":"https:\/\/riberasalud.com\/hospital-de-molina\/wp-content\/uploads\/2023\/01\/cropped-Logo-Red-DeMolina-bigtz7.png","contentUrl":"https:\/\/riberasalud.com\/hospital-de-molina\/wp-content\/uploads\/2023\/01\/cropped-Logo-Red-DeMolina-bigtz7.png","width":300,"height":72,"caption":"Hospital de Molina"},"image":{"@id":"https:\/\/riberasalud.com\/hospital-de-molina\/#\/schema\/logo\/image\/"}},{"@type":"Person","@id":"https:\/\/riberasalud.com\/hospital-de-molina\/#\/schema\/person\/37d58effcbf02f32328940089f254419","name":"hmolina","image":{"@type":"ImageObject","inLanguage":"es","@id":"https:\/\/riberasalud.com\/hospital-de-molina\/#\/schema\/person\/image\/","url":"https:\/\/secure.gravatar.com\/avatar\/9db1181c394bec9505d449c90a21b5363cc35ad9a76f60f11a304b23bb0e8dd4?s=96&d=mm&r=g","contentUrl":"https:\/\/secure.gravatar.com\/avatar\/9db1181c394bec9505d449c90a21b5363cc35ad9a76f60f11a304b23bb0e8dd4?s=96&d=mm&r=g","caption":"hmolina"},"url":"https:\/\/riberasalud.com\/hospital-de-molina\/author\/hmolina\/"}]}},"uagb_featured_image_src":{"full":false,"thumbnail":false,"medium":false,"medium_large":false,"large":false,"1536x1536":false,"2048x2048":false},"uagb_author_info":{"display_name":"hmolina","author_link":"https:\/\/riberasalud.com\/hospital-de-molina\/author\/hmolina\/"},"uagb_comment_info":0,"uagb_excerpt":"1 octubre 2014.- El Hospital de Molina ha sido galardonado con el Premio \u00abEmpresario del A\u00f1o\u00bb, que concede la Asociaci\u00f3n de Empresarios y Comerciantes de la Vega Media (ASEMOL), durante su tradicional gala anual, con la que ha conmemorado su quinto aniversario. Con este premio, ASEMOL valora el firme compromiso del Hospital de Molina con&hellip;","_links":{"self":[{"href":"https:\/\/riberasalud.com\/hospital-de-molina\/wp-json\/wp\/v2\/posts\/2185","targetHints":{"allow":["GET"]}}],"collection":[{"href":"https:\/\/riberasalud.com\/hospital-de-molina\/wp-json\/wp\/v2\/posts"}],"about":[{"href":"https:\/\/riberasalud.com\/hospital-de-molina\/wp-json\/wp\/v2\/types\/post"}],"author":[{"embeddable":true,"href":"https:\/\/riberasalud.com\/hospital-de-molina\/wp-json\/wp\/v2\/users\/3"}],"replies":[{"embeddable":true,"href":"https:\/\/riberasalud.com\/hospital-de-molina\/wp-json\/wp\/v2\/comments?post=2185"}],"version-history":[{"count":1,"href":"https:\/\/riberasalud.com\/hospital-de-molina\/wp-json\/wp\/v2\/posts\/2185\/revisions"}],"predecessor-version":[{"id":8426,"href":"https:\/\/riberasalud.com\/hospital-de-molina\/wp-json\/wp\/v2\/posts\/2185\/revisions\/8426"}],"wp:attachment":[{"href":"https:\/\/riberasalud.com\/hospital-de-molina\/wp-json\/wp\/v2\/media?parent=2185"}],"wp:term":[{"taxonomy":"category","embeddable":true,"href":"https:\/\/riberasalud.com\/hospital-de-molina\/wp-json\/wp\/v2\/categories?post=2185"},{"taxonomy":"post_tag","embeddable":true,"href":"https:\/\/riberasalud.com\/hospital-de-molina\/wp-json\/wp\/v2\/tags?post=2185"}],"curies":[{"name":"wp","href":"https:\/\/api.w.org\/{rel}","templated":true}]}}