{"id":2182,"date":"2014-10-07T10:56:00","date_gmt":"2014-10-07T08:56:00","guid":{"rendered":"https:\/\/www.hospitaldemolina.es\/9-de-octubre-dia-mundial-de-la-vision\/"},"modified":"2023-10-25T06:39:26","modified_gmt":"2023-10-25T06:39:26","slug":"9-de-octubre-dia-mundial-de-la-vision","status":"publish","type":"post","link":"https:\/\/riberasalud.com\/hospital-de-molina\/9-de-octubre-dia-mundial-de-la-vision\/","title":{"rendered":"9 de octubre: D\u00eda Mundial de la Visi\u00f3n"},"content":{"rendered":"<p>9 octubre 2014.- En el mundo, una persona se queda ciega cada 5 segundos, siendo las cataratas la causa m\u00e1s frecuente de ceguera evitable. Este panorama es mucho m\u00e1s cr\u00edtico en los pa\u00edses en v\u00edas de desarrollo, donde condiciones f\u00e1cilmente tratables como los defectos de graduaci\u00f3n condicionan incluso la supervivencia de muchos ni\u00f1os; se calcula que s\u00f3lo con gafas 700 millones de personas en el mundo podr\u00edan restablecer su visi\u00f3n.<\/p>\n<p><img decoding=\"async\" src=\"https:\/\/riberasalud.com\/hospital-de-molina\/wp-content\/uploads\/2020\/05\/WSD2014.jpg\" style=\"height:140px; width: auto;\"><\/p>\n<p>Con motivo del <strong>D\u00eda Mundial de la Visi\u00f3n<\/strong>, que este a\u00f1o se celebra hoy <strong>9 de octubre<\/strong>, el <strong>Hospital de Molina<\/strong> recuerda que la mayor parte de la informaci\u00f3n que recibimos del mundo que nos rodea es a trav\u00e9s de nuestros ojos. El 80% del aprendizaje se realiza a trav\u00e9s de ellos hasta los 12 a\u00f1os de edad, sin embargo en torno a un 25% de los ni\u00f1os padecen alteraciones visuales no corregidas que pueden condicionar su aprendizaje y rendimiento escolar. Un examen oftalmol\u00f3gico a tiempo puede solucionar este problema y favorecer que el desarrollo intelectual sea \u00f3ptimo.<\/p>\n<p>En el caso de los adultos, la Unidad de Oftalmolog\u00eda del Hospital de Molina &#8211; Oftalmar advierte que las patolog\u00edas m\u00e1s severas y con peor pron\u00f3stico no suelen avisarnos. El glaucoma o \u201cceguera silenciosa\u201d, la retinopat\u00eda diab\u00e9tica y la degeneraci\u00f3n macular pueden evolucionar durante a\u00f1os sin dar s\u00edntomas. Por eso, es recomendable una exploraci\u00f3n oftalmol\u00f3gica que incluya el estudio de la retina (fondo de ojo) en todas aquellas personas aquejadas de enfermedades vasculares, como diabetes o hipertensi\u00f3n, y en todos aquellos con antecedentes familiares de glaucoma. Un diagn\u00f3stico a tiempo permite controlar f\u00e1cilmente estas enfermedades.<\/p>\n<p>En cuanto a las cataratas &#8211; opacificaci\u00f3n del cristalino -, una operaci\u00f3n sencilla y el implante de una lente intraocular puede devolver una visi\u00f3n perfecta. Sin embargo, muchas personas todav\u00eda acuden a su oftalm\u00f3logo cuando las cataratas est\u00e1n muy desarrolladas. Y aunque las t\u00e9cnicas quir\u00fargicas actuales permiten eliminar cualquier catarata, la operaci\u00f3n es mucho m\u00e1s sencilla y la recuperaci\u00f3n m\u00e1s r\u00e1pida cuando es practicada de forma precoz.<\/p>\n<p>La Unidad de Oftalmolog\u00eda del Hospital de Molina \u2013 Oftalmar, aconseja acudir regularmente al oftalm\u00f3logo para conservar una salud visual adecuada y, en consecuencia, disfrutar de una buena calidad de vida. Porque nuestros ojos son \u00fanicos y son para toda la vida.<\/p>\n<p>Enlaces Relacionados:<\/p>\n<p><a href=\"http:\/\/www.oftalmar.es\/\">Unidad de Oftalmolog\u00eda del Hospital de Molina &#8211; Oftalmar<\/a><\/p>\n<p><a href=\"http:\/\/www.iapb.org\/\">Agencia Internacional para la Prevenci\u00f3n de la Ceguera (IAPB)<\/a><\/p>\n","protected":false},"excerpt":{"rendered":"<p>9 octubre 2014.- En el mundo, una persona se queda ciega cada 5 segundos, siendo las cataratas la causa m\u00e1s frecuente de ceguera evitable. Este panorama es mucho m\u00e1s cr\u00edtico en los pa\u00edses en v\u00edas de desarrollo, donde condiciones f\u00e1cilmente tratables como los defectos de graduaci\u00f3n condicionan incluso la supervivencia de muchos ni\u00f1os; se calcula &#8230; <a title=\"9 de octubre: D\u00eda Mundial de la Visi\u00f3n\" class=\"read-more\" href=\"https:\/\/riberasalud.com\/hospital-de-molina\/9-de-octubre-dia-mundial-de-la-vision\/\" aria-label=\"Leer m\u00e1s sobre 9 de octubre: D\u00eda Mundial de la Visi\u00f3n\">Leer m\u00e1s<\/a><\/p>\n","protected":false},"author":3,"featured_media":0,"comment_status":"closed","ping_status":"open","sticky":false,"template":"","format":"standard","meta":{"_uag_custom_page_level_css":"","_mi_skip_tracking":false,"footnotes":""},"categories":[7],"tags":[],"class_list":["post-2182","post","type-post","status-publish","format-standard","hentry","category-hemeroteca"],"yoast_head":"<!-- This site is optimized with the Yoast SEO plugin v26.6 - https:\/\/yoast.com\/wordpress\/plugins\/seo\/ -->\n<title>9 de octubre: D\u00eda Mundial de la Visi\u00f3n - Hospital de Molina<\/title>\n<meta name=\"robots\" content=\"index, follow, max-snippet:-1, max-image-preview:large, max-video-preview:-1\" \/>\n<link rel=\"canonical\" href=\"https:\/\/riberasalud.com\/hospital-de-molina\/9-de-octubre-dia-mundial-de-la-vision\/\" \/>\n<meta property=\"og:locale\" content=\"es_ES\" \/>\n<meta property=\"og:type\" content=\"article\" \/>\n<meta property=\"og:title\" content=\"9 de octubre: D\u00eda Mundial de la Visi\u00f3n - Hospital de Molina\" \/>\n<meta property=\"og:description\" content=\"9 octubre 2014.- En el mundo, una persona se queda ciega cada 5 segundos, siendo las cataratas la causa m\u00e1s frecuente de ceguera evitable. Este panorama es mucho m\u00e1s cr\u00edtico en los pa\u00edses en v\u00edas de desarrollo, donde condiciones f\u00e1cilmente tratables como los defectos de graduaci\u00f3n condicionan incluso la supervivencia de muchos ni\u00f1os; se calcula ... Leer m\u00e1s\" \/>\n<meta property=\"og:url\" content=\"https:\/\/riberasalud.com\/hospital-de-molina\/9-de-octubre-dia-mundial-de-la-vision\/\" \/>\n<meta property=\"og:site_name\" content=\"Hospital de Molina\" \/>\n<meta property=\"article:published_time\" content=\"2014-10-07T08:56:00+00:00\" \/>\n<meta property=\"article:modified_time\" content=\"2023-10-25T06:39:26+00:00\" \/>\n<meta property=\"og:image\" content=\"https:\/\/riberasalud.com\/hospital-de-molina\/wp-content\/uploads\/2020\/05\/WSD2014.jpg\" \/>\n<meta name=\"author\" content=\"hmolina\" \/>\n<meta name=\"twitter:card\" content=\"summary_large_image\" \/>\n<meta name=\"twitter:label1\" content=\"Escrito por\" \/>\n\t<meta name=\"twitter:data1\" content=\"hmolina\" \/>\n\t<meta name=\"twitter:label2\" content=\"Tiempo de lectura\" \/>\n\t<meta name=\"twitter:data2\" content=\"2 minutos\" \/>\n<script type=\"application\/ld+json\" class=\"yoast-schema-graph\">{\"@context\":\"https:\/\/schema.org\",\"@graph\":[{\"@type\":\"Article\",\"@id\":\"https:\/\/riberasalud.com\/hospital-de-molina\/9-de-octubre-dia-mundial-de-la-vision\/#article\",\"isPartOf\":{\"@id\":\"https:\/\/riberasalud.com\/hospital-de-molina\/9-de-octubre-dia-mundial-de-la-vision\/\"},\"author\":{\"name\":\"hmolina\",\"@id\":\"https:\/\/riberasalud.com\/hospital-de-molina\/#\/schema\/person\/37d58effcbf02f32328940089f254419\"},\"headline\":\"9 de octubre: D\u00eda Mundial de la Visi\u00f3n\",\"datePublished\":\"2014-10-07T08:56:00+00:00\",\"dateModified\":\"2023-10-25T06:39:26+00:00\",\"mainEntityOfPage\":{\"@id\":\"https:\/\/riberasalud.com\/hospital-de-molina\/9-de-octubre-dia-mundial-de-la-vision\/\"},\"wordCount\":444,\"publisher\":{\"@id\":\"https:\/\/riberasalud.com\/hospital-de-molina\/#organization\"},\"image\":{\"@id\":\"https:\/\/riberasalud.com\/hospital-de-molina\/9-de-octubre-dia-mundial-de-la-vision\/#primaryimage\"},\"thumbnailUrl\":\"https:\/\/riberasalud.com\/hospital-de-molina\/wp-content\/uploads\/2020\/05\/WSD2014.jpg\",\"articleSection\":[\"Hemeroteca\"],\"inLanguage\":\"es\"},{\"@type\":\"WebPage\",\"@id\":\"https:\/\/riberasalud.com\/hospital-de-molina\/9-de-octubre-dia-mundial-de-la-vision\/\",\"url\":\"https:\/\/riberasalud.com\/hospital-de-molina\/9-de-octubre-dia-mundial-de-la-vision\/\",\"name\":\"9 de octubre: D\u00eda Mundial de la Visi\u00f3n - Hospital de Molina\",\"isPartOf\":{\"@id\":\"https:\/\/riberasalud.com\/hospital-de-molina\/#website\"},\"primaryImageOfPage\":{\"@id\":\"https:\/\/riberasalud.com\/hospital-de-molina\/9-de-octubre-dia-mundial-de-la-vision\/#primaryimage\"},\"image\":{\"@id\":\"https:\/\/riberasalud.com\/hospital-de-molina\/9-de-octubre-dia-mundial-de-la-vision\/#primaryimage\"},\"thumbnailUrl\":\"https:\/\/riberasalud.com\/hospital-de-molina\/wp-content\/uploads\/2020\/05\/WSD2014.jpg\",\"datePublished\":\"2014-10-07T08:56:00+00:00\",\"dateModified\":\"2023-10-25T06:39:26+00:00\",\"breadcrumb\":{\"@id\":\"https:\/\/riberasalud.com\/hospital-de-molina\/9-de-octubre-dia-mundial-de-la-vision\/#breadcrumb\"},\"inLanguage\":\"es\",\"potentialAction\":[{\"@type\":\"ReadAction\",\"target\":[\"https:\/\/riberasalud.com\/hospital-de-molina\/9-de-octubre-dia-mundial-de-la-vision\/\"]}]},{\"@type\":\"ImageObject\",\"inLanguage\":\"es\",\"@id\":\"https:\/\/riberasalud.com\/hospital-de-molina\/9-de-octubre-dia-mundial-de-la-vision\/#primaryimage\",\"url\":\"https:\/\/riberasalud.com\/hospital-de-molina\/wp-content\/uploads\/2020\/05\/WSD2014.jpg\",\"contentUrl\":\"https:\/\/riberasalud.com\/hospital-de-molina\/wp-content\/uploads\/2020\/05\/WSD2014.jpg\",\"width\":380,\"height\":539},{\"@type\":\"BreadcrumbList\",\"@id\":\"https:\/\/riberasalud.com\/hospital-de-molina\/9-de-octubre-dia-mundial-de-la-vision\/#breadcrumb\",\"itemListElement\":[{\"@type\":\"ListItem\",\"position\":1,\"name\":\"Portada\",\"item\":\"https:\/\/riberasalud.com\/hospital-de-molina\/\"},{\"@type\":\"ListItem\",\"position\":2,\"name\":\"9 de octubre: D\u00eda Mundial de la Visi\u00f3n\"}]},{\"@type\":\"WebSite\",\"@id\":\"https:\/\/riberasalud.com\/hospital-de-molina\/#website\",\"url\":\"https:\/\/riberasalud.com\/hospital-de-molina\/\",\"name\":\"Hospital de Molina\",\"description\":\"\",\"publisher\":{\"@id\":\"https:\/\/riberasalud.com\/hospital-de-molina\/#organization\"},\"potentialAction\":[{\"@type\":\"SearchAction\",\"target\":{\"@type\":\"EntryPoint\",\"urlTemplate\":\"https:\/\/riberasalud.com\/hospital-de-molina\/?s={search_term_string}\"},\"query-input\":{\"@type\":\"PropertyValueSpecification\",\"valueRequired\":true,\"valueName\":\"search_term_string\"}}],\"inLanguage\":\"es\"},{\"@type\":\"Organization\",\"@id\":\"https:\/\/riberasalud.com\/hospital-de-molina\/#organization\",\"name\":\"Hospital de Molina\",\"url\":\"https:\/\/riberasalud.com\/hospital-de-molina\/\",\"logo\":{\"@type\":\"ImageObject\",\"inLanguage\":\"es\",\"@id\":\"https:\/\/riberasalud.com\/hospital-de-molina\/#\/schema\/logo\/image\/\",\"url\":\"https:\/\/riberasalud.com\/hospital-de-molina\/wp-content\/uploads\/2023\/01\/cropped-Logo-Red-DeMolina-bigtz7.png\",\"contentUrl\":\"https:\/\/riberasalud.com\/hospital-de-molina\/wp-content\/uploads\/2023\/01\/cropped-Logo-Red-DeMolina-bigtz7.png\",\"width\":300,\"height\":72,\"caption\":\"Hospital de Molina\"},\"image\":{\"@id\":\"https:\/\/riberasalud.com\/hospital-de-molina\/#\/schema\/logo\/image\/\"}},{\"@type\":\"Person\",\"@id\":\"https:\/\/riberasalud.com\/hospital-de-molina\/#\/schema\/person\/37d58effcbf02f32328940089f254419\",\"name\":\"hmolina\",\"image\":{\"@type\":\"ImageObject\",\"inLanguage\":\"es\",\"@id\":\"https:\/\/riberasalud.com\/hospital-de-molina\/#\/schema\/person\/image\/\",\"url\":\"https:\/\/secure.gravatar.com\/avatar\/9db1181c394bec9505d449c90a21b5363cc35ad9a76f60f11a304b23bb0e8dd4?s=96&d=mm&r=g\",\"contentUrl\":\"https:\/\/secure.gravatar.com\/avatar\/9db1181c394bec9505d449c90a21b5363cc35ad9a76f60f11a304b23bb0e8dd4?s=96&d=mm&r=g\",\"caption\":\"hmolina\"},\"url\":\"https:\/\/riberasalud.com\/hospital-de-molina\/author\/hmolina\/\"}]}<\/script>\n<!-- \/ Yoast SEO plugin. -->","yoast_head_json":{"title":"9 de octubre: D\u00eda Mundial de la Visi\u00f3n - Hospital de Molina","robots":{"index":"index","follow":"follow","max-snippet":"max-snippet:-1","max-image-preview":"max-image-preview:large","max-video-preview":"max-video-preview:-1"},"canonical":"https:\/\/riberasalud.com\/hospital-de-molina\/9-de-octubre-dia-mundial-de-la-vision\/","og_locale":"es_ES","og_type":"article","og_title":"9 de octubre: D\u00eda Mundial de la Visi\u00f3n - Hospital de Molina","og_description":"9 octubre 2014.- En el mundo, una persona se queda ciega cada 5 segundos, siendo las cataratas la causa m\u00e1s frecuente de ceguera evitable. Este panorama es mucho m\u00e1s cr\u00edtico en los pa\u00edses en v\u00edas de desarrollo, donde condiciones f\u00e1cilmente tratables como los defectos de graduaci\u00f3n condicionan incluso la supervivencia de muchos ni\u00f1os; se calcula ... Leer m\u00e1s","og_url":"https:\/\/riberasalud.com\/hospital-de-molina\/9-de-octubre-dia-mundial-de-la-vision\/","og_site_name":"Hospital de Molina","article_published_time":"2014-10-07T08:56:00+00:00","article_modified_time":"2023-10-25T06:39:26+00:00","og_image":[{"url":"https:\/\/riberasalud.com\/hospital-de-molina\/wp-content\/uploads\/2020\/05\/WSD2014.jpg","type":"","width":"","height":""}],"author":"hmolina","twitter_card":"summary_large_image","twitter_misc":{"Escrito por":"hmolina","Tiempo de lectura":"2 minutos"},"schema":{"@context":"https:\/\/schema.org","@graph":[{"@type":"Article","@id":"https:\/\/riberasalud.com\/hospital-de-molina\/9-de-octubre-dia-mundial-de-la-vision\/#article","isPartOf":{"@id":"https:\/\/riberasalud.com\/hospital-de-molina\/9-de-octubre-dia-mundial-de-la-vision\/"},"author":{"name":"hmolina","@id":"https:\/\/riberasalud.com\/hospital-de-molina\/#\/schema\/person\/37d58effcbf02f32328940089f254419"},"headline":"9 de octubre: D\u00eda Mundial de la Visi\u00f3n","datePublished":"2014-10-07T08:56:00+00:00","dateModified":"2023-10-25T06:39:26+00:00","mainEntityOfPage":{"@id":"https:\/\/riberasalud.com\/hospital-de-molina\/9-de-octubre-dia-mundial-de-la-vision\/"},"wordCount":444,"publisher":{"@id":"https:\/\/riberasalud.com\/hospital-de-molina\/#organization"},"image":{"@id":"https:\/\/riberasalud.com\/hospital-de-molina\/9-de-octubre-dia-mundial-de-la-vision\/#primaryimage"},"thumbnailUrl":"https:\/\/riberasalud.com\/hospital-de-molina\/wp-content\/uploads\/2020\/05\/WSD2014.jpg","articleSection":["Hemeroteca"],"inLanguage":"es"},{"@type":"WebPage","@id":"https:\/\/riberasalud.com\/hospital-de-molina\/9-de-octubre-dia-mundial-de-la-vision\/","url":"https:\/\/riberasalud.com\/hospital-de-molina\/9-de-octubre-dia-mundial-de-la-vision\/","name":"9 de octubre: D\u00eda Mundial de la Visi\u00f3n - Hospital de Molina","isPartOf":{"@id":"https:\/\/riberasalud.com\/hospital-de-molina\/#website"},"primaryImageOfPage":{"@id":"https:\/\/riberasalud.com\/hospital-de-molina\/9-de-octubre-dia-mundial-de-la-vision\/#primaryimage"},"image":{"@id":"https:\/\/riberasalud.com\/hospital-de-molina\/9-de-octubre-dia-mundial-de-la-vision\/#primaryimage"},"thumbnailUrl":"https:\/\/riberasalud.com\/hospital-de-molina\/wp-content\/uploads\/2020\/05\/WSD2014.jpg","datePublished":"2014-10-07T08:56:00+00:00","dateModified":"2023-10-25T06:39:26+00:00","breadcrumb":{"@id":"https:\/\/riberasalud.com\/hospital-de-molina\/9-de-octubre-dia-mundial-de-la-vision\/#breadcrumb"},"inLanguage":"es","potentialAction":[{"@type":"ReadAction","target":["https:\/\/riberasalud.com\/hospital-de-molina\/9-de-octubre-dia-mundial-de-la-vision\/"]}]},{"@type":"ImageObject","inLanguage":"es","@id":"https:\/\/riberasalud.com\/hospital-de-molina\/9-de-octubre-dia-mundial-de-la-vision\/#primaryimage","url":"https:\/\/riberasalud.com\/hospital-de-molina\/wp-content\/uploads\/2020\/05\/WSD2014.jpg","contentUrl":"https:\/\/riberasalud.com\/hospital-de-molina\/wp-content\/uploads\/2020\/05\/WSD2014.jpg","width":380,"height":539},{"@type":"BreadcrumbList","@id":"https:\/\/riberasalud.com\/hospital-de-molina\/9-de-octubre-dia-mundial-de-la-vision\/#breadcrumb","itemListElement":[{"@type":"ListItem","position":1,"name":"Portada","item":"https:\/\/riberasalud.com\/hospital-de-molina\/"},{"@type":"ListItem","position":2,"name":"9 de octubre: D\u00eda Mundial de la Visi\u00f3n"}]},{"@type":"WebSite","@id":"https:\/\/riberasalud.com\/hospital-de-molina\/#website","url":"https:\/\/riberasalud.com\/hospital-de-molina\/","name":"Hospital de Molina","description":"","publisher":{"@id":"https:\/\/riberasalud.com\/hospital-de-molina\/#organization"},"potentialAction":[{"@type":"SearchAction","target":{"@type":"EntryPoint","urlTemplate":"https:\/\/riberasalud.com\/hospital-de-molina\/?s={search_term_string}"},"query-input":{"@type":"PropertyValueSpecification","valueRequired":true,"valueName":"search_term_string"}}],"inLanguage":"es"},{"@type":"Organization","@id":"https:\/\/riberasalud.com\/hospital-de-molina\/#organization","name":"Hospital de Molina","url":"https:\/\/riberasalud.com\/hospital-de-molina\/","logo":{"@type":"ImageObject","inLanguage":"es","@id":"https:\/\/riberasalud.com\/hospital-de-molina\/#\/schema\/logo\/image\/","url":"https:\/\/riberasalud.com\/hospital-de-molina\/wp-content\/uploads\/2023\/01\/cropped-Logo-Red-DeMolina-bigtz7.png","contentUrl":"https:\/\/riberasalud.com\/hospital-de-molina\/wp-content\/uploads\/2023\/01\/cropped-Logo-Red-DeMolina-bigtz7.png","width":300,"height":72,"caption":"Hospital de Molina"},"image":{"@id":"https:\/\/riberasalud.com\/hospital-de-molina\/#\/schema\/logo\/image\/"}},{"@type":"Person","@id":"https:\/\/riberasalud.com\/hospital-de-molina\/#\/schema\/person\/37d58effcbf02f32328940089f254419","name":"hmolina","image":{"@type":"ImageObject","inLanguage":"es","@id":"https:\/\/riberasalud.com\/hospital-de-molina\/#\/schema\/person\/image\/","url":"https:\/\/secure.gravatar.com\/avatar\/9db1181c394bec9505d449c90a21b5363cc35ad9a76f60f11a304b23bb0e8dd4?s=96&d=mm&r=g","contentUrl":"https:\/\/secure.gravatar.com\/avatar\/9db1181c394bec9505d449c90a21b5363cc35ad9a76f60f11a304b23bb0e8dd4?s=96&d=mm&r=g","caption":"hmolina"},"url":"https:\/\/riberasalud.com\/hospital-de-molina\/author\/hmolina\/"}]}},"uagb_featured_image_src":{"full":false,"thumbnail":false,"medium":false,"medium_large":false,"large":false,"1536x1536":false,"2048x2048":false},"uagb_author_info":{"display_name":"hmolina","author_link":"https:\/\/riberasalud.com\/hospital-de-molina\/author\/hmolina\/"},"uagb_comment_info":0,"uagb_excerpt":"9 octubre 2014.- En el mundo, una persona se queda ciega cada 5 segundos, siendo las cataratas la causa m\u00e1s frecuente de ceguera evitable. Este panorama es mucho m\u00e1s cr\u00edtico en los pa\u00edses en v\u00edas de desarrollo, donde condiciones f\u00e1cilmente tratables como los defectos de graduaci\u00f3n condicionan incluso la supervivencia de muchos ni\u00f1os; se calcula&hellip;","_links":{"self":[{"href":"https:\/\/riberasalud.com\/hospital-de-molina\/wp-json\/wp\/v2\/posts\/2182","targetHints":{"allow":["GET"]}}],"collection":[{"href":"https:\/\/riberasalud.com\/hospital-de-molina\/wp-json\/wp\/v2\/posts"}],"about":[{"href":"https:\/\/riberasalud.com\/hospital-de-molina\/wp-json\/wp\/v2\/types\/post"}],"author":[{"embeddable":true,"href":"https:\/\/riberasalud.com\/hospital-de-molina\/wp-json\/wp\/v2\/users\/3"}],"replies":[{"embeddable":true,"href":"https:\/\/riberasalud.com\/hospital-de-molina\/wp-json\/wp\/v2\/comments?post=2182"}],"version-history":[{"count":1,"href":"https:\/\/riberasalud.com\/hospital-de-molina\/wp-json\/wp\/v2\/posts\/2182\/revisions"}],"predecessor-version":[{"id":8424,"href":"https:\/\/riberasalud.com\/hospital-de-molina\/wp-json\/wp\/v2\/posts\/2182\/revisions\/8424"}],"wp:attachment":[{"href":"https:\/\/riberasalud.com\/hospital-de-molina\/wp-json\/wp\/v2\/media?parent=2182"}],"wp:term":[{"taxonomy":"category","embeddable":true,"href":"https:\/\/riberasalud.com\/hospital-de-molina\/wp-json\/wp\/v2\/categories?post=2182"},{"taxonomy":"post_tag","embeddable":true,"href":"https:\/\/riberasalud.com\/hospital-de-molina\/wp-json\/wp\/v2\/tags?post=2182"}],"curies":[{"name":"wp","href":"https:\/\/api.w.org\/{rel}","templated":true}]}}