{"id":2178,"date":"2014-10-16T09:05:20","date_gmt":"2014-10-16T07:05:20","guid":{"rendered":"https:\/\/www.hospitaldemolina.es\/sumatealrosa-19-de-octubre-dia-mundial-contra-el-cancer-de-mama-4\/"},"modified":"2023-10-25T06:39:22","modified_gmt":"2023-10-25T06:39:22","slug":"sumatealrosa-19-de-octubre-dia-mundial-contra-el-cancer-de-mama-4","status":"publish","type":"post","link":"https:\/\/riberasalud.com\/hospital-de-molina\/sumatealrosa-19-de-octubre-dia-mundial-contra-el-cancer-de-mama-4\/","title":{"rendered":"#s\u00famatealrosa  19 de octubre: D\u00eda Mundial contra el C\u00e1ncer de Mama"},"content":{"rendered":"<p>17 octubre 2014.- En Espa\u00f1a se diagnostican unos 22.000 casos al a\u00f1o de c\u00e1ncer de mama, lo que representa casi el 30% de todos los tumores del sexo femenino en nuestro pa\u00eds. La mayor\u00eda de los casos se diagnostican entre los 35 y los 80 a\u00f1os, con un m\u00e1ximo entre los 45 y los 65. (<a href=\"http:\/\/www.aecc.es\/\" style=\"line-height: 1.6em;\">www.aecc.es<\/a>)<\/p>\n<p class=\"rtecenter\"><img decoding=\"async\" src=\"https:\/\/riberasalud.com\/hospital-de-molina\/wp-content\/uploads\/2020\/05\/lazo20rosa_1.jpg\" style=\"height:140px; width: auto;\">      <img decoding=\"async\" src=\"https:\/\/hospitaldemolina.es\/wp-content\/uploads\/2020\/05\/14-10-1720-20HM20-20Dia20Mundial20contra20Cancer20Mama20-20Foto1.jpg\" style=\"height:140px; width: auto;\">     <img decoding=\"async\" src=\"https:\/\/hospitaldemolina.es\/wp-content\/uploads\/2020\/05\/sumatealrosa1.jpg\" style=\"height:140px; width: auto;\"><\/p>\n<p>Con motivo del <strong>D\u00eda Mundial contra el C\u00e1ncer de Mama<\/strong>, que se celebra el pr\u00f3ximo domingo <strong>19 de octubre<\/strong>, el <strong>Hospital de Molina <\/strong>se suma al rosa y acoge en sus instalaciones durante toda la ma\u00f1ana de hoy viernes, 17 de octubre, una <strong>mesa informativa de la Junta Local de la Asociaci\u00f3n Espa\u00f1ola Contra el C\u00e1ncer de Molina de Segura<\/strong>.<\/p>\n<p>Asi, en el marco de la estrecha colaboraci\u00f3n que el Hospital de Molina mantiene con la Junta Local de la AECC, desde las 9:00 hasta las 14:00 horas, voluntarios de la AECC, junto con personal del propio Centro Hospitalario, informan a los ciudadanos de la importancia de un <strong>diagn\u00f3stico precoz<\/strong>. El c\u00e1ncer de mama es una de las pocas enfermedades cancerosas que se pueden diagnosticar antes de que se note alg\u00fan s\u00edntoma. Las posibilidades de curaci\u00f3n que se detectan en su etapa inicial son pr\u00e1cticamente del 100%.<\/p>\n<p>Por eso, teniendo en cuenta que, seg\u00fan la Asociaci\u00f3n Espa\u00f1ola Contra el C\u00e1ncer (AECC) se estima que el riesgo de padecer c\u00e1ncer de mama a lo largo de la vida es de, aproximadamente, 1 de cada 8 mujeres, <strong>el Director-Gerente del Hospital de Molina<\/strong>, <strong>Pedro Hern\u00e1ndez Jim\u00e9nez, <\/strong>recuerda que \u201cdesde el Hospital de Molina queremos colaborar para frenar el c\u00e1ncer de mama en nuestra sociedad, por lo que junto a la AECC de Molina de Segura mantenemos una constante colaboraci\u00f3n para concienciar especialmente a las mujeres para que tomen medidas preventivas que eviten la aparici\u00f3n de dicha enfermedad\u201d.<\/p>\n<p>Todas las personas que hoy pasen por el Centro Hospitalario recibir\u00e1n un lazo rosa como s\u00edmbolo de apoyo a la lucha contra el c\u00e1ncer de mama. Un compromiso al que se suma el <strong>Hospital de Molina<\/strong>.<\/p>\n<p>Enlaces Relacionados:<\/p>\n<p><a href=\"https:\/\/www.aecc.es\/Paginas\/PaginaPrincipal.aspx\">AECC<\/a><\/p>\n","protected":false},"excerpt":{"rendered":"<p>17 octubre 2014.- En Espa\u00f1a se diagnostican unos 22.000 casos al a\u00f1o de c\u00e1ncer de mama, lo que representa casi el 30% de todos los tumores del sexo femenino en nuestro pa\u00eds. La mayor\u00eda de los casos se diagnostican entre los 35 y los 80 a\u00f1os, con un m\u00e1ximo entre los 45 y los 65. &#8230; <a title=\"#s\u00famatealrosa  19 de octubre: D\u00eda Mundial contra el C\u00e1ncer de Mama\" class=\"read-more\" href=\"https:\/\/riberasalud.com\/hospital-de-molina\/sumatealrosa-19-de-octubre-dia-mundial-contra-el-cancer-de-mama-4\/\" aria-label=\"Leer m\u00e1s sobre #s\u00famatealrosa  19 de octubre: D\u00eda Mundial contra el C\u00e1ncer de Mama\">Leer m\u00e1s<\/a><\/p>\n","protected":false},"author":3,"featured_media":0,"comment_status":"closed","ping_status":"open","sticky":false,"template":"","format":"standard","meta":{"_uag_custom_page_level_css":"","_mi_skip_tracking":false,"footnotes":""},"categories":[7],"tags":[],"class_list":["post-2178","post","type-post","status-publish","format-standard","hentry","category-hemeroteca"],"yoast_head":"<!-- This site is optimized with the Yoast SEO plugin v26.6 - https:\/\/yoast.com\/wordpress\/plugins\/seo\/ -->\n<title>#s\u00famatealrosa 19 de octubre: D\u00eda Mundial contra el C\u00e1ncer de Mama - Hospital de Molina<\/title>\n<meta name=\"robots\" content=\"index, follow, max-snippet:-1, max-image-preview:large, max-video-preview:-1\" \/>\n<link rel=\"canonical\" href=\"https:\/\/riberasalud.com\/hospital-de-molina\/sumatealrosa-19-de-octubre-dia-mundial-contra-el-cancer-de-mama-4\/\" \/>\n<meta property=\"og:locale\" content=\"es_ES\" \/>\n<meta property=\"og:type\" content=\"article\" \/>\n<meta property=\"og:title\" content=\"#s\u00famatealrosa 19 de octubre: D\u00eda Mundial contra el C\u00e1ncer de Mama - Hospital de Molina\" \/>\n<meta property=\"og:description\" content=\"17 octubre 2014.- En Espa\u00f1a se diagnostican unos 22.000 casos al a\u00f1o de c\u00e1ncer de mama, lo que representa casi el 30% de todos los tumores del sexo femenino en nuestro pa\u00eds. La mayor\u00eda de los casos se diagnostican entre los 35 y los 80 a\u00f1os, con un m\u00e1ximo entre los 45 y los 65. ... Leer m\u00e1s\" \/>\n<meta property=\"og:url\" content=\"https:\/\/riberasalud.com\/hospital-de-molina\/sumatealrosa-19-de-octubre-dia-mundial-contra-el-cancer-de-mama-4\/\" \/>\n<meta property=\"og:site_name\" content=\"Hospital de Molina\" \/>\n<meta property=\"article:published_time\" content=\"2014-10-16T07:05:20+00:00\" \/>\n<meta property=\"article:modified_time\" content=\"2023-10-25T06:39:22+00:00\" \/>\n<meta property=\"og:image\" content=\"https:\/\/riberasalud.com\/hospital-de-molina\/wp-content\/uploads\/2020\/05\/lazo20rosa_1.jpg\" \/>\n<meta name=\"author\" content=\"hmolina\" \/>\n<meta name=\"twitter:card\" content=\"summary_large_image\" \/>\n<meta name=\"twitter:label1\" content=\"Escrito por\" \/>\n\t<meta name=\"twitter:data1\" content=\"hmolina\" \/>\n\t<meta name=\"twitter:label2\" content=\"Tiempo de lectura\" \/>\n\t<meta name=\"twitter:data2\" content=\"2 minutos\" \/>\n<script type=\"application\/ld+json\" class=\"yoast-schema-graph\">{\"@context\":\"https:\/\/schema.org\",\"@graph\":[{\"@type\":\"Article\",\"@id\":\"https:\/\/riberasalud.com\/hospital-de-molina\/sumatealrosa-19-de-octubre-dia-mundial-contra-el-cancer-de-mama-4\/#article\",\"isPartOf\":{\"@id\":\"https:\/\/riberasalud.com\/hospital-de-molina\/sumatealrosa-19-de-octubre-dia-mundial-contra-el-cancer-de-mama-4\/\"},\"author\":{\"name\":\"hmolina\",\"@id\":\"https:\/\/riberasalud.com\/hospital-de-molina\/#\/schema\/person\/37d58effcbf02f32328940089f254419\"},\"headline\":\"#s\u00famatealrosa 19 de octubre: D\u00eda Mundial contra el C\u00e1ncer de Mama\",\"datePublished\":\"2014-10-16T07:05:20+00:00\",\"dateModified\":\"2023-10-25T06:39:22+00:00\",\"mainEntityOfPage\":{\"@id\":\"https:\/\/riberasalud.com\/hospital-de-molina\/sumatealrosa-19-de-octubre-dia-mundial-contra-el-cancer-de-mama-4\/\"},\"wordCount\":375,\"publisher\":{\"@id\":\"https:\/\/riberasalud.com\/hospital-de-molina\/#organization\"},\"image\":{\"@id\":\"https:\/\/riberasalud.com\/hospital-de-molina\/sumatealrosa-19-de-octubre-dia-mundial-contra-el-cancer-de-mama-4\/#primaryimage\"},\"thumbnailUrl\":\"https:\/\/riberasalud.com\/hospital-de-molina\/wp-content\/uploads\/2020\/05\/lazo20rosa_1.jpg\",\"articleSection\":[\"Hemeroteca\"],\"inLanguage\":\"es\"},{\"@type\":\"WebPage\",\"@id\":\"https:\/\/riberasalud.com\/hospital-de-molina\/sumatealrosa-19-de-octubre-dia-mundial-contra-el-cancer-de-mama-4\/\",\"url\":\"https:\/\/riberasalud.com\/hospital-de-molina\/sumatealrosa-19-de-octubre-dia-mundial-contra-el-cancer-de-mama-4\/\",\"name\":\"#s\u00famatealrosa 19 de octubre: D\u00eda Mundial contra el C\u00e1ncer de Mama - Hospital de Molina\",\"isPartOf\":{\"@id\":\"https:\/\/riberasalud.com\/hospital-de-molina\/#website\"},\"primaryImageOfPage\":{\"@id\":\"https:\/\/riberasalud.com\/hospital-de-molina\/sumatealrosa-19-de-octubre-dia-mundial-contra-el-cancer-de-mama-4\/#primaryimage\"},\"image\":{\"@id\":\"https:\/\/riberasalud.com\/hospital-de-molina\/sumatealrosa-19-de-octubre-dia-mundial-contra-el-cancer-de-mama-4\/#primaryimage\"},\"thumbnailUrl\":\"https:\/\/riberasalud.com\/hospital-de-molina\/wp-content\/uploads\/2020\/05\/lazo20rosa_1.jpg\",\"datePublished\":\"2014-10-16T07:05:20+00:00\",\"dateModified\":\"2023-10-25T06:39:22+00:00\",\"breadcrumb\":{\"@id\":\"https:\/\/riberasalud.com\/hospital-de-molina\/sumatealrosa-19-de-octubre-dia-mundial-contra-el-cancer-de-mama-4\/#breadcrumb\"},\"inLanguage\":\"es\",\"potentialAction\":[{\"@type\":\"ReadAction\",\"target\":[\"https:\/\/riberasalud.com\/hospital-de-molina\/sumatealrosa-19-de-octubre-dia-mundial-contra-el-cancer-de-mama-4\/\"]}]},{\"@type\":\"ImageObject\",\"inLanguage\":\"es\",\"@id\":\"https:\/\/riberasalud.com\/hospital-de-molina\/sumatealrosa-19-de-octubre-dia-mundial-contra-el-cancer-de-mama-4\/#primaryimage\",\"url\":\"https:\/\/riberasalud.com\/hospital-de-molina\/wp-content\/uploads\/2020\/05\/lazo20rosa_1.jpg\",\"contentUrl\":\"https:\/\/riberasalud.com\/hospital-de-molina\/wp-content\/uploads\/2020\/05\/lazo20rosa_1.jpg\",\"width\":350,\"height\":480},{\"@type\":\"BreadcrumbList\",\"@id\":\"https:\/\/riberasalud.com\/hospital-de-molina\/sumatealrosa-19-de-octubre-dia-mundial-contra-el-cancer-de-mama-4\/#breadcrumb\",\"itemListElement\":[{\"@type\":\"ListItem\",\"position\":1,\"name\":\"Portada\",\"item\":\"https:\/\/riberasalud.com\/hospital-de-molina\/\"},{\"@type\":\"ListItem\",\"position\":2,\"name\":\"#s\u00famatealrosa 19 de octubre: D\u00eda Mundial contra el C\u00e1ncer de Mama\"}]},{\"@type\":\"WebSite\",\"@id\":\"https:\/\/riberasalud.com\/hospital-de-molina\/#website\",\"url\":\"https:\/\/riberasalud.com\/hospital-de-molina\/\",\"name\":\"Hospital de Molina\",\"description\":\"\",\"publisher\":{\"@id\":\"https:\/\/riberasalud.com\/hospital-de-molina\/#organization\"},\"potentialAction\":[{\"@type\":\"SearchAction\",\"target\":{\"@type\":\"EntryPoint\",\"urlTemplate\":\"https:\/\/riberasalud.com\/hospital-de-molina\/?s={search_term_string}\"},\"query-input\":{\"@type\":\"PropertyValueSpecification\",\"valueRequired\":true,\"valueName\":\"search_term_string\"}}],\"inLanguage\":\"es\"},{\"@type\":\"Organization\",\"@id\":\"https:\/\/riberasalud.com\/hospital-de-molina\/#organization\",\"name\":\"Hospital de Molina\",\"url\":\"https:\/\/riberasalud.com\/hospital-de-molina\/\",\"logo\":{\"@type\":\"ImageObject\",\"inLanguage\":\"es\",\"@id\":\"https:\/\/riberasalud.com\/hospital-de-molina\/#\/schema\/logo\/image\/\",\"url\":\"https:\/\/riberasalud.com\/hospital-de-molina\/wp-content\/uploads\/2023\/01\/cropped-Logo-Red-DeMolina-bigtz7.png\",\"contentUrl\":\"https:\/\/riberasalud.com\/hospital-de-molina\/wp-content\/uploads\/2023\/01\/cropped-Logo-Red-DeMolina-bigtz7.png\",\"width\":300,\"height\":72,\"caption\":\"Hospital de Molina\"},\"image\":{\"@id\":\"https:\/\/riberasalud.com\/hospital-de-molina\/#\/schema\/logo\/image\/\"}},{\"@type\":\"Person\",\"@id\":\"https:\/\/riberasalud.com\/hospital-de-molina\/#\/schema\/person\/37d58effcbf02f32328940089f254419\",\"name\":\"hmolina\",\"image\":{\"@type\":\"ImageObject\",\"inLanguage\":\"es\",\"@id\":\"https:\/\/riberasalud.com\/hospital-de-molina\/#\/schema\/person\/image\/\",\"url\":\"https:\/\/secure.gravatar.com\/avatar\/9db1181c394bec9505d449c90a21b5363cc35ad9a76f60f11a304b23bb0e8dd4?s=96&d=mm&r=g\",\"contentUrl\":\"https:\/\/secure.gravatar.com\/avatar\/9db1181c394bec9505d449c90a21b5363cc35ad9a76f60f11a304b23bb0e8dd4?s=96&d=mm&r=g\",\"caption\":\"hmolina\"},\"url\":\"https:\/\/riberasalud.com\/hospital-de-molina\/author\/hmolina\/\"}]}<\/script>\n<!-- \/ Yoast SEO plugin. -->","yoast_head_json":{"title":"#s\u00famatealrosa 19 de octubre: D\u00eda Mundial contra el C\u00e1ncer de Mama - Hospital de Molina","robots":{"index":"index","follow":"follow","max-snippet":"max-snippet:-1","max-image-preview":"max-image-preview:large","max-video-preview":"max-video-preview:-1"},"canonical":"https:\/\/riberasalud.com\/hospital-de-molina\/sumatealrosa-19-de-octubre-dia-mundial-contra-el-cancer-de-mama-4\/","og_locale":"es_ES","og_type":"article","og_title":"#s\u00famatealrosa 19 de octubre: D\u00eda Mundial contra el C\u00e1ncer de Mama - Hospital de Molina","og_description":"17 octubre 2014.- En Espa\u00f1a se diagnostican unos 22.000 casos al a\u00f1o de c\u00e1ncer de mama, lo que representa casi el 30% de todos los tumores del sexo femenino en nuestro pa\u00eds. La mayor\u00eda de los casos se diagnostican entre los 35 y los 80 a\u00f1os, con un m\u00e1ximo entre los 45 y los 65. ... Leer m\u00e1s","og_url":"https:\/\/riberasalud.com\/hospital-de-molina\/sumatealrosa-19-de-octubre-dia-mundial-contra-el-cancer-de-mama-4\/","og_site_name":"Hospital de Molina","article_published_time":"2014-10-16T07:05:20+00:00","article_modified_time":"2023-10-25T06:39:22+00:00","og_image":[{"url":"https:\/\/riberasalud.com\/hospital-de-molina\/wp-content\/uploads\/2020\/05\/lazo20rosa_1.jpg","type":"","width":"","height":""}],"author":"hmolina","twitter_card":"summary_large_image","twitter_misc":{"Escrito por":"hmolina","Tiempo de lectura":"2 minutos"},"schema":{"@context":"https:\/\/schema.org","@graph":[{"@type":"Article","@id":"https:\/\/riberasalud.com\/hospital-de-molina\/sumatealrosa-19-de-octubre-dia-mundial-contra-el-cancer-de-mama-4\/#article","isPartOf":{"@id":"https:\/\/riberasalud.com\/hospital-de-molina\/sumatealrosa-19-de-octubre-dia-mundial-contra-el-cancer-de-mama-4\/"},"author":{"name":"hmolina","@id":"https:\/\/riberasalud.com\/hospital-de-molina\/#\/schema\/person\/37d58effcbf02f32328940089f254419"},"headline":"#s\u00famatealrosa 19 de octubre: D\u00eda Mundial contra el C\u00e1ncer de Mama","datePublished":"2014-10-16T07:05:20+00:00","dateModified":"2023-10-25T06:39:22+00:00","mainEntityOfPage":{"@id":"https:\/\/riberasalud.com\/hospital-de-molina\/sumatealrosa-19-de-octubre-dia-mundial-contra-el-cancer-de-mama-4\/"},"wordCount":375,"publisher":{"@id":"https:\/\/riberasalud.com\/hospital-de-molina\/#organization"},"image":{"@id":"https:\/\/riberasalud.com\/hospital-de-molina\/sumatealrosa-19-de-octubre-dia-mundial-contra-el-cancer-de-mama-4\/#primaryimage"},"thumbnailUrl":"https:\/\/riberasalud.com\/hospital-de-molina\/wp-content\/uploads\/2020\/05\/lazo20rosa_1.jpg","articleSection":["Hemeroteca"],"inLanguage":"es"},{"@type":"WebPage","@id":"https:\/\/riberasalud.com\/hospital-de-molina\/sumatealrosa-19-de-octubre-dia-mundial-contra-el-cancer-de-mama-4\/","url":"https:\/\/riberasalud.com\/hospital-de-molina\/sumatealrosa-19-de-octubre-dia-mundial-contra-el-cancer-de-mama-4\/","name":"#s\u00famatealrosa 19 de octubre: D\u00eda Mundial contra el C\u00e1ncer de Mama - Hospital de Molina","isPartOf":{"@id":"https:\/\/riberasalud.com\/hospital-de-molina\/#website"},"primaryImageOfPage":{"@id":"https:\/\/riberasalud.com\/hospital-de-molina\/sumatealrosa-19-de-octubre-dia-mundial-contra-el-cancer-de-mama-4\/#primaryimage"},"image":{"@id":"https:\/\/riberasalud.com\/hospital-de-molina\/sumatealrosa-19-de-octubre-dia-mundial-contra-el-cancer-de-mama-4\/#primaryimage"},"thumbnailUrl":"https:\/\/riberasalud.com\/hospital-de-molina\/wp-content\/uploads\/2020\/05\/lazo20rosa_1.jpg","datePublished":"2014-10-16T07:05:20+00:00","dateModified":"2023-10-25T06:39:22+00:00","breadcrumb":{"@id":"https:\/\/riberasalud.com\/hospital-de-molina\/sumatealrosa-19-de-octubre-dia-mundial-contra-el-cancer-de-mama-4\/#breadcrumb"},"inLanguage":"es","potentialAction":[{"@type":"ReadAction","target":["https:\/\/riberasalud.com\/hospital-de-molina\/sumatealrosa-19-de-octubre-dia-mundial-contra-el-cancer-de-mama-4\/"]}]},{"@type":"ImageObject","inLanguage":"es","@id":"https:\/\/riberasalud.com\/hospital-de-molina\/sumatealrosa-19-de-octubre-dia-mundial-contra-el-cancer-de-mama-4\/#primaryimage","url":"https:\/\/riberasalud.com\/hospital-de-molina\/wp-content\/uploads\/2020\/05\/lazo20rosa_1.jpg","contentUrl":"https:\/\/riberasalud.com\/hospital-de-molina\/wp-content\/uploads\/2020\/05\/lazo20rosa_1.jpg","width":350,"height":480},{"@type":"BreadcrumbList","@id":"https:\/\/riberasalud.com\/hospital-de-molina\/sumatealrosa-19-de-octubre-dia-mundial-contra-el-cancer-de-mama-4\/#breadcrumb","itemListElement":[{"@type":"ListItem","position":1,"name":"Portada","item":"https:\/\/riberasalud.com\/hospital-de-molina\/"},{"@type":"ListItem","position":2,"name":"#s\u00famatealrosa 19 de octubre: D\u00eda Mundial contra el C\u00e1ncer de Mama"}]},{"@type":"WebSite","@id":"https:\/\/riberasalud.com\/hospital-de-molina\/#website","url":"https:\/\/riberasalud.com\/hospital-de-molina\/","name":"Hospital de Molina","description":"","publisher":{"@id":"https:\/\/riberasalud.com\/hospital-de-molina\/#organization"},"potentialAction":[{"@type":"SearchAction","target":{"@type":"EntryPoint","urlTemplate":"https:\/\/riberasalud.com\/hospital-de-molina\/?s={search_term_string}"},"query-input":{"@type":"PropertyValueSpecification","valueRequired":true,"valueName":"search_term_string"}}],"inLanguage":"es"},{"@type":"Organization","@id":"https:\/\/riberasalud.com\/hospital-de-molina\/#organization","name":"Hospital de Molina","url":"https:\/\/riberasalud.com\/hospital-de-molina\/","logo":{"@type":"ImageObject","inLanguage":"es","@id":"https:\/\/riberasalud.com\/hospital-de-molina\/#\/schema\/logo\/image\/","url":"https:\/\/riberasalud.com\/hospital-de-molina\/wp-content\/uploads\/2023\/01\/cropped-Logo-Red-DeMolina-bigtz7.png","contentUrl":"https:\/\/riberasalud.com\/hospital-de-molina\/wp-content\/uploads\/2023\/01\/cropped-Logo-Red-DeMolina-bigtz7.png","width":300,"height":72,"caption":"Hospital de Molina"},"image":{"@id":"https:\/\/riberasalud.com\/hospital-de-molina\/#\/schema\/logo\/image\/"}},{"@type":"Person","@id":"https:\/\/riberasalud.com\/hospital-de-molina\/#\/schema\/person\/37d58effcbf02f32328940089f254419","name":"hmolina","image":{"@type":"ImageObject","inLanguage":"es","@id":"https:\/\/riberasalud.com\/hospital-de-molina\/#\/schema\/person\/image\/","url":"https:\/\/secure.gravatar.com\/avatar\/9db1181c394bec9505d449c90a21b5363cc35ad9a76f60f11a304b23bb0e8dd4?s=96&d=mm&r=g","contentUrl":"https:\/\/secure.gravatar.com\/avatar\/9db1181c394bec9505d449c90a21b5363cc35ad9a76f60f11a304b23bb0e8dd4?s=96&d=mm&r=g","caption":"hmolina"},"url":"https:\/\/riberasalud.com\/hospital-de-molina\/author\/hmolina\/"}]}},"uagb_featured_image_src":{"full":false,"thumbnail":false,"medium":false,"medium_large":false,"large":false,"1536x1536":false,"2048x2048":false},"uagb_author_info":{"display_name":"hmolina","author_link":"https:\/\/riberasalud.com\/hospital-de-molina\/author\/hmolina\/"},"uagb_comment_info":0,"uagb_excerpt":"17 octubre 2014.- En Espa\u00f1a se diagnostican unos 22.000 casos al a\u00f1o de c\u00e1ncer de mama, lo que representa casi el 30% de todos los tumores del sexo femenino en nuestro pa\u00eds. La mayor\u00eda de los casos se diagnostican entre los 35 y los 80 a\u00f1os, con un m\u00e1ximo entre los 45 y los 65.&hellip;","_links":{"self":[{"href":"https:\/\/riberasalud.com\/hospital-de-molina\/wp-json\/wp\/v2\/posts\/2178","targetHints":{"allow":["GET"]}}],"collection":[{"href":"https:\/\/riberasalud.com\/hospital-de-molina\/wp-json\/wp\/v2\/posts"}],"about":[{"href":"https:\/\/riberasalud.com\/hospital-de-molina\/wp-json\/wp\/v2\/types\/post"}],"author":[{"embeddable":true,"href":"https:\/\/riberasalud.com\/hospital-de-molina\/wp-json\/wp\/v2\/users\/3"}],"replies":[{"embeddable":true,"href":"https:\/\/riberasalud.com\/hospital-de-molina\/wp-json\/wp\/v2\/comments?post=2178"}],"version-history":[{"count":1,"href":"https:\/\/riberasalud.com\/hospital-de-molina\/wp-json\/wp\/v2\/posts\/2178\/revisions"}],"predecessor-version":[{"id":8418,"href":"https:\/\/riberasalud.com\/hospital-de-molina\/wp-json\/wp\/v2\/posts\/2178\/revisions\/8418"}],"wp:attachment":[{"href":"https:\/\/riberasalud.com\/hospital-de-molina\/wp-json\/wp\/v2\/media?parent=2178"}],"wp:term":[{"taxonomy":"category","embeddable":true,"href":"https:\/\/riberasalud.com\/hospital-de-molina\/wp-json\/wp\/v2\/categories?post=2178"},{"taxonomy":"post_tag","embeddable":true,"href":"https:\/\/riberasalud.com\/hospital-de-molina\/wp-json\/wp\/v2\/tags?post=2178"}],"curies":[{"name":"wp","href":"https:\/\/api.w.org\/{rel}","templated":true}]}}