{"id":2164,"date":"2015-02-18T13:08:28","date_gmt":"2015-02-18T12:08:28","guid":{"rendered":"https:\/\/www.hospitaldemolina.es\/i-curso-internacional-teorico-practico-sobre-bases-fundamentos-y-atencion-en-festejos-taurinos-2\/"},"modified":"2023-10-25T06:39:16","modified_gmt":"2023-10-25T06:39:16","slug":"i-curso-internacional-teorico-practico-sobre-bases-fundamentos-y-atencion-en-festejos-taurinos-2","status":"publish","type":"post","link":"https:\/\/riberasalud.com\/hospital-de-molina\/i-curso-internacional-teorico-practico-sobre-bases-fundamentos-y-atencion-en-festejos-taurinos-2\/","title":{"rendered":"I Curso Internacional te\u00f3rico-pr\u00e1ctico sobre bases, fundamentos y atenci\u00f3n en festejos taurinos"},"content":{"rendered":"<p>19 febrero 2015.- El Cirujano del <strong>Hospital de Molina<\/strong>, Dr. Antonio R\u00edos Zambudio, (miembro del servicio de Cirug\u00eda del Hospital Cl\u00ednico Universitario Virgen de la Arrixaca y Cirujano Jefe del Equipo de Cirug\u00eda Taurina Dr. del Vas), organiza el <strong>I Curso Internacional te\u00f3rico-pr\u00e1ctico sobre bases, fundamentos y atenci\u00f3n en festejos taurinos<\/strong>, que se celebra <strong>desde hoy jueves 19 de febrero al 15 de marzo<\/strong>, y que se desarrollar\u00e1 en varias sedes: Ayuntamientos de Molina de Segura, Moratalla y Blanca; Plaza de Toros de Murcia; Universidad de Murcia y Ganader\u00eda de Nazario de Yecla.<\/p>\n<p><img decoding=\"async\" src=\"https:\/\/riberasalud.com\/hospital-de-molina\/wp-content\/uploads\/2020\/05\/Toros-INTRO.jpg\" style=\"height:140px; width: auto;\"><\/p>\n<p>Enmarcado dentro del <strong>programa de acciones formativas que el Hospital de Molina<\/strong> desarrolla anualmente para los profesionales sanitarios, dos de los seis m\u00f3dulos de los que consta el Curso, se impartir\u00e1n en Molina de Segura.<\/p>\n<p>As\u00ed, el pr\u00f3ximo <strong>s\u00e1bado 21 de febrero<\/strong>, en la <strong>Plaza<\/strong><strong> del Ayuntamiento de Molina de Segura<\/strong>, se impartir\u00e1 el <strong>2\u00ba M\u00f3dulo, Pr\u00e1cticas<\/strong>, desde las 09.00 hasta las 14.00 horas. Consta de 4 talleres:<\/p>\n<p>Taller 1: An\u00e1lisis de Encornaduras. Posibles manipulaciones y enfundado, impartido por profesionales veterinarios especialistas en festejos taurinos.<\/p>\n<p>Taller 2: Habilitaci\u00f3n de un Hospital de Campa\u00f1a en medios rurales. Cuidados B\u00e1sicos Urgentes en un afectado de festejos taurinos, impartido por profesionales m\u00e9dicos de cirug\u00eda taurina del Hospital Cl\u00ednico Universitario Virgen de la Arrixaca, Cirug\u00eda Taurina Dr. del Vas y Hospital de Albacete.<\/p>\n<p>Taller 3: Cuidados de las heridas por asta de toro y reses bravas.<\/p>\n<p>Taller 4: Valoraci\u00f3n Psico-Patol\u00f3gica, impartido por profesionales de la psicolog\u00eda.<\/p>\n<p>La Plaza del Ayuntamiento contar\u00e1 con tres carpas, donde se van a impartir los talleres 1, 3 y 4; un Hospital de Campa\u00f1a de Cruz Roja para impartir el taller 2; y una ambulancia.<\/p>\n<p>Mientras que el pr\u00f3ximo <strong>26 de febrero<\/strong>, en el <strong>Centro Social Las Balsas<\/strong>, se desarrollar\u00e1 el <strong>3\u00ba M\u00f3dulo<\/strong>, <strong>Atenci\u00f3n Sanitaria en Festejos Taurinos<\/strong>, desde las 16:00 hasta las 21:00 horas, impartido por profesionales m\u00e9dicos de cirug\u00eda taurina del Hospital de Molina, Hospital Cl\u00ednico Universitario Virgen de la Arrixaca, Cirug\u00eda Taurina Dr. del Vas, Hospital de Albacete, Departamento de Socorros de Cruz Roja de Sanfermines (Navarra) y Hospital del Mar (Barcelona).<\/p>\n<p>El curso est\u00e1 dirigido a profesionales del \u00e1mbito sanitario (medicina, enfermer\u00eda, psicolog\u00eda, fisioterapia y otros) y a otros profesionales implicados en festejos taurinos, como son los veterinarios y los licenciados en Derecho. En total, se han inscrito 87 profesionales.<\/p>\n<p>Junto al Hospital de Molina, tambi\u00e9n colaboran en la impartici\u00f3n de este curso,  los Ayuntamientos de Molina de Segura, Moratalla y Blanca, el Hospital Universitario Virgen de la Arrixaca, Cirug\u00eda Taurina Dr. del Vas, Cruz Roja Espa\u00f1ola (Asamblea Comarcal de Molina-Vega Media) y Gerencia de Emergencias 061.<\/p>\n<p>Enlaces Relacionados:<\/p>\n","protected":false},"excerpt":{"rendered":"<p>19 febrero 2015.- El Cirujano del Hospital de Molina, Dr. Antonio R\u00edos Zambudio, (miembro del servicio de Cirug\u00eda del Hospital Cl\u00ednico Universitario Virgen de la Arrixaca y Cirujano Jefe del Equipo de Cirug\u00eda Taurina Dr. del Vas), organiza el I Curso Internacional te\u00f3rico-pr\u00e1ctico sobre bases, fundamentos y atenci\u00f3n en festejos taurinos, que se celebra desde &#8230; <a title=\"I Curso Internacional te\u00f3rico-pr\u00e1ctico sobre bases, fundamentos y atenci\u00f3n en festejos taurinos\" class=\"read-more\" href=\"https:\/\/riberasalud.com\/hospital-de-molina\/i-curso-internacional-teorico-practico-sobre-bases-fundamentos-y-atencion-en-festejos-taurinos-2\/\" aria-label=\"Leer m\u00e1s sobre I Curso Internacional te\u00f3rico-pr\u00e1ctico sobre bases, fundamentos y atenci\u00f3n en festejos taurinos\">Leer m\u00e1s<\/a><\/p>\n","protected":false},"author":3,"featured_media":0,"comment_status":"closed","ping_status":"open","sticky":false,"template":"","format":"standard","meta":{"_uag_custom_page_level_css":"","_mi_skip_tracking":false,"footnotes":""},"categories":[7],"tags":[],"class_list":["post-2164","post","type-post","status-publish","format-standard","hentry","category-hemeroteca"],"yoast_head":"<!-- This site is optimized with the Yoast SEO plugin v26.6 - https:\/\/yoast.com\/wordpress\/plugins\/seo\/ -->\n<title>I Curso Internacional te\u00f3rico-pr\u00e1ctico sobre bases, fundamentos y atenci\u00f3n en festejos taurinos - Hospital de Molina<\/title>\n<meta name=\"robots\" content=\"index, follow, max-snippet:-1, max-image-preview:large, max-video-preview:-1\" \/>\n<link rel=\"canonical\" href=\"https:\/\/riberasalud.com\/hospital-de-molina\/i-curso-internacional-teorico-practico-sobre-bases-fundamentos-y-atencion-en-festejos-taurinos-2\/\" \/>\n<meta property=\"og:locale\" content=\"es_ES\" \/>\n<meta property=\"og:type\" content=\"article\" \/>\n<meta property=\"og:title\" content=\"I Curso Internacional te\u00f3rico-pr\u00e1ctico sobre bases, fundamentos y atenci\u00f3n en festejos taurinos - Hospital de Molina\" \/>\n<meta property=\"og:description\" content=\"19 febrero 2015.- El Cirujano del Hospital de Molina, Dr. Antonio R\u00edos Zambudio, (miembro del servicio de Cirug\u00eda del Hospital Cl\u00ednico Universitario Virgen de la Arrixaca y Cirujano Jefe del Equipo de Cirug\u00eda Taurina Dr. del Vas), organiza el I Curso Internacional te\u00f3rico-pr\u00e1ctico sobre bases, fundamentos y atenci\u00f3n en festejos taurinos, que se celebra desde ... Leer m\u00e1s\" \/>\n<meta property=\"og:url\" content=\"https:\/\/riberasalud.com\/hospital-de-molina\/i-curso-internacional-teorico-practico-sobre-bases-fundamentos-y-atencion-en-festejos-taurinos-2\/\" \/>\n<meta property=\"og:site_name\" content=\"Hospital de Molina\" \/>\n<meta property=\"article:published_time\" content=\"2015-02-18T12:08:28+00:00\" \/>\n<meta property=\"article:modified_time\" content=\"2023-10-25T06:39:16+00:00\" \/>\n<meta property=\"og:image\" content=\"https:\/\/riberasalud.com\/hospital-de-molina\/wp-content\/uploads\/2020\/05\/Toros-INTRO.jpg\" \/>\n<meta name=\"author\" content=\"hmolina\" \/>\n<meta name=\"twitter:card\" content=\"summary_large_image\" \/>\n<meta name=\"twitter:label1\" content=\"Escrito por\" \/>\n\t<meta name=\"twitter:data1\" content=\"hmolina\" \/>\n\t<meta name=\"twitter:label2\" content=\"Tiempo de lectura\" \/>\n\t<meta name=\"twitter:data2\" content=\"2 minutos\" \/>\n<script type=\"application\/ld+json\" class=\"yoast-schema-graph\">{\"@context\":\"https:\/\/schema.org\",\"@graph\":[{\"@type\":\"Article\",\"@id\":\"https:\/\/riberasalud.com\/hospital-de-molina\/i-curso-internacional-teorico-practico-sobre-bases-fundamentos-y-atencion-en-festejos-taurinos-2\/#article\",\"isPartOf\":{\"@id\":\"https:\/\/riberasalud.com\/hospital-de-molina\/i-curso-internacional-teorico-practico-sobre-bases-fundamentos-y-atencion-en-festejos-taurinos-2\/\"},\"author\":{\"name\":\"hmolina\",\"@id\":\"https:\/\/riberasalud.com\/hospital-de-molina\/#\/schema\/person\/37d58effcbf02f32328940089f254419\"},\"headline\":\"I Curso Internacional te\u00f3rico-pr\u00e1ctico sobre bases, fundamentos y atenci\u00f3n en festejos taurinos\",\"datePublished\":\"2015-02-18T12:08:28+00:00\",\"dateModified\":\"2023-10-25T06:39:16+00:00\",\"mainEntityOfPage\":{\"@id\":\"https:\/\/riberasalud.com\/hospital-de-molina\/i-curso-internacional-teorico-practico-sobre-bases-fundamentos-y-atencion-en-festejos-taurinos-2\/\"},\"wordCount\":469,\"publisher\":{\"@id\":\"https:\/\/riberasalud.com\/hospital-de-molina\/#organization\"},\"image\":{\"@id\":\"https:\/\/riberasalud.com\/hospital-de-molina\/i-curso-internacional-teorico-practico-sobre-bases-fundamentos-y-atencion-en-festejos-taurinos-2\/#primaryimage\"},\"thumbnailUrl\":\"https:\/\/riberasalud.com\/hospital-de-molina\/wp-content\/uploads\/2020\/05\/Toros-INTRO.jpg\",\"articleSection\":[\"Hemeroteca\"],\"inLanguage\":\"es\"},{\"@type\":\"WebPage\",\"@id\":\"https:\/\/riberasalud.com\/hospital-de-molina\/i-curso-internacional-teorico-practico-sobre-bases-fundamentos-y-atencion-en-festejos-taurinos-2\/\",\"url\":\"https:\/\/riberasalud.com\/hospital-de-molina\/i-curso-internacional-teorico-practico-sobre-bases-fundamentos-y-atencion-en-festejos-taurinos-2\/\",\"name\":\"I Curso Internacional te\u00f3rico-pr\u00e1ctico sobre bases, fundamentos y atenci\u00f3n en festejos taurinos - Hospital de Molina\",\"isPartOf\":{\"@id\":\"https:\/\/riberasalud.com\/hospital-de-molina\/#website\"},\"primaryImageOfPage\":{\"@id\":\"https:\/\/riberasalud.com\/hospital-de-molina\/i-curso-internacional-teorico-practico-sobre-bases-fundamentos-y-atencion-en-festejos-taurinos-2\/#primaryimage\"},\"image\":{\"@id\":\"https:\/\/riberasalud.com\/hospital-de-molina\/i-curso-internacional-teorico-practico-sobre-bases-fundamentos-y-atencion-en-festejos-taurinos-2\/#primaryimage\"},\"thumbnailUrl\":\"https:\/\/riberasalud.com\/hospital-de-molina\/wp-content\/uploads\/2020\/05\/Toros-INTRO.jpg\",\"datePublished\":\"2015-02-18T12:08:28+00:00\",\"dateModified\":\"2023-10-25T06:39:16+00:00\",\"breadcrumb\":{\"@id\":\"https:\/\/riberasalud.com\/hospital-de-molina\/i-curso-internacional-teorico-practico-sobre-bases-fundamentos-y-atencion-en-festejos-taurinos-2\/#breadcrumb\"},\"inLanguage\":\"es\",\"potentialAction\":[{\"@type\":\"ReadAction\",\"target\":[\"https:\/\/riberasalud.com\/hospital-de-molina\/i-curso-internacional-teorico-practico-sobre-bases-fundamentos-y-atencion-en-festejos-taurinos-2\/\"]}]},{\"@type\":\"ImageObject\",\"inLanguage\":\"es\",\"@id\":\"https:\/\/riberasalud.com\/hospital-de-molina\/i-curso-internacional-teorico-practico-sobre-bases-fundamentos-y-atencion-en-festejos-taurinos-2\/#primaryimage\",\"url\":\"https:\/\/riberasalud.com\/hospital-de-molina\/wp-content\/uploads\/2020\/05\/Toros-INTRO.jpg\",\"contentUrl\":\"https:\/\/riberasalud.com\/hospital-de-molina\/wp-content\/uploads\/2020\/05\/Toros-INTRO.jpg\",\"width\":181,\"height\":136},{\"@type\":\"BreadcrumbList\",\"@id\":\"https:\/\/riberasalud.com\/hospital-de-molina\/i-curso-internacional-teorico-practico-sobre-bases-fundamentos-y-atencion-en-festejos-taurinos-2\/#breadcrumb\",\"itemListElement\":[{\"@type\":\"ListItem\",\"position\":1,\"name\":\"Portada\",\"item\":\"https:\/\/riberasalud.com\/hospital-de-molina\/\"},{\"@type\":\"ListItem\",\"position\":2,\"name\":\"I Curso Internacional te\u00f3rico-pr\u00e1ctico sobre bases, fundamentos y atenci\u00f3n en festejos taurinos\"}]},{\"@type\":\"WebSite\",\"@id\":\"https:\/\/riberasalud.com\/hospital-de-molina\/#website\",\"url\":\"https:\/\/riberasalud.com\/hospital-de-molina\/\",\"name\":\"Hospital de Molina\",\"description\":\"\",\"publisher\":{\"@id\":\"https:\/\/riberasalud.com\/hospital-de-molina\/#organization\"},\"potentialAction\":[{\"@type\":\"SearchAction\",\"target\":{\"@type\":\"EntryPoint\",\"urlTemplate\":\"https:\/\/riberasalud.com\/hospital-de-molina\/?s={search_term_string}\"},\"query-input\":{\"@type\":\"PropertyValueSpecification\",\"valueRequired\":true,\"valueName\":\"search_term_string\"}}],\"inLanguage\":\"es\"},{\"@type\":\"Organization\",\"@id\":\"https:\/\/riberasalud.com\/hospital-de-molina\/#organization\",\"name\":\"Hospital de Molina\",\"url\":\"https:\/\/riberasalud.com\/hospital-de-molina\/\",\"logo\":{\"@type\":\"ImageObject\",\"inLanguage\":\"es\",\"@id\":\"https:\/\/riberasalud.com\/hospital-de-molina\/#\/schema\/logo\/image\/\",\"url\":\"https:\/\/riberasalud.com\/hospital-de-molina\/wp-content\/uploads\/2023\/01\/cropped-Logo-Red-DeMolina-bigtz7.png\",\"contentUrl\":\"https:\/\/riberasalud.com\/hospital-de-molina\/wp-content\/uploads\/2023\/01\/cropped-Logo-Red-DeMolina-bigtz7.png\",\"width\":300,\"height\":72,\"caption\":\"Hospital de Molina\"},\"image\":{\"@id\":\"https:\/\/riberasalud.com\/hospital-de-molina\/#\/schema\/logo\/image\/\"}},{\"@type\":\"Person\",\"@id\":\"https:\/\/riberasalud.com\/hospital-de-molina\/#\/schema\/person\/37d58effcbf02f32328940089f254419\",\"name\":\"hmolina\",\"image\":{\"@type\":\"ImageObject\",\"inLanguage\":\"es\",\"@id\":\"https:\/\/riberasalud.com\/hospital-de-molina\/#\/schema\/person\/image\/\",\"url\":\"https:\/\/secure.gravatar.com\/avatar\/9db1181c394bec9505d449c90a21b5363cc35ad9a76f60f11a304b23bb0e8dd4?s=96&d=mm&r=g\",\"contentUrl\":\"https:\/\/secure.gravatar.com\/avatar\/9db1181c394bec9505d449c90a21b5363cc35ad9a76f60f11a304b23bb0e8dd4?s=96&d=mm&r=g\",\"caption\":\"hmolina\"},\"url\":\"https:\/\/riberasalud.com\/hospital-de-molina\/author\/hmolina\/\"}]}<\/script>\n<!-- \/ Yoast SEO plugin. -->","yoast_head_json":{"title":"I Curso Internacional te\u00f3rico-pr\u00e1ctico sobre bases, fundamentos y atenci\u00f3n en festejos taurinos - Hospital de Molina","robots":{"index":"index","follow":"follow","max-snippet":"max-snippet:-1","max-image-preview":"max-image-preview:large","max-video-preview":"max-video-preview:-1"},"canonical":"https:\/\/riberasalud.com\/hospital-de-molina\/i-curso-internacional-teorico-practico-sobre-bases-fundamentos-y-atencion-en-festejos-taurinos-2\/","og_locale":"es_ES","og_type":"article","og_title":"I Curso Internacional te\u00f3rico-pr\u00e1ctico sobre bases, fundamentos y atenci\u00f3n en festejos taurinos - Hospital de Molina","og_description":"19 febrero 2015.- El Cirujano del Hospital de Molina, Dr. Antonio R\u00edos Zambudio, (miembro del servicio de Cirug\u00eda del Hospital Cl\u00ednico Universitario Virgen de la Arrixaca y Cirujano Jefe del Equipo de Cirug\u00eda Taurina Dr. del Vas), organiza el I Curso Internacional te\u00f3rico-pr\u00e1ctico sobre bases, fundamentos y atenci\u00f3n en festejos taurinos, que se celebra desde ... Leer m\u00e1s","og_url":"https:\/\/riberasalud.com\/hospital-de-molina\/i-curso-internacional-teorico-practico-sobre-bases-fundamentos-y-atencion-en-festejos-taurinos-2\/","og_site_name":"Hospital de Molina","article_published_time":"2015-02-18T12:08:28+00:00","article_modified_time":"2023-10-25T06:39:16+00:00","og_image":[{"url":"https:\/\/riberasalud.com\/hospital-de-molina\/wp-content\/uploads\/2020\/05\/Toros-INTRO.jpg","type":"","width":"","height":""}],"author":"hmolina","twitter_card":"summary_large_image","twitter_misc":{"Escrito por":"hmolina","Tiempo de lectura":"2 minutos"},"schema":{"@context":"https:\/\/schema.org","@graph":[{"@type":"Article","@id":"https:\/\/riberasalud.com\/hospital-de-molina\/i-curso-internacional-teorico-practico-sobre-bases-fundamentos-y-atencion-en-festejos-taurinos-2\/#article","isPartOf":{"@id":"https:\/\/riberasalud.com\/hospital-de-molina\/i-curso-internacional-teorico-practico-sobre-bases-fundamentos-y-atencion-en-festejos-taurinos-2\/"},"author":{"name":"hmolina","@id":"https:\/\/riberasalud.com\/hospital-de-molina\/#\/schema\/person\/37d58effcbf02f32328940089f254419"},"headline":"I Curso Internacional te\u00f3rico-pr\u00e1ctico sobre bases, fundamentos y atenci\u00f3n en festejos taurinos","datePublished":"2015-02-18T12:08:28+00:00","dateModified":"2023-10-25T06:39:16+00:00","mainEntityOfPage":{"@id":"https:\/\/riberasalud.com\/hospital-de-molina\/i-curso-internacional-teorico-practico-sobre-bases-fundamentos-y-atencion-en-festejos-taurinos-2\/"},"wordCount":469,"publisher":{"@id":"https:\/\/riberasalud.com\/hospital-de-molina\/#organization"},"image":{"@id":"https:\/\/riberasalud.com\/hospital-de-molina\/i-curso-internacional-teorico-practico-sobre-bases-fundamentos-y-atencion-en-festejos-taurinos-2\/#primaryimage"},"thumbnailUrl":"https:\/\/riberasalud.com\/hospital-de-molina\/wp-content\/uploads\/2020\/05\/Toros-INTRO.jpg","articleSection":["Hemeroteca"],"inLanguage":"es"},{"@type":"WebPage","@id":"https:\/\/riberasalud.com\/hospital-de-molina\/i-curso-internacional-teorico-practico-sobre-bases-fundamentos-y-atencion-en-festejos-taurinos-2\/","url":"https:\/\/riberasalud.com\/hospital-de-molina\/i-curso-internacional-teorico-practico-sobre-bases-fundamentos-y-atencion-en-festejos-taurinos-2\/","name":"I Curso Internacional te\u00f3rico-pr\u00e1ctico sobre bases, fundamentos y atenci\u00f3n en festejos taurinos - Hospital de Molina","isPartOf":{"@id":"https:\/\/riberasalud.com\/hospital-de-molina\/#website"},"primaryImageOfPage":{"@id":"https:\/\/riberasalud.com\/hospital-de-molina\/i-curso-internacional-teorico-practico-sobre-bases-fundamentos-y-atencion-en-festejos-taurinos-2\/#primaryimage"},"image":{"@id":"https:\/\/riberasalud.com\/hospital-de-molina\/i-curso-internacional-teorico-practico-sobre-bases-fundamentos-y-atencion-en-festejos-taurinos-2\/#primaryimage"},"thumbnailUrl":"https:\/\/riberasalud.com\/hospital-de-molina\/wp-content\/uploads\/2020\/05\/Toros-INTRO.jpg","datePublished":"2015-02-18T12:08:28+00:00","dateModified":"2023-10-25T06:39:16+00:00","breadcrumb":{"@id":"https:\/\/riberasalud.com\/hospital-de-molina\/i-curso-internacional-teorico-practico-sobre-bases-fundamentos-y-atencion-en-festejos-taurinos-2\/#breadcrumb"},"inLanguage":"es","potentialAction":[{"@type":"ReadAction","target":["https:\/\/riberasalud.com\/hospital-de-molina\/i-curso-internacional-teorico-practico-sobre-bases-fundamentos-y-atencion-en-festejos-taurinos-2\/"]}]},{"@type":"ImageObject","inLanguage":"es","@id":"https:\/\/riberasalud.com\/hospital-de-molina\/i-curso-internacional-teorico-practico-sobre-bases-fundamentos-y-atencion-en-festejos-taurinos-2\/#primaryimage","url":"https:\/\/riberasalud.com\/hospital-de-molina\/wp-content\/uploads\/2020\/05\/Toros-INTRO.jpg","contentUrl":"https:\/\/riberasalud.com\/hospital-de-molina\/wp-content\/uploads\/2020\/05\/Toros-INTRO.jpg","width":181,"height":136},{"@type":"BreadcrumbList","@id":"https:\/\/riberasalud.com\/hospital-de-molina\/i-curso-internacional-teorico-practico-sobre-bases-fundamentos-y-atencion-en-festejos-taurinos-2\/#breadcrumb","itemListElement":[{"@type":"ListItem","position":1,"name":"Portada","item":"https:\/\/riberasalud.com\/hospital-de-molina\/"},{"@type":"ListItem","position":2,"name":"I Curso Internacional te\u00f3rico-pr\u00e1ctico sobre bases, fundamentos y atenci\u00f3n en festejos taurinos"}]},{"@type":"WebSite","@id":"https:\/\/riberasalud.com\/hospital-de-molina\/#website","url":"https:\/\/riberasalud.com\/hospital-de-molina\/","name":"Hospital de Molina","description":"","publisher":{"@id":"https:\/\/riberasalud.com\/hospital-de-molina\/#organization"},"potentialAction":[{"@type":"SearchAction","target":{"@type":"EntryPoint","urlTemplate":"https:\/\/riberasalud.com\/hospital-de-molina\/?s={search_term_string}"},"query-input":{"@type":"PropertyValueSpecification","valueRequired":true,"valueName":"search_term_string"}}],"inLanguage":"es"},{"@type":"Organization","@id":"https:\/\/riberasalud.com\/hospital-de-molina\/#organization","name":"Hospital de Molina","url":"https:\/\/riberasalud.com\/hospital-de-molina\/","logo":{"@type":"ImageObject","inLanguage":"es","@id":"https:\/\/riberasalud.com\/hospital-de-molina\/#\/schema\/logo\/image\/","url":"https:\/\/riberasalud.com\/hospital-de-molina\/wp-content\/uploads\/2023\/01\/cropped-Logo-Red-DeMolina-bigtz7.png","contentUrl":"https:\/\/riberasalud.com\/hospital-de-molina\/wp-content\/uploads\/2023\/01\/cropped-Logo-Red-DeMolina-bigtz7.png","width":300,"height":72,"caption":"Hospital de Molina"},"image":{"@id":"https:\/\/riberasalud.com\/hospital-de-molina\/#\/schema\/logo\/image\/"}},{"@type":"Person","@id":"https:\/\/riberasalud.com\/hospital-de-molina\/#\/schema\/person\/37d58effcbf02f32328940089f254419","name":"hmolina","image":{"@type":"ImageObject","inLanguage":"es","@id":"https:\/\/riberasalud.com\/hospital-de-molina\/#\/schema\/person\/image\/","url":"https:\/\/secure.gravatar.com\/avatar\/9db1181c394bec9505d449c90a21b5363cc35ad9a76f60f11a304b23bb0e8dd4?s=96&d=mm&r=g","contentUrl":"https:\/\/secure.gravatar.com\/avatar\/9db1181c394bec9505d449c90a21b5363cc35ad9a76f60f11a304b23bb0e8dd4?s=96&d=mm&r=g","caption":"hmolina"},"url":"https:\/\/riberasalud.com\/hospital-de-molina\/author\/hmolina\/"}]}},"uagb_featured_image_src":{"full":false,"thumbnail":false,"medium":false,"medium_large":false,"large":false,"1536x1536":false,"2048x2048":false},"uagb_author_info":{"display_name":"hmolina","author_link":"https:\/\/riberasalud.com\/hospital-de-molina\/author\/hmolina\/"},"uagb_comment_info":0,"uagb_excerpt":"19 febrero 2015.- El Cirujano del Hospital de Molina, Dr. Antonio R\u00edos Zambudio, (miembro del servicio de Cirug\u00eda del Hospital Cl\u00ednico Universitario Virgen de la Arrixaca y Cirujano Jefe del Equipo de Cirug\u00eda Taurina Dr. del Vas), organiza el I Curso Internacional te\u00f3rico-pr\u00e1ctico sobre bases, fundamentos y atenci\u00f3n en festejos taurinos, que se celebra desde&hellip;","_links":{"self":[{"href":"https:\/\/riberasalud.com\/hospital-de-molina\/wp-json\/wp\/v2\/posts\/2164","targetHints":{"allow":["GET"]}}],"collection":[{"href":"https:\/\/riberasalud.com\/hospital-de-molina\/wp-json\/wp\/v2\/posts"}],"about":[{"href":"https:\/\/riberasalud.com\/hospital-de-molina\/wp-json\/wp\/v2\/types\/post"}],"author":[{"embeddable":true,"href":"https:\/\/riberasalud.com\/hospital-de-molina\/wp-json\/wp\/v2\/users\/3"}],"replies":[{"embeddable":true,"href":"https:\/\/riberasalud.com\/hospital-de-molina\/wp-json\/wp\/v2\/comments?post=2164"}],"version-history":[{"count":1,"href":"https:\/\/riberasalud.com\/hospital-de-molina\/wp-json\/wp\/v2\/posts\/2164\/revisions"}],"predecessor-version":[{"id":8409,"href":"https:\/\/riberasalud.com\/hospital-de-molina\/wp-json\/wp\/v2\/posts\/2164\/revisions\/8409"}],"wp:attachment":[{"href":"https:\/\/riberasalud.com\/hospital-de-molina\/wp-json\/wp\/v2\/media?parent=2164"}],"wp:term":[{"taxonomy":"category","embeddable":true,"href":"https:\/\/riberasalud.com\/hospital-de-molina\/wp-json\/wp\/v2\/categories?post=2164"},{"taxonomy":"post_tag","embeddable":true,"href":"https:\/\/riberasalud.com\/hospital-de-molina\/wp-json\/wp\/v2\/tags?post=2164"}],"curies":[{"name":"wp","href":"https:\/\/api.w.org\/{rel}","templated":true}]}}