{"id":2144,"date":"2015-06-15T11:49:17","date_gmt":"2015-06-15T09:49:17","guid":{"rendered":"https:\/\/www.hospitaldemolina.es\/semana-del-hospital-nutricion-y-salud-deporte-e-integracion\/"},"modified":"2023-10-25T06:39:07","modified_gmt":"2023-10-25T06:39:07","slug":"semana-del-hospital-nutricion-y-salud-deporte-e-integracion","status":"publish","type":"post","link":"https:\/\/riberasalud.com\/hospital-de-molina\/semana-del-hospital-nutricion-y-salud-deporte-e-integracion\/","title":{"rendered":"SEMANA DEL HOSPITAL: Nutrici\u00f3n y Salud, Deporte e Integraci\u00f3n"},"content":{"rendered":"<p>12 junio 2015.- El <strong>Hospital de Molina<\/strong> inici\u00f3 su 3\u00aa SEMANA DEL HOSPITAL el pasado viernes con dos charlas impartidas por su nutricionista, Rebeca Pastor Valero, dirigidas a los m\u00e1s peque\u00f1os y a los usuarios de DISMO.<\/p>\n<p class=\"rtecenter\">\n<p>La nutricionista del Hospital de Molina ha explicado a los usuarios de DISMO los alumnos de 3\u00ba a 6\u00ba de Primaria del Colegio La Pur\u00edsima la importancia de no limitarse al mismo tipo de alimentos y a comer m\u00e1s variado: distintas clases de legumbres, de cereales, comidas de colores, etc. Adem\u00e1s, hacerse part\u00edcipe en la elecci\u00f3n de los alimentos y en la preparaci\u00f3n de la comida pueden contribuir a mejorar nuestra alimentaci\u00f3n.<\/p>\n<p>Rebeca Pastor les ha ense\u00f1ado la diferencia entre alimentaci\u00f3n y nutrici\u00f3n: \u201cAlimentaci\u00f3n es la elecci\u00f3n de alimentos. Y nutrici\u00f3n, es sacar de los alimentos todos los nutrientes para la obtenci\u00f3n de energ\u00eda y correspondiente desarrollo de la persona\u201d.<\/p>\n<p>Un poco antes, los usuarios de DISMO eran los destinatarios de la charla \u201cNutrici\u00f3n saludable al alcance de todos\u201d. La nutricionista del Hospital de Molina, les ha proporcionado recursos y motivaci\u00f3n para introducir una alimentaci\u00f3n saludable en su d\u00eda a d\u00eda y dentro de su entorno familiar y social.<\/p>\n<p>La salud, el deporte y la integraci\u00f3n tambi\u00e9n fueron protagonistas en la jornada del viernes, en un encuentro deportivo que uni\u00f3 a profesionales sanitarios del Hospital de Molina y a personas con enfermedad, usuarios de AFESMO, ASPAPROS, ASTRADE e ISOL-Los Juncos.<\/p>\n<p>Enlaces Relacionados:<\/p>\n","protected":false},"excerpt":{"rendered":"<p>12 junio 2015.- El Hospital de Molina inici\u00f3 su 3\u00aa SEMANA DEL HOSPITAL el pasado viernes con dos charlas impartidas por su nutricionista, Rebeca Pastor Valero, dirigidas a los m\u00e1s peque\u00f1os y a los usuarios de DISMO. La nutricionista del Hospital de Molina ha explicado a los usuarios de DISMO los alumnos de 3\u00ba a &#8230; <a title=\"SEMANA DEL HOSPITAL: Nutrici\u00f3n y Salud, Deporte e Integraci\u00f3n\" class=\"read-more\" href=\"https:\/\/riberasalud.com\/hospital-de-molina\/semana-del-hospital-nutricion-y-salud-deporte-e-integracion\/\" aria-label=\"Leer m\u00e1s sobre SEMANA DEL HOSPITAL: Nutrici\u00f3n y Salud, Deporte e Integraci\u00f3n\">Leer m\u00e1s<\/a><\/p>\n","protected":false},"author":3,"featured_media":0,"comment_status":"closed","ping_status":"open","sticky":false,"template":"","format":"standard","meta":{"_uag_custom_page_level_css":"","_mi_skip_tracking":false,"footnotes":""},"categories":[7],"tags":[],"class_list":["post-2144","post","type-post","status-publish","format-standard","hentry","category-hemeroteca"],"yoast_head":"<!-- This site is optimized with the Yoast SEO plugin v26.6 - https:\/\/yoast.com\/wordpress\/plugins\/seo\/ -->\n<title>SEMANA DEL HOSPITAL: Nutrici\u00f3n y Salud, Deporte e Integraci\u00f3n - Hospital de Molina<\/title>\n<meta name=\"robots\" content=\"index, follow, max-snippet:-1, max-image-preview:large, max-video-preview:-1\" \/>\n<link rel=\"canonical\" href=\"https:\/\/riberasalud.com\/hospital-de-molina\/semana-del-hospital-nutricion-y-salud-deporte-e-integracion\/\" \/>\n<meta property=\"og:locale\" content=\"es_ES\" \/>\n<meta property=\"og:type\" content=\"article\" \/>\n<meta property=\"og:title\" content=\"SEMANA DEL HOSPITAL: Nutrici\u00f3n y Salud, Deporte e Integraci\u00f3n - Hospital de Molina\" \/>\n<meta property=\"og:description\" content=\"12 junio 2015.- El Hospital de Molina inici\u00f3 su 3\u00aa SEMANA DEL HOSPITAL el pasado viernes con dos charlas impartidas por su nutricionista, Rebeca Pastor Valero, dirigidas a los m\u00e1s peque\u00f1os y a los usuarios de DISMO. La nutricionista del Hospital de Molina ha explicado a los usuarios de DISMO los alumnos de 3\u00ba a ... Leer m\u00e1s\" \/>\n<meta property=\"og:url\" content=\"https:\/\/riberasalud.com\/hospital-de-molina\/semana-del-hospital-nutricion-y-salud-deporte-e-integracion\/\" \/>\n<meta property=\"og:site_name\" content=\"Hospital de Molina\" \/>\n<meta property=\"article:published_time\" content=\"2015-06-15T09:49:17+00:00\" \/>\n<meta property=\"article:modified_time\" content=\"2023-10-25T06:39:07+00:00\" \/>\n<meta name=\"author\" content=\"hmolina\" \/>\n<meta name=\"twitter:card\" content=\"summary_large_image\" \/>\n<meta name=\"twitter:label1\" content=\"Escrito por\" \/>\n\t<meta name=\"twitter:data1\" content=\"hmolina\" \/>\n\t<meta name=\"twitter:label2\" content=\"Tiempo de lectura\" \/>\n\t<meta name=\"twitter:data2\" content=\"2 minutos\" \/>\n<script type=\"application\/ld+json\" class=\"yoast-schema-graph\">{\"@context\":\"https:\/\/schema.org\",\"@graph\":[{\"@type\":\"Article\",\"@id\":\"https:\/\/riberasalud.com\/hospital-de-molina\/semana-del-hospital-nutricion-y-salud-deporte-e-integracion\/#article\",\"isPartOf\":{\"@id\":\"https:\/\/riberasalud.com\/hospital-de-molina\/semana-del-hospital-nutricion-y-salud-deporte-e-integracion\/\"},\"author\":{\"name\":\"hmolina\",\"@id\":\"https:\/\/riberasalud.com\/hospital-de-molina\/#\/schema\/person\/37d58effcbf02f32328940089f254419\"},\"headline\":\"SEMANA DEL HOSPITAL: Nutrici\u00f3n y Salud, Deporte e Integraci\u00f3n\",\"datePublished\":\"2015-06-15T09:49:17+00:00\",\"dateModified\":\"2023-10-25T06:39:07+00:00\",\"mainEntityOfPage\":{\"@id\":\"https:\/\/riberasalud.com\/hospital-de-molina\/semana-del-hospital-nutricion-y-salud-deporte-e-integracion\/\"},\"wordCount\":270,\"publisher\":{\"@id\":\"https:\/\/riberasalud.com\/hospital-de-molina\/#organization\"},\"articleSection\":[\"Hemeroteca\"],\"inLanguage\":\"es\"},{\"@type\":\"WebPage\",\"@id\":\"https:\/\/riberasalud.com\/hospital-de-molina\/semana-del-hospital-nutricion-y-salud-deporte-e-integracion\/\",\"url\":\"https:\/\/riberasalud.com\/hospital-de-molina\/semana-del-hospital-nutricion-y-salud-deporte-e-integracion\/\",\"name\":\"SEMANA DEL HOSPITAL: Nutrici\u00f3n y Salud, Deporte e Integraci\u00f3n - Hospital de Molina\",\"isPartOf\":{\"@id\":\"https:\/\/riberasalud.com\/hospital-de-molina\/#website\"},\"datePublished\":\"2015-06-15T09:49:17+00:00\",\"dateModified\":\"2023-10-25T06:39:07+00:00\",\"breadcrumb\":{\"@id\":\"https:\/\/riberasalud.com\/hospital-de-molina\/semana-del-hospital-nutricion-y-salud-deporte-e-integracion\/#breadcrumb\"},\"inLanguage\":\"es\",\"potentialAction\":[{\"@type\":\"ReadAction\",\"target\":[\"https:\/\/riberasalud.com\/hospital-de-molina\/semana-del-hospital-nutricion-y-salud-deporte-e-integracion\/\"]}]},{\"@type\":\"BreadcrumbList\",\"@id\":\"https:\/\/riberasalud.com\/hospital-de-molina\/semana-del-hospital-nutricion-y-salud-deporte-e-integracion\/#breadcrumb\",\"itemListElement\":[{\"@type\":\"ListItem\",\"position\":1,\"name\":\"Portada\",\"item\":\"https:\/\/riberasalud.com\/hospital-de-molina\/\"},{\"@type\":\"ListItem\",\"position\":2,\"name\":\"SEMANA DEL HOSPITAL: Nutrici\u00f3n y Salud, Deporte e Integraci\u00f3n\"}]},{\"@type\":\"WebSite\",\"@id\":\"https:\/\/riberasalud.com\/hospital-de-molina\/#website\",\"url\":\"https:\/\/riberasalud.com\/hospital-de-molina\/\",\"name\":\"Hospital de Molina\",\"description\":\"\",\"publisher\":{\"@id\":\"https:\/\/riberasalud.com\/hospital-de-molina\/#organization\"},\"potentialAction\":[{\"@type\":\"SearchAction\",\"target\":{\"@type\":\"EntryPoint\",\"urlTemplate\":\"https:\/\/riberasalud.com\/hospital-de-molina\/?s={search_term_string}\"},\"query-input\":{\"@type\":\"PropertyValueSpecification\",\"valueRequired\":true,\"valueName\":\"search_term_string\"}}],\"inLanguage\":\"es\"},{\"@type\":\"Organization\",\"@id\":\"https:\/\/riberasalud.com\/hospital-de-molina\/#organization\",\"name\":\"Hospital de Molina\",\"url\":\"https:\/\/riberasalud.com\/hospital-de-molina\/\",\"logo\":{\"@type\":\"ImageObject\",\"inLanguage\":\"es\",\"@id\":\"https:\/\/riberasalud.com\/hospital-de-molina\/#\/schema\/logo\/image\/\",\"url\":\"https:\/\/riberasalud.com\/hospital-de-molina\/wp-content\/uploads\/2023\/01\/cropped-Logo-Red-DeMolina-bigtz7.png\",\"contentUrl\":\"https:\/\/riberasalud.com\/hospital-de-molina\/wp-content\/uploads\/2023\/01\/cropped-Logo-Red-DeMolina-bigtz7.png\",\"width\":300,\"height\":72,\"caption\":\"Hospital de Molina\"},\"image\":{\"@id\":\"https:\/\/riberasalud.com\/hospital-de-molina\/#\/schema\/logo\/image\/\"}},{\"@type\":\"Person\",\"@id\":\"https:\/\/riberasalud.com\/hospital-de-molina\/#\/schema\/person\/37d58effcbf02f32328940089f254419\",\"name\":\"hmolina\",\"image\":{\"@type\":\"ImageObject\",\"inLanguage\":\"es\",\"@id\":\"https:\/\/riberasalud.com\/hospital-de-molina\/#\/schema\/person\/image\/\",\"url\":\"https:\/\/secure.gravatar.com\/avatar\/9db1181c394bec9505d449c90a21b5363cc35ad9a76f60f11a304b23bb0e8dd4?s=96&d=mm&r=g\",\"contentUrl\":\"https:\/\/secure.gravatar.com\/avatar\/9db1181c394bec9505d449c90a21b5363cc35ad9a76f60f11a304b23bb0e8dd4?s=96&d=mm&r=g\",\"caption\":\"hmolina\"},\"url\":\"https:\/\/riberasalud.com\/hospital-de-molina\/author\/hmolina\/\"}]}<\/script>\n<!-- \/ Yoast SEO plugin. -->","yoast_head_json":{"title":"SEMANA DEL HOSPITAL: Nutrici\u00f3n y Salud, Deporte e Integraci\u00f3n - Hospital de Molina","robots":{"index":"index","follow":"follow","max-snippet":"max-snippet:-1","max-image-preview":"max-image-preview:large","max-video-preview":"max-video-preview:-1"},"canonical":"https:\/\/riberasalud.com\/hospital-de-molina\/semana-del-hospital-nutricion-y-salud-deporte-e-integracion\/","og_locale":"es_ES","og_type":"article","og_title":"SEMANA DEL HOSPITAL: Nutrici\u00f3n y Salud, Deporte e Integraci\u00f3n - Hospital de Molina","og_description":"12 junio 2015.- El Hospital de Molina inici\u00f3 su 3\u00aa SEMANA DEL HOSPITAL el pasado viernes con dos charlas impartidas por su nutricionista, Rebeca Pastor Valero, dirigidas a los m\u00e1s peque\u00f1os y a los usuarios de DISMO. La nutricionista del Hospital de Molina ha explicado a los usuarios de DISMO los alumnos de 3\u00ba a ... Leer m\u00e1s","og_url":"https:\/\/riberasalud.com\/hospital-de-molina\/semana-del-hospital-nutricion-y-salud-deporte-e-integracion\/","og_site_name":"Hospital de Molina","article_published_time":"2015-06-15T09:49:17+00:00","article_modified_time":"2023-10-25T06:39:07+00:00","author":"hmolina","twitter_card":"summary_large_image","twitter_misc":{"Escrito por":"hmolina","Tiempo de lectura":"2 minutos"},"schema":{"@context":"https:\/\/schema.org","@graph":[{"@type":"Article","@id":"https:\/\/riberasalud.com\/hospital-de-molina\/semana-del-hospital-nutricion-y-salud-deporte-e-integracion\/#article","isPartOf":{"@id":"https:\/\/riberasalud.com\/hospital-de-molina\/semana-del-hospital-nutricion-y-salud-deporte-e-integracion\/"},"author":{"name":"hmolina","@id":"https:\/\/riberasalud.com\/hospital-de-molina\/#\/schema\/person\/37d58effcbf02f32328940089f254419"},"headline":"SEMANA DEL HOSPITAL: Nutrici\u00f3n y Salud, Deporte e Integraci\u00f3n","datePublished":"2015-06-15T09:49:17+00:00","dateModified":"2023-10-25T06:39:07+00:00","mainEntityOfPage":{"@id":"https:\/\/riberasalud.com\/hospital-de-molina\/semana-del-hospital-nutricion-y-salud-deporte-e-integracion\/"},"wordCount":270,"publisher":{"@id":"https:\/\/riberasalud.com\/hospital-de-molina\/#organization"},"articleSection":["Hemeroteca"],"inLanguage":"es"},{"@type":"WebPage","@id":"https:\/\/riberasalud.com\/hospital-de-molina\/semana-del-hospital-nutricion-y-salud-deporte-e-integracion\/","url":"https:\/\/riberasalud.com\/hospital-de-molina\/semana-del-hospital-nutricion-y-salud-deporte-e-integracion\/","name":"SEMANA DEL HOSPITAL: Nutrici\u00f3n y Salud, Deporte e Integraci\u00f3n - Hospital de Molina","isPartOf":{"@id":"https:\/\/riberasalud.com\/hospital-de-molina\/#website"},"datePublished":"2015-06-15T09:49:17+00:00","dateModified":"2023-10-25T06:39:07+00:00","breadcrumb":{"@id":"https:\/\/riberasalud.com\/hospital-de-molina\/semana-del-hospital-nutricion-y-salud-deporte-e-integracion\/#breadcrumb"},"inLanguage":"es","potentialAction":[{"@type":"ReadAction","target":["https:\/\/riberasalud.com\/hospital-de-molina\/semana-del-hospital-nutricion-y-salud-deporte-e-integracion\/"]}]},{"@type":"BreadcrumbList","@id":"https:\/\/riberasalud.com\/hospital-de-molina\/semana-del-hospital-nutricion-y-salud-deporte-e-integracion\/#breadcrumb","itemListElement":[{"@type":"ListItem","position":1,"name":"Portada","item":"https:\/\/riberasalud.com\/hospital-de-molina\/"},{"@type":"ListItem","position":2,"name":"SEMANA DEL HOSPITAL: Nutrici\u00f3n y Salud, Deporte e Integraci\u00f3n"}]},{"@type":"WebSite","@id":"https:\/\/riberasalud.com\/hospital-de-molina\/#website","url":"https:\/\/riberasalud.com\/hospital-de-molina\/","name":"Hospital de Molina","description":"","publisher":{"@id":"https:\/\/riberasalud.com\/hospital-de-molina\/#organization"},"potentialAction":[{"@type":"SearchAction","target":{"@type":"EntryPoint","urlTemplate":"https:\/\/riberasalud.com\/hospital-de-molina\/?s={search_term_string}"},"query-input":{"@type":"PropertyValueSpecification","valueRequired":true,"valueName":"search_term_string"}}],"inLanguage":"es"},{"@type":"Organization","@id":"https:\/\/riberasalud.com\/hospital-de-molina\/#organization","name":"Hospital de Molina","url":"https:\/\/riberasalud.com\/hospital-de-molina\/","logo":{"@type":"ImageObject","inLanguage":"es","@id":"https:\/\/riberasalud.com\/hospital-de-molina\/#\/schema\/logo\/image\/","url":"https:\/\/riberasalud.com\/hospital-de-molina\/wp-content\/uploads\/2023\/01\/cropped-Logo-Red-DeMolina-bigtz7.png","contentUrl":"https:\/\/riberasalud.com\/hospital-de-molina\/wp-content\/uploads\/2023\/01\/cropped-Logo-Red-DeMolina-bigtz7.png","width":300,"height":72,"caption":"Hospital de Molina"},"image":{"@id":"https:\/\/riberasalud.com\/hospital-de-molina\/#\/schema\/logo\/image\/"}},{"@type":"Person","@id":"https:\/\/riberasalud.com\/hospital-de-molina\/#\/schema\/person\/37d58effcbf02f32328940089f254419","name":"hmolina","image":{"@type":"ImageObject","inLanguage":"es","@id":"https:\/\/riberasalud.com\/hospital-de-molina\/#\/schema\/person\/image\/","url":"https:\/\/secure.gravatar.com\/avatar\/9db1181c394bec9505d449c90a21b5363cc35ad9a76f60f11a304b23bb0e8dd4?s=96&d=mm&r=g","contentUrl":"https:\/\/secure.gravatar.com\/avatar\/9db1181c394bec9505d449c90a21b5363cc35ad9a76f60f11a304b23bb0e8dd4?s=96&d=mm&r=g","caption":"hmolina"},"url":"https:\/\/riberasalud.com\/hospital-de-molina\/author\/hmolina\/"}]}},"uagb_featured_image_src":{"full":false,"thumbnail":false,"medium":false,"medium_large":false,"large":false,"1536x1536":false,"2048x2048":false},"uagb_author_info":{"display_name":"hmolina","author_link":"https:\/\/riberasalud.com\/hospital-de-molina\/author\/hmolina\/"},"uagb_comment_info":0,"uagb_excerpt":"12 junio 2015.- El Hospital de Molina inici\u00f3 su 3\u00aa SEMANA DEL HOSPITAL el pasado viernes con dos charlas impartidas por su nutricionista, Rebeca Pastor Valero, dirigidas a los m\u00e1s peque\u00f1os y a los usuarios de DISMO. La nutricionista del Hospital de Molina ha explicado a los usuarios de DISMO los alumnos de 3\u00ba a&hellip;","_links":{"self":[{"href":"https:\/\/riberasalud.com\/hospital-de-molina\/wp-json\/wp\/v2\/posts\/2144","targetHints":{"allow":["GET"]}}],"collection":[{"href":"https:\/\/riberasalud.com\/hospital-de-molina\/wp-json\/wp\/v2\/posts"}],"about":[{"href":"https:\/\/riberasalud.com\/hospital-de-molina\/wp-json\/wp\/v2\/types\/post"}],"author":[{"embeddable":true,"href":"https:\/\/riberasalud.com\/hospital-de-molina\/wp-json\/wp\/v2\/users\/3"}],"replies":[{"embeddable":true,"href":"https:\/\/riberasalud.com\/hospital-de-molina\/wp-json\/wp\/v2\/comments?post=2144"}],"version-history":[{"count":2,"href":"https:\/\/riberasalud.com\/hospital-de-molina\/wp-json\/wp\/v2\/posts\/2144\/revisions"}],"predecessor-version":[{"id":7655,"href":"https:\/\/riberasalud.com\/hospital-de-molina\/wp-json\/wp\/v2\/posts\/2144\/revisions\/7655"}],"wp:attachment":[{"href":"https:\/\/riberasalud.com\/hospital-de-molina\/wp-json\/wp\/v2\/media?parent=2144"}],"wp:term":[{"taxonomy":"category","embeddable":true,"href":"https:\/\/riberasalud.com\/hospital-de-molina\/wp-json\/wp\/v2\/categories?post=2144"},{"taxonomy":"post_tag","embeddable":true,"href":"https:\/\/riberasalud.com\/hospital-de-molina\/wp-json\/wp\/v2\/tags?post=2144"}],"curies":[{"name":"wp","href":"https:\/\/api.w.org\/{rel}","templated":true}]}}