{"id":2135,"date":"2015-06-19T08:21:16","date_gmt":"2015-06-19T06:21:16","guid":{"rendered":"https:\/\/www.hospitaldemolina.es\/la-junta-local-de-la-aecc-de-las-torres-de-cotillas-concierta-asistencia-medica-con-el-hospital-de-molina\/"},"modified":"2023-10-25T06:39:02","modified_gmt":"2023-10-25T06:39:02","slug":"la-junta-local-de-la-aecc-de-las-torres-de-cotillas-concierta-asistencia-medica-con-el-hospital-de-molina","status":"publish","type":"post","link":"https:\/\/riberasalud.com\/hospital-de-molina\/la-junta-local-de-la-aecc-de-las-torres-de-cotillas-concierta-asistencia-medica-con-el-hospital-de-molina\/","title":{"rendered":"La Junta Local de la AECC de Las Torres de Cotillas concierta asistencia m\u00e9dica con el Hospital de Molina"},"content":{"rendered":"<p>19 junio 2015.- El <strong>Hospital de Molina<\/strong> y <strong>la Junta<\/strong><strong> Local<\/strong><strong> de la Asociaci\u00f3n Espa\u00f1ola Ccontra el C\u00e1ncer (AECC) de Las Torres de Cotillas <\/strong>han firmado, esta ma\u00f1ana, un acuerdo de colaboraci\u00f3n, en virtud del cual el Centro Hospitalario se convierte en Hospital de referencia para los usuarios de dicha Asociaci\u00f3n.<\/p>\n<p class=\"rtecenter\"><img decoding=\"async\" src=\"https:\/\/hospitaldemolina.es\/wp-content\/uploads\/2020\/05\/1_3.jpg\" style=\"height:140px; width: auto;\">   <img decoding=\"async\" src=\"https:\/\/hospitaldemolina.es\/wp-content\/uploads\/2020\/05\/5.jpg\" style=\"height:140px; width: auto;\">  <img decoding=\"async\" src=\"https:\/\/hospitaldemolina.es\/wp-content\/uploads\/2020\/05\/8.jpg\" style=\"height:140px; width: auto;\"><\/p>\n<p>En el acto, han estado presentes el Director-Gerente del Hospital de Molina, Pedro Hern\u00e1ndez Jim\u00e9nez, y la Presidenta de la Junta Local de la AECC, Amalia P\u00e9rez Ba\u00f1o.<\/p>\n<p>Con la firma de este convenio, se concierta la asistencia m\u00e9dica en Pruebas Diagn\u00f3sticas y Consultas de Especialidades por parte del Hospital de Molina a los cerca de 300 asociados que forman parte de la Junta Local y a sus familiares.<\/p>\n<p>La firma de este convenio se enmarca dentro de los proyectos iniciados por la nueva Directiva de la Junta Local de la AECC de Las torres de Cotillas, con los que pretenden ofrecer distintas alternativas de ocio y diferentes recursos para afrontar el d\u00eda a d\u00eda a las personas enfermas de c\u00e1ncer del municipio.<\/p>\n<p>Enlaces Relacionados:<\/p>\n","protected":false},"excerpt":{"rendered":"<p>19 junio 2015.- El Hospital de Molina y la Junta Local de la Asociaci\u00f3n Espa\u00f1ola Ccontra el C\u00e1ncer (AECC) de Las Torres de Cotillas han firmado, esta ma\u00f1ana, un acuerdo de colaboraci\u00f3n, en virtud del cual el Centro Hospitalario se convierte en Hospital de referencia para los usuarios de dicha Asociaci\u00f3n. En el acto, han &#8230; <a title=\"La Junta Local de la AECC de Las Torres de Cotillas concierta asistencia m\u00e9dica con el Hospital de Molina\" class=\"read-more\" href=\"https:\/\/riberasalud.com\/hospital-de-molina\/la-junta-local-de-la-aecc-de-las-torres-de-cotillas-concierta-asistencia-medica-con-el-hospital-de-molina\/\" aria-label=\"Leer m\u00e1s sobre La Junta Local de la AECC de Las Torres de Cotillas concierta asistencia m\u00e9dica con el Hospital de Molina\">Leer m\u00e1s<\/a><\/p>\n","protected":false},"author":3,"featured_media":0,"comment_status":"closed","ping_status":"open","sticky":false,"template":"","format":"standard","meta":{"_uag_custom_page_level_css":"","_mi_skip_tracking":false,"footnotes":""},"categories":[7],"tags":[],"class_list":["post-2135","post","type-post","status-publish","format-standard","hentry","category-hemeroteca"],"yoast_head":"<!-- This site is optimized with the Yoast SEO plugin v26.6 - https:\/\/yoast.com\/wordpress\/plugins\/seo\/ -->\n<title>La Junta Local de la AECC de Las Torres de Cotillas concierta asistencia m\u00e9dica con el Hospital de Molina - Hospital de Molina<\/title>\n<meta name=\"robots\" content=\"index, follow, max-snippet:-1, max-image-preview:large, max-video-preview:-1\" \/>\n<link rel=\"canonical\" href=\"https:\/\/riberasalud.com\/hospital-de-molina\/la-junta-local-de-la-aecc-de-las-torres-de-cotillas-concierta-asistencia-medica-con-el-hospital-de-molina\/\" \/>\n<meta property=\"og:locale\" content=\"es_ES\" \/>\n<meta property=\"og:type\" content=\"article\" \/>\n<meta property=\"og:title\" content=\"La Junta Local de la AECC de Las Torres de Cotillas concierta asistencia m\u00e9dica con el Hospital de Molina - Hospital de Molina\" \/>\n<meta property=\"og:description\" content=\"19 junio 2015.- El Hospital de Molina y la Junta Local de la Asociaci\u00f3n Espa\u00f1ola Ccontra el C\u00e1ncer (AECC) de Las Torres de Cotillas han firmado, esta ma\u00f1ana, un acuerdo de colaboraci\u00f3n, en virtud del cual el Centro Hospitalario se convierte en Hospital de referencia para los usuarios de dicha Asociaci\u00f3n. En el acto, han ... Leer m\u00e1s\" \/>\n<meta property=\"og:url\" content=\"https:\/\/riberasalud.com\/hospital-de-molina\/la-junta-local-de-la-aecc-de-las-torres-de-cotillas-concierta-asistencia-medica-con-el-hospital-de-molina\/\" \/>\n<meta property=\"og:site_name\" content=\"Hospital de Molina\" \/>\n<meta property=\"article:published_time\" content=\"2015-06-19T06:21:16+00:00\" \/>\n<meta property=\"article:modified_time\" content=\"2023-10-25T06:39:02+00:00\" \/>\n<meta property=\"og:image\" content=\"https:\/\/hospitaldemolina.es\/wp-content\/uploads\/2020\/05\/1_3.jpg\" \/>\n<meta name=\"author\" content=\"hmolina\" \/>\n<meta name=\"twitter:card\" content=\"summary_large_image\" \/>\n<meta name=\"twitter:label1\" content=\"Escrito por\" \/>\n\t<meta name=\"twitter:data1\" content=\"hmolina\" \/>\n\t<meta name=\"twitter:label2\" content=\"Tiempo de lectura\" \/>\n\t<meta name=\"twitter:data2\" content=\"1 minuto\" \/>\n<script type=\"application\/ld+json\" class=\"yoast-schema-graph\">{\"@context\":\"https:\/\/schema.org\",\"@graph\":[{\"@type\":\"Article\",\"@id\":\"https:\/\/riberasalud.com\/hospital-de-molina\/la-junta-local-de-la-aecc-de-las-torres-de-cotillas-concierta-asistencia-medica-con-el-hospital-de-molina\/#article\",\"isPartOf\":{\"@id\":\"https:\/\/riberasalud.com\/hospital-de-molina\/la-junta-local-de-la-aecc-de-las-torres-de-cotillas-concierta-asistencia-medica-con-el-hospital-de-molina\/\"},\"author\":{\"name\":\"hmolina\",\"@id\":\"https:\/\/riberasalud.com\/hospital-de-molina\/#\/schema\/person\/37d58effcbf02f32328940089f254419\"},\"headline\":\"La Junta Local de la AECC de Las Torres de Cotillas concierta asistencia m\u00e9dica con el Hospital de Molina\",\"datePublished\":\"2015-06-19T06:21:16+00:00\",\"dateModified\":\"2023-10-25T06:39:02+00:00\",\"mainEntityOfPage\":{\"@id\":\"https:\/\/riberasalud.com\/hospital-de-molina\/la-junta-local-de-la-aecc-de-las-torres-de-cotillas-concierta-asistencia-medica-con-el-hospital-de-molina\/\"},\"wordCount\":209,\"publisher\":{\"@id\":\"https:\/\/riberasalud.com\/hospital-de-molina\/#organization\"},\"image\":{\"@id\":\"https:\/\/riberasalud.com\/hospital-de-molina\/la-junta-local-de-la-aecc-de-las-torres-de-cotillas-concierta-asistencia-medica-con-el-hospital-de-molina\/#primaryimage\"},\"thumbnailUrl\":\"https:\/\/hospitaldemolina.es\/wp-content\/uploads\/2020\/05\/1_3.jpg\",\"articleSection\":[\"Hemeroteca\"],\"inLanguage\":\"es\"},{\"@type\":\"WebPage\",\"@id\":\"https:\/\/riberasalud.com\/hospital-de-molina\/la-junta-local-de-la-aecc-de-las-torres-de-cotillas-concierta-asistencia-medica-con-el-hospital-de-molina\/\",\"url\":\"https:\/\/riberasalud.com\/hospital-de-molina\/la-junta-local-de-la-aecc-de-las-torres-de-cotillas-concierta-asistencia-medica-con-el-hospital-de-molina\/\",\"name\":\"La Junta Local de la AECC de Las Torres de Cotillas concierta asistencia m\u00e9dica con el Hospital de Molina - Hospital de Molina\",\"isPartOf\":{\"@id\":\"https:\/\/riberasalud.com\/hospital-de-molina\/#website\"},\"primaryImageOfPage\":{\"@id\":\"https:\/\/riberasalud.com\/hospital-de-molina\/la-junta-local-de-la-aecc-de-las-torres-de-cotillas-concierta-asistencia-medica-con-el-hospital-de-molina\/#primaryimage\"},\"image\":{\"@id\":\"https:\/\/riberasalud.com\/hospital-de-molina\/la-junta-local-de-la-aecc-de-las-torres-de-cotillas-concierta-asistencia-medica-con-el-hospital-de-molina\/#primaryimage\"},\"thumbnailUrl\":\"https:\/\/hospitaldemolina.es\/wp-content\/uploads\/2020\/05\/1_3.jpg\",\"datePublished\":\"2015-06-19T06:21:16+00:00\",\"dateModified\":\"2023-10-25T06:39:02+00:00\",\"breadcrumb\":{\"@id\":\"https:\/\/riberasalud.com\/hospital-de-molina\/la-junta-local-de-la-aecc-de-las-torres-de-cotillas-concierta-asistencia-medica-con-el-hospital-de-molina\/#breadcrumb\"},\"inLanguage\":\"es\",\"potentialAction\":[{\"@type\":\"ReadAction\",\"target\":[\"https:\/\/riberasalud.com\/hospital-de-molina\/la-junta-local-de-la-aecc-de-las-torres-de-cotillas-concierta-asistencia-medica-con-el-hospital-de-molina\/\"]}]},{\"@type\":\"ImageObject\",\"inLanguage\":\"es\",\"@id\":\"https:\/\/riberasalud.com\/hospital-de-molina\/la-junta-local-de-la-aecc-de-las-torres-de-cotillas-concierta-asistencia-medica-con-el-hospital-de-molina\/#primaryimage\",\"url\":\"https:\/\/hospitaldemolina.es\/wp-content\/uploads\/2020\/05\/1_3.jpg\",\"contentUrl\":\"https:\/\/hospitaldemolina.es\/wp-content\/uploads\/2020\/05\/1_3.jpg\"},{\"@type\":\"BreadcrumbList\",\"@id\":\"https:\/\/riberasalud.com\/hospital-de-molina\/la-junta-local-de-la-aecc-de-las-torres-de-cotillas-concierta-asistencia-medica-con-el-hospital-de-molina\/#breadcrumb\",\"itemListElement\":[{\"@type\":\"ListItem\",\"position\":1,\"name\":\"Portada\",\"item\":\"https:\/\/riberasalud.com\/hospital-de-molina\/\"},{\"@type\":\"ListItem\",\"position\":2,\"name\":\"La Junta Local de la AECC de Las Torres de Cotillas concierta asistencia m\u00e9dica con el Hospital de Molina\"}]},{\"@type\":\"WebSite\",\"@id\":\"https:\/\/riberasalud.com\/hospital-de-molina\/#website\",\"url\":\"https:\/\/riberasalud.com\/hospital-de-molina\/\",\"name\":\"Hospital de Molina\",\"description\":\"\",\"publisher\":{\"@id\":\"https:\/\/riberasalud.com\/hospital-de-molina\/#organization\"},\"potentialAction\":[{\"@type\":\"SearchAction\",\"target\":{\"@type\":\"EntryPoint\",\"urlTemplate\":\"https:\/\/riberasalud.com\/hospital-de-molina\/?s={search_term_string}\"},\"query-input\":{\"@type\":\"PropertyValueSpecification\",\"valueRequired\":true,\"valueName\":\"search_term_string\"}}],\"inLanguage\":\"es\"},{\"@type\":\"Organization\",\"@id\":\"https:\/\/riberasalud.com\/hospital-de-molina\/#organization\",\"name\":\"Hospital de Molina\",\"url\":\"https:\/\/riberasalud.com\/hospital-de-molina\/\",\"logo\":{\"@type\":\"ImageObject\",\"inLanguage\":\"es\",\"@id\":\"https:\/\/riberasalud.com\/hospital-de-molina\/#\/schema\/logo\/image\/\",\"url\":\"https:\/\/riberasalud.com\/hospital-de-molina\/wp-content\/uploads\/2023\/01\/cropped-Logo-Red-DeMolina-bigtz7.png\",\"contentUrl\":\"https:\/\/riberasalud.com\/hospital-de-molina\/wp-content\/uploads\/2023\/01\/cropped-Logo-Red-DeMolina-bigtz7.png\",\"width\":300,\"height\":72,\"caption\":\"Hospital de Molina\"},\"image\":{\"@id\":\"https:\/\/riberasalud.com\/hospital-de-molina\/#\/schema\/logo\/image\/\"}},{\"@type\":\"Person\",\"@id\":\"https:\/\/riberasalud.com\/hospital-de-molina\/#\/schema\/person\/37d58effcbf02f32328940089f254419\",\"name\":\"hmolina\",\"image\":{\"@type\":\"ImageObject\",\"inLanguage\":\"es\",\"@id\":\"https:\/\/riberasalud.com\/hospital-de-molina\/#\/schema\/person\/image\/\",\"url\":\"https:\/\/secure.gravatar.com\/avatar\/9db1181c394bec9505d449c90a21b5363cc35ad9a76f60f11a304b23bb0e8dd4?s=96&d=mm&r=g\",\"contentUrl\":\"https:\/\/secure.gravatar.com\/avatar\/9db1181c394bec9505d449c90a21b5363cc35ad9a76f60f11a304b23bb0e8dd4?s=96&d=mm&r=g\",\"caption\":\"hmolina\"},\"url\":\"https:\/\/riberasalud.com\/hospital-de-molina\/author\/hmolina\/\"}]}<\/script>\n<!-- \/ Yoast SEO plugin. -->","yoast_head_json":{"title":"La Junta Local de la AECC de Las Torres de Cotillas concierta asistencia m\u00e9dica con el Hospital de Molina - Hospital de Molina","robots":{"index":"index","follow":"follow","max-snippet":"max-snippet:-1","max-image-preview":"max-image-preview:large","max-video-preview":"max-video-preview:-1"},"canonical":"https:\/\/riberasalud.com\/hospital-de-molina\/la-junta-local-de-la-aecc-de-las-torres-de-cotillas-concierta-asistencia-medica-con-el-hospital-de-molina\/","og_locale":"es_ES","og_type":"article","og_title":"La Junta Local de la AECC de Las Torres de Cotillas concierta asistencia m\u00e9dica con el Hospital de Molina - Hospital de Molina","og_description":"19 junio 2015.- El Hospital de Molina y la Junta Local de la Asociaci\u00f3n Espa\u00f1ola Ccontra el C\u00e1ncer (AECC) de Las Torres de Cotillas han firmado, esta ma\u00f1ana, un acuerdo de colaboraci\u00f3n, en virtud del cual el Centro Hospitalario se convierte en Hospital de referencia para los usuarios de dicha Asociaci\u00f3n. En el acto, han ... Leer m\u00e1s","og_url":"https:\/\/riberasalud.com\/hospital-de-molina\/la-junta-local-de-la-aecc-de-las-torres-de-cotillas-concierta-asistencia-medica-con-el-hospital-de-molina\/","og_site_name":"Hospital de Molina","article_published_time":"2015-06-19T06:21:16+00:00","article_modified_time":"2023-10-25T06:39:02+00:00","og_image":[{"url":"https:\/\/hospitaldemolina.es\/wp-content\/uploads\/2020\/05\/1_3.jpg","type":"","width":"","height":""}],"author":"hmolina","twitter_card":"summary_large_image","twitter_misc":{"Escrito por":"hmolina","Tiempo de lectura":"1 minuto"},"schema":{"@context":"https:\/\/schema.org","@graph":[{"@type":"Article","@id":"https:\/\/riberasalud.com\/hospital-de-molina\/la-junta-local-de-la-aecc-de-las-torres-de-cotillas-concierta-asistencia-medica-con-el-hospital-de-molina\/#article","isPartOf":{"@id":"https:\/\/riberasalud.com\/hospital-de-molina\/la-junta-local-de-la-aecc-de-las-torres-de-cotillas-concierta-asistencia-medica-con-el-hospital-de-molina\/"},"author":{"name":"hmolina","@id":"https:\/\/riberasalud.com\/hospital-de-molina\/#\/schema\/person\/37d58effcbf02f32328940089f254419"},"headline":"La Junta Local de la AECC de Las Torres de Cotillas concierta asistencia m\u00e9dica con el Hospital de Molina","datePublished":"2015-06-19T06:21:16+00:00","dateModified":"2023-10-25T06:39:02+00:00","mainEntityOfPage":{"@id":"https:\/\/riberasalud.com\/hospital-de-molina\/la-junta-local-de-la-aecc-de-las-torres-de-cotillas-concierta-asistencia-medica-con-el-hospital-de-molina\/"},"wordCount":209,"publisher":{"@id":"https:\/\/riberasalud.com\/hospital-de-molina\/#organization"},"image":{"@id":"https:\/\/riberasalud.com\/hospital-de-molina\/la-junta-local-de-la-aecc-de-las-torres-de-cotillas-concierta-asistencia-medica-con-el-hospital-de-molina\/#primaryimage"},"thumbnailUrl":"https:\/\/hospitaldemolina.es\/wp-content\/uploads\/2020\/05\/1_3.jpg","articleSection":["Hemeroteca"],"inLanguage":"es"},{"@type":"WebPage","@id":"https:\/\/riberasalud.com\/hospital-de-molina\/la-junta-local-de-la-aecc-de-las-torres-de-cotillas-concierta-asistencia-medica-con-el-hospital-de-molina\/","url":"https:\/\/riberasalud.com\/hospital-de-molina\/la-junta-local-de-la-aecc-de-las-torres-de-cotillas-concierta-asistencia-medica-con-el-hospital-de-molina\/","name":"La Junta Local de la AECC de Las Torres de Cotillas concierta asistencia m\u00e9dica con el Hospital de Molina - Hospital de Molina","isPartOf":{"@id":"https:\/\/riberasalud.com\/hospital-de-molina\/#website"},"primaryImageOfPage":{"@id":"https:\/\/riberasalud.com\/hospital-de-molina\/la-junta-local-de-la-aecc-de-las-torres-de-cotillas-concierta-asistencia-medica-con-el-hospital-de-molina\/#primaryimage"},"image":{"@id":"https:\/\/riberasalud.com\/hospital-de-molina\/la-junta-local-de-la-aecc-de-las-torres-de-cotillas-concierta-asistencia-medica-con-el-hospital-de-molina\/#primaryimage"},"thumbnailUrl":"https:\/\/hospitaldemolina.es\/wp-content\/uploads\/2020\/05\/1_3.jpg","datePublished":"2015-06-19T06:21:16+00:00","dateModified":"2023-10-25T06:39:02+00:00","breadcrumb":{"@id":"https:\/\/riberasalud.com\/hospital-de-molina\/la-junta-local-de-la-aecc-de-las-torres-de-cotillas-concierta-asistencia-medica-con-el-hospital-de-molina\/#breadcrumb"},"inLanguage":"es","potentialAction":[{"@type":"ReadAction","target":["https:\/\/riberasalud.com\/hospital-de-molina\/la-junta-local-de-la-aecc-de-las-torres-de-cotillas-concierta-asistencia-medica-con-el-hospital-de-molina\/"]}]},{"@type":"ImageObject","inLanguage":"es","@id":"https:\/\/riberasalud.com\/hospital-de-molina\/la-junta-local-de-la-aecc-de-las-torres-de-cotillas-concierta-asistencia-medica-con-el-hospital-de-molina\/#primaryimage","url":"https:\/\/hospitaldemolina.es\/wp-content\/uploads\/2020\/05\/1_3.jpg","contentUrl":"https:\/\/hospitaldemolina.es\/wp-content\/uploads\/2020\/05\/1_3.jpg"},{"@type":"BreadcrumbList","@id":"https:\/\/riberasalud.com\/hospital-de-molina\/la-junta-local-de-la-aecc-de-las-torres-de-cotillas-concierta-asistencia-medica-con-el-hospital-de-molina\/#breadcrumb","itemListElement":[{"@type":"ListItem","position":1,"name":"Portada","item":"https:\/\/riberasalud.com\/hospital-de-molina\/"},{"@type":"ListItem","position":2,"name":"La Junta Local de la AECC de Las Torres de Cotillas concierta asistencia m\u00e9dica con el Hospital de Molina"}]},{"@type":"WebSite","@id":"https:\/\/riberasalud.com\/hospital-de-molina\/#website","url":"https:\/\/riberasalud.com\/hospital-de-molina\/","name":"Hospital de Molina","description":"","publisher":{"@id":"https:\/\/riberasalud.com\/hospital-de-molina\/#organization"},"potentialAction":[{"@type":"SearchAction","target":{"@type":"EntryPoint","urlTemplate":"https:\/\/riberasalud.com\/hospital-de-molina\/?s={search_term_string}"},"query-input":{"@type":"PropertyValueSpecification","valueRequired":true,"valueName":"search_term_string"}}],"inLanguage":"es"},{"@type":"Organization","@id":"https:\/\/riberasalud.com\/hospital-de-molina\/#organization","name":"Hospital de Molina","url":"https:\/\/riberasalud.com\/hospital-de-molina\/","logo":{"@type":"ImageObject","inLanguage":"es","@id":"https:\/\/riberasalud.com\/hospital-de-molina\/#\/schema\/logo\/image\/","url":"https:\/\/riberasalud.com\/hospital-de-molina\/wp-content\/uploads\/2023\/01\/cropped-Logo-Red-DeMolina-bigtz7.png","contentUrl":"https:\/\/riberasalud.com\/hospital-de-molina\/wp-content\/uploads\/2023\/01\/cropped-Logo-Red-DeMolina-bigtz7.png","width":300,"height":72,"caption":"Hospital de Molina"},"image":{"@id":"https:\/\/riberasalud.com\/hospital-de-molina\/#\/schema\/logo\/image\/"}},{"@type":"Person","@id":"https:\/\/riberasalud.com\/hospital-de-molina\/#\/schema\/person\/37d58effcbf02f32328940089f254419","name":"hmolina","image":{"@type":"ImageObject","inLanguage":"es","@id":"https:\/\/riberasalud.com\/hospital-de-molina\/#\/schema\/person\/image\/","url":"https:\/\/secure.gravatar.com\/avatar\/9db1181c394bec9505d449c90a21b5363cc35ad9a76f60f11a304b23bb0e8dd4?s=96&d=mm&r=g","contentUrl":"https:\/\/secure.gravatar.com\/avatar\/9db1181c394bec9505d449c90a21b5363cc35ad9a76f60f11a304b23bb0e8dd4?s=96&d=mm&r=g","caption":"hmolina"},"url":"https:\/\/riberasalud.com\/hospital-de-molina\/author\/hmolina\/"}]}},"uagb_featured_image_src":{"full":false,"thumbnail":false,"medium":false,"medium_large":false,"large":false,"1536x1536":false,"2048x2048":false},"uagb_author_info":{"display_name":"hmolina","author_link":"https:\/\/riberasalud.com\/hospital-de-molina\/author\/hmolina\/"},"uagb_comment_info":0,"uagb_excerpt":"19 junio 2015.- El Hospital de Molina y la Junta Local de la Asociaci\u00f3n Espa\u00f1ola Ccontra el C\u00e1ncer (AECC) de Las Torres de Cotillas han firmado, esta ma\u00f1ana, un acuerdo de colaboraci\u00f3n, en virtud del cual el Centro Hospitalario se convierte en Hospital de referencia para los usuarios de dicha Asociaci\u00f3n. En el acto, han&hellip;","_links":{"self":[{"href":"https:\/\/riberasalud.com\/hospital-de-molina\/wp-json\/wp\/v2\/posts\/2135","targetHints":{"allow":["GET"]}}],"collection":[{"href":"https:\/\/riberasalud.com\/hospital-de-molina\/wp-json\/wp\/v2\/posts"}],"about":[{"href":"https:\/\/riberasalud.com\/hospital-de-molina\/wp-json\/wp\/v2\/types\/post"}],"author":[{"embeddable":true,"href":"https:\/\/riberasalud.com\/hospital-de-molina\/wp-json\/wp\/v2\/users\/3"}],"replies":[{"embeddable":true,"href":"https:\/\/riberasalud.com\/hospital-de-molina\/wp-json\/wp\/v2\/comments?post=2135"}],"version-history":[{"count":1,"href":"https:\/\/riberasalud.com\/hospital-de-molina\/wp-json\/wp\/v2\/posts\/2135\/revisions"}],"predecessor-version":[{"id":8402,"href":"https:\/\/riberasalud.com\/hospital-de-molina\/wp-json\/wp\/v2\/posts\/2135\/revisions\/8402"}],"wp:attachment":[{"href":"https:\/\/riberasalud.com\/hospital-de-molina\/wp-json\/wp\/v2\/media?parent=2135"}],"wp:term":[{"taxonomy":"category","embeddable":true,"href":"https:\/\/riberasalud.com\/hospital-de-molina\/wp-json\/wp\/v2\/categories?post=2135"},{"taxonomy":"post_tag","embeddable":true,"href":"https:\/\/riberasalud.com\/hospital-de-molina\/wp-json\/wp\/v2\/tags?post=2135"}],"curies":[{"name":"wp","href":"https:\/\/api.w.org\/{rel}","templated":true}]}}