{"id":2106,"date":"2015-09-28T09:22:11","date_gmt":"2015-09-28T07:22:11","guid":{"rendered":"https:\/\/www.hospitaldemolina.es\/29-de-septiembre-dia-mundial-del-corazon\/"},"modified":"2023-10-25T06:38:47","modified_gmt":"2023-10-25T06:38:47","slug":"29-de-septiembre-dia-mundial-del-corazon","status":"publish","type":"post","link":"https:\/\/riberasalud.com\/hospital-de-molina\/29-de-septiembre-dia-mundial-del-corazon\/","title":{"rendered":"29 de septiembre: D\u00eda Mundial del Coraz\u00f3n"},"content":{"rendered":"<p>29 septiembre 2015.- Las enfermedades cardiovasculares son la primera causa de muerte en ambos sexos, as\u00ed como la principal causa de invalidez y de p\u00e9rdida de calidad de vida. Ma\u00f1ana, <strong>29 de Septiembre<\/strong>, se celebra el <strong>D\u00eda Mundial del Coraz\u00f3n<\/strong>, declarado as\u00ed desde el a\u00f1o 2000 por la ONU y la UNESCO, con la finalidad de dar a conocer masivamente las enfermedades cardiovasculares, su prevenci\u00f3n, control y tratamiento.<\/p>\n<p class=\"rtecenter\"><img decoding=\"async\" src=\"https:\/\/riberasalud.com\/hospital-de-molina\/wp-content\/uploads\/2020\/05\/corazon2015.jpg\" style=\"height:140px; width: auto;\">  <img decoding=\"async\" src=\"https:\/\/riberasalud.com\/hospital-de-molina\/wp-content\/uploads\/2020\/05\/Cardiologia20-20Dr.20Alfredo20Garzon.jpg\" style=\"height:140px; width: auto;\"> <img decoding=\"async\" src=\"https:\/\/riberasalud.com\/hospital-de-molina\/wp-content\/uploads\/2020\/05\/Corazon15-1.jpg\" style=\"height:140px; width: auto;\"><\/p>\n<p>Con este motivo, el <strong>Cardi\u00f3logo del Hospital de Molina, Dr. Alfredo Garz\u00f3n<\/strong>, recuerda la importante funci\u00f3n que cumple el coraz\u00f3n en nuestro organismo: \u201cEs un \u00f3rgano fascinante, que late sin cesar desde el comienzo de nuestras vidas hasta el fin de las mismas, con una media de m\u00e1s de 100.000 latidos diarios, cumpliendo una doble funci\u00f3n: por un lado, aspira la sangre no oxigenada proveniente de nuestras venas, envi\u00e1ndola a los pulmones para oxigenarla; y por otro lado, recoge esa sangre oxigenada de los pulmones y la env\u00eda al resto de nuestro organismo\u201d.<\/p>\n<p>El Dr. Garz\u00f3n insiste en la necesidad de cuidar nuestro coraz\u00f3n diariamente a lo largo de nuestra vida, siguiendo las siguientes recomendaciones:<\/p>\n<p>Llevar una dieta saludable con una alimentaci\u00f3n variada y moderada, una dieta mediterr\u00e1nea basada en frutas y verduras de temporada, completada con prote\u00ednas \u2013carne y pescado-, legumbres, cereales integrales y aceite de oliva.<br \/>\nConcienciarnos de que el exceso de sal, el sedentarismo, el alcohol y el tabaco tienen efectos perniciosos sobre nuestro sistema cardiovascular  y est\u00e1 en nuestras manos el cambiar y controlar dichos h\u00e1bitos.<br \/>\nEn caso de aparici\u00f3n de hipertensi\u00f3n, diabetes o dislipemia, acudir y consultar a la mayor  brevedad posible con nuestro medico de cabecera o especialista.<\/p>\n<p>\u201cTodo lo anterior es b\u00e1sico para cuidar nuestro coraz\u00f3n. Est\u00e1 en nuestras manos y es fundamental concienciarnos de la importancia de cuidar nuestro coraz\u00f3n y nuestro sistema cardiovascular\u201d, afirma el Cardi\u00f3logo del Hospital de Molina.<\/p>\n<p>El <strong>Hospital de Molina<\/strong> dispone de <strong>Unidades de Cardiolog\u00eda y de Diet\u00e9tica y Nutrici\u00f3n<\/strong> que, en palabras del <strong>Director-Gerente, Pedro Hern\u00e1ndez Jim\u00e9nez<\/strong>, \u201ctrabajan d\u00eda a d\u00eda para mejorar la salud cardiovascular de los pacientes que ya han desarrollado una patolog\u00eda y para orientarles en una serie de h\u00e1bitos saludables que permiten optimizar la salud de los ciudadanos de nuestra ciudad y nuestra comarca. Adem\u00e1s, desde nuestro Centro Hospitalario trabajamos en dos proyectos de investigaci\u00f3n en colaboraci\u00f3n con el Ayuntamiento de Molina, el Ministerio de Sanidad y el Servicio de Murciano de Salud, que contribuir\u00e1n a mejorar la salud de la ciudadan\u00eda, evitando la aparici\u00f3n de patolog\u00edas en un \u00f3rgano tan vital y cr\u00edtico como es el coraz\u00f3n\u201d.<\/p>\n<p>Enlaces Relacionados:<\/p>\n<p><a href=\"http:\/\/www.fundaciondelcorazon.com\/\">Fundaci\u00f3n del Coraz\u00f3n<\/a><\/p>\n","protected":false},"excerpt":{"rendered":"<p>29 septiembre 2015.- Las enfermedades cardiovasculares son la primera causa de muerte en ambos sexos, as\u00ed como la principal causa de invalidez y de p\u00e9rdida de calidad de vida. Ma\u00f1ana, 29 de Septiembre, se celebra el D\u00eda Mundial del Coraz\u00f3n, declarado as\u00ed desde el a\u00f1o 2000 por la ONU y la UNESCO, con la finalidad &#8230; <a title=\"29 de septiembre: D\u00eda Mundial del Coraz\u00f3n\" class=\"read-more\" href=\"https:\/\/riberasalud.com\/hospital-de-molina\/29-de-septiembre-dia-mundial-del-corazon\/\" aria-label=\"Leer m\u00e1s sobre 29 de septiembre: D\u00eda Mundial del Coraz\u00f3n\">Leer m\u00e1s<\/a><\/p>\n","protected":false},"author":3,"featured_media":0,"comment_status":"closed","ping_status":"open","sticky":false,"template":"","format":"standard","meta":{"_uag_custom_page_level_css":"","_mi_skip_tracking":false,"footnotes":""},"categories":[7],"tags":[],"class_list":["post-2106","post","type-post","status-publish","format-standard","hentry","category-hemeroteca"],"yoast_head":"<!-- This site is optimized with the Yoast SEO plugin v26.6 - https:\/\/yoast.com\/wordpress\/plugins\/seo\/ -->\n<title>29 de septiembre: D\u00eda Mundial del Coraz\u00f3n - Hospital de Molina<\/title>\n<meta name=\"robots\" content=\"index, follow, max-snippet:-1, max-image-preview:large, max-video-preview:-1\" \/>\n<link rel=\"canonical\" href=\"https:\/\/riberasalud.com\/hospital-de-molina\/29-de-septiembre-dia-mundial-del-corazon\/\" \/>\n<meta property=\"og:locale\" content=\"es_ES\" \/>\n<meta property=\"og:type\" content=\"article\" \/>\n<meta property=\"og:title\" content=\"29 de septiembre: D\u00eda Mundial del Coraz\u00f3n - Hospital de Molina\" \/>\n<meta property=\"og:description\" content=\"29 septiembre 2015.- Las enfermedades cardiovasculares son la primera causa de muerte en ambos sexos, as\u00ed como la principal causa de invalidez y de p\u00e9rdida de calidad de vida. Ma\u00f1ana, 29 de Septiembre, se celebra el D\u00eda Mundial del Coraz\u00f3n, declarado as\u00ed desde el a\u00f1o 2000 por la ONU y la UNESCO, con la finalidad ... Leer m\u00e1s\" \/>\n<meta property=\"og:url\" content=\"https:\/\/riberasalud.com\/hospital-de-molina\/29-de-septiembre-dia-mundial-del-corazon\/\" \/>\n<meta property=\"og:site_name\" content=\"Hospital de Molina\" \/>\n<meta property=\"article:published_time\" content=\"2015-09-28T07:22:11+00:00\" \/>\n<meta property=\"article:modified_time\" content=\"2023-10-25T06:38:47+00:00\" \/>\n<meta property=\"og:image\" content=\"https:\/\/riberasalud.com\/hospital-de-molina\/wp-content\/uploads\/2020\/05\/corazon2015.jpg\" \/>\n<meta name=\"author\" content=\"hmolina\" \/>\n<meta name=\"twitter:card\" content=\"summary_large_image\" \/>\n<meta name=\"twitter:label1\" content=\"Escrito por\" \/>\n\t<meta name=\"twitter:data1\" content=\"hmolina\" \/>\n\t<meta name=\"twitter:label2\" content=\"Tiempo de lectura\" \/>\n\t<meta name=\"twitter:data2\" content=\"2 minutos\" \/>\n<script type=\"application\/ld+json\" class=\"yoast-schema-graph\">{\"@context\":\"https:\/\/schema.org\",\"@graph\":[{\"@type\":\"Article\",\"@id\":\"https:\/\/riberasalud.com\/hospital-de-molina\/29-de-septiembre-dia-mundial-del-corazon\/#article\",\"isPartOf\":{\"@id\":\"https:\/\/riberasalud.com\/hospital-de-molina\/29-de-septiembre-dia-mundial-del-corazon\/\"},\"author\":{\"name\":\"hmolina\",\"@id\":\"https:\/\/riberasalud.com\/hospital-de-molina\/#\/schema\/person\/37d58effcbf02f32328940089f254419\"},\"headline\":\"29 de septiembre: D\u00eda Mundial del Coraz\u00f3n\",\"datePublished\":\"2015-09-28T07:22:11+00:00\",\"dateModified\":\"2023-10-25T06:38:47+00:00\",\"mainEntityOfPage\":{\"@id\":\"https:\/\/riberasalud.com\/hospital-de-molina\/29-de-septiembre-dia-mundial-del-corazon\/\"},\"wordCount\":479,\"publisher\":{\"@id\":\"https:\/\/riberasalud.com\/hospital-de-molina\/#organization\"},\"image\":{\"@id\":\"https:\/\/riberasalud.com\/hospital-de-molina\/29-de-septiembre-dia-mundial-del-corazon\/#primaryimage\"},\"thumbnailUrl\":\"https:\/\/riberasalud.com\/hospital-de-molina\/wp-content\/uploads\/2020\/05\/corazon2015.jpg\",\"articleSection\":[\"Hemeroteca\"],\"inLanguage\":\"es\"},{\"@type\":\"WebPage\",\"@id\":\"https:\/\/riberasalud.com\/hospital-de-molina\/29-de-septiembre-dia-mundial-del-corazon\/\",\"url\":\"https:\/\/riberasalud.com\/hospital-de-molina\/29-de-septiembre-dia-mundial-del-corazon\/\",\"name\":\"29 de septiembre: D\u00eda Mundial del Coraz\u00f3n - Hospital de Molina\",\"isPartOf\":{\"@id\":\"https:\/\/riberasalud.com\/hospital-de-molina\/#website\"},\"primaryImageOfPage\":{\"@id\":\"https:\/\/riberasalud.com\/hospital-de-molina\/29-de-septiembre-dia-mundial-del-corazon\/#primaryimage\"},\"image\":{\"@id\":\"https:\/\/riberasalud.com\/hospital-de-molina\/29-de-septiembre-dia-mundial-del-corazon\/#primaryimage\"},\"thumbnailUrl\":\"https:\/\/riberasalud.com\/hospital-de-molina\/wp-content\/uploads\/2020\/05\/corazon2015.jpg\",\"datePublished\":\"2015-09-28T07:22:11+00:00\",\"dateModified\":\"2023-10-25T06:38:47+00:00\",\"breadcrumb\":{\"@id\":\"https:\/\/riberasalud.com\/hospital-de-molina\/29-de-septiembre-dia-mundial-del-corazon\/#breadcrumb\"},\"inLanguage\":\"es\",\"potentialAction\":[{\"@type\":\"ReadAction\",\"target\":[\"https:\/\/riberasalud.com\/hospital-de-molina\/29-de-septiembre-dia-mundial-del-corazon\/\"]}]},{\"@type\":\"ImageObject\",\"inLanguage\":\"es\",\"@id\":\"https:\/\/riberasalud.com\/hospital-de-molina\/29-de-septiembre-dia-mundial-del-corazon\/#primaryimage\",\"url\":\"https:\/\/riberasalud.com\/hospital-de-molina\/wp-content\/uploads\/2020\/05\/corazon2015.jpg\",\"contentUrl\":\"https:\/\/riberasalud.com\/hospital-de-molina\/wp-content\/uploads\/2020\/05\/corazon2015.jpg\",\"width\":1024,\"height\":512},{\"@type\":\"BreadcrumbList\",\"@id\":\"https:\/\/riberasalud.com\/hospital-de-molina\/29-de-septiembre-dia-mundial-del-corazon\/#breadcrumb\",\"itemListElement\":[{\"@type\":\"ListItem\",\"position\":1,\"name\":\"Portada\",\"item\":\"https:\/\/riberasalud.com\/hospital-de-molina\/\"},{\"@type\":\"ListItem\",\"position\":2,\"name\":\"29 de septiembre: D\u00eda Mundial del Coraz\u00f3n\"}]},{\"@type\":\"WebSite\",\"@id\":\"https:\/\/riberasalud.com\/hospital-de-molina\/#website\",\"url\":\"https:\/\/riberasalud.com\/hospital-de-molina\/\",\"name\":\"Hospital de Molina\",\"description\":\"\",\"publisher\":{\"@id\":\"https:\/\/riberasalud.com\/hospital-de-molina\/#organization\"},\"potentialAction\":[{\"@type\":\"SearchAction\",\"target\":{\"@type\":\"EntryPoint\",\"urlTemplate\":\"https:\/\/riberasalud.com\/hospital-de-molina\/?s={search_term_string}\"},\"query-input\":{\"@type\":\"PropertyValueSpecification\",\"valueRequired\":true,\"valueName\":\"search_term_string\"}}],\"inLanguage\":\"es\"},{\"@type\":\"Organization\",\"@id\":\"https:\/\/riberasalud.com\/hospital-de-molina\/#organization\",\"name\":\"Hospital de Molina\",\"url\":\"https:\/\/riberasalud.com\/hospital-de-molina\/\",\"logo\":{\"@type\":\"ImageObject\",\"inLanguage\":\"es\",\"@id\":\"https:\/\/riberasalud.com\/hospital-de-molina\/#\/schema\/logo\/image\/\",\"url\":\"https:\/\/riberasalud.com\/hospital-de-molina\/wp-content\/uploads\/2023\/01\/cropped-Logo-Red-DeMolina-bigtz7.png\",\"contentUrl\":\"https:\/\/riberasalud.com\/hospital-de-molina\/wp-content\/uploads\/2023\/01\/cropped-Logo-Red-DeMolina-bigtz7.png\",\"width\":300,\"height\":72,\"caption\":\"Hospital de Molina\"},\"image\":{\"@id\":\"https:\/\/riberasalud.com\/hospital-de-molina\/#\/schema\/logo\/image\/\"}},{\"@type\":\"Person\",\"@id\":\"https:\/\/riberasalud.com\/hospital-de-molina\/#\/schema\/person\/37d58effcbf02f32328940089f254419\",\"name\":\"hmolina\",\"image\":{\"@type\":\"ImageObject\",\"inLanguage\":\"es\",\"@id\":\"https:\/\/riberasalud.com\/hospital-de-molina\/#\/schema\/person\/image\/\",\"url\":\"https:\/\/secure.gravatar.com\/avatar\/9db1181c394bec9505d449c90a21b5363cc35ad9a76f60f11a304b23bb0e8dd4?s=96&d=mm&r=g\",\"contentUrl\":\"https:\/\/secure.gravatar.com\/avatar\/9db1181c394bec9505d449c90a21b5363cc35ad9a76f60f11a304b23bb0e8dd4?s=96&d=mm&r=g\",\"caption\":\"hmolina\"},\"url\":\"https:\/\/riberasalud.com\/hospital-de-molina\/author\/hmolina\/\"}]}<\/script>\n<!-- \/ Yoast SEO plugin. -->","yoast_head_json":{"title":"29 de septiembre: D\u00eda Mundial del Coraz\u00f3n - Hospital de Molina","robots":{"index":"index","follow":"follow","max-snippet":"max-snippet:-1","max-image-preview":"max-image-preview:large","max-video-preview":"max-video-preview:-1"},"canonical":"https:\/\/riberasalud.com\/hospital-de-molina\/29-de-septiembre-dia-mundial-del-corazon\/","og_locale":"es_ES","og_type":"article","og_title":"29 de septiembre: D\u00eda Mundial del Coraz\u00f3n - Hospital de Molina","og_description":"29 septiembre 2015.- Las enfermedades cardiovasculares son la primera causa de muerte en ambos sexos, as\u00ed como la principal causa de invalidez y de p\u00e9rdida de calidad de vida. Ma\u00f1ana, 29 de Septiembre, se celebra el D\u00eda Mundial del Coraz\u00f3n, declarado as\u00ed desde el a\u00f1o 2000 por la ONU y la UNESCO, con la finalidad ... Leer m\u00e1s","og_url":"https:\/\/riberasalud.com\/hospital-de-molina\/29-de-septiembre-dia-mundial-del-corazon\/","og_site_name":"Hospital de Molina","article_published_time":"2015-09-28T07:22:11+00:00","article_modified_time":"2023-10-25T06:38:47+00:00","og_image":[{"url":"https:\/\/riberasalud.com\/hospital-de-molina\/wp-content\/uploads\/2020\/05\/corazon2015.jpg","type":"","width":"","height":""}],"author":"hmolina","twitter_card":"summary_large_image","twitter_misc":{"Escrito por":"hmolina","Tiempo de lectura":"2 minutos"},"schema":{"@context":"https:\/\/schema.org","@graph":[{"@type":"Article","@id":"https:\/\/riberasalud.com\/hospital-de-molina\/29-de-septiembre-dia-mundial-del-corazon\/#article","isPartOf":{"@id":"https:\/\/riberasalud.com\/hospital-de-molina\/29-de-septiembre-dia-mundial-del-corazon\/"},"author":{"name":"hmolina","@id":"https:\/\/riberasalud.com\/hospital-de-molina\/#\/schema\/person\/37d58effcbf02f32328940089f254419"},"headline":"29 de septiembre: D\u00eda Mundial del Coraz\u00f3n","datePublished":"2015-09-28T07:22:11+00:00","dateModified":"2023-10-25T06:38:47+00:00","mainEntityOfPage":{"@id":"https:\/\/riberasalud.com\/hospital-de-molina\/29-de-septiembre-dia-mundial-del-corazon\/"},"wordCount":479,"publisher":{"@id":"https:\/\/riberasalud.com\/hospital-de-molina\/#organization"},"image":{"@id":"https:\/\/riberasalud.com\/hospital-de-molina\/29-de-septiembre-dia-mundial-del-corazon\/#primaryimage"},"thumbnailUrl":"https:\/\/riberasalud.com\/hospital-de-molina\/wp-content\/uploads\/2020\/05\/corazon2015.jpg","articleSection":["Hemeroteca"],"inLanguage":"es"},{"@type":"WebPage","@id":"https:\/\/riberasalud.com\/hospital-de-molina\/29-de-septiembre-dia-mundial-del-corazon\/","url":"https:\/\/riberasalud.com\/hospital-de-molina\/29-de-septiembre-dia-mundial-del-corazon\/","name":"29 de septiembre: D\u00eda Mundial del Coraz\u00f3n - Hospital de Molina","isPartOf":{"@id":"https:\/\/riberasalud.com\/hospital-de-molina\/#website"},"primaryImageOfPage":{"@id":"https:\/\/riberasalud.com\/hospital-de-molina\/29-de-septiembre-dia-mundial-del-corazon\/#primaryimage"},"image":{"@id":"https:\/\/riberasalud.com\/hospital-de-molina\/29-de-septiembre-dia-mundial-del-corazon\/#primaryimage"},"thumbnailUrl":"https:\/\/riberasalud.com\/hospital-de-molina\/wp-content\/uploads\/2020\/05\/corazon2015.jpg","datePublished":"2015-09-28T07:22:11+00:00","dateModified":"2023-10-25T06:38:47+00:00","breadcrumb":{"@id":"https:\/\/riberasalud.com\/hospital-de-molina\/29-de-septiembre-dia-mundial-del-corazon\/#breadcrumb"},"inLanguage":"es","potentialAction":[{"@type":"ReadAction","target":["https:\/\/riberasalud.com\/hospital-de-molina\/29-de-septiembre-dia-mundial-del-corazon\/"]}]},{"@type":"ImageObject","inLanguage":"es","@id":"https:\/\/riberasalud.com\/hospital-de-molina\/29-de-septiembre-dia-mundial-del-corazon\/#primaryimage","url":"https:\/\/riberasalud.com\/hospital-de-molina\/wp-content\/uploads\/2020\/05\/corazon2015.jpg","contentUrl":"https:\/\/riberasalud.com\/hospital-de-molina\/wp-content\/uploads\/2020\/05\/corazon2015.jpg","width":1024,"height":512},{"@type":"BreadcrumbList","@id":"https:\/\/riberasalud.com\/hospital-de-molina\/29-de-septiembre-dia-mundial-del-corazon\/#breadcrumb","itemListElement":[{"@type":"ListItem","position":1,"name":"Portada","item":"https:\/\/riberasalud.com\/hospital-de-molina\/"},{"@type":"ListItem","position":2,"name":"29 de septiembre: D\u00eda Mundial del Coraz\u00f3n"}]},{"@type":"WebSite","@id":"https:\/\/riberasalud.com\/hospital-de-molina\/#website","url":"https:\/\/riberasalud.com\/hospital-de-molina\/","name":"Hospital de Molina","description":"","publisher":{"@id":"https:\/\/riberasalud.com\/hospital-de-molina\/#organization"},"potentialAction":[{"@type":"SearchAction","target":{"@type":"EntryPoint","urlTemplate":"https:\/\/riberasalud.com\/hospital-de-molina\/?s={search_term_string}"},"query-input":{"@type":"PropertyValueSpecification","valueRequired":true,"valueName":"search_term_string"}}],"inLanguage":"es"},{"@type":"Organization","@id":"https:\/\/riberasalud.com\/hospital-de-molina\/#organization","name":"Hospital de Molina","url":"https:\/\/riberasalud.com\/hospital-de-molina\/","logo":{"@type":"ImageObject","inLanguage":"es","@id":"https:\/\/riberasalud.com\/hospital-de-molina\/#\/schema\/logo\/image\/","url":"https:\/\/riberasalud.com\/hospital-de-molina\/wp-content\/uploads\/2023\/01\/cropped-Logo-Red-DeMolina-bigtz7.png","contentUrl":"https:\/\/riberasalud.com\/hospital-de-molina\/wp-content\/uploads\/2023\/01\/cropped-Logo-Red-DeMolina-bigtz7.png","width":300,"height":72,"caption":"Hospital de Molina"},"image":{"@id":"https:\/\/riberasalud.com\/hospital-de-molina\/#\/schema\/logo\/image\/"}},{"@type":"Person","@id":"https:\/\/riberasalud.com\/hospital-de-molina\/#\/schema\/person\/37d58effcbf02f32328940089f254419","name":"hmolina","image":{"@type":"ImageObject","inLanguage":"es","@id":"https:\/\/riberasalud.com\/hospital-de-molina\/#\/schema\/person\/image\/","url":"https:\/\/secure.gravatar.com\/avatar\/9db1181c394bec9505d449c90a21b5363cc35ad9a76f60f11a304b23bb0e8dd4?s=96&d=mm&r=g","contentUrl":"https:\/\/secure.gravatar.com\/avatar\/9db1181c394bec9505d449c90a21b5363cc35ad9a76f60f11a304b23bb0e8dd4?s=96&d=mm&r=g","caption":"hmolina"},"url":"https:\/\/riberasalud.com\/hospital-de-molina\/author\/hmolina\/"}]}},"uagb_featured_image_src":{"full":false,"thumbnail":false,"medium":false,"medium_large":false,"large":false,"1536x1536":false,"2048x2048":false},"uagb_author_info":{"display_name":"hmolina","author_link":"https:\/\/riberasalud.com\/hospital-de-molina\/author\/hmolina\/"},"uagb_comment_info":0,"uagb_excerpt":"29 septiembre 2015.- Las enfermedades cardiovasculares son la primera causa de muerte en ambos sexos, as\u00ed como la principal causa de invalidez y de p\u00e9rdida de calidad de vida. Ma\u00f1ana, 29 de Septiembre, se celebra el D\u00eda Mundial del Coraz\u00f3n, declarado as\u00ed desde el a\u00f1o 2000 por la ONU y la UNESCO, con la finalidad&hellip;","_links":{"self":[{"href":"https:\/\/riberasalud.com\/hospital-de-molina\/wp-json\/wp\/v2\/posts\/2106","targetHints":{"allow":["GET"]}}],"collection":[{"href":"https:\/\/riberasalud.com\/hospital-de-molina\/wp-json\/wp\/v2\/posts"}],"about":[{"href":"https:\/\/riberasalud.com\/hospital-de-molina\/wp-json\/wp\/v2\/types\/post"}],"author":[{"embeddable":true,"href":"https:\/\/riberasalud.com\/hospital-de-molina\/wp-json\/wp\/v2\/users\/3"}],"replies":[{"embeddable":true,"href":"https:\/\/riberasalud.com\/hospital-de-molina\/wp-json\/wp\/v2\/comments?post=2106"}],"version-history":[{"count":1,"href":"https:\/\/riberasalud.com\/hospital-de-molina\/wp-json\/wp\/v2\/posts\/2106\/revisions"}],"predecessor-version":[{"id":8381,"href":"https:\/\/riberasalud.com\/hospital-de-molina\/wp-json\/wp\/v2\/posts\/2106\/revisions\/8381"}],"wp:attachment":[{"href":"https:\/\/riberasalud.com\/hospital-de-molina\/wp-json\/wp\/v2\/media?parent=2106"}],"wp:term":[{"taxonomy":"category","embeddable":true,"href":"https:\/\/riberasalud.com\/hospital-de-molina\/wp-json\/wp\/v2\/categories?post=2106"},{"taxonomy":"post_tag","embeddable":true,"href":"https:\/\/riberasalud.com\/hospital-de-molina\/wp-json\/wp\/v2\/tags?post=2106"}],"curies":[{"name":"wp","href":"https:\/\/api.w.org\/{rel}","templated":true}]}}