{"id":2090,"date":"2015-11-18T11:38:35","date_gmt":"2015-11-18T10:38:35","guid":{"rendered":"https:\/\/www.hospitaldemolina.es\/el-proximo-domingo-se-celebra-la-carrebirras-2015-con-el-apoyo-del-hospital-de-molina\/"},"modified":"2023-10-25T06:38:39","modified_gmt":"2023-10-25T06:38:39","slug":"el-proximo-domingo-se-celebra-la-carrebirras-2015-con-el-apoyo-del-hospital-de-molina","status":"publish","type":"post","link":"https:\/\/riberasalud.com\/hospital-de-molina\/el-proximo-domingo-se-celebra-la-carrebirras-2015-con-el-apoyo-del-hospital-de-molina\/","title":{"rendered":"El pr\u00f3ximo domingo se celebra la CarreBirras 2015 con el apoyo del Hospital de Molina"},"content":{"rendered":"<p>18 noviembre 2015.- M\u00e1s de 200 corredores, entre ni\u00f1os y adultos, participar\u00e1n el pr\u00f3ximo domingo 22 de noviembre en la prueba de atletismo CarreBirras San Jorge 2015, organizada por el Club de Atletismo CorreBirras y el Colegio San Jorge, en colaboraci\u00f3n con el Ayuntamiento de Molina de Segura, el <strong>Hospital de Molina <\/strong>y la Federaci\u00f3n de Atletismo de la Regi\u00f3n de Murcia.<\/p>\n<p class=\"rtecenter\"><img decoding=\"async\" style=\"height: 140px; width: auto;\" src=\"https:\/\/riberasalud.com\/hospital-de-molina\/wp-content\/uploads\/2020\/05\/201520-20CarreBirras.jpg\" \/><img decoding=\"async\" style=\"height: 140px; width: auto;\" src=\"https:\/\/riberasalud.com\/hospital-de-molina\/wp-content\/uploads\/2020\/05\/201520-20CarreBirras20patrocinadores.jpg\" \/><\/p>\n<p>La CarreBirras &#8211; que se ha presentado esta ma\u00f1ana en rueda prensa con la presencia de la Concejala de Deportes, <strong>Sonia Carrillo M\u00e1rmol<\/strong>, el Director-Gerente del Hospital de Molina, <strong>Pedro Hern\u00e1ndez Jim\u00e9nez<\/strong>, el Presidente del Club CorreBirras, <strong>\u00d3skar Garc\u00eda S\u00e1nchez<\/strong>, y el coordinador del Colegio San Jorge, <strong>Alberto T\u00e1rraga<\/strong>, y el Presidente de la Federaci\u00f3n de Atletismo de la Regi\u00f3n de Murcia, <strong>Juan Manuel Molina<\/strong> -, se diferencia de las carreras habituales en que, en vez de contar el tiempo que emplea cada corredor en recorrer una distancia fija, se contabiliza el total de kil\u00f3metros realizados por los corredores en un tiempo determinado: a elegir, 2 \u00f3 4 horas. Esto es lo que, precisamente, marca sus modalidades:<\/p>\n<p>Acero: 4 horas<br \/>\nBronce: 2 horas<br \/>\nCarrefantas: para los m\u00e1s peque\u00f1os (10-15 a\u00f1os)<\/p>\n<p>La salida se realizar\u00e1 desde el Colegio San Jorge (urbanizaci\u00f3n La Alcayna, Molina de Segura), donde tambi\u00e9n se ubican los puestos de control y avituallamiento y donde tendr\u00e1 lugar la entrega de premios, prevista para las 13:30 horas aproximadamente.<\/p>\n<p>En palabras del Director-Gerente del Hospital de Molina, Pedro Hern\u00e1ndez Jim\u00e9nez, \u201cel apoyo, un a\u00f1o m\u00e1s, a esta prueba de atletismo se suma a las distintas acciones que desde nuestro Hospital llevamos a cabo en nuestro compromiso con el deporte y con nuestros deportistas. Un compromiso que se enmarca en nuestro af\u00e1n por promocionar h\u00e1bitos de vida saludable entre la ciudadan\u00eda, entre los que, sin duda, se encuentra la pr\u00e1ctica diaria del ejercicio f\u00edsico, con la que contribuimos a mejorar nuestra calidad de vida\u201d.<\/p>\n<p>Enlaces Relacionados:<\/p>\n<p><a href=\"http:\/\/www.correbirras.com\/carrebirras\/index.html\">Carrebirras San Jorge 2015<\/a><\/p>\n","protected":false},"excerpt":{"rendered":"<p>18 noviembre 2015.- M\u00e1s de 200 corredores, entre ni\u00f1os y adultos, participar\u00e1n el pr\u00f3ximo domingo 22 de noviembre en la prueba de atletismo CarreBirras San Jorge 2015, organizada por el Club de Atletismo CorreBirras y el Colegio San Jorge, en colaboraci\u00f3n con el Ayuntamiento de Molina de Segura, el Hospital de Molina y la Federaci\u00f3n &#8230; <a title=\"El pr\u00f3ximo domingo se celebra la CarreBirras 2015 con el apoyo del Hospital de Molina\" class=\"read-more\" href=\"https:\/\/riberasalud.com\/hospital-de-molina\/el-proximo-domingo-se-celebra-la-carrebirras-2015-con-el-apoyo-del-hospital-de-molina\/\" aria-label=\"Leer m\u00e1s sobre El pr\u00f3ximo domingo se celebra la CarreBirras 2015 con el apoyo del Hospital de Molina\">Leer m\u00e1s<\/a><\/p>\n","protected":false},"author":3,"featured_media":0,"comment_status":"closed","ping_status":"open","sticky":false,"template":"","format":"standard","meta":{"_uag_custom_page_level_css":"","_mi_skip_tracking":false,"footnotes":""},"categories":[7],"tags":[],"class_list":["post-2090","post","type-post","status-publish","format-standard","hentry","category-hemeroteca"],"yoast_head":"<!-- This site is optimized with the Yoast SEO plugin v26.6 - https:\/\/yoast.com\/wordpress\/plugins\/seo\/ -->\n<title>El pr\u00f3ximo domingo se celebra la CarreBirras 2015 con el apoyo del Hospital de Molina - Hospital de Molina<\/title>\n<meta name=\"robots\" content=\"index, follow, max-snippet:-1, max-image-preview:large, max-video-preview:-1\" \/>\n<link rel=\"canonical\" href=\"https:\/\/riberasalud.com\/hospital-de-molina\/el-proximo-domingo-se-celebra-la-carrebirras-2015-con-el-apoyo-del-hospital-de-molina\/\" \/>\n<meta property=\"og:locale\" content=\"es_ES\" \/>\n<meta property=\"og:type\" content=\"article\" \/>\n<meta property=\"og:title\" content=\"El pr\u00f3ximo domingo se celebra la CarreBirras 2015 con el apoyo del Hospital de Molina - Hospital de Molina\" \/>\n<meta property=\"og:description\" content=\"18 noviembre 2015.- M\u00e1s de 200 corredores, entre ni\u00f1os y adultos, participar\u00e1n el pr\u00f3ximo domingo 22 de noviembre en la prueba de atletismo CarreBirras San Jorge 2015, organizada por el Club de Atletismo CorreBirras y el Colegio San Jorge, en colaboraci\u00f3n con el Ayuntamiento de Molina de Segura, el Hospital de Molina y la Federaci\u00f3n ... Leer m\u00e1s\" \/>\n<meta property=\"og:url\" content=\"https:\/\/riberasalud.com\/hospital-de-molina\/el-proximo-domingo-se-celebra-la-carrebirras-2015-con-el-apoyo-del-hospital-de-molina\/\" \/>\n<meta property=\"og:site_name\" content=\"Hospital de Molina\" \/>\n<meta property=\"article:published_time\" content=\"2015-11-18T10:38:35+00:00\" \/>\n<meta property=\"article:modified_time\" content=\"2023-10-25T06:38:39+00:00\" \/>\n<meta property=\"og:image\" content=\"https:\/\/riberasalud.com\/hospital-de-molina\/wp-content\/uploads\/2020\/05\/201520-20CarreBirras.jpg\" \/>\n<meta name=\"author\" content=\"hmolina\" \/>\n<meta name=\"twitter:card\" content=\"summary_large_image\" \/>\n<meta name=\"twitter:label1\" content=\"Escrito por\" \/>\n\t<meta name=\"twitter:data1\" content=\"hmolina\" \/>\n\t<meta name=\"twitter:label2\" content=\"Tiempo de lectura\" \/>\n\t<meta name=\"twitter:data2\" content=\"3 minutos\" \/>\n<script type=\"application\/ld+json\" class=\"yoast-schema-graph\">{\"@context\":\"https:\/\/schema.org\",\"@graph\":[{\"@type\":\"Article\",\"@id\":\"https:\/\/riberasalud.com\/hospital-de-molina\/el-proximo-domingo-se-celebra-la-carrebirras-2015-con-el-apoyo-del-hospital-de-molina\/#article\",\"isPartOf\":{\"@id\":\"https:\/\/riberasalud.com\/hospital-de-molina\/el-proximo-domingo-se-celebra-la-carrebirras-2015-con-el-apoyo-del-hospital-de-molina\/\"},\"author\":{\"name\":\"hmolina\",\"@id\":\"https:\/\/riberasalud.com\/hospital-de-molina\/#\/schema\/person\/37d58effcbf02f32328940089f254419\"},\"headline\":\"El pr\u00f3ximo domingo se celebra la CarreBirras 2015 con el apoyo del Hospital de Molina\",\"datePublished\":\"2015-11-18T10:38:35+00:00\",\"dateModified\":\"2023-10-25T06:38:39+00:00\",\"mainEntityOfPage\":{\"@id\":\"https:\/\/riberasalud.com\/hospital-de-molina\/el-proximo-domingo-se-celebra-la-carrebirras-2015-con-el-apoyo-del-hospital-de-molina\/\"},\"wordCount\":356,\"publisher\":{\"@id\":\"https:\/\/riberasalud.com\/hospital-de-molina\/#organization\"},\"image\":{\"@id\":\"https:\/\/riberasalud.com\/hospital-de-molina\/el-proximo-domingo-se-celebra-la-carrebirras-2015-con-el-apoyo-del-hospital-de-molina\/#primaryimage\"},\"thumbnailUrl\":\"https:\/\/riberasalud.com\/hospital-de-molina\/wp-content\/uploads\/2020\/05\/201520-20CarreBirras.jpg\",\"articleSection\":[\"Hemeroteca\"],\"inLanguage\":\"es\"},{\"@type\":\"WebPage\",\"@id\":\"https:\/\/riberasalud.com\/hospital-de-molina\/el-proximo-domingo-se-celebra-la-carrebirras-2015-con-el-apoyo-del-hospital-de-molina\/\",\"url\":\"https:\/\/riberasalud.com\/hospital-de-molina\/el-proximo-domingo-se-celebra-la-carrebirras-2015-con-el-apoyo-del-hospital-de-molina\/\",\"name\":\"El pr\u00f3ximo domingo se celebra la CarreBirras 2015 con el apoyo del Hospital de Molina - Hospital de Molina\",\"isPartOf\":{\"@id\":\"https:\/\/riberasalud.com\/hospital-de-molina\/#website\"},\"primaryImageOfPage\":{\"@id\":\"https:\/\/riberasalud.com\/hospital-de-molina\/el-proximo-domingo-se-celebra-la-carrebirras-2015-con-el-apoyo-del-hospital-de-molina\/#primaryimage\"},\"image\":{\"@id\":\"https:\/\/riberasalud.com\/hospital-de-molina\/el-proximo-domingo-se-celebra-la-carrebirras-2015-con-el-apoyo-del-hospital-de-molina\/#primaryimage\"},\"thumbnailUrl\":\"https:\/\/riberasalud.com\/hospital-de-molina\/wp-content\/uploads\/2020\/05\/201520-20CarreBirras.jpg\",\"datePublished\":\"2015-11-18T10:38:35+00:00\",\"dateModified\":\"2023-10-25T06:38:39+00:00\",\"breadcrumb\":{\"@id\":\"https:\/\/riberasalud.com\/hospital-de-molina\/el-proximo-domingo-se-celebra-la-carrebirras-2015-con-el-apoyo-del-hospital-de-molina\/#breadcrumb\"},\"inLanguage\":\"es\",\"potentialAction\":[{\"@type\":\"ReadAction\",\"target\":[\"https:\/\/riberasalud.com\/hospital-de-molina\/el-proximo-domingo-se-celebra-la-carrebirras-2015-con-el-apoyo-del-hospital-de-molina\/\"]}]},{\"@type\":\"ImageObject\",\"inLanguage\":\"es\",\"@id\":\"https:\/\/riberasalud.com\/hospital-de-molina\/el-proximo-domingo-se-celebra-la-carrebirras-2015-con-el-apoyo-del-hospital-de-molina\/#primaryimage\",\"url\":\"https:\/\/riberasalud.com\/hospital-de-molina\/wp-content\/uploads\/2020\/05\/201520-20CarreBirras.jpg\",\"contentUrl\":\"https:\/\/riberasalud.com\/hospital-de-molina\/wp-content\/uploads\/2020\/05\/201520-20CarreBirras.jpg\",\"width\":1500,\"height\":2151},{\"@type\":\"BreadcrumbList\",\"@id\":\"https:\/\/riberasalud.com\/hospital-de-molina\/el-proximo-domingo-se-celebra-la-carrebirras-2015-con-el-apoyo-del-hospital-de-molina\/#breadcrumb\",\"itemListElement\":[{\"@type\":\"ListItem\",\"position\":1,\"name\":\"Portada\",\"item\":\"https:\/\/riberasalud.com\/hospital-de-molina\/\"},{\"@type\":\"ListItem\",\"position\":2,\"name\":\"El pr\u00f3ximo domingo se celebra la CarreBirras 2015 con el apoyo del Hospital de Molina\"}]},{\"@type\":\"WebSite\",\"@id\":\"https:\/\/riberasalud.com\/hospital-de-molina\/#website\",\"url\":\"https:\/\/riberasalud.com\/hospital-de-molina\/\",\"name\":\"Hospital de Molina\",\"description\":\"\",\"publisher\":{\"@id\":\"https:\/\/riberasalud.com\/hospital-de-molina\/#organization\"},\"potentialAction\":[{\"@type\":\"SearchAction\",\"target\":{\"@type\":\"EntryPoint\",\"urlTemplate\":\"https:\/\/riberasalud.com\/hospital-de-molina\/?s={search_term_string}\"},\"query-input\":{\"@type\":\"PropertyValueSpecification\",\"valueRequired\":true,\"valueName\":\"search_term_string\"}}],\"inLanguage\":\"es\"},{\"@type\":\"Organization\",\"@id\":\"https:\/\/riberasalud.com\/hospital-de-molina\/#organization\",\"name\":\"Hospital de Molina\",\"url\":\"https:\/\/riberasalud.com\/hospital-de-molina\/\",\"logo\":{\"@type\":\"ImageObject\",\"inLanguage\":\"es\",\"@id\":\"https:\/\/riberasalud.com\/hospital-de-molina\/#\/schema\/logo\/image\/\",\"url\":\"https:\/\/riberasalud.com\/hospital-de-molina\/wp-content\/uploads\/2023\/01\/cropped-Logo-Red-DeMolina-bigtz7.png\",\"contentUrl\":\"https:\/\/riberasalud.com\/hospital-de-molina\/wp-content\/uploads\/2023\/01\/cropped-Logo-Red-DeMolina-bigtz7.png\",\"width\":300,\"height\":72,\"caption\":\"Hospital de Molina\"},\"image\":{\"@id\":\"https:\/\/riberasalud.com\/hospital-de-molina\/#\/schema\/logo\/image\/\"}},{\"@type\":\"Person\",\"@id\":\"https:\/\/riberasalud.com\/hospital-de-molina\/#\/schema\/person\/37d58effcbf02f32328940089f254419\",\"name\":\"hmolina\",\"image\":{\"@type\":\"ImageObject\",\"inLanguage\":\"es\",\"@id\":\"https:\/\/riberasalud.com\/hospital-de-molina\/#\/schema\/person\/image\/\",\"url\":\"https:\/\/secure.gravatar.com\/avatar\/9db1181c394bec9505d449c90a21b5363cc35ad9a76f60f11a304b23bb0e8dd4?s=96&d=mm&r=g\",\"contentUrl\":\"https:\/\/secure.gravatar.com\/avatar\/9db1181c394bec9505d449c90a21b5363cc35ad9a76f60f11a304b23bb0e8dd4?s=96&d=mm&r=g\",\"caption\":\"hmolina\"},\"url\":\"https:\/\/riberasalud.com\/hospital-de-molina\/author\/hmolina\/\"}]}<\/script>\n<!-- \/ Yoast SEO plugin. -->","yoast_head_json":{"title":"El pr\u00f3ximo domingo se celebra la CarreBirras 2015 con el apoyo del Hospital de Molina - Hospital de Molina","robots":{"index":"index","follow":"follow","max-snippet":"max-snippet:-1","max-image-preview":"max-image-preview:large","max-video-preview":"max-video-preview:-1"},"canonical":"https:\/\/riberasalud.com\/hospital-de-molina\/el-proximo-domingo-se-celebra-la-carrebirras-2015-con-el-apoyo-del-hospital-de-molina\/","og_locale":"es_ES","og_type":"article","og_title":"El pr\u00f3ximo domingo se celebra la CarreBirras 2015 con el apoyo del Hospital de Molina - Hospital de Molina","og_description":"18 noviembre 2015.- M\u00e1s de 200 corredores, entre ni\u00f1os y adultos, participar\u00e1n el pr\u00f3ximo domingo 22 de noviembre en la prueba de atletismo CarreBirras San Jorge 2015, organizada por el Club de Atletismo CorreBirras y el Colegio San Jorge, en colaboraci\u00f3n con el Ayuntamiento de Molina de Segura, el Hospital de Molina y la Federaci\u00f3n ... Leer m\u00e1s","og_url":"https:\/\/riberasalud.com\/hospital-de-molina\/el-proximo-domingo-se-celebra-la-carrebirras-2015-con-el-apoyo-del-hospital-de-molina\/","og_site_name":"Hospital de Molina","article_published_time":"2015-11-18T10:38:35+00:00","article_modified_time":"2023-10-25T06:38:39+00:00","og_image":[{"url":"https:\/\/riberasalud.com\/hospital-de-molina\/wp-content\/uploads\/2020\/05\/201520-20CarreBirras.jpg","type":"","width":"","height":""}],"author":"hmolina","twitter_card":"summary_large_image","twitter_misc":{"Escrito por":"hmolina","Tiempo de lectura":"3 minutos"},"schema":{"@context":"https:\/\/schema.org","@graph":[{"@type":"Article","@id":"https:\/\/riberasalud.com\/hospital-de-molina\/el-proximo-domingo-se-celebra-la-carrebirras-2015-con-el-apoyo-del-hospital-de-molina\/#article","isPartOf":{"@id":"https:\/\/riberasalud.com\/hospital-de-molina\/el-proximo-domingo-se-celebra-la-carrebirras-2015-con-el-apoyo-del-hospital-de-molina\/"},"author":{"name":"hmolina","@id":"https:\/\/riberasalud.com\/hospital-de-molina\/#\/schema\/person\/37d58effcbf02f32328940089f254419"},"headline":"El pr\u00f3ximo domingo se celebra la CarreBirras 2015 con el apoyo del Hospital de Molina","datePublished":"2015-11-18T10:38:35+00:00","dateModified":"2023-10-25T06:38:39+00:00","mainEntityOfPage":{"@id":"https:\/\/riberasalud.com\/hospital-de-molina\/el-proximo-domingo-se-celebra-la-carrebirras-2015-con-el-apoyo-del-hospital-de-molina\/"},"wordCount":356,"publisher":{"@id":"https:\/\/riberasalud.com\/hospital-de-molina\/#organization"},"image":{"@id":"https:\/\/riberasalud.com\/hospital-de-molina\/el-proximo-domingo-se-celebra-la-carrebirras-2015-con-el-apoyo-del-hospital-de-molina\/#primaryimage"},"thumbnailUrl":"https:\/\/riberasalud.com\/hospital-de-molina\/wp-content\/uploads\/2020\/05\/201520-20CarreBirras.jpg","articleSection":["Hemeroteca"],"inLanguage":"es"},{"@type":"WebPage","@id":"https:\/\/riberasalud.com\/hospital-de-molina\/el-proximo-domingo-se-celebra-la-carrebirras-2015-con-el-apoyo-del-hospital-de-molina\/","url":"https:\/\/riberasalud.com\/hospital-de-molina\/el-proximo-domingo-se-celebra-la-carrebirras-2015-con-el-apoyo-del-hospital-de-molina\/","name":"El pr\u00f3ximo domingo se celebra la CarreBirras 2015 con el apoyo del Hospital de Molina - Hospital de Molina","isPartOf":{"@id":"https:\/\/riberasalud.com\/hospital-de-molina\/#website"},"primaryImageOfPage":{"@id":"https:\/\/riberasalud.com\/hospital-de-molina\/el-proximo-domingo-se-celebra-la-carrebirras-2015-con-el-apoyo-del-hospital-de-molina\/#primaryimage"},"image":{"@id":"https:\/\/riberasalud.com\/hospital-de-molina\/el-proximo-domingo-se-celebra-la-carrebirras-2015-con-el-apoyo-del-hospital-de-molina\/#primaryimage"},"thumbnailUrl":"https:\/\/riberasalud.com\/hospital-de-molina\/wp-content\/uploads\/2020\/05\/201520-20CarreBirras.jpg","datePublished":"2015-11-18T10:38:35+00:00","dateModified":"2023-10-25T06:38:39+00:00","breadcrumb":{"@id":"https:\/\/riberasalud.com\/hospital-de-molina\/el-proximo-domingo-se-celebra-la-carrebirras-2015-con-el-apoyo-del-hospital-de-molina\/#breadcrumb"},"inLanguage":"es","potentialAction":[{"@type":"ReadAction","target":["https:\/\/riberasalud.com\/hospital-de-molina\/el-proximo-domingo-se-celebra-la-carrebirras-2015-con-el-apoyo-del-hospital-de-molina\/"]}]},{"@type":"ImageObject","inLanguage":"es","@id":"https:\/\/riberasalud.com\/hospital-de-molina\/el-proximo-domingo-se-celebra-la-carrebirras-2015-con-el-apoyo-del-hospital-de-molina\/#primaryimage","url":"https:\/\/riberasalud.com\/hospital-de-molina\/wp-content\/uploads\/2020\/05\/201520-20CarreBirras.jpg","contentUrl":"https:\/\/riberasalud.com\/hospital-de-molina\/wp-content\/uploads\/2020\/05\/201520-20CarreBirras.jpg","width":1500,"height":2151},{"@type":"BreadcrumbList","@id":"https:\/\/riberasalud.com\/hospital-de-molina\/el-proximo-domingo-se-celebra-la-carrebirras-2015-con-el-apoyo-del-hospital-de-molina\/#breadcrumb","itemListElement":[{"@type":"ListItem","position":1,"name":"Portada","item":"https:\/\/riberasalud.com\/hospital-de-molina\/"},{"@type":"ListItem","position":2,"name":"El pr\u00f3ximo domingo se celebra la CarreBirras 2015 con el apoyo del Hospital de Molina"}]},{"@type":"WebSite","@id":"https:\/\/riberasalud.com\/hospital-de-molina\/#website","url":"https:\/\/riberasalud.com\/hospital-de-molina\/","name":"Hospital de Molina","description":"","publisher":{"@id":"https:\/\/riberasalud.com\/hospital-de-molina\/#organization"},"potentialAction":[{"@type":"SearchAction","target":{"@type":"EntryPoint","urlTemplate":"https:\/\/riberasalud.com\/hospital-de-molina\/?s={search_term_string}"},"query-input":{"@type":"PropertyValueSpecification","valueRequired":true,"valueName":"search_term_string"}}],"inLanguage":"es"},{"@type":"Organization","@id":"https:\/\/riberasalud.com\/hospital-de-molina\/#organization","name":"Hospital de Molina","url":"https:\/\/riberasalud.com\/hospital-de-molina\/","logo":{"@type":"ImageObject","inLanguage":"es","@id":"https:\/\/riberasalud.com\/hospital-de-molina\/#\/schema\/logo\/image\/","url":"https:\/\/riberasalud.com\/hospital-de-molina\/wp-content\/uploads\/2023\/01\/cropped-Logo-Red-DeMolina-bigtz7.png","contentUrl":"https:\/\/riberasalud.com\/hospital-de-molina\/wp-content\/uploads\/2023\/01\/cropped-Logo-Red-DeMolina-bigtz7.png","width":300,"height":72,"caption":"Hospital de Molina"},"image":{"@id":"https:\/\/riberasalud.com\/hospital-de-molina\/#\/schema\/logo\/image\/"}},{"@type":"Person","@id":"https:\/\/riberasalud.com\/hospital-de-molina\/#\/schema\/person\/37d58effcbf02f32328940089f254419","name":"hmolina","image":{"@type":"ImageObject","inLanguage":"es","@id":"https:\/\/riberasalud.com\/hospital-de-molina\/#\/schema\/person\/image\/","url":"https:\/\/secure.gravatar.com\/avatar\/9db1181c394bec9505d449c90a21b5363cc35ad9a76f60f11a304b23bb0e8dd4?s=96&d=mm&r=g","contentUrl":"https:\/\/secure.gravatar.com\/avatar\/9db1181c394bec9505d449c90a21b5363cc35ad9a76f60f11a304b23bb0e8dd4?s=96&d=mm&r=g","caption":"hmolina"},"url":"https:\/\/riberasalud.com\/hospital-de-molina\/author\/hmolina\/"}]}},"uagb_featured_image_src":{"full":false,"thumbnail":false,"medium":false,"medium_large":false,"large":false,"1536x1536":false,"2048x2048":false},"uagb_author_info":{"display_name":"hmolina","author_link":"https:\/\/riberasalud.com\/hospital-de-molina\/author\/hmolina\/"},"uagb_comment_info":0,"uagb_excerpt":"18 noviembre 2015.- M\u00e1s de 200 corredores, entre ni\u00f1os y adultos, participar\u00e1n el pr\u00f3ximo domingo 22 de noviembre en la prueba de atletismo CarreBirras San Jorge 2015, organizada por el Club de Atletismo CorreBirras y el Colegio San Jorge, en colaboraci\u00f3n con el Ayuntamiento de Molina de Segura, el Hospital de Molina y la Federaci\u00f3n&hellip;","_links":{"self":[{"href":"https:\/\/riberasalud.com\/hospital-de-molina\/wp-json\/wp\/v2\/posts\/2090","targetHints":{"allow":["GET"]}}],"collection":[{"href":"https:\/\/riberasalud.com\/hospital-de-molina\/wp-json\/wp\/v2\/posts"}],"about":[{"href":"https:\/\/riberasalud.com\/hospital-de-molina\/wp-json\/wp\/v2\/types\/post"}],"author":[{"embeddable":true,"href":"https:\/\/riberasalud.com\/hospital-de-molina\/wp-json\/wp\/v2\/users\/3"}],"replies":[{"embeddable":true,"href":"https:\/\/riberasalud.com\/hospital-de-molina\/wp-json\/wp\/v2\/comments?post=2090"}],"version-history":[{"count":1,"href":"https:\/\/riberasalud.com\/hospital-de-molina\/wp-json\/wp\/v2\/posts\/2090\/revisions"}],"predecessor-version":[{"id":7613,"href":"https:\/\/riberasalud.com\/hospital-de-molina\/wp-json\/wp\/v2\/posts\/2090\/revisions\/7613"}],"wp:attachment":[{"href":"https:\/\/riberasalud.com\/hospital-de-molina\/wp-json\/wp\/v2\/media?parent=2090"}],"wp:term":[{"taxonomy":"category","embeddable":true,"href":"https:\/\/riberasalud.com\/hospital-de-molina\/wp-json\/wp\/v2\/categories?post=2090"},{"taxonomy":"post_tag","embeddable":true,"href":"https:\/\/riberasalud.com\/hospital-de-molina\/wp-json\/wp\/v2\/tags?post=2090"}],"curies":[{"name":"wp","href":"https:\/\/api.w.org\/{rel}","templated":true}]}}