{"id":2063,"date":"2016-03-23T10:28:39","date_gmt":"2016-03-23T09:28:39","guid":{"rendered":"https:\/\/www.hospitaldemolina.es\/alergia-en-los-ninos\/"},"modified":"2023-10-25T06:38:26","modified_gmt":"2023-10-25T06:38:26","slug":"alergia-en-los-ninos","status":"publish","type":"post","link":"https:\/\/riberasalud.com\/hospital-de-molina\/alergia-en-los-ninos\/","title":{"rendered":"Alergia en los ni\u00f1os"},"content":{"rendered":"<p>23 marzo 2016.- Picor ocular, hiperemia conjuntival, lagrimeo, fotofobia, rinorrea acuosa, estornudos,\u2026.. Son algunos de los s\u00edntomas leves que pueden aparecer cuando el organismo reacciona ante una exposici\u00f3n al al\u00e9rgeno. Sucede en adultos y tambi\u00e9n en los m\u00e1s peque\u00f1os.<\/p>\n<p class=\"rtecenter\"><img decoding=\"async\" src=\"https:\/\/hospitaldemolina.es\/wp-content\/uploads\/2020\/05\/Pediatria20-20Dr.20Pio20Dolera20-20Foto2017.jpg\" style=\"height:140px; width: auto;\"><\/p>\n<p>Despu\u00e9s de un invierno, donde la patolog\u00eda catarral y gripal ha sufrido un retraso en su pico de presentaci\u00f3n, entramos en la primavera donde sucede la patolog\u00eda de base al\u00e9rgica en aquellos ni\u00f1os que lo son, con sintomatolog\u00eda diversa, desde leve de v\u00edas altas hasta cuadros bronquiales obstructivos con dificultad respiratoria. Mucho tienen que ver los antecedentes familiares y el grado de sensibilizaci\u00f3n del menor.<\/p>\n<p>El <strong style=\"line-height:1.6em\">Dr. P\u00edo D\u00f3lera Almaida<\/strong>, responsable del <strong style=\"line-height:1.6em\">Servicio de Pediatr\u00eda del Hospital de Molina<\/strong>, aconseja, adem\u00e1s del tratamiento m\u00e9dico adecuado, las siguientes recomendaciones para atenuar la sintomatolog\u00eda:<\/p>\n<p>Evite la exposici\u00f3n al al\u00e9rgeno, sobre todo los d\u00edas secos y ventosos.<br \/>\nLimpie exhaustivamente la casa, eliminando elementos que acumulen polvo: alfombras, mu\u00f1ecos de peluche, limpieza de cortinas, etc.<br \/>\nUtilice equipos de aire acondicionado con sistema de filtrado de polen.<br \/>\nCambie de ropa con frecuencia para eliminar al\u00e9rgenos que se adhieren a las telas, etc.<\/p>\n<p>Cuando se presente un cuadro de base al\u00e9rgica, el Dr. D\u00f3lera Almaida recomienda consultar con el Pediatra, con el fin de tipificarlos y, en consecuencia, iniciar el tratamiento de desensibilizaci\u00f3n mediante vacuna personalizada si lo requiere, e instaurar pautas de tratamiento m\u00e9dico con f\u00e1rmacos antihistam\u00ednicos, broncodilatadores, etc. para mitigar la sintomatolog\u00eda en fase aguda.<\/p>\n<p>Enlaces Relacionados:<\/p>\n","protected":false},"excerpt":{"rendered":"<p>23 marzo 2016.- Picor ocular, hiperemia conjuntival, lagrimeo, fotofobia, rinorrea acuosa, estornudos,\u2026.. Son algunos de los s\u00edntomas leves que pueden aparecer cuando el organismo reacciona ante una exposici\u00f3n al al\u00e9rgeno. Sucede en adultos y tambi\u00e9n en los m\u00e1s peque\u00f1os. Despu\u00e9s de un invierno, donde la patolog\u00eda catarral y gripal ha sufrido un retraso en su &#8230; <a title=\"Alergia en los ni\u00f1os\" class=\"read-more\" href=\"https:\/\/riberasalud.com\/hospital-de-molina\/alergia-en-los-ninos\/\" aria-label=\"Leer m\u00e1s sobre Alergia en los ni\u00f1os\">Leer m\u00e1s<\/a><\/p>\n","protected":false},"author":3,"featured_media":0,"comment_status":"closed","ping_status":"open","sticky":false,"template":"","format":"standard","meta":{"_uag_custom_page_level_css":"","_mi_skip_tracking":false,"footnotes":""},"categories":[7],"tags":[],"class_list":["post-2063","post","type-post","status-publish","format-standard","hentry","category-hemeroteca"],"yoast_head":"<!-- This site is optimized with the Yoast SEO plugin v26.6 - https:\/\/yoast.com\/wordpress\/plugins\/seo\/ -->\n<title>Alergia en los ni\u00f1os - Hospital de Molina<\/title>\n<meta name=\"robots\" content=\"index, follow, max-snippet:-1, max-image-preview:large, max-video-preview:-1\" \/>\n<link rel=\"canonical\" href=\"https:\/\/riberasalud.com\/hospital-de-molina\/alergia-en-los-ninos\/\" \/>\n<meta property=\"og:locale\" content=\"es_ES\" \/>\n<meta property=\"og:type\" content=\"article\" \/>\n<meta property=\"og:title\" content=\"Alergia en los ni\u00f1os - Hospital de Molina\" \/>\n<meta property=\"og:description\" content=\"23 marzo 2016.- Picor ocular, hiperemia conjuntival, lagrimeo, fotofobia, rinorrea acuosa, estornudos,\u2026.. Son algunos de los s\u00edntomas leves que pueden aparecer cuando el organismo reacciona ante una exposici\u00f3n al al\u00e9rgeno. Sucede en adultos y tambi\u00e9n en los m\u00e1s peque\u00f1os. Despu\u00e9s de un invierno, donde la patolog\u00eda catarral y gripal ha sufrido un retraso en su ... Leer m\u00e1s\" \/>\n<meta property=\"og:url\" content=\"https:\/\/riberasalud.com\/hospital-de-molina\/alergia-en-los-ninos\/\" \/>\n<meta property=\"og:site_name\" content=\"Hospital de Molina\" \/>\n<meta property=\"article:published_time\" content=\"2016-03-23T09:28:39+00:00\" \/>\n<meta property=\"article:modified_time\" content=\"2023-10-25T06:38:26+00:00\" \/>\n<meta property=\"og:image\" content=\"https:\/\/hospitaldemolina.es\/wp-content\/uploads\/2020\/05\/Pediatria20-20Dr.20Pio20Dolera20-20Foto2017.jpg\" \/>\n<meta name=\"author\" content=\"hmolina\" \/>\n<meta name=\"twitter:card\" content=\"summary_large_image\" \/>\n<meta name=\"twitter:label1\" content=\"Escrito por\" \/>\n\t<meta name=\"twitter:data1\" content=\"hmolina\" \/>\n\t<meta name=\"twitter:label2\" content=\"Tiempo de lectura\" \/>\n\t<meta name=\"twitter:data2\" content=\"1 minuto\" \/>\n<script type=\"application\/ld+json\" class=\"yoast-schema-graph\">{\"@context\":\"https:\/\/schema.org\",\"@graph\":[{\"@type\":\"Article\",\"@id\":\"https:\/\/riberasalud.com\/hospital-de-molina\/alergia-en-los-ninos\/#article\",\"isPartOf\":{\"@id\":\"https:\/\/riberasalud.com\/hospital-de-molina\/alergia-en-los-ninos\/\"},\"author\":{\"name\":\"hmolina\",\"@id\":\"https:\/\/riberasalud.com\/hospital-de-molina\/#\/schema\/person\/37d58effcbf02f32328940089f254419\"},\"headline\":\"Alergia en los ni\u00f1os\",\"datePublished\":\"2016-03-23T09:28:39+00:00\",\"dateModified\":\"2023-10-25T06:38:26+00:00\",\"mainEntityOfPage\":{\"@id\":\"https:\/\/riberasalud.com\/hospital-de-molina\/alergia-en-los-ninos\/\"},\"wordCount\":279,\"publisher\":{\"@id\":\"https:\/\/riberasalud.com\/hospital-de-molina\/#organization\"},\"image\":{\"@id\":\"https:\/\/riberasalud.com\/hospital-de-molina\/alergia-en-los-ninos\/#primaryimage\"},\"thumbnailUrl\":\"https:\/\/hospitaldemolina.es\/wp-content\/uploads\/2020\/05\/Pediatria20-20Dr.20Pio20Dolera20-20Foto2017.jpg\",\"articleSection\":[\"Hemeroteca\"],\"inLanguage\":\"es\"},{\"@type\":\"WebPage\",\"@id\":\"https:\/\/riberasalud.com\/hospital-de-molina\/alergia-en-los-ninos\/\",\"url\":\"https:\/\/riberasalud.com\/hospital-de-molina\/alergia-en-los-ninos\/\",\"name\":\"Alergia en los ni\u00f1os - Hospital de Molina\",\"isPartOf\":{\"@id\":\"https:\/\/riberasalud.com\/hospital-de-molina\/#website\"},\"primaryImageOfPage\":{\"@id\":\"https:\/\/riberasalud.com\/hospital-de-molina\/alergia-en-los-ninos\/#primaryimage\"},\"image\":{\"@id\":\"https:\/\/riberasalud.com\/hospital-de-molina\/alergia-en-los-ninos\/#primaryimage\"},\"thumbnailUrl\":\"https:\/\/hospitaldemolina.es\/wp-content\/uploads\/2020\/05\/Pediatria20-20Dr.20Pio20Dolera20-20Foto2017.jpg\",\"datePublished\":\"2016-03-23T09:28:39+00:00\",\"dateModified\":\"2023-10-25T06:38:26+00:00\",\"breadcrumb\":{\"@id\":\"https:\/\/riberasalud.com\/hospital-de-molina\/alergia-en-los-ninos\/#breadcrumb\"},\"inLanguage\":\"es\",\"potentialAction\":[{\"@type\":\"ReadAction\",\"target\":[\"https:\/\/riberasalud.com\/hospital-de-molina\/alergia-en-los-ninos\/\"]}]},{\"@type\":\"ImageObject\",\"inLanguage\":\"es\",\"@id\":\"https:\/\/riberasalud.com\/hospital-de-molina\/alergia-en-los-ninos\/#primaryimage\",\"url\":\"https:\/\/hospitaldemolina.es\/wp-content\/uploads\/2020\/05\/Pediatria20-20Dr.20Pio20Dolera20-20Foto2017.jpg\",\"contentUrl\":\"https:\/\/hospitaldemolina.es\/wp-content\/uploads\/2020\/05\/Pediatria20-20Dr.20Pio20Dolera20-20Foto2017.jpg\"},{\"@type\":\"BreadcrumbList\",\"@id\":\"https:\/\/riberasalud.com\/hospital-de-molina\/alergia-en-los-ninos\/#breadcrumb\",\"itemListElement\":[{\"@type\":\"ListItem\",\"position\":1,\"name\":\"Portada\",\"item\":\"https:\/\/riberasalud.com\/hospital-de-molina\/\"},{\"@type\":\"ListItem\",\"position\":2,\"name\":\"Alergia en los ni\u00f1os\"}]},{\"@type\":\"WebSite\",\"@id\":\"https:\/\/riberasalud.com\/hospital-de-molina\/#website\",\"url\":\"https:\/\/riberasalud.com\/hospital-de-molina\/\",\"name\":\"Hospital de Molina\",\"description\":\"\",\"publisher\":{\"@id\":\"https:\/\/riberasalud.com\/hospital-de-molina\/#organization\"},\"potentialAction\":[{\"@type\":\"SearchAction\",\"target\":{\"@type\":\"EntryPoint\",\"urlTemplate\":\"https:\/\/riberasalud.com\/hospital-de-molina\/?s={search_term_string}\"},\"query-input\":{\"@type\":\"PropertyValueSpecification\",\"valueRequired\":true,\"valueName\":\"search_term_string\"}}],\"inLanguage\":\"es\"},{\"@type\":\"Organization\",\"@id\":\"https:\/\/riberasalud.com\/hospital-de-molina\/#organization\",\"name\":\"Hospital de Molina\",\"url\":\"https:\/\/riberasalud.com\/hospital-de-molina\/\",\"logo\":{\"@type\":\"ImageObject\",\"inLanguage\":\"es\",\"@id\":\"https:\/\/riberasalud.com\/hospital-de-molina\/#\/schema\/logo\/image\/\",\"url\":\"https:\/\/riberasalud.com\/hospital-de-molina\/wp-content\/uploads\/2023\/01\/cropped-Logo-Red-DeMolina-bigtz7.png\",\"contentUrl\":\"https:\/\/riberasalud.com\/hospital-de-molina\/wp-content\/uploads\/2023\/01\/cropped-Logo-Red-DeMolina-bigtz7.png\",\"width\":300,\"height\":72,\"caption\":\"Hospital de Molina\"},\"image\":{\"@id\":\"https:\/\/riberasalud.com\/hospital-de-molina\/#\/schema\/logo\/image\/\"}},{\"@type\":\"Person\",\"@id\":\"https:\/\/riberasalud.com\/hospital-de-molina\/#\/schema\/person\/37d58effcbf02f32328940089f254419\",\"name\":\"hmolina\",\"image\":{\"@type\":\"ImageObject\",\"inLanguage\":\"es\",\"@id\":\"https:\/\/riberasalud.com\/hospital-de-molina\/#\/schema\/person\/image\/\",\"url\":\"https:\/\/secure.gravatar.com\/avatar\/9db1181c394bec9505d449c90a21b5363cc35ad9a76f60f11a304b23bb0e8dd4?s=96&d=mm&r=g\",\"contentUrl\":\"https:\/\/secure.gravatar.com\/avatar\/9db1181c394bec9505d449c90a21b5363cc35ad9a76f60f11a304b23bb0e8dd4?s=96&d=mm&r=g\",\"caption\":\"hmolina\"},\"url\":\"https:\/\/riberasalud.com\/hospital-de-molina\/author\/hmolina\/\"}]}<\/script>\n<!-- \/ Yoast SEO plugin. -->","yoast_head_json":{"title":"Alergia en los ni\u00f1os - Hospital de Molina","robots":{"index":"index","follow":"follow","max-snippet":"max-snippet:-1","max-image-preview":"max-image-preview:large","max-video-preview":"max-video-preview:-1"},"canonical":"https:\/\/riberasalud.com\/hospital-de-molina\/alergia-en-los-ninos\/","og_locale":"es_ES","og_type":"article","og_title":"Alergia en los ni\u00f1os - Hospital de Molina","og_description":"23 marzo 2016.- Picor ocular, hiperemia conjuntival, lagrimeo, fotofobia, rinorrea acuosa, estornudos,\u2026.. Son algunos de los s\u00edntomas leves que pueden aparecer cuando el organismo reacciona ante una exposici\u00f3n al al\u00e9rgeno. Sucede en adultos y tambi\u00e9n en los m\u00e1s peque\u00f1os. Despu\u00e9s de un invierno, donde la patolog\u00eda catarral y gripal ha sufrido un retraso en su ... Leer m\u00e1s","og_url":"https:\/\/riberasalud.com\/hospital-de-molina\/alergia-en-los-ninos\/","og_site_name":"Hospital de Molina","article_published_time":"2016-03-23T09:28:39+00:00","article_modified_time":"2023-10-25T06:38:26+00:00","og_image":[{"url":"https:\/\/hospitaldemolina.es\/wp-content\/uploads\/2020\/05\/Pediatria20-20Dr.20Pio20Dolera20-20Foto2017.jpg","type":"","width":"","height":""}],"author":"hmolina","twitter_card":"summary_large_image","twitter_misc":{"Escrito por":"hmolina","Tiempo de lectura":"1 minuto"},"schema":{"@context":"https:\/\/schema.org","@graph":[{"@type":"Article","@id":"https:\/\/riberasalud.com\/hospital-de-molina\/alergia-en-los-ninos\/#article","isPartOf":{"@id":"https:\/\/riberasalud.com\/hospital-de-molina\/alergia-en-los-ninos\/"},"author":{"name":"hmolina","@id":"https:\/\/riberasalud.com\/hospital-de-molina\/#\/schema\/person\/37d58effcbf02f32328940089f254419"},"headline":"Alergia en los ni\u00f1os","datePublished":"2016-03-23T09:28:39+00:00","dateModified":"2023-10-25T06:38:26+00:00","mainEntityOfPage":{"@id":"https:\/\/riberasalud.com\/hospital-de-molina\/alergia-en-los-ninos\/"},"wordCount":279,"publisher":{"@id":"https:\/\/riberasalud.com\/hospital-de-molina\/#organization"},"image":{"@id":"https:\/\/riberasalud.com\/hospital-de-molina\/alergia-en-los-ninos\/#primaryimage"},"thumbnailUrl":"https:\/\/hospitaldemolina.es\/wp-content\/uploads\/2020\/05\/Pediatria20-20Dr.20Pio20Dolera20-20Foto2017.jpg","articleSection":["Hemeroteca"],"inLanguage":"es"},{"@type":"WebPage","@id":"https:\/\/riberasalud.com\/hospital-de-molina\/alergia-en-los-ninos\/","url":"https:\/\/riberasalud.com\/hospital-de-molina\/alergia-en-los-ninos\/","name":"Alergia en los ni\u00f1os - Hospital de Molina","isPartOf":{"@id":"https:\/\/riberasalud.com\/hospital-de-molina\/#website"},"primaryImageOfPage":{"@id":"https:\/\/riberasalud.com\/hospital-de-molina\/alergia-en-los-ninos\/#primaryimage"},"image":{"@id":"https:\/\/riberasalud.com\/hospital-de-molina\/alergia-en-los-ninos\/#primaryimage"},"thumbnailUrl":"https:\/\/hospitaldemolina.es\/wp-content\/uploads\/2020\/05\/Pediatria20-20Dr.20Pio20Dolera20-20Foto2017.jpg","datePublished":"2016-03-23T09:28:39+00:00","dateModified":"2023-10-25T06:38:26+00:00","breadcrumb":{"@id":"https:\/\/riberasalud.com\/hospital-de-molina\/alergia-en-los-ninos\/#breadcrumb"},"inLanguage":"es","potentialAction":[{"@type":"ReadAction","target":["https:\/\/riberasalud.com\/hospital-de-molina\/alergia-en-los-ninos\/"]}]},{"@type":"ImageObject","inLanguage":"es","@id":"https:\/\/riberasalud.com\/hospital-de-molina\/alergia-en-los-ninos\/#primaryimage","url":"https:\/\/hospitaldemolina.es\/wp-content\/uploads\/2020\/05\/Pediatria20-20Dr.20Pio20Dolera20-20Foto2017.jpg","contentUrl":"https:\/\/hospitaldemolina.es\/wp-content\/uploads\/2020\/05\/Pediatria20-20Dr.20Pio20Dolera20-20Foto2017.jpg"},{"@type":"BreadcrumbList","@id":"https:\/\/riberasalud.com\/hospital-de-molina\/alergia-en-los-ninos\/#breadcrumb","itemListElement":[{"@type":"ListItem","position":1,"name":"Portada","item":"https:\/\/riberasalud.com\/hospital-de-molina\/"},{"@type":"ListItem","position":2,"name":"Alergia en los ni\u00f1os"}]},{"@type":"WebSite","@id":"https:\/\/riberasalud.com\/hospital-de-molina\/#website","url":"https:\/\/riberasalud.com\/hospital-de-molina\/","name":"Hospital de Molina","description":"","publisher":{"@id":"https:\/\/riberasalud.com\/hospital-de-molina\/#organization"},"potentialAction":[{"@type":"SearchAction","target":{"@type":"EntryPoint","urlTemplate":"https:\/\/riberasalud.com\/hospital-de-molina\/?s={search_term_string}"},"query-input":{"@type":"PropertyValueSpecification","valueRequired":true,"valueName":"search_term_string"}}],"inLanguage":"es"},{"@type":"Organization","@id":"https:\/\/riberasalud.com\/hospital-de-molina\/#organization","name":"Hospital de Molina","url":"https:\/\/riberasalud.com\/hospital-de-molina\/","logo":{"@type":"ImageObject","inLanguage":"es","@id":"https:\/\/riberasalud.com\/hospital-de-molina\/#\/schema\/logo\/image\/","url":"https:\/\/riberasalud.com\/hospital-de-molina\/wp-content\/uploads\/2023\/01\/cropped-Logo-Red-DeMolina-bigtz7.png","contentUrl":"https:\/\/riberasalud.com\/hospital-de-molina\/wp-content\/uploads\/2023\/01\/cropped-Logo-Red-DeMolina-bigtz7.png","width":300,"height":72,"caption":"Hospital de Molina"},"image":{"@id":"https:\/\/riberasalud.com\/hospital-de-molina\/#\/schema\/logo\/image\/"}},{"@type":"Person","@id":"https:\/\/riberasalud.com\/hospital-de-molina\/#\/schema\/person\/37d58effcbf02f32328940089f254419","name":"hmolina","image":{"@type":"ImageObject","inLanguage":"es","@id":"https:\/\/riberasalud.com\/hospital-de-molina\/#\/schema\/person\/image\/","url":"https:\/\/secure.gravatar.com\/avatar\/9db1181c394bec9505d449c90a21b5363cc35ad9a76f60f11a304b23bb0e8dd4?s=96&d=mm&r=g","contentUrl":"https:\/\/secure.gravatar.com\/avatar\/9db1181c394bec9505d449c90a21b5363cc35ad9a76f60f11a304b23bb0e8dd4?s=96&d=mm&r=g","caption":"hmolina"},"url":"https:\/\/riberasalud.com\/hospital-de-molina\/author\/hmolina\/"}]}},"uagb_featured_image_src":{"full":false,"thumbnail":false,"medium":false,"medium_large":false,"large":false,"1536x1536":false,"2048x2048":false},"uagb_author_info":{"display_name":"hmolina","author_link":"https:\/\/riberasalud.com\/hospital-de-molina\/author\/hmolina\/"},"uagb_comment_info":0,"uagb_excerpt":"23 marzo 2016.- Picor ocular, hiperemia conjuntival, lagrimeo, fotofobia, rinorrea acuosa, estornudos,\u2026.. Son algunos de los s\u00edntomas leves que pueden aparecer cuando el organismo reacciona ante una exposici\u00f3n al al\u00e9rgeno. Sucede en adultos y tambi\u00e9n en los m\u00e1s peque\u00f1os. Despu\u00e9s de un invierno, donde la patolog\u00eda catarral y gripal ha sufrido un retraso en su&hellip;","_links":{"self":[{"href":"https:\/\/riberasalud.com\/hospital-de-molina\/wp-json\/wp\/v2\/posts\/2063","targetHints":{"allow":["GET"]}}],"collection":[{"href":"https:\/\/riberasalud.com\/hospital-de-molina\/wp-json\/wp\/v2\/posts"}],"about":[{"href":"https:\/\/riberasalud.com\/hospital-de-molina\/wp-json\/wp\/v2\/types\/post"}],"author":[{"embeddable":true,"href":"https:\/\/riberasalud.com\/hospital-de-molina\/wp-json\/wp\/v2\/users\/3"}],"replies":[{"embeddable":true,"href":"https:\/\/riberasalud.com\/hospital-de-molina\/wp-json\/wp\/v2\/comments?post=2063"}],"version-history":[{"count":1,"href":"https:\/\/riberasalud.com\/hospital-de-molina\/wp-json\/wp\/v2\/posts\/2063\/revisions"}],"predecessor-version":[{"id":8350,"href":"https:\/\/riberasalud.com\/hospital-de-molina\/wp-json\/wp\/v2\/posts\/2063\/revisions\/8350"}],"wp:attachment":[{"href":"https:\/\/riberasalud.com\/hospital-de-molina\/wp-json\/wp\/v2\/media?parent=2063"}],"wp:term":[{"taxonomy":"category","embeddable":true,"href":"https:\/\/riberasalud.com\/hospital-de-molina\/wp-json\/wp\/v2\/categories?post=2063"},{"taxonomy":"post_tag","embeddable":true,"href":"https:\/\/riberasalud.com\/hospital-de-molina\/wp-json\/wp\/v2\/tags?post=2063"}],"curies":[{"name":"wp","href":"https:\/\/api.w.org\/{rel}","templated":true}]}}