{"id":2062,"date":"2016-03-30T09:25:42","date_gmt":"2016-03-30T07:25:42","guid":{"rendered":"https:\/\/www.hospitaldemolina.es\/31-de-marzo-dia-mundial-contra-el-cancer-el-colon\/"},"modified":"2023-10-25T06:38:25","modified_gmt":"2023-10-25T06:38:25","slug":"31-de-marzo-dia-mundial-contra-el-cancer-el-colon","status":"publish","type":"post","link":"https:\/\/riberasalud.com\/hospital-de-molina\/31-de-marzo-dia-mundial-contra-el-cancer-el-colon\/","title":{"rendered":"31 de marzo: D\u00eda Mundial contra el C\u00e1ncer el Colon"},"content":{"rendered":"<p>30 marzo 2016.- El c\u00e1ncer colorrectal es el tumor maligno de mayor incidencia en Espa\u00f1a \u2013 contando hombres y mujeres \u2013 con entre 28.500 y 33.800 nuevos casos cada a\u00f1o. El 90% se cura si se detecta a tiempo (<a href=\"http:\/\/www.aecc.es\/\" style=\"line-height: 1.6em;\">www.aecc.es<\/a>).<\/p>\n<p class=\"rtecenter\"><img decoding=\"async\" src=\"https:\/\/riberasalud.com\/hospital-de-molina\/wp-content\/uploads\/2020\/05\/Cartel_colon.jpg\" style=\"height:140px; width: auto;\">  <img decoding=\"async\" src=\"https:\/\/riberasalud.com\/hospital-de-molina\/wp-content\/uploads\/2020\/05\/unnamed-file.cc.jpg\" style=\"height:140px; width: auto;\"><\/p>\n<p>Con motivo de la celebraci\u00f3n ma\u00f1ana jueves <strong>31 de marzo<\/strong> del <strong>D\u00eda Mundial Contra el C\u00e1ncer de Colon<\/strong>, el <strong>Director-Gerente del Hospital de Molina<\/strong>, <strong>Pedro Hern\u00e1ndez<\/strong><strong> Jim\u00e9nez<\/strong>, recuerda que \u201cel buen resultado del tratamiento frente al c\u00e1ncer de colon depende fundamentalmente de su prevenci\u00f3n y de su diagn\u00f3stico temprano y r\u00e1pido. La consulta con el especialista en Aparato Digestivo, a partir de los 50 a\u00f1os, es esencial para la prevenci\u00f3n, teniendo en cuenta que con un diagn\u00f3stico r\u00e1pido el tratamiento obtiene un resultado de curaci\u00f3n en el 90% de los casos\u201d.<\/p>\n<p>Para una detecci\u00f3n precoz, el Hospital de Molina realiza, adem\u00e1s de colonoscopias terap\u00e9uticas y virtuales y estudios con c\u00e1psula endosc\u00f3pica, de gran eficacia para detectar tanto c\u00e1nceres precoces como p\u00f3lipos que pudiesen evolucionar hacia un c\u00e1ncer, el Test de Sangre Oculta en Heces (TSOH). Si el resultado de la prueba es positivo, se completa el estudio con una colonoscopia.<\/p>\n<p>De este modo, se puede diagnosticar el c\u00e1ncer de colon de manera precoz y tratarlo en sus estadios iniciales, donde la supervivencia es mucho m\u00e1s elevada; incluso, se puede evitar la aparici\u00f3n de la enfermedad.<\/p>\n<p><strong>S\u00cdNTOMAS<\/strong><\/p>\n<p>Este tipo de c\u00e1ncer no suele presentar s\u00edntomas hasta que la enfermedad est\u00e1 ya avanzada. Por ello, es importante la prevenci\u00f3n y la detecci\u00f3n precoz, acudiendo a un especialista si se presentan alteraciones en los h\u00e1bitos intestinales, dolor abdominal y p\u00e9rdidas de sangre al defecar.<\/p>\n<p><strong>DIETA Y H\u00c1BITOS DE VIDA<\/strong><\/p>\n<p>El consumo de tabaco y alcohol, as\u00ed como las comidas ricas en grasa de origen animal y carnes rojas, la obesidad y el sedentarismo, son factores que predisponen al desarrollo del c\u00e1ncer de colon.<\/p>\n<p>Una dieta equilibrada &#8211; rica en frutas y verduras &#8211; junto al mantenimiento de un peso corporal adecuado y la realizaci\u00f3n de ejercicio f\u00edsico, ayudar\u00e1n a prevenir la aparici\u00f3n del c\u00e1ncer colorrectal.<\/p>\n<p>Enlaces Relacionados:<\/p>\n<p><a href=\"http:\/\/www.aecc.es\">AECC<\/a><\/p>\n","protected":false},"excerpt":{"rendered":"<p>30 marzo 2016.- El c\u00e1ncer colorrectal es el tumor maligno de mayor incidencia en Espa\u00f1a \u2013 contando hombres y mujeres \u2013 con entre 28.500 y 33.800 nuevos casos cada a\u00f1o. El 90% se cura si se detecta a tiempo (www.aecc.es). Con motivo de la celebraci\u00f3n ma\u00f1ana jueves 31 de marzo del D\u00eda Mundial Contra el &#8230; <a title=\"31 de marzo: D\u00eda Mundial contra el C\u00e1ncer el Colon\" class=\"read-more\" href=\"https:\/\/riberasalud.com\/hospital-de-molina\/31-de-marzo-dia-mundial-contra-el-cancer-el-colon\/\" aria-label=\"Leer m\u00e1s sobre 31 de marzo: D\u00eda Mundial contra el C\u00e1ncer el Colon\">Leer m\u00e1s<\/a><\/p>\n","protected":false},"author":3,"featured_media":0,"comment_status":"closed","ping_status":"open","sticky":false,"template":"","format":"standard","meta":{"_uag_custom_page_level_css":"","_mi_skip_tracking":false,"footnotes":""},"categories":[7],"tags":[],"class_list":["post-2062","post","type-post","status-publish","format-standard","hentry","category-hemeroteca"],"yoast_head":"<!-- This site is optimized with the Yoast SEO plugin v26.6 - https:\/\/yoast.com\/wordpress\/plugins\/seo\/ -->\n<title>31 de marzo: D\u00eda Mundial contra el C\u00e1ncer el Colon - Hospital de Molina<\/title>\n<meta name=\"robots\" content=\"index, follow, max-snippet:-1, max-image-preview:large, max-video-preview:-1\" \/>\n<link rel=\"canonical\" href=\"https:\/\/riberasalud.com\/hospital-de-molina\/31-de-marzo-dia-mundial-contra-el-cancer-el-colon\/\" \/>\n<meta property=\"og:locale\" content=\"es_ES\" \/>\n<meta property=\"og:type\" content=\"article\" \/>\n<meta property=\"og:title\" content=\"31 de marzo: D\u00eda Mundial contra el C\u00e1ncer el Colon - Hospital de Molina\" \/>\n<meta property=\"og:description\" content=\"30 marzo 2016.- El c\u00e1ncer colorrectal es el tumor maligno de mayor incidencia en Espa\u00f1a \u2013 contando hombres y mujeres \u2013 con entre 28.500 y 33.800 nuevos casos cada a\u00f1o. El 90% se cura si se detecta a tiempo (www.aecc.es). Con motivo de la celebraci\u00f3n ma\u00f1ana jueves 31 de marzo del D\u00eda Mundial Contra el ... Leer m\u00e1s\" \/>\n<meta property=\"og:url\" content=\"https:\/\/riberasalud.com\/hospital-de-molina\/31-de-marzo-dia-mundial-contra-el-cancer-el-colon\/\" \/>\n<meta property=\"og:site_name\" content=\"Hospital de Molina\" \/>\n<meta property=\"article:published_time\" content=\"2016-03-30T07:25:42+00:00\" \/>\n<meta property=\"article:modified_time\" content=\"2023-10-25T06:38:25+00:00\" \/>\n<meta property=\"og:image\" content=\"https:\/\/riberasalud.com\/hospital-de-molina\/wp-content\/uploads\/2020\/05\/Cartel_colon.jpg\" \/>\n<meta name=\"author\" content=\"hmolina\" \/>\n<meta name=\"twitter:card\" content=\"summary_large_image\" \/>\n<meta name=\"twitter:label1\" content=\"Escrito por\" \/>\n\t<meta name=\"twitter:data1\" content=\"hmolina\" \/>\n\t<meta name=\"twitter:label2\" content=\"Tiempo de lectura\" \/>\n\t<meta name=\"twitter:data2\" content=\"2 minutos\" \/>\n<script type=\"application\/ld+json\" class=\"yoast-schema-graph\">{\"@context\":\"https:\/\/schema.org\",\"@graph\":[{\"@type\":\"Article\",\"@id\":\"https:\/\/riberasalud.com\/hospital-de-molina\/31-de-marzo-dia-mundial-contra-el-cancer-el-colon\/#article\",\"isPartOf\":{\"@id\":\"https:\/\/riberasalud.com\/hospital-de-molina\/31-de-marzo-dia-mundial-contra-el-cancer-el-colon\/\"},\"author\":{\"name\":\"hmolina\",\"@id\":\"https:\/\/riberasalud.com\/hospital-de-molina\/#\/schema\/person\/37d58effcbf02f32328940089f254419\"},\"headline\":\"31 de marzo: D\u00eda Mundial contra el C\u00e1ncer el Colon\",\"datePublished\":\"2016-03-30T07:25:42+00:00\",\"dateModified\":\"2023-10-25T06:38:25+00:00\",\"mainEntityOfPage\":{\"@id\":\"https:\/\/riberasalud.com\/hospital-de-molina\/31-de-marzo-dia-mundial-contra-el-cancer-el-colon\/\"},\"wordCount\":392,\"publisher\":{\"@id\":\"https:\/\/riberasalud.com\/hospital-de-molina\/#organization\"},\"image\":{\"@id\":\"https:\/\/riberasalud.com\/hospital-de-molina\/31-de-marzo-dia-mundial-contra-el-cancer-el-colon\/#primaryimage\"},\"thumbnailUrl\":\"https:\/\/riberasalud.com\/hospital-de-molina\/wp-content\/uploads\/2020\/05\/Cartel_colon.jpg\",\"articleSection\":[\"Hemeroteca\"],\"inLanguage\":\"es\"},{\"@type\":\"WebPage\",\"@id\":\"https:\/\/riberasalud.com\/hospital-de-molina\/31-de-marzo-dia-mundial-contra-el-cancer-el-colon\/\",\"url\":\"https:\/\/riberasalud.com\/hospital-de-molina\/31-de-marzo-dia-mundial-contra-el-cancer-el-colon\/\",\"name\":\"31 de marzo: D\u00eda Mundial contra el C\u00e1ncer el Colon - Hospital de Molina\",\"isPartOf\":{\"@id\":\"https:\/\/riberasalud.com\/hospital-de-molina\/#website\"},\"primaryImageOfPage\":{\"@id\":\"https:\/\/riberasalud.com\/hospital-de-molina\/31-de-marzo-dia-mundial-contra-el-cancer-el-colon\/#primaryimage\"},\"image\":{\"@id\":\"https:\/\/riberasalud.com\/hospital-de-molina\/31-de-marzo-dia-mundial-contra-el-cancer-el-colon\/#primaryimage\"},\"thumbnailUrl\":\"https:\/\/riberasalud.com\/hospital-de-molina\/wp-content\/uploads\/2020\/05\/Cartel_colon.jpg\",\"datePublished\":\"2016-03-30T07:25:42+00:00\",\"dateModified\":\"2023-10-25T06:38:25+00:00\",\"breadcrumb\":{\"@id\":\"https:\/\/riberasalud.com\/hospital-de-molina\/31-de-marzo-dia-mundial-contra-el-cancer-el-colon\/#breadcrumb\"},\"inLanguage\":\"es\",\"potentialAction\":[{\"@type\":\"ReadAction\",\"target\":[\"https:\/\/riberasalud.com\/hospital-de-molina\/31-de-marzo-dia-mundial-contra-el-cancer-el-colon\/\"]}]},{\"@type\":\"ImageObject\",\"inLanguage\":\"es\",\"@id\":\"https:\/\/riberasalud.com\/hospital-de-molina\/31-de-marzo-dia-mundial-contra-el-cancer-el-colon\/#primaryimage\",\"url\":\"https:\/\/riberasalud.com\/hospital-de-molina\/wp-content\/uploads\/2020\/05\/Cartel_colon.jpg\",\"contentUrl\":\"https:\/\/riberasalud.com\/hospital-de-molina\/wp-content\/uploads\/2020\/05\/Cartel_colon.jpg\",\"width\":283,\"height\":390},{\"@type\":\"BreadcrumbList\",\"@id\":\"https:\/\/riberasalud.com\/hospital-de-molina\/31-de-marzo-dia-mundial-contra-el-cancer-el-colon\/#breadcrumb\",\"itemListElement\":[{\"@type\":\"ListItem\",\"position\":1,\"name\":\"Portada\",\"item\":\"https:\/\/riberasalud.com\/hospital-de-molina\/\"},{\"@type\":\"ListItem\",\"position\":2,\"name\":\"31 de marzo: D\u00eda Mundial contra el C\u00e1ncer el Colon\"}]},{\"@type\":\"WebSite\",\"@id\":\"https:\/\/riberasalud.com\/hospital-de-molina\/#website\",\"url\":\"https:\/\/riberasalud.com\/hospital-de-molina\/\",\"name\":\"Hospital de Molina\",\"description\":\"\",\"publisher\":{\"@id\":\"https:\/\/riberasalud.com\/hospital-de-molina\/#organization\"},\"potentialAction\":[{\"@type\":\"SearchAction\",\"target\":{\"@type\":\"EntryPoint\",\"urlTemplate\":\"https:\/\/riberasalud.com\/hospital-de-molina\/?s={search_term_string}\"},\"query-input\":{\"@type\":\"PropertyValueSpecification\",\"valueRequired\":true,\"valueName\":\"search_term_string\"}}],\"inLanguage\":\"es\"},{\"@type\":\"Organization\",\"@id\":\"https:\/\/riberasalud.com\/hospital-de-molina\/#organization\",\"name\":\"Hospital de Molina\",\"url\":\"https:\/\/riberasalud.com\/hospital-de-molina\/\",\"logo\":{\"@type\":\"ImageObject\",\"inLanguage\":\"es\",\"@id\":\"https:\/\/riberasalud.com\/hospital-de-molina\/#\/schema\/logo\/image\/\",\"url\":\"https:\/\/riberasalud.com\/hospital-de-molina\/wp-content\/uploads\/2023\/01\/cropped-Logo-Red-DeMolina-bigtz7.png\",\"contentUrl\":\"https:\/\/riberasalud.com\/hospital-de-molina\/wp-content\/uploads\/2023\/01\/cropped-Logo-Red-DeMolina-bigtz7.png\",\"width\":300,\"height\":72,\"caption\":\"Hospital de Molina\"},\"image\":{\"@id\":\"https:\/\/riberasalud.com\/hospital-de-molina\/#\/schema\/logo\/image\/\"}},{\"@type\":\"Person\",\"@id\":\"https:\/\/riberasalud.com\/hospital-de-molina\/#\/schema\/person\/37d58effcbf02f32328940089f254419\",\"name\":\"hmolina\",\"image\":{\"@type\":\"ImageObject\",\"inLanguage\":\"es\",\"@id\":\"https:\/\/riberasalud.com\/hospital-de-molina\/#\/schema\/person\/image\/\",\"url\":\"https:\/\/secure.gravatar.com\/avatar\/9db1181c394bec9505d449c90a21b5363cc35ad9a76f60f11a304b23bb0e8dd4?s=96&d=mm&r=g\",\"contentUrl\":\"https:\/\/secure.gravatar.com\/avatar\/9db1181c394bec9505d449c90a21b5363cc35ad9a76f60f11a304b23bb0e8dd4?s=96&d=mm&r=g\",\"caption\":\"hmolina\"},\"url\":\"https:\/\/riberasalud.com\/hospital-de-molina\/author\/hmolina\/\"}]}<\/script>\n<!-- \/ Yoast SEO plugin. -->","yoast_head_json":{"title":"31 de marzo: D\u00eda Mundial contra el C\u00e1ncer el Colon - Hospital de Molina","robots":{"index":"index","follow":"follow","max-snippet":"max-snippet:-1","max-image-preview":"max-image-preview:large","max-video-preview":"max-video-preview:-1"},"canonical":"https:\/\/riberasalud.com\/hospital-de-molina\/31-de-marzo-dia-mundial-contra-el-cancer-el-colon\/","og_locale":"es_ES","og_type":"article","og_title":"31 de marzo: D\u00eda Mundial contra el C\u00e1ncer el Colon - Hospital de Molina","og_description":"30 marzo 2016.- El c\u00e1ncer colorrectal es el tumor maligno de mayor incidencia en Espa\u00f1a \u2013 contando hombres y mujeres \u2013 con entre 28.500 y 33.800 nuevos casos cada a\u00f1o. El 90% se cura si se detecta a tiempo (www.aecc.es). Con motivo de la celebraci\u00f3n ma\u00f1ana jueves 31 de marzo del D\u00eda Mundial Contra el ... Leer m\u00e1s","og_url":"https:\/\/riberasalud.com\/hospital-de-molina\/31-de-marzo-dia-mundial-contra-el-cancer-el-colon\/","og_site_name":"Hospital de Molina","article_published_time":"2016-03-30T07:25:42+00:00","article_modified_time":"2023-10-25T06:38:25+00:00","og_image":[{"url":"https:\/\/riberasalud.com\/hospital-de-molina\/wp-content\/uploads\/2020\/05\/Cartel_colon.jpg","type":"","width":"","height":""}],"author":"hmolina","twitter_card":"summary_large_image","twitter_misc":{"Escrito por":"hmolina","Tiempo de lectura":"2 minutos"},"schema":{"@context":"https:\/\/schema.org","@graph":[{"@type":"Article","@id":"https:\/\/riberasalud.com\/hospital-de-molina\/31-de-marzo-dia-mundial-contra-el-cancer-el-colon\/#article","isPartOf":{"@id":"https:\/\/riberasalud.com\/hospital-de-molina\/31-de-marzo-dia-mundial-contra-el-cancer-el-colon\/"},"author":{"name":"hmolina","@id":"https:\/\/riberasalud.com\/hospital-de-molina\/#\/schema\/person\/37d58effcbf02f32328940089f254419"},"headline":"31 de marzo: D\u00eda Mundial contra el C\u00e1ncer el Colon","datePublished":"2016-03-30T07:25:42+00:00","dateModified":"2023-10-25T06:38:25+00:00","mainEntityOfPage":{"@id":"https:\/\/riberasalud.com\/hospital-de-molina\/31-de-marzo-dia-mundial-contra-el-cancer-el-colon\/"},"wordCount":392,"publisher":{"@id":"https:\/\/riberasalud.com\/hospital-de-molina\/#organization"},"image":{"@id":"https:\/\/riberasalud.com\/hospital-de-molina\/31-de-marzo-dia-mundial-contra-el-cancer-el-colon\/#primaryimage"},"thumbnailUrl":"https:\/\/riberasalud.com\/hospital-de-molina\/wp-content\/uploads\/2020\/05\/Cartel_colon.jpg","articleSection":["Hemeroteca"],"inLanguage":"es"},{"@type":"WebPage","@id":"https:\/\/riberasalud.com\/hospital-de-molina\/31-de-marzo-dia-mundial-contra-el-cancer-el-colon\/","url":"https:\/\/riberasalud.com\/hospital-de-molina\/31-de-marzo-dia-mundial-contra-el-cancer-el-colon\/","name":"31 de marzo: D\u00eda Mundial contra el C\u00e1ncer el Colon - Hospital de Molina","isPartOf":{"@id":"https:\/\/riberasalud.com\/hospital-de-molina\/#website"},"primaryImageOfPage":{"@id":"https:\/\/riberasalud.com\/hospital-de-molina\/31-de-marzo-dia-mundial-contra-el-cancer-el-colon\/#primaryimage"},"image":{"@id":"https:\/\/riberasalud.com\/hospital-de-molina\/31-de-marzo-dia-mundial-contra-el-cancer-el-colon\/#primaryimage"},"thumbnailUrl":"https:\/\/riberasalud.com\/hospital-de-molina\/wp-content\/uploads\/2020\/05\/Cartel_colon.jpg","datePublished":"2016-03-30T07:25:42+00:00","dateModified":"2023-10-25T06:38:25+00:00","breadcrumb":{"@id":"https:\/\/riberasalud.com\/hospital-de-molina\/31-de-marzo-dia-mundial-contra-el-cancer-el-colon\/#breadcrumb"},"inLanguage":"es","potentialAction":[{"@type":"ReadAction","target":["https:\/\/riberasalud.com\/hospital-de-molina\/31-de-marzo-dia-mundial-contra-el-cancer-el-colon\/"]}]},{"@type":"ImageObject","inLanguage":"es","@id":"https:\/\/riberasalud.com\/hospital-de-molina\/31-de-marzo-dia-mundial-contra-el-cancer-el-colon\/#primaryimage","url":"https:\/\/riberasalud.com\/hospital-de-molina\/wp-content\/uploads\/2020\/05\/Cartel_colon.jpg","contentUrl":"https:\/\/riberasalud.com\/hospital-de-molina\/wp-content\/uploads\/2020\/05\/Cartel_colon.jpg","width":283,"height":390},{"@type":"BreadcrumbList","@id":"https:\/\/riberasalud.com\/hospital-de-molina\/31-de-marzo-dia-mundial-contra-el-cancer-el-colon\/#breadcrumb","itemListElement":[{"@type":"ListItem","position":1,"name":"Portada","item":"https:\/\/riberasalud.com\/hospital-de-molina\/"},{"@type":"ListItem","position":2,"name":"31 de marzo: D\u00eda Mundial contra el C\u00e1ncer el Colon"}]},{"@type":"WebSite","@id":"https:\/\/riberasalud.com\/hospital-de-molina\/#website","url":"https:\/\/riberasalud.com\/hospital-de-molina\/","name":"Hospital de Molina","description":"","publisher":{"@id":"https:\/\/riberasalud.com\/hospital-de-molina\/#organization"},"potentialAction":[{"@type":"SearchAction","target":{"@type":"EntryPoint","urlTemplate":"https:\/\/riberasalud.com\/hospital-de-molina\/?s={search_term_string}"},"query-input":{"@type":"PropertyValueSpecification","valueRequired":true,"valueName":"search_term_string"}}],"inLanguage":"es"},{"@type":"Organization","@id":"https:\/\/riberasalud.com\/hospital-de-molina\/#organization","name":"Hospital de Molina","url":"https:\/\/riberasalud.com\/hospital-de-molina\/","logo":{"@type":"ImageObject","inLanguage":"es","@id":"https:\/\/riberasalud.com\/hospital-de-molina\/#\/schema\/logo\/image\/","url":"https:\/\/riberasalud.com\/hospital-de-molina\/wp-content\/uploads\/2023\/01\/cropped-Logo-Red-DeMolina-bigtz7.png","contentUrl":"https:\/\/riberasalud.com\/hospital-de-molina\/wp-content\/uploads\/2023\/01\/cropped-Logo-Red-DeMolina-bigtz7.png","width":300,"height":72,"caption":"Hospital de Molina"},"image":{"@id":"https:\/\/riberasalud.com\/hospital-de-molina\/#\/schema\/logo\/image\/"}},{"@type":"Person","@id":"https:\/\/riberasalud.com\/hospital-de-molina\/#\/schema\/person\/37d58effcbf02f32328940089f254419","name":"hmolina","image":{"@type":"ImageObject","inLanguage":"es","@id":"https:\/\/riberasalud.com\/hospital-de-molina\/#\/schema\/person\/image\/","url":"https:\/\/secure.gravatar.com\/avatar\/9db1181c394bec9505d449c90a21b5363cc35ad9a76f60f11a304b23bb0e8dd4?s=96&d=mm&r=g","contentUrl":"https:\/\/secure.gravatar.com\/avatar\/9db1181c394bec9505d449c90a21b5363cc35ad9a76f60f11a304b23bb0e8dd4?s=96&d=mm&r=g","caption":"hmolina"},"url":"https:\/\/riberasalud.com\/hospital-de-molina\/author\/hmolina\/"}]}},"uagb_featured_image_src":{"full":false,"thumbnail":false,"medium":false,"medium_large":false,"large":false,"1536x1536":false,"2048x2048":false},"uagb_author_info":{"display_name":"hmolina","author_link":"https:\/\/riberasalud.com\/hospital-de-molina\/author\/hmolina\/"},"uagb_comment_info":0,"uagb_excerpt":"30 marzo 2016.- El c\u00e1ncer colorrectal es el tumor maligno de mayor incidencia en Espa\u00f1a \u2013 contando hombres y mujeres \u2013 con entre 28.500 y 33.800 nuevos casos cada a\u00f1o. El 90% se cura si se detecta a tiempo (www.aecc.es). Con motivo de la celebraci\u00f3n ma\u00f1ana jueves 31 de marzo del D\u00eda Mundial Contra el&hellip;","_links":{"self":[{"href":"https:\/\/riberasalud.com\/hospital-de-molina\/wp-json\/wp\/v2\/posts\/2062","targetHints":{"allow":["GET"]}}],"collection":[{"href":"https:\/\/riberasalud.com\/hospital-de-molina\/wp-json\/wp\/v2\/posts"}],"about":[{"href":"https:\/\/riberasalud.com\/hospital-de-molina\/wp-json\/wp\/v2\/types\/post"}],"author":[{"embeddable":true,"href":"https:\/\/riberasalud.com\/hospital-de-molina\/wp-json\/wp\/v2\/users\/3"}],"replies":[{"embeddable":true,"href":"https:\/\/riberasalud.com\/hospital-de-molina\/wp-json\/wp\/v2\/comments?post=2062"}],"version-history":[{"count":1,"href":"https:\/\/riberasalud.com\/hospital-de-molina\/wp-json\/wp\/v2\/posts\/2062\/revisions"}],"predecessor-version":[{"id":8349,"href":"https:\/\/riberasalud.com\/hospital-de-molina\/wp-json\/wp\/v2\/posts\/2062\/revisions\/8349"}],"wp:attachment":[{"href":"https:\/\/riberasalud.com\/hospital-de-molina\/wp-json\/wp\/v2\/media?parent=2062"}],"wp:term":[{"taxonomy":"category","embeddable":true,"href":"https:\/\/riberasalud.com\/hospital-de-molina\/wp-json\/wp\/v2\/categories?post=2062"},{"taxonomy":"post_tag","embeddable":true,"href":"https:\/\/riberasalud.com\/hospital-de-molina\/wp-json\/wp\/v2\/tags?post=2062"}],"curies":[{"name":"wp","href":"https:\/\/api.w.org\/{rel}","templated":true}]}}