{"id":2060,"date":"2016-04-08T09:12:38","date_gmt":"2016-04-08T07:12:38","guid":{"rendered":"https:\/\/www.hospitaldemolina.es\/x-semana-de-la-salud-de-molina-de-segura-promueve-tu-salud-no-la-medicalices\/"},"modified":"2023-10-25T06:38:24","modified_gmt":"2023-10-25T06:38:24","slug":"x-semana-de-la-salud-de-molina-de-segura-promueve-tu-salud-no-la-medicalices","status":"publish","type":"post","link":"https:\/\/riberasalud.com\/hospital-de-molina\/x-semana-de-la-salud-de-molina-de-segura-promueve-tu-salud-no-la-medicalices\/","title":{"rendered":"X Semana de la Salud de Molina de Segura: Promueve tu salud, no la medicalices"},"content":{"rendered":"<p>8 abril 2016.- La <strong>X Semana<\/strong><strong> de la Salud<\/strong>, promovida por el <strong>Ayuntamiento de Molina de Segura<\/strong>, el <strong>Hospital de Molina<\/strong> y los <strong>centros de salud del municipio<\/strong>, comienza el pr\u00f3ximo lunes 11 de abril, tras su presentaci\u00f3n en rueda de prensa celebrada esta ma\u00f1ana en el Sal\u00f3n de Plenos del Consistorio molinense, con la presencia de la Alcaldesa de Molina de Segura, Esther Clavero Mira, el Director-Gerente del Hospital de Molina, Pedro Hern\u00e1ndez Jim\u00e9nez, y los coordinadores de los Centro de Salud del municipio, Emilio Macan\u00e1s P\u00e9rez y Juan Francisco Men\u00e1rguez Puche.<\/p>\n<p class=\"rtecenter\"><img decoding=\"async\" src=\"https:\/\/riberasalud.com\/hospital-de-molina\/wp-content\/uploads\/2020\/05\/01.jpg\" style=\"height:140px; width: auto;\"> <img decoding=\"async\" src=\"https:\/\/hospitaldemolina.es\/wp-content\/uploads\/2020\/05\/16-04-0820-20Presentacion20X20Semana20Salud20-20Foto1.jpg\" style=\"height:140px; width: auto;\"> <img decoding=\"async\" src=\"https:\/\/hospitaldemolina.es\/wp-content\/uploads\/2020\/05\/16-04-0820-20Presentacion20X20Semana20Salud20-20Foto3.jpg\" style=\"height:140px; width: auto;\"> <img decoding=\"async\" src=\"https:\/\/hospitaldemolina.es\/wp-content\/uploads\/2020\/05\/16-04-0820-20Presentacion20X20Semana20Salud20-20Foto3.jpg\" style=\"height:140px; width: auto;\"><\/p>\n<p class=\"rtecenter\"><img decoding=\"async\" src=\"https:\/\/hospitaldemolina.es\/wp-content\/uploads\/2020\/05\/16-04-0820-20Presentacion20X20Semana20Salud20-20Foto4.jpg\" style=\"height:140px; width: auto;\"> <img decoding=\"async\" src=\"https:\/\/hospitaldemolina.es\/wp-content\/uploads\/2020\/05\/16-04-0820-20Presentacion20X20Semana20Salud20-20Foto5.jpg\" style=\"height:140px; width: auto;\"> <img decoding=\"async\" src=\"https:\/\/hospitaldemolina.es\/wp-content\/uploads\/2020\/05\/Semana20de20la20Salud202016-Molina-PresentaciC3B3n-Foto1.jpg\" style=\"height:140px; width: auto;\"><\/p>\n<p>En palabras de <strong>Pedro Hern\u00e1ndez Jim\u00e9nez<\/strong>, \u201cun a\u00f1o m\u00e1s, el Hospital de Molina colabora en la celebraci\u00f3n de la Semana de la Salud de nuestra localidad, con el \u00e1nimo de divulgar h\u00e1bitos saludables y la b\u00fasqueda de t\u00e9cnicas de prevenci\u00f3n de enfermedades. Adem\u00e1s, este a\u00f1o, todas las organizaciones implicadas en la organizaci\u00f3n de este evento nos centramos en concienciar a la poblaci\u00f3n para que evite medicalizarse ante aquellas patolog\u00edas en las que hay que explorar antes otras opciones m\u00e1s saludables; as\u00ed, por ejemplo, ante el insomnio, antes de utilizar medicamentos que ayudan a dormir, pero que tienen efectos adversos, es mejor utilizar de primera opci\u00f3n otras medidas f\u00edsicas que ayudan igualmente a dormir y evitan los efectos no deseados y menos saludables de determinados f\u00e1rmacos. Esperamos que tanto la promoci\u00f3n de la salud, que pretendemos, como la prevenci\u00f3n y la adquisici\u00f3n de h\u00e1bitos saludables, que queremos divulgar, sean para siempre una realidad entre la ciudadan\u00eda de nuestro municipio\u201d.<\/p>\n<p>A lo largo de los pr\u00f3ximos siete d\u00edas, y bajo el hilo conductor \u201cPromueve tu salud, no la medicalices\u201d se suceder\u00e1n talleres de manipulaci\u00f3n de alimentos, jornadas gastron\u00f3micas de comida saludable, conferencias, talleres y exhibiciones.<\/p>\n<p>Tambi\u00e9n se celebrar\u00e1 el <strong>Foro de la Salud<\/strong>, cuya inauguraci\u00f3n tendr\u00e1 lugar el pr\u00f3ximo <strong>jueves 14 de abril<\/strong>, junto con la entrega del <strong>VI Premio Dr. Francisco Guirado<\/strong> en reconocimiento de aquellos profesionales, personas y asociaciones del mundo de la sanidad que hayan destacado por su labor en beneficio del municipio de Molina de Segura.<\/p>\n<p>En este marco, como en ediciones anteriores, el <strong>Hospital de Molina<\/strong> realizar\u00e1 valoraciones generales del estado de salud &#8211; tensi\u00f3n arterial y colesterol, revisiones bucodentales, consejos nutricionales, etc. \u2013 y ofrecer\u00e1 consejos saludables a todos los ciudadanos que pasen por su stand.<\/p>\n<p>Enlaces Relacionados:<\/p>\n","protected":false},"excerpt":{"rendered":"<p>8 abril 2016.- La X Semana de la Salud, promovida por el Ayuntamiento de Molina de Segura, el Hospital de Molina y los centros de salud del municipio, comienza el pr\u00f3ximo lunes 11 de abril, tras su presentaci\u00f3n en rueda de prensa celebrada esta ma\u00f1ana en el Sal\u00f3n de Plenos del Consistorio molinense, con la &#8230; <a title=\"X Semana de la Salud de Molina de Segura: Promueve tu salud, no la medicalices\" class=\"read-more\" href=\"https:\/\/riberasalud.com\/hospital-de-molina\/x-semana-de-la-salud-de-molina-de-segura-promueve-tu-salud-no-la-medicalices\/\" aria-label=\"Leer m\u00e1s sobre X Semana de la Salud de Molina de Segura: Promueve tu salud, no la medicalices\">Leer m\u00e1s<\/a><\/p>\n","protected":false},"author":3,"featured_media":0,"comment_status":"closed","ping_status":"open","sticky":false,"template":"","format":"standard","meta":{"_uag_custom_page_level_css":"","_mi_skip_tracking":false,"footnotes":""},"categories":[7],"tags":[],"class_list":["post-2060","post","type-post","status-publish","format-standard","hentry","category-hemeroteca"],"yoast_head":"<!-- This site is optimized with the Yoast SEO plugin v26.6 - https:\/\/yoast.com\/wordpress\/plugins\/seo\/ -->\n<title>X Semana de la Salud de Molina de Segura: Promueve tu salud, no la medicalices - Hospital de Molina<\/title>\n<meta name=\"robots\" content=\"index, follow, max-snippet:-1, max-image-preview:large, max-video-preview:-1\" \/>\n<link rel=\"canonical\" href=\"https:\/\/riberasalud.com\/hospital-de-molina\/x-semana-de-la-salud-de-molina-de-segura-promueve-tu-salud-no-la-medicalices\/\" \/>\n<meta property=\"og:locale\" content=\"es_ES\" \/>\n<meta property=\"og:type\" content=\"article\" \/>\n<meta property=\"og:title\" content=\"X Semana de la Salud de Molina de Segura: Promueve tu salud, no la medicalices - Hospital de Molina\" \/>\n<meta property=\"og:description\" content=\"8 abril 2016.- La X Semana de la Salud, promovida por el Ayuntamiento de Molina de Segura, el Hospital de Molina y los centros de salud del municipio, comienza el pr\u00f3ximo lunes 11 de abril, tras su presentaci\u00f3n en rueda de prensa celebrada esta ma\u00f1ana en el Sal\u00f3n de Plenos del Consistorio molinense, con la ... Leer m\u00e1s\" \/>\n<meta property=\"og:url\" content=\"https:\/\/riberasalud.com\/hospital-de-molina\/x-semana-de-la-salud-de-molina-de-segura-promueve-tu-salud-no-la-medicalices\/\" \/>\n<meta property=\"og:site_name\" content=\"Hospital de Molina\" \/>\n<meta property=\"article:published_time\" content=\"2016-04-08T07:12:38+00:00\" \/>\n<meta property=\"article:modified_time\" content=\"2023-10-25T06:38:24+00:00\" \/>\n<meta property=\"og:image\" content=\"https:\/\/riberasalud.com\/hospital-de-molina\/wp-content\/uploads\/2020\/05\/01.jpg\" \/>\n<meta name=\"author\" content=\"hmolina\" \/>\n<meta name=\"twitter:card\" content=\"summary_large_image\" \/>\n<meta name=\"twitter:label1\" content=\"Escrito por\" \/>\n\t<meta name=\"twitter:data1\" content=\"hmolina\" \/>\n\t<meta name=\"twitter:label2\" content=\"Tiempo de lectura\" \/>\n\t<meta name=\"twitter:data2\" content=\"2 minutos\" \/>\n<script type=\"application\/ld+json\" class=\"yoast-schema-graph\">{\"@context\":\"https:\/\/schema.org\",\"@graph\":[{\"@type\":\"Article\",\"@id\":\"https:\/\/riberasalud.com\/hospital-de-molina\/x-semana-de-la-salud-de-molina-de-segura-promueve-tu-salud-no-la-medicalices\/#article\",\"isPartOf\":{\"@id\":\"https:\/\/riberasalud.com\/hospital-de-molina\/x-semana-de-la-salud-de-molina-de-segura-promueve-tu-salud-no-la-medicalices\/\"},\"author\":{\"name\":\"hmolina\",\"@id\":\"https:\/\/riberasalud.com\/hospital-de-molina\/#\/schema\/person\/37d58effcbf02f32328940089f254419\"},\"headline\":\"X Semana de la Salud de Molina de Segura: Promueve tu salud, no la medicalices\",\"datePublished\":\"2016-04-08T07:12:38+00:00\",\"dateModified\":\"2023-10-25T06:38:24+00:00\",\"mainEntityOfPage\":{\"@id\":\"https:\/\/riberasalud.com\/hospital-de-molina\/x-semana-de-la-salud-de-molina-de-segura-promueve-tu-salud-no-la-medicalices\/\"},\"wordCount\":437,\"publisher\":{\"@id\":\"https:\/\/riberasalud.com\/hospital-de-molina\/#organization\"},\"image\":{\"@id\":\"https:\/\/riberasalud.com\/hospital-de-molina\/x-semana-de-la-salud-de-molina-de-segura-promueve-tu-salud-no-la-medicalices\/#primaryimage\"},\"thumbnailUrl\":\"https:\/\/riberasalud.com\/hospital-de-molina\/wp-content\/uploads\/2020\/05\/01.jpg\",\"articleSection\":[\"Hemeroteca\"],\"inLanguage\":\"es\"},{\"@type\":\"WebPage\",\"@id\":\"https:\/\/riberasalud.com\/hospital-de-molina\/x-semana-de-la-salud-de-molina-de-segura-promueve-tu-salud-no-la-medicalices\/\",\"url\":\"https:\/\/riberasalud.com\/hospital-de-molina\/x-semana-de-la-salud-de-molina-de-segura-promueve-tu-salud-no-la-medicalices\/\",\"name\":\"X Semana de la Salud de Molina de Segura: Promueve tu salud, no la medicalices - Hospital de Molina\",\"isPartOf\":{\"@id\":\"https:\/\/riberasalud.com\/hospital-de-molina\/#website\"},\"primaryImageOfPage\":{\"@id\":\"https:\/\/riberasalud.com\/hospital-de-molina\/x-semana-de-la-salud-de-molina-de-segura-promueve-tu-salud-no-la-medicalices\/#primaryimage\"},\"image\":{\"@id\":\"https:\/\/riberasalud.com\/hospital-de-molina\/x-semana-de-la-salud-de-molina-de-segura-promueve-tu-salud-no-la-medicalices\/#primaryimage\"},\"thumbnailUrl\":\"https:\/\/riberasalud.com\/hospital-de-molina\/wp-content\/uploads\/2020\/05\/01.jpg\",\"datePublished\":\"2016-04-08T07:12:38+00:00\",\"dateModified\":\"2023-10-25T06:38:24+00:00\",\"breadcrumb\":{\"@id\":\"https:\/\/riberasalud.com\/hospital-de-molina\/x-semana-de-la-salud-de-molina-de-segura-promueve-tu-salud-no-la-medicalices\/#breadcrumb\"},\"inLanguage\":\"es\",\"potentialAction\":[{\"@type\":\"ReadAction\",\"target\":[\"https:\/\/riberasalud.com\/hospital-de-molina\/x-semana-de-la-salud-de-molina-de-segura-promueve-tu-salud-no-la-medicalices\/\"]}]},{\"@type\":\"ImageObject\",\"inLanguage\":\"es\",\"@id\":\"https:\/\/riberasalud.com\/hospital-de-molina\/x-semana-de-la-salud-de-molina-de-segura-promueve-tu-salud-no-la-medicalices\/#primaryimage\",\"url\":\"https:\/\/riberasalud.com\/hospital-de-molina\/wp-content\/uploads\/2020\/05\/01.jpg\",\"contentUrl\":\"https:\/\/riberasalud.com\/hospital-de-molina\/wp-content\/uploads\/2020\/05\/01.jpg\",\"width\":1654,\"height\":2339},{\"@type\":\"BreadcrumbList\",\"@id\":\"https:\/\/riberasalud.com\/hospital-de-molina\/x-semana-de-la-salud-de-molina-de-segura-promueve-tu-salud-no-la-medicalices\/#breadcrumb\",\"itemListElement\":[{\"@type\":\"ListItem\",\"position\":1,\"name\":\"Portada\",\"item\":\"https:\/\/riberasalud.com\/hospital-de-molina\/\"},{\"@type\":\"ListItem\",\"position\":2,\"name\":\"X Semana de la Salud de Molina de Segura: Promueve tu salud, no la medicalices\"}]},{\"@type\":\"WebSite\",\"@id\":\"https:\/\/riberasalud.com\/hospital-de-molina\/#website\",\"url\":\"https:\/\/riberasalud.com\/hospital-de-molina\/\",\"name\":\"Hospital de Molina\",\"description\":\"\",\"publisher\":{\"@id\":\"https:\/\/riberasalud.com\/hospital-de-molina\/#organization\"},\"potentialAction\":[{\"@type\":\"SearchAction\",\"target\":{\"@type\":\"EntryPoint\",\"urlTemplate\":\"https:\/\/riberasalud.com\/hospital-de-molina\/?s={search_term_string}\"},\"query-input\":{\"@type\":\"PropertyValueSpecification\",\"valueRequired\":true,\"valueName\":\"search_term_string\"}}],\"inLanguage\":\"es\"},{\"@type\":\"Organization\",\"@id\":\"https:\/\/riberasalud.com\/hospital-de-molina\/#organization\",\"name\":\"Hospital de Molina\",\"url\":\"https:\/\/riberasalud.com\/hospital-de-molina\/\",\"logo\":{\"@type\":\"ImageObject\",\"inLanguage\":\"es\",\"@id\":\"https:\/\/riberasalud.com\/hospital-de-molina\/#\/schema\/logo\/image\/\",\"url\":\"https:\/\/riberasalud.com\/hospital-de-molina\/wp-content\/uploads\/2023\/01\/cropped-Logo-Red-DeMolina-bigtz7.png\",\"contentUrl\":\"https:\/\/riberasalud.com\/hospital-de-molina\/wp-content\/uploads\/2023\/01\/cropped-Logo-Red-DeMolina-bigtz7.png\",\"width\":300,\"height\":72,\"caption\":\"Hospital de Molina\"},\"image\":{\"@id\":\"https:\/\/riberasalud.com\/hospital-de-molina\/#\/schema\/logo\/image\/\"}},{\"@type\":\"Person\",\"@id\":\"https:\/\/riberasalud.com\/hospital-de-molina\/#\/schema\/person\/37d58effcbf02f32328940089f254419\",\"name\":\"hmolina\",\"image\":{\"@type\":\"ImageObject\",\"inLanguage\":\"es\",\"@id\":\"https:\/\/riberasalud.com\/hospital-de-molina\/#\/schema\/person\/image\/\",\"url\":\"https:\/\/secure.gravatar.com\/avatar\/9db1181c394bec9505d449c90a21b5363cc35ad9a76f60f11a304b23bb0e8dd4?s=96&d=mm&r=g\",\"contentUrl\":\"https:\/\/secure.gravatar.com\/avatar\/9db1181c394bec9505d449c90a21b5363cc35ad9a76f60f11a304b23bb0e8dd4?s=96&d=mm&r=g\",\"caption\":\"hmolina\"},\"url\":\"https:\/\/riberasalud.com\/hospital-de-molina\/author\/hmolina\/\"}]}<\/script>\n<!-- \/ Yoast SEO plugin. -->","yoast_head_json":{"title":"X Semana de la Salud de Molina de Segura: Promueve tu salud, no la medicalices - Hospital de Molina","robots":{"index":"index","follow":"follow","max-snippet":"max-snippet:-1","max-image-preview":"max-image-preview:large","max-video-preview":"max-video-preview:-1"},"canonical":"https:\/\/riberasalud.com\/hospital-de-molina\/x-semana-de-la-salud-de-molina-de-segura-promueve-tu-salud-no-la-medicalices\/","og_locale":"es_ES","og_type":"article","og_title":"X Semana de la Salud de Molina de Segura: Promueve tu salud, no la medicalices - Hospital de Molina","og_description":"8 abril 2016.- La X Semana de la Salud, promovida por el Ayuntamiento de Molina de Segura, el Hospital de Molina y los centros de salud del municipio, comienza el pr\u00f3ximo lunes 11 de abril, tras su presentaci\u00f3n en rueda de prensa celebrada esta ma\u00f1ana en el Sal\u00f3n de Plenos del Consistorio molinense, con la ... Leer m\u00e1s","og_url":"https:\/\/riberasalud.com\/hospital-de-molina\/x-semana-de-la-salud-de-molina-de-segura-promueve-tu-salud-no-la-medicalices\/","og_site_name":"Hospital de Molina","article_published_time":"2016-04-08T07:12:38+00:00","article_modified_time":"2023-10-25T06:38:24+00:00","og_image":[{"url":"https:\/\/riberasalud.com\/hospital-de-molina\/wp-content\/uploads\/2020\/05\/01.jpg","type":"","width":"","height":""}],"author":"hmolina","twitter_card":"summary_large_image","twitter_misc":{"Escrito por":"hmolina","Tiempo de lectura":"2 minutos"},"schema":{"@context":"https:\/\/schema.org","@graph":[{"@type":"Article","@id":"https:\/\/riberasalud.com\/hospital-de-molina\/x-semana-de-la-salud-de-molina-de-segura-promueve-tu-salud-no-la-medicalices\/#article","isPartOf":{"@id":"https:\/\/riberasalud.com\/hospital-de-molina\/x-semana-de-la-salud-de-molina-de-segura-promueve-tu-salud-no-la-medicalices\/"},"author":{"name":"hmolina","@id":"https:\/\/riberasalud.com\/hospital-de-molina\/#\/schema\/person\/37d58effcbf02f32328940089f254419"},"headline":"X Semana de la Salud de Molina de Segura: Promueve tu salud, no la medicalices","datePublished":"2016-04-08T07:12:38+00:00","dateModified":"2023-10-25T06:38:24+00:00","mainEntityOfPage":{"@id":"https:\/\/riberasalud.com\/hospital-de-molina\/x-semana-de-la-salud-de-molina-de-segura-promueve-tu-salud-no-la-medicalices\/"},"wordCount":437,"publisher":{"@id":"https:\/\/riberasalud.com\/hospital-de-molina\/#organization"},"image":{"@id":"https:\/\/riberasalud.com\/hospital-de-molina\/x-semana-de-la-salud-de-molina-de-segura-promueve-tu-salud-no-la-medicalices\/#primaryimage"},"thumbnailUrl":"https:\/\/riberasalud.com\/hospital-de-molina\/wp-content\/uploads\/2020\/05\/01.jpg","articleSection":["Hemeroteca"],"inLanguage":"es"},{"@type":"WebPage","@id":"https:\/\/riberasalud.com\/hospital-de-molina\/x-semana-de-la-salud-de-molina-de-segura-promueve-tu-salud-no-la-medicalices\/","url":"https:\/\/riberasalud.com\/hospital-de-molina\/x-semana-de-la-salud-de-molina-de-segura-promueve-tu-salud-no-la-medicalices\/","name":"X Semana de la Salud de Molina de Segura: Promueve tu salud, no la medicalices - Hospital de Molina","isPartOf":{"@id":"https:\/\/riberasalud.com\/hospital-de-molina\/#website"},"primaryImageOfPage":{"@id":"https:\/\/riberasalud.com\/hospital-de-molina\/x-semana-de-la-salud-de-molina-de-segura-promueve-tu-salud-no-la-medicalices\/#primaryimage"},"image":{"@id":"https:\/\/riberasalud.com\/hospital-de-molina\/x-semana-de-la-salud-de-molina-de-segura-promueve-tu-salud-no-la-medicalices\/#primaryimage"},"thumbnailUrl":"https:\/\/riberasalud.com\/hospital-de-molina\/wp-content\/uploads\/2020\/05\/01.jpg","datePublished":"2016-04-08T07:12:38+00:00","dateModified":"2023-10-25T06:38:24+00:00","breadcrumb":{"@id":"https:\/\/riberasalud.com\/hospital-de-molina\/x-semana-de-la-salud-de-molina-de-segura-promueve-tu-salud-no-la-medicalices\/#breadcrumb"},"inLanguage":"es","potentialAction":[{"@type":"ReadAction","target":["https:\/\/riberasalud.com\/hospital-de-molina\/x-semana-de-la-salud-de-molina-de-segura-promueve-tu-salud-no-la-medicalices\/"]}]},{"@type":"ImageObject","inLanguage":"es","@id":"https:\/\/riberasalud.com\/hospital-de-molina\/x-semana-de-la-salud-de-molina-de-segura-promueve-tu-salud-no-la-medicalices\/#primaryimage","url":"https:\/\/riberasalud.com\/hospital-de-molina\/wp-content\/uploads\/2020\/05\/01.jpg","contentUrl":"https:\/\/riberasalud.com\/hospital-de-molina\/wp-content\/uploads\/2020\/05\/01.jpg","width":1654,"height":2339},{"@type":"BreadcrumbList","@id":"https:\/\/riberasalud.com\/hospital-de-molina\/x-semana-de-la-salud-de-molina-de-segura-promueve-tu-salud-no-la-medicalices\/#breadcrumb","itemListElement":[{"@type":"ListItem","position":1,"name":"Portada","item":"https:\/\/riberasalud.com\/hospital-de-molina\/"},{"@type":"ListItem","position":2,"name":"X Semana de la Salud de Molina de Segura: Promueve tu salud, no la medicalices"}]},{"@type":"WebSite","@id":"https:\/\/riberasalud.com\/hospital-de-molina\/#website","url":"https:\/\/riberasalud.com\/hospital-de-molina\/","name":"Hospital de Molina","description":"","publisher":{"@id":"https:\/\/riberasalud.com\/hospital-de-molina\/#organization"},"potentialAction":[{"@type":"SearchAction","target":{"@type":"EntryPoint","urlTemplate":"https:\/\/riberasalud.com\/hospital-de-molina\/?s={search_term_string}"},"query-input":{"@type":"PropertyValueSpecification","valueRequired":true,"valueName":"search_term_string"}}],"inLanguage":"es"},{"@type":"Organization","@id":"https:\/\/riberasalud.com\/hospital-de-molina\/#organization","name":"Hospital de Molina","url":"https:\/\/riberasalud.com\/hospital-de-molina\/","logo":{"@type":"ImageObject","inLanguage":"es","@id":"https:\/\/riberasalud.com\/hospital-de-molina\/#\/schema\/logo\/image\/","url":"https:\/\/riberasalud.com\/hospital-de-molina\/wp-content\/uploads\/2023\/01\/cropped-Logo-Red-DeMolina-bigtz7.png","contentUrl":"https:\/\/riberasalud.com\/hospital-de-molina\/wp-content\/uploads\/2023\/01\/cropped-Logo-Red-DeMolina-bigtz7.png","width":300,"height":72,"caption":"Hospital de Molina"},"image":{"@id":"https:\/\/riberasalud.com\/hospital-de-molina\/#\/schema\/logo\/image\/"}},{"@type":"Person","@id":"https:\/\/riberasalud.com\/hospital-de-molina\/#\/schema\/person\/37d58effcbf02f32328940089f254419","name":"hmolina","image":{"@type":"ImageObject","inLanguage":"es","@id":"https:\/\/riberasalud.com\/hospital-de-molina\/#\/schema\/person\/image\/","url":"https:\/\/secure.gravatar.com\/avatar\/9db1181c394bec9505d449c90a21b5363cc35ad9a76f60f11a304b23bb0e8dd4?s=96&d=mm&r=g","contentUrl":"https:\/\/secure.gravatar.com\/avatar\/9db1181c394bec9505d449c90a21b5363cc35ad9a76f60f11a304b23bb0e8dd4?s=96&d=mm&r=g","caption":"hmolina"},"url":"https:\/\/riberasalud.com\/hospital-de-molina\/author\/hmolina\/"}]}},"uagb_featured_image_src":{"full":false,"thumbnail":false,"medium":false,"medium_large":false,"large":false,"1536x1536":false,"2048x2048":false},"uagb_author_info":{"display_name":"hmolina","author_link":"https:\/\/riberasalud.com\/hospital-de-molina\/author\/hmolina\/"},"uagb_comment_info":0,"uagb_excerpt":"8 abril 2016.- La X Semana de la Salud, promovida por el Ayuntamiento de Molina de Segura, el Hospital de Molina y los centros de salud del municipio, comienza el pr\u00f3ximo lunes 11 de abril, tras su presentaci\u00f3n en rueda de prensa celebrada esta ma\u00f1ana en el Sal\u00f3n de Plenos del Consistorio molinense, con la&hellip;","_links":{"self":[{"href":"https:\/\/riberasalud.com\/hospital-de-molina\/wp-json\/wp\/v2\/posts\/2060","targetHints":{"allow":["GET"]}}],"collection":[{"href":"https:\/\/riberasalud.com\/hospital-de-molina\/wp-json\/wp\/v2\/posts"}],"about":[{"href":"https:\/\/riberasalud.com\/hospital-de-molina\/wp-json\/wp\/v2\/types\/post"}],"author":[{"embeddable":true,"href":"https:\/\/riberasalud.com\/hospital-de-molina\/wp-json\/wp\/v2\/users\/3"}],"replies":[{"embeddable":true,"href":"https:\/\/riberasalud.com\/hospital-de-molina\/wp-json\/wp\/v2\/comments?post=2060"}],"version-history":[{"count":1,"href":"https:\/\/riberasalud.com\/hospital-de-molina\/wp-json\/wp\/v2\/posts\/2060\/revisions"}],"predecessor-version":[{"id":8347,"href":"https:\/\/riberasalud.com\/hospital-de-molina\/wp-json\/wp\/v2\/posts\/2060\/revisions\/8347"}],"wp:attachment":[{"href":"https:\/\/riberasalud.com\/hospital-de-molina\/wp-json\/wp\/v2\/media?parent=2060"}],"wp:term":[{"taxonomy":"category","embeddable":true,"href":"https:\/\/riberasalud.com\/hospital-de-molina\/wp-json\/wp\/v2\/categories?post=2060"},{"taxonomy":"post_tag","embeddable":true,"href":"https:\/\/riberasalud.com\/hospital-de-molina\/wp-json\/wp\/v2\/tags?post=2060"}],"curies":[{"name":"wp","href":"https:\/\/api.w.org\/{rel}","templated":true}]}}