{"id":2055,"date":"2016-04-28T08:35:07","date_gmt":"2016-04-28T06:35:07","guid":{"rendered":"https:\/\/www.hospitaldemolina.es\/voluntarios-de-fade-prestan-atencion-social-a-los-pacientes-ingresados-en-el-hospital-de-molina\/"},"modified":"2023-10-25T06:38:22","modified_gmt":"2023-10-25T06:38:22","slug":"voluntarios-de-fade-prestan-atencion-social-a-los-pacientes-ingresados-en-el-hospital-de-molina","status":"publish","type":"post","link":"https:\/\/riberasalud.com\/hospital-de-molina\/voluntarios-de-fade-prestan-atencion-social-a-los-pacientes-ingresados-en-el-hospital-de-molina\/","title":{"rendered":"Voluntarios de FADE prestan atenci\u00f3n social a los pacientes ingresados  en el Hospital de Molina"},"content":{"rendered":"<p>28 abril 2016.- El <strong>Hospital de Molina<\/strong> y la <strong>Fundaci\u00f3n FADE<\/strong><strong> (Fundaci\u00f3n Ayuda, Desarrollo y Educaci\u00f3n)<\/strong> han firmado esta ma\u00f1ana la renovaci\u00f3n del convenio de colaboraci\u00f3n para el desarrollo del \u201cPrograma Secunda: Voluntariado Social\u201d en el Centro Hospitalario, por el que se ofrece a las personas mayores, enfermas o dependientes, usuarias del Hospital, as\u00ed como a sus familiares y cuidadores, herramientas de apoyo que les ayuden a superar con sentido positivo y enriquecedor la experiencia vital que conlleva el ingreso hospitalario.<\/p>\n<p class=\"rtecenter\"><img decoding=\"async\" src=\"https:\/\/hospitaldemolina.es\/wp-content\/uploads\/2020\/05\/16-04-2820-20Firma20Convenio20HM-FADE20-20Foto1.jpg\" style=\"height:140px; width: auto;\"> <img decoding=\"async\" src=\"https:\/\/hospitaldemolina.es\/wp-content\/uploads\/2020\/05\/16-04-2820-20Firma20Convenio20HM-FADE20-20Foto2.jpg\" style=\"height:140px; width: auto;\"> <img decoding=\"async\" src=\"https:\/\/hospitaldemolina.es\/wp-content\/uploads\/2020\/05\/16-04-2820-20Firma20Convenio20HM-FADE20-20Foto3.jpg\" style=\"height:140px; width: auto;\"> <img decoding=\"async\" src=\"https:\/\/hospitaldemolina.es\/wp-content\/uploads\/2020\/05\/16-04-2820-20Firma20Convenio20HM-FADE20-20Foto4.jpg\" style=\"height:140px; width: auto;\"> <img decoding=\"async\" src=\"https:\/\/hospitaldemolina.es\/wp-content\/uploads\/2020\/05\/16-04-2820-20Firma20Convenio20HM-FADE20-20Foto5.jpg\" style=\"height:140px; width: auto;\"><\/p>\n<p>Durante la renovaci\u00f3n del convenio, rubricado por el <strong>Director-Gerente del Hospital de Molina, Pedro Hern\u00e1ndez Jim\u00e9nez<\/strong>, y la <strong>Directora Gerente<\/strong><strong> de FADE, Mar\u00eda Sol\u00eds Mart\u00ed<\/strong>, Hern\u00e1ndez Jim\u00e9nez ha destacado la labor del voluntariado en los centros hospitalarios: \u201cEl voluntariado ayuda a las personas de manera bidireccional. Por una parte, la labor que desarrolla el voluntario contribuye a aumentar su compromiso con la sociedad y a fomentar valores de solidaridad. Y por otra, quien recibe los cuidados del voluntario consigue elevar su autoestima porque se siente m\u00e1s querido, lo que finalmente se traduce en un efecto terap\u00e9utico muy positivo para el paciente. As\u00ed lo hemos comprobado en el Hospital de Molina durante estos tres a\u00f1os de colaboraci\u00f3n con FADE y por eso nuestro gran inter\u00e9s en mantener esta colaboraci\u00f3n tan positiva y necesaria para nuestros pacientes\u201d.<\/p>\n<p>Solamente durante el primer trimestre de 2016, los 19 voluntarios de FADE que actualmente desarrollan su labor en el Centro Hospitalario han atendido a 137 pacientes del Hospital de Molina, realizando distintas actividades:<\/p>\n<p>Asistencia complementaria a la del Hospital, por medio del acompa\u00f1amiento a sus pacientes: compa\u00f1\u00eda, lectura, paseos, ayuda en actividades cotidianas, etc.<br \/>\nTareas de atenci\u00f3n, acompa\u00f1amiento y realizaci\u00f3n de gestiones con personas dependientes, con limitaciones f\u00edsicas o de otra clase para la realizaci\u00f3n de tareas cotidianas y gestiones fuera del Hospital de Molina.<br \/>\nApoyo &#8211; afectivo, material o f\u00edsico &#8211; a los cuidadores y\/o familiares de pacientes ingresados, durante la etapa de hospitalizaci\u00f3n.<\/p>\n<p>En los \u00faltimos seis meses, 228 pacientes del Hospital de Molina han recibido la atenci\u00f3n de los voluntarios de FADE.<\/p>\n<p>FADE (Fundaci\u00f3n Ayuda, Desarrollo y Educaci\u00f3n) es una Fundaci\u00f3n que promueve y desarrolla actividades de voluntariado en el \u00e1mbito de la atenci\u00f3n social de la Regi\u00f3n de Murcia, con colectivos como personas mayores, personas con discapacidad, enfermos mentales cr\u00f3nicos y personas con enfermedades cr\u00f3nicas y degenerativas.<\/p>\n<p>Enlaces Relacionados:<\/p>\n<p><a href=\"http:\/\/www.fundacionfade.org\/\">Fundaci\u00f3n FADE<\/a><\/p>\n","protected":false},"excerpt":{"rendered":"<p>28 abril 2016.- El Hospital de Molina y la Fundaci\u00f3n FADE (Fundaci\u00f3n Ayuda, Desarrollo y Educaci\u00f3n) han firmado esta ma\u00f1ana la renovaci\u00f3n del convenio de colaboraci\u00f3n para el desarrollo del \u201cPrograma Secunda: Voluntariado Social\u201d en el Centro Hospitalario, por el que se ofrece a las personas mayores, enfermas o dependientes, usuarias del Hospital, as\u00ed como &#8230; <a title=\"Voluntarios de FADE prestan atenci\u00f3n social a los pacientes ingresados  en el Hospital de Molina\" class=\"read-more\" href=\"https:\/\/riberasalud.com\/hospital-de-molina\/voluntarios-de-fade-prestan-atencion-social-a-los-pacientes-ingresados-en-el-hospital-de-molina\/\" aria-label=\"Leer m\u00e1s sobre Voluntarios de FADE prestan atenci\u00f3n social a los pacientes ingresados  en el Hospital de Molina\">Leer m\u00e1s<\/a><\/p>\n","protected":false},"author":3,"featured_media":0,"comment_status":"closed","ping_status":"open","sticky":false,"template":"","format":"standard","meta":{"_uag_custom_page_level_css":"","_mi_skip_tracking":false,"footnotes":""},"categories":[7],"tags":[],"class_list":["post-2055","post","type-post","status-publish","format-standard","hentry","category-hemeroteca"],"yoast_head":"<!-- This site is optimized with the Yoast SEO plugin v26.6 - https:\/\/yoast.com\/wordpress\/plugins\/seo\/ -->\n<title>Voluntarios de FADE prestan atenci\u00f3n social a los pacientes ingresados en el Hospital de Molina - Hospital de Molina<\/title>\n<meta name=\"robots\" content=\"index, follow, max-snippet:-1, max-image-preview:large, max-video-preview:-1\" \/>\n<link rel=\"canonical\" href=\"https:\/\/riberasalud.com\/hospital-de-molina\/voluntarios-de-fade-prestan-atencion-social-a-los-pacientes-ingresados-en-el-hospital-de-molina\/\" \/>\n<meta property=\"og:locale\" content=\"es_ES\" \/>\n<meta property=\"og:type\" content=\"article\" \/>\n<meta property=\"og:title\" content=\"Voluntarios de FADE prestan atenci\u00f3n social a los pacientes ingresados en el Hospital de Molina - Hospital de Molina\" \/>\n<meta property=\"og:description\" content=\"28 abril 2016.- El Hospital de Molina y la Fundaci\u00f3n FADE (Fundaci\u00f3n Ayuda, Desarrollo y Educaci\u00f3n) han firmado esta ma\u00f1ana la renovaci\u00f3n del convenio de colaboraci\u00f3n para el desarrollo del \u201cPrograma Secunda: Voluntariado Social\u201d en el Centro Hospitalario, por el que se ofrece a las personas mayores, enfermas o dependientes, usuarias del Hospital, as\u00ed como ... Leer m\u00e1s\" \/>\n<meta property=\"og:url\" content=\"https:\/\/riberasalud.com\/hospital-de-molina\/voluntarios-de-fade-prestan-atencion-social-a-los-pacientes-ingresados-en-el-hospital-de-molina\/\" \/>\n<meta property=\"og:site_name\" content=\"Hospital de Molina\" \/>\n<meta property=\"article:published_time\" content=\"2016-04-28T06:35:07+00:00\" \/>\n<meta property=\"article:modified_time\" content=\"2023-10-25T06:38:22+00:00\" \/>\n<meta property=\"og:image\" content=\"https:\/\/hospitaldemolina.es\/wp-content\/uploads\/2020\/05\/16-04-2820-20Firma20Convenio20HM-FADE20-20Foto1.jpg\" \/>\n<meta name=\"author\" content=\"hmolina\" \/>\n<meta name=\"twitter:card\" content=\"summary_large_image\" \/>\n<meta name=\"twitter:label1\" content=\"Escrito por\" \/>\n\t<meta name=\"twitter:data1\" content=\"hmolina\" \/>\n\t<meta name=\"twitter:label2\" content=\"Tiempo de lectura\" \/>\n\t<meta name=\"twitter:data2\" content=\"2 minutos\" \/>\n<script type=\"application\/ld+json\" class=\"yoast-schema-graph\">{\"@context\":\"https:\/\/schema.org\",\"@graph\":[{\"@type\":\"Article\",\"@id\":\"https:\/\/riberasalud.com\/hospital-de-molina\/voluntarios-de-fade-prestan-atencion-social-a-los-pacientes-ingresados-en-el-hospital-de-molina\/#article\",\"isPartOf\":{\"@id\":\"https:\/\/riberasalud.com\/hospital-de-molina\/voluntarios-de-fade-prestan-atencion-social-a-los-pacientes-ingresados-en-el-hospital-de-molina\/\"},\"author\":{\"name\":\"hmolina\",\"@id\":\"https:\/\/riberasalud.com\/hospital-de-molina\/#\/schema\/person\/37d58effcbf02f32328940089f254419\"},\"headline\":\"Voluntarios de FADE prestan atenci\u00f3n social a los pacientes ingresados en el Hospital de Molina\",\"datePublished\":\"2016-04-28T06:35:07+00:00\",\"dateModified\":\"2023-10-25T06:38:22+00:00\",\"mainEntityOfPage\":{\"@id\":\"https:\/\/riberasalud.com\/hospital-de-molina\/voluntarios-de-fade-prestan-atencion-social-a-los-pacientes-ingresados-en-el-hospital-de-molina\/\"},\"wordCount\":440,\"publisher\":{\"@id\":\"https:\/\/riberasalud.com\/hospital-de-molina\/#organization\"},\"image\":{\"@id\":\"https:\/\/riberasalud.com\/hospital-de-molina\/voluntarios-de-fade-prestan-atencion-social-a-los-pacientes-ingresados-en-el-hospital-de-molina\/#primaryimage\"},\"thumbnailUrl\":\"https:\/\/hospitaldemolina.es\/wp-content\/uploads\/2020\/05\/16-04-2820-20Firma20Convenio20HM-FADE20-20Foto1.jpg\",\"articleSection\":[\"Hemeroteca\"],\"inLanguage\":\"es\"},{\"@type\":\"WebPage\",\"@id\":\"https:\/\/riberasalud.com\/hospital-de-molina\/voluntarios-de-fade-prestan-atencion-social-a-los-pacientes-ingresados-en-el-hospital-de-molina\/\",\"url\":\"https:\/\/riberasalud.com\/hospital-de-molina\/voluntarios-de-fade-prestan-atencion-social-a-los-pacientes-ingresados-en-el-hospital-de-molina\/\",\"name\":\"Voluntarios de FADE prestan atenci\u00f3n social a los pacientes ingresados en el Hospital de Molina - Hospital de Molina\",\"isPartOf\":{\"@id\":\"https:\/\/riberasalud.com\/hospital-de-molina\/#website\"},\"primaryImageOfPage\":{\"@id\":\"https:\/\/riberasalud.com\/hospital-de-molina\/voluntarios-de-fade-prestan-atencion-social-a-los-pacientes-ingresados-en-el-hospital-de-molina\/#primaryimage\"},\"image\":{\"@id\":\"https:\/\/riberasalud.com\/hospital-de-molina\/voluntarios-de-fade-prestan-atencion-social-a-los-pacientes-ingresados-en-el-hospital-de-molina\/#primaryimage\"},\"thumbnailUrl\":\"https:\/\/hospitaldemolina.es\/wp-content\/uploads\/2020\/05\/16-04-2820-20Firma20Convenio20HM-FADE20-20Foto1.jpg\",\"datePublished\":\"2016-04-28T06:35:07+00:00\",\"dateModified\":\"2023-10-25T06:38:22+00:00\",\"breadcrumb\":{\"@id\":\"https:\/\/riberasalud.com\/hospital-de-molina\/voluntarios-de-fade-prestan-atencion-social-a-los-pacientes-ingresados-en-el-hospital-de-molina\/#breadcrumb\"},\"inLanguage\":\"es\",\"potentialAction\":[{\"@type\":\"ReadAction\",\"target\":[\"https:\/\/riberasalud.com\/hospital-de-molina\/voluntarios-de-fade-prestan-atencion-social-a-los-pacientes-ingresados-en-el-hospital-de-molina\/\"]}]},{\"@type\":\"ImageObject\",\"inLanguage\":\"es\",\"@id\":\"https:\/\/riberasalud.com\/hospital-de-molina\/voluntarios-de-fade-prestan-atencion-social-a-los-pacientes-ingresados-en-el-hospital-de-molina\/#primaryimage\",\"url\":\"https:\/\/hospitaldemolina.es\/wp-content\/uploads\/2020\/05\/16-04-2820-20Firma20Convenio20HM-FADE20-20Foto1.jpg\",\"contentUrl\":\"https:\/\/hospitaldemolina.es\/wp-content\/uploads\/2020\/05\/16-04-2820-20Firma20Convenio20HM-FADE20-20Foto1.jpg\"},{\"@type\":\"BreadcrumbList\",\"@id\":\"https:\/\/riberasalud.com\/hospital-de-molina\/voluntarios-de-fade-prestan-atencion-social-a-los-pacientes-ingresados-en-el-hospital-de-molina\/#breadcrumb\",\"itemListElement\":[{\"@type\":\"ListItem\",\"position\":1,\"name\":\"Portada\",\"item\":\"https:\/\/riberasalud.com\/hospital-de-molina\/\"},{\"@type\":\"ListItem\",\"position\":2,\"name\":\"Voluntarios de FADE prestan atenci\u00f3n social a los pacientes ingresados en el Hospital de Molina\"}]},{\"@type\":\"WebSite\",\"@id\":\"https:\/\/riberasalud.com\/hospital-de-molina\/#website\",\"url\":\"https:\/\/riberasalud.com\/hospital-de-molina\/\",\"name\":\"Hospital de Molina\",\"description\":\"\",\"publisher\":{\"@id\":\"https:\/\/riberasalud.com\/hospital-de-molina\/#organization\"},\"potentialAction\":[{\"@type\":\"SearchAction\",\"target\":{\"@type\":\"EntryPoint\",\"urlTemplate\":\"https:\/\/riberasalud.com\/hospital-de-molina\/?s={search_term_string}\"},\"query-input\":{\"@type\":\"PropertyValueSpecification\",\"valueRequired\":true,\"valueName\":\"search_term_string\"}}],\"inLanguage\":\"es\"},{\"@type\":\"Organization\",\"@id\":\"https:\/\/riberasalud.com\/hospital-de-molina\/#organization\",\"name\":\"Hospital de Molina\",\"url\":\"https:\/\/riberasalud.com\/hospital-de-molina\/\",\"logo\":{\"@type\":\"ImageObject\",\"inLanguage\":\"es\",\"@id\":\"https:\/\/riberasalud.com\/hospital-de-molina\/#\/schema\/logo\/image\/\",\"url\":\"https:\/\/riberasalud.com\/hospital-de-molina\/wp-content\/uploads\/2023\/01\/cropped-Logo-Red-DeMolina-bigtz7.png\",\"contentUrl\":\"https:\/\/riberasalud.com\/hospital-de-molina\/wp-content\/uploads\/2023\/01\/cropped-Logo-Red-DeMolina-bigtz7.png\",\"width\":300,\"height\":72,\"caption\":\"Hospital de Molina\"},\"image\":{\"@id\":\"https:\/\/riberasalud.com\/hospital-de-molina\/#\/schema\/logo\/image\/\"}},{\"@type\":\"Person\",\"@id\":\"https:\/\/riberasalud.com\/hospital-de-molina\/#\/schema\/person\/37d58effcbf02f32328940089f254419\",\"name\":\"hmolina\",\"image\":{\"@type\":\"ImageObject\",\"inLanguage\":\"es\",\"@id\":\"https:\/\/riberasalud.com\/hospital-de-molina\/#\/schema\/person\/image\/\",\"url\":\"https:\/\/secure.gravatar.com\/avatar\/9db1181c394bec9505d449c90a21b5363cc35ad9a76f60f11a304b23bb0e8dd4?s=96&d=mm&r=g\",\"contentUrl\":\"https:\/\/secure.gravatar.com\/avatar\/9db1181c394bec9505d449c90a21b5363cc35ad9a76f60f11a304b23bb0e8dd4?s=96&d=mm&r=g\",\"caption\":\"hmolina\"},\"url\":\"https:\/\/riberasalud.com\/hospital-de-molina\/author\/hmolina\/\"}]}<\/script>\n<!-- \/ Yoast SEO plugin. -->","yoast_head_json":{"title":"Voluntarios de FADE prestan atenci\u00f3n social a los pacientes ingresados en el Hospital de Molina - Hospital de Molina","robots":{"index":"index","follow":"follow","max-snippet":"max-snippet:-1","max-image-preview":"max-image-preview:large","max-video-preview":"max-video-preview:-1"},"canonical":"https:\/\/riberasalud.com\/hospital-de-molina\/voluntarios-de-fade-prestan-atencion-social-a-los-pacientes-ingresados-en-el-hospital-de-molina\/","og_locale":"es_ES","og_type":"article","og_title":"Voluntarios de FADE prestan atenci\u00f3n social a los pacientes ingresados en el Hospital de Molina - Hospital de Molina","og_description":"28 abril 2016.- El Hospital de Molina y la Fundaci\u00f3n FADE (Fundaci\u00f3n Ayuda, Desarrollo y Educaci\u00f3n) han firmado esta ma\u00f1ana la renovaci\u00f3n del convenio de colaboraci\u00f3n para el desarrollo del \u201cPrograma Secunda: Voluntariado Social\u201d en el Centro Hospitalario, por el que se ofrece a las personas mayores, enfermas o dependientes, usuarias del Hospital, as\u00ed como ... Leer m\u00e1s","og_url":"https:\/\/riberasalud.com\/hospital-de-molina\/voluntarios-de-fade-prestan-atencion-social-a-los-pacientes-ingresados-en-el-hospital-de-molina\/","og_site_name":"Hospital de Molina","article_published_time":"2016-04-28T06:35:07+00:00","article_modified_time":"2023-10-25T06:38:22+00:00","og_image":[{"url":"https:\/\/hospitaldemolina.es\/wp-content\/uploads\/2020\/05\/16-04-2820-20Firma20Convenio20HM-FADE20-20Foto1.jpg","type":"","width":"","height":""}],"author":"hmolina","twitter_card":"summary_large_image","twitter_misc":{"Escrito por":"hmolina","Tiempo de lectura":"2 minutos"},"schema":{"@context":"https:\/\/schema.org","@graph":[{"@type":"Article","@id":"https:\/\/riberasalud.com\/hospital-de-molina\/voluntarios-de-fade-prestan-atencion-social-a-los-pacientes-ingresados-en-el-hospital-de-molina\/#article","isPartOf":{"@id":"https:\/\/riberasalud.com\/hospital-de-molina\/voluntarios-de-fade-prestan-atencion-social-a-los-pacientes-ingresados-en-el-hospital-de-molina\/"},"author":{"name":"hmolina","@id":"https:\/\/riberasalud.com\/hospital-de-molina\/#\/schema\/person\/37d58effcbf02f32328940089f254419"},"headline":"Voluntarios de FADE prestan atenci\u00f3n social a los pacientes ingresados en el Hospital de Molina","datePublished":"2016-04-28T06:35:07+00:00","dateModified":"2023-10-25T06:38:22+00:00","mainEntityOfPage":{"@id":"https:\/\/riberasalud.com\/hospital-de-molina\/voluntarios-de-fade-prestan-atencion-social-a-los-pacientes-ingresados-en-el-hospital-de-molina\/"},"wordCount":440,"publisher":{"@id":"https:\/\/riberasalud.com\/hospital-de-molina\/#organization"},"image":{"@id":"https:\/\/riberasalud.com\/hospital-de-molina\/voluntarios-de-fade-prestan-atencion-social-a-los-pacientes-ingresados-en-el-hospital-de-molina\/#primaryimage"},"thumbnailUrl":"https:\/\/hospitaldemolina.es\/wp-content\/uploads\/2020\/05\/16-04-2820-20Firma20Convenio20HM-FADE20-20Foto1.jpg","articleSection":["Hemeroteca"],"inLanguage":"es"},{"@type":"WebPage","@id":"https:\/\/riberasalud.com\/hospital-de-molina\/voluntarios-de-fade-prestan-atencion-social-a-los-pacientes-ingresados-en-el-hospital-de-molina\/","url":"https:\/\/riberasalud.com\/hospital-de-molina\/voluntarios-de-fade-prestan-atencion-social-a-los-pacientes-ingresados-en-el-hospital-de-molina\/","name":"Voluntarios de FADE prestan atenci\u00f3n social a los pacientes ingresados en el Hospital de Molina - Hospital de Molina","isPartOf":{"@id":"https:\/\/riberasalud.com\/hospital-de-molina\/#website"},"primaryImageOfPage":{"@id":"https:\/\/riberasalud.com\/hospital-de-molina\/voluntarios-de-fade-prestan-atencion-social-a-los-pacientes-ingresados-en-el-hospital-de-molina\/#primaryimage"},"image":{"@id":"https:\/\/riberasalud.com\/hospital-de-molina\/voluntarios-de-fade-prestan-atencion-social-a-los-pacientes-ingresados-en-el-hospital-de-molina\/#primaryimage"},"thumbnailUrl":"https:\/\/hospitaldemolina.es\/wp-content\/uploads\/2020\/05\/16-04-2820-20Firma20Convenio20HM-FADE20-20Foto1.jpg","datePublished":"2016-04-28T06:35:07+00:00","dateModified":"2023-10-25T06:38:22+00:00","breadcrumb":{"@id":"https:\/\/riberasalud.com\/hospital-de-molina\/voluntarios-de-fade-prestan-atencion-social-a-los-pacientes-ingresados-en-el-hospital-de-molina\/#breadcrumb"},"inLanguage":"es","potentialAction":[{"@type":"ReadAction","target":["https:\/\/riberasalud.com\/hospital-de-molina\/voluntarios-de-fade-prestan-atencion-social-a-los-pacientes-ingresados-en-el-hospital-de-molina\/"]}]},{"@type":"ImageObject","inLanguage":"es","@id":"https:\/\/riberasalud.com\/hospital-de-molina\/voluntarios-de-fade-prestan-atencion-social-a-los-pacientes-ingresados-en-el-hospital-de-molina\/#primaryimage","url":"https:\/\/hospitaldemolina.es\/wp-content\/uploads\/2020\/05\/16-04-2820-20Firma20Convenio20HM-FADE20-20Foto1.jpg","contentUrl":"https:\/\/hospitaldemolina.es\/wp-content\/uploads\/2020\/05\/16-04-2820-20Firma20Convenio20HM-FADE20-20Foto1.jpg"},{"@type":"BreadcrumbList","@id":"https:\/\/riberasalud.com\/hospital-de-molina\/voluntarios-de-fade-prestan-atencion-social-a-los-pacientes-ingresados-en-el-hospital-de-molina\/#breadcrumb","itemListElement":[{"@type":"ListItem","position":1,"name":"Portada","item":"https:\/\/riberasalud.com\/hospital-de-molina\/"},{"@type":"ListItem","position":2,"name":"Voluntarios de FADE prestan atenci\u00f3n social a los pacientes ingresados en el Hospital de Molina"}]},{"@type":"WebSite","@id":"https:\/\/riberasalud.com\/hospital-de-molina\/#website","url":"https:\/\/riberasalud.com\/hospital-de-molina\/","name":"Hospital de Molina","description":"","publisher":{"@id":"https:\/\/riberasalud.com\/hospital-de-molina\/#organization"},"potentialAction":[{"@type":"SearchAction","target":{"@type":"EntryPoint","urlTemplate":"https:\/\/riberasalud.com\/hospital-de-molina\/?s={search_term_string}"},"query-input":{"@type":"PropertyValueSpecification","valueRequired":true,"valueName":"search_term_string"}}],"inLanguage":"es"},{"@type":"Organization","@id":"https:\/\/riberasalud.com\/hospital-de-molina\/#organization","name":"Hospital de Molina","url":"https:\/\/riberasalud.com\/hospital-de-molina\/","logo":{"@type":"ImageObject","inLanguage":"es","@id":"https:\/\/riberasalud.com\/hospital-de-molina\/#\/schema\/logo\/image\/","url":"https:\/\/riberasalud.com\/hospital-de-molina\/wp-content\/uploads\/2023\/01\/cropped-Logo-Red-DeMolina-bigtz7.png","contentUrl":"https:\/\/riberasalud.com\/hospital-de-molina\/wp-content\/uploads\/2023\/01\/cropped-Logo-Red-DeMolina-bigtz7.png","width":300,"height":72,"caption":"Hospital de Molina"},"image":{"@id":"https:\/\/riberasalud.com\/hospital-de-molina\/#\/schema\/logo\/image\/"}},{"@type":"Person","@id":"https:\/\/riberasalud.com\/hospital-de-molina\/#\/schema\/person\/37d58effcbf02f32328940089f254419","name":"hmolina","image":{"@type":"ImageObject","inLanguage":"es","@id":"https:\/\/riberasalud.com\/hospital-de-molina\/#\/schema\/person\/image\/","url":"https:\/\/secure.gravatar.com\/avatar\/9db1181c394bec9505d449c90a21b5363cc35ad9a76f60f11a304b23bb0e8dd4?s=96&d=mm&r=g","contentUrl":"https:\/\/secure.gravatar.com\/avatar\/9db1181c394bec9505d449c90a21b5363cc35ad9a76f60f11a304b23bb0e8dd4?s=96&d=mm&r=g","caption":"hmolina"},"url":"https:\/\/riberasalud.com\/hospital-de-molina\/author\/hmolina\/"}]}},"uagb_featured_image_src":{"full":false,"thumbnail":false,"medium":false,"medium_large":false,"large":false,"1536x1536":false,"2048x2048":false},"uagb_author_info":{"display_name":"hmolina","author_link":"https:\/\/riberasalud.com\/hospital-de-molina\/author\/hmolina\/"},"uagb_comment_info":0,"uagb_excerpt":"28 abril 2016.- El Hospital de Molina y la Fundaci\u00f3n FADE (Fundaci\u00f3n Ayuda, Desarrollo y Educaci\u00f3n) han firmado esta ma\u00f1ana la renovaci\u00f3n del convenio de colaboraci\u00f3n para el desarrollo del \u201cPrograma Secunda: Voluntariado Social\u201d en el Centro Hospitalario, por el que se ofrece a las personas mayores, enfermas o dependientes, usuarias del Hospital, as\u00ed como&hellip;","_links":{"self":[{"href":"https:\/\/riberasalud.com\/hospital-de-molina\/wp-json\/wp\/v2\/posts\/2055","targetHints":{"allow":["GET"]}}],"collection":[{"href":"https:\/\/riberasalud.com\/hospital-de-molina\/wp-json\/wp\/v2\/posts"}],"about":[{"href":"https:\/\/riberasalud.com\/hospital-de-molina\/wp-json\/wp\/v2\/types\/post"}],"author":[{"embeddable":true,"href":"https:\/\/riberasalud.com\/hospital-de-molina\/wp-json\/wp\/v2\/users\/3"}],"replies":[{"embeddable":true,"href":"https:\/\/riberasalud.com\/hospital-de-molina\/wp-json\/wp\/v2\/comments?post=2055"}],"version-history":[{"count":1,"href":"https:\/\/riberasalud.com\/hospital-de-molina\/wp-json\/wp\/v2\/posts\/2055\/revisions"}],"predecessor-version":[{"id":8343,"href":"https:\/\/riberasalud.com\/hospital-de-molina\/wp-json\/wp\/v2\/posts\/2055\/revisions\/8343"}],"wp:attachment":[{"href":"https:\/\/riberasalud.com\/hospital-de-molina\/wp-json\/wp\/v2\/media?parent=2055"}],"wp:term":[{"taxonomy":"category","embeddable":true,"href":"https:\/\/riberasalud.com\/hospital-de-molina\/wp-json\/wp\/v2\/categories?post=2055"},{"taxonomy":"post_tag","embeddable":true,"href":"https:\/\/riberasalud.com\/hospital-de-molina\/wp-json\/wp\/v2\/tags?post=2055"}],"curies":[{"name":"wp","href":"https:\/\/api.w.org\/{rel}","templated":true}]}}