{"id":2053,"date":"2016-05-17T10:34:38","date_gmt":"2016-05-17T08:34:38","guid":{"rendered":"https:\/\/www.hospitaldemolina.es\/i-jornada-de-deporte-saludable-ciudad-de-molina-2\/"},"modified":"2023-10-25T06:38:21","modified_gmt":"2023-10-25T06:38:21","slug":"i-jornada-de-deporte-saludable-ciudad-de-molina-2","status":"publish","type":"post","link":"https:\/\/riberasalud.com\/hospital-de-molina\/i-jornada-de-deporte-saludable-ciudad-de-molina-2\/","title":{"rendered":"I Jornada de Deporte Saludable \u201cCiudad de Molina\u201d"},"content":{"rendered":"<p>18 mayo 2016.- La <strong>I<\/strong><strong> Jornada<\/strong><strong> de Deporte Saludable \u201cCiudad de Molina\u201d<\/strong>, promovida por el <strong>Hospital de Molina<\/strong>, el<strong> Ayuntamiento de Molina de Segura<\/strong> y la <strong>Asociaci\u00f3n<\/strong><strong> de Deportistas de Molina (ADM)<\/strong>, se celebrar\u00e1 el <strong>mi\u00e9rcoles 1 de junio.<\/strong> Esta ma\u00f1ana se ha presentado en rueda de prensa en el Consistorio molinense, con la presencia de la Alcaldesa de Molina de Segura, Esther Clavero Mira, el Director-Gerente del Hospital de Molina, Pedro Hern\u00e1ndez Jim\u00e9nez, la Concejala de Salud P\u00fablica del Ayuntamiento de Molina de Segura, Esther S\u00e1nchez Rodr\u00edguez, y el Presidente de la ADM, Miguel S\u00e1nchez Palaz\u00f3n.<\/p>\n<p class=\"rtecenter\"><img decoding=\"async\" src=\"https:\/\/hospitaldemolina.es\/wp-content\/uploads\/2020\/05\/16-05-1820-20HM20Presentacion20I20Jornada20Deporte20Saludable20-20Foto1.jpg\" style=\"height:140px; width: auto;\"> <img decoding=\"async\" src=\"https:\/\/hospitaldemolina.es\/wp-content\/uploads\/2020\/05\/16-05-1820-20HM20Presentacion20I20Jornada20Deporte20Saludable20-20Foto2.jpg\" style=\"height:140px; width: auto;\"> <img decoding=\"async\" src=\"https:\/\/hospitaldemolina.es\/wp-content\/uploads\/2020\/05\/16-05-1820-20HM20Presentacion20I20Jornada20Deporte20Saludable20-20Foto3.jpg\" style=\"height:140px; width: auto;\"><\/p>\n<p class=\"rtecenter\"><img decoding=\"async\" src=\"https:\/\/hospitaldemolina.es\/wp-content\/uploads\/2020\/05\/I20Jornada20Deporte20Saludable20-20Cartel20Inscripcion.jpg\" style=\"height:140px; width: auto;\"> <img decoding=\"async\" src=\"https:\/\/hospitaldemolina.es\/wp-content\/uploads\/2020\/05\/I20Jornada20Deporte20Saludable20-20Programa20-20Contraportada.jpg\" style=\"height:140px; width: auto;\"><\/p>\n<p><strong>Pedro Hern\u00e1ndez Jim\u00e9nez<\/strong> ha incidido en que \u201ca pesar de que, por regla general, el deporte se identifica con salud, no siempre es as\u00ed. En ocasiones, la pr\u00e1ctica deportiva, en condiciones personales que no son de seguridad, puede generar patolog\u00edas tanto f\u00edsicas como ps\u00edquicas. Es precisamente por pr\u00e1cticas inadecuadas por lo que surgen las temidas lesiones\u201d. Junto a la prevenci\u00f3n de lesiones, el Director-Gerente del Hospital de Molina ha destacado tambi\u00e9n la importancia de eliminar la violencia en el \u00e1mbito deportivo, como otro de los objetivos de esta I Jornada: \u201cA veces, la pr\u00e1ctica deportiva, en vez de mostrar valores positivos, muestra violencia\u201d.<\/p>\n<p>Esta Jornada, que se enmarca dentro de la <strong>4\u00aa Semana del Hospital<\/strong> (30 mayo \u2013 3 junio), reunir\u00e1 a profesionales de la medicina, la educaci\u00f3n y el deporte, practicantes de actividad f\u00edsica de toda edad y condici\u00f3n, familiares de j\u00f3venes deportistas y directivos de entidades deportivas, con el objetivo de favorecer una pr\u00e1ctica deportiva aut\u00e9nticamente saludable.<\/p>\n<p>Un taller de Primeros Auxilios en la pr\u00e1ctica f\u00edsico-deportiva y dos mesas redondas sobre la pr\u00e1ctica saludable del deporte y sobre la prevenci\u00f3n de la violencia en el deporte, conforman el programa de la I Jornada de Deporte Saludable. Los interesados en asistir pueden realizar su inscripci\u00f3n en:<\/p>\n<p>Concejal\u00eda de Salud P\u00fablica &#8211; 968 388 520 &#8211; <a href=\"mailto:saludpublica@molinadesegura.es\" style=\"line-height: 1.6em;\">saludpublica@molinadesegura.es<\/a><\/p>\n<p>Concejal\u00eda de Deportes &#8211; 968 388 677<\/p>\n<p>Enlaces Relacionados:<\/p>\n","protected":false},"excerpt":{"rendered":"<p>18 mayo 2016.- La I Jornada de Deporte Saludable \u201cCiudad de Molina\u201d, promovida por el Hospital de Molina, el Ayuntamiento de Molina de Segura y la Asociaci\u00f3n de Deportistas de Molina (ADM), se celebrar\u00e1 el mi\u00e9rcoles 1 de junio. Esta ma\u00f1ana se ha presentado en rueda de prensa en el Consistorio molinense, con la presencia &#8230; <a title=\"I Jornada de Deporte Saludable \u201cCiudad de Molina\u201d\" class=\"read-more\" href=\"https:\/\/riberasalud.com\/hospital-de-molina\/i-jornada-de-deporte-saludable-ciudad-de-molina-2\/\" aria-label=\"Leer m\u00e1s sobre I Jornada de Deporte Saludable \u201cCiudad de Molina\u201d\">Leer m\u00e1s<\/a><\/p>\n","protected":false},"author":3,"featured_media":0,"comment_status":"closed","ping_status":"open","sticky":false,"template":"","format":"standard","meta":{"_uag_custom_page_level_css":"","_mi_skip_tracking":false,"footnotes":""},"categories":[7],"tags":[],"class_list":["post-2053","post","type-post","status-publish","format-standard","hentry","category-hemeroteca"],"yoast_head":"<!-- This site is optimized with the Yoast SEO plugin v26.6 - https:\/\/yoast.com\/wordpress\/plugins\/seo\/ -->\n<title>I Jornada de Deporte Saludable \u201cCiudad de Molina\u201d - Hospital de Molina<\/title>\n<meta name=\"robots\" content=\"index, follow, max-snippet:-1, max-image-preview:large, max-video-preview:-1\" \/>\n<link rel=\"canonical\" href=\"https:\/\/riberasalud.com\/hospital-de-molina\/i-jornada-de-deporte-saludable-ciudad-de-molina-2\/\" \/>\n<meta property=\"og:locale\" content=\"es_ES\" \/>\n<meta property=\"og:type\" content=\"article\" \/>\n<meta property=\"og:title\" content=\"I Jornada de Deporte Saludable \u201cCiudad de Molina\u201d - Hospital de Molina\" \/>\n<meta property=\"og:description\" content=\"18 mayo 2016.- La I Jornada de Deporte Saludable \u201cCiudad de Molina\u201d, promovida por el Hospital de Molina, el Ayuntamiento de Molina de Segura y la Asociaci\u00f3n de Deportistas de Molina (ADM), se celebrar\u00e1 el mi\u00e9rcoles 1 de junio. Esta ma\u00f1ana se ha presentado en rueda de prensa en el Consistorio molinense, con la presencia ... Leer m\u00e1s\" \/>\n<meta property=\"og:url\" content=\"https:\/\/riberasalud.com\/hospital-de-molina\/i-jornada-de-deporte-saludable-ciudad-de-molina-2\/\" \/>\n<meta property=\"og:site_name\" content=\"Hospital de Molina\" \/>\n<meta property=\"article:published_time\" content=\"2016-05-17T08:34:38+00:00\" \/>\n<meta property=\"article:modified_time\" content=\"2023-10-25T06:38:21+00:00\" \/>\n<meta property=\"og:image\" content=\"https:\/\/hospitaldemolina.es\/wp-content\/uploads\/2020\/05\/16-05-1820-20HM20Presentacion20I20Jornada20Deporte20Saludable20-20Foto1.jpg\" \/>\n<meta name=\"author\" content=\"hmolina\" \/>\n<meta name=\"twitter:card\" content=\"summary_large_image\" \/>\n<meta name=\"twitter:label1\" content=\"Escrito por\" \/>\n\t<meta name=\"twitter:data1\" content=\"hmolina\" \/>\n\t<meta name=\"twitter:label2\" content=\"Tiempo de lectura\" \/>\n\t<meta name=\"twitter:data2\" content=\"2 minutos\" \/>\n<script type=\"application\/ld+json\" class=\"yoast-schema-graph\">{\"@context\":\"https:\/\/schema.org\",\"@graph\":[{\"@type\":\"Article\",\"@id\":\"https:\/\/riberasalud.com\/hospital-de-molina\/i-jornada-de-deporte-saludable-ciudad-de-molina-2\/#article\",\"isPartOf\":{\"@id\":\"https:\/\/riberasalud.com\/hospital-de-molina\/i-jornada-de-deporte-saludable-ciudad-de-molina-2\/\"},\"author\":{\"name\":\"hmolina\",\"@id\":\"https:\/\/riberasalud.com\/hospital-de-molina\/#\/schema\/person\/37d58effcbf02f32328940089f254419\"},\"headline\":\"I Jornada de Deporte Saludable \u201cCiudad de Molina\u201d\",\"datePublished\":\"2016-05-17T08:34:38+00:00\",\"dateModified\":\"2023-10-25T06:38:21+00:00\",\"mainEntityOfPage\":{\"@id\":\"https:\/\/riberasalud.com\/hospital-de-molina\/i-jornada-de-deporte-saludable-ciudad-de-molina-2\/\"},\"wordCount\":355,\"publisher\":{\"@id\":\"https:\/\/riberasalud.com\/hospital-de-molina\/#organization\"},\"image\":{\"@id\":\"https:\/\/riberasalud.com\/hospital-de-molina\/i-jornada-de-deporte-saludable-ciudad-de-molina-2\/#primaryimage\"},\"thumbnailUrl\":\"https:\/\/hospitaldemolina.es\/wp-content\/uploads\/2020\/05\/16-05-1820-20HM20Presentacion20I20Jornada20Deporte20Saludable20-20Foto1.jpg\",\"articleSection\":[\"Hemeroteca\"],\"inLanguage\":\"es\"},{\"@type\":\"WebPage\",\"@id\":\"https:\/\/riberasalud.com\/hospital-de-molina\/i-jornada-de-deporte-saludable-ciudad-de-molina-2\/\",\"url\":\"https:\/\/riberasalud.com\/hospital-de-molina\/i-jornada-de-deporte-saludable-ciudad-de-molina-2\/\",\"name\":\"I Jornada de Deporte Saludable \u201cCiudad de Molina\u201d - Hospital de Molina\",\"isPartOf\":{\"@id\":\"https:\/\/riberasalud.com\/hospital-de-molina\/#website\"},\"primaryImageOfPage\":{\"@id\":\"https:\/\/riberasalud.com\/hospital-de-molina\/i-jornada-de-deporte-saludable-ciudad-de-molina-2\/#primaryimage\"},\"image\":{\"@id\":\"https:\/\/riberasalud.com\/hospital-de-molina\/i-jornada-de-deporte-saludable-ciudad-de-molina-2\/#primaryimage\"},\"thumbnailUrl\":\"https:\/\/hospitaldemolina.es\/wp-content\/uploads\/2020\/05\/16-05-1820-20HM20Presentacion20I20Jornada20Deporte20Saludable20-20Foto1.jpg\",\"datePublished\":\"2016-05-17T08:34:38+00:00\",\"dateModified\":\"2023-10-25T06:38:21+00:00\",\"breadcrumb\":{\"@id\":\"https:\/\/riberasalud.com\/hospital-de-molina\/i-jornada-de-deporte-saludable-ciudad-de-molina-2\/#breadcrumb\"},\"inLanguage\":\"es\",\"potentialAction\":[{\"@type\":\"ReadAction\",\"target\":[\"https:\/\/riberasalud.com\/hospital-de-molina\/i-jornada-de-deporte-saludable-ciudad-de-molina-2\/\"]}]},{\"@type\":\"ImageObject\",\"inLanguage\":\"es\",\"@id\":\"https:\/\/riberasalud.com\/hospital-de-molina\/i-jornada-de-deporte-saludable-ciudad-de-molina-2\/#primaryimage\",\"url\":\"https:\/\/hospitaldemolina.es\/wp-content\/uploads\/2020\/05\/16-05-1820-20HM20Presentacion20I20Jornada20Deporte20Saludable20-20Foto1.jpg\",\"contentUrl\":\"https:\/\/hospitaldemolina.es\/wp-content\/uploads\/2020\/05\/16-05-1820-20HM20Presentacion20I20Jornada20Deporte20Saludable20-20Foto1.jpg\"},{\"@type\":\"BreadcrumbList\",\"@id\":\"https:\/\/riberasalud.com\/hospital-de-molina\/i-jornada-de-deporte-saludable-ciudad-de-molina-2\/#breadcrumb\",\"itemListElement\":[{\"@type\":\"ListItem\",\"position\":1,\"name\":\"Portada\",\"item\":\"https:\/\/riberasalud.com\/hospital-de-molina\/\"},{\"@type\":\"ListItem\",\"position\":2,\"name\":\"I Jornada de Deporte Saludable \u201cCiudad de Molina\u201d\"}]},{\"@type\":\"WebSite\",\"@id\":\"https:\/\/riberasalud.com\/hospital-de-molina\/#website\",\"url\":\"https:\/\/riberasalud.com\/hospital-de-molina\/\",\"name\":\"Hospital de Molina\",\"description\":\"\",\"publisher\":{\"@id\":\"https:\/\/riberasalud.com\/hospital-de-molina\/#organization\"},\"potentialAction\":[{\"@type\":\"SearchAction\",\"target\":{\"@type\":\"EntryPoint\",\"urlTemplate\":\"https:\/\/riberasalud.com\/hospital-de-molina\/?s={search_term_string}\"},\"query-input\":{\"@type\":\"PropertyValueSpecification\",\"valueRequired\":true,\"valueName\":\"search_term_string\"}}],\"inLanguage\":\"es\"},{\"@type\":\"Organization\",\"@id\":\"https:\/\/riberasalud.com\/hospital-de-molina\/#organization\",\"name\":\"Hospital de Molina\",\"url\":\"https:\/\/riberasalud.com\/hospital-de-molina\/\",\"logo\":{\"@type\":\"ImageObject\",\"inLanguage\":\"es\",\"@id\":\"https:\/\/riberasalud.com\/hospital-de-molina\/#\/schema\/logo\/image\/\",\"url\":\"https:\/\/riberasalud.com\/hospital-de-molina\/wp-content\/uploads\/2023\/01\/cropped-Logo-Red-DeMolina-bigtz7.png\",\"contentUrl\":\"https:\/\/riberasalud.com\/hospital-de-molina\/wp-content\/uploads\/2023\/01\/cropped-Logo-Red-DeMolina-bigtz7.png\",\"width\":300,\"height\":72,\"caption\":\"Hospital de Molina\"},\"image\":{\"@id\":\"https:\/\/riberasalud.com\/hospital-de-molina\/#\/schema\/logo\/image\/\"}},{\"@type\":\"Person\",\"@id\":\"https:\/\/riberasalud.com\/hospital-de-molina\/#\/schema\/person\/37d58effcbf02f32328940089f254419\",\"name\":\"hmolina\",\"image\":{\"@type\":\"ImageObject\",\"inLanguage\":\"es\",\"@id\":\"https:\/\/riberasalud.com\/hospital-de-molina\/#\/schema\/person\/image\/\",\"url\":\"https:\/\/secure.gravatar.com\/avatar\/9db1181c394bec9505d449c90a21b5363cc35ad9a76f60f11a304b23bb0e8dd4?s=96&d=mm&r=g\",\"contentUrl\":\"https:\/\/secure.gravatar.com\/avatar\/9db1181c394bec9505d449c90a21b5363cc35ad9a76f60f11a304b23bb0e8dd4?s=96&d=mm&r=g\",\"caption\":\"hmolina\"},\"url\":\"https:\/\/riberasalud.com\/hospital-de-molina\/author\/hmolina\/\"}]}<\/script>\n<!-- \/ Yoast SEO plugin. -->","yoast_head_json":{"title":"I Jornada de Deporte Saludable \u201cCiudad de Molina\u201d - Hospital de Molina","robots":{"index":"index","follow":"follow","max-snippet":"max-snippet:-1","max-image-preview":"max-image-preview:large","max-video-preview":"max-video-preview:-1"},"canonical":"https:\/\/riberasalud.com\/hospital-de-molina\/i-jornada-de-deporte-saludable-ciudad-de-molina-2\/","og_locale":"es_ES","og_type":"article","og_title":"I Jornada de Deporte Saludable \u201cCiudad de Molina\u201d - Hospital de Molina","og_description":"18 mayo 2016.- La I Jornada de Deporte Saludable \u201cCiudad de Molina\u201d, promovida por el Hospital de Molina, el Ayuntamiento de Molina de Segura y la Asociaci\u00f3n de Deportistas de Molina (ADM), se celebrar\u00e1 el mi\u00e9rcoles 1 de junio. Esta ma\u00f1ana se ha presentado en rueda de prensa en el Consistorio molinense, con la presencia ... Leer m\u00e1s","og_url":"https:\/\/riberasalud.com\/hospital-de-molina\/i-jornada-de-deporte-saludable-ciudad-de-molina-2\/","og_site_name":"Hospital de Molina","article_published_time":"2016-05-17T08:34:38+00:00","article_modified_time":"2023-10-25T06:38:21+00:00","og_image":[{"url":"https:\/\/hospitaldemolina.es\/wp-content\/uploads\/2020\/05\/16-05-1820-20HM20Presentacion20I20Jornada20Deporte20Saludable20-20Foto1.jpg","type":"","width":"","height":""}],"author":"hmolina","twitter_card":"summary_large_image","twitter_misc":{"Escrito por":"hmolina","Tiempo de lectura":"2 minutos"},"schema":{"@context":"https:\/\/schema.org","@graph":[{"@type":"Article","@id":"https:\/\/riberasalud.com\/hospital-de-molina\/i-jornada-de-deporte-saludable-ciudad-de-molina-2\/#article","isPartOf":{"@id":"https:\/\/riberasalud.com\/hospital-de-molina\/i-jornada-de-deporte-saludable-ciudad-de-molina-2\/"},"author":{"name":"hmolina","@id":"https:\/\/riberasalud.com\/hospital-de-molina\/#\/schema\/person\/37d58effcbf02f32328940089f254419"},"headline":"I Jornada de Deporte Saludable \u201cCiudad de Molina\u201d","datePublished":"2016-05-17T08:34:38+00:00","dateModified":"2023-10-25T06:38:21+00:00","mainEntityOfPage":{"@id":"https:\/\/riberasalud.com\/hospital-de-molina\/i-jornada-de-deporte-saludable-ciudad-de-molina-2\/"},"wordCount":355,"publisher":{"@id":"https:\/\/riberasalud.com\/hospital-de-molina\/#organization"},"image":{"@id":"https:\/\/riberasalud.com\/hospital-de-molina\/i-jornada-de-deporte-saludable-ciudad-de-molina-2\/#primaryimage"},"thumbnailUrl":"https:\/\/hospitaldemolina.es\/wp-content\/uploads\/2020\/05\/16-05-1820-20HM20Presentacion20I20Jornada20Deporte20Saludable20-20Foto1.jpg","articleSection":["Hemeroteca"],"inLanguage":"es"},{"@type":"WebPage","@id":"https:\/\/riberasalud.com\/hospital-de-molina\/i-jornada-de-deporte-saludable-ciudad-de-molina-2\/","url":"https:\/\/riberasalud.com\/hospital-de-molina\/i-jornada-de-deporte-saludable-ciudad-de-molina-2\/","name":"I Jornada de Deporte Saludable \u201cCiudad de Molina\u201d - Hospital de Molina","isPartOf":{"@id":"https:\/\/riberasalud.com\/hospital-de-molina\/#website"},"primaryImageOfPage":{"@id":"https:\/\/riberasalud.com\/hospital-de-molina\/i-jornada-de-deporte-saludable-ciudad-de-molina-2\/#primaryimage"},"image":{"@id":"https:\/\/riberasalud.com\/hospital-de-molina\/i-jornada-de-deporte-saludable-ciudad-de-molina-2\/#primaryimage"},"thumbnailUrl":"https:\/\/hospitaldemolina.es\/wp-content\/uploads\/2020\/05\/16-05-1820-20HM20Presentacion20I20Jornada20Deporte20Saludable20-20Foto1.jpg","datePublished":"2016-05-17T08:34:38+00:00","dateModified":"2023-10-25T06:38:21+00:00","breadcrumb":{"@id":"https:\/\/riberasalud.com\/hospital-de-molina\/i-jornada-de-deporte-saludable-ciudad-de-molina-2\/#breadcrumb"},"inLanguage":"es","potentialAction":[{"@type":"ReadAction","target":["https:\/\/riberasalud.com\/hospital-de-molina\/i-jornada-de-deporte-saludable-ciudad-de-molina-2\/"]}]},{"@type":"ImageObject","inLanguage":"es","@id":"https:\/\/riberasalud.com\/hospital-de-molina\/i-jornada-de-deporte-saludable-ciudad-de-molina-2\/#primaryimage","url":"https:\/\/hospitaldemolina.es\/wp-content\/uploads\/2020\/05\/16-05-1820-20HM20Presentacion20I20Jornada20Deporte20Saludable20-20Foto1.jpg","contentUrl":"https:\/\/hospitaldemolina.es\/wp-content\/uploads\/2020\/05\/16-05-1820-20HM20Presentacion20I20Jornada20Deporte20Saludable20-20Foto1.jpg"},{"@type":"BreadcrumbList","@id":"https:\/\/riberasalud.com\/hospital-de-molina\/i-jornada-de-deporte-saludable-ciudad-de-molina-2\/#breadcrumb","itemListElement":[{"@type":"ListItem","position":1,"name":"Portada","item":"https:\/\/riberasalud.com\/hospital-de-molina\/"},{"@type":"ListItem","position":2,"name":"I Jornada de Deporte Saludable \u201cCiudad de Molina\u201d"}]},{"@type":"WebSite","@id":"https:\/\/riberasalud.com\/hospital-de-molina\/#website","url":"https:\/\/riberasalud.com\/hospital-de-molina\/","name":"Hospital de Molina","description":"","publisher":{"@id":"https:\/\/riberasalud.com\/hospital-de-molina\/#organization"},"potentialAction":[{"@type":"SearchAction","target":{"@type":"EntryPoint","urlTemplate":"https:\/\/riberasalud.com\/hospital-de-molina\/?s={search_term_string}"},"query-input":{"@type":"PropertyValueSpecification","valueRequired":true,"valueName":"search_term_string"}}],"inLanguage":"es"},{"@type":"Organization","@id":"https:\/\/riberasalud.com\/hospital-de-molina\/#organization","name":"Hospital de Molina","url":"https:\/\/riberasalud.com\/hospital-de-molina\/","logo":{"@type":"ImageObject","inLanguage":"es","@id":"https:\/\/riberasalud.com\/hospital-de-molina\/#\/schema\/logo\/image\/","url":"https:\/\/riberasalud.com\/hospital-de-molina\/wp-content\/uploads\/2023\/01\/cropped-Logo-Red-DeMolina-bigtz7.png","contentUrl":"https:\/\/riberasalud.com\/hospital-de-molina\/wp-content\/uploads\/2023\/01\/cropped-Logo-Red-DeMolina-bigtz7.png","width":300,"height":72,"caption":"Hospital de Molina"},"image":{"@id":"https:\/\/riberasalud.com\/hospital-de-molina\/#\/schema\/logo\/image\/"}},{"@type":"Person","@id":"https:\/\/riberasalud.com\/hospital-de-molina\/#\/schema\/person\/37d58effcbf02f32328940089f254419","name":"hmolina","image":{"@type":"ImageObject","inLanguage":"es","@id":"https:\/\/riberasalud.com\/hospital-de-molina\/#\/schema\/person\/image\/","url":"https:\/\/secure.gravatar.com\/avatar\/9db1181c394bec9505d449c90a21b5363cc35ad9a76f60f11a304b23bb0e8dd4?s=96&d=mm&r=g","contentUrl":"https:\/\/secure.gravatar.com\/avatar\/9db1181c394bec9505d449c90a21b5363cc35ad9a76f60f11a304b23bb0e8dd4?s=96&d=mm&r=g","caption":"hmolina"},"url":"https:\/\/riberasalud.com\/hospital-de-molina\/author\/hmolina\/"}]}},"uagb_featured_image_src":{"full":false,"thumbnail":false,"medium":false,"medium_large":false,"large":false,"1536x1536":false,"2048x2048":false},"uagb_author_info":{"display_name":"hmolina","author_link":"https:\/\/riberasalud.com\/hospital-de-molina\/author\/hmolina\/"},"uagb_comment_info":0,"uagb_excerpt":"18 mayo 2016.- La I Jornada de Deporte Saludable \u201cCiudad de Molina\u201d, promovida por el Hospital de Molina, el Ayuntamiento de Molina de Segura y la Asociaci\u00f3n de Deportistas de Molina (ADM), se celebrar\u00e1 el mi\u00e9rcoles 1 de junio. Esta ma\u00f1ana se ha presentado en rueda de prensa en el Consistorio molinense, con la presencia&hellip;","_links":{"self":[{"href":"https:\/\/riberasalud.com\/hospital-de-molina\/wp-json\/wp\/v2\/posts\/2053","targetHints":{"allow":["GET"]}}],"collection":[{"href":"https:\/\/riberasalud.com\/hospital-de-molina\/wp-json\/wp\/v2\/posts"}],"about":[{"href":"https:\/\/riberasalud.com\/hospital-de-molina\/wp-json\/wp\/v2\/types\/post"}],"author":[{"embeddable":true,"href":"https:\/\/riberasalud.com\/hospital-de-molina\/wp-json\/wp\/v2\/users\/3"}],"replies":[{"embeddable":true,"href":"https:\/\/riberasalud.com\/hospital-de-molina\/wp-json\/wp\/v2\/comments?post=2053"}],"version-history":[{"count":1,"href":"https:\/\/riberasalud.com\/hospital-de-molina\/wp-json\/wp\/v2\/posts\/2053\/revisions"}],"predecessor-version":[{"id":8341,"href":"https:\/\/riberasalud.com\/hospital-de-molina\/wp-json\/wp\/v2\/posts\/2053\/revisions\/8341"}],"wp:attachment":[{"href":"https:\/\/riberasalud.com\/hospital-de-molina\/wp-json\/wp\/v2\/media?parent=2053"}],"wp:term":[{"taxonomy":"category","embeddable":true,"href":"https:\/\/riberasalud.com\/hospital-de-molina\/wp-json\/wp\/v2\/categories?post=2053"},{"taxonomy":"post_tag","embeddable":true,"href":"https:\/\/riberasalud.com\/hospital-de-molina\/wp-json\/wp\/v2\/tags?post=2053"}],"curies":[{"name":"wp","href":"https:\/\/api.w.org\/{rel}","templated":true}]}}