{"id":2050,"date":"2016-05-24T09:21:57","date_gmt":"2016-05-24T07:21:57","guid":{"rendered":"https:\/\/www.hospitaldemolina.es\/el-hospital-de-molina-presenta-la-4a-semana-del-hospital-y-recibe-un-reconocimiento-institucional-del-ayuntamiento-de-molina-de-segura\/"},"modified":"2023-10-25T06:38:20","modified_gmt":"2023-10-25T06:38:20","slug":"el-hospital-de-molina-presenta-la-4a-semana-del-hospital-y-recibe-un-reconocimiento-institucional-del-ayuntamiento-de-molina-de-segura","status":"publish","type":"post","link":"https:\/\/riberasalud.com\/hospital-de-molina\/el-hospital-de-molina-presenta-la-4a-semana-del-hospital-y-recibe-un-reconocimiento-institucional-del-ayuntamiento-de-molina-de-segura\/","title":{"rendered":"El Hospital de Molina presenta la 4\u00aa Semana del Hospital y recibe un reconocimiento institucional del Ayuntamiento de Molina de Segura"},"content":{"rendered":"<p>27 mayo 2016.- El <strong>Hospital de Molina<\/strong> ha presentado hoy viernes 27 de mayo la <strong>4\u00aa Semana del Hospital<\/strong>. Un conjunto de actividades divulgativas de la salud, con las que el Centro Hospitalario quiere celebrar su decimosexto aniversario.<\/p>\n<p class=\"rtecenter\"><img decoding=\"async\" src=\"https:\/\/riberasalud.com\/hospital-de-molina\/wp-content\/uploads\/2020\/05\/201620-20IV20Semana20del20Hospital20-20Cartel.jpg\" style=\"height:140px; width: auto;\"> <img decoding=\"async\" src=\"https:\/\/hospitaldemolina.es\/wp-content\/uploads\/2020\/05\/16-05-2720-20HM20Presentacion204C2AA20Semana20HM20-20Foto1.jpg\" style=\"height:140px; width: auto;\"> <img decoding=\"async\" src=\"https:\/\/hospitaldemolina.es\/wp-content\/uploads\/2020\/05\/16-05-2720-20HM20Presentacion204C2AA20Semana20HM20-20Foto2.jpg\" style=\"height:140px; width: auto;\"> <img decoding=\"async\" src=\"https:\/\/hospitaldemolina.es\/wp-content\/uploads\/2020\/05\/16-05-2720-20HM20Presentacion204C2AA20Semana20HM20-20Foto3.jpg\" style=\"height:140px; width: auto;\"><\/p>\n<p class=\"rtecenter\"><img decoding=\"async\" src=\"https:\/\/hospitaldemolina.es\/wp-content\/uploads\/2020\/05\/16-05-2720-20HM20Presentacion204C2AA20Semana20HM20-20Foto6.jpg\" style=\"height:140px; width: auto;\">   <img decoding=\"async\" src=\"https:\/\/hospitaldemolina.es\/wp-content\/uploads\/2020\/05\/16-05-2720-20HM20Presentacion204C2AA20Semana20HM20-20Foto7.jpg\" style=\"height:140px; width: auto;\"> <img decoding=\"async\" src=\"https:\/\/hospitaldemolina.es\/wp-content\/uploads\/2020\/05\/16-05-2720-20HM20Presentacion204C2AA20Semana20HM20-20Foto4.jpg\" style=\"height:140px; width: auto;\"><\/p>\n<p>Bajo el t\u00edtulo \u201c<strong>Comprometidos con los ciudadanos<\/strong>\u201d, durante la pr\u00f3xima semana se desarrollar\u00e1n:<\/p>\n<p>Charlas dirigidas a escolares sobre Nutrici\u00f3n, Actividad F\u00edsica, Prevenci\u00f3n de enfermedades de transmisi\u00f3n sexual (ETS) y de embarazos, Higiene postural, Salud bucodental, Voluntariado sanitario y taller infantil de Pediatr\u00eda.<br \/>\nCharla sobre ginecolog\u00eda dirigida a las mujeres del Programa Municipal de Inserci\u00f3n Social.<br \/>\nClausura del Programa \u201cSalud 5-10\u201d.<br \/>\nCharla sobre ETS dirigida a los usuarios de la Asociaci\u00f3n Murciana de Rehabilitaci\u00f3n Psicosocial.<br \/>\nJornada de \u201cActualizaci\u00f3n de la Actividad Primaria \u2013 Hospital. Evoluci\u00f3n y futuro\u201d, junto con los profesionales sanitarios del Centro de Salud Antonio Garc\u00eda.<br \/>\nCharla sobre diabetes, dirigida a los usuarios del Centro de D\u00eda para Personas Mayores de Molina de Segura.<br \/>\nI Jornada de Deporte Saludable \u201cCiudad de Molina\u201d.<br \/>\nTaller de Actividad F\u00edsica para las mujeres de la Asociaci\u00f3n de Vecinos de San Roque.<br \/>\nCharla de Cruz Roja sobre voluntariado sociosanitario dirigida a los profesionales de la Medicina y la Enfermer\u00eda tanto del propio Hospital de Molina como de los Centros de Salud del municipio.<br \/>\nJornada Salud, Deporte e Integraci\u00f3n.<\/p>\n<p>En palabras del <strong>Director-Gerente del Hospital de Molina, Pedro Hern\u00e1ndez Jim\u00e9nez<\/strong>, \u201cllevamos diecis\u00e9is a\u00f1os cuidando de la salud de todos los ciudadanos, demostrando nuestro compromiso con todos y cada uno de nuestros pacientes y contribuyendo a que puedan incorporar a su d\u00eda a d\u00eda un estilo de vida m\u00e1s saludable. Un a\u00f1o m\u00e1s, queremos compartir con todos &#8211; desde los m\u00e1s peque\u00f1os hasta los que no lo son tanto \u2013  una serie de actividades, bajo el marco de la Semana del Hospital, con las que promocionar y divulgar una cuesti\u00f3n que nos preocupa a todos: la salud. Es parte de nuestro compromiso con la ciudadan\u00eda\u201d.<\/p>\n<p>En el mismo acto, el Hospital de Molina ha recibido un <strong>reconocimiento institucional del Ayuntamiento de Molina de Segura<\/strong>, por situarse entre los <strong>mejores Hospitales de Espa\u00f1a en su \u00e1rea de Traumatolog\u00eda<\/strong>, tras haber obtenido el <strong>Premio TOP 20 para la Excelencia en la categor\u00eda de m\u00fasculo esquel\u00e9tico<\/strong>.<\/p>\n<p>Presidido por la Alcaldesa de Molina de Segura, Esther Clavero Mira, en el acto han estado presentes el Director-Gerente del Hospital de Molina, Pedro Hern\u00e1ndez Jim\u00e9nez, y la Concejala de Salud P\u00fablica del Ayuntamiento, Esther S\u00e1nchez Rodr\u00edguez.<\/p>\n<p>Hern\u00e1ndez Jim\u00e9nez ha manifestado que \u201cnos sentimos muy agradecidos por que el Ayuntamiento de Molina de Segura, en representaci\u00f3n de la ciudadan\u00eda, reconozca nuestra labora asistencial que, como no puede ser de otra manera, busca siempre mejorar la salud de los habitantes de Molina de Segura con unos par\u00e1metros de calidad bien contrastados y reconocidos a nivel nacional, como lo demuestran los Premios TOP 20 que hemos conseguido en Gesti\u00f3n Hospitalaria y en nuestra \u00e1rea de Traumatolog\u00eda. Sin duda es un orgullo y un est\u00edmulo m\u00e1s para seguir trabajando por el camino de la excelencia, que es lo que se merece la ciudadan\u00eda\u201d.<\/p>\n<p>El pasado mes de noviembre, el Hospital de Molina obtuvo el <strong>Premio Top 20 para la Excelencia en el \u00e1rea de Traumatolog\u00eda (categor\u00eda de M\u00fasculo esquel\u00e9tico)<\/strong>, al que sum\u00f3 otro en 2009 tambi\u00e9n en Traumatolog\u00eda, y otros 9 TOP 20 en Gesti\u00f3n Hospitalaria.<\/p>\n<p>El programa TOP 20, que elabora la consultora Iasist, es un proceso de evaluaci\u00f3n de car\u00e1cter voluntario, an\u00f3nimo y gratuito en el que participaron, en la \u00faltima edici\u00f3n, 155 centros.<\/p>\n<p>Enlaces Relacionados:<\/p>\n","protected":false},"excerpt":{"rendered":"<p>27 mayo 2016.- El Hospital de Molina ha presentado hoy viernes 27 de mayo la 4\u00aa Semana del Hospital. Un conjunto de actividades divulgativas de la salud, con las que el Centro Hospitalario quiere celebrar su decimosexto aniversario. Bajo el t\u00edtulo \u201cComprometidos con los ciudadanos\u201d, durante la pr\u00f3xima semana se desarrollar\u00e1n: Charlas dirigidas a escolares &#8230; <a title=\"El Hospital de Molina presenta la 4\u00aa Semana del Hospital y recibe un reconocimiento institucional del Ayuntamiento de Molina de Segura\" class=\"read-more\" href=\"https:\/\/riberasalud.com\/hospital-de-molina\/el-hospital-de-molina-presenta-la-4a-semana-del-hospital-y-recibe-un-reconocimiento-institucional-del-ayuntamiento-de-molina-de-segura\/\" aria-label=\"Leer m\u00e1s sobre El Hospital de Molina presenta la 4\u00aa Semana del Hospital y recibe un reconocimiento institucional del Ayuntamiento de Molina de Segura\">Leer m\u00e1s<\/a><\/p>\n","protected":false},"author":3,"featured_media":0,"comment_status":"closed","ping_status":"open","sticky":false,"template":"","format":"standard","meta":{"_uag_custom_page_level_css":"","_mi_skip_tracking":false,"footnotes":""},"categories":[7],"tags":[],"class_list":["post-2050","post","type-post","status-publish","format-standard","hentry","category-hemeroteca"],"yoast_head":"<!-- This site is optimized with the Yoast SEO plugin v26.6 - https:\/\/yoast.com\/wordpress\/plugins\/seo\/ -->\n<title>El Hospital de Molina presenta la 4\u00aa Semana del Hospital y recibe un reconocimiento institucional del Ayuntamiento de Molina de Segura - Hospital de Molina<\/title>\n<meta name=\"robots\" content=\"index, follow, max-snippet:-1, max-image-preview:large, max-video-preview:-1\" \/>\n<link rel=\"canonical\" href=\"https:\/\/riberasalud.com\/hospital-de-molina\/el-hospital-de-molina-presenta-la-4a-semana-del-hospital-y-recibe-un-reconocimiento-institucional-del-ayuntamiento-de-molina-de-segura\/\" \/>\n<meta property=\"og:locale\" content=\"es_ES\" \/>\n<meta property=\"og:type\" content=\"article\" \/>\n<meta property=\"og:title\" content=\"El Hospital de Molina presenta la 4\u00aa Semana del Hospital y recibe un reconocimiento institucional del Ayuntamiento de Molina de Segura - Hospital de Molina\" \/>\n<meta property=\"og:description\" content=\"27 mayo 2016.- El Hospital de Molina ha presentado hoy viernes 27 de mayo la 4\u00aa Semana del Hospital. Un conjunto de actividades divulgativas de la salud, con las que el Centro Hospitalario quiere celebrar su decimosexto aniversario. Bajo el t\u00edtulo \u201cComprometidos con los ciudadanos\u201d, durante la pr\u00f3xima semana se desarrollar\u00e1n: Charlas dirigidas a escolares ... Leer m\u00e1s\" \/>\n<meta property=\"og:url\" content=\"https:\/\/riberasalud.com\/hospital-de-molina\/el-hospital-de-molina-presenta-la-4a-semana-del-hospital-y-recibe-un-reconocimiento-institucional-del-ayuntamiento-de-molina-de-segura\/\" \/>\n<meta property=\"og:site_name\" content=\"Hospital de Molina\" \/>\n<meta property=\"article:published_time\" content=\"2016-05-24T07:21:57+00:00\" \/>\n<meta property=\"article:modified_time\" content=\"2023-10-25T06:38:20+00:00\" \/>\n<meta property=\"og:image\" content=\"https:\/\/riberasalud.com\/hospital-de-molina\/wp-content\/uploads\/2020\/05\/201620-20IV20Semana20del20Hospital20-20Cartel.jpg\" \/>\n<meta name=\"author\" content=\"hmolina\" \/>\n<meta name=\"twitter:card\" content=\"summary_large_image\" \/>\n<meta name=\"twitter:label1\" content=\"Escrito por\" \/>\n\t<meta name=\"twitter:data1\" content=\"hmolina\" \/>\n\t<meta name=\"twitter:label2\" content=\"Tiempo de lectura\" \/>\n\t<meta name=\"twitter:data2\" content=\"3 minutos\" \/>\n<script type=\"application\/ld+json\" class=\"yoast-schema-graph\">{\"@context\":\"https:\/\/schema.org\",\"@graph\":[{\"@type\":\"Article\",\"@id\":\"https:\/\/riberasalud.com\/hospital-de-molina\/el-hospital-de-molina-presenta-la-4a-semana-del-hospital-y-recibe-un-reconocimiento-institucional-del-ayuntamiento-de-molina-de-segura\/#article\",\"isPartOf\":{\"@id\":\"https:\/\/riberasalud.com\/hospital-de-molina\/el-hospital-de-molina-presenta-la-4a-semana-del-hospital-y-recibe-un-reconocimiento-institucional-del-ayuntamiento-de-molina-de-segura\/\"},\"author\":{\"name\":\"hmolina\",\"@id\":\"https:\/\/riberasalud.com\/hospital-de-molina\/#\/schema\/person\/37d58effcbf02f32328940089f254419\"},\"headline\":\"El Hospital de Molina presenta la 4\u00aa Semana del Hospital y recibe un reconocimiento institucional del Ayuntamiento de Molina de Segura\",\"datePublished\":\"2016-05-24T07:21:57+00:00\",\"dateModified\":\"2023-10-25T06:38:20+00:00\",\"mainEntityOfPage\":{\"@id\":\"https:\/\/riberasalud.com\/hospital-de-molina\/el-hospital-de-molina-presenta-la-4a-semana-del-hospital-y-recibe-un-reconocimiento-institucional-del-ayuntamiento-de-molina-de-segura\/\"},\"wordCount\":651,\"publisher\":{\"@id\":\"https:\/\/riberasalud.com\/hospital-de-molina\/#organization\"},\"image\":{\"@id\":\"https:\/\/riberasalud.com\/hospital-de-molina\/el-hospital-de-molina-presenta-la-4a-semana-del-hospital-y-recibe-un-reconocimiento-institucional-del-ayuntamiento-de-molina-de-segura\/#primaryimage\"},\"thumbnailUrl\":\"https:\/\/riberasalud.com\/hospital-de-molina\/wp-content\/uploads\/2020\/05\/201620-20IV20Semana20del20Hospital20-20Cartel.jpg\",\"articleSection\":[\"Hemeroteca\"],\"inLanguage\":\"es\"},{\"@type\":\"WebPage\",\"@id\":\"https:\/\/riberasalud.com\/hospital-de-molina\/el-hospital-de-molina-presenta-la-4a-semana-del-hospital-y-recibe-un-reconocimiento-institucional-del-ayuntamiento-de-molina-de-segura\/\",\"url\":\"https:\/\/riberasalud.com\/hospital-de-molina\/el-hospital-de-molina-presenta-la-4a-semana-del-hospital-y-recibe-un-reconocimiento-institucional-del-ayuntamiento-de-molina-de-segura\/\",\"name\":\"El Hospital de Molina presenta la 4\u00aa Semana del Hospital y recibe un reconocimiento institucional del Ayuntamiento de Molina de Segura - Hospital de Molina\",\"isPartOf\":{\"@id\":\"https:\/\/riberasalud.com\/hospital-de-molina\/#website\"},\"primaryImageOfPage\":{\"@id\":\"https:\/\/riberasalud.com\/hospital-de-molina\/el-hospital-de-molina-presenta-la-4a-semana-del-hospital-y-recibe-un-reconocimiento-institucional-del-ayuntamiento-de-molina-de-segura\/#primaryimage\"},\"image\":{\"@id\":\"https:\/\/riberasalud.com\/hospital-de-molina\/el-hospital-de-molina-presenta-la-4a-semana-del-hospital-y-recibe-un-reconocimiento-institucional-del-ayuntamiento-de-molina-de-segura\/#primaryimage\"},\"thumbnailUrl\":\"https:\/\/riberasalud.com\/hospital-de-molina\/wp-content\/uploads\/2020\/05\/201620-20IV20Semana20del20Hospital20-20Cartel.jpg\",\"datePublished\":\"2016-05-24T07:21:57+00:00\",\"dateModified\":\"2023-10-25T06:38:20+00:00\",\"breadcrumb\":{\"@id\":\"https:\/\/riberasalud.com\/hospital-de-molina\/el-hospital-de-molina-presenta-la-4a-semana-del-hospital-y-recibe-un-reconocimiento-institucional-del-ayuntamiento-de-molina-de-segura\/#breadcrumb\"},\"inLanguage\":\"es\",\"potentialAction\":[{\"@type\":\"ReadAction\",\"target\":[\"https:\/\/riberasalud.com\/hospital-de-molina\/el-hospital-de-molina-presenta-la-4a-semana-del-hospital-y-recibe-un-reconocimiento-institucional-del-ayuntamiento-de-molina-de-segura\/\"]}]},{\"@type\":\"ImageObject\",\"inLanguage\":\"es\",\"@id\":\"https:\/\/riberasalud.com\/hospital-de-molina\/el-hospital-de-molina-presenta-la-4a-semana-del-hospital-y-recibe-un-reconocimiento-institucional-del-ayuntamiento-de-molina-de-segura\/#primaryimage\",\"url\":\"https:\/\/riberasalud.com\/hospital-de-molina\/wp-content\/uploads\/2020\/05\/201620-20IV20Semana20del20Hospital20-20Cartel.jpg\",\"contentUrl\":\"https:\/\/riberasalud.com\/hospital-de-molina\/wp-content\/uploads\/2020\/05\/201620-20IV20Semana20del20Hospital20-20Cartel.jpg\",\"width\":1034,\"height\":1462},{\"@type\":\"BreadcrumbList\",\"@id\":\"https:\/\/riberasalud.com\/hospital-de-molina\/el-hospital-de-molina-presenta-la-4a-semana-del-hospital-y-recibe-un-reconocimiento-institucional-del-ayuntamiento-de-molina-de-segura\/#breadcrumb\",\"itemListElement\":[{\"@type\":\"ListItem\",\"position\":1,\"name\":\"Portada\",\"item\":\"https:\/\/riberasalud.com\/hospital-de-molina\/\"},{\"@type\":\"ListItem\",\"position\":2,\"name\":\"El Hospital de Molina presenta la 4\u00aa Semana del Hospital y recibe un reconocimiento institucional del Ayuntamiento de Molina de Segura\"}]},{\"@type\":\"WebSite\",\"@id\":\"https:\/\/riberasalud.com\/hospital-de-molina\/#website\",\"url\":\"https:\/\/riberasalud.com\/hospital-de-molina\/\",\"name\":\"Hospital de Molina\",\"description\":\"\",\"publisher\":{\"@id\":\"https:\/\/riberasalud.com\/hospital-de-molina\/#organization\"},\"potentialAction\":[{\"@type\":\"SearchAction\",\"target\":{\"@type\":\"EntryPoint\",\"urlTemplate\":\"https:\/\/riberasalud.com\/hospital-de-molina\/?s={search_term_string}\"},\"query-input\":{\"@type\":\"PropertyValueSpecification\",\"valueRequired\":true,\"valueName\":\"search_term_string\"}}],\"inLanguage\":\"es\"},{\"@type\":\"Organization\",\"@id\":\"https:\/\/riberasalud.com\/hospital-de-molina\/#organization\",\"name\":\"Hospital de Molina\",\"url\":\"https:\/\/riberasalud.com\/hospital-de-molina\/\",\"logo\":{\"@type\":\"ImageObject\",\"inLanguage\":\"es\",\"@id\":\"https:\/\/riberasalud.com\/hospital-de-molina\/#\/schema\/logo\/image\/\",\"url\":\"https:\/\/riberasalud.com\/hospital-de-molina\/wp-content\/uploads\/2023\/01\/cropped-Logo-Red-DeMolina-bigtz7.png\",\"contentUrl\":\"https:\/\/riberasalud.com\/hospital-de-molina\/wp-content\/uploads\/2023\/01\/cropped-Logo-Red-DeMolina-bigtz7.png\",\"width\":300,\"height\":72,\"caption\":\"Hospital de Molina\"},\"image\":{\"@id\":\"https:\/\/riberasalud.com\/hospital-de-molina\/#\/schema\/logo\/image\/\"}},{\"@type\":\"Person\",\"@id\":\"https:\/\/riberasalud.com\/hospital-de-molina\/#\/schema\/person\/37d58effcbf02f32328940089f254419\",\"name\":\"hmolina\",\"image\":{\"@type\":\"ImageObject\",\"inLanguage\":\"es\",\"@id\":\"https:\/\/riberasalud.com\/hospital-de-molina\/#\/schema\/person\/image\/\",\"url\":\"https:\/\/secure.gravatar.com\/avatar\/9db1181c394bec9505d449c90a21b5363cc35ad9a76f60f11a304b23bb0e8dd4?s=96&d=mm&r=g\",\"contentUrl\":\"https:\/\/secure.gravatar.com\/avatar\/9db1181c394bec9505d449c90a21b5363cc35ad9a76f60f11a304b23bb0e8dd4?s=96&d=mm&r=g\",\"caption\":\"hmolina\"},\"url\":\"https:\/\/riberasalud.com\/hospital-de-molina\/author\/hmolina\/\"}]}<\/script>\n<!-- \/ Yoast SEO plugin. -->","yoast_head_json":{"title":"El Hospital de Molina presenta la 4\u00aa Semana del Hospital y recibe un reconocimiento institucional del Ayuntamiento de Molina de Segura - Hospital de Molina","robots":{"index":"index","follow":"follow","max-snippet":"max-snippet:-1","max-image-preview":"max-image-preview:large","max-video-preview":"max-video-preview:-1"},"canonical":"https:\/\/riberasalud.com\/hospital-de-molina\/el-hospital-de-molina-presenta-la-4a-semana-del-hospital-y-recibe-un-reconocimiento-institucional-del-ayuntamiento-de-molina-de-segura\/","og_locale":"es_ES","og_type":"article","og_title":"El Hospital de Molina presenta la 4\u00aa Semana del Hospital y recibe un reconocimiento institucional del Ayuntamiento de Molina de Segura - Hospital de Molina","og_description":"27 mayo 2016.- El Hospital de Molina ha presentado hoy viernes 27 de mayo la 4\u00aa Semana del Hospital. Un conjunto de actividades divulgativas de la salud, con las que el Centro Hospitalario quiere celebrar su decimosexto aniversario. Bajo el t\u00edtulo \u201cComprometidos con los ciudadanos\u201d, durante la pr\u00f3xima semana se desarrollar\u00e1n: Charlas dirigidas a escolares ... Leer m\u00e1s","og_url":"https:\/\/riberasalud.com\/hospital-de-molina\/el-hospital-de-molina-presenta-la-4a-semana-del-hospital-y-recibe-un-reconocimiento-institucional-del-ayuntamiento-de-molina-de-segura\/","og_site_name":"Hospital de Molina","article_published_time":"2016-05-24T07:21:57+00:00","article_modified_time":"2023-10-25T06:38:20+00:00","og_image":[{"url":"https:\/\/riberasalud.com\/hospital-de-molina\/wp-content\/uploads\/2020\/05\/201620-20IV20Semana20del20Hospital20-20Cartel.jpg","type":"","width":"","height":""}],"author":"hmolina","twitter_card":"summary_large_image","twitter_misc":{"Escrito por":"hmolina","Tiempo de lectura":"3 minutos"},"schema":{"@context":"https:\/\/schema.org","@graph":[{"@type":"Article","@id":"https:\/\/riberasalud.com\/hospital-de-molina\/el-hospital-de-molina-presenta-la-4a-semana-del-hospital-y-recibe-un-reconocimiento-institucional-del-ayuntamiento-de-molina-de-segura\/#article","isPartOf":{"@id":"https:\/\/riberasalud.com\/hospital-de-molina\/el-hospital-de-molina-presenta-la-4a-semana-del-hospital-y-recibe-un-reconocimiento-institucional-del-ayuntamiento-de-molina-de-segura\/"},"author":{"name":"hmolina","@id":"https:\/\/riberasalud.com\/hospital-de-molina\/#\/schema\/person\/37d58effcbf02f32328940089f254419"},"headline":"El Hospital de Molina presenta la 4\u00aa Semana del Hospital y recibe un reconocimiento institucional del Ayuntamiento de Molina de Segura","datePublished":"2016-05-24T07:21:57+00:00","dateModified":"2023-10-25T06:38:20+00:00","mainEntityOfPage":{"@id":"https:\/\/riberasalud.com\/hospital-de-molina\/el-hospital-de-molina-presenta-la-4a-semana-del-hospital-y-recibe-un-reconocimiento-institucional-del-ayuntamiento-de-molina-de-segura\/"},"wordCount":651,"publisher":{"@id":"https:\/\/riberasalud.com\/hospital-de-molina\/#organization"},"image":{"@id":"https:\/\/riberasalud.com\/hospital-de-molina\/el-hospital-de-molina-presenta-la-4a-semana-del-hospital-y-recibe-un-reconocimiento-institucional-del-ayuntamiento-de-molina-de-segura\/#primaryimage"},"thumbnailUrl":"https:\/\/riberasalud.com\/hospital-de-molina\/wp-content\/uploads\/2020\/05\/201620-20IV20Semana20del20Hospital20-20Cartel.jpg","articleSection":["Hemeroteca"],"inLanguage":"es"},{"@type":"WebPage","@id":"https:\/\/riberasalud.com\/hospital-de-molina\/el-hospital-de-molina-presenta-la-4a-semana-del-hospital-y-recibe-un-reconocimiento-institucional-del-ayuntamiento-de-molina-de-segura\/","url":"https:\/\/riberasalud.com\/hospital-de-molina\/el-hospital-de-molina-presenta-la-4a-semana-del-hospital-y-recibe-un-reconocimiento-institucional-del-ayuntamiento-de-molina-de-segura\/","name":"El Hospital de Molina presenta la 4\u00aa Semana del Hospital y recibe un reconocimiento institucional del Ayuntamiento de Molina de Segura - Hospital de Molina","isPartOf":{"@id":"https:\/\/riberasalud.com\/hospital-de-molina\/#website"},"primaryImageOfPage":{"@id":"https:\/\/riberasalud.com\/hospital-de-molina\/el-hospital-de-molina-presenta-la-4a-semana-del-hospital-y-recibe-un-reconocimiento-institucional-del-ayuntamiento-de-molina-de-segura\/#primaryimage"},"image":{"@id":"https:\/\/riberasalud.com\/hospital-de-molina\/el-hospital-de-molina-presenta-la-4a-semana-del-hospital-y-recibe-un-reconocimiento-institucional-del-ayuntamiento-de-molina-de-segura\/#primaryimage"},"thumbnailUrl":"https:\/\/riberasalud.com\/hospital-de-molina\/wp-content\/uploads\/2020\/05\/201620-20IV20Semana20del20Hospital20-20Cartel.jpg","datePublished":"2016-05-24T07:21:57+00:00","dateModified":"2023-10-25T06:38:20+00:00","breadcrumb":{"@id":"https:\/\/riberasalud.com\/hospital-de-molina\/el-hospital-de-molina-presenta-la-4a-semana-del-hospital-y-recibe-un-reconocimiento-institucional-del-ayuntamiento-de-molina-de-segura\/#breadcrumb"},"inLanguage":"es","potentialAction":[{"@type":"ReadAction","target":["https:\/\/riberasalud.com\/hospital-de-molina\/el-hospital-de-molina-presenta-la-4a-semana-del-hospital-y-recibe-un-reconocimiento-institucional-del-ayuntamiento-de-molina-de-segura\/"]}]},{"@type":"ImageObject","inLanguage":"es","@id":"https:\/\/riberasalud.com\/hospital-de-molina\/el-hospital-de-molina-presenta-la-4a-semana-del-hospital-y-recibe-un-reconocimiento-institucional-del-ayuntamiento-de-molina-de-segura\/#primaryimage","url":"https:\/\/riberasalud.com\/hospital-de-molina\/wp-content\/uploads\/2020\/05\/201620-20IV20Semana20del20Hospital20-20Cartel.jpg","contentUrl":"https:\/\/riberasalud.com\/hospital-de-molina\/wp-content\/uploads\/2020\/05\/201620-20IV20Semana20del20Hospital20-20Cartel.jpg","width":1034,"height":1462},{"@type":"BreadcrumbList","@id":"https:\/\/riberasalud.com\/hospital-de-molina\/el-hospital-de-molina-presenta-la-4a-semana-del-hospital-y-recibe-un-reconocimiento-institucional-del-ayuntamiento-de-molina-de-segura\/#breadcrumb","itemListElement":[{"@type":"ListItem","position":1,"name":"Portada","item":"https:\/\/riberasalud.com\/hospital-de-molina\/"},{"@type":"ListItem","position":2,"name":"El Hospital de Molina presenta la 4\u00aa Semana del Hospital y recibe un reconocimiento institucional del Ayuntamiento de Molina de Segura"}]},{"@type":"WebSite","@id":"https:\/\/riberasalud.com\/hospital-de-molina\/#website","url":"https:\/\/riberasalud.com\/hospital-de-molina\/","name":"Hospital de Molina","description":"","publisher":{"@id":"https:\/\/riberasalud.com\/hospital-de-molina\/#organization"},"potentialAction":[{"@type":"SearchAction","target":{"@type":"EntryPoint","urlTemplate":"https:\/\/riberasalud.com\/hospital-de-molina\/?s={search_term_string}"},"query-input":{"@type":"PropertyValueSpecification","valueRequired":true,"valueName":"search_term_string"}}],"inLanguage":"es"},{"@type":"Organization","@id":"https:\/\/riberasalud.com\/hospital-de-molina\/#organization","name":"Hospital de Molina","url":"https:\/\/riberasalud.com\/hospital-de-molina\/","logo":{"@type":"ImageObject","inLanguage":"es","@id":"https:\/\/riberasalud.com\/hospital-de-molina\/#\/schema\/logo\/image\/","url":"https:\/\/riberasalud.com\/hospital-de-molina\/wp-content\/uploads\/2023\/01\/cropped-Logo-Red-DeMolina-bigtz7.png","contentUrl":"https:\/\/riberasalud.com\/hospital-de-molina\/wp-content\/uploads\/2023\/01\/cropped-Logo-Red-DeMolina-bigtz7.png","width":300,"height":72,"caption":"Hospital de Molina"},"image":{"@id":"https:\/\/riberasalud.com\/hospital-de-molina\/#\/schema\/logo\/image\/"}},{"@type":"Person","@id":"https:\/\/riberasalud.com\/hospital-de-molina\/#\/schema\/person\/37d58effcbf02f32328940089f254419","name":"hmolina","image":{"@type":"ImageObject","inLanguage":"es","@id":"https:\/\/riberasalud.com\/hospital-de-molina\/#\/schema\/person\/image\/","url":"https:\/\/secure.gravatar.com\/avatar\/9db1181c394bec9505d449c90a21b5363cc35ad9a76f60f11a304b23bb0e8dd4?s=96&d=mm&r=g","contentUrl":"https:\/\/secure.gravatar.com\/avatar\/9db1181c394bec9505d449c90a21b5363cc35ad9a76f60f11a304b23bb0e8dd4?s=96&d=mm&r=g","caption":"hmolina"},"url":"https:\/\/riberasalud.com\/hospital-de-molina\/author\/hmolina\/"}]}},"uagb_featured_image_src":{"full":false,"thumbnail":false,"medium":false,"medium_large":false,"large":false,"1536x1536":false,"2048x2048":false},"uagb_author_info":{"display_name":"hmolina","author_link":"https:\/\/riberasalud.com\/hospital-de-molina\/author\/hmolina\/"},"uagb_comment_info":0,"uagb_excerpt":"27 mayo 2016.- El Hospital de Molina ha presentado hoy viernes 27 de mayo la 4\u00aa Semana del Hospital. Un conjunto de actividades divulgativas de la salud, con las que el Centro Hospitalario quiere celebrar su decimosexto aniversario. Bajo el t\u00edtulo \u201cComprometidos con los ciudadanos\u201d, durante la pr\u00f3xima semana se desarrollar\u00e1n: Charlas dirigidas a escolares&hellip;","_links":{"self":[{"href":"https:\/\/riberasalud.com\/hospital-de-molina\/wp-json\/wp\/v2\/posts\/2050","targetHints":{"allow":["GET"]}}],"collection":[{"href":"https:\/\/riberasalud.com\/hospital-de-molina\/wp-json\/wp\/v2\/posts"}],"about":[{"href":"https:\/\/riberasalud.com\/hospital-de-molina\/wp-json\/wp\/v2\/types\/post"}],"author":[{"embeddable":true,"href":"https:\/\/riberasalud.com\/hospital-de-molina\/wp-json\/wp\/v2\/users\/3"}],"replies":[{"embeddable":true,"href":"https:\/\/riberasalud.com\/hospital-de-molina\/wp-json\/wp\/v2\/comments?post=2050"}],"version-history":[{"count":1,"href":"https:\/\/riberasalud.com\/hospital-de-molina\/wp-json\/wp\/v2\/posts\/2050\/revisions"}],"predecessor-version":[{"id":8340,"href":"https:\/\/riberasalud.com\/hospital-de-molina\/wp-json\/wp\/v2\/posts\/2050\/revisions\/8340"}],"wp:attachment":[{"href":"https:\/\/riberasalud.com\/hospital-de-molina\/wp-json\/wp\/v2\/media?parent=2050"}],"wp:term":[{"taxonomy":"category","embeddable":true,"href":"https:\/\/riberasalud.com\/hospital-de-molina\/wp-json\/wp\/v2\/categories?post=2050"},{"taxonomy":"post_tag","embeddable":true,"href":"https:\/\/riberasalud.com\/hospital-de-molina\/wp-json\/wp\/v2\/tags?post=2050"}],"curies":[{"name":"wp","href":"https:\/\/api.w.org\/{rel}","templated":true}]}}