{"id":2049,"date":"2016-05-30T12:16:43","date_gmt":"2016-05-30T10:16:43","guid":{"rendered":"https:\/\/www.hospitaldemolina.es\/4a-semana-del-hospital-cooperacion-sanitaria-en-honduras\/"},"modified":"2023-10-25T06:38:19","modified_gmt":"2023-10-25T06:38:19","slug":"4a-semana-del-hospital-cooperacion-sanitaria-en-honduras","status":"publish","type":"post","link":"https:\/\/riberasalud.com\/hospital-de-molina\/4a-semana-del-hospital-cooperacion-sanitaria-en-honduras\/","title":{"rendered":"4\u00aa SEMANA DEL HOSPITAL: Cooperaci\u00f3n Sanitaria en Honduras"},"content":{"rendered":"<p>30 mayo 2016.- El <strong>Hospital de Molina<\/strong> ha comenzado su 4\u00aa SEMANA DEL HOSPITAL con una charla esta ma\u00f1ana en el Colegio Los Olivos, titulada \u201cCooperaci\u00f3n Sanitaria en Honduras. Un compromiso social\u201d, impartida por el Prof. Dr. Fernando Santonja Medina, Cirujano traumatol\u00f3gico del Hospital de Molina y del Hospital Cl\u00ednico Virgen de la Arrixaca, y miembro  de la ONG \u201cOjos del Sur\u201d.<\/p>\n<p class=\"rtecenter\"><img decoding=\"async\" src=\"https:\/\/hospitaldemolina.es\/wp-content\/uploads\/2020\/05\/16-05-3020-204SHM20-20Voluntariado20Sanitario20-20Foto1.jpg\" style=\"height:140px; width: auto;\"> <img decoding=\"async\" src=\"https:\/\/hospitaldemolina.es\/wp-content\/uploads\/2020\/05\/16-05-3020-204SHM20-20Voluntariado20Sanitario20-20Foto2.jpg\" style=\"height:140px; width: auto;\"> <img decoding=\"async\" src=\"https:\/\/hospitaldemolina.es\/wp-content\/uploads\/2020\/05\/16-05-3020-204SHM20-20Voluntariado20Sanitario20-20Foto3.jpg\" style=\"height:140px; width: auto;\"><\/p>\n<p class=\"rtecenter\"><img decoding=\"async\" src=\"https:\/\/hospitaldemolina.es\/wp-content\/uploads\/2020\/05\/16-05-3020-204SHM20-20Voluntariado20Sanitario20-20Foto4.jpg\" style=\"height:140px; width: auto;\"> <img decoding=\"async\" src=\"https:\/\/hospitaldemolina.es\/wp-content\/uploads\/2020\/05\/16-05-3020-204SHM20-20Voluntariado20Sanitario20-20Foto5.jpg\" style=\"height:140px; width: auto;\"><\/p>\n<p>Santonja Medina ha explicado a todo el alumnado de Secundaria y Bachillerato del Colegio Los Olivos su dura experiencia en un pa\u00eds en v\u00edas de desarrollo, como es Honduras, donde la asistencia sanitaria p\u00fablica es pr\u00e1cticamente inexistente.<\/p>\n<p>Desde su nacimiento en 1980, la ONG Ojos del Sur est\u00e1 ayudando a salvar vidas, evitando muertes por enfermedades infecciosas y en partos de riesgo o en situaciones antihigi\u00e9nica.<\/p>\n<p>Enlaces Relacionados:<\/p>\n","protected":false},"excerpt":{"rendered":"<p>30 mayo 2016.- El Hospital de Molina ha comenzado su 4\u00aa SEMANA DEL HOSPITAL con una charla esta ma\u00f1ana en el Colegio Los Olivos, titulada \u201cCooperaci\u00f3n Sanitaria en Honduras. Un compromiso social\u201d, impartida por el Prof. Dr. Fernando Santonja Medina, Cirujano traumatol\u00f3gico del Hospital de Molina y del Hospital Cl\u00ednico Virgen de la Arrixaca, y &#8230; <a title=\"4\u00aa SEMANA DEL HOSPITAL: Cooperaci\u00f3n Sanitaria en Honduras\" class=\"read-more\" href=\"https:\/\/riberasalud.com\/hospital-de-molina\/4a-semana-del-hospital-cooperacion-sanitaria-en-honduras\/\" aria-label=\"Leer m\u00e1s sobre 4\u00aa SEMANA DEL HOSPITAL: Cooperaci\u00f3n Sanitaria en Honduras\">Leer m\u00e1s<\/a><\/p>\n","protected":false},"author":3,"featured_media":0,"comment_status":"closed","ping_status":"open","sticky":false,"template":"","format":"standard","meta":{"_uag_custom_page_level_css":"","_mi_skip_tracking":false,"footnotes":""},"categories":[7],"tags":[],"class_list":["post-2049","post","type-post","status-publish","format-standard","hentry","category-hemeroteca"],"yoast_head":"<!-- This site is optimized with the Yoast SEO plugin v26.6 - https:\/\/yoast.com\/wordpress\/plugins\/seo\/ -->\n<title>4\u00aa SEMANA DEL HOSPITAL: Cooperaci\u00f3n Sanitaria en Honduras - Hospital de Molina<\/title>\n<meta name=\"robots\" content=\"index, follow, max-snippet:-1, max-image-preview:large, max-video-preview:-1\" \/>\n<link rel=\"canonical\" href=\"https:\/\/riberasalud.com\/hospital-de-molina\/4a-semana-del-hospital-cooperacion-sanitaria-en-honduras\/\" \/>\n<meta property=\"og:locale\" content=\"es_ES\" \/>\n<meta property=\"og:type\" content=\"article\" \/>\n<meta property=\"og:title\" content=\"4\u00aa SEMANA DEL HOSPITAL: Cooperaci\u00f3n Sanitaria en Honduras - Hospital de Molina\" \/>\n<meta property=\"og:description\" content=\"30 mayo 2016.- El Hospital de Molina ha comenzado su 4\u00aa SEMANA DEL HOSPITAL con una charla esta ma\u00f1ana en el Colegio Los Olivos, titulada \u201cCooperaci\u00f3n Sanitaria en Honduras. Un compromiso social\u201d, impartida por el Prof. Dr. Fernando Santonja Medina, Cirujano traumatol\u00f3gico del Hospital de Molina y del Hospital Cl\u00ednico Virgen de la Arrixaca, y ... Leer m\u00e1s\" \/>\n<meta property=\"og:url\" content=\"https:\/\/riberasalud.com\/hospital-de-molina\/4a-semana-del-hospital-cooperacion-sanitaria-en-honduras\/\" \/>\n<meta property=\"og:site_name\" content=\"Hospital de Molina\" \/>\n<meta property=\"article:published_time\" content=\"2016-05-30T10:16:43+00:00\" \/>\n<meta property=\"article:modified_time\" content=\"2023-10-25T06:38:19+00:00\" \/>\n<meta property=\"og:image\" content=\"https:\/\/hospitaldemolina.es\/wp-content\/uploads\/2020\/05\/16-05-3020-204SHM20-20Voluntariado20Sanitario20-20Foto1.jpg\" \/>\n<meta name=\"author\" content=\"hmolina\" \/>\n<meta name=\"twitter:card\" content=\"summary_large_image\" \/>\n<meta name=\"twitter:label1\" content=\"Escrito por\" \/>\n\t<meta name=\"twitter:data1\" content=\"hmolina\" \/>\n\t<meta name=\"twitter:label2\" content=\"Tiempo de lectura\" \/>\n\t<meta name=\"twitter:data2\" content=\"1 minuto\" \/>\n<script type=\"application\/ld+json\" class=\"yoast-schema-graph\">{\"@context\":\"https:\/\/schema.org\",\"@graph\":[{\"@type\":\"Article\",\"@id\":\"https:\/\/riberasalud.com\/hospital-de-molina\/4a-semana-del-hospital-cooperacion-sanitaria-en-honduras\/#article\",\"isPartOf\":{\"@id\":\"https:\/\/riberasalud.com\/hospital-de-molina\/4a-semana-del-hospital-cooperacion-sanitaria-en-honduras\/\"},\"author\":{\"name\":\"hmolina\",\"@id\":\"https:\/\/riberasalud.com\/hospital-de-molina\/#\/schema\/person\/37d58effcbf02f32328940089f254419\"},\"headline\":\"4\u00aa SEMANA DEL HOSPITAL: Cooperaci\u00f3n Sanitaria en Honduras\",\"datePublished\":\"2016-05-30T10:16:43+00:00\",\"dateModified\":\"2023-10-25T06:38:19+00:00\",\"mainEntityOfPage\":{\"@id\":\"https:\/\/riberasalud.com\/hospital-de-molina\/4a-semana-del-hospital-cooperacion-sanitaria-en-honduras\/\"},\"wordCount\":144,\"publisher\":{\"@id\":\"https:\/\/riberasalud.com\/hospital-de-molina\/#organization\"},\"image\":{\"@id\":\"https:\/\/riberasalud.com\/hospital-de-molina\/4a-semana-del-hospital-cooperacion-sanitaria-en-honduras\/#primaryimage\"},\"thumbnailUrl\":\"https:\/\/hospitaldemolina.es\/wp-content\/uploads\/2020\/05\/16-05-3020-204SHM20-20Voluntariado20Sanitario20-20Foto1.jpg\",\"articleSection\":[\"Hemeroteca\"],\"inLanguage\":\"es\"},{\"@type\":\"WebPage\",\"@id\":\"https:\/\/riberasalud.com\/hospital-de-molina\/4a-semana-del-hospital-cooperacion-sanitaria-en-honduras\/\",\"url\":\"https:\/\/riberasalud.com\/hospital-de-molina\/4a-semana-del-hospital-cooperacion-sanitaria-en-honduras\/\",\"name\":\"4\u00aa SEMANA DEL HOSPITAL: Cooperaci\u00f3n Sanitaria en Honduras - Hospital de Molina\",\"isPartOf\":{\"@id\":\"https:\/\/riberasalud.com\/hospital-de-molina\/#website\"},\"primaryImageOfPage\":{\"@id\":\"https:\/\/riberasalud.com\/hospital-de-molina\/4a-semana-del-hospital-cooperacion-sanitaria-en-honduras\/#primaryimage\"},\"image\":{\"@id\":\"https:\/\/riberasalud.com\/hospital-de-molina\/4a-semana-del-hospital-cooperacion-sanitaria-en-honduras\/#primaryimage\"},\"thumbnailUrl\":\"https:\/\/hospitaldemolina.es\/wp-content\/uploads\/2020\/05\/16-05-3020-204SHM20-20Voluntariado20Sanitario20-20Foto1.jpg\",\"datePublished\":\"2016-05-30T10:16:43+00:00\",\"dateModified\":\"2023-10-25T06:38:19+00:00\",\"breadcrumb\":{\"@id\":\"https:\/\/riberasalud.com\/hospital-de-molina\/4a-semana-del-hospital-cooperacion-sanitaria-en-honduras\/#breadcrumb\"},\"inLanguage\":\"es\",\"potentialAction\":[{\"@type\":\"ReadAction\",\"target\":[\"https:\/\/riberasalud.com\/hospital-de-molina\/4a-semana-del-hospital-cooperacion-sanitaria-en-honduras\/\"]}]},{\"@type\":\"ImageObject\",\"inLanguage\":\"es\",\"@id\":\"https:\/\/riberasalud.com\/hospital-de-molina\/4a-semana-del-hospital-cooperacion-sanitaria-en-honduras\/#primaryimage\",\"url\":\"https:\/\/hospitaldemolina.es\/wp-content\/uploads\/2020\/05\/16-05-3020-204SHM20-20Voluntariado20Sanitario20-20Foto1.jpg\",\"contentUrl\":\"https:\/\/hospitaldemolina.es\/wp-content\/uploads\/2020\/05\/16-05-3020-204SHM20-20Voluntariado20Sanitario20-20Foto1.jpg\"},{\"@type\":\"BreadcrumbList\",\"@id\":\"https:\/\/riberasalud.com\/hospital-de-molina\/4a-semana-del-hospital-cooperacion-sanitaria-en-honduras\/#breadcrumb\",\"itemListElement\":[{\"@type\":\"ListItem\",\"position\":1,\"name\":\"Portada\",\"item\":\"https:\/\/riberasalud.com\/hospital-de-molina\/\"},{\"@type\":\"ListItem\",\"position\":2,\"name\":\"4\u00aa SEMANA DEL HOSPITAL: Cooperaci\u00f3n Sanitaria en Honduras\"}]},{\"@type\":\"WebSite\",\"@id\":\"https:\/\/riberasalud.com\/hospital-de-molina\/#website\",\"url\":\"https:\/\/riberasalud.com\/hospital-de-molina\/\",\"name\":\"Hospital de Molina\",\"description\":\"\",\"publisher\":{\"@id\":\"https:\/\/riberasalud.com\/hospital-de-molina\/#organization\"},\"potentialAction\":[{\"@type\":\"SearchAction\",\"target\":{\"@type\":\"EntryPoint\",\"urlTemplate\":\"https:\/\/riberasalud.com\/hospital-de-molina\/?s={search_term_string}\"},\"query-input\":{\"@type\":\"PropertyValueSpecification\",\"valueRequired\":true,\"valueName\":\"search_term_string\"}}],\"inLanguage\":\"es\"},{\"@type\":\"Organization\",\"@id\":\"https:\/\/riberasalud.com\/hospital-de-molina\/#organization\",\"name\":\"Hospital de Molina\",\"url\":\"https:\/\/riberasalud.com\/hospital-de-molina\/\",\"logo\":{\"@type\":\"ImageObject\",\"inLanguage\":\"es\",\"@id\":\"https:\/\/riberasalud.com\/hospital-de-molina\/#\/schema\/logo\/image\/\",\"url\":\"https:\/\/riberasalud.com\/hospital-de-molina\/wp-content\/uploads\/2023\/01\/cropped-Logo-Red-DeMolina-bigtz7.png\",\"contentUrl\":\"https:\/\/riberasalud.com\/hospital-de-molina\/wp-content\/uploads\/2023\/01\/cropped-Logo-Red-DeMolina-bigtz7.png\",\"width\":300,\"height\":72,\"caption\":\"Hospital de Molina\"},\"image\":{\"@id\":\"https:\/\/riberasalud.com\/hospital-de-molina\/#\/schema\/logo\/image\/\"}},{\"@type\":\"Person\",\"@id\":\"https:\/\/riberasalud.com\/hospital-de-molina\/#\/schema\/person\/37d58effcbf02f32328940089f254419\",\"name\":\"hmolina\",\"image\":{\"@type\":\"ImageObject\",\"inLanguage\":\"es\",\"@id\":\"https:\/\/riberasalud.com\/hospital-de-molina\/#\/schema\/person\/image\/\",\"url\":\"https:\/\/secure.gravatar.com\/avatar\/9db1181c394bec9505d449c90a21b5363cc35ad9a76f60f11a304b23bb0e8dd4?s=96&d=mm&r=g\",\"contentUrl\":\"https:\/\/secure.gravatar.com\/avatar\/9db1181c394bec9505d449c90a21b5363cc35ad9a76f60f11a304b23bb0e8dd4?s=96&d=mm&r=g\",\"caption\":\"hmolina\"},\"url\":\"https:\/\/riberasalud.com\/hospital-de-molina\/author\/hmolina\/\"}]}<\/script>\n<!-- \/ Yoast SEO plugin. -->","yoast_head_json":{"title":"4\u00aa SEMANA DEL HOSPITAL: Cooperaci\u00f3n Sanitaria en Honduras - Hospital de Molina","robots":{"index":"index","follow":"follow","max-snippet":"max-snippet:-1","max-image-preview":"max-image-preview:large","max-video-preview":"max-video-preview:-1"},"canonical":"https:\/\/riberasalud.com\/hospital-de-molina\/4a-semana-del-hospital-cooperacion-sanitaria-en-honduras\/","og_locale":"es_ES","og_type":"article","og_title":"4\u00aa SEMANA DEL HOSPITAL: Cooperaci\u00f3n Sanitaria en Honduras - Hospital de Molina","og_description":"30 mayo 2016.- El Hospital de Molina ha comenzado su 4\u00aa SEMANA DEL HOSPITAL con una charla esta ma\u00f1ana en el Colegio Los Olivos, titulada \u201cCooperaci\u00f3n Sanitaria en Honduras. Un compromiso social\u201d, impartida por el Prof. Dr. Fernando Santonja Medina, Cirujano traumatol\u00f3gico del Hospital de Molina y del Hospital Cl\u00ednico Virgen de la Arrixaca, y ... Leer m\u00e1s","og_url":"https:\/\/riberasalud.com\/hospital-de-molina\/4a-semana-del-hospital-cooperacion-sanitaria-en-honduras\/","og_site_name":"Hospital de Molina","article_published_time":"2016-05-30T10:16:43+00:00","article_modified_time":"2023-10-25T06:38:19+00:00","og_image":[{"url":"https:\/\/hospitaldemolina.es\/wp-content\/uploads\/2020\/05\/16-05-3020-204SHM20-20Voluntariado20Sanitario20-20Foto1.jpg","type":"","width":"","height":""}],"author":"hmolina","twitter_card":"summary_large_image","twitter_misc":{"Escrito por":"hmolina","Tiempo de lectura":"1 minuto"},"schema":{"@context":"https:\/\/schema.org","@graph":[{"@type":"Article","@id":"https:\/\/riberasalud.com\/hospital-de-molina\/4a-semana-del-hospital-cooperacion-sanitaria-en-honduras\/#article","isPartOf":{"@id":"https:\/\/riberasalud.com\/hospital-de-molina\/4a-semana-del-hospital-cooperacion-sanitaria-en-honduras\/"},"author":{"name":"hmolina","@id":"https:\/\/riberasalud.com\/hospital-de-molina\/#\/schema\/person\/37d58effcbf02f32328940089f254419"},"headline":"4\u00aa SEMANA DEL HOSPITAL: Cooperaci\u00f3n Sanitaria en Honduras","datePublished":"2016-05-30T10:16:43+00:00","dateModified":"2023-10-25T06:38:19+00:00","mainEntityOfPage":{"@id":"https:\/\/riberasalud.com\/hospital-de-molina\/4a-semana-del-hospital-cooperacion-sanitaria-en-honduras\/"},"wordCount":144,"publisher":{"@id":"https:\/\/riberasalud.com\/hospital-de-molina\/#organization"},"image":{"@id":"https:\/\/riberasalud.com\/hospital-de-molina\/4a-semana-del-hospital-cooperacion-sanitaria-en-honduras\/#primaryimage"},"thumbnailUrl":"https:\/\/hospitaldemolina.es\/wp-content\/uploads\/2020\/05\/16-05-3020-204SHM20-20Voluntariado20Sanitario20-20Foto1.jpg","articleSection":["Hemeroteca"],"inLanguage":"es"},{"@type":"WebPage","@id":"https:\/\/riberasalud.com\/hospital-de-molina\/4a-semana-del-hospital-cooperacion-sanitaria-en-honduras\/","url":"https:\/\/riberasalud.com\/hospital-de-molina\/4a-semana-del-hospital-cooperacion-sanitaria-en-honduras\/","name":"4\u00aa SEMANA DEL HOSPITAL: Cooperaci\u00f3n Sanitaria en Honduras - Hospital de Molina","isPartOf":{"@id":"https:\/\/riberasalud.com\/hospital-de-molina\/#website"},"primaryImageOfPage":{"@id":"https:\/\/riberasalud.com\/hospital-de-molina\/4a-semana-del-hospital-cooperacion-sanitaria-en-honduras\/#primaryimage"},"image":{"@id":"https:\/\/riberasalud.com\/hospital-de-molina\/4a-semana-del-hospital-cooperacion-sanitaria-en-honduras\/#primaryimage"},"thumbnailUrl":"https:\/\/hospitaldemolina.es\/wp-content\/uploads\/2020\/05\/16-05-3020-204SHM20-20Voluntariado20Sanitario20-20Foto1.jpg","datePublished":"2016-05-30T10:16:43+00:00","dateModified":"2023-10-25T06:38:19+00:00","breadcrumb":{"@id":"https:\/\/riberasalud.com\/hospital-de-molina\/4a-semana-del-hospital-cooperacion-sanitaria-en-honduras\/#breadcrumb"},"inLanguage":"es","potentialAction":[{"@type":"ReadAction","target":["https:\/\/riberasalud.com\/hospital-de-molina\/4a-semana-del-hospital-cooperacion-sanitaria-en-honduras\/"]}]},{"@type":"ImageObject","inLanguage":"es","@id":"https:\/\/riberasalud.com\/hospital-de-molina\/4a-semana-del-hospital-cooperacion-sanitaria-en-honduras\/#primaryimage","url":"https:\/\/hospitaldemolina.es\/wp-content\/uploads\/2020\/05\/16-05-3020-204SHM20-20Voluntariado20Sanitario20-20Foto1.jpg","contentUrl":"https:\/\/hospitaldemolina.es\/wp-content\/uploads\/2020\/05\/16-05-3020-204SHM20-20Voluntariado20Sanitario20-20Foto1.jpg"},{"@type":"BreadcrumbList","@id":"https:\/\/riberasalud.com\/hospital-de-molina\/4a-semana-del-hospital-cooperacion-sanitaria-en-honduras\/#breadcrumb","itemListElement":[{"@type":"ListItem","position":1,"name":"Portada","item":"https:\/\/riberasalud.com\/hospital-de-molina\/"},{"@type":"ListItem","position":2,"name":"4\u00aa SEMANA DEL HOSPITAL: Cooperaci\u00f3n Sanitaria en Honduras"}]},{"@type":"WebSite","@id":"https:\/\/riberasalud.com\/hospital-de-molina\/#website","url":"https:\/\/riberasalud.com\/hospital-de-molina\/","name":"Hospital de Molina","description":"","publisher":{"@id":"https:\/\/riberasalud.com\/hospital-de-molina\/#organization"},"potentialAction":[{"@type":"SearchAction","target":{"@type":"EntryPoint","urlTemplate":"https:\/\/riberasalud.com\/hospital-de-molina\/?s={search_term_string}"},"query-input":{"@type":"PropertyValueSpecification","valueRequired":true,"valueName":"search_term_string"}}],"inLanguage":"es"},{"@type":"Organization","@id":"https:\/\/riberasalud.com\/hospital-de-molina\/#organization","name":"Hospital de Molina","url":"https:\/\/riberasalud.com\/hospital-de-molina\/","logo":{"@type":"ImageObject","inLanguage":"es","@id":"https:\/\/riberasalud.com\/hospital-de-molina\/#\/schema\/logo\/image\/","url":"https:\/\/riberasalud.com\/hospital-de-molina\/wp-content\/uploads\/2023\/01\/cropped-Logo-Red-DeMolina-bigtz7.png","contentUrl":"https:\/\/riberasalud.com\/hospital-de-molina\/wp-content\/uploads\/2023\/01\/cropped-Logo-Red-DeMolina-bigtz7.png","width":300,"height":72,"caption":"Hospital de Molina"},"image":{"@id":"https:\/\/riberasalud.com\/hospital-de-molina\/#\/schema\/logo\/image\/"}},{"@type":"Person","@id":"https:\/\/riberasalud.com\/hospital-de-molina\/#\/schema\/person\/37d58effcbf02f32328940089f254419","name":"hmolina","image":{"@type":"ImageObject","inLanguage":"es","@id":"https:\/\/riberasalud.com\/hospital-de-molina\/#\/schema\/person\/image\/","url":"https:\/\/secure.gravatar.com\/avatar\/9db1181c394bec9505d449c90a21b5363cc35ad9a76f60f11a304b23bb0e8dd4?s=96&d=mm&r=g","contentUrl":"https:\/\/secure.gravatar.com\/avatar\/9db1181c394bec9505d449c90a21b5363cc35ad9a76f60f11a304b23bb0e8dd4?s=96&d=mm&r=g","caption":"hmolina"},"url":"https:\/\/riberasalud.com\/hospital-de-molina\/author\/hmolina\/"}]}},"uagb_featured_image_src":{"full":false,"thumbnail":false,"medium":false,"medium_large":false,"large":false,"1536x1536":false,"2048x2048":false},"uagb_author_info":{"display_name":"hmolina","author_link":"https:\/\/riberasalud.com\/hospital-de-molina\/author\/hmolina\/"},"uagb_comment_info":0,"uagb_excerpt":"30 mayo 2016.- El Hospital de Molina ha comenzado su 4\u00aa SEMANA DEL HOSPITAL con una charla esta ma\u00f1ana en el Colegio Los Olivos, titulada \u201cCooperaci\u00f3n Sanitaria en Honduras. Un compromiso social\u201d, impartida por el Prof. Dr. Fernando Santonja Medina, Cirujano traumatol\u00f3gico del Hospital de Molina y del Hospital Cl\u00ednico Virgen de la Arrixaca, y&hellip;","_links":{"self":[{"href":"https:\/\/riberasalud.com\/hospital-de-molina\/wp-json\/wp\/v2\/posts\/2049","targetHints":{"allow":["GET"]}}],"collection":[{"href":"https:\/\/riberasalud.com\/hospital-de-molina\/wp-json\/wp\/v2\/posts"}],"about":[{"href":"https:\/\/riberasalud.com\/hospital-de-molina\/wp-json\/wp\/v2\/types\/post"}],"author":[{"embeddable":true,"href":"https:\/\/riberasalud.com\/hospital-de-molina\/wp-json\/wp\/v2\/users\/3"}],"replies":[{"embeddable":true,"href":"https:\/\/riberasalud.com\/hospital-de-molina\/wp-json\/wp\/v2\/comments?post=2049"}],"version-history":[{"count":1,"href":"https:\/\/riberasalud.com\/hospital-de-molina\/wp-json\/wp\/v2\/posts\/2049\/revisions"}],"predecessor-version":[{"id":8337,"href":"https:\/\/riberasalud.com\/hospital-de-molina\/wp-json\/wp\/v2\/posts\/2049\/revisions\/8337"}],"wp:attachment":[{"href":"https:\/\/riberasalud.com\/hospital-de-molina\/wp-json\/wp\/v2\/media?parent=2049"}],"wp:term":[{"taxonomy":"category","embeddable":true,"href":"https:\/\/riberasalud.com\/hospital-de-molina\/wp-json\/wp\/v2\/categories?post=2049"},{"taxonomy":"post_tag","embeddable":true,"href":"https:\/\/riberasalud.com\/hospital-de-molina\/wp-json\/wp\/v2\/tags?post=2049"}],"curies":[{"name":"wp","href":"https:\/\/api.w.org\/{rel}","templated":true}]}}