{"id":2039,"date":"2016-06-02T11:46:30","date_gmt":"2016-06-02T09:46:30","guid":{"rendered":"https:\/\/www.hospitaldemolina.es\/4a-semana-del-hospital-higiene-postural-para-escolares\/"},"modified":"2023-10-25T06:38:14","modified_gmt":"2023-10-25T06:38:14","slug":"4a-semana-del-hospital-higiene-postural-para-escolares","status":"publish","type":"post","link":"https:\/\/riberasalud.com\/hospital-de-molina\/4a-semana-del-hospital-higiene-postural-para-escolares\/","title":{"rendered":"4\u00aa SEMANA DEL HOSPITAL: Higiene postural para escolares"},"content":{"rendered":"<p>2 junio 2016.- La higiene postural para escolares ha centrado una nueva charla enmarcada en la 4\u00aa SEMANA DEL HOSPITAL, que ha impartido esta ma\u00f1ana la responsable de la Unidad de Fisioterapia del Hospital de Molina, Ana Das\u00ed Espinosa, al alumnado de 5\u00ba y 6\u00ba de Primaria del Colegio Sagrada Familia (Molina de Segura).<\/p>\n<p class=\"rtecenter\"><img decoding=\"async\" src=\"https:\/\/hospitaldemolina.es\/wp-content\/uploads\/2020\/05\/16-06-0220-204SHM20-20Charla20Higiene20Postural20-20Foto1.jpg\" style=\"height:140px; width: auto;\"> <img decoding=\"async\" src=\"https:\/\/hospitaldemolina.es\/wp-content\/uploads\/2020\/05\/16-06-0220-204SHM20-20Charla20Higiene20Postural20-20Foto1.jpg\" style=\"height:140px; width: auto;\"> <img decoding=\"async\" src=\"https:\/\/hospitaldemolina.es\/wp-content\/uploads\/2020\/05\/16-06-0220-204SHM20-20Charla20Higiene20Postural20-20Foto2.jpg\" style=\"height:140px; width: auto;\"> <img decoding=\"async\" src=\"https:\/\/hospitaldemolina.es\/wp-content\/uploads\/2020\/05\/16-06-0220-204SHM20-20Charla20Higiene20Postural20-20Foto3.jpg\" style=\"height:140px; width: auto;\"> <img decoding=\"async\" src=\"https:\/\/hospitaldemolina.es\/wp-content\/uploads\/2020\/05\/16-06-0220-204SHM20-20Charla20Higiene20Postural20-20Foto4.jpg\" style=\"height:140px; width: auto;\"><\/p>\n<p>El 80% de la poblaci\u00f3n presenta alg\u00fan problema de espalda, y cada vez con mayor frecuencia, los ni\u00f1os y adolescentes sufren dolores de espalda, debido a malos h\u00e1bitos posturales. Por este motivo, Das\u00ed Espinosa ha incidido, durante la charla, en que precisamente es durante la infancia y la adolescencia cuando hay que adquirir una correcta higiene postural para evitar ciertas patolog\u00edas de espalda, tanto presentes como futuras.<\/p>\n<p>Con esta conferencia de la Unidad de Fisioterapia del <strong>Hospital de Molina<\/strong>, el Centro Hospitalario contin\u00faa con su programaci\u00f3n de la 4\u00aa SEMANA DEL HOSPITAL, con la que conmemora su decimosexto aniversario.<\/p>\n<p>Enlaces Relacionados:<\/p>\n","protected":false},"excerpt":{"rendered":"<p>2 junio 2016.- La higiene postural para escolares ha centrado una nueva charla enmarcada en la 4\u00aa SEMANA DEL HOSPITAL, que ha impartido esta ma\u00f1ana la responsable de la Unidad de Fisioterapia del Hospital de Molina, Ana Das\u00ed Espinosa, al alumnado de 5\u00ba y 6\u00ba de Primaria del Colegio Sagrada Familia (Molina de Segura). El &#8230; <a title=\"4\u00aa SEMANA DEL HOSPITAL: Higiene postural para escolares\" class=\"read-more\" href=\"https:\/\/riberasalud.com\/hospital-de-molina\/4a-semana-del-hospital-higiene-postural-para-escolares\/\" aria-label=\"Leer m\u00e1s sobre 4\u00aa SEMANA DEL HOSPITAL: Higiene postural para escolares\">Leer m\u00e1s<\/a><\/p>\n","protected":false},"author":3,"featured_media":0,"comment_status":"closed","ping_status":"open","sticky":false,"template":"","format":"standard","meta":{"_uag_custom_page_level_css":"","_mi_skip_tracking":false,"footnotes":""},"categories":[7],"tags":[],"class_list":["post-2039","post","type-post","status-publish","format-standard","hentry","category-hemeroteca"],"yoast_head":"<!-- This site is optimized with the Yoast SEO plugin v26.6 - https:\/\/yoast.com\/wordpress\/plugins\/seo\/ -->\n<title>4\u00aa SEMANA DEL HOSPITAL: Higiene postural para escolares - Hospital de Molina<\/title>\n<meta name=\"robots\" content=\"index, follow, max-snippet:-1, max-image-preview:large, max-video-preview:-1\" \/>\n<link rel=\"canonical\" href=\"https:\/\/riberasalud.com\/hospital-de-molina\/4a-semana-del-hospital-higiene-postural-para-escolares\/\" \/>\n<meta property=\"og:locale\" content=\"es_ES\" \/>\n<meta property=\"og:type\" content=\"article\" \/>\n<meta property=\"og:title\" content=\"4\u00aa SEMANA DEL HOSPITAL: Higiene postural para escolares - Hospital de Molina\" \/>\n<meta property=\"og:description\" content=\"2 junio 2016.- La higiene postural para escolares ha centrado una nueva charla enmarcada en la 4\u00aa SEMANA DEL HOSPITAL, que ha impartido esta ma\u00f1ana la responsable de la Unidad de Fisioterapia del Hospital de Molina, Ana Das\u00ed Espinosa, al alumnado de 5\u00ba y 6\u00ba de Primaria del Colegio Sagrada Familia (Molina de Segura). El ... Leer m\u00e1s\" \/>\n<meta property=\"og:url\" content=\"https:\/\/riberasalud.com\/hospital-de-molina\/4a-semana-del-hospital-higiene-postural-para-escolares\/\" \/>\n<meta property=\"og:site_name\" content=\"Hospital de Molina\" \/>\n<meta property=\"article:published_time\" content=\"2016-06-02T09:46:30+00:00\" \/>\n<meta property=\"article:modified_time\" content=\"2023-10-25T06:38:14+00:00\" \/>\n<meta property=\"og:image\" content=\"https:\/\/hospitaldemolina.es\/wp-content\/uploads\/2020\/05\/16-06-0220-204SHM20-20Charla20Higiene20Postural20-20Foto1.jpg\" \/>\n<meta name=\"author\" content=\"hmolina\" \/>\n<meta name=\"twitter:card\" content=\"summary_large_image\" \/>\n<meta name=\"twitter:label1\" content=\"Escrito por\" \/>\n\t<meta name=\"twitter:data1\" content=\"hmolina\" \/>\n\t<meta name=\"twitter:label2\" content=\"Tiempo de lectura\" \/>\n\t<meta name=\"twitter:data2\" content=\"1 minuto\" \/>\n<script type=\"application\/ld+json\" class=\"yoast-schema-graph\">{\"@context\":\"https:\/\/schema.org\",\"@graph\":[{\"@type\":\"Article\",\"@id\":\"https:\/\/riberasalud.com\/hospital-de-molina\/4a-semana-del-hospital-higiene-postural-para-escolares\/#article\",\"isPartOf\":{\"@id\":\"https:\/\/riberasalud.com\/hospital-de-molina\/4a-semana-del-hospital-higiene-postural-para-escolares\/\"},\"author\":{\"name\":\"hmolina\",\"@id\":\"https:\/\/riberasalud.com\/hospital-de-molina\/#\/schema\/person\/37d58effcbf02f32328940089f254419\"},\"headline\":\"4\u00aa SEMANA DEL HOSPITAL: Higiene postural para escolares\",\"datePublished\":\"2016-06-02T09:46:30+00:00\",\"dateModified\":\"2023-10-25T06:38:14+00:00\",\"mainEntityOfPage\":{\"@id\":\"https:\/\/riberasalud.com\/hospital-de-molina\/4a-semana-del-hospital-higiene-postural-para-escolares\/\"},\"wordCount\":164,\"publisher\":{\"@id\":\"https:\/\/riberasalud.com\/hospital-de-molina\/#organization\"},\"image\":{\"@id\":\"https:\/\/riberasalud.com\/hospital-de-molina\/4a-semana-del-hospital-higiene-postural-para-escolares\/#primaryimage\"},\"thumbnailUrl\":\"https:\/\/hospitaldemolina.es\/wp-content\/uploads\/2020\/05\/16-06-0220-204SHM20-20Charla20Higiene20Postural20-20Foto1.jpg\",\"articleSection\":[\"Hemeroteca\"],\"inLanguage\":\"es\"},{\"@type\":\"WebPage\",\"@id\":\"https:\/\/riberasalud.com\/hospital-de-molina\/4a-semana-del-hospital-higiene-postural-para-escolares\/\",\"url\":\"https:\/\/riberasalud.com\/hospital-de-molina\/4a-semana-del-hospital-higiene-postural-para-escolares\/\",\"name\":\"4\u00aa SEMANA DEL HOSPITAL: Higiene postural para escolares - Hospital de Molina\",\"isPartOf\":{\"@id\":\"https:\/\/riberasalud.com\/hospital-de-molina\/#website\"},\"primaryImageOfPage\":{\"@id\":\"https:\/\/riberasalud.com\/hospital-de-molina\/4a-semana-del-hospital-higiene-postural-para-escolares\/#primaryimage\"},\"image\":{\"@id\":\"https:\/\/riberasalud.com\/hospital-de-molina\/4a-semana-del-hospital-higiene-postural-para-escolares\/#primaryimage\"},\"thumbnailUrl\":\"https:\/\/hospitaldemolina.es\/wp-content\/uploads\/2020\/05\/16-06-0220-204SHM20-20Charla20Higiene20Postural20-20Foto1.jpg\",\"datePublished\":\"2016-06-02T09:46:30+00:00\",\"dateModified\":\"2023-10-25T06:38:14+00:00\",\"breadcrumb\":{\"@id\":\"https:\/\/riberasalud.com\/hospital-de-molina\/4a-semana-del-hospital-higiene-postural-para-escolares\/#breadcrumb\"},\"inLanguage\":\"es\",\"potentialAction\":[{\"@type\":\"ReadAction\",\"target\":[\"https:\/\/riberasalud.com\/hospital-de-molina\/4a-semana-del-hospital-higiene-postural-para-escolares\/\"]}]},{\"@type\":\"ImageObject\",\"inLanguage\":\"es\",\"@id\":\"https:\/\/riberasalud.com\/hospital-de-molina\/4a-semana-del-hospital-higiene-postural-para-escolares\/#primaryimage\",\"url\":\"https:\/\/hospitaldemolina.es\/wp-content\/uploads\/2020\/05\/16-06-0220-204SHM20-20Charla20Higiene20Postural20-20Foto1.jpg\",\"contentUrl\":\"https:\/\/hospitaldemolina.es\/wp-content\/uploads\/2020\/05\/16-06-0220-204SHM20-20Charla20Higiene20Postural20-20Foto1.jpg\"},{\"@type\":\"BreadcrumbList\",\"@id\":\"https:\/\/riberasalud.com\/hospital-de-molina\/4a-semana-del-hospital-higiene-postural-para-escolares\/#breadcrumb\",\"itemListElement\":[{\"@type\":\"ListItem\",\"position\":1,\"name\":\"Portada\",\"item\":\"https:\/\/riberasalud.com\/hospital-de-molina\/\"},{\"@type\":\"ListItem\",\"position\":2,\"name\":\"4\u00aa SEMANA DEL HOSPITAL: Higiene postural para escolares\"}]},{\"@type\":\"WebSite\",\"@id\":\"https:\/\/riberasalud.com\/hospital-de-molina\/#website\",\"url\":\"https:\/\/riberasalud.com\/hospital-de-molina\/\",\"name\":\"Hospital de Molina\",\"description\":\"\",\"publisher\":{\"@id\":\"https:\/\/riberasalud.com\/hospital-de-molina\/#organization\"},\"potentialAction\":[{\"@type\":\"SearchAction\",\"target\":{\"@type\":\"EntryPoint\",\"urlTemplate\":\"https:\/\/riberasalud.com\/hospital-de-molina\/?s={search_term_string}\"},\"query-input\":{\"@type\":\"PropertyValueSpecification\",\"valueRequired\":true,\"valueName\":\"search_term_string\"}}],\"inLanguage\":\"es\"},{\"@type\":\"Organization\",\"@id\":\"https:\/\/riberasalud.com\/hospital-de-molina\/#organization\",\"name\":\"Hospital de Molina\",\"url\":\"https:\/\/riberasalud.com\/hospital-de-molina\/\",\"logo\":{\"@type\":\"ImageObject\",\"inLanguage\":\"es\",\"@id\":\"https:\/\/riberasalud.com\/hospital-de-molina\/#\/schema\/logo\/image\/\",\"url\":\"https:\/\/riberasalud.com\/hospital-de-molina\/wp-content\/uploads\/2023\/01\/cropped-Logo-Red-DeMolina-bigtz7.png\",\"contentUrl\":\"https:\/\/riberasalud.com\/hospital-de-molina\/wp-content\/uploads\/2023\/01\/cropped-Logo-Red-DeMolina-bigtz7.png\",\"width\":300,\"height\":72,\"caption\":\"Hospital de Molina\"},\"image\":{\"@id\":\"https:\/\/riberasalud.com\/hospital-de-molina\/#\/schema\/logo\/image\/\"}},{\"@type\":\"Person\",\"@id\":\"https:\/\/riberasalud.com\/hospital-de-molina\/#\/schema\/person\/37d58effcbf02f32328940089f254419\",\"name\":\"hmolina\",\"image\":{\"@type\":\"ImageObject\",\"inLanguage\":\"es\",\"@id\":\"https:\/\/riberasalud.com\/hospital-de-molina\/#\/schema\/person\/image\/\",\"url\":\"https:\/\/secure.gravatar.com\/avatar\/9db1181c394bec9505d449c90a21b5363cc35ad9a76f60f11a304b23bb0e8dd4?s=96&d=mm&r=g\",\"contentUrl\":\"https:\/\/secure.gravatar.com\/avatar\/9db1181c394bec9505d449c90a21b5363cc35ad9a76f60f11a304b23bb0e8dd4?s=96&d=mm&r=g\",\"caption\":\"hmolina\"},\"url\":\"https:\/\/riberasalud.com\/hospital-de-molina\/author\/hmolina\/\"}]}<\/script>\n<!-- \/ Yoast SEO plugin. -->","yoast_head_json":{"title":"4\u00aa SEMANA DEL HOSPITAL: Higiene postural para escolares - Hospital de Molina","robots":{"index":"index","follow":"follow","max-snippet":"max-snippet:-1","max-image-preview":"max-image-preview:large","max-video-preview":"max-video-preview:-1"},"canonical":"https:\/\/riberasalud.com\/hospital-de-molina\/4a-semana-del-hospital-higiene-postural-para-escolares\/","og_locale":"es_ES","og_type":"article","og_title":"4\u00aa SEMANA DEL HOSPITAL: Higiene postural para escolares - Hospital de Molina","og_description":"2 junio 2016.- La higiene postural para escolares ha centrado una nueva charla enmarcada en la 4\u00aa SEMANA DEL HOSPITAL, que ha impartido esta ma\u00f1ana la responsable de la Unidad de Fisioterapia del Hospital de Molina, Ana Das\u00ed Espinosa, al alumnado de 5\u00ba y 6\u00ba de Primaria del Colegio Sagrada Familia (Molina de Segura). El ... Leer m\u00e1s","og_url":"https:\/\/riberasalud.com\/hospital-de-molina\/4a-semana-del-hospital-higiene-postural-para-escolares\/","og_site_name":"Hospital de Molina","article_published_time":"2016-06-02T09:46:30+00:00","article_modified_time":"2023-10-25T06:38:14+00:00","og_image":[{"url":"https:\/\/hospitaldemolina.es\/wp-content\/uploads\/2020\/05\/16-06-0220-204SHM20-20Charla20Higiene20Postural20-20Foto1.jpg","type":"","width":"","height":""}],"author":"hmolina","twitter_card":"summary_large_image","twitter_misc":{"Escrito por":"hmolina","Tiempo de lectura":"1 minuto"},"schema":{"@context":"https:\/\/schema.org","@graph":[{"@type":"Article","@id":"https:\/\/riberasalud.com\/hospital-de-molina\/4a-semana-del-hospital-higiene-postural-para-escolares\/#article","isPartOf":{"@id":"https:\/\/riberasalud.com\/hospital-de-molina\/4a-semana-del-hospital-higiene-postural-para-escolares\/"},"author":{"name":"hmolina","@id":"https:\/\/riberasalud.com\/hospital-de-molina\/#\/schema\/person\/37d58effcbf02f32328940089f254419"},"headline":"4\u00aa SEMANA DEL HOSPITAL: Higiene postural para escolares","datePublished":"2016-06-02T09:46:30+00:00","dateModified":"2023-10-25T06:38:14+00:00","mainEntityOfPage":{"@id":"https:\/\/riberasalud.com\/hospital-de-molina\/4a-semana-del-hospital-higiene-postural-para-escolares\/"},"wordCount":164,"publisher":{"@id":"https:\/\/riberasalud.com\/hospital-de-molina\/#organization"},"image":{"@id":"https:\/\/riberasalud.com\/hospital-de-molina\/4a-semana-del-hospital-higiene-postural-para-escolares\/#primaryimage"},"thumbnailUrl":"https:\/\/hospitaldemolina.es\/wp-content\/uploads\/2020\/05\/16-06-0220-204SHM20-20Charla20Higiene20Postural20-20Foto1.jpg","articleSection":["Hemeroteca"],"inLanguage":"es"},{"@type":"WebPage","@id":"https:\/\/riberasalud.com\/hospital-de-molina\/4a-semana-del-hospital-higiene-postural-para-escolares\/","url":"https:\/\/riberasalud.com\/hospital-de-molina\/4a-semana-del-hospital-higiene-postural-para-escolares\/","name":"4\u00aa SEMANA DEL HOSPITAL: Higiene postural para escolares - Hospital de Molina","isPartOf":{"@id":"https:\/\/riberasalud.com\/hospital-de-molina\/#website"},"primaryImageOfPage":{"@id":"https:\/\/riberasalud.com\/hospital-de-molina\/4a-semana-del-hospital-higiene-postural-para-escolares\/#primaryimage"},"image":{"@id":"https:\/\/riberasalud.com\/hospital-de-molina\/4a-semana-del-hospital-higiene-postural-para-escolares\/#primaryimage"},"thumbnailUrl":"https:\/\/hospitaldemolina.es\/wp-content\/uploads\/2020\/05\/16-06-0220-204SHM20-20Charla20Higiene20Postural20-20Foto1.jpg","datePublished":"2016-06-02T09:46:30+00:00","dateModified":"2023-10-25T06:38:14+00:00","breadcrumb":{"@id":"https:\/\/riberasalud.com\/hospital-de-molina\/4a-semana-del-hospital-higiene-postural-para-escolares\/#breadcrumb"},"inLanguage":"es","potentialAction":[{"@type":"ReadAction","target":["https:\/\/riberasalud.com\/hospital-de-molina\/4a-semana-del-hospital-higiene-postural-para-escolares\/"]}]},{"@type":"ImageObject","inLanguage":"es","@id":"https:\/\/riberasalud.com\/hospital-de-molina\/4a-semana-del-hospital-higiene-postural-para-escolares\/#primaryimage","url":"https:\/\/hospitaldemolina.es\/wp-content\/uploads\/2020\/05\/16-06-0220-204SHM20-20Charla20Higiene20Postural20-20Foto1.jpg","contentUrl":"https:\/\/hospitaldemolina.es\/wp-content\/uploads\/2020\/05\/16-06-0220-204SHM20-20Charla20Higiene20Postural20-20Foto1.jpg"},{"@type":"BreadcrumbList","@id":"https:\/\/riberasalud.com\/hospital-de-molina\/4a-semana-del-hospital-higiene-postural-para-escolares\/#breadcrumb","itemListElement":[{"@type":"ListItem","position":1,"name":"Portada","item":"https:\/\/riberasalud.com\/hospital-de-molina\/"},{"@type":"ListItem","position":2,"name":"4\u00aa SEMANA DEL HOSPITAL: Higiene postural para escolares"}]},{"@type":"WebSite","@id":"https:\/\/riberasalud.com\/hospital-de-molina\/#website","url":"https:\/\/riberasalud.com\/hospital-de-molina\/","name":"Hospital de Molina","description":"","publisher":{"@id":"https:\/\/riberasalud.com\/hospital-de-molina\/#organization"},"potentialAction":[{"@type":"SearchAction","target":{"@type":"EntryPoint","urlTemplate":"https:\/\/riberasalud.com\/hospital-de-molina\/?s={search_term_string}"},"query-input":{"@type":"PropertyValueSpecification","valueRequired":true,"valueName":"search_term_string"}}],"inLanguage":"es"},{"@type":"Organization","@id":"https:\/\/riberasalud.com\/hospital-de-molina\/#organization","name":"Hospital de Molina","url":"https:\/\/riberasalud.com\/hospital-de-molina\/","logo":{"@type":"ImageObject","inLanguage":"es","@id":"https:\/\/riberasalud.com\/hospital-de-molina\/#\/schema\/logo\/image\/","url":"https:\/\/riberasalud.com\/hospital-de-molina\/wp-content\/uploads\/2023\/01\/cropped-Logo-Red-DeMolina-bigtz7.png","contentUrl":"https:\/\/riberasalud.com\/hospital-de-molina\/wp-content\/uploads\/2023\/01\/cropped-Logo-Red-DeMolina-bigtz7.png","width":300,"height":72,"caption":"Hospital de Molina"},"image":{"@id":"https:\/\/riberasalud.com\/hospital-de-molina\/#\/schema\/logo\/image\/"}},{"@type":"Person","@id":"https:\/\/riberasalud.com\/hospital-de-molina\/#\/schema\/person\/37d58effcbf02f32328940089f254419","name":"hmolina","image":{"@type":"ImageObject","inLanguage":"es","@id":"https:\/\/riberasalud.com\/hospital-de-molina\/#\/schema\/person\/image\/","url":"https:\/\/secure.gravatar.com\/avatar\/9db1181c394bec9505d449c90a21b5363cc35ad9a76f60f11a304b23bb0e8dd4?s=96&d=mm&r=g","contentUrl":"https:\/\/secure.gravatar.com\/avatar\/9db1181c394bec9505d449c90a21b5363cc35ad9a76f60f11a304b23bb0e8dd4?s=96&d=mm&r=g","caption":"hmolina"},"url":"https:\/\/riberasalud.com\/hospital-de-molina\/author\/hmolina\/"}]}},"uagb_featured_image_src":{"full":false,"thumbnail":false,"medium":false,"medium_large":false,"large":false,"1536x1536":false,"2048x2048":false},"uagb_author_info":{"display_name":"hmolina","author_link":"https:\/\/riberasalud.com\/hospital-de-molina\/author\/hmolina\/"},"uagb_comment_info":0,"uagb_excerpt":"2 junio 2016.- La higiene postural para escolares ha centrado una nueva charla enmarcada en la 4\u00aa SEMANA DEL HOSPITAL, que ha impartido esta ma\u00f1ana la responsable de la Unidad de Fisioterapia del Hospital de Molina, Ana Das\u00ed Espinosa, al alumnado de 5\u00ba y 6\u00ba de Primaria del Colegio Sagrada Familia (Molina de Segura). El&hellip;","_links":{"self":[{"href":"https:\/\/riberasalud.com\/hospital-de-molina\/wp-json\/wp\/v2\/posts\/2039","targetHints":{"allow":["GET"]}}],"collection":[{"href":"https:\/\/riberasalud.com\/hospital-de-molina\/wp-json\/wp\/v2\/posts"}],"about":[{"href":"https:\/\/riberasalud.com\/hospital-de-molina\/wp-json\/wp\/v2\/types\/post"}],"author":[{"embeddable":true,"href":"https:\/\/riberasalud.com\/hospital-de-molina\/wp-json\/wp\/v2\/users\/3"}],"replies":[{"embeddable":true,"href":"https:\/\/riberasalud.com\/hospital-de-molina\/wp-json\/wp\/v2\/comments?post=2039"}],"version-history":[{"count":1,"href":"https:\/\/riberasalud.com\/hospital-de-molina\/wp-json\/wp\/v2\/posts\/2039\/revisions"}],"predecessor-version":[{"id":8328,"href":"https:\/\/riberasalud.com\/hospital-de-molina\/wp-json\/wp\/v2\/posts\/2039\/revisions\/8328"}],"wp:attachment":[{"href":"https:\/\/riberasalud.com\/hospital-de-molina\/wp-json\/wp\/v2\/media?parent=2039"}],"wp:term":[{"taxonomy":"category","embeddable":true,"href":"https:\/\/riberasalud.com\/hospital-de-molina\/wp-json\/wp\/v2\/categories?post=2039"},{"taxonomy":"post_tag","embeddable":true,"href":"https:\/\/riberasalud.com\/hospital-de-molina\/wp-json\/wp\/v2\/tags?post=2039"}],"curies":[{"name":"wp","href":"https:\/\/api.w.org\/{rel}","templated":true}]}}