{"id":2029,"date":"2016-09-07T13:28:38","date_gmt":"2016-09-07T11:28:38","guid":{"rendered":"https:\/\/www.hospitaldemolina.es\/dia-mundial-de-la-fisioterapia-anade-vida-a-los-anos\/"},"modified":"2023-10-25T06:38:03","modified_gmt":"2023-10-25T06:38:03","slug":"dia-mundial-de-la-fisioterapia-anade-vida-a-los-anos","status":"publish","type":"post","link":"https:\/\/riberasalud.com\/hospital-de-molina\/dia-mundial-de-la-fisioterapia-anade-vida-a-los-anos\/","title":{"rendered":"D\u00eda Mundial de la Fisioterapia: A\u00f1ade vida a los a\u00f1os"},"content":{"rendered":"<p>8 septiembre 2016.- Con motivo de la celebraci\u00f3n, hoy <strong>8 de septiembre<\/strong>, del <strong>D\u00eda Mundial de la Fisioterapia<\/strong>, el <strong>Hospital de Molina a trav\u00e9s de su Servicio de Fisioterapia y el Ayuntamiento de Molina de Segura a trav\u00e9s de sus Concejal\u00edas de Salud P\u00fablica y Deportes<\/strong>, y con la colaboraci\u00f3n del <strong>Centro de D\u00eda de Personas Mayores de Molina de Segura<\/strong>, han organizado una sesi\u00f3n de ejercicio terap\u00e9utico dirigido a la tercera edad.<\/p>\n<p class=\"rtecenter\"><img decoding=\"async\" src=\"https:\/\/hospitaldemolina.es\/wp-content\/uploads\/2020\/05\/16-09-0820-20HM20-20Dia20Mundial20Fisioterapia20-20Foto6.jpg\" style=\"height:140px; width: auto;\"> <img decoding=\"async\" src=\"https:\/\/hospitaldemolina.es\/wp-content\/uploads\/2020\/05\/16-09-0820-20HM20-20Dia20Mundial20Fisioterapia20-20Foto5.jpg\" style=\"height:140px; width: auto;\"> <img decoding=\"async\" src=\"https:\/\/hospitaldemolina.es\/wp-content\/uploads\/2020\/05\/16-09-0820-20HM20-20Dia20Mundial20Fisioterapia20-20Foto1.jpg\" style=\"height:140px; width: auto;\"> <img decoding=\"async\" src=\"https:\/\/hospitaldemolina.es\/wp-content\/uploads\/2020\/05\/16-09-0820-20HM20-20Dia20Mundial20Fisioterapia20-20Foto2.jpg\" style=\"height:140px; width: auto;\"><\/p>\n<p class=\"rtecenter\"><img decoding=\"async\" src=\"https:\/\/hospitaldemolina.es\/wp-content\/uploads\/2020\/05\/16-09-0820-20HM20-20Dia20Mundial20Fisioterapia20-20Foto3.jpg\" style=\"height:140px; width: auto;\"> <img decoding=\"async\" src=\"https:\/\/hospitaldemolina.es\/wp-content\/uploads\/2020\/05\/16-09-0820-20HM20-20Dia20Mundial20Fisioterapia20-20Foto4.jpg\" style=\"height:140px; width: auto;\"> <img decoding=\"async\" src=\"https:\/\/riberasalud.com\/hospital-de-molina\/wp-content\/uploads\/2020\/05\/16-09-0820-20HM20-20Dia20Mundial20Fisioterapia20-20Foto7.jpg\" style=\"height:140px; width: auto;\"><\/p>\n<p>Durante una hora, la responsable del Servicio de Fisioterapia del Centro Hospitalario, Ana Das\u00ed, ha dirigido una serie de ejercicios de coordinaci\u00f3n, elasticidad, equilibrio y fortalecimiento en el Polideportivo El Romeral, con el fin de que las personas de mayor edad se mantengan activas.<\/p>\n<p>Siguiendo el lema de este D\u00eda Mundial \u201cA\u00f1ade vida a los a\u00f1os\u201d, Ana Das\u00ed recomienda ejercicio suave diario y estiramientos, \u201cpara mantener el rango articular, para evitar ca\u00eddas, para activar la circulaci\u00f3n, y, en definitiva, para mejorar la vida diaria\u201d.<\/p>\n<p>Seg\u00fan la World Confederation for Physical Therapy (WCPT), el 32% de la poblaci\u00f3n mayor de 70 a\u00f1os sufre al menos una ca\u00edda al a\u00f1o, de las que el 10-25% provocan lesiones de consideraci\u00f3n. La fisioterapia, a trav\u00e9s de programas de ejercicio para personas mayores, reduce las ca\u00eddas en un 32%.<\/p>\n<p>La WCPT se\u00f1ala que las personas f\u00edsicamente activas reducen en un 50% el riesgo de presentar una limitaci\u00f3n funcional y en un 40% el \u00edndice de mortalidad. La fisioterapia ayuda a las personas que han sufrido un ictus a alcanzar su m\u00e1ximo potencial f\u00edsico, reduciendo los costes del sistema sanitario. Adem\u00e1s, los fisioterapeutas pueden mejorar la movilidad, reducir la dependencia y mejorar la calidad de vida de aquellas personas que padecen demencia.<\/p>\n<p>Enlaces Relacionados:<\/p>\n<p><a href=\"http:\/\/www.wcpt.org\">World Confederation for Physical Therapy (WCPT)<\/a><\/p>\n","protected":false},"excerpt":{"rendered":"<p>8 septiembre 2016.- Con motivo de la celebraci\u00f3n, hoy 8 de septiembre, del D\u00eda Mundial de la Fisioterapia, el Hospital de Molina a trav\u00e9s de su Servicio de Fisioterapia y el Ayuntamiento de Molina de Segura a trav\u00e9s de sus Concejal\u00edas de Salud P\u00fablica y Deportes, y con la colaboraci\u00f3n del Centro de D\u00eda de &#8230; <a title=\"D\u00eda Mundial de la Fisioterapia: A\u00f1ade vida a los a\u00f1os\" class=\"read-more\" href=\"https:\/\/riberasalud.com\/hospital-de-molina\/dia-mundial-de-la-fisioterapia-anade-vida-a-los-anos\/\" aria-label=\"Leer m\u00e1s sobre D\u00eda Mundial de la Fisioterapia: A\u00f1ade vida a los a\u00f1os\">Leer m\u00e1s<\/a><\/p>\n","protected":false},"author":3,"featured_media":0,"comment_status":"closed","ping_status":"open","sticky":false,"template":"","format":"standard","meta":{"_uag_custom_page_level_css":"","_mi_skip_tracking":false,"footnotes":""},"categories":[7],"tags":[],"class_list":["post-2029","post","type-post","status-publish","format-standard","hentry","category-hemeroteca"],"yoast_head":"<!-- This site is optimized with the Yoast SEO plugin v26.6 - https:\/\/yoast.com\/wordpress\/plugins\/seo\/ -->\n<title>D\u00eda Mundial de la Fisioterapia: A\u00f1ade vida a los a\u00f1os - Hospital de Molina<\/title>\n<meta name=\"robots\" content=\"index, follow, max-snippet:-1, max-image-preview:large, max-video-preview:-1\" \/>\n<link rel=\"canonical\" href=\"https:\/\/riberasalud.com\/hospital-de-molina\/dia-mundial-de-la-fisioterapia-anade-vida-a-los-anos\/\" \/>\n<meta property=\"og:locale\" content=\"es_ES\" \/>\n<meta property=\"og:type\" content=\"article\" \/>\n<meta property=\"og:title\" content=\"D\u00eda Mundial de la Fisioterapia: A\u00f1ade vida a los a\u00f1os - Hospital de Molina\" \/>\n<meta property=\"og:description\" content=\"8 septiembre 2016.- Con motivo de la celebraci\u00f3n, hoy 8 de septiembre, del D\u00eda Mundial de la Fisioterapia, el Hospital de Molina a trav\u00e9s de su Servicio de Fisioterapia y el Ayuntamiento de Molina de Segura a trav\u00e9s de sus Concejal\u00edas de Salud P\u00fablica y Deportes, y con la colaboraci\u00f3n del Centro de D\u00eda de ... Leer m\u00e1s\" \/>\n<meta property=\"og:url\" content=\"https:\/\/riberasalud.com\/hospital-de-molina\/dia-mundial-de-la-fisioterapia-anade-vida-a-los-anos\/\" \/>\n<meta property=\"og:site_name\" content=\"Hospital de Molina\" \/>\n<meta property=\"article:published_time\" content=\"2016-09-07T11:28:38+00:00\" \/>\n<meta property=\"article:modified_time\" content=\"2023-10-25T06:38:03+00:00\" \/>\n<meta property=\"og:image\" content=\"https:\/\/hospitaldemolina.es\/wp-content\/uploads\/2020\/05\/16-09-0820-20HM20-20Dia20Mundial20Fisioterapia20-20Foto6.jpg\" \/>\n<meta name=\"author\" content=\"hmolina\" \/>\n<meta name=\"twitter:card\" content=\"summary_large_image\" \/>\n<meta name=\"twitter:label1\" content=\"Escrito por\" \/>\n\t<meta name=\"twitter:data1\" content=\"hmolina\" \/>\n\t<meta name=\"twitter:label2\" content=\"Tiempo de lectura\" \/>\n\t<meta name=\"twitter:data2\" content=\"2 minutos\" \/>\n<script type=\"application\/ld+json\" class=\"yoast-schema-graph\">{\"@context\":\"https:\/\/schema.org\",\"@graph\":[{\"@type\":\"Article\",\"@id\":\"https:\/\/riberasalud.com\/hospital-de-molina\/dia-mundial-de-la-fisioterapia-anade-vida-a-los-anos\/#article\",\"isPartOf\":{\"@id\":\"https:\/\/riberasalud.com\/hospital-de-molina\/dia-mundial-de-la-fisioterapia-anade-vida-a-los-anos\/\"},\"author\":{\"name\":\"hmolina\",\"@id\":\"https:\/\/riberasalud.com\/hospital-de-molina\/#\/schema\/person\/37d58effcbf02f32328940089f254419\"},\"headline\":\"D\u00eda Mundial de la Fisioterapia: A\u00f1ade vida a los a\u00f1os\",\"datePublished\":\"2016-09-07T11:28:38+00:00\",\"dateModified\":\"2023-10-25T06:38:03+00:00\",\"mainEntityOfPage\":{\"@id\":\"https:\/\/riberasalud.com\/hospital-de-molina\/dia-mundial-de-la-fisioterapia-anade-vida-a-los-anos\/\"},\"wordCount\":323,\"publisher\":{\"@id\":\"https:\/\/riberasalud.com\/hospital-de-molina\/#organization\"},\"image\":{\"@id\":\"https:\/\/riberasalud.com\/hospital-de-molina\/dia-mundial-de-la-fisioterapia-anade-vida-a-los-anos\/#primaryimage\"},\"thumbnailUrl\":\"https:\/\/hospitaldemolina.es\/wp-content\/uploads\/2020\/05\/16-09-0820-20HM20-20Dia20Mundial20Fisioterapia20-20Foto6.jpg\",\"articleSection\":[\"Hemeroteca\"],\"inLanguage\":\"es\"},{\"@type\":\"WebPage\",\"@id\":\"https:\/\/riberasalud.com\/hospital-de-molina\/dia-mundial-de-la-fisioterapia-anade-vida-a-los-anos\/\",\"url\":\"https:\/\/riberasalud.com\/hospital-de-molina\/dia-mundial-de-la-fisioterapia-anade-vida-a-los-anos\/\",\"name\":\"D\u00eda Mundial de la Fisioterapia: A\u00f1ade vida a los a\u00f1os - Hospital de Molina\",\"isPartOf\":{\"@id\":\"https:\/\/riberasalud.com\/hospital-de-molina\/#website\"},\"primaryImageOfPage\":{\"@id\":\"https:\/\/riberasalud.com\/hospital-de-molina\/dia-mundial-de-la-fisioterapia-anade-vida-a-los-anos\/#primaryimage\"},\"image\":{\"@id\":\"https:\/\/riberasalud.com\/hospital-de-molina\/dia-mundial-de-la-fisioterapia-anade-vida-a-los-anos\/#primaryimage\"},\"thumbnailUrl\":\"https:\/\/hospitaldemolina.es\/wp-content\/uploads\/2020\/05\/16-09-0820-20HM20-20Dia20Mundial20Fisioterapia20-20Foto6.jpg\",\"datePublished\":\"2016-09-07T11:28:38+00:00\",\"dateModified\":\"2023-10-25T06:38:03+00:00\",\"breadcrumb\":{\"@id\":\"https:\/\/riberasalud.com\/hospital-de-molina\/dia-mundial-de-la-fisioterapia-anade-vida-a-los-anos\/#breadcrumb\"},\"inLanguage\":\"es\",\"potentialAction\":[{\"@type\":\"ReadAction\",\"target\":[\"https:\/\/riberasalud.com\/hospital-de-molina\/dia-mundial-de-la-fisioterapia-anade-vida-a-los-anos\/\"]}]},{\"@type\":\"ImageObject\",\"inLanguage\":\"es\",\"@id\":\"https:\/\/riberasalud.com\/hospital-de-molina\/dia-mundial-de-la-fisioterapia-anade-vida-a-los-anos\/#primaryimage\",\"url\":\"https:\/\/hospitaldemolina.es\/wp-content\/uploads\/2020\/05\/16-09-0820-20HM20-20Dia20Mundial20Fisioterapia20-20Foto6.jpg\",\"contentUrl\":\"https:\/\/hospitaldemolina.es\/wp-content\/uploads\/2020\/05\/16-09-0820-20HM20-20Dia20Mundial20Fisioterapia20-20Foto6.jpg\"},{\"@type\":\"BreadcrumbList\",\"@id\":\"https:\/\/riberasalud.com\/hospital-de-molina\/dia-mundial-de-la-fisioterapia-anade-vida-a-los-anos\/#breadcrumb\",\"itemListElement\":[{\"@type\":\"ListItem\",\"position\":1,\"name\":\"Portada\",\"item\":\"https:\/\/riberasalud.com\/hospital-de-molina\/\"},{\"@type\":\"ListItem\",\"position\":2,\"name\":\"D\u00eda Mundial de la Fisioterapia: A\u00f1ade vida a los a\u00f1os\"}]},{\"@type\":\"WebSite\",\"@id\":\"https:\/\/riberasalud.com\/hospital-de-molina\/#website\",\"url\":\"https:\/\/riberasalud.com\/hospital-de-molina\/\",\"name\":\"Hospital de Molina\",\"description\":\"\",\"publisher\":{\"@id\":\"https:\/\/riberasalud.com\/hospital-de-molina\/#organization\"},\"potentialAction\":[{\"@type\":\"SearchAction\",\"target\":{\"@type\":\"EntryPoint\",\"urlTemplate\":\"https:\/\/riberasalud.com\/hospital-de-molina\/?s={search_term_string}\"},\"query-input\":{\"@type\":\"PropertyValueSpecification\",\"valueRequired\":true,\"valueName\":\"search_term_string\"}}],\"inLanguage\":\"es\"},{\"@type\":\"Organization\",\"@id\":\"https:\/\/riberasalud.com\/hospital-de-molina\/#organization\",\"name\":\"Hospital de Molina\",\"url\":\"https:\/\/riberasalud.com\/hospital-de-molina\/\",\"logo\":{\"@type\":\"ImageObject\",\"inLanguage\":\"es\",\"@id\":\"https:\/\/riberasalud.com\/hospital-de-molina\/#\/schema\/logo\/image\/\",\"url\":\"https:\/\/riberasalud.com\/hospital-de-molina\/wp-content\/uploads\/2023\/01\/cropped-Logo-Red-DeMolina-bigtz7.png\",\"contentUrl\":\"https:\/\/riberasalud.com\/hospital-de-molina\/wp-content\/uploads\/2023\/01\/cropped-Logo-Red-DeMolina-bigtz7.png\",\"width\":300,\"height\":72,\"caption\":\"Hospital de Molina\"},\"image\":{\"@id\":\"https:\/\/riberasalud.com\/hospital-de-molina\/#\/schema\/logo\/image\/\"}},{\"@type\":\"Person\",\"@id\":\"https:\/\/riberasalud.com\/hospital-de-molina\/#\/schema\/person\/37d58effcbf02f32328940089f254419\",\"name\":\"hmolina\",\"image\":{\"@type\":\"ImageObject\",\"inLanguage\":\"es\",\"@id\":\"https:\/\/riberasalud.com\/hospital-de-molina\/#\/schema\/person\/image\/\",\"url\":\"https:\/\/secure.gravatar.com\/avatar\/9db1181c394bec9505d449c90a21b5363cc35ad9a76f60f11a304b23bb0e8dd4?s=96&d=mm&r=g\",\"contentUrl\":\"https:\/\/secure.gravatar.com\/avatar\/9db1181c394bec9505d449c90a21b5363cc35ad9a76f60f11a304b23bb0e8dd4?s=96&d=mm&r=g\",\"caption\":\"hmolina\"},\"url\":\"https:\/\/riberasalud.com\/hospital-de-molina\/author\/hmolina\/\"}]}<\/script>\n<!-- \/ Yoast SEO plugin. -->","yoast_head_json":{"title":"D\u00eda Mundial de la Fisioterapia: A\u00f1ade vida a los a\u00f1os - Hospital de Molina","robots":{"index":"index","follow":"follow","max-snippet":"max-snippet:-1","max-image-preview":"max-image-preview:large","max-video-preview":"max-video-preview:-1"},"canonical":"https:\/\/riberasalud.com\/hospital-de-molina\/dia-mundial-de-la-fisioterapia-anade-vida-a-los-anos\/","og_locale":"es_ES","og_type":"article","og_title":"D\u00eda Mundial de la Fisioterapia: A\u00f1ade vida a los a\u00f1os - Hospital de Molina","og_description":"8 septiembre 2016.- Con motivo de la celebraci\u00f3n, hoy 8 de septiembre, del D\u00eda Mundial de la Fisioterapia, el Hospital de Molina a trav\u00e9s de su Servicio de Fisioterapia y el Ayuntamiento de Molina de Segura a trav\u00e9s de sus Concejal\u00edas de Salud P\u00fablica y Deportes, y con la colaboraci\u00f3n del Centro de D\u00eda de ... Leer m\u00e1s","og_url":"https:\/\/riberasalud.com\/hospital-de-molina\/dia-mundial-de-la-fisioterapia-anade-vida-a-los-anos\/","og_site_name":"Hospital de Molina","article_published_time":"2016-09-07T11:28:38+00:00","article_modified_time":"2023-10-25T06:38:03+00:00","og_image":[{"url":"https:\/\/hospitaldemolina.es\/wp-content\/uploads\/2020\/05\/16-09-0820-20HM20-20Dia20Mundial20Fisioterapia20-20Foto6.jpg","type":"","width":"","height":""}],"author":"hmolina","twitter_card":"summary_large_image","twitter_misc":{"Escrito por":"hmolina","Tiempo de lectura":"2 minutos"},"schema":{"@context":"https:\/\/schema.org","@graph":[{"@type":"Article","@id":"https:\/\/riberasalud.com\/hospital-de-molina\/dia-mundial-de-la-fisioterapia-anade-vida-a-los-anos\/#article","isPartOf":{"@id":"https:\/\/riberasalud.com\/hospital-de-molina\/dia-mundial-de-la-fisioterapia-anade-vida-a-los-anos\/"},"author":{"name":"hmolina","@id":"https:\/\/riberasalud.com\/hospital-de-molina\/#\/schema\/person\/37d58effcbf02f32328940089f254419"},"headline":"D\u00eda Mundial de la Fisioterapia: A\u00f1ade vida a los a\u00f1os","datePublished":"2016-09-07T11:28:38+00:00","dateModified":"2023-10-25T06:38:03+00:00","mainEntityOfPage":{"@id":"https:\/\/riberasalud.com\/hospital-de-molina\/dia-mundial-de-la-fisioterapia-anade-vida-a-los-anos\/"},"wordCount":323,"publisher":{"@id":"https:\/\/riberasalud.com\/hospital-de-molina\/#organization"},"image":{"@id":"https:\/\/riberasalud.com\/hospital-de-molina\/dia-mundial-de-la-fisioterapia-anade-vida-a-los-anos\/#primaryimage"},"thumbnailUrl":"https:\/\/hospitaldemolina.es\/wp-content\/uploads\/2020\/05\/16-09-0820-20HM20-20Dia20Mundial20Fisioterapia20-20Foto6.jpg","articleSection":["Hemeroteca"],"inLanguage":"es"},{"@type":"WebPage","@id":"https:\/\/riberasalud.com\/hospital-de-molina\/dia-mundial-de-la-fisioterapia-anade-vida-a-los-anos\/","url":"https:\/\/riberasalud.com\/hospital-de-molina\/dia-mundial-de-la-fisioterapia-anade-vida-a-los-anos\/","name":"D\u00eda Mundial de la Fisioterapia: A\u00f1ade vida a los a\u00f1os - Hospital de Molina","isPartOf":{"@id":"https:\/\/riberasalud.com\/hospital-de-molina\/#website"},"primaryImageOfPage":{"@id":"https:\/\/riberasalud.com\/hospital-de-molina\/dia-mundial-de-la-fisioterapia-anade-vida-a-los-anos\/#primaryimage"},"image":{"@id":"https:\/\/riberasalud.com\/hospital-de-molina\/dia-mundial-de-la-fisioterapia-anade-vida-a-los-anos\/#primaryimage"},"thumbnailUrl":"https:\/\/hospitaldemolina.es\/wp-content\/uploads\/2020\/05\/16-09-0820-20HM20-20Dia20Mundial20Fisioterapia20-20Foto6.jpg","datePublished":"2016-09-07T11:28:38+00:00","dateModified":"2023-10-25T06:38:03+00:00","breadcrumb":{"@id":"https:\/\/riberasalud.com\/hospital-de-molina\/dia-mundial-de-la-fisioterapia-anade-vida-a-los-anos\/#breadcrumb"},"inLanguage":"es","potentialAction":[{"@type":"ReadAction","target":["https:\/\/riberasalud.com\/hospital-de-molina\/dia-mundial-de-la-fisioterapia-anade-vida-a-los-anos\/"]}]},{"@type":"ImageObject","inLanguage":"es","@id":"https:\/\/riberasalud.com\/hospital-de-molina\/dia-mundial-de-la-fisioterapia-anade-vida-a-los-anos\/#primaryimage","url":"https:\/\/hospitaldemolina.es\/wp-content\/uploads\/2020\/05\/16-09-0820-20HM20-20Dia20Mundial20Fisioterapia20-20Foto6.jpg","contentUrl":"https:\/\/hospitaldemolina.es\/wp-content\/uploads\/2020\/05\/16-09-0820-20HM20-20Dia20Mundial20Fisioterapia20-20Foto6.jpg"},{"@type":"BreadcrumbList","@id":"https:\/\/riberasalud.com\/hospital-de-molina\/dia-mundial-de-la-fisioterapia-anade-vida-a-los-anos\/#breadcrumb","itemListElement":[{"@type":"ListItem","position":1,"name":"Portada","item":"https:\/\/riberasalud.com\/hospital-de-molina\/"},{"@type":"ListItem","position":2,"name":"D\u00eda Mundial de la Fisioterapia: A\u00f1ade vida a los a\u00f1os"}]},{"@type":"WebSite","@id":"https:\/\/riberasalud.com\/hospital-de-molina\/#website","url":"https:\/\/riberasalud.com\/hospital-de-molina\/","name":"Hospital de Molina","description":"","publisher":{"@id":"https:\/\/riberasalud.com\/hospital-de-molina\/#organization"},"potentialAction":[{"@type":"SearchAction","target":{"@type":"EntryPoint","urlTemplate":"https:\/\/riberasalud.com\/hospital-de-molina\/?s={search_term_string}"},"query-input":{"@type":"PropertyValueSpecification","valueRequired":true,"valueName":"search_term_string"}}],"inLanguage":"es"},{"@type":"Organization","@id":"https:\/\/riberasalud.com\/hospital-de-molina\/#organization","name":"Hospital de Molina","url":"https:\/\/riberasalud.com\/hospital-de-molina\/","logo":{"@type":"ImageObject","inLanguage":"es","@id":"https:\/\/riberasalud.com\/hospital-de-molina\/#\/schema\/logo\/image\/","url":"https:\/\/riberasalud.com\/hospital-de-molina\/wp-content\/uploads\/2023\/01\/cropped-Logo-Red-DeMolina-bigtz7.png","contentUrl":"https:\/\/riberasalud.com\/hospital-de-molina\/wp-content\/uploads\/2023\/01\/cropped-Logo-Red-DeMolina-bigtz7.png","width":300,"height":72,"caption":"Hospital de Molina"},"image":{"@id":"https:\/\/riberasalud.com\/hospital-de-molina\/#\/schema\/logo\/image\/"}},{"@type":"Person","@id":"https:\/\/riberasalud.com\/hospital-de-molina\/#\/schema\/person\/37d58effcbf02f32328940089f254419","name":"hmolina","image":{"@type":"ImageObject","inLanguage":"es","@id":"https:\/\/riberasalud.com\/hospital-de-molina\/#\/schema\/person\/image\/","url":"https:\/\/secure.gravatar.com\/avatar\/9db1181c394bec9505d449c90a21b5363cc35ad9a76f60f11a304b23bb0e8dd4?s=96&d=mm&r=g","contentUrl":"https:\/\/secure.gravatar.com\/avatar\/9db1181c394bec9505d449c90a21b5363cc35ad9a76f60f11a304b23bb0e8dd4?s=96&d=mm&r=g","caption":"hmolina"},"url":"https:\/\/riberasalud.com\/hospital-de-molina\/author\/hmolina\/"}]}},"uagb_featured_image_src":{"full":false,"thumbnail":false,"medium":false,"medium_large":false,"large":false,"1536x1536":false,"2048x2048":false},"uagb_author_info":{"display_name":"hmolina","author_link":"https:\/\/riberasalud.com\/hospital-de-molina\/author\/hmolina\/"},"uagb_comment_info":0,"uagb_excerpt":"8 septiembre 2016.- Con motivo de la celebraci\u00f3n, hoy 8 de septiembre, del D\u00eda Mundial de la Fisioterapia, el Hospital de Molina a trav\u00e9s de su Servicio de Fisioterapia y el Ayuntamiento de Molina de Segura a trav\u00e9s de sus Concejal\u00edas de Salud P\u00fablica y Deportes, y con la colaboraci\u00f3n del Centro de D\u00eda de&hellip;","_links":{"self":[{"href":"https:\/\/riberasalud.com\/hospital-de-molina\/wp-json\/wp\/v2\/posts\/2029","targetHints":{"allow":["GET"]}}],"collection":[{"href":"https:\/\/riberasalud.com\/hospital-de-molina\/wp-json\/wp\/v2\/posts"}],"about":[{"href":"https:\/\/riberasalud.com\/hospital-de-molina\/wp-json\/wp\/v2\/types\/post"}],"author":[{"embeddable":true,"href":"https:\/\/riberasalud.com\/hospital-de-molina\/wp-json\/wp\/v2\/users\/3"}],"replies":[{"embeddable":true,"href":"https:\/\/riberasalud.com\/hospital-de-molina\/wp-json\/wp\/v2\/comments?post=2029"}],"version-history":[{"count":1,"href":"https:\/\/riberasalud.com\/hospital-de-molina\/wp-json\/wp\/v2\/posts\/2029\/revisions"}],"predecessor-version":[{"id":8305,"href":"https:\/\/riberasalud.com\/hospital-de-molina\/wp-json\/wp\/v2\/posts\/2029\/revisions\/8305"}],"wp:attachment":[{"href":"https:\/\/riberasalud.com\/hospital-de-molina\/wp-json\/wp\/v2\/media?parent=2029"}],"wp:term":[{"taxonomy":"category","embeddable":true,"href":"https:\/\/riberasalud.com\/hospital-de-molina\/wp-json\/wp\/v2\/categories?post=2029"},{"taxonomy":"post_tag","embeddable":true,"href":"https:\/\/riberasalud.com\/hospital-de-molina\/wp-json\/wp\/v2\/tags?post=2029"}],"curies":[{"name":"wp","href":"https:\/\/api.w.org\/{rel}","templated":true}]}}