{"id":2022,"date":"2016-10-19T08:38:17","date_gmt":"2016-10-19T06:38:17","guid":{"rendered":"https:\/\/www.hospitaldemolina.es\/sumatealrosa-19-de-octubre-dia-mundial-contra-el-cancer-de-mama-2\/"},"modified":"2023-10-25T06:37:57","modified_gmt":"2023-10-25T06:37:57","slug":"sumatealrosa-19-de-octubre-dia-mundial-contra-el-cancer-de-mama-2","status":"publish","type":"post","link":"https:\/\/riberasalud.com\/hospital-de-molina\/sumatealrosa-19-de-octubre-dia-mundial-contra-el-cancer-de-mama-2\/","title":{"rendered":"#s\u00famatealrosa  19 de octubre: D\u00eda Mundial contra el C\u00e1ncer de Mama"},"content":{"rendered":"<p><strong>19 octubre 2016.- <\/strong>El <strong>Hospital de Molina<\/strong> se <strong>suma al rosa<\/strong> y con motivo del <strong>D\u00eda Mundial contra el C\u00e1ncer de Mama<\/strong>, que se celebra hoy mi\u00e9rcoles <strong>19 de octubre<\/strong>, y en colaboraci\u00f3n con la <strong>Junta Local de la AECC de Molina de Segura,<\/strong> luce en su entrada principal un <strong>gran lazo rosa<\/strong>, a la vez que acoge en sus instalaciones durante toda la ma\u00f1ana una <strong>mesa informativa<\/strong>, donde el personal sanitario del Centro Hospitalario y voluntarios de la AECC informar\u00e1n a la ciudadan\u00eda de la importancia de un <strong>diagn\u00f3stico precoz<\/strong>.<\/p>\n<p class=\"rtecenter\"><img decoding=\"async\" src=\"https:\/\/hospitaldemolina.es\/wp-content\/uploads\/2020\/05\/DSC_0565.jpg\" style=\"height:140px; width: auto;\"> <img decoding=\"async\" src=\"https:\/\/hospitaldemolina.es\/wp-content\/uploads\/2020\/05\/DSC_0567.jpg\" style=\"height:140px; width: auto;\"><\/p>\n<p>El c\u00e1ncer de mama es una de las pocas enfermedades cancerosas que se pueden diagnosticar antes de que se note alg\u00fan s\u00edntoma. Las posibilidades de curaci\u00f3n que se detectan en su etapa inicial son pr\u00e1cticamente del 100%. A trav\u00e9s de los programas de cribado con mamograf\u00edas, se pueden diagnosticar los tumores de mama en estadios iniciales en los que hay much\u00edsimas posibilidades de curaci\u00f3n.<\/p>\n<p>Generalmente se recomienda realizar mamograf\u00edas peri\u00f3dicas a partir de los 45-50 a\u00f1os. Cada mujer puede reducir su riesgo de forma individual con peque\u00f1os cambios en su estilo de vida. Por ejemplo, tras la menopausia, se sabe que prevenir la obesidad con una dieta adecuada y con ejercicio diario reduce el riesgo de recidiva tras un c\u00e1ncer de mama. Adem\u00e1s de la edad, hay otros factores que se asocian con un riesgo m\u00e1s elevado, como tener antecedentes en la familia, no haber tenido hijos o haberlos tenido muy tarde, menarquia precoz o menopausia tard\u00eda. Sin embargo, es importante tener en cuenta que poseer un riesgo mayor para el c\u00e1ncer de mama no implica la certeza de que se vaya a padecer la enfermedad; s\u00f3lo indica cierta predisposici\u00f3n (<a href=\"http:\/\/www.aecc.es\/\">www.aecc.es<\/a>).<\/p>\n<p><strong>El Director-Gerente del Hospital de Molina<\/strong>, <strong>Pedro Hern\u00e1ndez Jim\u00e9nez, <\/strong>recuerda la continua colaboraci\u00f3n del Hospital de Molina con la AECC \u201cmanteniendo una labor constante de concienciaci\u00f3n dirigida especialmente a las mujeres, y tambi\u00e9n a los hombres \u2013 porque tambi\u00e9n los hombres podemos padecer esta enfermedad -, para que adopten medidas preventivas que eviten la aparici\u00f3n del c\u00e1ncer de mama\u201d.<\/p>\n<p>Todas las personas que hoy pasen por el Centro Hospitalario podr\u00e1n colaborar con la AECC adquiriendo las gafas solidarias de la Asociaci\u00f3n, y adem\u00e1s recibir\u00e1n un lazo rosa como s\u00edmbolo de apoyo a la lucha contra el c\u00e1ncer de mama. Un compromiso al que se suma el <strong>Hospital de Molina<\/strong>.<\/p>\n<p>Enlaces Relacionados:<\/p>\n","protected":false},"excerpt":{"rendered":"<p>19 octubre 2016.- El Hospital de Molina se suma al rosa y con motivo del D\u00eda Mundial contra el C\u00e1ncer de Mama, que se celebra hoy mi\u00e9rcoles 19 de octubre, y en colaboraci\u00f3n con la Junta Local de la AECC de Molina de Segura, luce en su entrada principal un gran lazo rosa, a la &#8230; <a title=\"#s\u00famatealrosa  19 de octubre: D\u00eda Mundial contra el C\u00e1ncer de Mama\" class=\"read-more\" href=\"https:\/\/riberasalud.com\/hospital-de-molina\/sumatealrosa-19-de-octubre-dia-mundial-contra-el-cancer-de-mama-2\/\" aria-label=\"Leer m\u00e1s sobre #s\u00famatealrosa  19 de octubre: D\u00eda Mundial contra el C\u00e1ncer de Mama\">Leer m\u00e1s<\/a><\/p>\n","protected":false},"author":3,"featured_media":0,"comment_status":"closed","ping_status":"open","sticky":false,"template":"","format":"standard","meta":{"_uag_custom_page_level_css":"","_mi_skip_tracking":false,"footnotes":""},"categories":[7],"tags":[],"class_list":["post-2022","post","type-post","status-publish","format-standard","hentry","category-hemeroteca"],"yoast_head":"<!-- This site is optimized with the Yoast SEO plugin v26.6 - https:\/\/yoast.com\/wordpress\/plugins\/seo\/ -->\n<title>#s\u00famatealrosa 19 de octubre: D\u00eda Mundial contra el C\u00e1ncer de Mama - Hospital de Molina<\/title>\n<meta name=\"robots\" content=\"index, follow, max-snippet:-1, max-image-preview:large, max-video-preview:-1\" \/>\n<link rel=\"canonical\" href=\"https:\/\/riberasalud.com\/hospital-de-molina\/sumatealrosa-19-de-octubre-dia-mundial-contra-el-cancer-de-mama-2\/\" \/>\n<meta property=\"og:locale\" content=\"es_ES\" \/>\n<meta property=\"og:type\" content=\"article\" \/>\n<meta property=\"og:title\" content=\"#s\u00famatealrosa 19 de octubre: D\u00eda Mundial contra el C\u00e1ncer de Mama - Hospital de Molina\" \/>\n<meta property=\"og:description\" content=\"19 octubre 2016.- El Hospital de Molina se suma al rosa y con motivo del D\u00eda Mundial contra el C\u00e1ncer de Mama, que se celebra hoy mi\u00e9rcoles 19 de octubre, y en colaboraci\u00f3n con la Junta Local de la AECC de Molina de Segura, luce en su entrada principal un gran lazo rosa, a la ... Leer m\u00e1s\" \/>\n<meta property=\"og:url\" content=\"https:\/\/riberasalud.com\/hospital-de-molina\/sumatealrosa-19-de-octubre-dia-mundial-contra-el-cancer-de-mama-2\/\" \/>\n<meta property=\"og:site_name\" content=\"Hospital de Molina\" \/>\n<meta property=\"article:published_time\" content=\"2016-10-19T06:38:17+00:00\" \/>\n<meta property=\"article:modified_time\" content=\"2023-10-25T06:37:57+00:00\" \/>\n<meta property=\"og:image\" content=\"https:\/\/hospitaldemolina.es\/wp-content\/uploads\/2020\/05\/DSC_0565.jpg\" \/>\n<meta name=\"author\" content=\"hmolina\" \/>\n<meta name=\"twitter:card\" content=\"summary_large_image\" \/>\n<meta name=\"twitter:label1\" content=\"Escrito por\" \/>\n\t<meta name=\"twitter:data1\" content=\"hmolina\" \/>\n\t<meta name=\"twitter:label2\" content=\"Tiempo de lectura\" \/>\n\t<meta name=\"twitter:data2\" content=\"2 minutos\" \/>\n<script type=\"application\/ld+json\" class=\"yoast-schema-graph\">{\"@context\":\"https:\/\/schema.org\",\"@graph\":[{\"@type\":\"Article\",\"@id\":\"https:\/\/riberasalud.com\/hospital-de-molina\/sumatealrosa-19-de-octubre-dia-mundial-contra-el-cancer-de-mama-2\/#article\",\"isPartOf\":{\"@id\":\"https:\/\/riberasalud.com\/hospital-de-molina\/sumatealrosa-19-de-octubre-dia-mundial-contra-el-cancer-de-mama-2\/\"},\"author\":{\"name\":\"hmolina\",\"@id\":\"https:\/\/riberasalud.com\/hospital-de-molina\/#\/schema\/person\/37d58effcbf02f32328940089f254419\"},\"headline\":\"#s\u00famatealrosa 19 de octubre: D\u00eda Mundial contra el C\u00e1ncer de Mama\",\"datePublished\":\"2016-10-19T06:38:17+00:00\",\"dateModified\":\"2023-10-25T06:37:57+00:00\",\"mainEntityOfPage\":{\"@id\":\"https:\/\/riberasalud.com\/hospital-de-molina\/sumatealrosa-19-de-octubre-dia-mundial-contra-el-cancer-de-mama-2\/\"},\"wordCount\":446,\"publisher\":{\"@id\":\"https:\/\/riberasalud.com\/hospital-de-molina\/#organization\"},\"image\":{\"@id\":\"https:\/\/riberasalud.com\/hospital-de-molina\/sumatealrosa-19-de-octubre-dia-mundial-contra-el-cancer-de-mama-2\/#primaryimage\"},\"thumbnailUrl\":\"https:\/\/hospitaldemolina.es\/wp-content\/uploads\/2020\/05\/DSC_0565.jpg\",\"articleSection\":[\"Hemeroteca\"],\"inLanguage\":\"es\"},{\"@type\":\"WebPage\",\"@id\":\"https:\/\/riberasalud.com\/hospital-de-molina\/sumatealrosa-19-de-octubre-dia-mundial-contra-el-cancer-de-mama-2\/\",\"url\":\"https:\/\/riberasalud.com\/hospital-de-molina\/sumatealrosa-19-de-octubre-dia-mundial-contra-el-cancer-de-mama-2\/\",\"name\":\"#s\u00famatealrosa 19 de octubre: D\u00eda Mundial contra el C\u00e1ncer de Mama - Hospital de Molina\",\"isPartOf\":{\"@id\":\"https:\/\/riberasalud.com\/hospital-de-molina\/#website\"},\"primaryImageOfPage\":{\"@id\":\"https:\/\/riberasalud.com\/hospital-de-molina\/sumatealrosa-19-de-octubre-dia-mundial-contra-el-cancer-de-mama-2\/#primaryimage\"},\"image\":{\"@id\":\"https:\/\/riberasalud.com\/hospital-de-molina\/sumatealrosa-19-de-octubre-dia-mundial-contra-el-cancer-de-mama-2\/#primaryimage\"},\"thumbnailUrl\":\"https:\/\/hospitaldemolina.es\/wp-content\/uploads\/2020\/05\/DSC_0565.jpg\",\"datePublished\":\"2016-10-19T06:38:17+00:00\",\"dateModified\":\"2023-10-25T06:37:57+00:00\",\"breadcrumb\":{\"@id\":\"https:\/\/riberasalud.com\/hospital-de-molina\/sumatealrosa-19-de-octubre-dia-mundial-contra-el-cancer-de-mama-2\/#breadcrumb\"},\"inLanguage\":\"es\",\"potentialAction\":[{\"@type\":\"ReadAction\",\"target\":[\"https:\/\/riberasalud.com\/hospital-de-molina\/sumatealrosa-19-de-octubre-dia-mundial-contra-el-cancer-de-mama-2\/\"]}]},{\"@type\":\"ImageObject\",\"inLanguage\":\"es\",\"@id\":\"https:\/\/riberasalud.com\/hospital-de-molina\/sumatealrosa-19-de-octubre-dia-mundial-contra-el-cancer-de-mama-2\/#primaryimage\",\"url\":\"https:\/\/hospitaldemolina.es\/wp-content\/uploads\/2020\/05\/DSC_0565.jpg\",\"contentUrl\":\"https:\/\/hospitaldemolina.es\/wp-content\/uploads\/2020\/05\/DSC_0565.jpg\"},{\"@type\":\"BreadcrumbList\",\"@id\":\"https:\/\/riberasalud.com\/hospital-de-molina\/sumatealrosa-19-de-octubre-dia-mundial-contra-el-cancer-de-mama-2\/#breadcrumb\",\"itemListElement\":[{\"@type\":\"ListItem\",\"position\":1,\"name\":\"Portada\",\"item\":\"https:\/\/riberasalud.com\/hospital-de-molina\/\"},{\"@type\":\"ListItem\",\"position\":2,\"name\":\"#s\u00famatealrosa 19 de octubre: D\u00eda Mundial contra el C\u00e1ncer de Mama\"}]},{\"@type\":\"WebSite\",\"@id\":\"https:\/\/riberasalud.com\/hospital-de-molina\/#website\",\"url\":\"https:\/\/riberasalud.com\/hospital-de-molina\/\",\"name\":\"Hospital de Molina\",\"description\":\"\",\"publisher\":{\"@id\":\"https:\/\/riberasalud.com\/hospital-de-molina\/#organization\"},\"potentialAction\":[{\"@type\":\"SearchAction\",\"target\":{\"@type\":\"EntryPoint\",\"urlTemplate\":\"https:\/\/riberasalud.com\/hospital-de-molina\/?s={search_term_string}\"},\"query-input\":{\"@type\":\"PropertyValueSpecification\",\"valueRequired\":true,\"valueName\":\"search_term_string\"}}],\"inLanguage\":\"es\"},{\"@type\":\"Organization\",\"@id\":\"https:\/\/riberasalud.com\/hospital-de-molina\/#organization\",\"name\":\"Hospital de Molina\",\"url\":\"https:\/\/riberasalud.com\/hospital-de-molina\/\",\"logo\":{\"@type\":\"ImageObject\",\"inLanguage\":\"es\",\"@id\":\"https:\/\/riberasalud.com\/hospital-de-molina\/#\/schema\/logo\/image\/\",\"url\":\"https:\/\/riberasalud.com\/hospital-de-molina\/wp-content\/uploads\/2023\/01\/cropped-Logo-Red-DeMolina-bigtz7.png\",\"contentUrl\":\"https:\/\/riberasalud.com\/hospital-de-molina\/wp-content\/uploads\/2023\/01\/cropped-Logo-Red-DeMolina-bigtz7.png\",\"width\":300,\"height\":72,\"caption\":\"Hospital de Molina\"},\"image\":{\"@id\":\"https:\/\/riberasalud.com\/hospital-de-molina\/#\/schema\/logo\/image\/\"}},{\"@type\":\"Person\",\"@id\":\"https:\/\/riberasalud.com\/hospital-de-molina\/#\/schema\/person\/37d58effcbf02f32328940089f254419\",\"name\":\"hmolina\",\"image\":{\"@type\":\"ImageObject\",\"inLanguage\":\"es\",\"@id\":\"https:\/\/riberasalud.com\/hospital-de-molina\/#\/schema\/person\/image\/\",\"url\":\"https:\/\/secure.gravatar.com\/avatar\/9db1181c394bec9505d449c90a21b5363cc35ad9a76f60f11a304b23bb0e8dd4?s=96&d=mm&r=g\",\"contentUrl\":\"https:\/\/secure.gravatar.com\/avatar\/9db1181c394bec9505d449c90a21b5363cc35ad9a76f60f11a304b23bb0e8dd4?s=96&d=mm&r=g\",\"caption\":\"hmolina\"},\"url\":\"https:\/\/riberasalud.com\/hospital-de-molina\/author\/hmolina\/\"}]}<\/script>\n<!-- \/ Yoast SEO plugin. -->","yoast_head_json":{"title":"#s\u00famatealrosa 19 de octubre: D\u00eda Mundial contra el C\u00e1ncer de Mama - Hospital de Molina","robots":{"index":"index","follow":"follow","max-snippet":"max-snippet:-1","max-image-preview":"max-image-preview:large","max-video-preview":"max-video-preview:-1"},"canonical":"https:\/\/riberasalud.com\/hospital-de-molina\/sumatealrosa-19-de-octubre-dia-mundial-contra-el-cancer-de-mama-2\/","og_locale":"es_ES","og_type":"article","og_title":"#s\u00famatealrosa 19 de octubre: D\u00eda Mundial contra el C\u00e1ncer de Mama - Hospital de Molina","og_description":"19 octubre 2016.- El Hospital de Molina se suma al rosa y con motivo del D\u00eda Mundial contra el C\u00e1ncer de Mama, que se celebra hoy mi\u00e9rcoles 19 de octubre, y en colaboraci\u00f3n con la Junta Local de la AECC de Molina de Segura, luce en su entrada principal un gran lazo rosa, a la ... Leer m\u00e1s","og_url":"https:\/\/riberasalud.com\/hospital-de-molina\/sumatealrosa-19-de-octubre-dia-mundial-contra-el-cancer-de-mama-2\/","og_site_name":"Hospital de Molina","article_published_time":"2016-10-19T06:38:17+00:00","article_modified_time":"2023-10-25T06:37:57+00:00","og_image":[{"url":"https:\/\/hospitaldemolina.es\/wp-content\/uploads\/2020\/05\/DSC_0565.jpg","type":"","width":"","height":""}],"author":"hmolina","twitter_card":"summary_large_image","twitter_misc":{"Escrito por":"hmolina","Tiempo de lectura":"2 minutos"},"schema":{"@context":"https:\/\/schema.org","@graph":[{"@type":"Article","@id":"https:\/\/riberasalud.com\/hospital-de-molina\/sumatealrosa-19-de-octubre-dia-mundial-contra-el-cancer-de-mama-2\/#article","isPartOf":{"@id":"https:\/\/riberasalud.com\/hospital-de-molina\/sumatealrosa-19-de-octubre-dia-mundial-contra-el-cancer-de-mama-2\/"},"author":{"name":"hmolina","@id":"https:\/\/riberasalud.com\/hospital-de-molina\/#\/schema\/person\/37d58effcbf02f32328940089f254419"},"headline":"#s\u00famatealrosa 19 de octubre: D\u00eda Mundial contra el C\u00e1ncer de Mama","datePublished":"2016-10-19T06:38:17+00:00","dateModified":"2023-10-25T06:37:57+00:00","mainEntityOfPage":{"@id":"https:\/\/riberasalud.com\/hospital-de-molina\/sumatealrosa-19-de-octubre-dia-mundial-contra-el-cancer-de-mama-2\/"},"wordCount":446,"publisher":{"@id":"https:\/\/riberasalud.com\/hospital-de-molina\/#organization"},"image":{"@id":"https:\/\/riberasalud.com\/hospital-de-molina\/sumatealrosa-19-de-octubre-dia-mundial-contra-el-cancer-de-mama-2\/#primaryimage"},"thumbnailUrl":"https:\/\/hospitaldemolina.es\/wp-content\/uploads\/2020\/05\/DSC_0565.jpg","articleSection":["Hemeroteca"],"inLanguage":"es"},{"@type":"WebPage","@id":"https:\/\/riberasalud.com\/hospital-de-molina\/sumatealrosa-19-de-octubre-dia-mundial-contra-el-cancer-de-mama-2\/","url":"https:\/\/riberasalud.com\/hospital-de-molina\/sumatealrosa-19-de-octubre-dia-mundial-contra-el-cancer-de-mama-2\/","name":"#s\u00famatealrosa 19 de octubre: D\u00eda Mundial contra el C\u00e1ncer de Mama - Hospital de Molina","isPartOf":{"@id":"https:\/\/riberasalud.com\/hospital-de-molina\/#website"},"primaryImageOfPage":{"@id":"https:\/\/riberasalud.com\/hospital-de-molina\/sumatealrosa-19-de-octubre-dia-mundial-contra-el-cancer-de-mama-2\/#primaryimage"},"image":{"@id":"https:\/\/riberasalud.com\/hospital-de-molina\/sumatealrosa-19-de-octubre-dia-mundial-contra-el-cancer-de-mama-2\/#primaryimage"},"thumbnailUrl":"https:\/\/hospitaldemolina.es\/wp-content\/uploads\/2020\/05\/DSC_0565.jpg","datePublished":"2016-10-19T06:38:17+00:00","dateModified":"2023-10-25T06:37:57+00:00","breadcrumb":{"@id":"https:\/\/riberasalud.com\/hospital-de-molina\/sumatealrosa-19-de-octubre-dia-mundial-contra-el-cancer-de-mama-2\/#breadcrumb"},"inLanguage":"es","potentialAction":[{"@type":"ReadAction","target":["https:\/\/riberasalud.com\/hospital-de-molina\/sumatealrosa-19-de-octubre-dia-mundial-contra-el-cancer-de-mama-2\/"]}]},{"@type":"ImageObject","inLanguage":"es","@id":"https:\/\/riberasalud.com\/hospital-de-molina\/sumatealrosa-19-de-octubre-dia-mundial-contra-el-cancer-de-mama-2\/#primaryimage","url":"https:\/\/hospitaldemolina.es\/wp-content\/uploads\/2020\/05\/DSC_0565.jpg","contentUrl":"https:\/\/hospitaldemolina.es\/wp-content\/uploads\/2020\/05\/DSC_0565.jpg"},{"@type":"BreadcrumbList","@id":"https:\/\/riberasalud.com\/hospital-de-molina\/sumatealrosa-19-de-octubre-dia-mundial-contra-el-cancer-de-mama-2\/#breadcrumb","itemListElement":[{"@type":"ListItem","position":1,"name":"Portada","item":"https:\/\/riberasalud.com\/hospital-de-molina\/"},{"@type":"ListItem","position":2,"name":"#s\u00famatealrosa 19 de octubre: D\u00eda Mundial contra el C\u00e1ncer de Mama"}]},{"@type":"WebSite","@id":"https:\/\/riberasalud.com\/hospital-de-molina\/#website","url":"https:\/\/riberasalud.com\/hospital-de-molina\/","name":"Hospital de Molina","description":"","publisher":{"@id":"https:\/\/riberasalud.com\/hospital-de-molina\/#organization"},"potentialAction":[{"@type":"SearchAction","target":{"@type":"EntryPoint","urlTemplate":"https:\/\/riberasalud.com\/hospital-de-molina\/?s={search_term_string}"},"query-input":{"@type":"PropertyValueSpecification","valueRequired":true,"valueName":"search_term_string"}}],"inLanguage":"es"},{"@type":"Organization","@id":"https:\/\/riberasalud.com\/hospital-de-molina\/#organization","name":"Hospital de Molina","url":"https:\/\/riberasalud.com\/hospital-de-molina\/","logo":{"@type":"ImageObject","inLanguage":"es","@id":"https:\/\/riberasalud.com\/hospital-de-molina\/#\/schema\/logo\/image\/","url":"https:\/\/riberasalud.com\/hospital-de-molina\/wp-content\/uploads\/2023\/01\/cropped-Logo-Red-DeMolina-bigtz7.png","contentUrl":"https:\/\/riberasalud.com\/hospital-de-molina\/wp-content\/uploads\/2023\/01\/cropped-Logo-Red-DeMolina-bigtz7.png","width":300,"height":72,"caption":"Hospital de Molina"},"image":{"@id":"https:\/\/riberasalud.com\/hospital-de-molina\/#\/schema\/logo\/image\/"}},{"@type":"Person","@id":"https:\/\/riberasalud.com\/hospital-de-molina\/#\/schema\/person\/37d58effcbf02f32328940089f254419","name":"hmolina","image":{"@type":"ImageObject","inLanguage":"es","@id":"https:\/\/riberasalud.com\/hospital-de-molina\/#\/schema\/person\/image\/","url":"https:\/\/secure.gravatar.com\/avatar\/9db1181c394bec9505d449c90a21b5363cc35ad9a76f60f11a304b23bb0e8dd4?s=96&d=mm&r=g","contentUrl":"https:\/\/secure.gravatar.com\/avatar\/9db1181c394bec9505d449c90a21b5363cc35ad9a76f60f11a304b23bb0e8dd4?s=96&d=mm&r=g","caption":"hmolina"},"url":"https:\/\/riberasalud.com\/hospital-de-molina\/author\/hmolina\/"}]}},"uagb_featured_image_src":{"full":false,"thumbnail":false,"medium":false,"medium_large":false,"large":false,"1536x1536":false,"2048x2048":false},"uagb_author_info":{"display_name":"hmolina","author_link":"https:\/\/riberasalud.com\/hospital-de-molina\/author\/hmolina\/"},"uagb_comment_info":0,"uagb_excerpt":"19 octubre 2016.- El Hospital de Molina se suma al rosa y con motivo del D\u00eda Mundial contra el C\u00e1ncer de Mama, que se celebra hoy mi\u00e9rcoles 19 de octubre, y en colaboraci\u00f3n con la Junta Local de la AECC de Molina de Segura, luce en su entrada principal un gran lazo rosa, a la&hellip;","_links":{"self":[{"href":"https:\/\/riberasalud.com\/hospital-de-molina\/wp-json\/wp\/v2\/posts\/2022","targetHints":{"allow":["GET"]}}],"collection":[{"href":"https:\/\/riberasalud.com\/hospital-de-molina\/wp-json\/wp\/v2\/posts"}],"about":[{"href":"https:\/\/riberasalud.com\/hospital-de-molina\/wp-json\/wp\/v2\/types\/post"}],"author":[{"embeddable":true,"href":"https:\/\/riberasalud.com\/hospital-de-molina\/wp-json\/wp\/v2\/users\/3"}],"replies":[{"embeddable":true,"href":"https:\/\/riberasalud.com\/hospital-de-molina\/wp-json\/wp\/v2\/comments?post=2022"}],"version-history":[{"count":1,"href":"https:\/\/riberasalud.com\/hospital-de-molina\/wp-json\/wp\/v2\/posts\/2022\/revisions"}],"predecessor-version":[{"id":8292,"href":"https:\/\/riberasalud.com\/hospital-de-molina\/wp-json\/wp\/v2\/posts\/2022\/revisions\/8292"}],"wp:attachment":[{"href":"https:\/\/riberasalud.com\/hospital-de-molina\/wp-json\/wp\/v2\/media?parent=2022"}],"wp:term":[{"taxonomy":"category","embeddable":true,"href":"https:\/\/riberasalud.com\/hospital-de-molina\/wp-json\/wp\/v2\/categories?post=2022"},{"taxonomy":"post_tag","embeddable":true,"href":"https:\/\/riberasalud.com\/hospital-de-molina\/wp-json\/wp\/v2\/tags?post=2022"}],"curies":[{"name":"wp","href":"https:\/\/api.w.org\/{rel}","templated":true}]}}