{"id":2014,"date":"2016-11-17T12:31:24","date_gmt":"2016-11-17T11:31:24","guid":{"rendered":"https:\/\/www.hospitaldemolina.es\/v-media-maraton-internacional-10-500-metros-y-1-000-metros-de-deporte-adaptado-de-molina-de-segura-2016\/"},"modified":"2023-10-25T06:37:52","modified_gmt":"2023-10-25T06:37:52","slug":"v-media-maraton-internacional-10-500-metros-y-1-000-metros-de-deporte-adaptado-de-molina-de-segura-2016","status":"publish","type":"post","link":"https:\/\/riberasalud.com\/hospital-de-molina\/v-media-maraton-internacional-10-500-metros-y-1-000-metros-de-deporte-adaptado-de-molina-de-segura-2016\/","title":{"rendered":"V Media Marat\u00f3n Internacional, 10.500 metros y 1.000 metros de Deporte Adaptado de Molina de Segura 2016"},"content":{"rendered":"<p><strong>17 noviembre 2016.-<\/strong> El <strong>Ayuntamiento de Molina de Segura<\/strong>, el <strong>Hospital de Molina<\/strong> y el <strong>Club de Atletismo Molina AVESCO<\/strong>, con el patrocinio principal de <strong>La Caixa<\/strong>, organizan la V Media Marat\u00f3n Internacional, los 1.500 metros y los 1.000 metros de Deporte Adaptado de Molina de Segura, que se celebrar\u00e1n el pr\u00f3ximo 18 de diciembre.<\/p>\n<p class=\"rtecenter\"><img decoding=\"async\" src=\"https:\/\/hospitaldemolina.es\/wp-content\/uploads\/2020\/05\/16-11-1720-20HM20Presentacion20V20Media20Maraton20-20Foto1.jpg\" style=\"height:140px; width: auto;\"> <img decoding=\"async\" src=\"https:\/\/hospitaldemolina.es\/wp-content\/uploads\/2020\/05\/16-11-1720-20HM20Presentacion20V20Media20Maraton20-20Foto2.jpg\" style=\"height:140px; width: auto;\"> <img decoding=\"async\" src=\"https:\/\/hospitaldemolina.es\/wp-content\/uploads\/2020\/05\/16-11-1720-20HM20Presentacion20V20Media20Maraton20-20Foto3.jpg\" style=\"height:140px; width: auto;\"><\/p>\n<p>Durante la presentaci\u00f3n del evento deportivo &#8211; en el que tambi\u00e9n han estado presentes la Alcaldesa de Molina de Segura, Esther Clavero Mira, el representante del Club de Atletismo Molina AVESCO, Antonio Gomariz Almela, y la representante de la Caixa, Gemma Osma C\u00f3rdoba &#8211; el Director del Hospital de Molina, Francisco Mench\u00f3n Galiana,ha destacado que \u201cen nuestro compromiso con la prevenci\u00f3n y con la divulgaci\u00f3n de la salud, desde el Hospital de Molina promocionamos la adquisici\u00f3n de h\u00e1bitos saludables entre todas las edades, desde una alimentaci\u00f3n adecuada y variada hasta una correcta higiene postural y pr\u00e1ctica frecuente del ejercicio f\u00edsico. De hecho, dentro de nuestra \u00e1rea de Responsabilidad Social Corporativa (RSC), contamos con un Programa de Fomento del Deporte, siempre ligado a la salud de todos los usuarios de la pr\u00e1ctica deportiva en condiciones de seguridad\u201d.<\/p>\n<p>El Servicio de Fisioterapia del Hospital de Molina estar\u00e1 presente en estas pruebas con el fin de aconsejar a los participantes del calentamiento y estiramientos necesarios para evitar lesiones, as\u00ed como para tratar in situ aquellas lesiones puntuales que se puedan producir en el transcurso de la carrera.<\/p>\n<p>El recorrido de la prueba ser\u00e1 de 21,1 km. en la Media Marat\u00f3n, 10.500 metros en la segunda modalidad y 1.000 metros para la modalidad de Deporte adaptado, y se disputar\u00e1n al un\u00edsono desde las 9:00 h. hasta las 13:00 h. El circuito es totalmente urbano y comenzar\u00e1 y finalizar\u00e1 en la Plaza de Espa\u00f1a.<\/p>\n<p>En esta edici\u00f3n, participantes y asistentes podr\u00e1n donar alimentos no perecederos, que se entregar\u00e1n a Cruz Roja.<\/p>\n<p>Enlaces Relacionados:<\/p>\n","protected":false},"excerpt":{"rendered":"<p>17 noviembre 2016.- El Ayuntamiento de Molina de Segura, el Hospital de Molina y el Club de Atletismo Molina AVESCO, con el patrocinio principal de La Caixa, organizan la V Media Marat\u00f3n Internacional, los 1.500 metros y los 1.000 metros de Deporte Adaptado de Molina de Segura, que se celebrar\u00e1n el pr\u00f3ximo 18 de diciembre. &#8230; <a title=\"V Media Marat\u00f3n Internacional, 10.500 metros y 1.000 metros de Deporte Adaptado de Molina de Segura 2016\" class=\"read-more\" href=\"https:\/\/riberasalud.com\/hospital-de-molina\/v-media-maraton-internacional-10-500-metros-y-1-000-metros-de-deporte-adaptado-de-molina-de-segura-2016\/\" aria-label=\"Leer m\u00e1s sobre V Media Marat\u00f3n Internacional, 10.500 metros y 1.000 metros de Deporte Adaptado de Molina de Segura 2016\">Leer m\u00e1s<\/a><\/p>\n","protected":false},"author":3,"featured_media":0,"comment_status":"closed","ping_status":"open","sticky":false,"template":"","format":"standard","meta":{"_uag_custom_page_level_css":"","_mi_skip_tracking":false,"footnotes":""},"categories":[7],"tags":[],"class_list":["post-2014","post","type-post","status-publish","format-standard","hentry","category-hemeroteca"],"yoast_head":"<!-- This site is optimized with the Yoast SEO plugin v26.6 - https:\/\/yoast.com\/wordpress\/plugins\/seo\/ -->\n<title>V Media Marat\u00f3n Internacional, 10.500 metros y 1.000 metros de Deporte Adaptado de Molina de Segura 2016 - Hospital de Molina<\/title>\n<meta name=\"robots\" content=\"index, follow, max-snippet:-1, max-image-preview:large, max-video-preview:-1\" \/>\n<link rel=\"canonical\" href=\"https:\/\/riberasalud.com\/hospital-de-molina\/v-media-maraton-internacional-10-500-metros-y-1-000-metros-de-deporte-adaptado-de-molina-de-segura-2016\/\" \/>\n<meta property=\"og:locale\" content=\"es_ES\" \/>\n<meta property=\"og:type\" content=\"article\" \/>\n<meta property=\"og:title\" content=\"V Media Marat\u00f3n Internacional, 10.500 metros y 1.000 metros de Deporte Adaptado de Molina de Segura 2016 - Hospital de Molina\" \/>\n<meta property=\"og:description\" content=\"17 noviembre 2016.- El Ayuntamiento de Molina de Segura, el Hospital de Molina y el Club de Atletismo Molina AVESCO, con el patrocinio principal de La Caixa, organizan la V Media Marat\u00f3n Internacional, los 1.500 metros y los 1.000 metros de Deporte Adaptado de Molina de Segura, que se celebrar\u00e1n el pr\u00f3ximo 18 de diciembre. ... Leer m\u00e1s\" \/>\n<meta property=\"og:url\" content=\"https:\/\/riberasalud.com\/hospital-de-molina\/v-media-maraton-internacional-10-500-metros-y-1-000-metros-de-deporte-adaptado-de-molina-de-segura-2016\/\" \/>\n<meta property=\"og:site_name\" content=\"Hospital de Molina\" \/>\n<meta property=\"article:published_time\" content=\"2016-11-17T11:31:24+00:00\" \/>\n<meta property=\"article:modified_time\" content=\"2023-10-25T06:37:52+00:00\" \/>\n<meta property=\"og:image\" content=\"https:\/\/hospitaldemolina.es\/wp-content\/uploads\/2020\/05\/16-11-1720-20HM20Presentacion20V20Media20Maraton20-20Foto1.jpg\" \/>\n<meta name=\"author\" content=\"hmolina\" \/>\n<meta name=\"twitter:card\" content=\"summary_large_image\" \/>\n<meta name=\"twitter:label1\" content=\"Escrito por\" \/>\n\t<meta name=\"twitter:data1\" content=\"hmolina\" \/>\n\t<meta name=\"twitter:label2\" content=\"Tiempo de lectura\" \/>\n\t<meta name=\"twitter:data2\" content=\"2 minutos\" \/>\n<script type=\"application\/ld+json\" class=\"yoast-schema-graph\">{\"@context\":\"https:\/\/schema.org\",\"@graph\":[{\"@type\":\"Article\",\"@id\":\"https:\/\/riberasalud.com\/hospital-de-molina\/v-media-maraton-internacional-10-500-metros-y-1-000-metros-de-deporte-adaptado-de-molina-de-segura-2016\/#article\",\"isPartOf\":{\"@id\":\"https:\/\/riberasalud.com\/hospital-de-molina\/v-media-maraton-internacional-10-500-metros-y-1-000-metros-de-deporte-adaptado-de-molina-de-segura-2016\/\"},\"author\":{\"name\":\"hmolina\",\"@id\":\"https:\/\/riberasalud.com\/hospital-de-molina\/#\/schema\/person\/37d58effcbf02f32328940089f254419\"},\"headline\":\"V Media Marat\u00f3n Internacional, 10.500 metros y 1.000 metros de Deporte Adaptado de Molina de Segura 2016\",\"datePublished\":\"2016-11-17T11:31:24+00:00\",\"dateModified\":\"2023-10-25T06:37:52+00:00\",\"mainEntityOfPage\":{\"@id\":\"https:\/\/riberasalud.com\/hospital-de-molina\/v-media-maraton-internacional-10-500-metros-y-1-000-metros-de-deporte-adaptado-de-molina-de-segura-2016\/\"},\"wordCount\":342,\"publisher\":{\"@id\":\"https:\/\/riberasalud.com\/hospital-de-molina\/#organization\"},\"image\":{\"@id\":\"https:\/\/riberasalud.com\/hospital-de-molina\/v-media-maraton-internacional-10-500-metros-y-1-000-metros-de-deporte-adaptado-de-molina-de-segura-2016\/#primaryimage\"},\"thumbnailUrl\":\"https:\/\/hospitaldemolina.es\/wp-content\/uploads\/2020\/05\/16-11-1720-20HM20Presentacion20V20Media20Maraton20-20Foto1.jpg\",\"articleSection\":[\"Hemeroteca\"],\"inLanguage\":\"es\"},{\"@type\":\"WebPage\",\"@id\":\"https:\/\/riberasalud.com\/hospital-de-molina\/v-media-maraton-internacional-10-500-metros-y-1-000-metros-de-deporte-adaptado-de-molina-de-segura-2016\/\",\"url\":\"https:\/\/riberasalud.com\/hospital-de-molina\/v-media-maraton-internacional-10-500-metros-y-1-000-metros-de-deporte-adaptado-de-molina-de-segura-2016\/\",\"name\":\"V Media Marat\u00f3n Internacional, 10.500 metros y 1.000 metros de Deporte Adaptado de Molina de Segura 2016 - Hospital de Molina\",\"isPartOf\":{\"@id\":\"https:\/\/riberasalud.com\/hospital-de-molina\/#website\"},\"primaryImageOfPage\":{\"@id\":\"https:\/\/riberasalud.com\/hospital-de-molina\/v-media-maraton-internacional-10-500-metros-y-1-000-metros-de-deporte-adaptado-de-molina-de-segura-2016\/#primaryimage\"},\"image\":{\"@id\":\"https:\/\/riberasalud.com\/hospital-de-molina\/v-media-maraton-internacional-10-500-metros-y-1-000-metros-de-deporte-adaptado-de-molina-de-segura-2016\/#primaryimage\"},\"thumbnailUrl\":\"https:\/\/hospitaldemolina.es\/wp-content\/uploads\/2020\/05\/16-11-1720-20HM20Presentacion20V20Media20Maraton20-20Foto1.jpg\",\"datePublished\":\"2016-11-17T11:31:24+00:00\",\"dateModified\":\"2023-10-25T06:37:52+00:00\",\"breadcrumb\":{\"@id\":\"https:\/\/riberasalud.com\/hospital-de-molina\/v-media-maraton-internacional-10-500-metros-y-1-000-metros-de-deporte-adaptado-de-molina-de-segura-2016\/#breadcrumb\"},\"inLanguage\":\"es\",\"potentialAction\":[{\"@type\":\"ReadAction\",\"target\":[\"https:\/\/riberasalud.com\/hospital-de-molina\/v-media-maraton-internacional-10-500-metros-y-1-000-metros-de-deporte-adaptado-de-molina-de-segura-2016\/\"]}]},{\"@type\":\"ImageObject\",\"inLanguage\":\"es\",\"@id\":\"https:\/\/riberasalud.com\/hospital-de-molina\/v-media-maraton-internacional-10-500-metros-y-1-000-metros-de-deporte-adaptado-de-molina-de-segura-2016\/#primaryimage\",\"url\":\"https:\/\/hospitaldemolina.es\/wp-content\/uploads\/2020\/05\/16-11-1720-20HM20Presentacion20V20Media20Maraton20-20Foto1.jpg\",\"contentUrl\":\"https:\/\/hospitaldemolina.es\/wp-content\/uploads\/2020\/05\/16-11-1720-20HM20Presentacion20V20Media20Maraton20-20Foto1.jpg\"},{\"@type\":\"BreadcrumbList\",\"@id\":\"https:\/\/riberasalud.com\/hospital-de-molina\/v-media-maraton-internacional-10-500-metros-y-1-000-metros-de-deporte-adaptado-de-molina-de-segura-2016\/#breadcrumb\",\"itemListElement\":[{\"@type\":\"ListItem\",\"position\":1,\"name\":\"Portada\",\"item\":\"https:\/\/riberasalud.com\/hospital-de-molina\/\"},{\"@type\":\"ListItem\",\"position\":2,\"name\":\"V Media Marat\u00f3n Internacional, 10.500 metros y 1.000 metros de Deporte Adaptado de Molina de Segura 2016\"}]},{\"@type\":\"WebSite\",\"@id\":\"https:\/\/riberasalud.com\/hospital-de-molina\/#website\",\"url\":\"https:\/\/riberasalud.com\/hospital-de-molina\/\",\"name\":\"Hospital de Molina\",\"description\":\"\",\"publisher\":{\"@id\":\"https:\/\/riberasalud.com\/hospital-de-molina\/#organization\"},\"potentialAction\":[{\"@type\":\"SearchAction\",\"target\":{\"@type\":\"EntryPoint\",\"urlTemplate\":\"https:\/\/riberasalud.com\/hospital-de-molina\/?s={search_term_string}\"},\"query-input\":{\"@type\":\"PropertyValueSpecification\",\"valueRequired\":true,\"valueName\":\"search_term_string\"}}],\"inLanguage\":\"es\"},{\"@type\":\"Organization\",\"@id\":\"https:\/\/riberasalud.com\/hospital-de-molina\/#organization\",\"name\":\"Hospital de Molina\",\"url\":\"https:\/\/riberasalud.com\/hospital-de-molina\/\",\"logo\":{\"@type\":\"ImageObject\",\"inLanguage\":\"es\",\"@id\":\"https:\/\/riberasalud.com\/hospital-de-molina\/#\/schema\/logo\/image\/\",\"url\":\"https:\/\/riberasalud.com\/hospital-de-molina\/wp-content\/uploads\/2023\/01\/cropped-Logo-Red-DeMolina-bigtz7.png\",\"contentUrl\":\"https:\/\/riberasalud.com\/hospital-de-molina\/wp-content\/uploads\/2023\/01\/cropped-Logo-Red-DeMolina-bigtz7.png\",\"width\":300,\"height\":72,\"caption\":\"Hospital de Molina\"},\"image\":{\"@id\":\"https:\/\/riberasalud.com\/hospital-de-molina\/#\/schema\/logo\/image\/\"}},{\"@type\":\"Person\",\"@id\":\"https:\/\/riberasalud.com\/hospital-de-molina\/#\/schema\/person\/37d58effcbf02f32328940089f254419\",\"name\":\"hmolina\",\"image\":{\"@type\":\"ImageObject\",\"inLanguage\":\"es\",\"@id\":\"https:\/\/riberasalud.com\/hospital-de-molina\/#\/schema\/person\/image\/\",\"url\":\"https:\/\/secure.gravatar.com\/avatar\/9db1181c394bec9505d449c90a21b5363cc35ad9a76f60f11a304b23bb0e8dd4?s=96&d=mm&r=g\",\"contentUrl\":\"https:\/\/secure.gravatar.com\/avatar\/9db1181c394bec9505d449c90a21b5363cc35ad9a76f60f11a304b23bb0e8dd4?s=96&d=mm&r=g\",\"caption\":\"hmolina\"},\"url\":\"https:\/\/riberasalud.com\/hospital-de-molina\/author\/hmolina\/\"}]}<\/script>\n<!-- \/ Yoast SEO plugin. -->","yoast_head_json":{"title":"V Media Marat\u00f3n Internacional, 10.500 metros y 1.000 metros de Deporte Adaptado de Molina de Segura 2016 - Hospital de Molina","robots":{"index":"index","follow":"follow","max-snippet":"max-snippet:-1","max-image-preview":"max-image-preview:large","max-video-preview":"max-video-preview:-1"},"canonical":"https:\/\/riberasalud.com\/hospital-de-molina\/v-media-maraton-internacional-10-500-metros-y-1-000-metros-de-deporte-adaptado-de-molina-de-segura-2016\/","og_locale":"es_ES","og_type":"article","og_title":"V Media Marat\u00f3n Internacional, 10.500 metros y 1.000 metros de Deporte Adaptado de Molina de Segura 2016 - Hospital de Molina","og_description":"17 noviembre 2016.- El Ayuntamiento de Molina de Segura, el Hospital de Molina y el Club de Atletismo Molina AVESCO, con el patrocinio principal de La Caixa, organizan la V Media Marat\u00f3n Internacional, los 1.500 metros y los 1.000 metros de Deporte Adaptado de Molina de Segura, que se celebrar\u00e1n el pr\u00f3ximo 18 de diciembre. ... Leer m\u00e1s","og_url":"https:\/\/riberasalud.com\/hospital-de-molina\/v-media-maraton-internacional-10-500-metros-y-1-000-metros-de-deporte-adaptado-de-molina-de-segura-2016\/","og_site_name":"Hospital de Molina","article_published_time":"2016-11-17T11:31:24+00:00","article_modified_time":"2023-10-25T06:37:52+00:00","og_image":[{"url":"https:\/\/hospitaldemolina.es\/wp-content\/uploads\/2020\/05\/16-11-1720-20HM20Presentacion20V20Media20Maraton20-20Foto1.jpg","type":"","width":"","height":""}],"author":"hmolina","twitter_card":"summary_large_image","twitter_misc":{"Escrito por":"hmolina","Tiempo de lectura":"2 minutos"},"schema":{"@context":"https:\/\/schema.org","@graph":[{"@type":"Article","@id":"https:\/\/riberasalud.com\/hospital-de-molina\/v-media-maraton-internacional-10-500-metros-y-1-000-metros-de-deporte-adaptado-de-molina-de-segura-2016\/#article","isPartOf":{"@id":"https:\/\/riberasalud.com\/hospital-de-molina\/v-media-maraton-internacional-10-500-metros-y-1-000-metros-de-deporte-adaptado-de-molina-de-segura-2016\/"},"author":{"name":"hmolina","@id":"https:\/\/riberasalud.com\/hospital-de-molina\/#\/schema\/person\/37d58effcbf02f32328940089f254419"},"headline":"V Media Marat\u00f3n Internacional, 10.500 metros y 1.000 metros de Deporte Adaptado de Molina de Segura 2016","datePublished":"2016-11-17T11:31:24+00:00","dateModified":"2023-10-25T06:37:52+00:00","mainEntityOfPage":{"@id":"https:\/\/riberasalud.com\/hospital-de-molina\/v-media-maraton-internacional-10-500-metros-y-1-000-metros-de-deporte-adaptado-de-molina-de-segura-2016\/"},"wordCount":342,"publisher":{"@id":"https:\/\/riberasalud.com\/hospital-de-molina\/#organization"},"image":{"@id":"https:\/\/riberasalud.com\/hospital-de-molina\/v-media-maraton-internacional-10-500-metros-y-1-000-metros-de-deporte-adaptado-de-molina-de-segura-2016\/#primaryimage"},"thumbnailUrl":"https:\/\/hospitaldemolina.es\/wp-content\/uploads\/2020\/05\/16-11-1720-20HM20Presentacion20V20Media20Maraton20-20Foto1.jpg","articleSection":["Hemeroteca"],"inLanguage":"es"},{"@type":"WebPage","@id":"https:\/\/riberasalud.com\/hospital-de-molina\/v-media-maraton-internacional-10-500-metros-y-1-000-metros-de-deporte-adaptado-de-molina-de-segura-2016\/","url":"https:\/\/riberasalud.com\/hospital-de-molina\/v-media-maraton-internacional-10-500-metros-y-1-000-metros-de-deporte-adaptado-de-molina-de-segura-2016\/","name":"V Media Marat\u00f3n Internacional, 10.500 metros y 1.000 metros de Deporte Adaptado de Molina de Segura 2016 - Hospital de Molina","isPartOf":{"@id":"https:\/\/riberasalud.com\/hospital-de-molina\/#website"},"primaryImageOfPage":{"@id":"https:\/\/riberasalud.com\/hospital-de-molina\/v-media-maraton-internacional-10-500-metros-y-1-000-metros-de-deporte-adaptado-de-molina-de-segura-2016\/#primaryimage"},"image":{"@id":"https:\/\/riberasalud.com\/hospital-de-molina\/v-media-maraton-internacional-10-500-metros-y-1-000-metros-de-deporte-adaptado-de-molina-de-segura-2016\/#primaryimage"},"thumbnailUrl":"https:\/\/hospitaldemolina.es\/wp-content\/uploads\/2020\/05\/16-11-1720-20HM20Presentacion20V20Media20Maraton20-20Foto1.jpg","datePublished":"2016-11-17T11:31:24+00:00","dateModified":"2023-10-25T06:37:52+00:00","breadcrumb":{"@id":"https:\/\/riberasalud.com\/hospital-de-molina\/v-media-maraton-internacional-10-500-metros-y-1-000-metros-de-deporte-adaptado-de-molina-de-segura-2016\/#breadcrumb"},"inLanguage":"es","potentialAction":[{"@type":"ReadAction","target":["https:\/\/riberasalud.com\/hospital-de-molina\/v-media-maraton-internacional-10-500-metros-y-1-000-metros-de-deporte-adaptado-de-molina-de-segura-2016\/"]}]},{"@type":"ImageObject","inLanguage":"es","@id":"https:\/\/riberasalud.com\/hospital-de-molina\/v-media-maraton-internacional-10-500-metros-y-1-000-metros-de-deporte-adaptado-de-molina-de-segura-2016\/#primaryimage","url":"https:\/\/hospitaldemolina.es\/wp-content\/uploads\/2020\/05\/16-11-1720-20HM20Presentacion20V20Media20Maraton20-20Foto1.jpg","contentUrl":"https:\/\/hospitaldemolina.es\/wp-content\/uploads\/2020\/05\/16-11-1720-20HM20Presentacion20V20Media20Maraton20-20Foto1.jpg"},{"@type":"BreadcrumbList","@id":"https:\/\/riberasalud.com\/hospital-de-molina\/v-media-maraton-internacional-10-500-metros-y-1-000-metros-de-deporte-adaptado-de-molina-de-segura-2016\/#breadcrumb","itemListElement":[{"@type":"ListItem","position":1,"name":"Portada","item":"https:\/\/riberasalud.com\/hospital-de-molina\/"},{"@type":"ListItem","position":2,"name":"V Media Marat\u00f3n Internacional, 10.500 metros y 1.000 metros de Deporte Adaptado de Molina de Segura 2016"}]},{"@type":"WebSite","@id":"https:\/\/riberasalud.com\/hospital-de-molina\/#website","url":"https:\/\/riberasalud.com\/hospital-de-molina\/","name":"Hospital de Molina","description":"","publisher":{"@id":"https:\/\/riberasalud.com\/hospital-de-molina\/#organization"},"potentialAction":[{"@type":"SearchAction","target":{"@type":"EntryPoint","urlTemplate":"https:\/\/riberasalud.com\/hospital-de-molina\/?s={search_term_string}"},"query-input":{"@type":"PropertyValueSpecification","valueRequired":true,"valueName":"search_term_string"}}],"inLanguage":"es"},{"@type":"Organization","@id":"https:\/\/riberasalud.com\/hospital-de-molina\/#organization","name":"Hospital de Molina","url":"https:\/\/riberasalud.com\/hospital-de-molina\/","logo":{"@type":"ImageObject","inLanguage":"es","@id":"https:\/\/riberasalud.com\/hospital-de-molina\/#\/schema\/logo\/image\/","url":"https:\/\/riberasalud.com\/hospital-de-molina\/wp-content\/uploads\/2023\/01\/cropped-Logo-Red-DeMolina-bigtz7.png","contentUrl":"https:\/\/riberasalud.com\/hospital-de-molina\/wp-content\/uploads\/2023\/01\/cropped-Logo-Red-DeMolina-bigtz7.png","width":300,"height":72,"caption":"Hospital de Molina"},"image":{"@id":"https:\/\/riberasalud.com\/hospital-de-molina\/#\/schema\/logo\/image\/"}},{"@type":"Person","@id":"https:\/\/riberasalud.com\/hospital-de-molina\/#\/schema\/person\/37d58effcbf02f32328940089f254419","name":"hmolina","image":{"@type":"ImageObject","inLanguage":"es","@id":"https:\/\/riberasalud.com\/hospital-de-molina\/#\/schema\/person\/image\/","url":"https:\/\/secure.gravatar.com\/avatar\/9db1181c394bec9505d449c90a21b5363cc35ad9a76f60f11a304b23bb0e8dd4?s=96&d=mm&r=g","contentUrl":"https:\/\/secure.gravatar.com\/avatar\/9db1181c394bec9505d449c90a21b5363cc35ad9a76f60f11a304b23bb0e8dd4?s=96&d=mm&r=g","caption":"hmolina"},"url":"https:\/\/riberasalud.com\/hospital-de-molina\/author\/hmolina\/"}]}},"uagb_featured_image_src":{"full":false,"thumbnail":false,"medium":false,"medium_large":false,"large":false,"1536x1536":false,"2048x2048":false},"uagb_author_info":{"display_name":"hmolina","author_link":"https:\/\/riberasalud.com\/hospital-de-molina\/author\/hmolina\/"},"uagb_comment_info":0,"uagb_excerpt":"17 noviembre 2016.- El Ayuntamiento de Molina de Segura, el Hospital de Molina y el Club de Atletismo Molina AVESCO, con el patrocinio principal de La Caixa, organizan la V Media Marat\u00f3n Internacional, los 1.500 metros y los 1.000 metros de Deporte Adaptado de Molina de Segura, que se celebrar\u00e1n el pr\u00f3ximo 18 de diciembre.&hellip;","_links":{"self":[{"href":"https:\/\/riberasalud.com\/hospital-de-molina\/wp-json\/wp\/v2\/posts\/2014","targetHints":{"allow":["GET"]}}],"collection":[{"href":"https:\/\/riberasalud.com\/hospital-de-molina\/wp-json\/wp\/v2\/posts"}],"about":[{"href":"https:\/\/riberasalud.com\/hospital-de-molina\/wp-json\/wp\/v2\/types\/post"}],"author":[{"embeddable":true,"href":"https:\/\/riberasalud.com\/hospital-de-molina\/wp-json\/wp\/v2\/users\/3"}],"replies":[{"embeddable":true,"href":"https:\/\/riberasalud.com\/hospital-de-molina\/wp-json\/wp\/v2\/comments?post=2014"}],"version-history":[{"count":1,"href":"https:\/\/riberasalud.com\/hospital-de-molina\/wp-json\/wp\/v2\/posts\/2014\/revisions"}],"predecessor-version":[{"id":8283,"href":"https:\/\/riberasalud.com\/hospital-de-molina\/wp-json\/wp\/v2\/posts\/2014\/revisions\/8283"}],"wp:attachment":[{"href":"https:\/\/riberasalud.com\/hospital-de-molina\/wp-json\/wp\/v2\/media?parent=2014"}],"wp:term":[{"taxonomy":"category","embeddable":true,"href":"https:\/\/riberasalud.com\/hospital-de-molina\/wp-json\/wp\/v2\/categories?post=2014"},{"taxonomy":"post_tag","embeddable":true,"href":"https:\/\/riberasalud.com\/hospital-de-molina\/wp-json\/wp\/v2\/tags?post=2014"}],"curies":[{"name":"wp","href":"https:\/\/api.w.org\/{rel}","templated":true}]}}