{"id":2007,"date":"2016-12-05T13:07:21","date_gmt":"2016-12-05T12:07:21","guid":{"rendered":"https:\/\/www.hospitaldemolina.es\/el-hospital-de-molina-pone-en-marcha-su-nuevo-servicio-de-neurorehabilitacion\/"},"modified":"2023-10-25T06:37:21","modified_gmt":"2023-10-25T06:37:21","slug":"el-hospital-de-molina-pone-en-marcha-su-nuevo-servicio-de-neurorehabilitacion","status":"publish","type":"post","link":"https:\/\/riberasalud.com\/hospital-de-molina\/el-hospital-de-molina-pone-en-marcha-su-nuevo-servicio-de-neurorehabilitacion\/","title":{"rendered":"El Hospital de Molina pone en marcha su nuevo Servicio de NeuroRehabilitaci\u00f3n"},"content":{"rendered":"<p><strong>19 diciembre 2016.-<\/strong> El <strong>Hospital de Molina<\/strong> ampl\u00eda su cartera de servicios con la puesta en marcha de su nuevo <strong>Servicio de NeuroRehabilitaci\u00f3n<\/strong>, en colaboraci\u00f3n con Cl\u00ednica UNER, dirigido por la <strong>Dra. M\u00aa Jes\u00fas G\u00f3mez L\u00f3pez<\/strong>.<\/p>\n<p class=\"rtecenter\"><img decoding=\"async\" src=\"https:\/\/hospitaldemolina.es\/wp-content\/uploads\/2020\/05\/HM20-20Servicio20NeuroRehabilitacion20-20Foto1.jpg\" style=\"height:140px; width: auto;\"> <img decoding=\"async\" src=\"https:\/\/hospitaldemolina.es\/wp-content\/uploads\/2020\/05\/HM20-20Servicio20NeuroRehabilitacion20-20Foto2.jpg\" style=\"height:140px; width: auto;\"> <img decoding=\"async\" src=\"https:\/\/hospitaldemolina.es\/wp-content\/uploads\/2020\/05\/HM20-20Servicio20NeuroRehabilitacion20-20Foto3.jpg\" style=\"height:140px; width: auto;\"> <img decoding=\"async\" src=\"https:\/\/hospitaldemolina.es\/wp-content\/uploads\/2020\/05\/HM20-20Servicio20NeuroRehabilitacion20-20Foto4.jpg\" style=\"height:140px; width: auto;\"><\/p>\n<p class=\"rtecenter\"><img decoding=\"async\" src=\"https:\/\/hospitaldemolina.es\/wp-content\/uploads\/2020\/05\/HM20-20Servicio20NeuroRehabilitacion20-20Foto5.jpg\" style=\"height:140px; width: auto;\"> <img decoding=\"async\" src=\"https:\/\/hospitaldemolina.es\/wp-content\/uploads\/2020\/05\/HM20-20Servicio20NeuroRehabilitacion20-20Foto6.jpg\" style=\"height:140px; width: auto;\"> <img decoding=\"async\" src=\"https:\/\/hospitaldemolina.es\/wp-content\/uploads\/2020\/05\/HM20-20Servicio20NeuroRehabilitacion20-20Foto7.jpg\" style=\"height:140px; width: auto;\"><\/p>\n<p>Se trata de un Servicio especializado exclusivamente en la valoraci\u00f3n y rehabilitaci\u00f3n de pacientes con da\u00f1o cerebral. Su intervenci\u00f3n va dirigida especialmente a aquellas personas, tanto adultos como ni\u00f1os, que presentan da\u00f1o cerebral producido por alguna de las siguientes causas, cong\u00e9nitas o adquiridas:<\/p>\n<p>Traumatismos craneoencef\u00e1licos (TCE) producidos por accidentes de tr\u00e1fico o laboral.<br \/>\nAccidentes cerebrovasculares (ACV) por hemorragias o infartos cerebrales.<br \/>\nTumores cerebrales.<br \/>\nOtras: hidrocefalia, demencias, malformaciones del sistema nervioso, epilepsia, etc.<\/p>\n<p>La Dra. M\u00aa Jes\u00fas G\u00f3mez destaca la cercan\u00eda del Servicio con las familias de los pacientes: \u201cLas familias entran dentro del tratamiento, es decir, en todo momento est\u00e1n informadas para que tambi\u00e9n puedan realizarlo con sus familiares afectados cuando est\u00e1n en casa. Adem\u00e1s, en el Hospital de Molina disponemos de tratamiento neurorehabilitador tanto en ingreso como de tipo ambulatorio\u201d.<\/p>\n<p>El Servicio de NeuroRehabilitaci\u00f3n \u2013 Cl\u00ednica UNER del Hospital de Molina est\u00e1 integrado por un equipo multidisciplinar &#8211; formado por fisioterapeutas, terapeutas ocupacionales, logopedas, psicopedagogos y neuropsic\u00f3logos &#8211; que se preocupa por la persona afectada y sus familiares.<\/p>\n<p>Enlaces Relacionados:<\/p>\n","protected":false},"excerpt":{"rendered":"<p>19 diciembre 2016.- El Hospital de Molina ampl\u00eda su cartera de servicios con la puesta en marcha de su nuevo Servicio de NeuroRehabilitaci\u00f3n, en colaboraci\u00f3n con Cl\u00ednica UNER, dirigido por la Dra. M\u00aa Jes\u00fas G\u00f3mez L\u00f3pez. Se trata de un Servicio especializado exclusivamente en la valoraci\u00f3n y rehabilitaci\u00f3n de pacientes con da\u00f1o cerebral. Su intervenci\u00f3n &#8230; <a title=\"El Hospital de Molina pone en marcha su nuevo Servicio de NeuroRehabilitaci\u00f3n\" class=\"read-more\" href=\"https:\/\/riberasalud.com\/hospital-de-molina\/el-hospital-de-molina-pone-en-marcha-su-nuevo-servicio-de-neurorehabilitacion\/\" aria-label=\"Leer m\u00e1s sobre El Hospital de Molina pone en marcha su nuevo Servicio de NeuroRehabilitaci\u00f3n\">Leer m\u00e1s<\/a><\/p>\n","protected":false},"author":3,"featured_media":0,"comment_status":"closed","ping_status":"open","sticky":false,"template":"","format":"standard","meta":{"_uag_custom_page_level_css":"","_mi_skip_tracking":false,"footnotes":""},"categories":[7],"tags":[],"class_list":["post-2007","post","type-post","status-publish","format-standard","hentry","category-hemeroteca"],"yoast_head":"<!-- This site is optimized with the Yoast SEO plugin v26.6 - https:\/\/yoast.com\/wordpress\/plugins\/seo\/ -->\n<title>El Hospital de Molina pone en marcha su nuevo Servicio de NeuroRehabilitaci\u00f3n - Hospital de Molina<\/title>\n<meta name=\"robots\" content=\"index, follow, max-snippet:-1, max-image-preview:large, max-video-preview:-1\" \/>\n<link rel=\"canonical\" href=\"https:\/\/riberasalud.com\/hospital-de-molina\/el-hospital-de-molina-pone-en-marcha-su-nuevo-servicio-de-neurorehabilitacion\/\" \/>\n<meta property=\"og:locale\" content=\"es_ES\" \/>\n<meta property=\"og:type\" content=\"article\" \/>\n<meta property=\"og:title\" content=\"El Hospital de Molina pone en marcha su nuevo Servicio de NeuroRehabilitaci\u00f3n - Hospital de Molina\" \/>\n<meta property=\"og:description\" content=\"19 diciembre 2016.- El Hospital de Molina ampl\u00eda su cartera de servicios con la puesta en marcha de su nuevo Servicio de NeuroRehabilitaci\u00f3n, en colaboraci\u00f3n con Cl\u00ednica UNER, dirigido por la Dra. M\u00aa Jes\u00fas G\u00f3mez L\u00f3pez. Se trata de un Servicio especializado exclusivamente en la valoraci\u00f3n y rehabilitaci\u00f3n de pacientes con da\u00f1o cerebral. Su intervenci\u00f3n ... Leer m\u00e1s\" \/>\n<meta property=\"og:url\" content=\"https:\/\/riberasalud.com\/hospital-de-molina\/el-hospital-de-molina-pone-en-marcha-su-nuevo-servicio-de-neurorehabilitacion\/\" \/>\n<meta property=\"og:site_name\" content=\"Hospital de Molina\" \/>\n<meta property=\"article:published_time\" content=\"2016-12-05T12:07:21+00:00\" \/>\n<meta property=\"article:modified_time\" content=\"2023-10-25T06:37:21+00:00\" \/>\n<meta property=\"og:image\" content=\"https:\/\/hospitaldemolina.es\/wp-content\/uploads\/2020\/05\/HM20-20Servicio20NeuroRehabilitacion20-20Foto1.jpg\" \/>\n<meta name=\"author\" content=\"hmolina\" \/>\n<meta name=\"twitter:card\" content=\"summary_large_image\" \/>\n<meta name=\"twitter:label1\" content=\"Escrito por\" \/>\n\t<meta name=\"twitter:data1\" content=\"hmolina\" \/>\n\t<meta name=\"twitter:label2\" content=\"Tiempo de lectura\" \/>\n\t<meta name=\"twitter:data2\" content=\"1 minuto\" \/>\n<script type=\"application\/ld+json\" class=\"yoast-schema-graph\">{\"@context\":\"https:\/\/schema.org\",\"@graph\":[{\"@type\":\"Article\",\"@id\":\"https:\/\/riberasalud.com\/hospital-de-molina\/el-hospital-de-molina-pone-en-marcha-su-nuevo-servicio-de-neurorehabilitacion\/#article\",\"isPartOf\":{\"@id\":\"https:\/\/riberasalud.com\/hospital-de-molina\/el-hospital-de-molina-pone-en-marcha-su-nuevo-servicio-de-neurorehabilitacion\/\"},\"author\":{\"name\":\"hmolina\",\"@id\":\"https:\/\/riberasalud.com\/hospital-de-molina\/#\/schema\/person\/37d58effcbf02f32328940089f254419\"},\"headline\":\"El Hospital de Molina pone en marcha su nuevo Servicio de NeuroRehabilitaci\u00f3n\",\"datePublished\":\"2016-12-05T12:07:21+00:00\",\"dateModified\":\"2023-10-25T06:37:21+00:00\",\"mainEntityOfPage\":{\"@id\":\"https:\/\/riberasalud.com\/hospital-de-molina\/el-hospital-de-molina-pone-en-marcha-su-nuevo-servicio-de-neurorehabilitacion\/\"},\"wordCount\":244,\"publisher\":{\"@id\":\"https:\/\/riberasalud.com\/hospital-de-molina\/#organization\"},\"image\":{\"@id\":\"https:\/\/riberasalud.com\/hospital-de-molina\/el-hospital-de-molina-pone-en-marcha-su-nuevo-servicio-de-neurorehabilitacion\/#primaryimage\"},\"thumbnailUrl\":\"https:\/\/hospitaldemolina.es\/wp-content\/uploads\/2020\/05\/HM20-20Servicio20NeuroRehabilitacion20-20Foto1.jpg\",\"articleSection\":[\"Hemeroteca\"],\"inLanguage\":\"es\"},{\"@type\":\"WebPage\",\"@id\":\"https:\/\/riberasalud.com\/hospital-de-molina\/el-hospital-de-molina-pone-en-marcha-su-nuevo-servicio-de-neurorehabilitacion\/\",\"url\":\"https:\/\/riberasalud.com\/hospital-de-molina\/el-hospital-de-molina-pone-en-marcha-su-nuevo-servicio-de-neurorehabilitacion\/\",\"name\":\"El Hospital de Molina pone en marcha su nuevo Servicio de NeuroRehabilitaci\u00f3n - Hospital de Molina\",\"isPartOf\":{\"@id\":\"https:\/\/riberasalud.com\/hospital-de-molina\/#website\"},\"primaryImageOfPage\":{\"@id\":\"https:\/\/riberasalud.com\/hospital-de-molina\/el-hospital-de-molina-pone-en-marcha-su-nuevo-servicio-de-neurorehabilitacion\/#primaryimage\"},\"image\":{\"@id\":\"https:\/\/riberasalud.com\/hospital-de-molina\/el-hospital-de-molina-pone-en-marcha-su-nuevo-servicio-de-neurorehabilitacion\/#primaryimage\"},\"thumbnailUrl\":\"https:\/\/hospitaldemolina.es\/wp-content\/uploads\/2020\/05\/HM20-20Servicio20NeuroRehabilitacion20-20Foto1.jpg\",\"datePublished\":\"2016-12-05T12:07:21+00:00\",\"dateModified\":\"2023-10-25T06:37:21+00:00\",\"breadcrumb\":{\"@id\":\"https:\/\/riberasalud.com\/hospital-de-molina\/el-hospital-de-molina-pone-en-marcha-su-nuevo-servicio-de-neurorehabilitacion\/#breadcrumb\"},\"inLanguage\":\"es\",\"potentialAction\":[{\"@type\":\"ReadAction\",\"target\":[\"https:\/\/riberasalud.com\/hospital-de-molina\/el-hospital-de-molina-pone-en-marcha-su-nuevo-servicio-de-neurorehabilitacion\/\"]}]},{\"@type\":\"ImageObject\",\"inLanguage\":\"es\",\"@id\":\"https:\/\/riberasalud.com\/hospital-de-molina\/el-hospital-de-molina-pone-en-marcha-su-nuevo-servicio-de-neurorehabilitacion\/#primaryimage\",\"url\":\"https:\/\/hospitaldemolina.es\/wp-content\/uploads\/2020\/05\/HM20-20Servicio20NeuroRehabilitacion20-20Foto1.jpg\",\"contentUrl\":\"https:\/\/hospitaldemolina.es\/wp-content\/uploads\/2020\/05\/HM20-20Servicio20NeuroRehabilitacion20-20Foto1.jpg\"},{\"@type\":\"BreadcrumbList\",\"@id\":\"https:\/\/riberasalud.com\/hospital-de-molina\/el-hospital-de-molina-pone-en-marcha-su-nuevo-servicio-de-neurorehabilitacion\/#breadcrumb\",\"itemListElement\":[{\"@type\":\"ListItem\",\"position\":1,\"name\":\"Portada\",\"item\":\"https:\/\/riberasalud.com\/hospital-de-molina\/\"},{\"@type\":\"ListItem\",\"position\":2,\"name\":\"El Hospital de Molina pone en marcha su nuevo Servicio de NeuroRehabilitaci\u00f3n\"}]},{\"@type\":\"WebSite\",\"@id\":\"https:\/\/riberasalud.com\/hospital-de-molina\/#website\",\"url\":\"https:\/\/riberasalud.com\/hospital-de-molina\/\",\"name\":\"Hospital de Molina\",\"description\":\"\",\"publisher\":{\"@id\":\"https:\/\/riberasalud.com\/hospital-de-molina\/#organization\"},\"potentialAction\":[{\"@type\":\"SearchAction\",\"target\":{\"@type\":\"EntryPoint\",\"urlTemplate\":\"https:\/\/riberasalud.com\/hospital-de-molina\/?s={search_term_string}\"},\"query-input\":{\"@type\":\"PropertyValueSpecification\",\"valueRequired\":true,\"valueName\":\"search_term_string\"}}],\"inLanguage\":\"es\"},{\"@type\":\"Organization\",\"@id\":\"https:\/\/riberasalud.com\/hospital-de-molina\/#organization\",\"name\":\"Hospital de Molina\",\"url\":\"https:\/\/riberasalud.com\/hospital-de-molina\/\",\"logo\":{\"@type\":\"ImageObject\",\"inLanguage\":\"es\",\"@id\":\"https:\/\/riberasalud.com\/hospital-de-molina\/#\/schema\/logo\/image\/\",\"url\":\"https:\/\/riberasalud.com\/hospital-de-molina\/wp-content\/uploads\/2023\/01\/cropped-Logo-Red-DeMolina-bigtz7.png\",\"contentUrl\":\"https:\/\/riberasalud.com\/hospital-de-molina\/wp-content\/uploads\/2023\/01\/cropped-Logo-Red-DeMolina-bigtz7.png\",\"width\":300,\"height\":72,\"caption\":\"Hospital de Molina\"},\"image\":{\"@id\":\"https:\/\/riberasalud.com\/hospital-de-molina\/#\/schema\/logo\/image\/\"}},{\"@type\":\"Person\",\"@id\":\"https:\/\/riberasalud.com\/hospital-de-molina\/#\/schema\/person\/37d58effcbf02f32328940089f254419\",\"name\":\"hmolina\",\"image\":{\"@type\":\"ImageObject\",\"inLanguage\":\"es\",\"@id\":\"https:\/\/riberasalud.com\/hospital-de-molina\/#\/schema\/person\/image\/\",\"url\":\"https:\/\/secure.gravatar.com\/avatar\/9db1181c394bec9505d449c90a21b5363cc35ad9a76f60f11a304b23bb0e8dd4?s=96&d=mm&r=g\",\"contentUrl\":\"https:\/\/secure.gravatar.com\/avatar\/9db1181c394bec9505d449c90a21b5363cc35ad9a76f60f11a304b23bb0e8dd4?s=96&d=mm&r=g\",\"caption\":\"hmolina\"},\"url\":\"https:\/\/riberasalud.com\/hospital-de-molina\/author\/hmolina\/\"}]}<\/script>\n<!-- \/ Yoast SEO plugin. -->","yoast_head_json":{"title":"El Hospital de Molina pone en marcha su nuevo Servicio de NeuroRehabilitaci\u00f3n - Hospital de Molina","robots":{"index":"index","follow":"follow","max-snippet":"max-snippet:-1","max-image-preview":"max-image-preview:large","max-video-preview":"max-video-preview:-1"},"canonical":"https:\/\/riberasalud.com\/hospital-de-molina\/el-hospital-de-molina-pone-en-marcha-su-nuevo-servicio-de-neurorehabilitacion\/","og_locale":"es_ES","og_type":"article","og_title":"El Hospital de Molina pone en marcha su nuevo Servicio de NeuroRehabilitaci\u00f3n - Hospital de Molina","og_description":"19 diciembre 2016.- El Hospital de Molina ampl\u00eda su cartera de servicios con la puesta en marcha de su nuevo Servicio de NeuroRehabilitaci\u00f3n, en colaboraci\u00f3n con Cl\u00ednica UNER, dirigido por la Dra. M\u00aa Jes\u00fas G\u00f3mez L\u00f3pez. Se trata de un Servicio especializado exclusivamente en la valoraci\u00f3n y rehabilitaci\u00f3n de pacientes con da\u00f1o cerebral. Su intervenci\u00f3n ... Leer m\u00e1s","og_url":"https:\/\/riberasalud.com\/hospital-de-molina\/el-hospital-de-molina-pone-en-marcha-su-nuevo-servicio-de-neurorehabilitacion\/","og_site_name":"Hospital de Molina","article_published_time":"2016-12-05T12:07:21+00:00","article_modified_time":"2023-10-25T06:37:21+00:00","og_image":[{"url":"https:\/\/hospitaldemolina.es\/wp-content\/uploads\/2020\/05\/HM20-20Servicio20NeuroRehabilitacion20-20Foto1.jpg","type":"","width":"","height":""}],"author":"hmolina","twitter_card":"summary_large_image","twitter_misc":{"Escrito por":"hmolina","Tiempo de lectura":"1 minuto"},"schema":{"@context":"https:\/\/schema.org","@graph":[{"@type":"Article","@id":"https:\/\/riberasalud.com\/hospital-de-molina\/el-hospital-de-molina-pone-en-marcha-su-nuevo-servicio-de-neurorehabilitacion\/#article","isPartOf":{"@id":"https:\/\/riberasalud.com\/hospital-de-molina\/el-hospital-de-molina-pone-en-marcha-su-nuevo-servicio-de-neurorehabilitacion\/"},"author":{"name":"hmolina","@id":"https:\/\/riberasalud.com\/hospital-de-molina\/#\/schema\/person\/37d58effcbf02f32328940089f254419"},"headline":"El Hospital de Molina pone en marcha su nuevo Servicio de NeuroRehabilitaci\u00f3n","datePublished":"2016-12-05T12:07:21+00:00","dateModified":"2023-10-25T06:37:21+00:00","mainEntityOfPage":{"@id":"https:\/\/riberasalud.com\/hospital-de-molina\/el-hospital-de-molina-pone-en-marcha-su-nuevo-servicio-de-neurorehabilitacion\/"},"wordCount":244,"publisher":{"@id":"https:\/\/riberasalud.com\/hospital-de-molina\/#organization"},"image":{"@id":"https:\/\/riberasalud.com\/hospital-de-molina\/el-hospital-de-molina-pone-en-marcha-su-nuevo-servicio-de-neurorehabilitacion\/#primaryimage"},"thumbnailUrl":"https:\/\/hospitaldemolina.es\/wp-content\/uploads\/2020\/05\/HM20-20Servicio20NeuroRehabilitacion20-20Foto1.jpg","articleSection":["Hemeroteca"],"inLanguage":"es"},{"@type":"WebPage","@id":"https:\/\/riberasalud.com\/hospital-de-molina\/el-hospital-de-molina-pone-en-marcha-su-nuevo-servicio-de-neurorehabilitacion\/","url":"https:\/\/riberasalud.com\/hospital-de-molina\/el-hospital-de-molina-pone-en-marcha-su-nuevo-servicio-de-neurorehabilitacion\/","name":"El Hospital de Molina pone en marcha su nuevo Servicio de NeuroRehabilitaci\u00f3n - Hospital de Molina","isPartOf":{"@id":"https:\/\/riberasalud.com\/hospital-de-molina\/#website"},"primaryImageOfPage":{"@id":"https:\/\/riberasalud.com\/hospital-de-molina\/el-hospital-de-molina-pone-en-marcha-su-nuevo-servicio-de-neurorehabilitacion\/#primaryimage"},"image":{"@id":"https:\/\/riberasalud.com\/hospital-de-molina\/el-hospital-de-molina-pone-en-marcha-su-nuevo-servicio-de-neurorehabilitacion\/#primaryimage"},"thumbnailUrl":"https:\/\/hospitaldemolina.es\/wp-content\/uploads\/2020\/05\/HM20-20Servicio20NeuroRehabilitacion20-20Foto1.jpg","datePublished":"2016-12-05T12:07:21+00:00","dateModified":"2023-10-25T06:37:21+00:00","breadcrumb":{"@id":"https:\/\/riberasalud.com\/hospital-de-molina\/el-hospital-de-molina-pone-en-marcha-su-nuevo-servicio-de-neurorehabilitacion\/#breadcrumb"},"inLanguage":"es","potentialAction":[{"@type":"ReadAction","target":["https:\/\/riberasalud.com\/hospital-de-molina\/el-hospital-de-molina-pone-en-marcha-su-nuevo-servicio-de-neurorehabilitacion\/"]}]},{"@type":"ImageObject","inLanguage":"es","@id":"https:\/\/riberasalud.com\/hospital-de-molina\/el-hospital-de-molina-pone-en-marcha-su-nuevo-servicio-de-neurorehabilitacion\/#primaryimage","url":"https:\/\/hospitaldemolina.es\/wp-content\/uploads\/2020\/05\/HM20-20Servicio20NeuroRehabilitacion20-20Foto1.jpg","contentUrl":"https:\/\/hospitaldemolina.es\/wp-content\/uploads\/2020\/05\/HM20-20Servicio20NeuroRehabilitacion20-20Foto1.jpg"},{"@type":"BreadcrumbList","@id":"https:\/\/riberasalud.com\/hospital-de-molina\/el-hospital-de-molina-pone-en-marcha-su-nuevo-servicio-de-neurorehabilitacion\/#breadcrumb","itemListElement":[{"@type":"ListItem","position":1,"name":"Portada","item":"https:\/\/riberasalud.com\/hospital-de-molina\/"},{"@type":"ListItem","position":2,"name":"El Hospital de Molina pone en marcha su nuevo Servicio de NeuroRehabilitaci\u00f3n"}]},{"@type":"WebSite","@id":"https:\/\/riberasalud.com\/hospital-de-molina\/#website","url":"https:\/\/riberasalud.com\/hospital-de-molina\/","name":"Hospital de Molina","description":"","publisher":{"@id":"https:\/\/riberasalud.com\/hospital-de-molina\/#organization"},"potentialAction":[{"@type":"SearchAction","target":{"@type":"EntryPoint","urlTemplate":"https:\/\/riberasalud.com\/hospital-de-molina\/?s={search_term_string}"},"query-input":{"@type":"PropertyValueSpecification","valueRequired":true,"valueName":"search_term_string"}}],"inLanguage":"es"},{"@type":"Organization","@id":"https:\/\/riberasalud.com\/hospital-de-molina\/#organization","name":"Hospital de Molina","url":"https:\/\/riberasalud.com\/hospital-de-molina\/","logo":{"@type":"ImageObject","inLanguage":"es","@id":"https:\/\/riberasalud.com\/hospital-de-molina\/#\/schema\/logo\/image\/","url":"https:\/\/riberasalud.com\/hospital-de-molina\/wp-content\/uploads\/2023\/01\/cropped-Logo-Red-DeMolina-bigtz7.png","contentUrl":"https:\/\/riberasalud.com\/hospital-de-molina\/wp-content\/uploads\/2023\/01\/cropped-Logo-Red-DeMolina-bigtz7.png","width":300,"height":72,"caption":"Hospital de Molina"},"image":{"@id":"https:\/\/riberasalud.com\/hospital-de-molina\/#\/schema\/logo\/image\/"}},{"@type":"Person","@id":"https:\/\/riberasalud.com\/hospital-de-molina\/#\/schema\/person\/37d58effcbf02f32328940089f254419","name":"hmolina","image":{"@type":"ImageObject","inLanguage":"es","@id":"https:\/\/riberasalud.com\/hospital-de-molina\/#\/schema\/person\/image\/","url":"https:\/\/secure.gravatar.com\/avatar\/9db1181c394bec9505d449c90a21b5363cc35ad9a76f60f11a304b23bb0e8dd4?s=96&d=mm&r=g","contentUrl":"https:\/\/secure.gravatar.com\/avatar\/9db1181c394bec9505d449c90a21b5363cc35ad9a76f60f11a304b23bb0e8dd4?s=96&d=mm&r=g","caption":"hmolina"},"url":"https:\/\/riberasalud.com\/hospital-de-molina\/author\/hmolina\/"}]}},"uagb_featured_image_src":{"full":false,"thumbnail":false,"medium":false,"medium_large":false,"large":false,"1536x1536":false,"2048x2048":false},"uagb_author_info":{"display_name":"hmolina","author_link":"https:\/\/riberasalud.com\/hospital-de-molina\/author\/hmolina\/"},"uagb_comment_info":0,"uagb_excerpt":"19 diciembre 2016.- El Hospital de Molina ampl\u00eda su cartera de servicios con la puesta en marcha de su nuevo Servicio de NeuroRehabilitaci\u00f3n, en colaboraci\u00f3n con Cl\u00ednica UNER, dirigido por la Dra. M\u00aa Jes\u00fas G\u00f3mez L\u00f3pez. Se trata de un Servicio especializado exclusivamente en la valoraci\u00f3n y rehabilitaci\u00f3n de pacientes con da\u00f1o cerebral. Su intervenci\u00f3n&hellip;","_links":{"self":[{"href":"https:\/\/riberasalud.com\/hospital-de-molina\/wp-json\/wp\/v2\/posts\/2007","targetHints":{"allow":["GET"]}}],"collection":[{"href":"https:\/\/riberasalud.com\/hospital-de-molina\/wp-json\/wp\/v2\/posts"}],"about":[{"href":"https:\/\/riberasalud.com\/hospital-de-molina\/wp-json\/wp\/v2\/types\/post"}],"author":[{"embeddable":true,"href":"https:\/\/riberasalud.com\/hospital-de-molina\/wp-json\/wp\/v2\/users\/3"}],"replies":[{"embeddable":true,"href":"https:\/\/riberasalud.com\/hospital-de-molina\/wp-json\/wp\/v2\/comments?post=2007"}],"version-history":[{"count":1,"href":"https:\/\/riberasalud.com\/hospital-de-molina\/wp-json\/wp\/v2\/posts\/2007\/revisions"}],"predecessor-version":[{"id":8279,"href":"https:\/\/riberasalud.com\/hospital-de-molina\/wp-json\/wp\/v2\/posts\/2007\/revisions\/8279"}],"wp:attachment":[{"href":"https:\/\/riberasalud.com\/hospital-de-molina\/wp-json\/wp\/v2\/media?parent=2007"}],"wp:term":[{"taxonomy":"category","embeddable":true,"href":"https:\/\/riberasalud.com\/hospital-de-molina\/wp-json\/wp\/v2\/categories?post=2007"},{"taxonomy":"post_tag","embeddable":true,"href":"https:\/\/riberasalud.com\/hospital-de-molina\/wp-json\/wp\/v2\/tags?post=2007"}],"curies":[{"name":"wp","href":"https:\/\/api.w.org\/{rel}","templated":true}]}}