{"id":1994,"date":"2017-03-13T11:17:08","date_gmt":"2017-03-13T10:17:08","guid":{"rendered":"https:\/\/www.hospitaldemolina.es\/el-hospital-de-molina-promueve-la-salud-en-expomed-salud\/"},"modified":"2023-10-25T06:37:06","modified_gmt":"2023-10-25T06:37:06","slug":"el-hospital-de-molina-promueve-la-salud-en-expomed-salud","status":"publish","type":"post","link":"https:\/\/riberasalud.com\/hospital-de-molina\/el-hospital-de-molina-promueve-la-salud-en-expomed-salud\/","title":{"rendered":"El Hospital de Molina promueve la salud en Expomed Salud"},"content":{"rendered":"<p><strong>14 marzo 2017.-<\/strong> El <strong>Hospital de Molina<\/strong> participar\u00e1 activamente en <strong>Expomed Salud<\/strong>: el Sal\u00f3n de la Vida Saludable del Mediterr\u00e1neo y Feria de la Alimentaci\u00f3n y Productos Ecol\u00f3gicos, que tendr\u00e1 lugar este fin de semana en Ifepa (17-19 marzo, Torre Pacheco).<\/p>\n<p class=\"rtecenter\"><img decoding=\"async\" src=\"https:\/\/riberasalud.com\/hospital-de-molina\/wp-content\/uploads\/2020\/05\/Cartel20EXPOMED.jpg\" style=\"height:140px; width: auto;\"> <img decoding=\"async\" src=\"https:\/\/riberasalud.com\/hospital-de-molina\/wp-content\/uploads\/2020\/05\/Cartel20Vascular.png\" style=\"height:140px; width: auto;\"> <img decoding=\"async\" src=\"https:\/\/riberasalud.com\/hospital-de-molina\/wp-content\/uploads\/2020\/05\/Cartel20CardiologC3ADa.jpg\" style=\"height:140px; width: auto;\"><\/p>\n<p class=\"rtecenter\"><img decoding=\"async\" src=\"https:\/\/riberasalud.com\/hospital-de-molina\/wp-content\/uploads\/2020\/05\/Cartel20TraumatologC3ADa.jpg\" style=\"height:140px; width: auto;\"> <img decoding=\"async\" src=\"https:\/\/riberasalud.com\/hospital-de-molina\/wp-content\/uploads\/2020\/05\/Cartel20AF20Salud.png\" style=\"height:140px; width: auto;\"> <img decoding=\"async\" src=\"https:\/\/riberasalud.com\/hospital-de-molina\/wp-content\/uploads\/2020\/05\/Cartel20NutriciC3B3n.jpg\" style=\"height:140px; width: auto;\"><\/p>\n<p>\u201cComo parte de nuestro compromiso con todos y cada uno de nuestros pacientes en particular, y con la ciudadan\u00eda en general, nos hemos unido a este proyecto con el convencimiento de que podemos seguir aportando nuestro granito de arena para promocionar y divulgar una cuesti\u00f3n que nos preocupa a todos: la salud. A trav\u00e9s de distintas actividades que hemos preparado para el pr\u00f3ximo fin de semana, queremos contribuir a que todas las personas puedan incorporar a su d\u00eda a d\u00eda un estilo de vida m\u00e1s saludable, teniendo como premisa que siempre es mejor dar vida a los a\u00f1os, que a\u00f1os a la vida\u201d, afirma el Gerente del Hospital de Molina, Pedro Hern\u00e1ndez Jim\u00e9nez.<\/p>\n<p>Las actividades que el Hospital de Molina ha organizado para esta primera Feria de la Salud y el Bienestar son:<\/p>\n<p>Viernes 17 de marzo:12:00 horas.- Charla \u201cVarices y bienestar\u201d, a cargo del Dr. Germ\u00e1n Morales Cuenca (Unidad de Varices y Medicina Vascular del Hospital de Molina)r y Angiolog\u00eda del Hospital de Molina), en el Sal\u00f3n A.<br \/>\n16:00 horas.- Charla \u201cReconocimiento m\u00e9dico-deportivo: \u00bfa qui\u00e9n, cu\u00e1ndo y con qu\u00e9 frecuencia?\u201d, a cargo del Dr. Alfredo Garz\u00f3n Rodr\u00edguez (Servicio de Cardiolog\u00eda del Hospital de Molina), en el Sal\u00f3n C.<\/p>\n<p>Actividades s\u00e1bado 18 de marzo:10:45 horas.- Charla \u201cMitos y avances en Traumatolog\u00eda\u201d, Dr. Diego Gim\u00e9nez Belmonte (Jefe del Servicio de Traumatolog\u00eda y Cirug\u00eda Ortop\u00e9dica del Hospital de Molina), en el Sal\u00f3n B.<br \/>\n11:00 horas.- Charla \u201cBeneficios del entrenamiento para fuerza de la salud\u201d y taller pr\u00e1ctico \u201cEjercicios para una espalda sana\u201d, a cargo de Jos\u00e9 Manuel Mart\u00ednez Real (Responsable del Servicio de Actividad F\u00edsica para la Salud del Hospital de Molina), en el Grader\u00edo.<br \/>\n13:45 horas.- Charla-demostraci\u00f3n \u201c#HoradeCocinar en cualquier momento\u201d, a cargo de Rebeca Pastor Valero (Nutricionista del Hospital de Molina) y Ruth Cant\u00f3 (Blog <a href=\"http:\/\/www.vidasaludablesisepuede.com\/\">http:\/\/www.vidasaludablesisepuede.com\/<\/a>), en el Sal\u00f3n C.<\/p>\n<p>A partir del pr\u00f3ximo viernes 17 de marzo, Expomed Salud ser\u00e1 el punto de encuentro del mundo de la salud, medicina, deportes, vida activa, naturaleza, terapias innovadoras, wellness y alimentaci\u00f3n.<\/p>\n<p>Enlaces Relacionados:<\/p>\n<p><a href=\"http:\/\/expomedsalud.es\/\">Expomed Salud<\/a><\/p>\n","protected":false},"excerpt":{"rendered":"<p>14 marzo 2017.- El Hospital de Molina participar\u00e1 activamente en Expomed Salud: el Sal\u00f3n de la Vida Saludable del Mediterr\u00e1neo y Feria de la Alimentaci\u00f3n y Productos Ecol\u00f3gicos, que tendr\u00e1 lugar este fin de semana en Ifepa (17-19 marzo, Torre Pacheco). \u201cComo parte de nuestro compromiso con todos y cada uno de nuestros pacientes en &#8230; <a title=\"El Hospital de Molina promueve la salud en Expomed Salud\" class=\"read-more\" href=\"https:\/\/riberasalud.com\/hospital-de-molina\/el-hospital-de-molina-promueve-la-salud-en-expomed-salud\/\" aria-label=\"Leer m\u00e1s sobre El Hospital de Molina promueve la salud en Expomed Salud\">Leer m\u00e1s<\/a><\/p>\n","protected":false},"author":3,"featured_media":0,"comment_status":"closed","ping_status":"open","sticky":false,"template":"","format":"standard","meta":{"_uag_custom_page_level_css":"","_mi_skip_tracking":false,"footnotes":""},"categories":[7],"tags":[],"class_list":["post-1994","post","type-post","status-publish","format-standard","hentry","category-hemeroteca"],"yoast_head":"<!-- This site is optimized with the Yoast SEO plugin v26.6 - https:\/\/yoast.com\/wordpress\/plugins\/seo\/ -->\n<title>El Hospital de Molina promueve la salud en Expomed Salud - Hospital de Molina<\/title>\n<meta name=\"robots\" content=\"index, follow, max-snippet:-1, max-image-preview:large, max-video-preview:-1\" \/>\n<link rel=\"canonical\" href=\"https:\/\/riberasalud.com\/hospital-de-molina\/el-hospital-de-molina-promueve-la-salud-en-expomed-salud\/\" \/>\n<meta property=\"og:locale\" content=\"es_ES\" \/>\n<meta property=\"og:type\" content=\"article\" \/>\n<meta property=\"og:title\" content=\"El Hospital de Molina promueve la salud en Expomed Salud - Hospital de Molina\" \/>\n<meta property=\"og:description\" content=\"14 marzo 2017.- El Hospital de Molina participar\u00e1 activamente en Expomed Salud: el Sal\u00f3n de la Vida Saludable del Mediterr\u00e1neo y Feria de la Alimentaci\u00f3n y Productos Ecol\u00f3gicos, que tendr\u00e1 lugar este fin de semana en Ifepa (17-19 marzo, Torre Pacheco). \u201cComo parte de nuestro compromiso con todos y cada uno de nuestros pacientes en ... Leer m\u00e1s\" \/>\n<meta property=\"og:url\" content=\"https:\/\/riberasalud.com\/hospital-de-molina\/el-hospital-de-molina-promueve-la-salud-en-expomed-salud\/\" \/>\n<meta property=\"og:site_name\" content=\"Hospital de Molina\" \/>\n<meta property=\"article:published_time\" content=\"2017-03-13T10:17:08+00:00\" \/>\n<meta property=\"article:modified_time\" content=\"2023-10-25T06:37:06+00:00\" \/>\n<meta property=\"og:image\" content=\"https:\/\/riberasalud.com\/hospital-de-molina\/wp-content\/uploads\/2020\/05\/Cartel20EXPOMED.jpg\" \/>\n<meta name=\"author\" content=\"hmolina\" \/>\n<meta name=\"twitter:card\" content=\"summary_large_image\" \/>\n<meta name=\"twitter:label1\" content=\"Escrito por\" \/>\n\t<meta name=\"twitter:data1\" content=\"hmolina\" \/>\n\t<meta name=\"twitter:label2\" content=\"Tiempo de lectura\" \/>\n\t<meta name=\"twitter:data2\" content=\"2 minutos\" \/>\n<script type=\"application\/ld+json\" class=\"yoast-schema-graph\">{\"@context\":\"https:\/\/schema.org\",\"@graph\":[{\"@type\":\"Article\",\"@id\":\"https:\/\/riberasalud.com\/hospital-de-molina\/el-hospital-de-molina-promueve-la-salud-en-expomed-salud\/#article\",\"isPartOf\":{\"@id\":\"https:\/\/riberasalud.com\/hospital-de-molina\/el-hospital-de-molina-promueve-la-salud-en-expomed-salud\/\"},\"author\":{\"name\":\"hmolina\",\"@id\":\"https:\/\/riberasalud.com\/hospital-de-molina\/#\/schema\/person\/37d58effcbf02f32328940089f254419\"},\"headline\":\"El Hospital de Molina promueve la salud en Expomed Salud\",\"datePublished\":\"2017-03-13T10:17:08+00:00\",\"dateModified\":\"2023-10-25T06:37:06+00:00\",\"mainEntityOfPage\":{\"@id\":\"https:\/\/riberasalud.com\/hospital-de-molina\/el-hospital-de-molina-promueve-la-salud-en-expomed-salud\/\"},\"wordCount\":427,\"publisher\":{\"@id\":\"https:\/\/riberasalud.com\/hospital-de-molina\/#organization\"},\"image\":{\"@id\":\"https:\/\/riberasalud.com\/hospital-de-molina\/el-hospital-de-molina-promueve-la-salud-en-expomed-salud\/#primaryimage\"},\"thumbnailUrl\":\"https:\/\/riberasalud.com\/hospital-de-molina\/wp-content\/uploads\/2020\/05\/Cartel20EXPOMED.jpg\",\"articleSection\":[\"Hemeroteca\"],\"inLanguage\":\"es\"},{\"@type\":\"WebPage\",\"@id\":\"https:\/\/riberasalud.com\/hospital-de-molina\/el-hospital-de-molina-promueve-la-salud-en-expomed-salud\/\",\"url\":\"https:\/\/riberasalud.com\/hospital-de-molina\/el-hospital-de-molina-promueve-la-salud-en-expomed-salud\/\",\"name\":\"El Hospital de Molina promueve la salud en Expomed Salud - Hospital de Molina\",\"isPartOf\":{\"@id\":\"https:\/\/riberasalud.com\/hospital-de-molina\/#website\"},\"primaryImageOfPage\":{\"@id\":\"https:\/\/riberasalud.com\/hospital-de-molina\/el-hospital-de-molina-promueve-la-salud-en-expomed-salud\/#primaryimage\"},\"image\":{\"@id\":\"https:\/\/riberasalud.com\/hospital-de-molina\/el-hospital-de-molina-promueve-la-salud-en-expomed-salud\/#primaryimage\"},\"thumbnailUrl\":\"https:\/\/riberasalud.com\/hospital-de-molina\/wp-content\/uploads\/2020\/05\/Cartel20EXPOMED.jpg\",\"datePublished\":\"2017-03-13T10:17:08+00:00\",\"dateModified\":\"2023-10-25T06:37:06+00:00\",\"breadcrumb\":{\"@id\":\"https:\/\/riberasalud.com\/hospital-de-molina\/el-hospital-de-molina-promueve-la-salud-en-expomed-salud\/#breadcrumb\"},\"inLanguage\":\"es\",\"potentialAction\":[{\"@type\":\"ReadAction\",\"target\":[\"https:\/\/riberasalud.com\/hospital-de-molina\/el-hospital-de-molina-promueve-la-salud-en-expomed-salud\/\"]}]},{\"@type\":\"ImageObject\",\"inLanguage\":\"es\",\"@id\":\"https:\/\/riberasalud.com\/hospital-de-molina\/el-hospital-de-molina-promueve-la-salud-en-expomed-salud\/#primaryimage\",\"url\":\"https:\/\/riberasalud.com\/hospital-de-molina\/wp-content\/uploads\/2020\/05\/Cartel20EXPOMED.jpg\",\"contentUrl\":\"https:\/\/riberasalud.com\/hospital-de-molina\/wp-content\/uploads\/2020\/05\/Cartel20EXPOMED.jpg\",\"width\":1682,\"height\":2380},{\"@type\":\"BreadcrumbList\",\"@id\":\"https:\/\/riberasalud.com\/hospital-de-molina\/el-hospital-de-molina-promueve-la-salud-en-expomed-salud\/#breadcrumb\",\"itemListElement\":[{\"@type\":\"ListItem\",\"position\":1,\"name\":\"Portada\",\"item\":\"https:\/\/riberasalud.com\/hospital-de-molina\/\"},{\"@type\":\"ListItem\",\"position\":2,\"name\":\"El Hospital de Molina promueve la salud en Expomed Salud\"}]},{\"@type\":\"WebSite\",\"@id\":\"https:\/\/riberasalud.com\/hospital-de-molina\/#website\",\"url\":\"https:\/\/riberasalud.com\/hospital-de-molina\/\",\"name\":\"Hospital de Molina\",\"description\":\"\",\"publisher\":{\"@id\":\"https:\/\/riberasalud.com\/hospital-de-molina\/#organization\"},\"potentialAction\":[{\"@type\":\"SearchAction\",\"target\":{\"@type\":\"EntryPoint\",\"urlTemplate\":\"https:\/\/riberasalud.com\/hospital-de-molina\/?s={search_term_string}\"},\"query-input\":{\"@type\":\"PropertyValueSpecification\",\"valueRequired\":true,\"valueName\":\"search_term_string\"}}],\"inLanguage\":\"es\"},{\"@type\":\"Organization\",\"@id\":\"https:\/\/riberasalud.com\/hospital-de-molina\/#organization\",\"name\":\"Hospital de Molina\",\"url\":\"https:\/\/riberasalud.com\/hospital-de-molina\/\",\"logo\":{\"@type\":\"ImageObject\",\"inLanguage\":\"es\",\"@id\":\"https:\/\/riberasalud.com\/hospital-de-molina\/#\/schema\/logo\/image\/\",\"url\":\"https:\/\/riberasalud.com\/hospital-de-molina\/wp-content\/uploads\/2023\/01\/cropped-Logo-Red-DeMolina-bigtz7.png\",\"contentUrl\":\"https:\/\/riberasalud.com\/hospital-de-molina\/wp-content\/uploads\/2023\/01\/cropped-Logo-Red-DeMolina-bigtz7.png\",\"width\":300,\"height\":72,\"caption\":\"Hospital de Molina\"},\"image\":{\"@id\":\"https:\/\/riberasalud.com\/hospital-de-molina\/#\/schema\/logo\/image\/\"}},{\"@type\":\"Person\",\"@id\":\"https:\/\/riberasalud.com\/hospital-de-molina\/#\/schema\/person\/37d58effcbf02f32328940089f254419\",\"name\":\"hmolina\",\"image\":{\"@type\":\"ImageObject\",\"inLanguage\":\"es\",\"@id\":\"https:\/\/riberasalud.com\/hospital-de-molina\/#\/schema\/person\/image\/\",\"url\":\"https:\/\/secure.gravatar.com\/avatar\/9db1181c394bec9505d449c90a21b5363cc35ad9a76f60f11a304b23bb0e8dd4?s=96&d=mm&r=g\",\"contentUrl\":\"https:\/\/secure.gravatar.com\/avatar\/9db1181c394bec9505d449c90a21b5363cc35ad9a76f60f11a304b23bb0e8dd4?s=96&d=mm&r=g\",\"caption\":\"hmolina\"},\"url\":\"https:\/\/riberasalud.com\/hospital-de-molina\/author\/hmolina\/\"}]}<\/script>\n<!-- \/ Yoast SEO plugin. -->","yoast_head_json":{"title":"El Hospital de Molina promueve la salud en Expomed Salud - Hospital de Molina","robots":{"index":"index","follow":"follow","max-snippet":"max-snippet:-1","max-image-preview":"max-image-preview:large","max-video-preview":"max-video-preview:-1"},"canonical":"https:\/\/riberasalud.com\/hospital-de-molina\/el-hospital-de-molina-promueve-la-salud-en-expomed-salud\/","og_locale":"es_ES","og_type":"article","og_title":"El Hospital de Molina promueve la salud en Expomed Salud - Hospital de Molina","og_description":"14 marzo 2017.- El Hospital de Molina participar\u00e1 activamente en Expomed Salud: el Sal\u00f3n de la Vida Saludable del Mediterr\u00e1neo y Feria de la Alimentaci\u00f3n y Productos Ecol\u00f3gicos, que tendr\u00e1 lugar este fin de semana en Ifepa (17-19 marzo, Torre Pacheco). \u201cComo parte de nuestro compromiso con todos y cada uno de nuestros pacientes en ... Leer m\u00e1s","og_url":"https:\/\/riberasalud.com\/hospital-de-molina\/el-hospital-de-molina-promueve-la-salud-en-expomed-salud\/","og_site_name":"Hospital de Molina","article_published_time":"2017-03-13T10:17:08+00:00","article_modified_time":"2023-10-25T06:37:06+00:00","og_image":[{"url":"https:\/\/riberasalud.com\/hospital-de-molina\/wp-content\/uploads\/2020\/05\/Cartel20EXPOMED.jpg","type":"","width":"","height":""}],"author":"hmolina","twitter_card":"summary_large_image","twitter_misc":{"Escrito por":"hmolina","Tiempo de lectura":"2 minutos"},"schema":{"@context":"https:\/\/schema.org","@graph":[{"@type":"Article","@id":"https:\/\/riberasalud.com\/hospital-de-molina\/el-hospital-de-molina-promueve-la-salud-en-expomed-salud\/#article","isPartOf":{"@id":"https:\/\/riberasalud.com\/hospital-de-molina\/el-hospital-de-molina-promueve-la-salud-en-expomed-salud\/"},"author":{"name":"hmolina","@id":"https:\/\/riberasalud.com\/hospital-de-molina\/#\/schema\/person\/37d58effcbf02f32328940089f254419"},"headline":"El Hospital de Molina promueve la salud en Expomed Salud","datePublished":"2017-03-13T10:17:08+00:00","dateModified":"2023-10-25T06:37:06+00:00","mainEntityOfPage":{"@id":"https:\/\/riberasalud.com\/hospital-de-molina\/el-hospital-de-molina-promueve-la-salud-en-expomed-salud\/"},"wordCount":427,"publisher":{"@id":"https:\/\/riberasalud.com\/hospital-de-molina\/#organization"},"image":{"@id":"https:\/\/riberasalud.com\/hospital-de-molina\/el-hospital-de-molina-promueve-la-salud-en-expomed-salud\/#primaryimage"},"thumbnailUrl":"https:\/\/riberasalud.com\/hospital-de-molina\/wp-content\/uploads\/2020\/05\/Cartel20EXPOMED.jpg","articleSection":["Hemeroteca"],"inLanguage":"es"},{"@type":"WebPage","@id":"https:\/\/riberasalud.com\/hospital-de-molina\/el-hospital-de-molina-promueve-la-salud-en-expomed-salud\/","url":"https:\/\/riberasalud.com\/hospital-de-molina\/el-hospital-de-molina-promueve-la-salud-en-expomed-salud\/","name":"El Hospital de Molina promueve la salud en Expomed Salud - Hospital de Molina","isPartOf":{"@id":"https:\/\/riberasalud.com\/hospital-de-molina\/#website"},"primaryImageOfPage":{"@id":"https:\/\/riberasalud.com\/hospital-de-molina\/el-hospital-de-molina-promueve-la-salud-en-expomed-salud\/#primaryimage"},"image":{"@id":"https:\/\/riberasalud.com\/hospital-de-molina\/el-hospital-de-molina-promueve-la-salud-en-expomed-salud\/#primaryimage"},"thumbnailUrl":"https:\/\/riberasalud.com\/hospital-de-molina\/wp-content\/uploads\/2020\/05\/Cartel20EXPOMED.jpg","datePublished":"2017-03-13T10:17:08+00:00","dateModified":"2023-10-25T06:37:06+00:00","breadcrumb":{"@id":"https:\/\/riberasalud.com\/hospital-de-molina\/el-hospital-de-molina-promueve-la-salud-en-expomed-salud\/#breadcrumb"},"inLanguage":"es","potentialAction":[{"@type":"ReadAction","target":["https:\/\/riberasalud.com\/hospital-de-molina\/el-hospital-de-molina-promueve-la-salud-en-expomed-salud\/"]}]},{"@type":"ImageObject","inLanguage":"es","@id":"https:\/\/riberasalud.com\/hospital-de-molina\/el-hospital-de-molina-promueve-la-salud-en-expomed-salud\/#primaryimage","url":"https:\/\/riberasalud.com\/hospital-de-molina\/wp-content\/uploads\/2020\/05\/Cartel20EXPOMED.jpg","contentUrl":"https:\/\/riberasalud.com\/hospital-de-molina\/wp-content\/uploads\/2020\/05\/Cartel20EXPOMED.jpg","width":1682,"height":2380},{"@type":"BreadcrumbList","@id":"https:\/\/riberasalud.com\/hospital-de-molina\/el-hospital-de-molina-promueve-la-salud-en-expomed-salud\/#breadcrumb","itemListElement":[{"@type":"ListItem","position":1,"name":"Portada","item":"https:\/\/riberasalud.com\/hospital-de-molina\/"},{"@type":"ListItem","position":2,"name":"El Hospital de Molina promueve la salud en Expomed Salud"}]},{"@type":"WebSite","@id":"https:\/\/riberasalud.com\/hospital-de-molina\/#website","url":"https:\/\/riberasalud.com\/hospital-de-molina\/","name":"Hospital de Molina","description":"","publisher":{"@id":"https:\/\/riberasalud.com\/hospital-de-molina\/#organization"},"potentialAction":[{"@type":"SearchAction","target":{"@type":"EntryPoint","urlTemplate":"https:\/\/riberasalud.com\/hospital-de-molina\/?s={search_term_string}"},"query-input":{"@type":"PropertyValueSpecification","valueRequired":true,"valueName":"search_term_string"}}],"inLanguage":"es"},{"@type":"Organization","@id":"https:\/\/riberasalud.com\/hospital-de-molina\/#organization","name":"Hospital de Molina","url":"https:\/\/riberasalud.com\/hospital-de-molina\/","logo":{"@type":"ImageObject","inLanguage":"es","@id":"https:\/\/riberasalud.com\/hospital-de-molina\/#\/schema\/logo\/image\/","url":"https:\/\/riberasalud.com\/hospital-de-molina\/wp-content\/uploads\/2023\/01\/cropped-Logo-Red-DeMolina-bigtz7.png","contentUrl":"https:\/\/riberasalud.com\/hospital-de-molina\/wp-content\/uploads\/2023\/01\/cropped-Logo-Red-DeMolina-bigtz7.png","width":300,"height":72,"caption":"Hospital de Molina"},"image":{"@id":"https:\/\/riberasalud.com\/hospital-de-molina\/#\/schema\/logo\/image\/"}},{"@type":"Person","@id":"https:\/\/riberasalud.com\/hospital-de-molina\/#\/schema\/person\/37d58effcbf02f32328940089f254419","name":"hmolina","image":{"@type":"ImageObject","inLanguage":"es","@id":"https:\/\/riberasalud.com\/hospital-de-molina\/#\/schema\/person\/image\/","url":"https:\/\/secure.gravatar.com\/avatar\/9db1181c394bec9505d449c90a21b5363cc35ad9a76f60f11a304b23bb0e8dd4?s=96&d=mm&r=g","contentUrl":"https:\/\/secure.gravatar.com\/avatar\/9db1181c394bec9505d449c90a21b5363cc35ad9a76f60f11a304b23bb0e8dd4?s=96&d=mm&r=g","caption":"hmolina"},"url":"https:\/\/riberasalud.com\/hospital-de-molina\/author\/hmolina\/"}]}},"uagb_featured_image_src":{"full":false,"thumbnail":false,"medium":false,"medium_large":false,"large":false,"1536x1536":false,"2048x2048":false},"uagb_author_info":{"display_name":"hmolina","author_link":"https:\/\/riberasalud.com\/hospital-de-molina\/author\/hmolina\/"},"uagb_comment_info":0,"uagb_excerpt":"14 marzo 2017.- El Hospital de Molina participar\u00e1 activamente en Expomed Salud: el Sal\u00f3n de la Vida Saludable del Mediterr\u00e1neo y Feria de la Alimentaci\u00f3n y Productos Ecol\u00f3gicos, que tendr\u00e1 lugar este fin de semana en Ifepa (17-19 marzo, Torre Pacheco). \u201cComo parte de nuestro compromiso con todos y cada uno de nuestros pacientes en&hellip;","_links":{"self":[{"href":"https:\/\/riberasalud.com\/hospital-de-molina\/wp-json\/wp\/v2\/posts\/1994","targetHints":{"allow":["GET"]}}],"collection":[{"href":"https:\/\/riberasalud.com\/hospital-de-molina\/wp-json\/wp\/v2\/posts"}],"about":[{"href":"https:\/\/riberasalud.com\/hospital-de-molina\/wp-json\/wp\/v2\/types\/post"}],"author":[{"embeddable":true,"href":"https:\/\/riberasalud.com\/hospital-de-molina\/wp-json\/wp\/v2\/users\/3"}],"replies":[{"embeddable":true,"href":"https:\/\/riberasalud.com\/hospital-de-molina\/wp-json\/wp\/v2\/comments?post=1994"}],"version-history":[{"count":1,"href":"https:\/\/riberasalud.com\/hospital-de-molina\/wp-json\/wp\/v2\/posts\/1994\/revisions"}],"predecessor-version":[{"id":8248,"href":"https:\/\/riberasalud.com\/hospital-de-molina\/wp-json\/wp\/v2\/posts\/1994\/revisions\/8248"}],"wp:attachment":[{"href":"https:\/\/riberasalud.com\/hospital-de-molina\/wp-json\/wp\/v2\/media?parent=1994"}],"wp:term":[{"taxonomy":"category","embeddable":true,"href":"https:\/\/riberasalud.com\/hospital-de-molina\/wp-json\/wp\/v2\/categories?post=1994"},{"taxonomy":"post_tag","embeddable":true,"href":"https:\/\/riberasalud.com\/hospital-de-molina\/wp-json\/wp\/v2\/tags?post=1994"}],"curies":[{"name":"wp","href":"https:\/\/api.w.org\/{rel}","templated":true}]}}