{"id":1986,"date":"2017-05-04T12:25:03","date_gmt":"2017-05-04T10:25:03","guid":{"rendered":"https:\/\/www.hospitaldemolina.es\/presentada-la-vi-jornada-retina-murcia\/"},"modified":"2023-10-25T06:37:01","modified_gmt":"2023-10-25T06:37:01","slug":"presentada-la-vi-jornada-retina-murcia","status":"publish","type":"post","link":"https:\/\/riberasalud.com\/hospital-de-molina\/presentada-la-vi-jornada-retina-murcia\/","title":{"rendered":"Presentada la VI Jornada Retina Murcia"},"content":{"rendered":"<p class=\"rtejustify\"><strong> 4 mayo 2017.- <\/strong>Molina de Segura acoger\u00e1 la VI Jornada Retina Murcia que ha sido presentada esta ma\u00f1ana en rueda de prensa en el  Ayuntamiento molinense.<\/p>\n<p class=\"rtecenter\"><img decoding=\"async\" src=\"https:\/\/riberasalud.com\/hospital-de-molina\/wp-content\/uploads\/2020\/05\/Programa_VI_Jornada_Retina_Murcia_000.jpg\" style=\"height:140px; width: auto;\"> <img decoding=\"async\" src=\"https:\/\/riberasalud.com\/hospital-de-molina\/wp-content\/uploads\/2020\/05\/Programa_VI_Jornada_Retina_Murcia_002.jpg\" style=\"height:140px; width: auto;\"> <img decoding=\"async\" src=\"https:\/\/hospitaldemolina.es\/wp-content\/uploads\/2020\/05\/Foto201.jpg\" style=\"height:140px; width: auto;\"> <img decoding=\"async\" src=\"https:\/\/hospitaldemolina.es\/wp-content\/uploads\/2020\/05\/Foto204.jpg\" style=\"height:140px; width: auto;\"><\/p>\n<p class=\"rtejustify\">El acto ha contado con la presencia de la Alcaldesa de Molina de Segura, Esther Clavero Mira, el Director-Gerente del Hospital de Molina, Pedro Hern\u00e1ndez Jim\u00e9nez, la Concejala de Salud P\u00fablica, Esther S\u00e1nchez Rodr\u00edguez, el Presidente de Retimur, David S\u00e1nchez Gonz\u00e1lez y  el Presidente de FEDER, Juan Carri\u00f3n Tudela.<\/p>\n<p class=\"rtejustify\">El Hospital de Molina colabora activamente con estas asociaciones pues comparte con ellas uno de sus objetivos principales. \u201cQueremos que las enfermedades raras sean visibles para la sociedad, y la VI Jornada Retina Murcia es otra oportunidad\u201d, ha recordado el Director-Gerente esta ma\u00f1ana.<\/p>\n<p class=\"rtejustify\">Tambi\u00e9n ha acudido a la rueda de prensa el Dr. Jer\u00f3nimo Lajara, Decano de la Facultad de Ciencias de la Salud de la Universidad de Murcia y oftalm\u00f3logo, quien realizar\u00e1  la conferencia inaugural.<\/p>\n<p class=\"rtejustify\">Esta jornada es un foro de encuentro de cient\u00edficos, estudiantes y profesionales de la retina, de la baja visi\u00f3n y de la discapacidad visual de la Regi\u00f3n de la Murcia enmarcada dentro de la primera Semana de la Retina. Organizada por la Asociaci\u00f3n Retina de Murcia, el evento tendr\u00e1 lugar el pr\u00f3ximo s\u00e1bado 13 de mayo en el colegio Paseo Rosales de Molina de Segura, donde se suceder\u00e1n diversas conferencias y una mesa redonda cuyo tema central es la retina.<\/p>\n<p class=\"rtejustify\">Entre las charlas que se llevar\u00e1n a cabo durante la jornada, destaca la que llevar\u00e1 a cabo el Dr. Pablo Artal, Presidente de la Fundaci\u00f3n de Estudios M\u00e9dicos de Molina (FEM) y Catedr\u00e1tico de \u00d3ptica sobre Nuevas lentes introculares para pacientes con degeneraci\u00f3n macular y cataratas: \u00bfqu\u00e9 se puede esperar.<\/p>\n<p class=\"rtejustify\">Todos aquellos que deseen asistir deben realizar una  inscripci\u00f3n gratuita en la p\u00e1gina web  <a href=\"http:\/\/www.retimur.org\/\">www.retimur.org<\/a>.<\/p>\n<p>Enlaces Relacionados:<\/p>\n","protected":false},"excerpt":{"rendered":"<p>4 mayo 2017.- Molina de Segura acoger\u00e1 la VI Jornada Retina Murcia que ha sido presentada esta ma\u00f1ana en rueda de prensa en el Ayuntamiento molinense. El acto ha contado con la presencia de la Alcaldesa de Molina de Segura, Esther Clavero Mira, el Director-Gerente del Hospital de Molina, Pedro Hern\u00e1ndez Jim\u00e9nez, la Concejala de &#8230; <a title=\"Presentada la VI Jornada Retina Murcia\" class=\"read-more\" href=\"https:\/\/riberasalud.com\/hospital-de-molina\/presentada-la-vi-jornada-retina-murcia\/\" aria-label=\"Leer m\u00e1s sobre Presentada la VI Jornada Retina Murcia\">Leer m\u00e1s<\/a><\/p>\n","protected":false},"author":3,"featured_media":0,"comment_status":"closed","ping_status":"open","sticky":false,"template":"","format":"standard","meta":{"_uag_custom_page_level_css":"","_mi_skip_tracking":false,"footnotes":""},"categories":[7],"tags":[],"class_list":["post-1986","post","type-post","status-publish","format-standard","hentry","category-hemeroteca"],"yoast_head":"<!-- This site is optimized with the Yoast SEO plugin v26.6 - https:\/\/yoast.com\/wordpress\/plugins\/seo\/ -->\n<title>Presentada la VI Jornada Retina Murcia - Hospital de Molina<\/title>\n<meta name=\"robots\" content=\"index, follow, max-snippet:-1, max-image-preview:large, max-video-preview:-1\" \/>\n<link rel=\"canonical\" href=\"https:\/\/riberasalud.com\/hospital-de-molina\/presentada-la-vi-jornada-retina-murcia\/\" \/>\n<meta property=\"og:locale\" content=\"es_ES\" \/>\n<meta property=\"og:type\" content=\"article\" \/>\n<meta property=\"og:title\" content=\"Presentada la VI Jornada Retina Murcia - Hospital de Molina\" \/>\n<meta property=\"og:description\" content=\"4 mayo 2017.- Molina de Segura acoger\u00e1 la VI Jornada Retina Murcia que ha sido presentada esta ma\u00f1ana en rueda de prensa en el Ayuntamiento molinense. El acto ha contado con la presencia de la Alcaldesa de Molina de Segura, Esther Clavero Mira, el Director-Gerente del Hospital de Molina, Pedro Hern\u00e1ndez Jim\u00e9nez, la Concejala de ... Leer m\u00e1s\" \/>\n<meta property=\"og:url\" content=\"https:\/\/riberasalud.com\/hospital-de-molina\/presentada-la-vi-jornada-retina-murcia\/\" \/>\n<meta property=\"og:site_name\" content=\"Hospital de Molina\" \/>\n<meta property=\"article:published_time\" content=\"2017-05-04T10:25:03+00:00\" \/>\n<meta property=\"article:modified_time\" content=\"2023-10-25T06:37:01+00:00\" \/>\n<meta property=\"og:image\" content=\"https:\/\/riberasalud.com\/hospital-de-molina\/wp-content\/uploads\/2020\/05\/Programa_VI_Jornada_Retina_Murcia_000.jpg\" \/>\n<meta name=\"author\" content=\"hmolina\" \/>\n<meta name=\"twitter:card\" content=\"summary_large_image\" \/>\n<meta name=\"twitter:label1\" content=\"Escrito por\" \/>\n\t<meta name=\"twitter:data1\" content=\"hmolina\" \/>\n\t<meta name=\"twitter:label2\" content=\"Tiempo de lectura\" \/>\n\t<meta name=\"twitter:data2\" content=\"2 minutos\" \/>\n<script type=\"application\/ld+json\" class=\"yoast-schema-graph\">{\"@context\":\"https:\/\/schema.org\",\"@graph\":[{\"@type\":\"Article\",\"@id\":\"https:\/\/riberasalud.com\/hospital-de-molina\/presentada-la-vi-jornada-retina-murcia\/#article\",\"isPartOf\":{\"@id\":\"https:\/\/riberasalud.com\/hospital-de-molina\/presentada-la-vi-jornada-retina-murcia\/\"},\"author\":{\"name\":\"hmolina\",\"@id\":\"https:\/\/riberasalud.com\/hospital-de-molina\/#\/schema\/person\/37d58effcbf02f32328940089f254419\"},\"headline\":\"Presentada la VI Jornada Retina Murcia\",\"datePublished\":\"2017-05-04T10:25:03+00:00\",\"dateModified\":\"2023-10-25T06:37:01+00:00\",\"mainEntityOfPage\":{\"@id\":\"https:\/\/riberasalud.com\/hospital-de-molina\/presentada-la-vi-jornada-retina-murcia\/\"},\"wordCount\":331,\"publisher\":{\"@id\":\"https:\/\/riberasalud.com\/hospital-de-molina\/#organization\"},\"image\":{\"@id\":\"https:\/\/riberasalud.com\/hospital-de-molina\/presentada-la-vi-jornada-retina-murcia\/#primaryimage\"},\"thumbnailUrl\":\"https:\/\/riberasalud.com\/hospital-de-molina\/wp-content\/uploads\/2020\/05\/Programa_VI_Jornada_Retina_Murcia_000.jpg\",\"articleSection\":[\"Hemeroteca\"],\"inLanguage\":\"es\"},{\"@type\":\"WebPage\",\"@id\":\"https:\/\/riberasalud.com\/hospital-de-molina\/presentada-la-vi-jornada-retina-murcia\/\",\"url\":\"https:\/\/riberasalud.com\/hospital-de-molina\/presentada-la-vi-jornada-retina-murcia\/\",\"name\":\"Presentada la VI Jornada Retina Murcia - Hospital de Molina\",\"isPartOf\":{\"@id\":\"https:\/\/riberasalud.com\/hospital-de-molina\/#website\"},\"primaryImageOfPage\":{\"@id\":\"https:\/\/riberasalud.com\/hospital-de-molina\/presentada-la-vi-jornada-retina-murcia\/#primaryimage\"},\"image\":{\"@id\":\"https:\/\/riberasalud.com\/hospital-de-molina\/presentada-la-vi-jornada-retina-murcia\/#primaryimage\"},\"thumbnailUrl\":\"https:\/\/riberasalud.com\/hospital-de-molina\/wp-content\/uploads\/2020\/05\/Programa_VI_Jornada_Retina_Murcia_000.jpg\",\"datePublished\":\"2017-05-04T10:25:03+00:00\",\"dateModified\":\"2023-10-25T06:37:01+00:00\",\"breadcrumb\":{\"@id\":\"https:\/\/riberasalud.com\/hospital-de-molina\/presentada-la-vi-jornada-retina-murcia\/#breadcrumb\"},\"inLanguage\":\"es\",\"potentialAction\":[{\"@type\":\"ReadAction\",\"target\":[\"https:\/\/riberasalud.com\/hospital-de-molina\/presentada-la-vi-jornada-retina-murcia\/\"]}]},{\"@type\":\"ImageObject\",\"inLanguage\":\"es\",\"@id\":\"https:\/\/riberasalud.com\/hospital-de-molina\/presentada-la-vi-jornada-retina-murcia\/#primaryimage\",\"url\":\"https:\/\/riberasalud.com\/hospital-de-molina\/wp-content\/uploads\/2020\/05\/Programa_VI_Jornada_Retina_Murcia_000.jpg\",\"contentUrl\":\"https:\/\/riberasalud.com\/hospital-de-molina\/wp-content\/uploads\/2020\/05\/Programa_VI_Jornada_Retina_Murcia_000.jpg\",\"width\":1654,\"height\":2338},{\"@type\":\"BreadcrumbList\",\"@id\":\"https:\/\/riberasalud.com\/hospital-de-molina\/presentada-la-vi-jornada-retina-murcia\/#breadcrumb\",\"itemListElement\":[{\"@type\":\"ListItem\",\"position\":1,\"name\":\"Portada\",\"item\":\"https:\/\/riberasalud.com\/hospital-de-molina\/\"},{\"@type\":\"ListItem\",\"position\":2,\"name\":\"Presentada la VI Jornada Retina Murcia\"}]},{\"@type\":\"WebSite\",\"@id\":\"https:\/\/riberasalud.com\/hospital-de-molina\/#website\",\"url\":\"https:\/\/riberasalud.com\/hospital-de-molina\/\",\"name\":\"Hospital de Molina\",\"description\":\"\",\"publisher\":{\"@id\":\"https:\/\/riberasalud.com\/hospital-de-molina\/#organization\"},\"potentialAction\":[{\"@type\":\"SearchAction\",\"target\":{\"@type\":\"EntryPoint\",\"urlTemplate\":\"https:\/\/riberasalud.com\/hospital-de-molina\/?s={search_term_string}\"},\"query-input\":{\"@type\":\"PropertyValueSpecification\",\"valueRequired\":true,\"valueName\":\"search_term_string\"}}],\"inLanguage\":\"es\"},{\"@type\":\"Organization\",\"@id\":\"https:\/\/riberasalud.com\/hospital-de-molina\/#organization\",\"name\":\"Hospital de Molina\",\"url\":\"https:\/\/riberasalud.com\/hospital-de-molina\/\",\"logo\":{\"@type\":\"ImageObject\",\"inLanguage\":\"es\",\"@id\":\"https:\/\/riberasalud.com\/hospital-de-molina\/#\/schema\/logo\/image\/\",\"url\":\"https:\/\/riberasalud.com\/hospital-de-molina\/wp-content\/uploads\/2023\/01\/cropped-Logo-Red-DeMolina-bigtz7.png\",\"contentUrl\":\"https:\/\/riberasalud.com\/hospital-de-molina\/wp-content\/uploads\/2023\/01\/cropped-Logo-Red-DeMolina-bigtz7.png\",\"width\":300,\"height\":72,\"caption\":\"Hospital de Molina\"},\"image\":{\"@id\":\"https:\/\/riberasalud.com\/hospital-de-molina\/#\/schema\/logo\/image\/\"}},{\"@type\":\"Person\",\"@id\":\"https:\/\/riberasalud.com\/hospital-de-molina\/#\/schema\/person\/37d58effcbf02f32328940089f254419\",\"name\":\"hmolina\",\"image\":{\"@type\":\"ImageObject\",\"inLanguage\":\"es\",\"@id\":\"https:\/\/riberasalud.com\/hospital-de-molina\/#\/schema\/person\/image\/\",\"url\":\"https:\/\/secure.gravatar.com\/avatar\/9db1181c394bec9505d449c90a21b5363cc35ad9a76f60f11a304b23bb0e8dd4?s=96&d=mm&r=g\",\"contentUrl\":\"https:\/\/secure.gravatar.com\/avatar\/9db1181c394bec9505d449c90a21b5363cc35ad9a76f60f11a304b23bb0e8dd4?s=96&d=mm&r=g\",\"caption\":\"hmolina\"},\"url\":\"https:\/\/riberasalud.com\/hospital-de-molina\/author\/hmolina\/\"}]}<\/script>\n<!-- \/ Yoast SEO plugin. -->","yoast_head_json":{"title":"Presentada la VI Jornada Retina Murcia - Hospital de Molina","robots":{"index":"index","follow":"follow","max-snippet":"max-snippet:-1","max-image-preview":"max-image-preview:large","max-video-preview":"max-video-preview:-1"},"canonical":"https:\/\/riberasalud.com\/hospital-de-molina\/presentada-la-vi-jornada-retina-murcia\/","og_locale":"es_ES","og_type":"article","og_title":"Presentada la VI Jornada Retina Murcia - Hospital de Molina","og_description":"4 mayo 2017.- Molina de Segura acoger\u00e1 la VI Jornada Retina Murcia que ha sido presentada esta ma\u00f1ana en rueda de prensa en el Ayuntamiento molinense. El acto ha contado con la presencia de la Alcaldesa de Molina de Segura, Esther Clavero Mira, el Director-Gerente del Hospital de Molina, Pedro Hern\u00e1ndez Jim\u00e9nez, la Concejala de ... Leer m\u00e1s","og_url":"https:\/\/riberasalud.com\/hospital-de-molina\/presentada-la-vi-jornada-retina-murcia\/","og_site_name":"Hospital de Molina","article_published_time":"2017-05-04T10:25:03+00:00","article_modified_time":"2023-10-25T06:37:01+00:00","og_image":[{"url":"https:\/\/riberasalud.com\/hospital-de-molina\/wp-content\/uploads\/2020\/05\/Programa_VI_Jornada_Retina_Murcia_000.jpg","type":"","width":"","height":""}],"author":"hmolina","twitter_card":"summary_large_image","twitter_misc":{"Escrito por":"hmolina","Tiempo de lectura":"2 minutos"},"schema":{"@context":"https:\/\/schema.org","@graph":[{"@type":"Article","@id":"https:\/\/riberasalud.com\/hospital-de-molina\/presentada-la-vi-jornada-retina-murcia\/#article","isPartOf":{"@id":"https:\/\/riberasalud.com\/hospital-de-molina\/presentada-la-vi-jornada-retina-murcia\/"},"author":{"name":"hmolina","@id":"https:\/\/riberasalud.com\/hospital-de-molina\/#\/schema\/person\/37d58effcbf02f32328940089f254419"},"headline":"Presentada la VI Jornada Retina Murcia","datePublished":"2017-05-04T10:25:03+00:00","dateModified":"2023-10-25T06:37:01+00:00","mainEntityOfPage":{"@id":"https:\/\/riberasalud.com\/hospital-de-molina\/presentada-la-vi-jornada-retina-murcia\/"},"wordCount":331,"publisher":{"@id":"https:\/\/riberasalud.com\/hospital-de-molina\/#organization"},"image":{"@id":"https:\/\/riberasalud.com\/hospital-de-molina\/presentada-la-vi-jornada-retina-murcia\/#primaryimage"},"thumbnailUrl":"https:\/\/riberasalud.com\/hospital-de-molina\/wp-content\/uploads\/2020\/05\/Programa_VI_Jornada_Retina_Murcia_000.jpg","articleSection":["Hemeroteca"],"inLanguage":"es"},{"@type":"WebPage","@id":"https:\/\/riberasalud.com\/hospital-de-molina\/presentada-la-vi-jornada-retina-murcia\/","url":"https:\/\/riberasalud.com\/hospital-de-molina\/presentada-la-vi-jornada-retina-murcia\/","name":"Presentada la VI Jornada Retina Murcia - Hospital de Molina","isPartOf":{"@id":"https:\/\/riberasalud.com\/hospital-de-molina\/#website"},"primaryImageOfPage":{"@id":"https:\/\/riberasalud.com\/hospital-de-molina\/presentada-la-vi-jornada-retina-murcia\/#primaryimage"},"image":{"@id":"https:\/\/riberasalud.com\/hospital-de-molina\/presentada-la-vi-jornada-retina-murcia\/#primaryimage"},"thumbnailUrl":"https:\/\/riberasalud.com\/hospital-de-molina\/wp-content\/uploads\/2020\/05\/Programa_VI_Jornada_Retina_Murcia_000.jpg","datePublished":"2017-05-04T10:25:03+00:00","dateModified":"2023-10-25T06:37:01+00:00","breadcrumb":{"@id":"https:\/\/riberasalud.com\/hospital-de-molina\/presentada-la-vi-jornada-retina-murcia\/#breadcrumb"},"inLanguage":"es","potentialAction":[{"@type":"ReadAction","target":["https:\/\/riberasalud.com\/hospital-de-molina\/presentada-la-vi-jornada-retina-murcia\/"]}]},{"@type":"ImageObject","inLanguage":"es","@id":"https:\/\/riberasalud.com\/hospital-de-molina\/presentada-la-vi-jornada-retina-murcia\/#primaryimage","url":"https:\/\/riberasalud.com\/hospital-de-molina\/wp-content\/uploads\/2020\/05\/Programa_VI_Jornada_Retina_Murcia_000.jpg","contentUrl":"https:\/\/riberasalud.com\/hospital-de-molina\/wp-content\/uploads\/2020\/05\/Programa_VI_Jornada_Retina_Murcia_000.jpg","width":1654,"height":2338},{"@type":"BreadcrumbList","@id":"https:\/\/riberasalud.com\/hospital-de-molina\/presentada-la-vi-jornada-retina-murcia\/#breadcrumb","itemListElement":[{"@type":"ListItem","position":1,"name":"Portada","item":"https:\/\/riberasalud.com\/hospital-de-molina\/"},{"@type":"ListItem","position":2,"name":"Presentada la VI Jornada Retina Murcia"}]},{"@type":"WebSite","@id":"https:\/\/riberasalud.com\/hospital-de-molina\/#website","url":"https:\/\/riberasalud.com\/hospital-de-molina\/","name":"Hospital de Molina","description":"","publisher":{"@id":"https:\/\/riberasalud.com\/hospital-de-molina\/#organization"},"potentialAction":[{"@type":"SearchAction","target":{"@type":"EntryPoint","urlTemplate":"https:\/\/riberasalud.com\/hospital-de-molina\/?s={search_term_string}"},"query-input":{"@type":"PropertyValueSpecification","valueRequired":true,"valueName":"search_term_string"}}],"inLanguage":"es"},{"@type":"Organization","@id":"https:\/\/riberasalud.com\/hospital-de-molina\/#organization","name":"Hospital de Molina","url":"https:\/\/riberasalud.com\/hospital-de-molina\/","logo":{"@type":"ImageObject","inLanguage":"es","@id":"https:\/\/riberasalud.com\/hospital-de-molina\/#\/schema\/logo\/image\/","url":"https:\/\/riberasalud.com\/hospital-de-molina\/wp-content\/uploads\/2023\/01\/cropped-Logo-Red-DeMolina-bigtz7.png","contentUrl":"https:\/\/riberasalud.com\/hospital-de-molina\/wp-content\/uploads\/2023\/01\/cropped-Logo-Red-DeMolina-bigtz7.png","width":300,"height":72,"caption":"Hospital de Molina"},"image":{"@id":"https:\/\/riberasalud.com\/hospital-de-molina\/#\/schema\/logo\/image\/"}},{"@type":"Person","@id":"https:\/\/riberasalud.com\/hospital-de-molina\/#\/schema\/person\/37d58effcbf02f32328940089f254419","name":"hmolina","image":{"@type":"ImageObject","inLanguage":"es","@id":"https:\/\/riberasalud.com\/hospital-de-molina\/#\/schema\/person\/image\/","url":"https:\/\/secure.gravatar.com\/avatar\/9db1181c394bec9505d449c90a21b5363cc35ad9a76f60f11a304b23bb0e8dd4?s=96&d=mm&r=g","contentUrl":"https:\/\/secure.gravatar.com\/avatar\/9db1181c394bec9505d449c90a21b5363cc35ad9a76f60f11a304b23bb0e8dd4?s=96&d=mm&r=g","caption":"hmolina"},"url":"https:\/\/riberasalud.com\/hospital-de-molina\/author\/hmolina\/"}]}},"uagb_featured_image_src":{"full":false,"thumbnail":false,"medium":false,"medium_large":false,"large":false,"1536x1536":false,"2048x2048":false},"uagb_author_info":{"display_name":"hmolina","author_link":"https:\/\/riberasalud.com\/hospital-de-molina\/author\/hmolina\/"},"uagb_comment_info":0,"uagb_excerpt":"4 mayo 2017.- Molina de Segura acoger\u00e1 la VI Jornada Retina Murcia que ha sido presentada esta ma\u00f1ana en rueda de prensa en el Ayuntamiento molinense. El acto ha contado con la presencia de la Alcaldesa de Molina de Segura, Esther Clavero Mira, el Director-Gerente del Hospital de Molina, Pedro Hern\u00e1ndez Jim\u00e9nez, la Concejala de&hellip;","_links":{"self":[{"href":"https:\/\/riberasalud.com\/hospital-de-molina\/wp-json\/wp\/v2\/posts\/1986","targetHints":{"allow":["GET"]}}],"collection":[{"href":"https:\/\/riberasalud.com\/hospital-de-molina\/wp-json\/wp\/v2\/posts"}],"about":[{"href":"https:\/\/riberasalud.com\/hospital-de-molina\/wp-json\/wp\/v2\/types\/post"}],"author":[{"embeddable":true,"href":"https:\/\/riberasalud.com\/hospital-de-molina\/wp-json\/wp\/v2\/users\/3"}],"replies":[{"embeddable":true,"href":"https:\/\/riberasalud.com\/hospital-de-molina\/wp-json\/wp\/v2\/comments?post=1986"}],"version-history":[{"count":1,"href":"https:\/\/riberasalud.com\/hospital-de-molina\/wp-json\/wp\/v2\/posts\/1986\/revisions"}],"predecessor-version":[{"id":8237,"href":"https:\/\/riberasalud.com\/hospital-de-molina\/wp-json\/wp\/v2\/posts\/1986\/revisions\/8237"}],"wp:attachment":[{"href":"https:\/\/riberasalud.com\/hospital-de-molina\/wp-json\/wp\/v2\/media?parent=1986"}],"wp:term":[{"taxonomy":"category","embeddable":true,"href":"https:\/\/riberasalud.com\/hospital-de-molina\/wp-json\/wp\/v2\/categories?post=1986"},{"taxonomy":"post_tag","embeddable":true,"href":"https:\/\/riberasalud.com\/hospital-de-molina\/wp-json\/wp\/v2\/tags?post=1986"}],"curies":[{"name":"wp","href":"https:\/\/api.w.org\/{rel}","templated":true}]}}