{"id":1985,"date":"2017-05-12T12:03:37","date_gmt":"2017-05-12T10:03:37","guid":{"rendered":"https:\/\/www.hospitaldemolina.es\/el-hospital-de-molina-con-la-fundacion-josep-carreras-contra-la-leucemia\/"},"modified":"2023-10-25T06:36:59","modified_gmt":"2023-10-25T06:36:59","slug":"el-hospital-de-molina-con-la-fundacion-josep-carreras-contra-la-leucemia","status":"publish","type":"post","link":"https:\/\/riberasalud.com\/hospital-de-molina\/el-hospital-de-molina-con-la-fundacion-josep-carreras-contra-la-leucemia\/","title":{"rendered":"El Hospital de Molina, con la Fundaci\u00f3n Josep Carreras Contra la Leucemia"},"content":{"rendered":"<p><strong>12 mayo 2017.-<\/strong> El <strong>Hospital de Molina<\/strong> acoge en sus instalaciones una <strong>mesa informativa de la Fundaci\u00f3n Josep Carreras para la Lucha Contra la Leucemia<\/strong>, para explicar a la ciudadan\u00eda su campa\u00f1a de sensibilizaci\u00f3n y captaci\u00f3n de socios. La mesa informativa est\u00e1 ubicada en la entrada principal del Centro Hospitalario en horario de ma\u00f1ana y tarde.<\/p>\n<p class=\"rtecenter\"><img decoding=\"async\" src=\"https:\/\/hospitaldemolina.es\/wp-content\/uploads\/2020\/05\/17-05-1220-20HM20Mesa20informativa20Fundacion20Josep20Carreras20-20Foto1.jpg\" style=\"height:140px; width: auto;\"><\/p>\n<p>Bajo el lema \u201cHasta que la curemos, no pararemos\u201d, la Fundaci\u00f3n Josep Carreras trabaja desde hace 25 a\u00f1os para conseguir que la leucemia sea una enfermedad 100% curable. Actualmente, el trasplante de m\u00e9dula es la \u00fanica soluci\u00f3n curativa para una gran parte de los enfermos de leucemia, y es la Fundaci\u00f3n la encargada de gestionar, desde 1991, el registro oficial de donantes de m\u00e9dula \u00f3sea de Espa\u00f1a (REDMO). M\u00e1s de 6.000 personas en el mundo han podido trasplantarse gracias a las b\u00fasquedas que realizan cada d\u00eda.<\/p>\n<p>En palabras del <strong>Director-Gerente del Centro Hospitalario, Pedro Hern\u00e1ndez Jim\u00e9nez<\/strong>, \u201cdesde el Hospital de Molina nos sentimos en la necesidad de implicarnos con la Fundaci\u00f3n Josep Carreras, divulgando su lucha contra la leucemia, por su b\u00fasqueda incansable de la curaci\u00f3n de esta patolog\u00eda, desarrollando proyectos en un desaf\u00edo continuo en beneficio de los pacientes con este tipo de enfermedad cancerosa y en beneficio de la ciencia impulsando la investigaci\u00f3n\u201d.<\/p>\n<p>La mesa informativa de la Fundaci\u00f3n Josep Carreras permanecer\u00e1 en las instalaciones del Hospital de Molina durante los meses de mayo, junio y julio.<\/p>\n<p>Enlaces Relacionados:<\/p>\n","protected":false},"excerpt":{"rendered":"<p>12 mayo 2017.- El Hospital de Molina acoge en sus instalaciones una mesa informativa de la Fundaci\u00f3n Josep Carreras para la Lucha Contra la Leucemia, para explicar a la ciudadan\u00eda su campa\u00f1a de sensibilizaci\u00f3n y captaci\u00f3n de socios. La mesa informativa est\u00e1 ubicada en la entrada principal del Centro Hospitalario en horario de ma\u00f1ana y &#8230; <a title=\"El Hospital de Molina, con la Fundaci\u00f3n Josep Carreras Contra la Leucemia\" class=\"read-more\" href=\"https:\/\/riberasalud.com\/hospital-de-molina\/el-hospital-de-molina-con-la-fundacion-josep-carreras-contra-la-leucemia\/\" aria-label=\"Leer m\u00e1s sobre El Hospital de Molina, con la Fundaci\u00f3n Josep Carreras Contra la Leucemia\">Leer m\u00e1s<\/a><\/p>\n","protected":false},"author":3,"featured_media":0,"comment_status":"closed","ping_status":"open","sticky":false,"template":"","format":"standard","meta":{"_uag_custom_page_level_css":"","_mi_skip_tracking":false,"footnotes":""},"categories":[7],"tags":[],"class_list":["post-1985","post","type-post","status-publish","format-standard","hentry","category-hemeroteca"],"yoast_head":"<!-- This site is optimized with the Yoast SEO plugin v26.6 - https:\/\/yoast.com\/wordpress\/plugins\/seo\/ -->\n<title>El Hospital de Molina, con la Fundaci\u00f3n Josep Carreras Contra la Leucemia - Hospital de Molina<\/title>\n<meta name=\"robots\" content=\"index, follow, max-snippet:-1, max-image-preview:large, max-video-preview:-1\" \/>\n<link rel=\"canonical\" href=\"https:\/\/riberasalud.com\/hospital-de-molina\/el-hospital-de-molina-con-la-fundacion-josep-carreras-contra-la-leucemia\/\" \/>\n<meta property=\"og:locale\" content=\"es_ES\" \/>\n<meta property=\"og:type\" content=\"article\" \/>\n<meta property=\"og:title\" content=\"El Hospital de Molina, con la Fundaci\u00f3n Josep Carreras Contra la Leucemia - Hospital de Molina\" \/>\n<meta property=\"og:description\" content=\"12 mayo 2017.- El Hospital de Molina acoge en sus instalaciones una mesa informativa de la Fundaci\u00f3n Josep Carreras para la Lucha Contra la Leucemia, para explicar a la ciudadan\u00eda su campa\u00f1a de sensibilizaci\u00f3n y captaci\u00f3n de socios. La mesa informativa est\u00e1 ubicada en la entrada principal del Centro Hospitalario en horario de ma\u00f1ana y ... Leer m\u00e1s\" \/>\n<meta property=\"og:url\" content=\"https:\/\/riberasalud.com\/hospital-de-molina\/el-hospital-de-molina-con-la-fundacion-josep-carreras-contra-la-leucemia\/\" \/>\n<meta property=\"og:site_name\" content=\"Hospital de Molina\" \/>\n<meta property=\"article:published_time\" content=\"2017-05-12T10:03:37+00:00\" \/>\n<meta property=\"article:modified_time\" content=\"2023-10-25T06:36:59+00:00\" \/>\n<meta property=\"og:image\" content=\"https:\/\/hospitaldemolina.es\/wp-content\/uploads\/2020\/05\/17-05-1220-20HM20Mesa20informativa20Fundacion20Josep20Carreras20-20Foto1.jpg\" \/>\n<meta name=\"author\" content=\"hmolina\" \/>\n<meta name=\"twitter:card\" content=\"summary_large_image\" \/>\n<meta name=\"twitter:label1\" content=\"Escrito por\" \/>\n\t<meta name=\"twitter:data1\" content=\"hmolina\" \/>\n\t<meta name=\"twitter:label2\" content=\"Tiempo de lectura\" \/>\n\t<meta name=\"twitter:data2\" content=\"1 minuto\" \/>\n<script type=\"application\/ld+json\" class=\"yoast-schema-graph\">{\"@context\":\"https:\/\/schema.org\",\"@graph\":[{\"@type\":\"Article\",\"@id\":\"https:\/\/riberasalud.com\/hospital-de-molina\/el-hospital-de-molina-con-la-fundacion-josep-carreras-contra-la-leucemia\/#article\",\"isPartOf\":{\"@id\":\"https:\/\/riberasalud.com\/hospital-de-molina\/el-hospital-de-molina-con-la-fundacion-josep-carreras-contra-la-leucemia\/\"},\"author\":{\"name\":\"hmolina\",\"@id\":\"https:\/\/riberasalud.com\/hospital-de-molina\/#\/schema\/person\/37d58effcbf02f32328940089f254419\"},\"headline\":\"El Hospital de Molina, con la Fundaci\u00f3n Josep Carreras Contra la Leucemia\",\"datePublished\":\"2017-05-12T10:03:37+00:00\",\"dateModified\":\"2023-10-25T06:36:59+00:00\",\"mainEntityOfPage\":{\"@id\":\"https:\/\/riberasalud.com\/hospital-de-molina\/el-hospital-de-molina-con-la-fundacion-josep-carreras-contra-la-leucemia\/\"},\"wordCount\":270,\"publisher\":{\"@id\":\"https:\/\/riberasalud.com\/hospital-de-molina\/#organization\"},\"image\":{\"@id\":\"https:\/\/riberasalud.com\/hospital-de-molina\/el-hospital-de-molina-con-la-fundacion-josep-carreras-contra-la-leucemia\/#primaryimage\"},\"thumbnailUrl\":\"https:\/\/hospitaldemolina.es\/wp-content\/uploads\/2020\/05\/17-05-1220-20HM20Mesa20informativa20Fundacion20Josep20Carreras20-20Foto1.jpg\",\"articleSection\":[\"Hemeroteca\"],\"inLanguage\":\"es\"},{\"@type\":\"WebPage\",\"@id\":\"https:\/\/riberasalud.com\/hospital-de-molina\/el-hospital-de-molina-con-la-fundacion-josep-carreras-contra-la-leucemia\/\",\"url\":\"https:\/\/riberasalud.com\/hospital-de-molina\/el-hospital-de-molina-con-la-fundacion-josep-carreras-contra-la-leucemia\/\",\"name\":\"El Hospital de Molina, con la Fundaci\u00f3n Josep Carreras Contra la Leucemia - Hospital de Molina\",\"isPartOf\":{\"@id\":\"https:\/\/riberasalud.com\/hospital-de-molina\/#website\"},\"primaryImageOfPage\":{\"@id\":\"https:\/\/riberasalud.com\/hospital-de-molina\/el-hospital-de-molina-con-la-fundacion-josep-carreras-contra-la-leucemia\/#primaryimage\"},\"image\":{\"@id\":\"https:\/\/riberasalud.com\/hospital-de-molina\/el-hospital-de-molina-con-la-fundacion-josep-carreras-contra-la-leucemia\/#primaryimage\"},\"thumbnailUrl\":\"https:\/\/hospitaldemolina.es\/wp-content\/uploads\/2020\/05\/17-05-1220-20HM20Mesa20informativa20Fundacion20Josep20Carreras20-20Foto1.jpg\",\"datePublished\":\"2017-05-12T10:03:37+00:00\",\"dateModified\":\"2023-10-25T06:36:59+00:00\",\"breadcrumb\":{\"@id\":\"https:\/\/riberasalud.com\/hospital-de-molina\/el-hospital-de-molina-con-la-fundacion-josep-carreras-contra-la-leucemia\/#breadcrumb\"},\"inLanguage\":\"es\",\"potentialAction\":[{\"@type\":\"ReadAction\",\"target\":[\"https:\/\/riberasalud.com\/hospital-de-molina\/el-hospital-de-molina-con-la-fundacion-josep-carreras-contra-la-leucemia\/\"]}]},{\"@type\":\"ImageObject\",\"inLanguage\":\"es\",\"@id\":\"https:\/\/riberasalud.com\/hospital-de-molina\/el-hospital-de-molina-con-la-fundacion-josep-carreras-contra-la-leucemia\/#primaryimage\",\"url\":\"https:\/\/hospitaldemolina.es\/wp-content\/uploads\/2020\/05\/17-05-1220-20HM20Mesa20informativa20Fundacion20Josep20Carreras20-20Foto1.jpg\",\"contentUrl\":\"https:\/\/hospitaldemolina.es\/wp-content\/uploads\/2020\/05\/17-05-1220-20HM20Mesa20informativa20Fundacion20Josep20Carreras20-20Foto1.jpg\"},{\"@type\":\"BreadcrumbList\",\"@id\":\"https:\/\/riberasalud.com\/hospital-de-molina\/el-hospital-de-molina-con-la-fundacion-josep-carreras-contra-la-leucemia\/#breadcrumb\",\"itemListElement\":[{\"@type\":\"ListItem\",\"position\":1,\"name\":\"Portada\",\"item\":\"https:\/\/riberasalud.com\/hospital-de-molina\/\"},{\"@type\":\"ListItem\",\"position\":2,\"name\":\"El Hospital de Molina, con la Fundaci\u00f3n Josep Carreras Contra la Leucemia\"}]},{\"@type\":\"WebSite\",\"@id\":\"https:\/\/riberasalud.com\/hospital-de-molina\/#website\",\"url\":\"https:\/\/riberasalud.com\/hospital-de-molina\/\",\"name\":\"Hospital de Molina\",\"description\":\"\",\"publisher\":{\"@id\":\"https:\/\/riberasalud.com\/hospital-de-molina\/#organization\"},\"potentialAction\":[{\"@type\":\"SearchAction\",\"target\":{\"@type\":\"EntryPoint\",\"urlTemplate\":\"https:\/\/riberasalud.com\/hospital-de-molina\/?s={search_term_string}\"},\"query-input\":{\"@type\":\"PropertyValueSpecification\",\"valueRequired\":true,\"valueName\":\"search_term_string\"}}],\"inLanguage\":\"es\"},{\"@type\":\"Organization\",\"@id\":\"https:\/\/riberasalud.com\/hospital-de-molina\/#organization\",\"name\":\"Hospital de Molina\",\"url\":\"https:\/\/riberasalud.com\/hospital-de-molina\/\",\"logo\":{\"@type\":\"ImageObject\",\"inLanguage\":\"es\",\"@id\":\"https:\/\/riberasalud.com\/hospital-de-molina\/#\/schema\/logo\/image\/\",\"url\":\"https:\/\/riberasalud.com\/hospital-de-molina\/wp-content\/uploads\/2023\/01\/cropped-Logo-Red-DeMolina-bigtz7.png\",\"contentUrl\":\"https:\/\/riberasalud.com\/hospital-de-molina\/wp-content\/uploads\/2023\/01\/cropped-Logo-Red-DeMolina-bigtz7.png\",\"width\":300,\"height\":72,\"caption\":\"Hospital de Molina\"},\"image\":{\"@id\":\"https:\/\/riberasalud.com\/hospital-de-molina\/#\/schema\/logo\/image\/\"}},{\"@type\":\"Person\",\"@id\":\"https:\/\/riberasalud.com\/hospital-de-molina\/#\/schema\/person\/37d58effcbf02f32328940089f254419\",\"name\":\"hmolina\",\"image\":{\"@type\":\"ImageObject\",\"inLanguage\":\"es\",\"@id\":\"https:\/\/riberasalud.com\/hospital-de-molina\/#\/schema\/person\/image\/\",\"url\":\"https:\/\/secure.gravatar.com\/avatar\/9db1181c394bec9505d449c90a21b5363cc35ad9a76f60f11a304b23bb0e8dd4?s=96&d=mm&r=g\",\"contentUrl\":\"https:\/\/secure.gravatar.com\/avatar\/9db1181c394bec9505d449c90a21b5363cc35ad9a76f60f11a304b23bb0e8dd4?s=96&d=mm&r=g\",\"caption\":\"hmolina\"},\"url\":\"https:\/\/riberasalud.com\/hospital-de-molina\/author\/hmolina\/\"}]}<\/script>\n<!-- \/ Yoast SEO plugin. -->","yoast_head_json":{"title":"El Hospital de Molina, con la Fundaci\u00f3n Josep Carreras Contra la Leucemia - Hospital de Molina","robots":{"index":"index","follow":"follow","max-snippet":"max-snippet:-1","max-image-preview":"max-image-preview:large","max-video-preview":"max-video-preview:-1"},"canonical":"https:\/\/riberasalud.com\/hospital-de-molina\/el-hospital-de-molina-con-la-fundacion-josep-carreras-contra-la-leucemia\/","og_locale":"es_ES","og_type":"article","og_title":"El Hospital de Molina, con la Fundaci\u00f3n Josep Carreras Contra la Leucemia - Hospital de Molina","og_description":"12 mayo 2017.- El Hospital de Molina acoge en sus instalaciones una mesa informativa de la Fundaci\u00f3n Josep Carreras para la Lucha Contra la Leucemia, para explicar a la ciudadan\u00eda su campa\u00f1a de sensibilizaci\u00f3n y captaci\u00f3n de socios. La mesa informativa est\u00e1 ubicada en la entrada principal del Centro Hospitalario en horario de ma\u00f1ana y ... Leer m\u00e1s","og_url":"https:\/\/riberasalud.com\/hospital-de-molina\/el-hospital-de-molina-con-la-fundacion-josep-carreras-contra-la-leucemia\/","og_site_name":"Hospital de Molina","article_published_time":"2017-05-12T10:03:37+00:00","article_modified_time":"2023-10-25T06:36:59+00:00","og_image":[{"url":"https:\/\/hospitaldemolina.es\/wp-content\/uploads\/2020\/05\/17-05-1220-20HM20Mesa20informativa20Fundacion20Josep20Carreras20-20Foto1.jpg","type":"","width":"","height":""}],"author":"hmolina","twitter_card":"summary_large_image","twitter_misc":{"Escrito por":"hmolina","Tiempo de lectura":"1 minuto"},"schema":{"@context":"https:\/\/schema.org","@graph":[{"@type":"Article","@id":"https:\/\/riberasalud.com\/hospital-de-molina\/el-hospital-de-molina-con-la-fundacion-josep-carreras-contra-la-leucemia\/#article","isPartOf":{"@id":"https:\/\/riberasalud.com\/hospital-de-molina\/el-hospital-de-molina-con-la-fundacion-josep-carreras-contra-la-leucemia\/"},"author":{"name":"hmolina","@id":"https:\/\/riberasalud.com\/hospital-de-molina\/#\/schema\/person\/37d58effcbf02f32328940089f254419"},"headline":"El Hospital de Molina, con la Fundaci\u00f3n Josep Carreras Contra la Leucemia","datePublished":"2017-05-12T10:03:37+00:00","dateModified":"2023-10-25T06:36:59+00:00","mainEntityOfPage":{"@id":"https:\/\/riberasalud.com\/hospital-de-molina\/el-hospital-de-molina-con-la-fundacion-josep-carreras-contra-la-leucemia\/"},"wordCount":270,"publisher":{"@id":"https:\/\/riberasalud.com\/hospital-de-molina\/#organization"},"image":{"@id":"https:\/\/riberasalud.com\/hospital-de-molina\/el-hospital-de-molina-con-la-fundacion-josep-carreras-contra-la-leucemia\/#primaryimage"},"thumbnailUrl":"https:\/\/hospitaldemolina.es\/wp-content\/uploads\/2020\/05\/17-05-1220-20HM20Mesa20informativa20Fundacion20Josep20Carreras20-20Foto1.jpg","articleSection":["Hemeroteca"],"inLanguage":"es"},{"@type":"WebPage","@id":"https:\/\/riberasalud.com\/hospital-de-molina\/el-hospital-de-molina-con-la-fundacion-josep-carreras-contra-la-leucemia\/","url":"https:\/\/riberasalud.com\/hospital-de-molina\/el-hospital-de-molina-con-la-fundacion-josep-carreras-contra-la-leucemia\/","name":"El Hospital de Molina, con la Fundaci\u00f3n Josep Carreras Contra la Leucemia - Hospital de Molina","isPartOf":{"@id":"https:\/\/riberasalud.com\/hospital-de-molina\/#website"},"primaryImageOfPage":{"@id":"https:\/\/riberasalud.com\/hospital-de-molina\/el-hospital-de-molina-con-la-fundacion-josep-carreras-contra-la-leucemia\/#primaryimage"},"image":{"@id":"https:\/\/riberasalud.com\/hospital-de-molina\/el-hospital-de-molina-con-la-fundacion-josep-carreras-contra-la-leucemia\/#primaryimage"},"thumbnailUrl":"https:\/\/hospitaldemolina.es\/wp-content\/uploads\/2020\/05\/17-05-1220-20HM20Mesa20informativa20Fundacion20Josep20Carreras20-20Foto1.jpg","datePublished":"2017-05-12T10:03:37+00:00","dateModified":"2023-10-25T06:36:59+00:00","breadcrumb":{"@id":"https:\/\/riberasalud.com\/hospital-de-molina\/el-hospital-de-molina-con-la-fundacion-josep-carreras-contra-la-leucemia\/#breadcrumb"},"inLanguage":"es","potentialAction":[{"@type":"ReadAction","target":["https:\/\/riberasalud.com\/hospital-de-molina\/el-hospital-de-molina-con-la-fundacion-josep-carreras-contra-la-leucemia\/"]}]},{"@type":"ImageObject","inLanguage":"es","@id":"https:\/\/riberasalud.com\/hospital-de-molina\/el-hospital-de-molina-con-la-fundacion-josep-carreras-contra-la-leucemia\/#primaryimage","url":"https:\/\/hospitaldemolina.es\/wp-content\/uploads\/2020\/05\/17-05-1220-20HM20Mesa20informativa20Fundacion20Josep20Carreras20-20Foto1.jpg","contentUrl":"https:\/\/hospitaldemolina.es\/wp-content\/uploads\/2020\/05\/17-05-1220-20HM20Mesa20informativa20Fundacion20Josep20Carreras20-20Foto1.jpg"},{"@type":"BreadcrumbList","@id":"https:\/\/riberasalud.com\/hospital-de-molina\/el-hospital-de-molina-con-la-fundacion-josep-carreras-contra-la-leucemia\/#breadcrumb","itemListElement":[{"@type":"ListItem","position":1,"name":"Portada","item":"https:\/\/riberasalud.com\/hospital-de-molina\/"},{"@type":"ListItem","position":2,"name":"El Hospital de Molina, con la Fundaci\u00f3n Josep Carreras Contra la Leucemia"}]},{"@type":"WebSite","@id":"https:\/\/riberasalud.com\/hospital-de-molina\/#website","url":"https:\/\/riberasalud.com\/hospital-de-molina\/","name":"Hospital de Molina","description":"","publisher":{"@id":"https:\/\/riberasalud.com\/hospital-de-molina\/#organization"},"potentialAction":[{"@type":"SearchAction","target":{"@type":"EntryPoint","urlTemplate":"https:\/\/riberasalud.com\/hospital-de-molina\/?s={search_term_string}"},"query-input":{"@type":"PropertyValueSpecification","valueRequired":true,"valueName":"search_term_string"}}],"inLanguage":"es"},{"@type":"Organization","@id":"https:\/\/riberasalud.com\/hospital-de-molina\/#organization","name":"Hospital de Molina","url":"https:\/\/riberasalud.com\/hospital-de-molina\/","logo":{"@type":"ImageObject","inLanguage":"es","@id":"https:\/\/riberasalud.com\/hospital-de-molina\/#\/schema\/logo\/image\/","url":"https:\/\/riberasalud.com\/hospital-de-molina\/wp-content\/uploads\/2023\/01\/cropped-Logo-Red-DeMolina-bigtz7.png","contentUrl":"https:\/\/riberasalud.com\/hospital-de-molina\/wp-content\/uploads\/2023\/01\/cropped-Logo-Red-DeMolina-bigtz7.png","width":300,"height":72,"caption":"Hospital de Molina"},"image":{"@id":"https:\/\/riberasalud.com\/hospital-de-molina\/#\/schema\/logo\/image\/"}},{"@type":"Person","@id":"https:\/\/riberasalud.com\/hospital-de-molina\/#\/schema\/person\/37d58effcbf02f32328940089f254419","name":"hmolina","image":{"@type":"ImageObject","inLanguage":"es","@id":"https:\/\/riberasalud.com\/hospital-de-molina\/#\/schema\/person\/image\/","url":"https:\/\/secure.gravatar.com\/avatar\/9db1181c394bec9505d449c90a21b5363cc35ad9a76f60f11a304b23bb0e8dd4?s=96&d=mm&r=g","contentUrl":"https:\/\/secure.gravatar.com\/avatar\/9db1181c394bec9505d449c90a21b5363cc35ad9a76f60f11a304b23bb0e8dd4?s=96&d=mm&r=g","caption":"hmolina"},"url":"https:\/\/riberasalud.com\/hospital-de-molina\/author\/hmolina\/"}]}},"uagb_featured_image_src":{"full":false,"thumbnail":false,"medium":false,"medium_large":false,"large":false,"1536x1536":false,"2048x2048":false},"uagb_author_info":{"display_name":"hmolina","author_link":"https:\/\/riberasalud.com\/hospital-de-molina\/author\/hmolina\/"},"uagb_comment_info":0,"uagb_excerpt":"12 mayo 2017.- El Hospital de Molina acoge en sus instalaciones una mesa informativa de la Fundaci\u00f3n Josep Carreras para la Lucha Contra la Leucemia, para explicar a la ciudadan\u00eda su campa\u00f1a de sensibilizaci\u00f3n y captaci\u00f3n de socios. La mesa informativa est\u00e1 ubicada en la entrada principal del Centro Hospitalario en horario de ma\u00f1ana y&hellip;","_links":{"self":[{"href":"https:\/\/riberasalud.com\/hospital-de-molina\/wp-json\/wp\/v2\/posts\/1985","targetHints":{"allow":["GET"]}}],"collection":[{"href":"https:\/\/riberasalud.com\/hospital-de-molina\/wp-json\/wp\/v2\/posts"}],"about":[{"href":"https:\/\/riberasalud.com\/hospital-de-molina\/wp-json\/wp\/v2\/types\/post"}],"author":[{"embeddable":true,"href":"https:\/\/riberasalud.com\/hospital-de-molina\/wp-json\/wp\/v2\/users\/3"}],"replies":[{"embeddable":true,"href":"https:\/\/riberasalud.com\/hospital-de-molina\/wp-json\/wp\/v2\/comments?post=1985"}],"version-history":[{"count":1,"href":"https:\/\/riberasalud.com\/hospital-de-molina\/wp-json\/wp\/v2\/posts\/1985\/revisions"}],"predecessor-version":[{"id":8234,"href":"https:\/\/riberasalud.com\/hospital-de-molina\/wp-json\/wp\/v2\/posts\/1985\/revisions\/8234"}],"wp:attachment":[{"href":"https:\/\/riberasalud.com\/hospital-de-molina\/wp-json\/wp\/v2\/media?parent=1985"}],"wp:term":[{"taxonomy":"category","embeddable":true,"href":"https:\/\/riberasalud.com\/hospital-de-molina\/wp-json\/wp\/v2\/categories?post=1985"},{"taxonomy":"post_tag","embeddable":true,"href":"https:\/\/riberasalud.com\/hospital-de-molina\/wp-json\/wp\/v2\/tags?post=1985"}],"curies":[{"name":"wp","href":"https:\/\/api.w.org\/{rel}","templated":true}]}}