{"id":1935,"date":"2018-04-05T11:32:29","date_gmt":"2018-04-05T09:32:29","guid":{"rendered":"https:\/\/www.hospitaldemolina.es\/convenio-de-colaboracion-entre-el-hospital-de-molina-y-assido-murcia\/"},"modified":"2023-10-25T06:36:25","modified_gmt":"2023-10-25T06:36:25","slug":"convenio-de-colaboracion-entre-el-hospital-de-molina-y-assido-murcia","status":"publish","type":"post","link":"https:\/\/riberasalud.com\/hospital-de-molina\/convenio-de-colaboracion-entre-el-hospital-de-molina-y-assido-murcia\/","title":{"rendered":"Convenio de colaboraci\u00f3n entre el Hospital de Molina y ASSIDO Murcia"},"content":{"rendered":"<p><strong>9 abril 2018.-<\/strong>  El <strong>Hospital de Molina<\/strong> y la <strong>Asociaci\u00f3n para Personas con S\u00edndrome de Down \u2013 ASSIDO Murcia<\/strong> han firmado un <strong>convenio de colaboraci\u00f3n<\/strong>, con el fin de proporcionar <strong>formaci\u00f3n pr\u00e1ctica a un usuario de ASSIDO<\/strong>. Esta formaci\u00f3n, que comienza esta misma semana, se desarrollar\u00e1 en el centro hospitalario durante tres meses y se centrar\u00e1 en tareas propias de auxiliar administrativo y de celador, que ser\u00e1n tutorizadas por dos profesionales del Hospital.<\/p>\n<p class=\"rtecenter\"><img decoding=\"async\" src=\"https:\/\/hospitaldemolina.es\/wp-content\/uploads\/2020\/05\/18-04-0920-20Convenio20HM-ASSIDO20-20Foto1.jpg\" style=\"height:140px; width: auto;\"> <img decoding=\"async\" src=\"https:\/\/hospitaldemolina.es\/wp-content\/uploads\/2020\/05\/18-04-0920-20Convenio20HM-ASSIDO20-20Foto2.jpg\" style=\"height:140px; width: auto;\"><\/p>\n<p>La firma del convenio se ha celebrado esta ma\u00f1ana en el centro hospitalario, con la asistencia del <strong>Presidente de ASSIDO Murcia, Juan Carlos S\u00e1nchez S\u00e1nchez<\/strong>, y del<strong> Director Adjunto del Hospital de Molina, Francisco Mench\u00f3n Galiana<\/strong>, para quien \u201ceste convenio se suma a las distintas acciones que tenemos en marcha en el Hospital de Molina en el \u00e1mbito de la integraci\u00f3n laboral de personas con discapacidad\u201d. Una l\u00ednea estrat\u00e9gica dentro de su Responsabilidad Social Corporativa (RSC) que lleva a cabo de dos maneras. Por una parte, mediante la contrataci\u00f3n directa de personas con discapacidad y su incorporaci\u00f3n de manera estable a su plantilla: actualmente, el 7% de su plantilla est\u00e1 integrada por personas con discapacidad.  Y por otra, mediante contratos de prestaci\u00f3n de servicios con empresas integradas por personas con discapacidad como el Centro Especial de Empleo DOCUVIVA \u2013 responsable del servicio de digitalizaci\u00f3n, custodia y destrucci\u00f3n certificada de los historiales cl\u00ednicos del Hospital de Molina -, el taller ocupacional ASPAPROS \u2013 encargado de tapizar los sillones de las habitaciones del centro hospitalario -, la empresa de inserci\u00f3n sociolaboral TOTAL PRINT \u2013 impresi\u00f3n digital -, etc.<\/p>\n<p>Por su parte, el Presidente de ASSIDO Murcia ha explicado que \u201ceste acuerdo forma parte del conjunto de actuaciones con las que pretendemos mejorar la calidad de vida de las personas con S\u00edndrome de Down y Discapacidad Intelectual de la Regi\u00f3n de Murcia y as\u00ed favorecer su integraci\u00f3n escolar, familiar, social y laboral\u201d.<\/p>\n<p>Enlaces Relacionados:<\/p>\n","protected":false},"excerpt":{"rendered":"<p>9 abril 2018.- El Hospital de Molina y la Asociaci\u00f3n para Personas con S\u00edndrome de Down \u2013 ASSIDO Murcia han firmado un convenio de colaboraci\u00f3n, con el fin de proporcionar formaci\u00f3n pr\u00e1ctica a un usuario de ASSIDO. Esta formaci\u00f3n, que comienza esta misma semana, se desarrollar\u00e1 en el centro hospitalario durante tres meses y se &#8230; <a title=\"Convenio de colaboraci\u00f3n entre el Hospital de Molina y ASSIDO Murcia\" class=\"read-more\" href=\"https:\/\/riberasalud.com\/hospital-de-molina\/convenio-de-colaboracion-entre-el-hospital-de-molina-y-assido-murcia\/\" aria-label=\"Leer m\u00e1s sobre Convenio de colaboraci\u00f3n entre el Hospital de Molina y ASSIDO Murcia\">Leer m\u00e1s<\/a><\/p>\n","protected":false},"author":3,"featured_media":0,"comment_status":"closed","ping_status":"open","sticky":false,"template":"","format":"standard","meta":{"_uag_custom_page_level_css":"","_mi_skip_tracking":false,"footnotes":""},"categories":[7],"tags":[],"class_list":["post-1935","post","type-post","status-publish","format-standard","hentry","category-hemeroteca"],"yoast_head":"<!-- This site is optimized with the Yoast SEO plugin v26.6 - https:\/\/yoast.com\/wordpress\/plugins\/seo\/ -->\n<title>Convenio de colaboraci\u00f3n entre el Hospital de Molina y ASSIDO Murcia - Hospital de Molina<\/title>\n<meta name=\"robots\" content=\"index, follow, max-snippet:-1, max-image-preview:large, max-video-preview:-1\" \/>\n<link rel=\"canonical\" href=\"https:\/\/riberasalud.com\/hospital-de-molina\/convenio-de-colaboracion-entre-el-hospital-de-molina-y-assido-murcia\/\" \/>\n<meta property=\"og:locale\" content=\"es_ES\" \/>\n<meta property=\"og:type\" content=\"article\" \/>\n<meta property=\"og:title\" content=\"Convenio de colaboraci\u00f3n entre el Hospital de Molina y ASSIDO Murcia - Hospital de Molina\" \/>\n<meta property=\"og:description\" content=\"9 abril 2018.- El Hospital de Molina y la Asociaci\u00f3n para Personas con S\u00edndrome de Down \u2013 ASSIDO Murcia han firmado un convenio de colaboraci\u00f3n, con el fin de proporcionar formaci\u00f3n pr\u00e1ctica a un usuario de ASSIDO. Esta formaci\u00f3n, que comienza esta misma semana, se desarrollar\u00e1 en el centro hospitalario durante tres meses y se ... Leer m\u00e1s\" \/>\n<meta property=\"og:url\" content=\"https:\/\/riberasalud.com\/hospital-de-molina\/convenio-de-colaboracion-entre-el-hospital-de-molina-y-assido-murcia\/\" \/>\n<meta property=\"og:site_name\" content=\"Hospital de Molina\" \/>\n<meta property=\"article:published_time\" content=\"2018-04-05T09:32:29+00:00\" \/>\n<meta property=\"article:modified_time\" content=\"2023-10-25T06:36:25+00:00\" \/>\n<meta property=\"og:image\" content=\"https:\/\/hospitaldemolina.es\/wp-content\/uploads\/2020\/05\/18-04-0920-20Convenio20HM-ASSIDO20-20Foto1.jpg\" \/>\n<meta name=\"author\" content=\"hmolina\" \/>\n<meta name=\"twitter:card\" content=\"summary_large_image\" \/>\n<meta name=\"twitter:label1\" content=\"Escrito por\" \/>\n\t<meta name=\"twitter:data1\" content=\"hmolina\" \/>\n\t<meta name=\"twitter:label2\" content=\"Tiempo de lectura\" \/>\n\t<meta name=\"twitter:data2\" content=\"2 minutos\" \/>\n<script type=\"application\/ld+json\" class=\"yoast-schema-graph\">{\"@context\":\"https:\/\/schema.org\",\"@graph\":[{\"@type\":\"Article\",\"@id\":\"https:\/\/riberasalud.com\/hospital-de-molina\/convenio-de-colaboracion-entre-el-hospital-de-molina-y-assido-murcia\/#article\",\"isPartOf\":{\"@id\":\"https:\/\/riberasalud.com\/hospital-de-molina\/convenio-de-colaboracion-entre-el-hospital-de-molina-y-assido-murcia\/\"},\"author\":{\"name\":\"hmolina\",\"@id\":\"https:\/\/riberasalud.com\/hospital-de-molina\/#\/schema\/person\/37d58effcbf02f32328940089f254419\"},\"headline\":\"Convenio de colaboraci\u00f3n entre el Hospital de Molina y ASSIDO Murcia\",\"datePublished\":\"2018-04-05T09:32:29+00:00\",\"dateModified\":\"2023-10-25T06:36:25+00:00\",\"mainEntityOfPage\":{\"@id\":\"https:\/\/riberasalud.com\/hospital-de-molina\/convenio-de-colaboracion-entre-el-hospital-de-molina-y-assido-murcia\/\"},\"wordCount\":345,\"publisher\":{\"@id\":\"https:\/\/riberasalud.com\/hospital-de-molina\/#organization\"},\"image\":{\"@id\":\"https:\/\/riberasalud.com\/hospital-de-molina\/convenio-de-colaboracion-entre-el-hospital-de-molina-y-assido-murcia\/#primaryimage\"},\"thumbnailUrl\":\"https:\/\/hospitaldemolina.es\/wp-content\/uploads\/2020\/05\/18-04-0920-20Convenio20HM-ASSIDO20-20Foto1.jpg\",\"articleSection\":[\"Hemeroteca\"],\"inLanguage\":\"es\"},{\"@type\":\"WebPage\",\"@id\":\"https:\/\/riberasalud.com\/hospital-de-molina\/convenio-de-colaboracion-entre-el-hospital-de-molina-y-assido-murcia\/\",\"url\":\"https:\/\/riberasalud.com\/hospital-de-molina\/convenio-de-colaboracion-entre-el-hospital-de-molina-y-assido-murcia\/\",\"name\":\"Convenio de colaboraci\u00f3n entre el Hospital de Molina y ASSIDO Murcia - Hospital de Molina\",\"isPartOf\":{\"@id\":\"https:\/\/riberasalud.com\/hospital-de-molina\/#website\"},\"primaryImageOfPage\":{\"@id\":\"https:\/\/riberasalud.com\/hospital-de-molina\/convenio-de-colaboracion-entre-el-hospital-de-molina-y-assido-murcia\/#primaryimage\"},\"image\":{\"@id\":\"https:\/\/riberasalud.com\/hospital-de-molina\/convenio-de-colaboracion-entre-el-hospital-de-molina-y-assido-murcia\/#primaryimage\"},\"thumbnailUrl\":\"https:\/\/hospitaldemolina.es\/wp-content\/uploads\/2020\/05\/18-04-0920-20Convenio20HM-ASSIDO20-20Foto1.jpg\",\"datePublished\":\"2018-04-05T09:32:29+00:00\",\"dateModified\":\"2023-10-25T06:36:25+00:00\",\"breadcrumb\":{\"@id\":\"https:\/\/riberasalud.com\/hospital-de-molina\/convenio-de-colaboracion-entre-el-hospital-de-molina-y-assido-murcia\/#breadcrumb\"},\"inLanguage\":\"es\",\"potentialAction\":[{\"@type\":\"ReadAction\",\"target\":[\"https:\/\/riberasalud.com\/hospital-de-molina\/convenio-de-colaboracion-entre-el-hospital-de-molina-y-assido-murcia\/\"]}]},{\"@type\":\"ImageObject\",\"inLanguage\":\"es\",\"@id\":\"https:\/\/riberasalud.com\/hospital-de-molina\/convenio-de-colaboracion-entre-el-hospital-de-molina-y-assido-murcia\/#primaryimage\",\"url\":\"https:\/\/hospitaldemolina.es\/wp-content\/uploads\/2020\/05\/18-04-0920-20Convenio20HM-ASSIDO20-20Foto1.jpg\",\"contentUrl\":\"https:\/\/hospitaldemolina.es\/wp-content\/uploads\/2020\/05\/18-04-0920-20Convenio20HM-ASSIDO20-20Foto1.jpg\"},{\"@type\":\"BreadcrumbList\",\"@id\":\"https:\/\/riberasalud.com\/hospital-de-molina\/convenio-de-colaboracion-entre-el-hospital-de-molina-y-assido-murcia\/#breadcrumb\",\"itemListElement\":[{\"@type\":\"ListItem\",\"position\":1,\"name\":\"Portada\",\"item\":\"https:\/\/riberasalud.com\/hospital-de-molina\/\"},{\"@type\":\"ListItem\",\"position\":2,\"name\":\"Convenio de colaboraci\u00f3n entre el Hospital de Molina y ASSIDO Murcia\"}]},{\"@type\":\"WebSite\",\"@id\":\"https:\/\/riberasalud.com\/hospital-de-molina\/#website\",\"url\":\"https:\/\/riberasalud.com\/hospital-de-molina\/\",\"name\":\"Hospital de Molina\",\"description\":\"\",\"publisher\":{\"@id\":\"https:\/\/riberasalud.com\/hospital-de-molina\/#organization\"},\"potentialAction\":[{\"@type\":\"SearchAction\",\"target\":{\"@type\":\"EntryPoint\",\"urlTemplate\":\"https:\/\/riberasalud.com\/hospital-de-molina\/?s={search_term_string}\"},\"query-input\":{\"@type\":\"PropertyValueSpecification\",\"valueRequired\":true,\"valueName\":\"search_term_string\"}}],\"inLanguage\":\"es\"},{\"@type\":\"Organization\",\"@id\":\"https:\/\/riberasalud.com\/hospital-de-molina\/#organization\",\"name\":\"Hospital de Molina\",\"url\":\"https:\/\/riberasalud.com\/hospital-de-molina\/\",\"logo\":{\"@type\":\"ImageObject\",\"inLanguage\":\"es\",\"@id\":\"https:\/\/riberasalud.com\/hospital-de-molina\/#\/schema\/logo\/image\/\",\"url\":\"https:\/\/riberasalud.com\/hospital-de-molina\/wp-content\/uploads\/2023\/01\/cropped-Logo-Red-DeMolina-bigtz7.png\",\"contentUrl\":\"https:\/\/riberasalud.com\/hospital-de-molina\/wp-content\/uploads\/2023\/01\/cropped-Logo-Red-DeMolina-bigtz7.png\",\"width\":300,\"height\":72,\"caption\":\"Hospital de Molina\"},\"image\":{\"@id\":\"https:\/\/riberasalud.com\/hospital-de-molina\/#\/schema\/logo\/image\/\"}},{\"@type\":\"Person\",\"@id\":\"https:\/\/riberasalud.com\/hospital-de-molina\/#\/schema\/person\/37d58effcbf02f32328940089f254419\",\"name\":\"hmolina\",\"image\":{\"@type\":\"ImageObject\",\"inLanguage\":\"es\",\"@id\":\"https:\/\/riberasalud.com\/hospital-de-molina\/#\/schema\/person\/image\/\",\"url\":\"https:\/\/secure.gravatar.com\/avatar\/9db1181c394bec9505d449c90a21b5363cc35ad9a76f60f11a304b23bb0e8dd4?s=96&d=mm&r=g\",\"contentUrl\":\"https:\/\/secure.gravatar.com\/avatar\/9db1181c394bec9505d449c90a21b5363cc35ad9a76f60f11a304b23bb0e8dd4?s=96&d=mm&r=g\",\"caption\":\"hmolina\"},\"url\":\"https:\/\/riberasalud.com\/hospital-de-molina\/author\/hmolina\/\"}]}<\/script>\n<!-- \/ Yoast SEO plugin. -->","yoast_head_json":{"title":"Convenio de colaboraci\u00f3n entre el Hospital de Molina y ASSIDO Murcia - Hospital de Molina","robots":{"index":"index","follow":"follow","max-snippet":"max-snippet:-1","max-image-preview":"max-image-preview:large","max-video-preview":"max-video-preview:-1"},"canonical":"https:\/\/riberasalud.com\/hospital-de-molina\/convenio-de-colaboracion-entre-el-hospital-de-molina-y-assido-murcia\/","og_locale":"es_ES","og_type":"article","og_title":"Convenio de colaboraci\u00f3n entre el Hospital de Molina y ASSIDO Murcia - Hospital de Molina","og_description":"9 abril 2018.- El Hospital de Molina y la Asociaci\u00f3n para Personas con S\u00edndrome de Down \u2013 ASSIDO Murcia han firmado un convenio de colaboraci\u00f3n, con el fin de proporcionar formaci\u00f3n pr\u00e1ctica a un usuario de ASSIDO. Esta formaci\u00f3n, que comienza esta misma semana, se desarrollar\u00e1 en el centro hospitalario durante tres meses y se ... Leer m\u00e1s","og_url":"https:\/\/riberasalud.com\/hospital-de-molina\/convenio-de-colaboracion-entre-el-hospital-de-molina-y-assido-murcia\/","og_site_name":"Hospital de Molina","article_published_time":"2018-04-05T09:32:29+00:00","article_modified_time":"2023-10-25T06:36:25+00:00","og_image":[{"url":"https:\/\/hospitaldemolina.es\/wp-content\/uploads\/2020\/05\/18-04-0920-20Convenio20HM-ASSIDO20-20Foto1.jpg","type":"","width":"","height":""}],"author":"hmolina","twitter_card":"summary_large_image","twitter_misc":{"Escrito por":"hmolina","Tiempo de lectura":"2 minutos"},"schema":{"@context":"https:\/\/schema.org","@graph":[{"@type":"Article","@id":"https:\/\/riberasalud.com\/hospital-de-molina\/convenio-de-colaboracion-entre-el-hospital-de-molina-y-assido-murcia\/#article","isPartOf":{"@id":"https:\/\/riberasalud.com\/hospital-de-molina\/convenio-de-colaboracion-entre-el-hospital-de-molina-y-assido-murcia\/"},"author":{"name":"hmolina","@id":"https:\/\/riberasalud.com\/hospital-de-molina\/#\/schema\/person\/37d58effcbf02f32328940089f254419"},"headline":"Convenio de colaboraci\u00f3n entre el Hospital de Molina y ASSIDO Murcia","datePublished":"2018-04-05T09:32:29+00:00","dateModified":"2023-10-25T06:36:25+00:00","mainEntityOfPage":{"@id":"https:\/\/riberasalud.com\/hospital-de-molina\/convenio-de-colaboracion-entre-el-hospital-de-molina-y-assido-murcia\/"},"wordCount":345,"publisher":{"@id":"https:\/\/riberasalud.com\/hospital-de-molina\/#organization"},"image":{"@id":"https:\/\/riberasalud.com\/hospital-de-molina\/convenio-de-colaboracion-entre-el-hospital-de-molina-y-assido-murcia\/#primaryimage"},"thumbnailUrl":"https:\/\/hospitaldemolina.es\/wp-content\/uploads\/2020\/05\/18-04-0920-20Convenio20HM-ASSIDO20-20Foto1.jpg","articleSection":["Hemeroteca"],"inLanguage":"es"},{"@type":"WebPage","@id":"https:\/\/riberasalud.com\/hospital-de-molina\/convenio-de-colaboracion-entre-el-hospital-de-molina-y-assido-murcia\/","url":"https:\/\/riberasalud.com\/hospital-de-molina\/convenio-de-colaboracion-entre-el-hospital-de-molina-y-assido-murcia\/","name":"Convenio de colaboraci\u00f3n entre el Hospital de Molina y ASSIDO Murcia - Hospital de Molina","isPartOf":{"@id":"https:\/\/riberasalud.com\/hospital-de-molina\/#website"},"primaryImageOfPage":{"@id":"https:\/\/riberasalud.com\/hospital-de-molina\/convenio-de-colaboracion-entre-el-hospital-de-molina-y-assido-murcia\/#primaryimage"},"image":{"@id":"https:\/\/riberasalud.com\/hospital-de-molina\/convenio-de-colaboracion-entre-el-hospital-de-molina-y-assido-murcia\/#primaryimage"},"thumbnailUrl":"https:\/\/hospitaldemolina.es\/wp-content\/uploads\/2020\/05\/18-04-0920-20Convenio20HM-ASSIDO20-20Foto1.jpg","datePublished":"2018-04-05T09:32:29+00:00","dateModified":"2023-10-25T06:36:25+00:00","breadcrumb":{"@id":"https:\/\/riberasalud.com\/hospital-de-molina\/convenio-de-colaboracion-entre-el-hospital-de-molina-y-assido-murcia\/#breadcrumb"},"inLanguage":"es","potentialAction":[{"@type":"ReadAction","target":["https:\/\/riberasalud.com\/hospital-de-molina\/convenio-de-colaboracion-entre-el-hospital-de-molina-y-assido-murcia\/"]}]},{"@type":"ImageObject","inLanguage":"es","@id":"https:\/\/riberasalud.com\/hospital-de-molina\/convenio-de-colaboracion-entre-el-hospital-de-molina-y-assido-murcia\/#primaryimage","url":"https:\/\/hospitaldemolina.es\/wp-content\/uploads\/2020\/05\/18-04-0920-20Convenio20HM-ASSIDO20-20Foto1.jpg","contentUrl":"https:\/\/hospitaldemolina.es\/wp-content\/uploads\/2020\/05\/18-04-0920-20Convenio20HM-ASSIDO20-20Foto1.jpg"},{"@type":"BreadcrumbList","@id":"https:\/\/riberasalud.com\/hospital-de-molina\/convenio-de-colaboracion-entre-el-hospital-de-molina-y-assido-murcia\/#breadcrumb","itemListElement":[{"@type":"ListItem","position":1,"name":"Portada","item":"https:\/\/riberasalud.com\/hospital-de-molina\/"},{"@type":"ListItem","position":2,"name":"Convenio de colaboraci\u00f3n entre el Hospital de Molina y ASSIDO Murcia"}]},{"@type":"WebSite","@id":"https:\/\/riberasalud.com\/hospital-de-molina\/#website","url":"https:\/\/riberasalud.com\/hospital-de-molina\/","name":"Hospital de Molina","description":"","publisher":{"@id":"https:\/\/riberasalud.com\/hospital-de-molina\/#organization"},"potentialAction":[{"@type":"SearchAction","target":{"@type":"EntryPoint","urlTemplate":"https:\/\/riberasalud.com\/hospital-de-molina\/?s={search_term_string}"},"query-input":{"@type":"PropertyValueSpecification","valueRequired":true,"valueName":"search_term_string"}}],"inLanguage":"es"},{"@type":"Organization","@id":"https:\/\/riberasalud.com\/hospital-de-molina\/#organization","name":"Hospital de Molina","url":"https:\/\/riberasalud.com\/hospital-de-molina\/","logo":{"@type":"ImageObject","inLanguage":"es","@id":"https:\/\/riberasalud.com\/hospital-de-molina\/#\/schema\/logo\/image\/","url":"https:\/\/riberasalud.com\/hospital-de-molina\/wp-content\/uploads\/2023\/01\/cropped-Logo-Red-DeMolina-bigtz7.png","contentUrl":"https:\/\/riberasalud.com\/hospital-de-molina\/wp-content\/uploads\/2023\/01\/cropped-Logo-Red-DeMolina-bigtz7.png","width":300,"height":72,"caption":"Hospital de Molina"},"image":{"@id":"https:\/\/riberasalud.com\/hospital-de-molina\/#\/schema\/logo\/image\/"}},{"@type":"Person","@id":"https:\/\/riberasalud.com\/hospital-de-molina\/#\/schema\/person\/37d58effcbf02f32328940089f254419","name":"hmolina","image":{"@type":"ImageObject","inLanguage":"es","@id":"https:\/\/riberasalud.com\/hospital-de-molina\/#\/schema\/person\/image\/","url":"https:\/\/secure.gravatar.com\/avatar\/9db1181c394bec9505d449c90a21b5363cc35ad9a76f60f11a304b23bb0e8dd4?s=96&d=mm&r=g","contentUrl":"https:\/\/secure.gravatar.com\/avatar\/9db1181c394bec9505d449c90a21b5363cc35ad9a76f60f11a304b23bb0e8dd4?s=96&d=mm&r=g","caption":"hmolina"},"url":"https:\/\/riberasalud.com\/hospital-de-molina\/author\/hmolina\/"}]}},"uagb_featured_image_src":{"full":false,"thumbnail":false,"medium":false,"medium_large":false,"large":false,"1536x1536":false,"2048x2048":false},"uagb_author_info":{"display_name":"hmolina","author_link":"https:\/\/riberasalud.com\/hospital-de-molina\/author\/hmolina\/"},"uagb_comment_info":0,"uagb_excerpt":"9 abril 2018.- El Hospital de Molina y la Asociaci\u00f3n para Personas con S\u00edndrome de Down \u2013 ASSIDO Murcia han firmado un convenio de colaboraci\u00f3n, con el fin de proporcionar formaci\u00f3n pr\u00e1ctica a un usuario de ASSIDO. Esta formaci\u00f3n, que comienza esta misma semana, se desarrollar\u00e1 en el centro hospitalario durante tres meses y se&hellip;","_links":{"self":[{"href":"https:\/\/riberasalud.com\/hospital-de-molina\/wp-json\/wp\/v2\/posts\/1935","targetHints":{"allow":["GET"]}}],"collection":[{"href":"https:\/\/riberasalud.com\/hospital-de-molina\/wp-json\/wp\/v2\/posts"}],"about":[{"href":"https:\/\/riberasalud.com\/hospital-de-molina\/wp-json\/wp\/v2\/types\/post"}],"author":[{"embeddable":true,"href":"https:\/\/riberasalud.com\/hospital-de-molina\/wp-json\/wp\/v2\/users\/3"}],"replies":[{"embeddable":true,"href":"https:\/\/riberasalud.com\/hospital-de-molina\/wp-json\/wp\/v2\/comments?post=1935"}],"version-history":[{"count":1,"href":"https:\/\/riberasalud.com\/hospital-de-molina\/wp-json\/wp\/v2\/posts\/1935\/revisions"}],"predecessor-version":[{"id":6823,"href":"https:\/\/riberasalud.com\/hospital-de-molina\/wp-json\/wp\/v2\/posts\/1935\/revisions\/6823"}],"wp:attachment":[{"href":"https:\/\/riberasalud.com\/hospital-de-molina\/wp-json\/wp\/v2\/media?parent=1935"}],"wp:term":[{"taxonomy":"category","embeddable":true,"href":"https:\/\/riberasalud.com\/hospital-de-molina\/wp-json\/wp\/v2\/categories?post=1935"},{"taxonomy":"post_tag","embeddable":true,"href":"https:\/\/riberasalud.com\/hospital-de-molina\/wp-json\/wp\/v2\/tags?post=1935"}],"curies":[{"name":"wp","href":"https:\/\/api.w.org\/{rel}","templated":true}]}}