{"id":1897,"date":"2018-11-09T12:24:49","date_gmt":"2018-11-09T11:24:49","guid":{"rendered":"https:\/\/www.hospitaldemolina.es\/primera-toma-de-contacto-en-el-hospital-de-molina\/"},"modified":"2023-10-25T06:36:04","modified_gmt":"2023-10-25T06:36:04","slug":"primera-toma-de-contacto-en-el-hospital-de-molina","status":"publish","type":"post","link":"https:\/\/riberasalud.com\/hospital-de-molina\/primera-toma-de-contacto-en-el-hospital-de-molina\/","title":{"rendered":"Primera toma de contacto en el Hospital de Molina"},"content":{"rendered":"<p><strong>9 noviembre 2018.-<\/strong>  28 estudiantes del ciclo formativo T\u00e9cnico Superior en Imagen para el Diagn\u00f3stico, del IES Ingeniero de la Cierva (Murcia), han visitado esta ma\u00f1ana el Hospital de Molina. M\u00e1s concretamente, las instalaciones del Servicio de Imagen Diagn\u00f3stica.<\/p>\n<p class=\"rtecenter\"><img decoding=\"async\" src=\"https:\/\/riberasalud.com\/hospital-de-molina\/wp-content\/uploads\/2020\/05\/18-11-0920-20HM20-20Visita20alumnos20TESID20-20Foto1.jpg\" style=\"height:140px; width: auto;\"><\/p>\n<p>Durante la ma\u00f1ana, todos ellos han podido conocer in situ los distintos procedimientos de trabajo que se desarrollan en este Servicio Hospitalario y familiarizarse con los equipos t\u00e9cnicos de Radiolog\u00eda.<\/p>\n<p>\u00c9sta ha sido su primera toma de contacto con el mundo profesional antes de iniciar sus pr\u00e1cticas formativas en los pr\u00f3ximos meses.<\/p>\n<p>Enlaces Relacionados:<\/p>\n","protected":false},"excerpt":{"rendered":"<p>9 noviembre 2018.- 28 estudiantes del ciclo formativo T\u00e9cnico Superior en Imagen para el Diagn\u00f3stico, del IES Ingeniero de la Cierva (Murcia), han visitado esta ma\u00f1ana el Hospital de Molina. M\u00e1s concretamente, las instalaciones del Servicio de Imagen Diagn\u00f3stica. Durante la ma\u00f1ana, todos ellos han podido conocer in situ los distintos procedimientos de trabajo que &#8230; <a title=\"Primera toma de contacto en el Hospital de Molina\" class=\"read-more\" href=\"https:\/\/riberasalud.com\/hospital-de-molina\/primera-toma-de-contacto-en-el-hospital-de-molina\/\" aria-label=\"Leer m\u00e1s sobre Primera toma de contacto en el Hospital de Molina\">Leer m\u00e1s<\/a><\/p>\n","protected":false},"author":3,"featured_media":0,"comment_status":"closed","ping_status":"open","sticky":false,"template":"","format":"standard","meta":{"_uag_custom_page_level_css":"","_mi_skip_tracking":false,"footnotes":""},"categories":[7],"tags":[],"class_list":["post-1897","post","type-post","status-publish","format-standard","hentry","category-hemeroteca"],"yoast_head":"<!-- This site is optimized with the Yoast SEO plugin v26.6 - https:\/\/yoast.com\/wordpress\/plugins\/seo\/ -->\n<title>Primera toma de contacto en el Hospital de Molina - Hospital de Molina<\/title>\n<meta name=\"robots\" content=\"index, follow, max-snippet:-1, max-image-preview:large, max-video-preview:-1\" \/>\n<link rel=\"canonical\" href=\"https:\/\/riberasalud.com\/hospital-de-molina\/primera-toma-de-contacto-en-el-hospital-de-molina\/\" \/>\n<meta property=\"og:locale\" content=\"es_ES\" \/>\n<meta property=\"og:type\" content=\"article\" \/>\n<meta property=\"og:title\" content=\"Primera toma de contacto en el Hospital de Molina - Hospital de Molina\" \/>\n<meta property=\"og:description\" content=\"9 noviembre 2018.- 28 estudiantes del ciclo formativo T\u00e9cnico Superior en Imagen para el Diagn\u00f3stico, del IES Ingeniero de la Cierva (Murcia), han visitado esta ma\u00f1ana el Hospital de Molina. M\u00e1s concretamente, las instalaciones del Servicio de Imagen Diagn\u00f3stica. Durante la ma\u00f1ana, todos ellos han podido conocer in situ los distintos procedimientos de trabajo que ... Leer m\u00e1s\" \/>\n<meta property=\"og:url\" content=\"https:\/\/riberasalud.com\/hospital-de-molina\/primera-toma-de-contacto-en-el-hospital-de-molina\/\" \/>\n<meta property=\"og:site_name\" content=\"Hospital de Molina\" \/>\n<meta property=\"article:published_time\" content=\"2018-11-09T11:24:49+00:00\" \/>\n<meta property=\"article:modified_time\" content=\"2023-10-25T06:36:04+00:00\" \/>\n<meta property=\"og:image\" content=\"https:\/\/riberasalud.com\/hospital-de-molina\/wp-content\/uploads\/2020\/05\/18-11-0920-20HM20-20Visita20alumnos20TESID20-20Foto1.jpg\" \/>\n<meta name=\"author\" content=\"hmolina\" \/>\n<meta name=\"twitter:card\" content=\"summary_large_image\" \/>\n<meta name=\"twitter:label1\" content=\"Escrito por\" \/>\n\t<meta name=\"twitter:data1\" content=\"hmolina\" \/>\n\t<meta name=\"twitter:label2\" content=\"Tiempo de lectura\" \/>\n\t<meta name=\"twitter:data2\" content=\"1 minuto\" \/>\n<script type=\"application\/ld+json\" class=\"yoast-schema-graph\">{\"@context\":\"https:\/\/schema.org\",\"@graph\":[{\"@type\":\"Article\",\"@id\":\"https:\/\/riberasalud.com\/hospital-de-molina\/primera-toma-de-contacto-en-el-hospital-de-molina\/#article\",\"isPartOf\":{\"@id\":\"https:\/\/riberasalud.com\/hospital-de-molina\/primera-toma-de-contacto-en-el-hospital-de-molina\/\"},\"author\":{\"name\":\"hmolina\",\"@id\":\"https:\/\/riberasalud.com\/hospital-de-molina\/#\/schema\/person\/37d58effcbf02f32328940089f254419\"},\"headline\":\"Primera toma de contacto en el Hospital de Molina\",\"datePublished\":\"2018-11-09T11:24:49+00:00\",\"dateModified\":\"2023-10-25T06:36:04+00:00\",\"mainEntityOfPage\":{\"@id\":\"https:\/\/riberasalud.com\/hospital-de-molina\/primera-toma-de-contacto-en-el-hospital-de-molina\/\"},\"wordCount\":110,\"publisher\":{\"@id\":\"https:\/\/riberasalud.com\/hospital-de-molina\/#organization\"},\"image\":{\"@id\":\"https:\/\/riberasalud.com\/hospital-de-molina\/primera-toma-de-contacto-en-el-hospital-de-molina\/#primaryimage\"},\"thumbnailUrl\":\"https:\/\/riberasalud.com\/hospital-de-molina\/wp-content\/uploads\/2020\/05\/18-11-0920-20HM20-20Visita20alumnos20TESID20-20Foto1.jpg\",\"articleSection\":[\"Hemeroteca\"],\"inLanguage\":\"es\"},{\"@type\":\"WebPage\",\"@id\":\"https:\/\/riberasalud.com\/hospital-de-molina\/primera-toma-de-contacto-en-el-hospital-de-molina\/\",\"url\":\"https:\/\/riberasalud.com\/hospital-de-molina\/primera-toma-de-contacto-en-el-hospital-de-molina\/\",\"name\":\"Primera toma de contacto en el Hospital de Molina - Hospital de Molina\",\"isPartOf\":{\"@id\":\"https:\/\/riberasalud.com\/hospital-de-molina\/#website\"},\"primaryImageOfPage\":{\"@id\":\"https:\/\/riberasalud.com\/hospital-de-molina\/primera-toma-de-contacto-en-el-hospital-de-molina\/#primaryimage\"},\"image\":{\"@id\":\"https:\/\/riberasalud.com\/hospital-de-molina\/primera-toma-de-contacto-en-el-hospital-de-molina\/#primaryimage\"},\"thumbnailUrl\":\"https:\/\/riberasalud.com\/hospital-de-molina\/wp-content\/uploads\/2020\/05\/18-11-0920-20HM20-20Visita20alumnos20TESID20-20Foto1.jpg\",\"datePublished\":\"2018-11-09T11:24:49+00:00\",\"dateModified\":\"2023-10-25T06:36:04+00:00\",\"breadcrumb\":{\"@id\":\"https:\/\/riberasalud.com\/hospital-de-molina\/primera-toma-de-contacto-en-el-hospital-de-molina\/#breadcrumb\"},\"inLanguage\":\"es\",\"potentialAction\":[{\"@type\":\"ReadAction\",\"target\":[\"https:\/\/riberasalud.com\/hospital-de-molina\/primera-toma-de-contacto-en-el-hospital-de-molina\/\"]}]},{\"@type\":\"ImageObject\",\"inLanguage\":\"es\",\"@id\":\"https:\/\/riberasalud.com\/hospital-de-molina\/primera-toma-de-contacto-en-el-hospital-de-molina\/#primaryimage\",\"url\":\"https:\/\/riberasalud.com\/hospital-de-molina\/wp-content\/uploads\/2020\/05\/18-11-0920-20HM20-20Visita20alumnos20TESID20-20Foto1.jpg\",\"contentUrl\":\"https:\/\/riberasalud.com\/hospital-de-molina\/wp-content\/uploads\/2020\/05\/18-11-0920-20HM20-20Visita20alumnos20TESID20-20Foto1.jpg\",\"width\":1024,\"height\":768},{\"@type\":\"BreadcrumbList\",\"@id\":\"https:\/\/riberasalud.com\/hospital-de-molina\/primera-toma-de-contacto-en-el-hospital-de-molina\/#breadcrumb\",\"itemListElement\":[{\"@type\":\"ListItem\",\"position\":1,\"name\":\"Portada\",\"item\":\"https:\/\/riberasalud.com\/hospital-de-molina\/\"},{\"@type\":\"ListItem\",\"position\":2,\"name\":\"Primera toma de contacto en el Hospital de Molina\"}]},{\"@type\":\"WebSite\",\"@id\":\"https:\/\/riberasalud.com\/hospital-de-molina\/#website\",\"url\":\"https:\/\/riberasalud.com\/hospital-de-molina\/\",\"name\":\"Hospital de Molina\",\"description\":\"\",\"publisher\":{\"@id\":\"https:\/\/riberasalud.com\/hospital-de-molina\/#organization\"},\"potentialAction\":[{\"@type\":\"SearchAction\",\"target\":{\"@type\":\"EntryPoint\",\"urlTemplate\":\"https:\/\/riberasalud.com\/hospital-de-molina\/?s={search_term_string}\"},\"query-input\":{\"@type\":\"PropertyValueSpecification\",\"valueRequired\":true,\"valueName\":\"search_term_string\"}}],\"inLanguage\":\"es\"},{\"@type\":\"Organization\",\"@id\":\"https:\/\/riberasalud.com\/hospital-de-molina\/#organization\",\"name\":\"Hospital de Molina\",\"url\":\"https:\/\/riberasalud.com\/hospital-de-molina\/\",\"logo\":{\"@type\":\"ImageObject\",\"inLanguage\":\"es\",\"@id\":\"https:\/\/riberasalud.com\/hospital-de-molina\/#\/schema\/logo\/image\/\",\"url\":\"https:\/\/riberasalud.com\/hospital-de-molina\/wp-content\/uploads\/2023\/01\/cropped-Logo-Red-DeMolina-bigtz7.png\",\"contentUrl\":\"https:\/\/riberasalud.com\/hospital-de-molina\/wp-content\/uploads\/2023\/01\/cropped-Logo-Red-DeMolina-bigtz7.png\",\"width\":300,\"height\":72,\"caption\":\"Hospital de Molina\"},\"image\":{\"@id\":\"https:\/\/riberasalud.com\/hospital-de-molina\/#\/schema\/logo\/image\/\"}},{\"@type\":\"Person\",\"@id\":\"https:\/\/riberasalud.com\/hospital-de-molina\/#\/schema\/person\/37d58effcbf02f32328940089f254419\",\"name\":\"hmolina\",\"image\":{\"@type\":\"ImageObject\",\"inLanguage\":\"es\",\"@id\":\"https:\/\/riberasalud.com\/hospital-de-molina\/#\/schema\/person\/image\/\",\"url\":\"https:\/\/secure.gravatar.com\/avatar\/9db1181c394bec9505d449c90a21b5363cc35ad9a76f60f11a304b23bb0e8dd4?s=96&d=mm&r=g\",\"contentUrl\":\"https:\/\/secure.gravatar.com\/avatar\/9db1181c394bec9505d449c90a21b5363cc35ad9a76f60f11a304b23bb0e8dd4?s=96&d=mm&r=g\",\"caption\":\"hmolina\"},\"url\":\"https:\/\/riberasalud.com\/hospital-de-molina\/author\/hmolina\/\"}]}<\/script>\n<!-- \/ Yoast SEO plugin. -->","yoast_head_json":{"title":"Primera toma de contacto en el Hospital de Molina - Hospital de Molina","robots":{"index":"index","follow":"follow","max-snippet":"max-snippet:-1","max-image-preview":"max-image-preview:large","max-video-preview":"max-video-preview:-1"},"canonical":"https:\/\/riberasalud.com\/hospital-de-molina\/primera-toma-de-contacto-en-el-hospital-de-molina\/","og_locale":"es_ES","og_type":"article","og_title":"Primera toma de contacto en el Hospital de Molina - Hospital de Molina","og_description":"9 noviembre 2018.- 28 estudiantes del ciclo formativo T\u00e9cnico Superior en Imagen para el Diagn\u00f3stico, del IES Ingeniero de la Cierva (Murcia), han visitado esta ma\u00f1ana el Hospital de Molina. M\u00e1s concretamente, las instalaciones del Servicio de Imagen Diagn\u00f3stica. Durante la ma\u00f1ana, todos ellos han podido conocer in situ los distintos procedimientos de trabajo que ... Leer m\u00e1s","og_url":"https:\/\/riberasalud.com\/hospital-de-molina\/primera-toma-de-contacto-en-el-hospital-de-molina\/","og_site_name":"Hospital de Molina","article_published_time":"2018-11-09T11:24:49+00:00","article_modified_time":"2023-10-25T06:36:04+00:00","og_image":[{"url":"https:\/\/riberasalud.com\/hospital-de-molina\/wp-content\/uploads\/2020\/05\/18-11-0920-20HM20-20Visita20alumnos20TESID20-20Foto1.jpg","type":"","width":"","height":""}],"author":"hmolina","twitter_card":"summary_large_image","twitter_misc":{"Escrito por":"hmolina","Tiempo de lectura":"1 minuto"},"schema":{"@context":"https:\/\/schema.org","@graph":[{"@type":"Article","@id":"https:\/\/riberasalud.com\/hospital-de-molina\/primera-toma-de-contacto-en-el-hospital-de-molina\/#article","isPartOf":{"@id":"https:\/\/riberasalud.com\/hospital-de-molina\/primera-toma-de-contacto-en-el-hospital-de-molina\/"},"author":{"name":"hmolina","@id":"https:\/\/riberasalud.com\/hospital-de-molina\/#\/schema\/person\/37d58effcbf02f32328940089f254419"},"headline":"Primera toma de contacto en el Hospital de Molina","datePublished":"2018-11-09T11:24:49+00:00","dateModified":"2023-10-25T06:36:04+00:00","mainEntityOfPage":{"@id":"https:\/\/riberasalud.com\/hospital-de-molina\/primera-toma-de-contacto-en-el-hospital-de-molina\/"},"wordCount":110,"publisher":{"@id":"https:\/\/riberasalud.com\/hospital-de-molina\/#organization"},"image":{"@id":"https:\/\/riberasalud.com\/hospital-de-molina\/primera-toma-de-contacto-en-el-hospital-de-molina\/#primaryimage"},"thumbnailUrl":"https:\/\/riberasalud.com\/hospital-de-molina\/wp-content\/uploads\/2020\/05\/18-11-0920-20HM20-20Visita20alumnos20TESID20-20Foto1.jpg","articleSection":["Hemeroteca"],"inLanguage":"es"},{"@type":"WebPage","@id":"https:\/\/riberasalud.com\/hospital-de-molina\/primera-toma-de-contacto-en-el-hospital-de-molina\/","url":"https:\/\/riberasalud.com\/hospital-de-molina\/primera-toma-de-contacto-en-el-hospital-de-molina\/","name":"Primera toma de contacto en el Hospital de Molina - Hospital de Molina","isPartOf":{"@id":"https:\/\/riberasalud.com\/hospital-de-molina\/#website"},"primaryImageOfPage":{"@id":"https:\/\/riberasalud.com\/hospital-de-molina\/primera-toma-de-contacto-en-el-hospital-de-molina\/#primaryimage"},"image":{"@id":"https:\/\/riberasalud.com\/hospital-de-molina\/primera-toma-de-contacto-en-el-hospital-de-molina\/#primaryimage"},"thumbnailUrl":"https:\/\/riberasalud.com\/hospital-de-molina\/wp-content\/uploads\/2020\/05\/18-11-0920-20HM20-20Visita20alumnos20TESID20-20Foto1.jpg","datePublished":"2018-11-09T11:24:49+00:00","dateModified":"2023-10-25T06:36:04+00:00","breadcrumb":{"@id":"https:\/\/riberasalud.com\/hospital-de-molina\/primera-toma-de-contacto-en-el-hospital-de-molina\/#breadcrumb"},"inLanguage":"es","potentialAction":[{"@type":"ReadAction","target":["https:\/\/riberasalud.com\/hospital-de-molina\/primera-toma-de-contacto-en-el-hospital-de-molina\/"]}]},{"@type":"ImageObject","inLanguage":"es","@id":"https:\/\/riberasalud.com\/hospital-de-molina\/primera-toma-de-contacto-en-el-hospital-de-molina\/#primaryimage","url":"https:\/\/riberasalud.com\/hospital-de-molina\/wp-content\/uploads\/2020\/05\/18-11-0920-20HM20-20Visita20alumnos20TESID20-20Foto1.jpg","contentUrl":"https:\/\/riberasalud.com\/hospital-de-molina\/wp-content\/uploads\/2020\/05\/18-11-0920-20HM20-20Visita20alumnos20TESID20-20Foto1.jpg","width":1024,"height":768},{"@type":"BreadcrumbList","@id":"https:\/\/riberasalud.com\/hospital-de-molina\/primera-toma-de-contacto-en-el-hospital-de-molina\/#breadcrumb","itemListElement":[{"@type":"ListItem","position":1,"name":"Portada","item":"https:\/\/riberasalud.com\/hospital-de-molina\/"},{"@type":"ListItem","position":2,"name":"Primera toma de contacto en el Hospital de Molina"}]},{"@type":"WebSite","@id":"https:\/\/riberasalud.com\/hospital-de-molina\/#website","url":"https:\/\/riberasalud.com\/hospital-de-molina\/","name":"Hospital de Molina","description":"","publisher":{"@id":"https:\/\/riberasalud.com\/hospital-de-molina\/#organization"},"potentialAction":[{"@type":"SearchAction","target":{"@type":"EntryPoint","urlTemplate":"https:\/\/riberasalud.com\/hospital-de-molina\/?s={search_term_string}"},"query-input":{"@type":"PropertyValueSpecification","valueRequired":true,"valueName":"search_term_string"}}],"inLanguage":"es"},{"@type":"Organization","@id":"https:\/\/riberasalud.com\/hospital-de-molina\/#organization","name":"Hospital de Molina","url":"https:\/\/riberasalud.com\/hospital-de-molina\/","logo":{"@type":"ImageObject","inLanguage":"es","@id":"https:\/\/riberasalud.com\/hospital-de-molina\/#\/schema\/logo\/image\/","url":"https:\/\/riberasalud.com\/hospital-de-molina\/wp-content\/uploads\/2023\/01\/cropped-Logo-Red-DeMolina-bigtz7.png","contentUrl":"https:\/\/riberasalud.com\/hospital-de-molina\/wp-content\/uploads\/2023\/01\/cropped-Logo-Red-DeMolina-bigtz7.png","width":300,"height":72,"caption":"Hospital de Molina"},"image":{"@id":"https:\/\/riberasalud.com\/hospital-de-molina\/#\/schema\/logo\/image\/"}},{"@type":"Person","@id":"https:\/\/riberasalud.com\/hospital-de-molina\/#\/schema\/person\/37d58effcbf02f32328940089f254419","name":"hmolina","image":{"@type":"ImageObject","inLanguage":"es","@id":"https:\/\/riberasalud.com\/hospital-de-molina\/#\/schema\/person\/image\/","url":"https:\/\/secure.gravatar.com\/avatar\/9db1181c394bec9505d449c90a21b5363cc35ad9a76f60f11a304b23bb0e8dd4?s=96&d=mm&r=g","contentUrl":"https:\/\/secure.gravatar.com\/avatar\/9db1181c394bec9505d449c90a21b5363cc35ad9a76f60f11a304b23bb0e8dd4?s=96&d=mm&r=g","caption":"hmolina"},"url":"https:\/\/riberasalud.com\/hospital-de-molina\/author\/hmolina\/"}]}},"uagb_featured_image_src":{"full":false,"thumbnail":false,"medium":false,"medium_large":false,"large":false,"1536x1536":false,"2048x2048":false},"uagb_author_info":{"display_name":"hmolina","author_link":"https:\/\/riberasalud.com\/hospital-de-molina\/author\/hmolina\/"},"uagb_comment_info":0,"uagb_excerpt":"9 noviembre 2018.- 28 estudiantes del ciclo formativo T\u00e9cnico Superior en Imagen para el Diagn\u00f3stico, del IES Ingeniero de la Cierva (Murcia), han visitado esta ma\u00f1ana el Hospital de Molina. M\u00e1s concretamente, las instalaciones del Servicio de Imagen Diagn\u00f3stica. Durante la ma\u00f1ana, todos ellos han podido conocer in situ los distintos procedimientos de trabajo que&hellip;","_links":{"self":[{"href":"https:\/\/riberasalud.com\/hospital-de-molina\/wp-json\/wp\/v2\/posts\/1897","targetHints":{"allow":["GET"]}}],"collection":[{"href":"https:\/\/riberasalud.com\/hospital-de-molina\/wp-json\/wp\/v2\/posts"}],"about":[{"href":"https:\/\/riberasalud.com\/hospital-de-molina\/wp-json\/wp\/v2\/types\/post"}],"author":[{"embeddable":true,"href":"https:\/\/riberasalud.com\/hospital-de-molina\/wp-json\/wp\/v2\/users\/3"}],"replies":[{"embeddable":true,"href":"https:\/\/riberasalud.com\/hospital-de-molina\/wp-json\/wp\/v2\/comments?post=1897"}],"version-history":[{"count":1,"href":"https:\/\/riberasalud.com\/hospital-de-molina\/wp-json\/wp\/v2\/posts\/1897\/revisions"}],"predecessor-version":[{"id":6779,"href":"https:\/\/riberasalud.com\/hospital-de-molina\/wp-json\/wp\/v2\/posts\/1897\/revisions\/6779"}],"wp:attachment":[{"href":"https:\/\/riberasalud.com\/hospital-de-molina\/wp-json\/wp\/v2\/media?parent=1897"}],"wp:term":[{"taxonomy":"category","embeddable":true,"href":"https:\/\/riberasalud.com\/hospital-de-molina\/wp-json\/wp\/v2\/categories?post=1897"},{"taxonomy":"post_tag","embeddable":true,"href":"https:\/\/riberasalud.com\/hospital-de-molina\/wp-json\/wp\/v2\/tags?post=1897"}],"curies":[{"name":"wp","href":"https:\/\/api.w.org\/{rel}","templated":true}]}}