{"id":1883,"date":"2019-02-25T13:16:26","date_gmt":"2019-02-25T12:16:26","guid":{"rendered":"https:\/\/www.hospitaldemolina.es\/1-de-marzo-v-jornada-regional-de-enfermedades-raras\/"},"modified":"2023-10-25T06:35:55","modified_gmt":"2023-10-25T06:35:55","slug":"1-de-marzo-v-jornada-regional-de-enfermedades-raras","status":"publish","type":"post","link":"https:\/\/riberasalud.com\/hospital-de-molina\/1-de-marzo-v-jornada-regional-de-enfermedades-raras\/","title":{"rendered":"1 de marzo: V Jornada Regional de Enfermedades Raras"},"content":{"rendered":"<p><strong>26 febrero 2019.-<\/strong> El pr\u00f3ximo <strong>viernes 1 de marzo<\/strong>, por la tarde<strong>, <\/strong>se celebra la <strong>V Jornada Regional de Enfermedades Raras<\/strong>, organizada por la Delegaci\u00f3n de Murcia de la Federaci\u00f3n Espa\u00f1ola de Enfermedades Raras (FEDER), el Ayuntamiento de Molina de Segura y el Hospital de Molina, con la colaboraci\u00f3n del Servicio Murciano de Salud (SMS) y de la Fundaci\u00f3n de Estudios M\u00e9dicos de Molina de Segura (FEM), y que se celebrar\u00e1 en el Sal\u00f3n de Plenos del Ayuntamiento molinense (Plaza de Espa\u00f1a, s\/n, Molina de Segura).<\/p>\n<p class=\"rtecenter\"><img decoding=\"async\" src=\"http:\/\/hospitaldemolina.es\/sites\/default\/files\/V%20Jornada%20Regional%20EERR%20-%20Cartel.png\" style=\"height:140px; width: auto;\"> <img decoding=\"async\" src=\"http:\/\/hospitaldemolina.es\/sites\/default\/files\/V%20Jornada%20Regional%20EERR%20-%20Programap2.png\" style=\"height:140px; width: auto;\"><\/p>\n<p>Durante la jornada, Alessio Cabizosu (investigador de la C\u00e1tedra de Investigaci\u00f3n Hospital de Molina de la UCAM), presentar\u00e1 el estudio de la termograf\u00eda como herramienta de diagn\u00f3stico y evaluaci\u00f3n de la distrofia muscular de Emery-Dreifuss. La t\u00e9cnica termogr\u00e1fica se basa en la medici\u00f3n y cuantificaci\u00f3n de la temperatura de la superficie corporal y puede convertirse en una novedosa herramienta de diagn\u00f3stico, al presentar numerosas ventajas, como la inmediatez de resultados o la no invasividad. Concretamente, al aplicarla a la distrofia muscular Emery-Dreifuss &#8211; un tipo de distrofia que afecta principalmente al m\u00fasculo esquel\u00e9tico y card\u00edaco -, los investigadores de la C\u00e1tedra han encontrado diferencias de temperaturas dependiendo de la fase evolutiva de la enfermedad. Los planes de futuro acerca de la investigaci\u00f3n en esta enfermedad tambi\u00e9n centrar\u00e1n parte de su ponencia.<\/p>\n<p>La Jornada, que comenzar\u00e1 a las 16:30 horas, ser\u00e1 inaugurada por el Consejero de Salud de la Regi\u00f3n de Murcia, Manuel Villegas Garc\u00eda, la Alcaldesa de Molina de Segura, Esther Clavero Mira, el Presidente de FEDER y Fundaci\u00f3n FEDER, Juan Carri\u00f3n Tudela, y el Gerente del Hospital de Molina, Pedro Hern\u00e1ndez Jim\u00e9nez.<\/p>\n<p>Las inscripciones se pueden realizar de lunes a viernes a trav\u00e9s en la Concejal\u00eda de Deporte y Salud (968 388 520), de 08.00 a 15.00 horas; y en la Delegaci\u00f3n FEDER-Murcia (968 42 02 87), de 09.00 a 13.00 horas. La inscripci\u00f3n es obligatoria y gratuita para todos los asistentes a la jornada, e incluye documentaci\u00f3n y diploma de asistencia.<\/p>\n<p>Enlaces Relacionados:<\/p>\n","protected":false},"excerpt":{"rendered":"<p>26 febrero 2019.- El pr\u00f3ximo viernes 1 de marzo, por la tarde, se celebra la V Jornada Regional de Enfermedades Raras, organizada por la Delegaci\u00f3n de Murcia de la Federaci\u00f3n Espa\u00f1ola de Enfermedades Raras (FEDER), el Ayuntamiento de Molina de Segura y el Hospital de Molina, con la colaboraci\u00f3n del Servicio Murciano de Salud (SMS) &#8230; <a title=\"1 de marzo: V Jornada Regional de Enfermedades Raras\" class=\"read-more\" href=\"https:\/\/riberasalud.com\/hospital-de-molina\/1-de-marzo-v-jornada-regional-de-enfermedades-raras\/\" aria-label=\"Leer m\u00e1s sobre 1 de marzo: V Jornada Regional de Enfermedades Raras\">Leer m\u00e1s<\/a><\/p>\n","protected":false},"author":3,"featured_media":0,"comment_status":"closed","ping_status":"open","sticky":false,"template":"","format":"standard","meta":{"_uag_custom_page_level_css":"","_mi_skip_tracking":false,"footnotes":""},"categories":[7],"tags":[],"class_list":["post-1883","post","type-post","status-publish","format-standard","hentry","category-hemeroteca"],"yoast_head":"<!-- This site is optimized with the Yoast SEO plugin v26.6 - https:\/\/yoast.com\/wordpress\/plugins\/seo\/ -->\n<title>1 de marzo: V Jornada Regional de Enfermedades Raras - Hospital de Molina<\/title>\n<meta name=\"robots\" content=\"index, follow, max-snippet:-1, max-image-preview:large, max-video-preview:-1\" \/>\n<link rel=\"canonical\" href=\"https:\/\/riberasalud.com\/hospital-de-molina\/1-de-marzo-v-jornada-regional-de-enfermedades-raras\/\" \/>\n<meta property=\"og:locale\" content=\"es_ES\" \/>\n<meta property=\"og:type\" content=\"article\" \/>\n<meta property=\"og:title\" content=\"1 de marzo: V Jornada Regional de Enfermedades Raras - Hospital de Molina\" \/>\n<meta property=\"og:description\" content=\"26 febrero 2019.- El pr\u00f3ximo viernes 1 de marzo, por la tarde, se celebra la V Jornada Regional de Enfermedades Raras, organizada por la Delegaci\u00f3n de Murcia de la Federaci\u00f3n Espa\u00f1ola de Enfermedades Raras (FEDER), el Ayuntamiento de Molina de Segura y el Hospital de Molina, con la colaboraci\u00f3n del Servicio Murciano de Salud (SMS) ... Leer m\u00e1s\" \/>\n<meta property=\"og:url\" content=\"https:\/\/riberasalud.com\/hospital-de-molina\/1-de-marzo-v-jornada-regional-de-enfermedades-raras\/\" \/>\n<meta property=\"og:site_name\" content=\"Hospital de Molina\" \/>\n<meta property=\"article:published_time\" content=\"2019-02-25T12:16:26+00:00\" \/>\n<meta property=\"article:modified_time\" content=\"2023-10-25T06:35:55+00:00\" \/>\n<meta property=\"og:image\" content=\"http:\/\/hospitaldemolina.es\/sites\/default\/files\/V%20Jornada%20Regional%20EERR%20-%20Cartel.png\" \/>\n<meta name=\"author\" content=\"hmolina\" \/>\n<meta name=\"twitter:card\" content=\"summary_large_image\" \/>\n<meta name=\"twitter:label1\" content=\"Escrito por\" \/>\n\t<meta name=\"twitter:data1\" content=\"hmolina\" \/>\n\t<meta name=\"twitter:label2\" content=\"Tiempo de lectura\" \/>\n\t<meta name=\"twitter:data2\" content=\"2 minutos\" \/>\n<script type=\"application\/ld+json\" class=\"yoast-schema-graph\">{\"@context\":\"https:\/\/schema.org\",\"@graph\":[{\"@type\":\"Article\",\"@id\":\"https:\/\/riberasalud.com\/hospital-de-molina\/1-de-marzo-v-jornada-regional-de-enfermedades-raras\/#article\",\"isPartOf\":{\"@id\":\"https:\/\/riberasalud.com\/hospital-de-molina\/1-de-marzo-v-jornada-regional-de-enfermedades-raras\/\"},\"author\":{\"name\":\"hmolina\",\"@id\":\"https:\/\/riberasalud.com\/hospital-de-molina\/#\/schema\/person\/37d58effcbf02f32328940089f254419\"},\"headline\":\"1 de marzo: V Jornada Regional de Enfermedades Raras\",\"datePublished\":\"2019-02-25T12:16:26+00:00\",\"dateModified\":\"2023-10-25T06:35:55+00:00\",\"mainEntityOfPage\":{\"@id\":\"https:\/\/riberasalud.com\/hospital-de-molina\/1-de-marzo-v-jornada-regional-de-enfermedades-raras\/\"},\"wordCount\":363,\"publisher\":{\"@id\":\"https:\/\/riberasalud.com\/hospital-de-molina\/#organization\"},\"image\":{\"@id\":\"https:\/\/riberasalud.com\/hospital-de-molina\/1-de-marzo-v-jornada-regional-de-enfermedades-raras\/#primaryimage\"},\"thumbnailUrl\":\"http:\/\/hospitaldemolina.es\/sites\/default\/files\/V%20Jornada%20Regional%20EERR%20-%20Cartel.png\",\"articleSection\":[\"Hemeroteca\"],\"inLanguage\":\"es\"},{\"@type\":\"WebPage\",\"@id\":\"https:\/\/riberasalud.com\/hospital-de-molina\/1-de-marzo-v-jornada-regional-de-enfermedades-raras\/\",\"url\":\"https:\/\/riberasalud.com\/hospital-de-molina\/1-de-marzo-v-jornada-regional-de-enfermedades-raras\/\",\"name\":\"1 de marzo: V Jornada Regional de Enfermedades Raras - Hospital de Molina\",\"isPartOf\":{\"@id\":\"https:\/\/riberasalud.com\/hospital-de-molina\/#website\"},\"primaryImageOfPage\":{\"@id\":\"https:\/\/riberasalud.com\/hospital-de-molina\/1-de-marzo-v-jornada-regional-de-enfermedades-raras\/#primaryimage\"},\"image\":{\"@id\":\"https:\/\/riberasalud.com\/hospital-de-molina\/1-de-marzo-v-jornada-regional-de-enfermedades-raras\/#primaryimage\"},\"thumbnailUrl\":\"http:\/\/hospitaldemolina.es\/sites\/default\/files\/V%20Jornada%20Regional%20EERR%20-%20Cartel.png\",\"datePublished\":\"2019-02-25T12:16:26+00:00\",\"dateModified\":\"2023-10-25T06:35:55+00:00\",\"breadcrumb\":{\"@id\":\"https:\/\/riberasalud.com\/hospital-de-molina\/1-de-marzo-v-jornada-regional-de-enfermedades-raras\/#breadcrumb\"},\"inLanguage\":\"es\",\"potentialAction\":[{\"@type\":\"ReadAction\",\"target\":[\"https:\/\/riberasalud.com\/hospital-de-molina\/1-de-marzo-v-jornada-regional-de-enfermedades-raras\/\"]}]},{\"@type\":\"ImageObject\",\"inLanguage\":\"es\",\"@id\":\"https:\/\/riberasalud.com\/hospital-de-molina\/1-de-marzo-v-jornada-regional-de-enfermedades-raras\/#primaryimage\",\"url\":\"http:\/\/hospitaldemolina.es\/sites\/default\/files\/V%20Jornada%20Regional%20EERR%20-%20Cartel.png\",\"contentUrl\":\"http:\/\/hospitaldemolina.es\/sites\/default\/files\/V%20Jornada%20Regional%20EERR%20-%20Cartel.png\"},{\"@type\":\"BreadcrumbList\",\"@id\":\"https:\/\/riberasalud.com\/hospital-de-molina\/1-de-marzo-v-jornada-regional-de-enfermedades-raras\/#breadcrumb\",\"itemListElement\":[{\"@type\":\"ListItem\",\"position\":1,\"name\":\"Portada\",\"item\":\"https:\/\/riberasalud.com\/hospital-de-molina\/\"},{\"@type\":\"ListItem\",\"position\":2,\"name\":\"1 de marzo: V Jornada Regional de Enfermedades Raras\"}]},{\"@type\":\"WebSite\",\"@id\":\"https:\/\/riberasalud.com\/hospital-de-molina\/#website\",\"url\":\"https:\/\/riberasalud.com\/hospital-de-molina\/\",\"name\":\"Hospital de Molina\",\"description\":\"\",\"publisher\":{\"@id\":\"https:\/\/riberasalud.com\/hospital-de-molina\/#organization\"},\"potentialAction\":[{\"@type\":\"SearchAction\",\"target\":{\"@type\":\"EntryPoint\",\"urlTemplate\":\"https:\/\/riberasalud.com\/hospital-de-molina\/?s={search_term_string}\"},\"query-input\":{\"@type\":\"PropertyValueSpecification\",\"valueRequired\":true,\"valueName\":\"search_term_string\"}}],\"inLanguage\":\"es\"},{\"@type\":\"Organization\",\"@id\":\"https:\/\/riberasalud.com\/hospital-de-molina\/#organization\",\"name\":\"Hospital de Molina\",\"url\":\"https:\/\/riberasalud.com\/hospital-de-molina\/\",\"logo\":{\"@type\":\"ImageObject\",\"inLanguage\":\"es\",\"@id\":\"https:\/\/riberasalud.com\/hospital-de-molina\/#\/schema\/logo\/image\/\",\"url\":\"https:\/\/riberasalud.com\/hospital-de-molina\/wp-content\/uploads\/2023\/01\/cropped-Logo-Red-DeMolina-bigtz7.png\",\"contentUrl\":\"https:\/\/riberasalud.com\/hospital-de-molina\/wp-content\/uploads\/2023\/01\/cropped-Logo-Red-DeMolina-bigtz7.png\",\"width\":300,\"height\":72,\"caption\":\"Hospital de Molina\"},\"image\":{\"@id\":\"https:\/\/riberasalud.com\/hospital-de-molina\/#\/schema\/logo\/image\/\"}},{\"@type\":\"Person\",\"@id\":\"https:\/\/riberasalud.com\/hospital-de-molina\/#\/schema\/person\/37d58effcbf02f32328940089f254419\",\"name\":\"hmolina\",\"image\":{\"@type\":\"ImageObject\",\"inLanguage\":\"es\",\"@id\":\"https:\/\/riberasalud.com\/hospital-de-molina\/#\/schema\/person\/image\/\",\"url\":\"https:\/\/secure.gravatar.com\/avatar\/9db1181c394bec9505d449c90a21b5363cc35ad9a76f60f11a304b23bb0e8dd4?s=96&d=mm&r=g\",\"contentUrl\":\"https:\/\/secure.gravatar.com\/avatar\/9db1181c394bec9505d449c90a21b5363cc35ad9a76f60f11a304b23bb0e8dd4?s=96&d=mm&r=g\",\"caption\":\"hmolina\"},\"url\":\"https:\/\/riberasalud.com\/hospital-de-molina\/author\/hmolina\/\"}]}<\/script>\n<!-- \/ Yoast SEO plugin. -->","yoast_head_json":{"title":"1 de marzo: V Jornada Regional de Enfermedades Raras - Hospital de Molina","robots":{"index":"index","follow":"follow","max-snippet":"max-snippet:-1","max-image-preview":"max-image-preview:large","max-video-preview":"max-video-preview:-1"},"canonical":"https:\/\/riberasalud.com\/hospital-de-molina\/1-de-marzo-v-jornada-regional-de-enfermedades-raras\/","og_locale":"es_ES","og_type":"article","og_title":"1 de marzo: V Jornada Regional de Enfermedades Raras - Hospital de Molina","og_description":"26 febrero 2019.- El pr\u00f3ximo viernes 1 de marzo, por la tarde, se celebra la V Jornada Regional de Enfermedades Raras, organizada por la Delegaci\u00f3n de Murcia de la Federaci\u00f3n Espa\u00f1ola de Enfermedades Raras (FEDER), el Ayuntamiento de Molina de Segura y el Hospital de Molina, con la colaboraci\u00f3n del Servicio Murciano de Salud (SMS) ... Leer m\u00e1s","og_url":"https:\/\/riberasalud.com\/hospital-de-molina\/1-de-marzo-v-jornada-regional-de-enfermedades-raras\/","og_site_name":"Hospital de Molina","article_published_time":"2019-02-25T12:16:26+00:00","article_modified_time":"2023-10-25T06:35:55+00:00","og_image":[{"url":"http:\/\/hospitaldemolina.es\/sites\/default\/files\/V%20Jornada%20Regional%20EERR%20-%20Cartel.png","type":"","width":"","height":""}],"author":"hmolina","twitter_card":"summary_large_image","twitter_misc":{"Escrito por":"hmolina","Tiempo de lectura":"2 minutos"},"schema":{"@context":"https:\/\/schema.org","@graph":[{"@type":"Article","@id":"https:\/\/riberasalud.com\/hospital-de-molina\/1-de-marzo-v-jornada-regional-de-enfermedades-raras\/#article","isPartOf":{"@id":"https:\/\/riberasalud.com\/hospital-de-molina\/1-de-marzo-v-jornada-regional-de-enfermedades-raras\/"},"author":{"name":"hmolina","@id":"https:\/\/riberasalud.com\/hospital-de-molina\/#\/schema\/person\/37d58effcbf02f32328940089f254419"},"headline":"1 de marzo: V Jornada Regional de Enfermedades Raras","datePublished":"2019-02-25T12:16:26+00:00","dateModified":"2023-10-25T06:35:55+00:00","mainEntityOfPage":{"@id":"https:\/\/riberasalud.com\/hospital-de-molina\/1-de-marzo-v-jornada-regional-de-enfermedades-raras\/"},"wordCount":363,"publisher":{"@id":"https:\/\/riberasalud.com\/hospital-de-molina\/#organization"},"image":{"@id":"https:\/\/riberasalud.com\/hospital-de-molina\/1-de-marzo-v-jornada-regional-de-enfermedades-raras\/#primaryimage"},"thumbnailUrl":"http:\/\/hospitaldemolina.es\/sites\/default\/files\/V%20Jornada%20Regional%20EERR%20-%20Cartel.png","articleSection":["Hemeroteca"],"inLanguage":"es"},{"@type":"WebPage","@id":"https:\/\/riberasalud.com\/hospital-de-molina\/1-de-marzo-v-jornada-regional-de-enfermedades-raras\/","url":"https:\/\/riberasalud.com\/hospital-de-molina\/1-de-marzo-v-jornada-regional-de-enfermedades-raras\/","name":"1 de marzo: V Jornada Regional de Enfermedades Raras - Hospital de Molina","isPartOf":{"@id":"https:\/\/riberasalud.com\/hospital-de-molina\/#website"},"primaryImageOfPage":{"@id":"https:\/\/riberasalud.com\/hospital-de-molina\/1-de-marzo-v-jornada-regional-de-enfermedades-raras\/#primaryimage"},"image":{"@id":"https:\/\/riberasalud.com\/hospital-de-molina\/1-de-marzo-v-jornada-regional-de-enfermedades-raras\/#primaryimage"},"thumbnailUrl":"http:\/\/hospitaldemolina.es\/sites\/default\/files\/V%20Jornada%20Regional%20EERR%20-%20Cartel.png","datePublished":"2019-02-25T12:16:26+00:00","dateModified":"2023-10-25T06:35:55+00:00","breadcrumb":{"@id":"https:\/\/riberasalud.com\/hospital-de-molina\/1-de-marzo-v-jornada-regional-de-enfermedades-raras\/#breadcrumb"},"inLanguage":"es","potentialAction":[{"@type":"ReadAction","target":["https:\/\/riberasalud.com\/hospital-de-molina\/1-de-marzo-v-jornada-regional-de-enfermedades-raras\/"]}]},{"@type":"ImageObject","inLanguage":"es","@id":"https:\/\/riberasalud.com\/hospital-de-molina\/1-de-marzo-v-jornada-regional-de-enfermedades-raras\/#primaryimage","url":"http:\/\/hospitaldemolina.es\/sites\/default\/files\/V%20Jornada%20Regional%20EERR%20-%20Cartel.png","contentUrl":"http:\/\/hospitaldemolina.es\/sites\/default\/files\/V%20Jornada%20Regional%20EERR%20-%20Cartel.png"},{"@type":"BreadcrumbList","@id":"https:\/\/riberasalud.com\/hospital-de-molina\/1-de-marzo-v-jornada-regional-de-enfermedades-raras\/#breadcrumb","itemListElement":[{"@type":"ListItem","position":1,"name":"Portada","item":"https:\/\/riberasalud.com\/hospital-de-molina\/"},{"@type":"ListItem","position":2,"name":"1 de marzo: V Jornada Regional de Enfermedades Raras"}]},{"@type":"WebSite","@id":"https:\/\/riberasalud.com\/hospital-de-molina\/#website","url":"https:\/\/riberasalud.com\/hospital-de-molina\/","name":"Hospital de Molina","description":"","publisher":{"@id":"https:\/\/riberasalud.com\/hospital-de-molina\/#organization"},"potentialAction":[{"@type":"SearchAction","target":{"@type":"EntryPoint","urlTemplate":"https:\/\/riberasalud.com\/hospital-de-molina\/?s={search_term_string}"},"query-input":{"@type":"PropertyValueSpecification","valueRequired":true,"valueName":"search_term_string"}}],"inLanguage":"es"},{"@type":"Organization","@id":"https:\/\/riberasalud.com\/hospital-de-molina\/#organization","name":"Hospital de Molina","url":"https:\/\/riberasalud.com\/hospital-de-molina\/","logo":{"@type":"ImageObject","inLanguage":"es","@id":"https:\/\/riberasalud.com\/hospital-de-molina\/#\/schema\/logo\/image\/","url":"https:\/\/riberasalud.com\/hospital-de-molina\/wp-content\/uploads\/2023\/01\/cropped-Logo-Red-DeMolina-bigtz7.png","contentUrl":"https:\/\/riberasalud.com\/hospital-de-molina\/wp-content\/uploads\/2023\/01\/cropped-Logo-Red-DeMolina-bigtz7.png","width":300,"height":72,"caption":"Hospital de Molina"},"image":{"@id":"https:\/\/riberasalud.com\/hospital-de-molina\/#\/schema\/logo\/image\/"}},{"@type":"Person","@id":"https:\/\/riberasalud.com\/hospital-de-molina\/#\/schema\/person\/37d58effcbf02f32328940089f254419","name":"hmolina","image":{"@type":"ImageObject","inLanguage":"es","@id":"https:\/\/riberasalud.com\/hospital-de-molina\/#\/schema\/person\/image\/","url":"https:\/\/secure.gravatar.com\/avatar\/9db1181c394bec9505d449c90a21b5363cc35ad9a76f60f11a304b23bb0e8dd4?s=96&d=mm&r=g","contentUrl":"https:\/\/secure.gravatar.com\/avatar\/9db1181c394bec9505d449c90a21b5363cc35ad9a76f60f11a304b23bb0e8dd4?s=96&d=mm&r=g","caption":"hmolina"},"url":"https:\/\/riberasalud.com\/hospital-de-molina\/author\/hmolina\/"}]}},"uagb_featured_image_src":{"full":false,"thumbnail":false,"medium":false,"medium_large":false,"large":false,"1536x1536":false,"2048x2048":false},"uagb_author_info":{"display_name":"hmolina","author_link":"https:\/\/riberasalud.com\/hospital-de-molina\/author\/hmolina\/"},"uagb_comment_info":0,"uagb_excerpt":"26 febrero 2019.- El pr\u00f3ximo viernes 1 de marzo, por la tarde, se celebra la V Jornada Regional de Enfermedades Raras, organizada por la Delegaci\u00f3n de Murcia de la Federaci\u00f3n Espa\u00f1ola de Enfermedades Raras (FEDER), el Ayuntamiento de Molina de Segura y el Hospital de Molina, con la colaboraci\u00f3n del Servicio Murciano de Salud (SMS)&hellip;","_links":{"self":[{"href":"https:\/\/riberasalud.com\/hospital-de-molina\/wp-json\/wp\/v2\/posts\/1883","targetHints":{"allow":["GET"]}}],"collection":[{"href":"https:\/\/riberasalud.com\/hospital-de-molina\/wp-json\/wp\/v2\/posts"}],"about":[{"href":"https:\/\/riberasalud.com\/hospital-de-molina\/wp-json\/wp\/v2\/types\/post"}],"author":[{"embeddable":true,"href":"https:\/\/riberasalud.com\/hospital-de-molina\/wp-json\/wp\/v2\/users\/3"}],"replies":[{"embeddable":true,"href":"https:\/\/riberasalud.com\/hospital-de-molina\/wp-json\/wp\/v2\/comments?post=1883"}],"version-history":[{"count":1,"href":"https:\/\/riberasalud.com\/hospital-de-molina\/wp-json\/wp\/v2\/posts\/1883\/revisions"}],"predecessor-version":[{"id":8203,"href":"https:\/\/riberasalud.com\/hospital-de-molina\/wp-json\/wp\/v2\/posts\/1883\/revisions\/8203"}],"wp:attachment":[{"href":"https:\/\/riberasalud.com\/hospital-de-molina\/wp-json\/wp\/v2\/media?parent=1883"}],"wp:term":[{"taxonomy":"category","embeddable":true,"href":"https:\/\/riberasalud.com\/hospital-de-molina\/wp-json\/wp\/v2\/categories?post=1883"},{"taxonomy":"post_tag","embeddable":true,"href":"https:\/\/riberasalud.com\/hospital-de-molina\/wp-json\/wp\/v2\/tags?post=1883"}],"curies":[{"name":"wp","href":"https:\/\/api.w.org\/{rel}","templated":true}]}}