{"id":1882,"date":"2019-02-28T12:52:33","date_gmt":"2019-02-28T11:52:33","guid":{"rendered":"https:\/\/www.hospitaldemolina.es\/el-hospital-de-molina-se-adhiere-a-la-iniciativa-empresas-por-una-sociedad-libre-de-violencia-de-genero\/"},"modified":"2023-10-25T06:35:55","modified_gmt":"2023-10-25T06:35:55","slug":"el-hospital-de-molina-se-adhiere-a-la-iniciativa-empresas-por-una-sociedad-libre-de-violencia-de-genero","status":"publish","type":"post","link":"https:\/\/riberasalud.com\/hospital-de-molina\/el-hospital-de-molina-se-adhiere-a-la-iniciativa-empresas-por-una-sociedad-libre-de-violencia-de-genero\/","title":{"rendered":"El Hospital de Molina se adhiere a la iniciativa Empresas por una sociedad libre de violencia de g\u00e9nero"},"content":{"rendered":"<p><strong>6 marzo 2019.-<\/strong> El <strong>Hospital de Molina<\/strong> se suma a la iniciativa <strong>Empresas por una sociedad libre de violencia de g\u00e9nero<\/strong>, a trav\u00e9s de la firma de un protocolo con la Comunidad Aut\u00f3noma de la Regi\u00f3n de Murcia (CARM) para promover la sensibilizaci\u00f3n y concienciaci\u00f3n social contra la violencia de g\u00e9nero.<\/p>\n<p class=\"rtecenter\"><img decoding=\"async\" src=\"http:\/\/hospitaldemolina.es\/sites\/default\/files\/HM1.JPG\" style=\"height:140px; width: auto;\"> <img decoding=\"async\" src=\"http:\/\/hospitaldemolina.es\/sites\/default\/files\/HM2_0.JPG\" style=\"height:140px; width: auto;\"> <img decoding=\"async\" src=\"http:\/\/hospitaldemolina.es\/sites\/default\/files\/HM3_0.JPG\" style=\"height:140px; width: auto;\"><\/p>\n<p><strong>El Presidente de la Regi\u00f3n de Murcia, Fernando L\u00f3pez Miras<\/strong>, ha presidido un acto de reconocimiento a las 44 empresas, entre las que se encuentra el Hospital de Molina, que se han adherido a esta iniciativa, cuyo objetivo es promover, en el \u00e1mbito de la Comunidad Aut\u00f3noma, la sensibilizaci\u00f3n social contra la violencia de g\u00e9nero y la inserci\u00f3n laboral de mujeres que han sufrido esa violencia, implicando a las empresas que ejerzan su actividad en su territorio.<\/p>\n<p>El <strong>Director-Gerente del Hospital de Molina, Pedro Hern\u00e1ndez Jim\u00e9nez<\/strong>, ha explicado que \u201cen nuestro hospital, somos muy conscientes de la problem\u00e1tica social existente y de la necesidad de una mayor implicaci\u00f3n de todos los agentes sociales para prevenir la violencia de g\u00e9nero. En este sentido, hoy materializamos nuestro compromiso con la Comunidad Aut\u00f3noma para, desde el Hospital de Molina, contribuir a crear una mayor sensibilizaci\u00f3n ante esta lacra y aportar nuestro granito de arena para, entre todos, construir conjuntamente una sociedad libre de cualquier forma de violencia sobre la mujer\u201d.<\/p>\n<p>En virtud de la adhesi\u00f3n a la iniciativa Empresas por una sociedad libre de violencia de g\u00e9nero, el Hospital de Molina colaborar\u00e1 activamente en la difusi\u00f3n de las campa\u00f1as de sensibilizaci\u00f3n y prevenci\u00f3n que las autoridades regionales y estatales competentes en materia de Igualdad pongan en marcha, y en la distribuci\u00f3n de material de sensibilizaci\u00f3n y prevenci\u00f3n de la violencia contra la mujer.<\/p>\n<p>El centro hospitalario, junto con el resto de empresas adheridas, entra a formar parte de la Red de Empresas por una Sociedad Libre de Violencia de G\u00e9nero, existente a nivel nacional.<\/p>\n<p>Enlaces Relacionados:<\/p>\n","protected":false},"excerpt":{"rendered":"<p>6 marzo 2019.- El Hospital de Molina se suma a la iniciativa Empresas por una sociedad libre de violencia de g\u00e9nero, a trav\u00e9s de la firma de un protocolo con la Comunidad Aut\u00f3noma de la Regi\u00f3n de Murcia (CARM) para promover la sensibilizaci\u00f3n y concienciaci\u00f3n social contra la violencia de g\u00e9nero. El Presidente de la &#8230; <a title=\"El Hospital de Molina se adhiere a la iniciativa Empresas por una sociedad libre de violencia de g\u00e9nero\" class=\"read-more\" href=\"https:\/\/riberasalud.com\/hospital-de-molina\/el-hospital-de-molina-se-adhiere-a-la-iniciativa-empresas-por-una-sociedad-libre-de-violencia-de-genero\/\" aria-label=\"Leer m\u00e1s sobre El Hospital de Molina se adhiere a la iniciativa Empresas por una sociedad libre de violencia de g\u00e9nero\">Leer m\u00e1s<\/a><\/p>\n","protected":false},"author":3,"featured_media":0,"comment_status":"closed","ping_status":"open","sticky":false,"template":"","format":"standard","meta":{"_uag_custom_page_level_css":"","_mi_skip_tracking":false,"footnotes":""},"categories":[7],"tags":[],"class_list":["post-1882","post","type-post","status-publish","format-standard","hentry","category-hemeroteca"],"yoast_head":"<!-- This site is optimized with the Yoast SEO plugin v26.6 - https:\/\/yoast.com\/wordpress\/plugins\/seo\/ -->\n<title>El Hospital de Molina se adhiere a la iniciativa Empresas por una sociedad libre de violencia de g\u00e9nero - Hospital de Molina<\/title>\n<meta name=\"robots\" content=\"index, follow, max-snippet:-1, max-image-preview:large, max-video-preview:-1\" \/>\n<link rel=\"canonical\" href=\"https:\/\/riberasalud.com\/hospital-de-molina\/el-hospital-de-molina-se-adhiere-a-la-iniciativa-empresas-por-una-sociedad-libre-de-violencia-de-genero\/\" \/>\n<meta property=\"og:locale\" content=\"es_ES\" \/>\n<meta property=\"og:type\" content=\"article\" \/>\n<meta property=\"og:title\" content=\"El Hospital de Molina se adhiere a la iniciativa Empresas por una sociedad libre de violencia de g\u00e9nero - Hospital de Molina\" \/>\n<meta property=\"og:description\" content=\"6 marzo 2019.- El Hospital de Molina se suma a la iniciativa Empresas por una sociedad libre de violencia de g\u00e9nero, a trav\u00e9s de la firma de un protocolo con la Comunidad Aut\u00f3noma de la Regi\u00f3n de Murcia (CARM) para promover la sensibilizaci\u00f3n y concienciaci\u00f3n social contra la violencia de g\u00e9nero. El Presidente de la ... Leer m\u00e1s\" \/>\n<meta property=\"og:url\" content=\"https:\/\/riberasalud.com\/hospital-de-molina\/el-hospital-de-molina-se-adhiere-a-la-iniciativa-empresas-por-una-sociedad-libre-de-violencia-de-genero\/\" \/>\n<meta property=\"og:site_name\" content=\"Hospital de Molina\" \/>\n<meta property=\"article:published_time\" content=\"2019-02-28T11:52:33+00:00\" \/>\n<meta property=\"article:modified_time\" content=\"2023-10-25T06:35:55+00:00\" \/>\n<meta property=\"og:image\" content=\"http:\/\/hospitaldemolina.es\/sites\/default\/files\/HM1.JPG\" \/>\n<meta name=\"author\" content=\"hmolina\" \/>\n<meta name=\"twitter:card\" content=\"summary_large_image\" \/>\n<meta name=\"twitter:label1\" content=\"Escrito por\" \/>\n\t<meta name=\"twitter:data1\" content=\"hmolina\" \/>\n\t<meta name=\"twitter:label2\" content=\"Tiempo de lectura\" \/>\n\t<meta name=\"twitter:data2\" content=\"2 minutos\" \/>\n<script type=\"application\/ld+json\" class=\"yoast-schema-graph\">{\"@context\":\"https:\/\/schema.org\",\"@graph\":[{\"@type\":\"Article\",\"@id\":\"https:\/\/riberasalud.com\/hospital-de-molina\/el-hospital-de-molina-se-adhiere-a-la-iniciativa-empresas-por-una-sociedad-libre-de-violencia-de-genero\/#article\",\"isPartOf\":{\"@id\":\"https:\/\/riberasalud.com\/hospital-de-molina\/el-hospital-de-molina-se-adhiere-a-la-iniciativa-empresas-por-una-sociedad-libre-de-violencia-de-genero\/\"},\"author\":{\"name\":\"hmolina\",\"@id\":\"https:\/\/riberasalud.com\/hospital-de-molina\/#\/schema\/person\/37d58effcbf02f32328940089f254419\"},\"headline\":\"El Hospital de Molina se adhiere a la iniciativa Empresas por una sociedad libre de violencia de g\u00e9nero\",\"datePublished\":\"2019-02-28T11:52:33+00:00\",\"dateModified\":\"2023-10-25T06:35:55+00:00\",\"mainEntityOfPage\":{\"@id\":\"https:\/\/riberasalud.com\/hospital-de-molina\/el-hospital-de-molina-se-adhiere-a-la-iniciativa-empresas-por-una-sociedad-libre-de-violencia-de-genero\/\"},\"wordCount\":361,\"publisher\":{\"@id\":\"https:\/\/riberasalud.com\/hospital-de-molina\/#organization\"},\"image\":{\"@id\":\"https:\/\/riberasalud.com\/hospital-de-molina\/el-hospital-de-molina-se-adhiere-a-la-iniciativa-empresas-por-una-sociedad-libre-de-violencia-de-genero\/#primaryimage\"},\"thumbnailUrl\":\"http:\/\/hospitaldemolina.es\/sites\/default\/files\/HM1.JPG\",\"articleSection\":[\"Hemeroteca\"],\"inLanguage\":\"es\"},{\"@type\":\"WebPage\",\"@id\":\"https:\/\/riberasalud.com\/hospital-de-molina\/el-hospital-de-molina-se-adhiere-a-la-iniciativa-empresas-por-una-sociedad-libre-de-violencia-de-genero\/\",\"url\":\"https:\/\/riberasalud.com\/hospital-de-molina\/el-hospital-de-molina-se-adhiere-a-la-iniciativa-empresas-por-una-sociedad-libre-de-violencia-de-genero\/\",\"name\":\"El Hospital de Molina se adhiere a la iniciativa Empresas por una sociedad libre de violencia de g\u00e9nero - Hospital de Molina\",\"isPartOf\":{\"@id\":\"https:\/\/riberasalud.com\/hospital-de-molina\/#website\"},\"primaryImageOfPage\":{\"@id\":\"https:\/\/riberasalud.com\/hospital-de-molina\/el-hospital-de-molina-se-adhiere-a-la-iniciativa-empresas-por-una-sociedad-libre-de-violencia-de-genero\/#primaryimage\"},\"image\":{\"@id\":\"https:\/\/riberasalud.com\/hospital-de-molina\/el-hospital-de-molina-se-adhiere-a-la-iniciativa-empresas-por-una-sociedad-libre-de-violencia-de-genero\/#primaryimage\"},\"thumbnailUrl\":\"http:\/\/hospitaldemolina.es\/sites\/default\/files\/HM1.JPG\",\"datePublished\":\"2019-02-28T11:52:33+00:00\",\"dateModified\":\"2023-10-25T06:35:55+00:00\",\"breadcrumb\":{\"@id\":\"https:\/\/riberasalud.com\/hospital-de-molina\/el-hospital-de-molina-se-adhiere-a-la-iniciativa-empresas-por-una-sociedad-libre-de-violencia-de-genero\/#breadcrumb\"},\"inLanguage\":\"es\",\"potentialAction\":[{\"@type\":\"ReadAction\",\"target\":[\"https:\/\/riberasalud.com\/hospital-de-molina\/el-hospital-de-molina-se-adhiere-a-la-iniciativa-empresas-por-una-sociedad-libre-de-violencia-de-genero\/\"]}]},{\"@type\":\"ImageObject\",\"inLanguage\":\"es\",\"@id\":\"https:\/\/riberasalud.com\/hospital-de-molina\/el-hospital-de-molina-se-adhiere-a-la-iniciativa-empresas-por-una-sociedad-libre-de-violencia-de-genero\/#primaryimage\",\"url\":\"http:\/\/hospitaldemolina.es\/sites\/default\/files\/HM1.JPG\",\"contentUrl\":\"http:\/\/hospitaldemolina.es\/sites\/default\/files\/HM1.JPG\"},{\"@type\":\"BreadcrumbList\",\"@id\":\"https:\/\/riberasalud.com\/hospital-de-molina\/el-hospital-de-molina-se-adhiere-a-la-iniciativa-empresas-por-una-sociedad-libre-de-violencia-de-genero\/#breadcrumb\",\"itemListElement\":[{\"@type\":\"ListItem\",\"position\":1,\"name\":\"Portada\",\"item\":\"https:\/\/riberasalud.com\/hospital-de-molina\/\"},{\"@type\":\"ListItem\",\"position\":2,\"name\":\"El Hospital de Molina se adhiere a la iniciativa Empresas por una sociedad libre de violencia de g\u00e9nero\"}]},{\"@type\":\"WebSite\",\"@id\":\"https:\/\/riberasalud.com\/hospital-de-molina\/#website\",\"url\":\"https:\/\/riberasalud.com\/hospital-de-molina\/\",\"name\":\"Hospital de Molina\",\"description\":\"\",\"publisher\":{\"@id\":\"https:\/\/riberasalud.com\/hospital-de-molina\/#organization\"},\"potentialAction\":[{\"@type\":\"SearchAction\",\"target\":{\"@type\":\"EntryPoint\",\"urlTemplate\":\"https:\/\/riberasalud.com\/hospital-de-molina\/?s={search_term_string}\"},\"query-input\":{\"@type\":\"PropertyValueSpecification\",\"valueRequired\":true,\"valueName\":\"search_term_string\"}}],\"inLanguage\":\"es\"},{\"@type\":\"Organization\",\"@id\":\"https:\/\/riberasalud.com\/hospital-de-molina\/#organization\",\"name\":\"Hospital de Molina\",\"url\":\"https:\/\/riberasalud.com\/hospital-de-molina\/\",\"logo\":{\"@type\":\"ImageObject\",\"inLanguage\":\"es\",\"@id\":\"https:\/\/riberasalud.com\/hospital-de-molina\/#\/schema\/logo\/image\/\",\"url\":\"https:\/\/riberasalud.com\/hospital-de-molina\/wp-content\/uploads\/2023\/01\/cropped-Logo-Red-DeMolina-bigtz7.png\",\"contentUrl\":\"https:\/\/riberasalud.com\/hospital-de-molina\/wp-content\/uploads\/2023\/01\/cropped-Logo-Red-DeMolina-bigtz7.png\",\"width\":300,\"height\":72,\"caption\":\"Hospital de Molina\"},\"image\":{\"@id\":\"https:\/\/riberasalud.com\/hospital-de-molina\/#\/schema\/logo\/image\/\"}},{\"@type\":\"Person\",\"@id\":\"https:\/\/riberasalud.com\/hospital-de-molina\/#\/schema\/person\/37d58effcbf02f32328940089f254419\",\"name\":\"hmolina\",\"image\":{\"@type\":\"ImageObject\",\"inLanguage\":\"es\",\"@id\":\"https:\/\/riberasalud.com\/hospital-de-molina\/#\/schema\/person\/image\/\",\"url\":\"https:\/\/secure.gravatar.com\/avatar\/9db1181c394bec9505d449c90a21b5363cc35ad9a76f60f11a304b23bb0e8dd4?s=96&d=mm&r=g\",\"contentUrl\":\"https:\/\/secure.gravatar.com\/avatar\/9db1181c394bec9505d449c90a21b5363cc35ad9a76f60f11a304b23bb0e8dd4?s=96&d=mm&r=g\",\"caption\":\"hmolina\"},\"url\":\"https:\/\/riberasalud.com\/hospital-de-molina\/author\/hmolina\/\"}]}<\/script>\n<!-- \/ Yoast SEO plugin. -->","yoast_head_json":{"title":"El Hospital de Molina se adhiere a la iniciativa Empresas por una sociedad libre de violencia de g\u00e9nero - Hospital de Molina","robots":{"index":"index","follow":"follow","max-snippet":"max-snippet:-1","max-image-preview":"max-image-preview:large","max-video-preview":"max-video-preview:-1"},"canonical":"https:\/\/riberasalud.com\/hospital-de-molina\/el-hospital-de-molina-se-adhiere-a-la-iniciativa-empresas-por-una-sociedad-libre-de-violencia-de-genero\/","og_locale":"es_ES","og_type":"article","og_title":"El Hospital de Molina se adhiere a la iniciativa Empresas por una sociedad libre de violencia de g\u00e9nero - Hospital de Molina","og_description":"6 marzo 2019.- El Hospital de Molina se suma a la iniciativa Empresas por una sociedad libre de violencia de g\u00e9nero, a trav\u00e9s de la firma de un protocolo con la Comunidad Aut\u00f3noma de la Regi\u00f3n de Murcia (CARM) para promover la sensibilizaci\u00f3n y concienciaci\u00f3n social contra la violencia de g\u00e9nero. El Presidente de la ... Leer m\u00e1s","og_url":"https:\/\/riberasalud.com\/hospital-de-molina\/el-hospital-de-molina-se-adhiere-a-la-iniciativa-empresas-por-una-sociedad-libre-de-violencia-de-genero\/","og_site_name":"Hospital de Molina","article_published_time":"2019-02-28T11:52:33+00:00","article_modified_time":"2023-10-25T06:35:55+00:00","og_image":[{"url":"http:\/\/hospitaldemolina.es\/sites\/default\/files\/HM1.JPG","type":"","width":"","height":""}],"author":"hmolina","twitter_card":"summary_large_image","twitter_misc":{"Escrito por":"hmolina","Tiempo de lectura":"2 minutos"},"schema":{"@context":"https:\/\/schema.org","@graph":[{"@type":"Article","@id":"https:\/\/riberasalud.com\/hospital-de-molina\/el-hospital-de-molina-se-adhiere-a-la-iniciativa-empresas-por-una-sociedad-libre-de-violencia-de-genero\/#article","isPartOf":{"@id":"https:\/\/riberasalud.com\/hospital-de-molina\/el-hospital-de-molina-se-adhiere-a-la-iniciativa-empresas-por-una-sociedad-libre-de-violencia-de-genero\/"},"author":{"name":"hmolina","@id":"https:\/\/riberasalud.com\/hospital-de-molina\/#\/schema\/person\/37d58effcbf02f32328940089f254419"},"headline":"El Hospital de Molina se adhiere a la iniciativa Empresas por una sociedad libre de violencia de g\u00e9nero","datePublished":"2019-02-28T11:52:33+00:00","dateModified":"2023-10-25T06:35:55+00:00","mainEntityOfPage":{"@id":"https:\/\/riberasalud.com\/hospital-de-molina\/el-hospital-de-molina-se-adhiere-a-la-iniciativa-empresas-por-una-sociedad-libre-de-violencia-de-genero\/"},"wordCount":361,"publisher":{"@id":"https:\/\/riberasalud.com\/hospital-de-molina\/#organization"},"image":{"@id":"https:\/\/riberasalud.com\/hospital-de-molina\/el-hospital-de-molina-se-adhiere-a-la-iniciativa-empresas-por-una-sociedad-libre-de-violencia-de-genero\/#primaryimage"},"thumbnailUrl":"http:\/\/hospitaldemolina.es\/sites\/default\/files\/HM1.JPG","articleSection":["Hemeroteca"],"inLanguage":"es"},{"@type":"WebPage","@id":"https:\/\/riberasalud.com\/hospital-de-molina\/el-hospital-de-molina-se-adhiere-a-la-iniciativa-empresas-por-una-sociedad-libre-de-violencia-de-genero\/","url":"https:\/\/riberasalud.com\/hospital-de-molina\/el-hospital-de-molina-se-adhiere-a-la-iniciativa-empresas-por-una-sociedad-libre-de-violencia-de-genero\/","name":"El Hospital de Molina se adhiere a la iniciativa Empresas por una sociedad libre de violencia de g\u00e9nero - Hospital de Molina","isPartOf":{"@id":"https:\/\/riberasalud.com\/hospital-de-molina\/#website"},"primaryImageOfPage":{"@id":"https:\/\/riberasalud.com\/hospital-de-molina\/el-hospital-de-molina-se-adhiere-a-la-iniciativa-empresas-por-una-sociedad-libre-de-violencia-de-genero\/#primaryimage"},"image":{"@id":"https:\/\/riberasalud.com\/hospital-de-molina\/el-hospital-de-molina-se-adhiere-a-la-iniciativa-empresas-por-una-sociedad-libre-de-violencia-de-genero\/#primaryimage"},"thumbnailUrl":"http:\/\/hospitaldemolina.es\/sites\/default\/files\/HM1.JPG","datePublished":"2019-02-28T11:52:33+00:00","dateModified":"2023-10-25T06:35:55+00:00","breadcrumb":{"@id":"https:\/\/riberasalud.com\/hospital-de-molina\/el-hospital-de-molina-se-adhiere-a-la-iniciativa-empresas-por-una-sociedad-libre-de-violencia-de-genero\/#breadcrumb"},"inLanguage":"es","potentialAction":[{"@type":"ReadAction","target":["https:\/\/riberasalud.com\/hospital-de-molina\/el-hospital-de-molina-se-adhiere-a-la-iniciativa-empresas-por-una-sociedad-libre-de-violencia-de-genero\/"]}]},{"@type":"ImageObject","inLanguage":"es","@id":"https:\/\/riberasalud.com\/hospital-de-molina\/el-hospital-de-molina-se-adhiere-a-la-iniciativa-empresas-por-una-sociedad-libre-de-violencia-de-genero\/#primaryimage","url":"http:\/\/hospitaldemolina.es\/sites\/default\/files\/HM1.JPG","contentUrl":"http:\/\/hospitaldemolina.es\/sites\/default\/files\/HM1.JPG"},{"@type":"BreadcrumbList","@id":"https:\/\/riberasalud.com\/hospital-de-molina\/el-hospital-de-molina-se-adhiere-a-la-iniciativa-empresas-por-una-sociedad-libre-de-violencia-de-genero\/#breadcrumb","itemListElement":[{"@type":"ListItem","position":1,"name":"Portada","item":"https:\/\/riberasalud.com\/hospital-de-molina\/"},{"@type":"ListItem","position":2,"name":"El Hospital de Molina se adhiere a la iniciativa Empresas por una sociedad libre de violencia de g\u00e9nero"}]},{"@type":"WebSite","@id":"https:\/\/riberasalud.com\/hospital-de-molina\/#website","url":"https:\/\/riberasalud.com\/hospital-de-molina\/","name":"Hospital de Molina","description":"","publisher":{"@id":"https:\/\/riberasalud.com\/hospital-de-molina\/#organization"},"potentialAction":[{"@type":"SearchAction","target":{"@type":"EntryPoint","urlTemplate":"https:\/\/riberasalud.com\/hospital-de-molina\/?s={search_term_string}"},"query-input":{"@type":"PropertyValueSpecification","valueRequired":true,"valueName":"search_term_string"}}],"inLanguage":"es"},{"@type":"Organization","@id":"https:\/\/riberasalud.com\/hospital-de-molina\/#organization","name":"Hospital de Molina","url":"https:\/\/riberasalud.com\/hospital-de-molina\/","logo":{"@type":"ImageObject","inLanguage":"es","@id":"https:\/\/riberasalud.com\/hospital-de-molina\/#\/schema\/logo\/image\/","url":"https:\/\/riberasalud.com\/hospital-de-molina\/wp-content\/uploads\/2023\/01\/cropped-Logo-Red-DeMolina-bigtz7.png","contentUrl":"https:\/\/riberasalud.com\/hospital-de-molina\/wp-content\/uploads\/2023\/01\/cropped-Logo-Red-DeMolina-bigtz7.png","width":300,"height":72,"caption":"Hospital de Molina"},"image":{"@id":"https:\/\/riberasalud.com\/hospital-de-molina\/#\/schema\/logo\/image\/"}},{"@type":"Person","@id":"https:\/\/riberasalud.com\/hospital-de-molina\/#\/schema\/person\/37d58effcbf02f32328940089f254419","name":"hmolina","image":{"@type":"ImageObject","inLanguage":"es","@id":"https:\/\/riberasalud.com\/hospital-de-molina\/#\/schema\/person\/image\/","url":"https:\/\/secure.gravatar.com\/avatar\/9db1181c394bec9505d449c90a21b5363cc35ad9a76f60f11a304b23bb0e8dd4?s=96&d=mm&r=g","contentUrl":"https:\/\/secure.gravatar.com\/avatar\/9db1181c394bec9505d449c90a21b5363cc35ad9a76f60f11a304b23bb0e8dd4?s=96&d=mm&r=g","caption":"hmolina"},"url":"https:\/\/riberasalud.com\/hospital-de-molina\/author\/hmolina\/"}]}},"uagb_featured_image_src":{"full":false,"thumbnail":false,"medium":false,"medium_large":false,"large":false,"1536x1536":false,"2048x2048":false},"uagb_author_info":{"display_name":"hmolina","author_link":"https:\/\/riberasalud.com\/hospital-de-molina\/author\/hmolina\/"},"uagb_comment_info":0,"uagb_excerpt":"6 marzo 2019.- El Hospital de Molina se suma a la iniciativa Empresas por una sociedad libre de violencia de g\u00e9nero, a trav\u00e9s de la firma de un protocolo con la Comunidad Aut\u00f3noma de la Regi\u00f3n de Murcia (CARM) para promover la sensibilizaci\u00f3n y concienciaci\u00f3n social contra la violencia de g\u00e9nero. El Presidente de la&hellip;","_links":{"self":[{"href":"https:\/\/riberasalud.com\/hospital-de-molina\/wp-json\/wp\/v2\/posts\/1882","targetHints":{"allow":["GET"]}}],"collection":[{"href":"https:\/\/riberasalud.com\/hospital-de-molina\/wp-json\/wp\/v2\/posts"}],"about":[{"href":"https:\/\/riberasalud.com\/hospital-de-molina\/wp-json\/wp\/v2\/types\/post"}],"author":[{"embeddable":true,"href":"https:\/\/riberasalud.com\/hospital-de-molina\/wp-json\/wp\/v2\/users\/3"}],"replies":[{"embeddable":true,"href":"https:\/\/riberasalud.com\/hospital-de-molina\/wp-json\/wp\/v2\/comments?post=1882"}],"version-history":[{"count":1,"href":"https:\/\/riberasalud.com\/hospital-de-molina\/wp-json\/wp\/v2\/posts\/1882\/revisions"}],"predecessor-version":[{"id":8202,"href":"https:\/\/riberasalud.com\/hospital-de-molina\/wp-json\/wp\/v2\/posts\/1882\/revisions\/8202"}],"wp:attachment":[{"href":"https:\/\/riberasalud.com\/hospital-de-molina\/wp-json\/wp\/v2\/media?parent=1882"}],"wp:term":[{"taxonomy":"category","embeddable":true,"href":"https:\/\/riberasalud.com\/hospital-de-molina\/wp-json\/wp\/v2\/categories?post=1882"},{"taxonomy":"post_tag","embeddable":true,"href":"https:\/\/riberasalud.com\/hospital-de-molina\/wp-json\/wp\/v2\/tags?post=1882"}],"curies":[{"name":"wp","href":"https:\/\/api.w.org\/{rel}","templated":true}]}}