{"id":1881,"date":"2019-03-14T12:49:26","date_gmt":"2019-03-14T11:49:26","guid":{"rendered":"https:\/\/www.hospitaldemolina.es\/stopagresiones-el-hospital-de-molina-se-suma-al-dia-nacional-contra-las-agresiones-en-el-ambito-sanitario\/"},"modified":"2023-10-25T06:35:54","modified_gmt":"2023-10-25T06:35:54","slug":"stopagresiones-el-hospital-de-molina-se-suma-al-dia-nacional-contra-las-agresiones-en-el-ambito-sanitario","status":"publish","type":"post","link":"https:\/\/riberasalud.com\/hospital-de-molina\/stopagresiones-el-hospital-de-molina-se-suma-al-dia-nacional-contra-las-agresiones-en-el-ambito-sanitario\/","title":{"rendered":"#StopAgresiones El Hospital de Molina se suma al D\u00eda Nacional contra las Agresiones en el \u00c1mbito Sanitario"},"content":{"rendered":"<p><strong>14 marzo 2019.-<\/strong> <strong>Todo el personal del<\/strong> <strong>Hospital de Molina<\/strong> se suma al <strong>D\u00eda Nacional contra las Agresiones en el \u00c1mbito Sanitario<\/strong>, que este a\u00f1o se celebra hoy jueves 14 de marzo y que se simboliza con un lazo dorado y con el hashtag #StopAgresiones. Su objetivo es concienciar a los profesionales que trabajan en el entorno de los servicios de salud y sensibilizar a las administraciones p\u00fablicas y a la sociedad en general ante este grave problema que requiere de la unidad de todos, cuando se cumplen 10 a\u00f1os de la muerte de la Doctora Mar\u00eda Eugenia Moreno &#8211; residente asesinada por un paciente cuando se encontraba trabajando en el centro de salud de Moratalla (Murcia) -, lo que gener\u00f3 la creaci\u00f3n, un a\u00f1o despu\u00e9s, del Observatorio de Agresiones en el seno de la Organizaci\u00f3n M\u00e9dica Colegial (OMC) que trabaja en la prevenci\u00f3n y abordaje de las agresiones en el \u00e1mbito sanitario.<\/p>\n<p class=\"rtecenter\"><img decoding=\"async\" src=\"http:\/\/hospitaldemolina.es\/sites\/default\/files\/19-03-14%20-%20HM%20Dia%20Nacional%20Contra%20Agresiones%20Ambito%20Sanitario%20-%20Foto4.jpg\" style=\"height:140px; width: auto;\"> <img decoding=\"async\" src=\"http:\/\/hospitaldemolina.es\/sites\/default\/files\/19-03-14%20-%20HM%20Dia%20Nacional%20Contra%20Agresiones%20Ambito%20Sanitario%20-%20Foto1.jpg\" style=\"height:140px; width: auto;\"><img decoding=\"async\" src=\"http:\/\/hospitaldemolina.es\/sites\/default\/files\/19-03-14%20-%20HM%20Dia%20Nacional%20Contra%20Agresiones%20Ambito%20Sanitario%20-%20Foto2.jpg\" style=\"height:140px; width: auto;\"> <img decoding=\"async\" src=\"http:\/\/hospitaldemolina.es\/sites\/default\/files\/19-03-14%20-%20HM%20Dia%20Nacional%20Contra%20Agresiones%20Ambito%20Sanitario%20-%20Foto3.JPG\" style=\"height:140px; width: auto;\"> <img decoding=\"async\" src=\"http:\/\/hospitaldemolina.es\/sites\/default\/files\/lazodorado.jpg\" style=\"height:140px; width: auto;\"><\/p>\n<p>Con motivo de este D\u00eda, el Hospital de Molina ha organizado una <strong>Charla Formativa en \u201cPrevenci\u00f3n de agresiones a profesionales de la salud\u201d<\/strong>, impartida por el <strong>Inspector Manuel Buitrago Camacho<\/strong>, Jefe de la Unidad Territorial de Seguridad Privada e Interlocutor Policial Territorial Sanitario, de la Brigada Provincial de Seguridad Ciudadana de la Jefatura Superior de Polic\u00eda de Murcia.<\/p>\n<p>Durante la misma, el Interlocutor Policial Territorial Sanitario ha dado a conocer la Instrucci\u00f3n 3\/2017 de la Secretar\u00eda de Estado de Seguridad, sobre medidas policiales a adoptar frente a agresiones a profesionales de la salud, que establece el \u201cProtocolo Sobre Medidas Policiales a adoptar frente a agresiones a Profesionales de la Salud\u201d, la figura del Interlocutor Policial Territorial Sanitario, las medidas preventivas m\u00e1s importantes para evitar las agresiones que sufren los profesionales sanitarios y las pautas de contenci\u00f3n f\u00edsica y verbal ante agresiones.<\/p>\n<p>As\u00ed, ante agresiones f\u00edsicas, el Inspector Manuel Buitrago Camacho ha explicado la importancia de dejar v\u00edas libres de escape, no dejar objetos contundentes al alcance del paciente, disponer de un plan dise\u00f1ado, pedir ayudar y denunciar siempre. Y en cuanto a las agresiones verbales, ha recomendado mantener la calma y tratar de controlar la situaci\u00f3n mediante la escucha activa para ganar tiempo.<\/p>\n<p>Las agresiones a los profesionales del \u00e1mbito sanitario por parte de pacientes o de sus familiares son cada vez m\u00e1s frecuentes, por lo que la Organizaci\u00f3n M\u00e9dica Colegial (OMC) insiste en que se trata de un problema que requiere de la unidad de todos los profesionales, el compromiso de los poderes p\u00fablicos y la sensibilizaci\u00f3n de la sociedad.<\/p>\n<p>Enlaces Relacionados:<\/p>\n","protected":false},"excerpt":{"rendered":"<p>14 marzo 2019.- Todo el personal del Hospital de Molina se suma al D\u00eda Nacional contra las Agresiones en el \u00c1mbito Sanitario, que este a\u00f1o se celebra hoy jueves 14 de marzo y que se simboliza con un lazo dorado y con el hashtag #StopAgresiones. Su objetivo es concienciar a los profesionales que trabajan en &#8230; <a title=\"#StopAgresiones El Hospital de Molina se suma al D\u00eda Nacional contra las Agresiones en el \u00c1mbito Sanitario\" class=\"read-more\" href=\"https:\/\/riberasalud.com\/hospital-de-molina\/stopagresiones-el-hospital-de-molina-se-suma-al-dia-nacional-contra-las-agresiones-en-el-ambito-sanitario\/\" aria-label=\"Leer m\u00e1s sobre #StopAgresiones El Hospital de Molina se suma al D\u00eda Nacional contra las Agresiones en el \u00c1mbito Sanitario\">Leer m\u00e1s<\/a><\/p>\n","protected":false},"author":3,"featured_media":0,"comment_status":"closed","ping_status":"open","sticky":false,"template":"","format":"standard","meta":{"_uag_custom_page_level_css":"","_mi_skip_tracking":false,"footnotes":""},"categories":[7],"tags":[],"class_list":["post-1881","post","type-post","status-publish","format-standard","hentry","category-hemeroteca"],"yoast_head":"<!-- This site is optimized with the Yoast SEO plugin v26.6 - https:\/\/yoast.com\/wordpress\/plugins\/seo\/ -->\n<title>#StopAgresiones El Hospital de Molina se suma al D\u00eda Nacional contra las Agresiones en el \u00c1mbito Sanitario - Hospital de Molina<\/title>\n<meta name=\"robots\" content=\"index, follow, max-snippet:-1, max-image-preview:large, max-video-preview:-1\" \/>\n<link rel=\"canonical\" href=\"https:\/\/riberasalud.com\/hospital-de-molina\/stopagresiones-el-hospital-de-molina-se-suma-al-dia-nacional-contra-las-agresiones-en-el-ambito-sanitario\/\" \/>\n<meta property=\"og:locale\" content=\"es_ES\" \/>\n<meta property=\"og:type\" content=\"article\" \/>\n<meta property=\"og:title\" content=\"#StopAgresiones El Hospital de Molina se suma al D\u00eda Nacional contra las Agresiones en el \u00c1mbito Sanitario - Hospital de Molina\" \/>\n<meta property=\"og:description\" content=\"14 marzo 2019.- Todo el personal del Hospital de Molina se suma al D\u00eda Nacional contra las Agresiones en el \u00c1mbito Sanitario, que este a\u00f1o se celebra hoy jueves 14 de marzo y que se simboliza con un lazo dorado y con el hashtag #StopAgresiones. Su objetivo es concienciar a los profesionales que trabajan en ... Leer m\u00e1s\" \/>\n<meta property=\"og:url\" content=\"https:\/\/riberasalud.com\/hospital-de-molina\/stopagresiones-el-hospital-de-molina-se-suma-al-dia-nacional-contra-las-agresiones-en-el-ambito-sanitario\/\" \/>\n<meta property=\"og:site_name\" content=\"Hospital de Molina\" \/>\n<meta property=\"article:published_time\" content=\"2019-03-14T11:49:26+00:00\" \/>\n<meta property=\"article:modified_time\" content=\"2023-10-25T06:35:54+00:00\" \/>\n<meta property=\"og:image\" content=\"http:\/\/hospitaldemolina.es\/sites\/default\/files\/19-03-14%20-%20HM%20Dia%20Nacional%20Contra%20Agresiones%20Ambito%20Sanitario%20-%20Foto4.jpg\" \/>\n<meta name=\"author\" content=\"hmolina\" \/>\n<meta name=\"twitter:card\" content=\"summary_large_image\" \/>\n<meta name=\"twitter:label1\" content=\"Escrito por\" \/>\n\t<meta name=\"twitter:data1\" content=\"hmolina\" \/>\n\t<meta name=\"twitter:label2\" content=\"Tiempo de lectura\" \/>\n\t<meta name=\"twitter:data2\" content=\"2 minutos\" \/>\n<script type=\"application\/ld+json\" class=\"yoast-schema-graph\">{\"@context\":\"https:\/\/schema.org\",\"@graph\":[{\"@type\":\"Article\",\"@id\":\"https:\/\/riberasalud.com\/hospital-de-molina\/stopagresiones-el-hospital-de-molina-se-suma-al-dia-nacional-contra-las-agresiones-en-el-ambito-sanitario\/#article\",\"isPartOf\":{\"@id\":\"https:\/\/riberasalud.com\/hospital-de-molina\/stopagresiones-el-hospital-de-molina-se-suma-al-dia-nacional-contra-las-agresiones-en-el-ambito-sanitario\/\"},\"author\":{\"name\":\"hmolina\",\"@id\":\"https:\/\/riberasalud.com\/hospital-de-molina\/#\/schema\/person\/37d58effcbf02f32328940089f254419\"},\"headline\":\"#StopAgresiones El Hospital de Molina se suma al D\u00eda Nacional contra las Agresiones en el \u00c1mbito Sanitario\",\"datePublished\":\"2019-03-14T11:49:26+00:00\",\"dateModified\":\"2023-10-25T06:35:54+00:00\",\"mainEntityOfPage\":{\"@id\":\"https:\/\/riberasalud.com\/hospital-de-molina\/stopagresiones-el-hospital-de-molina-se-suma-al-dia-nacional-contra-las-agresiones-en-el-ambito-sanitario\/\"},\"wordCount\":458,\"publisher\":{\"@id\":\"https:\/\/riberasalud.com\/hospital-de-molina\/#organization\"},\"image\":{\"@id\":\"https:\/\/riberasalud.com\/hospital-de-molina\/stopagresiones-el-hospital-de-molina-se-suma-al-dia-nacional-contra-las-agresiones-en-el-ambito-sanitario\/#primaryimage\"},\"thumbnailUrl\":\"http:\/\/hospitaldemolina.es\/sites\/default\/files\/19-03-14%20-%20HM%20Dia%20Nacional%20Contra%20Agresiones%20Ambito%20Sanitario%20-%20Foto4.jpg\",\"articleSection\":[\"Hemeroteca\"],\"inLanguage\":\"es\"},{\"@type\":\"WebPage\",\"@id\":\"https:\/\/riberasalud.com\/hospital-de-molina\/stopagresiones-el-hospital-de-molina-se-suma-al-dia-nacional-contra-las-agresiones-en-el-ambito-sanitario\/\",\"url\":\"https:\/\/riberasalud.com\/hospital-de-molina\/stopagresiones-el-hospital-de-molina-se-suma-al-dia-nacional-contra-las-agresiones-en-el-ambito-sanitario\/\",\"name\":\"#StopAgresiones El Hospital de Molina se suma al D\u00eda Nacional contra las Agresiones en el \u00c1mbito Sanitario - Hospital de Molina\",\"isPartOf\":{\"@id\":\"https:\/\/riberasalud.com\/hospital-de-molina\/#website\"},\"primaryImageOfPage\":{\"@id\":\"https:\/\/riberasalud.com\/hospital-de-molina\/stopagresiones-el-hospital-de-molina-se-suma-al-dia-nacional-contra-las-agresiones-en-el-ambito-sanitario\/#primaryimage\"},\"image\":{\"@id\":\"https:\/\/riberasalud.com\/hospital-de-molina\/stopagresiones-el-hospital-de-molina-se-suma-al-dia-nacional-contra-las-agresiones-en-el-ambito-sanitario\/#primaryimage\"},\"thumbnailUrl\":\"http:\/\/hospitaldemolina.es\/sites\/default\/files\/19-03-14%20-%20HM%20Dia%20Nacional%20Contra%20Agresiones%20Ambito%20Sanitario%20-%20Foto4.jpg\",\"datePublished\":\"2019-03-14T11:49:26+00:00\",\"dateModified\":\"2023-10-25T06:35:54+00:00\",\"breadcrumb\":{\"@id\":\"https:\/\/riberasalud.com\/hospital-de-molina\/stopagresiones-el-hospital-de-molina-se-suma-al-dia-nacional-contra-las-agresiones-en-el-ambito-sanitario\/#breadcrumb\"},\"inLanguage\":\"es\",\"potentialAction\":[{\"@type\":\"ReadAction\",\"target\":[\"https:\/\/riberasalud.com\/hospital-de-molina\/stopagresiones-el-hospital-de-molina-se-suma-al-dia-nacional-contra-las-agresiones-en-el-ambito-sanitario\/\"]}]},{\"@type\":\"ImageObject\",\"inLanguage\":\"es\",\"@id\":\"https:\/\/riberasalud.com\/hospital-de-molina\/stopagresiones-el-hospital-de-molina-se-suma-al-dia-nacional-contra-las-agresiones-en-el-ambito-sanitario\/#primaryimage\",\"url\":\"http:\/\/hospitaldemolina.es\/sites\/default\/files\/19-03-14%20-%20HM%20Dia%20Nacional%20Contra%20Agresiones%20Ambito%20Sanitario%20-%20Foto4.jpg\",\"contentUrl\":\"http:\/\/hospitaldemolina.es\/sites\/default\/files\/19-03-14%20-%20HM%20Dia%20Nacional%20Contra%20Agresiones%20Ambito%20Sanitario%20-%20Foto4.jpg\"},{\"@type\":\"BreadcrumbList\",\"@id\":\"https:\/\/riberasalud.com\/hospital-de-molina\/stopagresiones-el-hospital-de-molina-se-suma-al-dia-nacional-contra-las-agresiones-en-el-ambito-sanitario\/#breadcrumb\",\"itemListElement\":[{\"@type\":\"ListItem\",\"position\":1,\"name\":\"Portada\",\"item\":\"https:\/\/riberasalud.com\/hospital-de-molina\/\"},{\"@type\":\"ListItem\",\"position\":2,\"name\":\"#StopAgresiones El Hospital de Molina se suma al D\u00eda Nacional contra las Agresiones en el \u00c1mbito Sanitario\"}]},{\"@type\":\"WebSite\",\"@id\":\"https:\/\/riberasalud.com\/hospital-de-molina\/#website\",\"url\":\"https:\/\/riberasalud.com\/hospital-de-molina\/\",\"name\":\"Hospital de Molina\",\"description\":\"\",\"publisher\":{\"@id\":\"https:\/\/riberasalud.com\/hospital-de-molina\/#organization\"},\"potentialAction\":[{\"@type\":\"SearchAction\",\"target\":{\"@type\":\"EntryPoint\",\"urlTemplate\":\"https:\/\/riberasalud.com\/hospital-de-molina\/?s={search_term_string}\"},\"query-input\":{\"@type\":\"PropertyValueSpecification\",\"valueRequired\":true,\"valueName\":\"search_term_string\"}}],\"inLanguage\":\"es\"},{\"@type\":\"Organization\",\"@id\":\"https:\/\/riberasalud.com\/hospital-de-molina\/#organization\",\"name\":\"Hospital de Molina\",\"url\":\"https:\/\/riberasalud.com\/hospital-de-molina\/\",\"logo\":{\"@type\":\"ImageObject\",\"inLanguage\":\"es\",\"@id\":\"https:\/\/riberasalud.com\/hospital-de-molina\/#\/schema\/logo\/image\/\",\"url\":\"https:\/\/riberasalud.com\/hospital-de-molina\/wp-content\/uploads\/2023\/01\/cropped-Logo-Red-DeMolina-bigtz7.png\",\"contentUrl\":\"https:\/\/riberasalud.com\/hospital-de-molina\/wp-content\/uploads\/2023\/01\/cropped-Logo-Red-DeMolina-bigtz7.png\",\"width\":300,\"height\":72,\"caption\":\"Hospital de Molina\"},\"image\":{\"@id\":\"https:\/\/riberasalud.com\/hospital-de-molina\/#\/schema\/logo\/image\/\"}},{\"@type\":\"Person\",\"@id\":\"https:\/\/riberasalud.com\/hospital-de-molina\/#\/schema\/person\/37d58effcbf02f32328940089f254419\",\"name\":\"hmolina\",\"image\":{\"@type\":\"ImageObject\",\"inLanguage\":\"es\",\"@id\":\"https:\/\/riberasalud.com\/hospital-de-molina\/#\/schema\/person\/image\/\",\"url\":\"https:\/\/secure.gravatar.com\/avatar\/9db1181c394bec9505d449c90a21b5363cc35ad9a76f60f11a304b23bb0e8dd4?s=96&d=mm&r=g\",\"contentUrl\":\"https:\/\/secure.gravatar.com\/avatar\/9db1181c394bec9505d449c90a21b5363cc35ad9a76f60f11a304b23bb0e8dd4?s=96&d=mm&r=g\",\"caption\":\"hmolina\"},\"url\":\"https:\/\/riberasalud.com\/hospital-de-molina\/author\/hmolina\/\"}]}<\/script>\n<!-- \/ Yoast SEO plugin. -->","yoast_head_json":{"title":"#StopAgresiones El Hospital de Molina se suma al D\u00eda Nacional contra las Agresiones en el \u00c1mbito Sanitario - Hospital de Molina","robots":{"index":"index","follow":"follow","max-snippet":"max-snippet:-1","max-image-preview":"max-image-preview:large","max-video-preview":"max-video-preview:-1"},"canonical":"https:\/\/riberasalud.com\/hospital-de-molina\/stopagresiones-el-hospital-de-molina-se-suma-al-dia-nacional-contra-las-agresiones-en-el-ambito-sanitario\/","og_locale":"es_ES","og_type":"article","og_title":"#StopAgresiones El Hospital de Molina se suma al D\u00eda Nacional contra las Agresiones en el \u00c1mbito Sanitario - Hospital de Molina","og_description":"14 marzo 2019.- Todo el personal del Hospital de Molina se suma al D\u00eda Nacional contra las Agresiones en el \u00c1mbito Sanitario, que este a\u00f1o se celebra hoy jueves 14 de marzo y que se simboliza con un lazo dorado y con el hashtag #StopAgresiones. Su objetivo es concienciar a los profesionales que trabajan en ... Leer m\u00e1s","og_url":"https:\/\/riberasalud.com\/hospital-de-molina\/stopagresiones-el-hospital-de-molina-se-suma-al-dia-nacional-contra-las-agresiones-en-el-ambito-sanitario\/","og_site_name":"Hospital de Molina","article_published_time":"2019-03-14T11:49:26+00:00","article_modified_time":"2023-10-25T06:35:54+00:00","og_image":[{"url":"http:\/\/hospitaldemolina.es\/sites\/default\/files\/19-03-14%20-%20HM%20Dia%20Nacional%20Contra%20Agresiones%20Ambito%20Sanitario%20-%20Foto4.jpg","type":"","width":"","height":""}],"author":"hmolina","twitter_card":"summary_large_image","twitter_misc":{"Escrito por":"hmolina","Tiempo de lectura":"2 minutos"},"schema":{"@context":"https:\/\/schema.org","@graph":[{"@type":"Article","@id":"https:\/\/riberasalud.com\/hospital-de-molina\/stopagresiones-el-hospital-de-molina-se-suma-al-dia-nacional-contra-las-agresiones-en-el-ambito-sanitario\/#article","isPartOf":{"@id":"https:\/\/riberasalud.com\/hospital-de-molina\/stopagresiones-el-hospital-de-molina-se-suma-al-dia-nacional-contra-las-agresiones-en-el-ambito-sanitario\/"},"author":{"name":"hmolina","@id":"https:\/\/riberasalud.com\/hospital-de-molina\/#\/schema\/person\/37d58effcbf02f32328940089f254419"},"headline":"#StopAgresiones El Hospital de Molina se suma al D\u00eda Nacional contra las Agresiones en el \u00c1mbito Sanitario","datePublished":"2019-03-14T11:49:26+00:00","dateModified":"2023-10-25T06:35:54+00:00","mainEntityOfPage":{"@id":"https:\/\/riberasalud.com\/hospital-de-molina\/stopagresiones-el-hospital-de-molina-se-suma-al-dia-nacional-contra-las-agresiones-en-el-ambito-sanitario\/"},"wordCount":458,"publisher":{"@id":"https:\/\/riberasalud.com\/hospital-de-molina\/#organization"},"image":{"@id":"https:\/\/riberasalud.com\/hospital-de-molina\/stopagresiones-el-hospital-de-molina-se-suma-al-dia-nacional-contra-las-agresiones-en-el-ambito-sanitario\/#primaryimage"},"thumbnailUrl":"http:\/\/hospitaldemolina.es\/sites\/default\/files\/19-03-14%20-%20HM%20Dia%20Nacional%20Contra%20Agresiones%20Ambito%20Sanitario%20-%20Foto4.jpg","articleSection":["Hemeroteca"],"inLanguage":"es"},{"@type":"WebPage","@id":"https:\/\/riberasalud.com\/hospital-de-molina\/stopagresiones-el-hospital-de-molina-se-suma-al-dia-nacional-contra-las-agresiones-en-el-ambito-sanitario\/","url":"https:\/\/riberasalud.com\/hospital-de-molina\/stopagresiones-el-hospital-de-molina-se-suma-al-dia-nacional-contra-las-agresiones-en-el-ambito-sanitario\/","name":"#StopAgresiones El Hospital de Molina se suma al D\u00eda Nacional contra las Agresiones en el \u00c1mbito Sanitario - Hospital de Molina","isPartOf":{"@id":"https:\/\/riberasalud.com\/hospital-de-molina\/#website"},"primaryImageOfPage":{"@id":"https:\/\/riberasalud.com\/hospital-de-molina\/stopagresiones-el-hospital-de-molina-se-suma-al-dia-nacional-contra-las-agresiones-en-el-ambito-sanitario\/#primaryimage"},"image":{"@id":"https:\/\/riberasalud.com\/hospital-de-molina\/stopagresiones-el-hospital-de-molina-se-suma-al-dia-nacional-contra-las-agresiones-en-el-ambito-sanitario\/#primaryimage"},"thumbnailUrl":"http:\/\/hospitaldemolina.es\/sites\/default\/files\/19-03-14%20-%20HM%20Dia%20Nacional%20Contra%20Agresiones%20Ambito%20Sanitario%20-%20Foto4.jpg","datePublished":"2019-03-14T11:49:26+00:00","dateModified":"2023-10-25T06:35:54+00:00","breadcrumb":{"@id":"https:\/\/riberasalud.com\/hospital-de-molina\/stopagresiones-el-hospital-de-molina-se-suma-al-dia-nacional-contra-las-agresiones-en-el-ambito-sanitario\/#breadcrumb"},"inLanguage":"es","potentialAction":[{"@type":"ReadAction","target":["https:\/\/riberasalud.com\/hospital-de-molina\/stopagresiones-el-hospital-de-molina-se-suma-al-dia-nacional-contra-las-agresiones-en-el-ambito-sanitario\/"]}]},{"@type":"ImageObject","inLanguage":"es","@id":"https:\/\/riberasalud.com\/hospital-de-molina\/stopagresiones-el-hospital-de-molina-se-suma-al-dia-nacional-contra-las-agresiones-en-el-ambito-sanitario\/#primaryimage","url":"http:\/\/hospitaldemolina.es\/sites\/default\/files\/19-03-14%20-%20HM%20Dia%20Nacional%20Contra%20Agresiones%20Ambito%20Sanitario%20-%20Foto4.jpg","contentUrl":"http:\/\/hospitaldemolina.es\/sites\/default\/files\/19-03-14%20-%20HM%20Dia%20Nacional%20Contra%20Agresiones%20Ambito%20Sanitario%20-%20Foto4.jpg"},{"@type":"BreadcrumbList","@id":"https:\/\/riberasalud.com\/hospital-de-molina\/stopagresiones-el-hospital-de-molina-se-suma-al-dia-nacional-contra-las-agresiones-en-el-ambito-sanitario\/#breadcrumb","itemListElement":[{"@type":"ListItem","position":1,"name":"Portada","item":"https:\/\/riberasalud.com\/hospital-de-molina\/"},{"@type":"ListItem","position":2,"name":"#StopAgresiones El Hospital de Molina se suma al D\u00eda Nacional contra las Agresiones en el \u00c1mbito Sanitario"}]},{"@type":"WebSite","@id":"https:\/\/riberasalud.com\/hospital-de-molina\/#website","url":"https:\/\/riberasalud.com\/hospital-de-molina\/","name":"Hospital de Molina","description":"","publisher":{"@id":"https:\/\/riberasalud.com\/hospital-de-molina\/#organization"},"potentialAction":[{"@type":"SearchAction","target":{"@type":"EntryPoint","urlTemplate":"https:\/\/riberasalud.com\/hospital-de-molina\/?s={search_term_string}"},"query-input":{"@type":"PropertyValueSpecification","valueRequired":true,"valueName":"search_term_string"}}],"inLanguage":"es"},{"@type":"Organization","@id":"https:\/\/riberasalud.com\/hospital-de-molina\/#organization","name":"Hospital de Molina","url":"https:\/\/riberasalud.com\/hospital-de-molina\/","logo":{"@type":"ImageObject","inLanguage":"es","@id":"https:\/\/riberasalud.com\/hospital-de-molina\/#\/schema\/logo\/image\/","url":"https:\/\/riberasalud.com\/hospital-de-molina\/wp-content\/uploads\/2023\/01\/cropped-Logo-Red-DeMolina-bigtz7.png","contentUrl":"https:\/\/riberasalud.com\/hospital-de-molina\/wp-content\/uploads\/2023\/01\/cropped-Logo-Red-DeMolina-bigtz7.png","width":300,"height":72,"caption":"Hospital de Molina"},"image":{"@id":"https:\/\/riberasalud.com\/hospital-de-molina\/#\/schema\/logo\/image\/"}},{"@type":"Person","@id":"https:\/\/riberasalud.com\/hospital-de-molina\/#\/schema\/person\/37d58effcbf02f32328940089f254419","name":"hmolina","image":{"@type":"ImageObject","inLanguage":"es","@id":"https:\/\/riberasalud.com\/hospital-de-molina\/#\/schema\/person\/image\/","url":"https:\/\/secure.gravatar.com\/avatar\/9db1181c394bec9505d449c90a21b5363cc35ad9a76f60f11a304b23bb0e8dd4?s=96&d=mm&r=g","contentUrl":"https:\/\/secure.gravatar.com\/avatar\/9db1181c394bec9505d449c90a21b5363cc35ad9a76f60f11a304b23bb0e8dd4?s=96&d=mm&r=g","caption":"hmolina"},"url":"https:\/\/riberasalud.com\/hospital-de-molina\/author\/hmolina\/"}]}},"uagb_featured_image_src":{"full":false,"thumbnail":false,"medium":false,"medium_large":false,"large":false,"1536x1536":false,"2048x2048":false},"uagb_author_info":{"display_name":"hmolina","author_link":"https:\/\/riberasalud.com\/hospital-de-molina\/author\/hmolina\/"},"uagb_comment_info":0,"uagb_excerpt":"14 marzo 2019.- Todo el personal del Hospital de Molina se suma al D\u00eda Nacional contra las Agresiones en el \u00c1mbito Sanitario, que este a\u00f1o se celebra hoy jueves 14 de marzo y que se simboliza con un lazo dorado y con el hashtag #StopAgresiones. Su objetivo es concienciar a los profesionales que trabajan en&hellip;","_links":{"self":[{"href":"https:\/\/riberasalud.com\/hospital-de-molina\/wp-json\/wp\/v2\/posts\/1881","targetHints":{"allow":["GET"]}}],"collection":[{"href":"https:\/\/riberasalud.com\/hospital-de-molina\/wp-json\/wp\/v2\/posts"}],"about":[{"href":"https:\/\/riberasalud.com\/hospital-de-molina\/wp-json\/wp\/v2\/types\/post"}],"author":[{"embeddable":true,"href":"https:\/\/riberasalud.com\/hospital-de-molina\/wp-json\/wp\/v2\/users\/3"}],"replies":[{"embeddable":true,"href":"https:\/\/riberasalud.com\/hospital-de-molina\/wp-json\/wp\/v2\/comments?post=1881"}],"version-history":[{"count":1,"href":"https:\/\/riberasalud.com\/hospital-de-molina\/wp-json\/wp\/v2\/posts\/1881\/revisions"}],"predecessor-version":[{"id":8200,"href":"https:\/\/riberasalud.com\/hospital-de-molina\/wp-json\/wp\/v2\/posts\/1881\/revisions\/8200"}],"wp:attachment":[{"href":"https:\/\/riberasalud.com\/hospital-de-molina\/wp-json\/wp\/v2\/media?parent=1881"}],"wp:term":[{"taxonomy":"category","embeddable":true,"href":"https:\/\/riberasalud.com\/hospital-de-molina\/wp-json\/wp\/v2\/categories?post=1881"},{"taxonomy":"post_tag","embeddable":true,"href":"https:\/\/riberasalud.com\/hospital-de-molina\/wp-json\/wp\/v2\/tags?post=1881"}],"curies":[{"name":"wp","href":"https:\/\/api.w.org\/{rel}","templated":true}]}}