{"id":1878,"date":"2019-03-29T10:14:03","date_gmt":"2019-03-29T09:14:03","guid":{"rendered":"https:\/\/www.hospitaldemolina.es\/humanizacion-en-el-hospital-de-molina-integracion-laboral-de-la-discapacidad-y-promocion-y-divulgacion-de-la-salud\/"},"modified":"2023-10-25T06:35:53","modified_gmt":"2023-10-25T06:35:53","slug":"humanizacion-en-el-hospital-de-molina-integracion-laboral-de-la-discapacidad-y-promocion-y-divulgacion-de-la-salud","status":"publish","type":"post","link":"https:\/\/riberasalud.com\/hospital-de-molina\/humanizacion-en-el-hospital-de-molina-integracion-laboral-de-la-discapacidad-y-promocion-y-divulgacion-de-la-salud\/","title":{"rendered":"Humanizaci\u00f3n en el Hospital de Molina: integraci\u00f3n laboral de la discapacidad y promoci\u00f3n y divulgaci\u00f3n de la salud"},"content":{"rendered":"<p><strong>29 marzo 2018.-<\/strong> El <strong>Gerente del Hospital de Molina, Pedro Hern\u00e1ndez Jim\u00e9nez<\/strong>, ha participado en el <strong>III Congreso de la Organizaci\u00f3n Espa\u00f1ola de Hospitales y Servicios de Salud (OEHSS)<\/strong> que, bajo el t\u00edtulo \u201cInnovaci\u00f3n y Humanizaci\u00f3n, claves para la transformaci\u00f3n del sistema sanitario\u201d, se est\u00e1 celebrando desde ayer y durante el d\u00eda de hoy en Valencia.<\/p>\n<p class=\"rtecenter\"><img decoding=\"async\" src=\"https:\/\/riberasalud.com\/hospital-de-molina\/wp-content\/uploads\/2020\/05\/19-03-2920-20HM20III20Congreso20OEHSS20-20Foto1.jpg\" style=\"height:140px; width: auto;\"> <img decoding=\"async\" src=\"https:\/\/riberasalud.com\/hospital-de-molina\/wp-content\/uploads\/2020\/05\/19-03-2920-20HM20III20Congreso20OEHSS20-20Foto14-2.jpg\" style=\"height:140px; width: auto;\"> <img decoding=\"async\" src=\"https:\/\/riberasalud.com\/hospital-de-molina\/wp-content\/uploads\/2020\/05\/19-03-2920-20HM20III20Congreso20OEHSS20-20Foto18-2.jpg\" style=\"height:140px; width: auto;\"> <img decoding=\"async\" src=\"https:\/\/riberasalud.com\/hospital-de-molina\/wp-content\/uploads\/2020\/05\/19-03-2920-20HM20III20Congreso20OEHSS20-20Foto11-2.jpg\" style=\"height:140px; width: auto;\"><\/p>\n<p>Hern\u00e1ndez Jim\u00e9nez ha explicado, en el marco del debate \u201c\u00bfLa humanizaci\u00f3n es clave? Futuro\u201d, las principales actuaciones que tiene en marcha el Hospital de Molina para humanizar la asistencia sanitaria que presta a sus pacientes, como la integraci\u00f3n laboral de la discapacidad y la promoci\u00f3n y divulgaci\u00f3n de la salud: ambas, l\u00edneas estrat\u00e9gicas de la su Responsabilidad Social Corporativa (RSC) del Centro Hospitalario e integradas en su Misi\u00f3n, Visi\u00f3n y Valores.<\/p>\n<p>En este sentido, el Hospital de Molina desarrolla integraci\u00f3n laboral de la discapacidad en una triple direcci\u00f3n: mediante contratos de prestaci\u00f3n de servicios con Centros Especiales de Empleo y de Empresas de Inserci\u00f3n Laboral Integraci\u00f3n, mediante la contrataci\u00f3n directa de personas con discapacidad y su incorporaci\u00f3n de manera estable a su plantilla &#8211; actualmente, m\u00e1s del 7% de su plantilla est\u00e1 integrada por personas con discapacidad -, y mediante pr\u00e1cticas formativas en el \u00e1mbito laboral: \u201cEn el Hospital de Molina entendemos el trabajo como una herramienta terap\u00e9utica, porque ayuda a crear, desarrollar ideas, capacidades y potencialidades; porque ayuda a que las personas puedan sentirse identificadas, reconocidas y valoradas, tanto dentro del \u00e1mbito laboral, como fuera de \u00e9l; y porque mientras desarrolla su trabajo, se siente parte de un grupo humano y desempe\u00f1a un rol que le sirve para concretar objetivos y proyectos, y su compromiso y su motivaci\u00f3n aumentan\u201d, ha explicado Pedro Hern\u00e1ndez Jim\u00e9nez.<\/p>\n<p>Por otra parte, el Hospital de Molina desarrolla desde hace a\u00f1os un Programa de Promoci\u00f3n y Divulgaci\u00f3n de la Salud, cuyo objetivo es contribuir a que los pacientes en particular, y la ciudadan\u00eda en general, incorpore la salud en su d\u00eda a d\u00eda, en aras a contribuir con un modelo sanitario centrado en la prevenci\u00f3n y en la promoci\u00f3n de h\u00e1bitos saludables, para que los pacientes y sus familias, puedan ser parte activa de los procedimientos terap\u00e9uticos a trav\u00e9s de la informaci\u00f3n y la formaci\u00f3n adecuada.<\/p>\n<p>Enlaces Relacionados:<\/p>\n","protected":false},"excerpt":{"rendered":"<p>29 marzo 2018.- El Gerente del Hospital de Molina, Pedro Hern\u00e1ndez Jim\u00e9nez, ha participado en el III Congreso de la Organizaci\u00f3n Espa\u00f1ola de Hospitales y Servicios de Salud (OEHSS) que, bajo el t\u00edtulo \u201cInnovaci\u00f3n y Humanizaci\u00f3n, claves para la transformaci\u00f3n del sistema sanitario\u201d, se est\u00e1 celebrando desde ayer y durante el d\u00eda de hoy en &#8230; <a title=\"Humanizaci\u00f3n en el Hospital de Molina: integraci\u00f3n laboral de la discapacidad y promoci\u00f3n y divulgaci\u00f3n de la salud\" class=\"read-more\" href=\"https:\/\/riberasalud.com\/hospital-de-molina\/humanizacion-en-el-hospital-de-molina-integracion-laboral-de-la-discapacidad-y-promocion-y-divulgacion-de-la-salud\/\" aria-label=\"Leer m\u00e1s sobre Humanizaci\u00f3n en el Hospital de Molina: integraci\u00f3n laboral de la discapacidad y promoci\u00f3n y divulgaci\u00f3n de la salud\">Leer m\u00e1s<\/a><\/p>\n","protected":false},"author":3,"featured_media":0,"comment_status":"closed","ping_status":"open","sticky":false,"template":"","format":"standard","meta":{"_uag_custom_page_level_css":"","_mi_skip_tracking":false,"footnotes":""},"categories":[7],"tags":[],"class_list":["post-1878","post","type-post","status-publish","format-standard","hentry","category-hemeroteca"],"yoast_head":"<!-- This site is optimized with the Yoast SEO plugin v26.6 - https:\/\/yoast.com\/wordpress\/plugins\/seo\/ -->\n<title>Humanizaci\u00f3n en el Hospital de Molina: integraci\u00f3n laboral de la discapacidad y promoci\u00f3n y divulgaci\u00f3n de la salud - Hospital de Molina<\/title>\n<meta name=\"robots\" content=\"index, follow, max-snippet:-1, max-image-preview:large, max-video-preview:-1\" \/>\n<link rel=\"canonical\" href=\"https:\/\/riberasalud.com\/hospital-de-molina\/humanizacion-en-el-hospital-de-molina-integracion-laboral-de-la-discapacidad-y-promocion-y-divulgacion-de-la-salud\/\" \/>\n<meta property=\"og:locale\" content=\"es_ES\" \/>\n<meta property=\"og:type\" content=\"article\" \/>\n<meta property=\"og:title\" content=\"Humanizaci\u00f3n en el Hospital de Molina: integraci\u00f3n laboral de la discapacidad y promoci\u00f3n y divulgaci\u00f3n de la salud - Hospital de Molina\" \/>\n<meta property=\"og:description\" content=\"29 marzo 2018.- El Gerente del Hospital de Molina, Pedro Hern\u00e1ndez Jim\u00e9nez, ha participado en el III Congreso de la Organizaci\u00f3n Espa\u00f1ola de Hospitales y Servicios de Salud (OEHSS) que, bajo el t\u00edtulo \u201cInnovaci\u00f3n y Humanizaci\u00f3n, claves para la transformaci\u00f3n del sistema sanitario\u201d, se est\u00e1 celebrando desde ayer y durante el d\u00eda de hoy en ... Leer m\u00e1s\" \/>\n<meta property=\"og:url\" content=\"https:\/\/riberasalud.com\/hospital-de-molina\/humanizacion-en-el-hospital-de-molina-integracion-laboral-de-la-discapacidad-y-promocion-y-divulgacion-de-la-salud\/\" \/>\n<meta property=\"og:site_name\" content=\"Hospital de Molina\" \/>\n<meta property=\"article:published_time\" content=\"2019-03-29T09:14:03+00:00\" \/>\n<meta property=\"article:modified_time\" content=\"2023-10-25T06:35:53+00:00\" \/>\n<meta property=\"og:image\" content=\"https:\/\/riberasalud.com\/hospital-de-molina\/wp-content\/uploads\/2020\/05\/19-03-2920-20HM20III20Congreso20OEHSS20-20Foto1.jpg\" \/>\n<meta name=\"author\" content=\"hmolina\" \/>\n<meta name=\"twitter:card\" content=\"summary_large_image\" \/>\n<meta name=\"twitter:label1\" content=\"Escrito por\" \/>\n\t<meta name=\"twitter:data1\" content=\"hmolina\" \/>\n\t<meta name=\"twitter:label2\" content=\"Tiempo de lectura\" \/>\n\t<meta name=\"twitter:data2\" content=\"2 minutos\" \/>\n<script type=\"application\/ld+json\" class=\"yoast-schema-graph\">{\"@context\":\"https:\/\/schema.org\",\"@graph\":[{\"@type\":\"Article\",\"@id\":\"https:\/\/riberasalud.com\/hospital-de-molina\/humanizacion-en-el-hospital-de-molina-integracion-laboral-de-la-discapacidad-y-promocion-y-divulgacion-de-la-salud\/#article\",\"isPartOf\":{\"@id\":\"https:\/\/riberasalud.com\/hospital-de-molina\/humanizacion-en-el-hospital-de-molina-integracion-laboral-de-la-discapacidad-y-promocion-y-divulgacion-de-la-salud\/\"},\"author\":{\"name\":\"hmolina\",\"@id\":\"https:\/\/riberasalud.com\/hospital-de-molina\/#\/schema\/person\/37d58effcbf02f32328940089f254419\"},\"headline\":\"Humanizaci\u00f3n en el Hospital de Molina: integraci\u00f3n laboral de la discapacidad y promoci\u00f3n y divulgaci\u00f3n de la salud\",\"datePublished\":\"2019-03-29T09:14:03+00:00\",\"dateModified\":\"2023-10-25T06:35:53+00:00\",\"mainEntityOfPage\":{\"@id\":\"https:\/\/riberasalud.com\/hospital-de-molina\/humanizacion-en-el-hospital-de-molina-integracion-laboral-de-la-discapacidad-y-promocion-y-divulgacion-de-la-salud\/\"},\"wordCount\":435,\"publisher\":{\"@id\":\"https:\/\/riberasalud.com\/hospital-de-molina\/#organization\"},\"image\":{\"@id\":\"https:\/\/riberasalud.com\/hospital-de-molina\/humanizacion-en-el-hospital-de-molina-integracion-laboral-de-la-discapacidad-y-promocion-y-divulgacion-de-la-salud\/#primaryimage\"},\"thumbnailUrl\":\"https:\/\/riberasalud.com\/hospital-de-molina\/wp-content\/uploads\/2020\/05\/19-03-2920-20HM20III20Congreso20OEHSS20-20Foto1.jpg\",\"articleSection\":[\"Hemeroteca\"],\"inLanguage\":\"es\"},{\"@type\":\"WebPage\",\"@id\":\"https:\/\/riberasalud.com\/hospital-de-molina\/humanizacion-en-el-hospital-de-molina-integracion-laboral-de-la-discapacidad-y-promocion-y-divulgacion-de-la-salud\/\",\"url\":\"https:\/\/riberasalud.com\/hospital-de-molina\/humanizacion-en-el-hospital-de-molina-integracion-laboral-de-la-discapacidad-y-promocion-y-divulgacion-de-la-salud\/\",\"name\":\"Humanizaci\u00f3n en el Hospital de Molina: integraci\u00f3n laboral de la discapacidad y promoci\u00f3n y divulgaci\u00f3n de la salud - Hospital de Molina\",\"isPartOf\":{\"@id\":\"https:\/\/riberasalud.com\/hospital-de-molina\/#website\"},\"primaryImageOfPage\":{\"@id\":\"https:\/\/riberasalud.com\/hospital-de-molina\/humanizacion-en-el-hospital-de-molina-integracion-laboral-de-la-discapacidad-y-promocion-y-divulgacion-de-la-salud\/#primaryimage\"},\"image\":{\"@id\":\"https:\/\/riberasalud.com\/hospital-de-molina\/humanizacion-en-el-hospital-de-molina-integracion-laboral-de-la-discapacidad-y-promocion-y-divulgacion-de-la-salud\/#primaryimage\"},\"thumbnailUrl\":\"https:\/\/riberasalud.com\/hospital-de-molina\/wp-content\/uploads\/2020\/05\/19-03-2920-20HM20III20Congreso20OEHSS20-20Foto1.jpg\",\"datePublished\":\"2019-03-29T09:14:03+00:00\",\"dateModified\":\"2023-10-25T06:35:53+00:00\",\"breadcrumb\":{\"@id\":\"https:\/\/riberasalud.com\/hospital-de-molina\/humanizacion-en-el-hospital-de-molina-integracion-laboral-de-la-discapacidad-y-promocion-y-divulgacion-de-la-salud\/#breadcrumb\"},\"inLanguage\":\"es\",\"potentialAction\":[{\"@type\":\"ReadAction\",\"target\":[\"https:\/\/riberasalud.com\/hospital-de-molina\/humanizacion-en-el-hospital-de-molina-integracion-laboral-de-la-discapacidad-y-promocion-y-divulgacion-de-la-salud\/\"]}]},{\"@type\":\"ImageObject\",\"inLanguage\":\"es\",\"@id\":\"https:\/\/riberasalud.com\/hospital-de-molina\/humanizacion-en-el-hospital-de-molina-integracion-laboral-de-la-discapacidad-y-promocion-y-divulgacion-de-la-salud\/#primaryimage\",\"url\":\"https:\/\/riberasalud.com\/hospital-de-molina\/wp-content\/uploads\/2020\/05\/19-03-2920-20HM20III20Congreso20OEHSS20-20Foto1.jpg\",\"contentUrl\":\"https:\/\/riberasalud.com\/hospital-de-molina\/wp-content\/uploads\/2020\/05\/19-03-2920-20HM20III20Congreso20OEHSS20-20Foto1.jpg\",\"width\":1600,\"height\":1200},{\"@type\":\"BreadcrumbList\",\"@id\":\"https:\/\/riberasalud.com\/hospital-de-molina\/humanizacion-en-el-hospital-de-molina-integracion-laboral-de-la-discapacidad-y-promocion-y-divulgacion-de-la-salud\/#breadcrumb\",\"itemListElement\":[{\"@type\":\"ListItem\",\"position\":1,\"name\":\"Portada\",\"item\":\"https:\/\/riberasalud.com\/hospital-de-molina\/\"},{\"@type\":\"ListItem\",\"position\":2,\"name\":\"Humanizaci\u00f3n en el Hospital de Molina: integraci\u00f3n laboral de la discapacidad y promoci\u00f3n y divulgaci\u00f3n de la salud\"}]},{\"@type\":\"WebSite\",\"@id\":\"https:\/\/riberasalud.com\/hospital-de-molina\/#website\",\"url\":\"https:\/\/riberasalud.com\/hospital-de-molina\/\",\"name\":\"Hospital de Molina\",\"description\":\"\",\"publisher\":{\"@id\":\"https:\/\/riberasalud.com\/hospital-de-molina\/#organization\"},\"potentialAction\":[{\"@type\":\"SearchAction\",\"target\":{\"@type\":\"EntryPoint\",\"urlTemplate\":\"https:\/\/riberasalud.com\/hospital-de-molina\/?s={search_term_string}\"},\"query-input\":{\"@type\":\"PropertyValueSpecification\",\"valueRequired\":true,\"valueName\":\"search_term_string\"}}],\"inLanguage\":\"es\"},{\"@type\":\"Organization\",\"@id\":\"https:\/\/riberasalud.com\/hospital-de-molina\/#organization\",\"name\":\"Hospital de Molina\",\"url\":\"https:\/\/riberasalud.com\/hospital-de-molina\/\",\"logo\":{\"@type\":\"ImageObject\",\"inLanguage\":\"es\",\"@id\":\"https:\/\/riberasalud.com\/hospital-de-molina\/#\/schema\/logo\/image\/\",\"url\":\"https:\/\/riberasalud.com\/hospital-de-molina\/wp-content\/uploads\/2023\/01\/cropped-Logo-Red-DeMolina-bigtz7.png\",\"contentUrl\":\"https:\/\/riberasalud.com\/hospital-de-molina\/wp-content\/uploads\/2023\/01\/cropped-Logo-Red-DeMolina-bigtz7.png\",\"width\":300,\"height\":72,\"caption\":\"Hospital de Molina\"},\"image\":{\"@id\":\"https:\/\/riberasalud.com\/hospital-de-molina\/#\/schema\/logo\/image\/\"}},{\"@type\":\"Person\",\"@id\":\"https:\/\/riberasalud.com\/hospital-de-molina\/#\/schema\/person\/37d58effcbf02f32328940089f254419\",\"name\":\"hmolina\",\"image\":{\"@type\":\"ImageObject\",\"inLanguage\":\"es\",\"@id\":\"https:\/\/riberasalud.com\/hospital-de-molina\/#\/schema\/person\/image\/\",\"url\":\"https:\/\/secure.gravatar.com\/avatar\/9db1181c394bec9505d449c90a21b5363cc35ad9a76f60f11a304b23bb0e8dd4?s=96&d=mm&r=g\",\"contentUrl\":\"https:\/\/secure.gravatar.com\/avatar\/9db1181c394bec9505d449c90a21b5363cc35ad9a76f60f11a304b23bb0e8dd4?s=96&d=mm&r=g\",\"caption\":\"hmolina\"},\"url\":\"https:\/\/riberasalud.com\/hospital-de-molina\/author\/hmolina\/\"}]}<\/script>\n<!-- \/ Yoast SEO plugin. -->","yoast_head_json":{"title":"Humanizaci\u00f3n en el Hospital de Molina: integraci\u00f3n laboral de la discapacidad y promoci\u00f3n y divulgaci\u00f3n de la salud - Hospital de Molina","robots":{"index":"index","follow":"follow","max-snippet":"max-snippet:-1","max-image-preview":"max-image-preview:large","max-video-preview":"max-video-preview:-1"},"canonical":"https:\/\/riberasalud.com\/hospital-de-molina\/humanizacion-en-el-hospital-de-molina-integracion-laboral-de-la-discapacidad-y-promocion-y-divulgacion-de-la-salud\/","og_locale":"es_ES","og_type":"article","og_title":"Humanizaci\u00f3n en el Hospital de Molina: integraci\u00f3n laboral de la discapacidad y promoci\u00f3n y divulgaci\u00f3n de la salud - Hospital de Molina","og_description":"29 marzo 2018.- El Gerente del Hospital de Molina, Pedro Hern\u00e1ndez Jim\u00e9nez, ha participado en el III Congreso de la Organizaci\u00f3n Espa\u00f1ola de Hospitales y Servicios de Salud (OEHSS) que, bajo el t\u00edtulo \u201cInnovaci\u00f3n y Humanizaci\u00f3n, claves para la transformaci\u00f3n del sistema sanitario\u201d, se est\u00e1 celebrando desde ayer y durante el d\u00eda de hoy en ... Leer m\u00e1s","og_url":"https:\/\/riberasalud.com\/hospital-de-molina\/humanizacion-en-el-hospital-de-molina-integracion-laboral-de-la-discapacidad-y-promocion-y-divulgacion-de-la-salud\/","og_site_name":"Hospital de Molina","article_published_time":"2019-03-29T09:14:03+00:00","article_modified_time":"2023-10-25T06:35:53+00:00","og_image":[{"url":"https:\/\/riberasalud.com\/hospital-de-molina\/wp-content\/uploads\/2020\/05\/19-03-2920-20HM20III20Congreso20OEHSS20-20Foto1.jpg","type":"","width":"","height":""}],"author":"hmolina","twitter_card":"summary_large_image","twitter_misc":{"Escrito por":"hmolina","Tiempo de lectura":"2 minutos"},"schema":{"@context":"https:\/\/schema.org","@graph":[{"@type":"Article","@id":"https:\/\/riberasalud.com\/hospital-de-molina\/humanizacion-en-el-hospital-de-molina-integracion-laboral-de-la-discapacidad-y-promocion-y-divulgacion-de-la-salud\/#article","isPartOf":{"@id":"https:\/\/riberasalud.com\/hospital-de-molina\/humanizacion-en-el-hospital-de-molina-integracion-laboral-de-la-discapacidad-y-promocion-y-divulgacion-de-la-salud\/"},"author":{"name":"hmolina","@id":"https:\/\/riberasalud.com\/hospital-de-molina\/#\/schema\/person\/37d58effcbf02f32328940089f254419"},"headline":"Humanizaci\u00f3n en el Hospital de Molina: integraci\u00f3n laboral de la discapacidad y promoci\u00f3n y divulgaci\u00f3n de la salud","datePublished":"2019-03-29T09:14:03+00:00","dateModified":"2023-10-25T06:35:53+00:00","mainEntityOfPage":{"@id":"https:\/\/riberasalud.com\/hospital-de-molina\/humanizacion-en-el-hospital-de-molina-integracion-laboral-de-la-discapacidad-y-promocion-y-divulgacion-de-la-salud\/"},"wordCount":435,"publisher":{"@id":"https:\/\/riberasalud.com\/hospital-de-molina\/#organization"},"image":{"@id":"https:\/\/riberasalud.com\/hospital-de-molina\/humanizacion-en-el-hospital-de-molina-integracion-laboral-de-la-discapacidad-y-promocion-y-divulgacion-de-la-salud\/#primaryimage"},"thumbnailUrl":"https:\/\/riberasalud.com\/hospital-de-molina\/wp-content\/uploads\/2020\/05\/19-03-2920-20HM20III20Congreso20OEHSS20-20Foto1.jpg","articleSection":["Hemeroteca"],"inLanguage":"es"},{"@type":"WebPage","@id":"https:\/\/riberasalud.com\/hospital-de-molina\/humanizacion-en-el-hospital-de-molina-integracion-laboral-de-la-discapacidad-y-promocion-y-divulgacion-de-la-salud\/","url":"https:\/\/riberasalud.com\/hospital-de-molina\/humanizacion-en-el-hospital-de-molina-integracion-laboral-de-la-discapacidad-y-promocion-y-divulgacion-de-la-salud\/","name":"Humanizaci\u00f3n en el Hospital de Molina: integraci\u00f3n laboral de la discapacidad y promoci\u00f3n y divulgaci\u00f3n de la salud - Hospital de Molina","isPartOf":{"@id":"https:\/\/riberasalud.com\/hospital-de-molina\/#website"},"primaryImageOfPage":{"@id":"https:\/\/riberasalud.com\/hospital-de-molina\/humanizacion-en-el-hospital-de-molina-integracion-laboral-de-la-discapacidad-y-promocion-y-divulgacion-de-la-salud\/#primaryimage"},"image":{"@id":"https:\/\/riberasalud.com\/hospital-de-molina\/humanizacion-en-el-hospital-de-molina-integracion-laboral-de-la-discapacidad-y-promocion-y-divulgacion-de-la-salud\/#primaryimage"},"thumbnailUrl":"https:\/\/riberasalud.com\/hospital-de-molina\/wp-content\/uploads\/2020\/05\/19-03-2920-20HM20III20Congreso20OEHSS20-20Foto1.jpg","datePublished":"2019-03-29T09:14:03+00:00","dateModified":"2023-10-25T06:35:53+00:00","breadcrumb":{"@id":"https:\/\/riberasalud.com\/hospital-de-molina\/humanizacion-en-el-hospital-de-molina-integracion-laboral-de-la-discapacidad-y-promocion-y-divulgacion-de-la-salud\/#breadcrumb"},"inLanguage":"es","potentialAction":[{"@type":"ReadAction","target":["https:\/\/riberasalud.com\/hospital-de-molina\/humanizacion-en-el-hospital-de-molina-integracion-laboral-de-la-discapacidad-y-promocion-y-divulgacion-de-la-salud\/"]}]},{"@type":"ImageObject","inLanguage":"es","@id":"https:\/\/riberasalud.com\/hospital-de-molina\/humanizacion-en-el-hospital-de-molina-integracion-laboral-de-la-discapacidad-y-promocion-y-divulgacion-de-la-salud\/#primaryimage","url":"https:\/\/riberasalud.com\/hospital-de-molina\/wp-content\/uploads\/2020\/05\/19-03-2920-20HM20III20Congreso20OEHSS20-20Foto1.jpg","contentUrl":"https:\/\/riberasalud.com\/hospital-de-molina\/wp-content\/uploads\/2020\/05\/19-03-2920-20HM20III20Congreso20OEHSS20-20Foto1.jpg","width":1600,"height":1200},{"@type":"BreadcrumbList","@id":"https:\/\/riberasalud.com\/hospital-de-molina\/humanizacion-en-el-hospital-de-molina-integracion-laboral-de-la-discapacidad-y-promocion-y-divulgacion-de-la-salud\/#breadcrumb","itemListElement":[{"@type":"ListItem","position":1,"name":"Portada","item":"https:\/\/riberasalud.com\/hospital-de-molina\/"},{"@type":"ListItem","position":2,"name":"Humanizaci\u00f3n en el Hospital de Molina: integraci\u00f3n laboral de la discapacidad y promoci\u00f3n y divulgaci\u00f3n de la salud"}]},{"@type":"WebSite","@id":"https:\/\/riberasalud.com\/hospital-de-molina\/#website","url":"https:\/\/riberasalud.com\/hospital-de-molina\/","name":"Hospital de Molina","description":"","publisher":{"@id":"https:\/\/riberasalud.com\/hospital-de-molina\/#organization"},"potentialAction":[{"@type":"SearchAction","target":{"@type":"EntryPoint","urlTemplate":"https:\/\/riberasalud.com\/hospital-de-molina\/?s={search_term_string}"},"query-input":{"@type":"PropertyValueSpecification","valueRequired":true,"valueName":"search_term_string"}}],"inLanguage":"es"},{"@type":"Organization","@id":"https:\/\/riberasalud.com\/hospital-de-molina\/#organization","name":"Hospital de Molina","url":"https:\/\/riberasalud.com\/hospital-de-molina\/","logo":{"@type":"ImageObject","inLanguage":"es","@id":"https:\/\/riberasalud.com\/hospital-de-molina\/#\/schema\/logo\/image\/","url":"https:\/\/riberasalud.com\/hospital-de-molina\/wp-content\/uploads\/2023\/01\/cropped-Logo-Red-DeMolina-bigtz7.png","contentUrl":"https:\/\/riberasalud.com\/hospital-de-molina\/wp-content\/uploads\/2023\/01\/cropped-Logo-Red-DeMolina-bigtz7.png","width":300,"height":72,"caption":"Hospital de Molina"},"image":{"@id":"https:\/\/riberasalud.com\/hospital-de-molina\/#\/schema\/logo\/image\/"}},{"@type":"Person","@id":"https:\/\/riberasalud.com\/hospital-de-molina\/#\/schema\/person\/37d58effcbf02f32328940089f254419","name":"hmolina","image":{"@type":"ImageObject","inLanguage":"es","@id":"https:\/\/riberasalud.com\/hospital-de-molina\/#\/schema\/person\/image\/","url":"https:\/\/secure.gravatar.com\/avatar\/9db1181c394bec9505d449c90a21b5363cc35ad9a76f60f11a304b23bb0e8dd4?s=96&d=mm&r=g","contentUrl":"https:\/\/secure.gravatar.com\/avatar\/9db1181c394bec9505d449c90a21b5363cc35ad9a76f60f11a304b23bb0e8dd4?s=96&d=mm&r=g","caption":"hmolina"},"url":"https:\/\/riberasalud.com\/hospital-de-molina\/author\/hmolina\/"}]}},"uagb_featured_image_src":{"full":false,"thumbnail":false,"medium":false,"medium_large":false,"large":false,"1536x1536":false,"2048x2048":false},"uagb_author_info":{"display_name":"hmolina","author_link":"https:\/\/riberasalud.com\/hospital-de-molina\/author\/hmolina\/"},"uagb_comment_info":0,"uagb_excerpt":"29 marzo 2018.- El Gerente del Hospital de Molina, Pedro Hern\u00e1ndez Jim\u00e9nez, ha participado en el III Congreso de la Organizaci\u00f3n Espa\u00f1ola de Hospitales y Servicios de Salud (OEHSS) que, bajo el t\u00edtulo \u201cInnovaci\u00f3n y Humanizaci\u00f3n, claves para la transformaci\u00f3n del sistema sanitario\u201d, se est\u00e1 celebrando desde ayer y durante el d\u00eda de hoy en&hellip;","_links":{"self":[{"href":"https:\/\/riberasalud.com\/hospital-de-molina\/wp-json\/wp\/v2\/posts\/1878","targetHints":{"allow":["GET"]}}],"collection":[{"href":"https:\/\/riberasalud.com\/hospital-de-molina\/wp-json\/wp\/v2\/posts"}],"about":[{"href":"https:\/\/riberasalud.com\/hospital-de-molina\/wp-json\/wp\/v2\/types\/post"}],"author":[{"embeddable":true,"href":"https:\/\/riberasalud.com\/hospital-de-molina\/wp-json\/wp\/v2\/users\/3"}],"replies":[{"embeddable":true,"href":"https:\/\/riberasalud.com\/hospital-de-molina\/wp-json\/wp\/v2\/comments?post=1878"}],"version-history":[{"count":1,"href":"https:\/\/riberasalud.com\/hospital-de-molina\/wp-json\/wp\/v2\/posts\/1878\/revisions"}],"predecessor-version":[{"id":8198,"href":"https:\/\/riberasalud.com\/hospital-de-molina\/wp-json\/wp\/v2\/posts\/1878\/revisions\/8198"}],"wp:attachment":[{"href":"https:\/\/riberasalud.com\/hospital-de-molina\/wp-json\/wp\/v2\/media?parent=1878"}],"wp:term":[{"taxonomy":"category","embeddable":true,"href":"https:\/\/riberasalud.com\/hospital-de-molina\/wp-json\/wp\/v2\/categories?post=1878"},{"taxonomy":"post_tag","embeddable":true,"href":"https:\/\/riberasalud.com\/hospital-de-molina\/wp-json\/wp\/v2\/tags?post=1878"}],"curies":[{"name":"wp","href":"https:\/\/api.w.org\/{rel}","templated":true}]}}