{"id":1871,"date":"2019-05-30T11:06:07","date_gmt":"2019-05-30T09:06:07","guid":{"rendered":"https:\/\/www.hospitaldemolina.es\/forocomsalud-nutricion-y-medios-de-comunicacion-informacion-o-desinformacion\/"},"modified":"2023-10-25T06:35:47","modified_gmt":"2023-10-25T06:35:47","slug":"forocomsalud-nutricion-y-medios-de-comunicacion-informacion-o-desinformacion","status":"publish","type":"post","link":"https:\/\/riberasalud.com\/hospital-de-molina\/forocomsalud-nutricion-y-medios-de-comunicacion-informacion-o-desinformacion\/","title":{"rendered":"#ForoComSalud Nutrici\u00f3n y medios de comunicaci\u00f3n: \u00bfinformaci\u00f3n o desinformaci\u00f3n?"},"content":{"rendered":"<p><strong>29 mayo 2019.- <\/strong>Bajo el t\u00edtulo <strong>Nutrici\u00f3n y medios de comunicaci\u00f3n: \u00bfinformaci\u00f3n o desinformaci\u00f3n?<\/strong> se ha desarrollado esta ma\u00f1ana el 2\u00ba <strong>#ForoComSalud<\/strong> (Comunicaci\u00f3n y Salud), organizado por el Hospital de Molina y el Colegio Oficial de Periodistas de la Regi\u00f3n de Murcia, y que ha constado de dos partes:<\/p>\n<p class=\"rtecenter\"><img decoding=\"async\" src=\"http:\/\/hospitaldemolina.es\/sites\/default\/files\/19-05-29%20-%20HM%20-%202%C2%BA%20%23ForoComSalud%20-%20Foto3.jpg\" style=\"height:140px; width: auto;\"><img decoding=\"async\" src=\"http:\/\/hospitaldemolina.es\/sites\/default\/files\/19-05-29%20-%20HM%20-%202%C2%BA%20%23ForoComSalud%20-%20Foto4.jpg\" style=\"height:140px; width: auto;\">  <img decoding=\"async\" src=\"http:\/\/hospitaldemolina.es\/sites\/default\/files\/19-05-29%20-%20HM%20-%2019AHM%20-%20%23EspectaculoSaludable%20-%20Foto3.jpg\" style=\"height:140px; width: auto;\"><img decoding=\"async\" src=\"http:\/\/hospitaldemolina.es\/sites\/default\/files\/19-05-29%20-%20HM%20-%2019AHM%20-%20%23EspectaculoSaludable%20-%20Foto4.jpg\" style=\"height:140px; width: auto;\"> <a class=\"colorbox colorbox-insert-image\" href=\"http:\/\/hospitaldemolina.es\/sites\/default\/files\/19-05-29%20-%20HM%20-%2019AHM%20-%20%23EspectaculoSaludable%20-%20Foto3.jpg\"> <\/a><\/p>\n<p>Una mesa redonda, en la que han intervenido:<br \/>\nPablo Barcina P\u00e9rez, (Nutricionista del Hospital de Molina).<br \/>\nM\u00aa Eugenia Lozano S\u00e1nchez (Directora de contenidos de Popular TV regi\u00f3n de Murcia).<br \/>\nPachi Larrosa Sancho (Periodista gastron\u00f3mico de La Verdad y Acad\u00e9mico de n\u00famero de la Academia de Gastronom\u00eda de la Regi\u00f3n de Murcia).<br \/>\nMiguel Masssotti Manzanares (Director del programa \u201cMURyC\u00eda\u201d de Onda Regional).<\/p>\n<p class=\"rteindent1\">Entre las conclusiones de la mesa han hecho referencia a que \u201cla poblaci\u00f3n necesita herramientas para tener un criterio que nos ayude a comprender la informaci\u00f3n que nos ofrecen los medios de comunicaci\u00f3n sobre nutrici\u00f3n y alimentaci\u00f3n\u201d.  Tambi\u00e9n, han incidido en que \u201cla inmediatez en la manera de comunicar refiri\u00e9ndonos sobre todo a las redes sociales, dificulta  en much\u00edsimas ocasiones el contraste de la informaci\u00f3n\u201d. Y en resumen, \u201ctodos han reconocido que tienen que colaborar entre los profesionales de la comunicaci\u00f3n y el mundo acad\u00e9mico, ya que es una responsabilidad compartida\u201d.<\/p>\n<p>#Espect\u00e1culoSaludable: ante casi 200 alumnos de primaria, la nutricionista del Hospital de Molina, Rebeca Pastor Valero \u2013 My Personal Food, ha demostrado c\u00f3mo utilizando recursos distintos para comunicar salud, se consigue trasladar el mensaje a m\u00e1s personas, el destinatario (menores, adultos y familias) comprende mejor el mensaje y lo interioriza m\u00e1s f\u00e1cilmente, aumenta la motivaci\u00f3n para la adquisici\u00f3n de h\u00e1bitos de alimentaci\u00f3n saludable, etc. De hecho, Pastor Valero ha se\u00f1alado que, aunque es pronto para ofrecer resultados, existen evidencias reales de que las familias ponen en pr\u00e1ctica las recomendaciones ofrecidas en anteriores #Espect\u00e1culosSaluldables.<\/p>\n<p>La segunda edici\u00f3n del <strong>#ForoComSalud<\/strong> sea celebra en el marco del <a href=\"https:\/\/docs.google.com\/viewer?url=http:\/\/hospitaldemolina.es\/19aniversario.pdf\">19 aniversario del Hospital de Molina<\/a>, como parte del programa de actividades divulgativas de salud, organizado por el centro hospitalario: <a href=\"http:\/\/www.hospitaldemolina.com\/\">www.hospitaldemolina.com<\/a><\/p>\n<p>El #<strong>ForoComSalud<\/strong> se enmarca dentro del convenio de colaboraci\u00f3n establecido entre el Hospital de Molina y la Fundaci\u00f3n Asociaci\u00f3n de la Prensa y el Colegio Oficial de Periodistas de la Regi\u00f3n de Murcia, con el objetivo de recabar la opini\u00f3n de expertos y ofrecer a la sociedad una informaci\u00f3n fiable y contrastada sobre los numerosos temas relacionados con el bienestar f\u00edsico, psicol\u00f3gico y social al que todos aspiramos. El pasado mes de noviembre celebr\u00f3 su primera edici\u00f3n con el debate abierto a la ciudadan\u00eda \u201c\u00bfPonemos nuestra salud en manos de internet?\u201d.<\/p>\n<p>La segunda edici\u00f3n del <strong>#ForoComSalud<\/strong> sea celebra en el marco del <a href=\"https:\/\/docs.google.com\/viewer?url=http:\/\/hospitaldemolina.es\/19aniversario.pdf\">19 aniversario del Hospital de Molina<\/a>, como parte del programa de actividades divulgativas de salud, organizado por el centro hospitalario: <a href=\"http:\/\/www.hospitaldemolina.com\/\">www.hospitaldemolina.com<\/a><\/p>\n<p>El #<strong>ForoComSalud<\/strong> se enmarca dentro del convenio de colaboraci\u00f3n establecido entre el Hospital de Molina y la Fundaci\u00f3n Asociaci\u00f3n de la Prensa y el Colegio Oficial de Periodistas de la Regi\u00f3n de Murcia, con el objetivo de recabar la opini\u00f3n de expertos y ofrecer a la sociedad una informaci\u00f3n fiable y contrastada sobre los numerosos temas relacionados con el bienestar f\u00edsico, psicol\u00f3gico y social al que todos aspiramos. El pasado mes de noviembre celebr\u00f3 su primera edici\u00f3n con el debate abierto a la ciudadan\u00eda \u201c\u00bfPonemos nuestra salud en manos de internet?\u201d.<\/p>\n<p>Enlaces Relacionados:<\/p>\n","protected":false},"excerpt":{"rendered":"<p>29 mayo 2019.- Bajo el t\u00edtulo Nutrici\u00f3n y medios de comunicaci\u00f3n: \u00bfinformaci\u00f3n o desinformaci\u00f3n? se ha desarrollado esta ma\u00f1ana el 2\u00ba #ForoComSalud (Comunicaci\u00f3n y Salud), organizado por el Hospital de Molina y el Colegio Oficial de Periodistas de la Regi\u00f3n de Murcia, y que ha constado de dos partes: Una mesa redonda, en la que &#8230; <a title=\"#ForoComSalud Nutrici\u00f3n y medios de comunicaci\u00f3n: \u00bfinformaci\u00f3n o desinformaci\u00f3n?\" class=\"read-more\" href=\"https:\/\/riberasalud.com\/hospital-de-molina\/forocomsalud-nutricion-y-medios-de-comunicacion-informacion-o-desinformacion\/\" aria-label=\"Leer m\u00e1s sobre #ForoComSalud Nutrici\u00f3n y medios de comunicaci\u00f3n: \u00bfinformaci\u00f3n o desinformaci\u00f3n?\">Leer m\u00e1s<\/a><\/p>\n","protected":false},"author":3,"featured_media":0,"comment_status":"closed","ping_status":"open","sticky":false,"template":"","format":"standard","meta":{"_uag_custom_page_level_css":"","_mi_skip_tracking":false,"footnotes":""},"categories":[7],"tags":[],"class_list":["post-1871","post","type-post","status-publish","format-standard","hentry","category-hemeroteca"],"yoast_head":"<!-- This site is optimized with the Yoast SEO plugin v26.6 - https:\/\/yoast.com\/wordpress\/plugins\/seo\/ -->\n<title>#ForoComSalud Nutrici\u00f3n y medios de comunicaci\u00f3n: \u00bfinformaci\u00f3n o desinformaci\u00f3n? - Hospital de Molina<\/title>\n<meta name=\"robots\" content=\"index, follow, max-snippet:-1, max-image-preview:large, max-video-preview:-1\" \/>\n<link rel=\"canonical\" href=\"https:\/\/riberasalud.com\/hospital-de-molina\/forocomsalud-nutricion-y-medios-de-comunicacion-informacion-o-desinformacion\/\" \/>\n<meta property=\"og:locale\" content=\"es_ES\" \/>\n<meta property=\"og:type\" content=\"article\" \/>\n<meta property=\"og:title\" content=\"#ForoComSalud Nutrici\u00f3n y medios de comunicaci\u00f3n: \u00bfinformaci\u00f3n o desinformaci\u00f3n? - Hospital de Molina\" \/>\n<meta property=\"og:description\" content=\"29 mayo 2019.- Bajo el t\u00edtulo Nutrici\u00f3n y medios de comunicaci\u00f3n: \u00bfinformaci\u00f3n o desinformaci\u00f3n? se ha desarrollado esta ma\u00f1ana el 2\u00ba #ForoComSalud (Comunicaci\u00f3n y Salud), organizado por el Hospital de Molina y el Colegio Oficial de Periodistas de la Regi\u00f3n de Murcia, y que ha constado de dos partes: Una mesa redonda, en la que ... Leer m\u00e1s\" \/>\n<meta property=\"og:url\" content=\"https:\/\/riberasalud.com\/hospital-de-molina\/forocomsalud-nutricion-y-medios-de-comunicacion-informacion-o-desinformacion\/\" \/>\n<meta property=\"og:site_name\" content=\"Hospital de Molina\" \/>\n<meta property=\"article:published_time\" content=\"2019-05-30T09:06:07+00:00\" \/>\n<meta property=\"article:modified_time\" content=\"2023-10-25T06:35:47+00:00\" \/>\n<meta property=\"og:image\" content=\"http:\/\/hospitaldemolina.es\/sites\/default\/files\/19-05-29%20-%20HM%20-%202%C2%BA%20%23ForoComSalud%20-%20Foto3.jpg\" \/>\n<meta name=\"author\" content=\"hmolina\" \/>\n<meta name=\"twitter:card\" content=\"summary_large_image\" \/>\n<meta name=\"twitter:label1\" content=\"Escrito por\" \/>\n\t<meta name=\"twitter:data1\" content=\"hmolina\" \/>\n\t<meta name=\"twitter:label2\" content=\"Tiempo de lectura\" \/>\n\t<meta name=\"twitter:data2\" content=\"3 minutos\" \/>\n<script type=\"application\/ld+json\" class=\"yoast-schema-graph\">{\"@context\":\"https:\/\/schema.org\",\"@graph\":[{\"@type\":\"Article\",\"@id\":\"https:\/\/riberasalud.com\/hospital-de-molina\/forocomsalud-nutricion-y-medios-de-comunicacion-informacion-o-desinformacion\/#article\",\"isPartOf\":{\"@id\":\"https:\/\/riberasalud.com\/hospital-de-molina\/forocomsalud-nutricion-y-medios-de-comunicacion-informacion-o-desinformacion\/\"},\"author\":{\"name\":\"hmolina\",\"@id\":\"https:\/\/riberasalud.com\/hospital-de-molina\/#\/schema\/person\/37d58effcbf02f32328940089f254419\"},\"headline\":\"#ForoComSalud Nutrici\u00f3n y medios de comunicaci\u00f3n: \u00bfinformaci\u00f3n o desinformaci\u00f3n?\",\"datePublished\":\"2019-05-30T09:06:07+00:00\",\"dateModified\":\"2023-10-25T06:35:47+00:00\",\"mainEntityOfPage\":{\"@id\":\"https:\/\/riberasalud.com\/hospital-de-molina\/forocomsalud-nutricion-y-medios-de-comunicacion-informacion-o-desinformacion\/\"},\"wordCount\":615,\"publisher\":{\"@id\":\"https:\/\/riberasalud.com\/hospital-de-molina\/#organization\"},\"image\":{\"@id\":\"https:\/\/riberasalud.com\/hospital-de-molina\/forocomsalud-nutricion-y-medios-de-comunicacion-informacion-o-desinformacion\/#primaryimage\"},\"thumbnailUrl\":\"http:\/\/hospitaldemolina.es\/sites\/default\/files\/19-05-29%20-%20HM%20-%202%C2%BA%20%23ForoComSalud%20-%20Foto3.jpg\",\"articleSection\":[\"Hemeroteca\"],\"inLanguage\":\"es\"},{\"@type\":\"WebPage\",\"@id\":\"https:\/\/riberasalud.com\/hospital-de-molina\/forocomsalud-nutricion-y-medios-de-comunicacion-informacion-o-desinformacion\/\",\"url\":\"https:\/\/riberasalud.com\/hospital-de-molina\/forocomsalud-nutricion-y-medios-de-comunicacion-informacion-o-desinformacion\/\",\"name\":\"#ForoComSalud Nutrici\u00f3n y medios de comunicaci\u00f3n: \u00bfinformaci\u00f3n o desinformaci\u00f3n? - Hospital de Molina\",\"isPartOf\":{\"@id\":\"https:\/\/riberasalud.com\/hospital-de-molina\/#website\"},\"primaryImageOfPage\":{\"@id\":\"https:\/\/riberasalud.com\/hospital-de-molina\/forocomsalud-nutricion-y-medios-de-comunicacion-informacion-o-desinformacion\/#primaryimage\"},\"image\":{\"@id\":\"https:\/\/riberasalud.com\/hospital-de-molina\/forocomsalud-nutricion-y-medios-de-comunicacion-informacion-o-desinformacion\/#primaryimage\"},\"thumbnailUrl\":\"http:\/\/hospitaldemolina.es\/sites\/default\/files\/19-05-29%20-%20HM%20-%202%C2%BA%20%23ForoComSalud%20-%20Foto3.jpg\",\"datePublished\":\"2019-05-30T09:06:07+00:00\",\"dateModified\":\"2023-10-25T06:35:47+00:00\",\"breadcrumb\":{\"@id\":\"https:\/\/riberasalud.com\/hospital-de-molina\/forocomsalud-nutricion-y-medios-de-comunicacion-informacion-o-desinformacion\/#breadcrumb\"},\"inLanguage\":\"es\",\"potentialAction\":[{\"@type\":\"ReadAction\",\"target\":[\"https:\/\/riberasalud.com\/hospital-de-molina\/forocomsalud-nutricion-y-medios-de-comunicacion-informacion-o-desinformacion\/\"]}]},{\"@type\":\"ImageObject\",\"inLanguage\":\"es\",\"@id\":\"https:\/\/riberasalud.com\/hospital-de-molina\/forocomsalud-nutricion-y-medios-de-comunicacion-informacion-o-desinformacion\/#primaryimage\",\"url\":\"http:\/\/hospitaldemolina.es\/sites\/default\/files\/19-05-29%20-%20HM%20-%202%C2%BA%20%23ForoComSalud%20-%20Foto3.jpg\",\"contentUrl\":\"http:\/\/hospitaldemolina.es\/sites\/default\/files\/19-05-29%20-%20HM%20-%202%C2%BA%20%23ForoComSalud%20-%20Foto3.jpg\"},{\"@type\":\"BreadcrumbList\",\"@id\":\"https:\/\/riberasalud.com\/hospital-de-molina\/forocomsalud-nutricion-y-medios-de-comunicacion-informacion-o-desinformacion\/#breadcrumb\",\"itemListElement\":[{\"@type\":\"ListItem\",\"position\":1,\"name\":\"Portada\",\"item\":\"https:\/\/riberasalud.com\/hospital-de-molina\/\"},{\"@type\":\"ListItem\",\"position\":2,\"name\":\"#ForoComSalud Nutrici\u00f3n y medios de comunicaci\u00f3n: \u00bfinformaci\u00f3n o desinformaci\u00f3n?\"}]},{\"@type\":\"WebSite\",\"@id\":\"https:\/\/riberasalud.com\/hospital-de-molina\/#website\",\"url\":\"https:\/\/riberasalud.com\/hospital-de-molina\/\",\"name\":\"Hospital de Molina\",\"description\":\"\",\"publisher\":{\"@id\":\"https:\/\/riberasalud.com\/hospital-de-molina\/#organization\"},\"potentialAction\":[{\"@type\":\"SearchAction\",\"target\":{\"@type\":\"EntryPoint\",\"urlTemplate\":\"https:\/\/riberasalud.com\/hospital-de-molina\/?s={search_term_string}\"},\"query-input\":{\"@type\":\"PropertyValueSpecification\",\"valueRequired\":true,\"valueName\":\"search_term_string\"}}],\"inLanguage\":\"es\"},{\"@type\":\"Organization\",\"@id\":\"https:\/\/riberasalud.com\/hospital-de-molina\/#organization\",\"name\":\"Hospital de Molina\",\"url\":\"https:\/\/riberasalud.com\/hospital-de-molina\/\",\"logo\":{\"@type\":\"ImageObject\",\"inLanguage\":\"es\",\"@id\":\"https:\/\/riberasalud.com\/hospital-de-molina\/#\/schema\/logo\/image\/\",\"url\":\"https:\/\/riberasalud.com\/hospital-de-molina\/wp-content\/uploads\/2023\/01\/cropped-Logo-Red-DeMolina-bigtz7.png\",\"contentUrl\":\"https:\/\/riberasalud.com\/hospital-de-molina\/wp-content\/uploads\/2023\/01\/cropped-Logo-Red-DeMolina-bigtz7.png\",\"width\":300,\"height\":72,\"caption\":\"Hospital de Molina\"},\"image\":{\"@id\":\"https:\/\/riberasalud.com\/hospital-de-molina\/#\/schema\/logo\/image\/\"}},{\"@type\":\"Person\",\"@id\":\"https:\/\/riberasalud.com\/hospital-de-molina\/#\/schema\/person\/37d58effcbf02f32328940089f254419\",\"name\":\"hmolina\",\"image\":{\"@type\":\"ImageObject\",\"inLanguage\":\"es\",\"@id\":\"https:\/\/riberasalud.com\/hospital-de-molina\/#\/schema\/person\/image\/\",\"url\":\"https:\/\/secure.gravatar.com\/avatar\/9db1181c394bec9505d449c90a21b5363cc35ad9a76f60f11a304b23bb0e8dd4?s=96&d=mm&r=g\",\"contentUrl\":\"https:\/\/secure.gravatar.com\/avatar\/9db1181c394bec9505d449c90a21b5363cc35ad9a76f60f11a304b23bb0e8dd4?s=96&d=mm&r=g\",\"caption\":\"hmolina\"},\"url\":\"https:\/\/riberasalud.com\/hospital-de-molina\/author\/hmolina\/\"}]}<\/script>\n<!-- \/ Yoast SEO plugin. -->","yoast_head_json":{"title":"#ForoComSalud Nutrici\u00f3n y medios de comunicaci\u00f3n: \u00bfinformaci\u00f3n o desinformaci\u00f3n? - Hospital de Molina","robots":{"index":"index","follow":"follow","max-snippet":"max-snippet:-1","max-image-preview":"max-image-preview:large","max-video-preview":"max-video-preview:-1"},"canonical":"https:\/\/riberasalud.com\/hospital-de-molina\/forocomsalud-nutricion-y-medios-de-comunicacion-informacion-o-desinformacion\/","og_locale":"es_ES","og_type":"article","og_title":"#ForoComSalud Nutrici\u00f3n y medios de comunicaci\u00f3n: \u00bfinformaci\u00f3n o desinformaci\u00f3n? - Hospital de Molina","og_description":"29 mayo 2019.- Bajo el t\u00edtulo Nutrici\u00f3n y medios de comunicaci\u00f3n: \u00bfinformaci\u00f3n o desinformaci\u00f3n? se ha desarrollado esta ma\u00f1ana el 2\u00ba #ForoComSalud (Comunicaci\u00f3n y Salud), organizado por el Hospital de Molina y el Colegio Oficial de Periodistas de la Regi\u00f3n de Murcia, y que ha constado de dos partes: Una mesa redonda, en la que ... Leer m\u00e1s","og_url":"https:\/\/riberasalud.com\/hospital-de-molina\/forocomsalud-nutricion-y-medios-de-comunicacion-informacion-o-desinformacion\/","og_site_name":"Hospital de Molina","article_published_time":"2019-05-30T09:06:07+00:00","article_modified_time":"2023-10-25T06:35:47+00:00","og_image":[{"url":"http:\/\/hospitaldemolina.es\/sites\/default\/files\/19-05-29%20-%20HM%20-%202%C2%BA%20%23ForoComSalud%20-%20Foto3.jpg","type":"","width":"","height":""}],"author":"hmolina","twitter_card":"summary_large_image","twitter_misc":{"Escrito por":"hmolina","Tiempo de lectura":"3 minutos"},"schema":{"@context":"https:\/\/schema.org","@graph":[{"@type":"Article","@id":"https:\/\/riberasalud.com\/hospital-de-molina\/forocomsalud-nutricion-y-medios-de-comunicacion-informacion-o-desinformacion\/#article","isPartOf":{"@id":"https:\/\/riberasalud.com\/hospital-de-molina\/forocomsalud-nutricion-y-medios-de-comunicacion-informacion-o-desinformacion\/"},"author":{"name":"hmolina","@id":"https:\/\/riberasalud.com\/hospital-de-molina\/#\/schema\/person\/37d58effcbf02f32328940089f254419"},"headline":"#ForoComSalud Nutrici\u00f3n y medios de comunicaci\u00f3n: \u00bfinformaci\u00f3n o desinformaci\u00f3n?","datePublished":"2019-05-30T09:06:07+00:00","dateModified":"2023-10-25T06:35:47+00:00","mainEntityOfPage":{"@id":"https:\/\/riberasalud.com\/hospital-de-molina\/forocomsalud-nutricion-y-medios-de-comunicacion-informacion-o-desinformacion\/"},"wordCount":615,"publisher":{"@id":"https:\/\/riberasalud.com\/hospital-de-molina\/#organization"},"image":{"@id":"https:\/\/riberasalud.com\/hospital-de-molina\/forocomsalud-nutricion-y-medios-de-comunicacion-informacion-o-desinformacion\/#primaryimage"},"thumbnailUrl":"http:\/\/hospitaldemolina.es\/sites\/default\/files\/19-05-29%20-%20HM%20-%202%C2%BA%20%23ForoComSalud%20-%20Foto3.jpg","articleSection":["Hemeroteca"],"inLanguage":"es"},{"@type":"WebPage","@id":"https:\/\/riberasalud.com\/hospital-de-molina\/forocomsalud-nutricion-y-medios-de-comunicacion-informacion-o-desinformacion\/","url":"https:\/\/riberasalud.com\/hospital-de-molina\/forocomsalud-nutricion-y-medios-de-comunicacion-informacion-o-desinformacion\/","name":"#ForoComSalud Nutrici\u00f3n y medios de comunicaci\u00f3n: \u00bfinformaci\u00f3n o desinformaci\u00f3n? - Hospital de Molina","isPartOf":{"@id":"https:\/\/riberasalud.com\/hospital-de-molina\/#website"},"primaryImageOfPage":{"@id":"https:\/\/riberasalud.com\/hospital-de-molina\/forocomsalud-nutricion-y-medios-de-comunicacion-informacion-o-desinformacion\/#primaryimage"},"image":{"@id":"https:\/\/riberasalud.com\/hospital-de-molina\/forocomsalud-nutricion-y-medios-de-comunicacion-informacion-o-desinformacion\/#primaryimage"},"thumbnailUrl":"http:\/\/hospitaldemolina.es\/sites\/default\/files\/19-05-29%20-%20HM%20-%202%C2%BA%20%23ForoComSalud%20-%20Foto3.jpg","datePublished":"2019-05-30T09:06:07+00:00","dateModified":"2023-10-25T06:35:47+00:00","breadcrumb":{"@id":"https:\/\/riberasalud.com\/hospital-de-molina\/forocomsalud-nutricion-y-medios-de-comunicacion-informacion-o-desinformacion\/#breadcrumb"},"inLanguage":"es","potentialAction":[{"@type":"ReadAction","target":["https:\/\/riberasalud.com\/hospital-de-molina\/forocomsalud-nutricion-y-medios-de-comunicacion-informacion-o-desinformacion\/"]}]},{"@type":"ImageObject","inLanguage":"es","@id":"https:\/\/riberasalud.com\/hospital-de-molina\/forocomsalud-nutricion-y-medios-de-comunicacion-informacion-o-desinformacion\/#primaryimage","url":"http:\/\/hospitaldemolina.es\/sites\/default\/files\/19-05-29%20-%20HM%20-%202%C2%BA%20%23ForoComSalud%20-%20Foto3.jpg","contentUrl":"http:\/\/hospitaldemolina.es\/sites\/default\/files\/19-05-29%20-%20HM%20-%202%C2%BA%20%23ForoComSalud%20-%20Foto3.jpg"},{"@type":"BreadcrumbList","@id":"https:\/\/riberasalud.com\/hospital-de-molina\/forocomsalud-nutricion-y-medios-de-comunicacion-informacion-o-desinformacion\/#breadcrumb","itemListElement":[{"@type":"ListItem","position":1,"name":"Portada","item":"https:\/\/riberasalud.com\/hospital-de-molina\/"},{"@type":"ListItem","position":2,"name":"#ForoComSalud Nutrici\u00f3n y medios de comunicaci\u00f3n: \u00bfinformaci\u00f3n o desinformaci\u00f3n?"}]},{"@type":"WebSite","@id":"https:\/\/riberasalud.com\/hospital-de-molina\/#website","url":"https:\/\/riberasalud.com\/hospital-de-molina\/","name":"Hospital de Molina","description":"","publisher":{"@id":"https:\/\/riberasalud.com\/hospital-de-molina\/#organization"},"potentialAction":[{"@type":"SearchAction","target":{"@type":"EntryPoint","urlTemplate":"https:\/\/riberasalud.com\/hospital-de-molina\/?s={search_term_string}"},"query-input":{"@type":"PropertyValueSpecification","valueRequired":true,"valueName":"search_term_string"}}],"inLanguage":"es"},{"@type":"Organization","@id":"https:\/\/riberasalud.com\/hospital-de-molina\/#organization","name":"Hospital de Molina","url":"https:\/\/riberasalud.com\/hospital-de-molina\/","logo":{"@type":"ImageObject","inLanguage":"es","@id":"https:\/\/riberasalud.com\/hospital-de-molina\/#\/schema\/logo\/image\/","url":"https:\/\/riberasalud.com\/hospital-de-molina\/wp-content\/uploads\/2023\/01\/cropped-Logo-Red-DeMolina-bigtz7.png","contentUrl":"https:\/\/riberasalud.com\/hospital-de-molina\/wp-content\/uploads\/2023\/01\/cropped-Logo-Red-DeMolina-bigtz7.png","width":300,"height":72,"caption":"Hospital de Molina"},"image":{"@id":"https:\/\/riberasalud.com\/hospital-de-molina\/#\/schema\/logo\/image\/"}},{"@type":"Person","@id":"https:\/\/riberasalud.com\/hospital-de-molina\/#\/schema\/person\/37d58effcbf02f32328940089f254419","name":"hmolina","image":{"@type":"ImageObject","inLanguage":"es","@id":"https:\/\/riberasalud.com\/hospital-de-molina\/#\/schema\/person\/image\/","url":"https:\/\/secure.gravatar.com\/avatar\/9db1181c394bec9505d449c90a21b5363cc35ad9a76f60f11a304b23bb0e8dd4?s=96&d=mm&r=g","contentUrl":"https:\/\/secure.gravatar.com\/avatar\/9db1181c394bec9505d449c90a21b5363cc35ad9a76f60f11a304b23bb0e8dd4?s=96&d=mm&r=g","caption":"hmolina"},"url":"https:\/\/riberasalud.com\/hospital-de-molina\/author\/hmolina\/"}]}},"uagb_featured_image_src":{"full":false,"thumbnail":false,"medium":false,"medium_large":false,"large":false,"1536x1536":false,"2048x2048":false},"uagb_author_info":{"display_name":"hmolina","author_link":"https:\/\/riberasalud.com\/hospital-de-molina\/author\/hmolina\/"},"uagb_comment_info":0,"uagb_excerpt":"29 mayo 2019.- Bajo el t\u00edtulo Nutrici\u00f3n y medios de comunicaci\u00f3n: \u00bfinformaci\u00f3n o desinformaci\u00f3n? se ha desarrollado esta ma\u00f1ana el 2\u00ba #ForoComSalud (Comunicaci\u00f3n y Salud), organizado por el Hospital de Molina y el Colegio Oficial de Periodistas de la Regi\u00f3n de Murcia, y que ha constado de dos partes: Una mesa redonda, en la que&hellip;","_links":{"self":[{"href":"https:\/\/riberasalud.com\/hospital-de-molina\/wp-json\/wp\/v2\/posts\/1871","targetHints":{"allow":["GET"]}}],"collection":[{"href":"https:\/\/riberasalud.com\/hospital-de-molina\/wp-json\/wp\/v2\/posts"}],"about":[{"href":"https:\/\/riberasalud.com\/hospital-de-molina\/wp-json\/wp\/v2\/types\/post"}],"author":[{"embeddable":true,"href":"https:\/\/riberasalud.com\/hospital-de-molina\/wp-json\/wp\/v2\/users\/3"}],"replies":[{"embeddable":true,"href":"https:\/\/riberasalud.com\/hospital-de-molina\/wp-json\/wp\/v2\/comments?post=1871"}],"version-history":[{"count":1,"href":"https:\/\/riberasalud.com\/hospital-de-molina\/wp-json\/wp\/v2\/posts\/1871\/revisions"}],"predecessor-version":[{"id":8188,"href":"https:\/\/riberasalud.com\/hospital-de-molina\/wp-json\/wp\/v2\/posts\/1871\/revisions\/8188"}],"wp:attachment":[{"href":"https:\/\/riberasalud.com\/hospital-de-molina\/wp-json\/wp\/v2\/media?parent=1871"}],"wp:term":[{"taxonomy":"category","embeddable":true,"href":"https:\/\/riberasalud.com\/hospital-de-molina\/wp-json\/wp\/v2\/categories?post=1871"},{"taxonomy":"post_tag","embeddable":true,"href":"https:\/\/riberasalud.com\/hospital-de-molina\/wp-json\/wp\/v2\/tags?post=1871"}],"curies":[{"name":"wp","href":"https:\/\/api.w.org\/{rel}","templated":true}]}}